{"id":5502,"date":"2009-06-29T14:58:03","date_gmt":"2009-06-29T13:58:03","guid":{"rendered":"http:\/\/www.bellunopress.it\/?p=5502"},"modified":"2009-06-29T14:58:03","modified_gmt":"2009-06-29T13:58:03","slug":"il-top-team-belluno-mantiene-la-rotta","status":"publish","type":"post","link":"https:\/\/www.bellunopress.it\/fr\/2009\/06\/29\/il-top-team-belluno-mantiene-la-rotta\/","title":{"rendered":"Il Top Team Belluno mantiene la rotta"},"content":{"rendered":"<figure id=\"attachment_5503\" aria-describedby=\"caption-attachment-5503\" style=\"width: 270px\" class=\"wp-caption alignleft\"><a href=\"http:\/\/www.bellunopress.it\/wp-content\/uploads\/2009\/06\/top-team-belluno-agenzia-obiettivo.jpg\"><img loading=\"lazy\" decoding=\"async\" class=\"size-medium wp-image-5503\" title=\"top-team-belluno-agenzia-obiettivo\" src=\"http:\/\/www.bellunopress.it\/wp-content\/uploads\/2009\/06\/top-team-belluno-agenzia-obiettivo.jpg\" alt=\"Top Team Belluno (foto Ag.Obiettivo)\" width=\"270\" height=\"179\" \/><\/a><figcaption id=\"caption-attachment-5503\" class=\"wp-caption-text\">Top Team Belluno (foto Ag.Obiettivo)<\/figcaption><\/figure>\n<p>Il Top Team Belluno mentiene la rotta, come squadra del movimento pallavolistico bellunese. &#8220;La crisi economica investe lo sport? S\u00ec, \u00e8 vero. E noi facciamo di necessit\u00e0 virt\u00f9, concentrando le risorse sulle attivit\u00e0 indispensabili per il nostro progetto&#8221;, dichiara Giovanni Lucchetta, creatore del progetto Top Team e presidente della Spes, la societ\u00e0 &#8220;madre&#8221; del sestetto gialloblu di B2. &#8220;Dopo attente valutazioni abbiamo deciso di mantenere intatti sia gli obiettivi, ovvero portare Belluno in Serie A, che la strategia, cio\u00e9 di puntare su atlete giovani, motivate e disposte ad allenarsi tutti i giorni &#8211; spiega Lucchetta &#8211; ma di variare il metodo, abbattendo i costi almeno per una stagione&#8221;. Tra i tagli previsti ci sono la scuola privata e gli appartamenti, quindi le ragazze torneranno a vivere in famiglia. Le atlete continueranno ad allenarsi per due o tre volte alla settimana nella palestra del Centro Sportivo Spes Belluno, dove giocheranno il loro terzo campionato di B2, mentre il resto del lavoro lo faranno a Conegliano, alla Zoppas Arena. In questo modo avranno a disposizione lo staff tecnico, preparatore e fisioterapista della Zoppas Industries Conegliano e potranno allenarsi con le campionesse di A1 maturando un&#8217;importante esperienza dal punto di vista tecnico.<br \/>\n&#8220;Proseguiamo con determinazione per raggiungere gli obiettivi che ci siamo prefissati &#8211; conferma Angelo Caneve, presidente della Spes bellunese &#8211; i ridimensionamenti dettati dalla difficile situazione economica generale saranno temporanei e speriamo di meritare presto il sostegno di sponsor che ci permettano di riportare il progetto a Belluno al 100%&#8221;.Nessuna rivoluzione nemmeno nella squadra, anche se sar\u00e0 rivista. &#8220;Ci saranno dei cambiamenti &#8211; anticipa Lucchetta &#8211; dettati dalla necessit\u00e0 per alcune giovani di fare esperienza in altre categorie e dal fatto che comunque una rosa di 14 giocatrici \u00e8 troppo ampia per una B2: qualcuna non giocherebbe mai. Una volta definite le conferme, ci sar\u00e0 l&#8217;inserimento nel progetto di una nuova giocatrice&#8221;.<\/p>","protected":false},"excerpt":{"rendered":"<p>Il Top Team Belluno mentiene la rotta, come squadra del movimento pallavolistico bellunese. &#8220;La crisi economica investe lo sport? S\u00ec, \u00e8 vero. E noi facciamo di necessit\u00e0 virt\u00f9, concentrando le risorse sulle attivit\u00e0 indispensabili per il nostro progetto&#8221;, dichiara Giovanni Lucchetta, creatore del progetto Top Team e presidente della Spes, la societ\u00e0 &#8220;madre&#8221; del sestetto [&hellip;]<\/p>\n","protected":false},"author":2,"featured_media":0,"comment_status":"closed","ping_status":"open","sticky":false,"template":"","format":"standard","meta":{"footnotes":""},"categories":[4],"tags":[139],"class_list":["post-5502","post","type-post","status-publish","format-standard","category-sport","tag-belluno"],"yoast_head":"<!-- This site is optimized with the Yoast SEO plugin v28.4 - https:\/\/yoast.com\/product\/yoast-seo-wordpress\/ -->\n<title>Il Top Team Belluno mantiene la rotta - Bellunopress - Dolomiti<\/title>\n<meta name=\"robots\" content=\"index, follow, max-snippet:-1, max-image-preview:large, max-video-preview:-1\" \/>\n<link rel=\"canonical\" href=\"https:\/\/www.bellunopress.it\/fr\/2009\/06\/29\/il-top-team-belluno-mantiene-la-rotta\/\" \/>\n<meta property=\"og:locale\" content=\"fr_FR\" \/>\n<meta property=\"og:type\" content=\"article\" \/>\n<meta property=\"og:title\" content=\"Il Top Team Belluno mantiene la rotta - Bellunopress - Dolomiti\" \/>\n<meta property=\"og:description\" content=\"Il Top Team Belluno mentiene la rotta, come squadra del movimento pallavolistico bellunese. &#8220;La crisi economica investe lo sport? S\u00ec, \u00e8 vero. E noi facciamo di necessit\u00e0 virt\u00f9, concentrando le risorse sulle attivit\u00e0 indispensabili per il nostro progetto&#8221;, dichiara Giovanni Lucchetta, creatore del progetto Top Team e presidente della Spes, la societ\u00e0 &#8220;madre&#8221; del sestetto [&hellip;]\" \/>\n<meta property=\"og:url\" content=\"https:\/\/www.bellunopress.it\/fr\/2009\/06\/29\/il-top-team-belluno-mantiene-la-rotta\/\" \/>\n<meta property=\"og:site_name\" content=\"Bellunopress - Dolomiti\" \/>\n<meta property=\"article:publisher\" content=\"https:\/\/www.facebook.com\/profile.php?id=100008943462799\" \/>\n<meta property=\"article:published_time\" content=\"2009-06-29T13:58:03+00:00\" \/>\n<meta property=\"og:image\" content=\"http:\/\/www.bellunopress.it\/wp-content\/uploads\/2009\/06\/top-team-belluno-agenzia-obiettivo.jpg\" \/>\n<meta name=\"author\" content=\"redazione\" \/>\n<meta name=\"twitter:card\" content=\"summary_large_image\" \/>\n<meta name=\"twitter:creator\" content=\"@bellunopress\" \/>\n<meta name=\"twitter:site\" content=\"@bellunopress\" \/>\n<meta name=\"twitter:label1\" content=\"Written by\" \/>\n\t<meta name=\"twitter:data1\" content=\"redazione\" \/>\n\t<meta name=\"twitter:label2\" content=\"Est. reading time\" \/>\n\t<meta name=\"twitter:data2\" content=\"2 minutes\" \/>\n<script type=\"application\/ld+json\" class=\"yoast-schema-graph\">{\"@context\":\"https:\\\/\\\/schema.org\",\"@graph\":[{\"@type\":\"Article\",\"@id\":\"https:\\\/\\\/www.bellunopress.it\\\/2009\\\/06\\\/29\\\/il-top-team-belluno-mantiene-la-rotta\\\/#article\",\"isPartOf\":{\"@id\":\"https:\\\/\\\/www.bellunopress.it\\\/2009\\\/06\\\/29\\\/il-top-team-belluno-mantiene-la-rotta\\\/\"},\"author\":{\"name\":\"redazione\",\"@id\":\"https:\\\/\\\/www.bellunopress.it\\\/#\\\/schema\\\/person\\\/79bb06722b37ece1c03d3e94beb30d73\"},\"headline\":\"Il Top Team Belluno mantiene la rotta\",\"datePublished\":\"2009-06-29T13:58:03+00:00\",\"mainEntityOfPage\":{\"@id\":\"https:\\\/\\\/www.bellunopress.it\\\/2009\\\/06\\\/29\\\/il-top-team-belluno-mantiene-la-rotta\\\/\"},\"wordCount\":331,\"publisher\":{\"@id\":\"https:\\\/\\\/www.bellunopress.it\\\/#organization\"},\"image\":{\"@id\":\"https:\\\/\\\/www.bellunopress.it\\\/2009\\\/06\\\/29\\\/il-top-team-belluno-mantiene-la-rotta\\\/#primaryimage\"},\"thumbnailUrl\":\"http:\\\/\\\/www.bellunopress.it\\\/wp-content\\\/uploads\\\/2009\\\/06\\\/top-team-belluno-agenzia-obiettivo.jpg\",\"keywords\":[\"Belluno\"],\"articleSection\":[\"Sport, tempo libero\"],\"inLanguage\":\"fr-FR\"},{\"@type\":\"WebPage\",\"@id\":\"https:\\\/\\\/www.bellunopress.it\\\/2009\\\/06\\\/29\\\/il-top-team-belluno-mantiene-la-rotta\\\/\",\"url\":\"https:\\\/\\\/www.bellunopress.it\\\/2009\\\/06\\\/29\\\/il-top-team-belluno-mantiene-la-rotta\\\/\",\"name\":\"Il Top Team Belluno mantiene la rotta - Bellunopress - Dolomiti\",\"isPartOf\":{\"@id\":\"https:\\\/\\\/www.bellunopress.it\\\/#website\"},\"primaryImageOfPage\":{\"@id\":\"https:\\\/\\\/www.bellunopress.it\\\/2009\\\/06\\\/29\\\/il-top-team-belluno-mantiene-la-rotta\\\/#primaryimage\"},\"image\":{\"@id\":\"https:\\\/\\\/www.bellunopress.it\\\/2009\\\/06\\\/29\\\/il-top-team-belluno-mantiene-la-rotta\\\/#primaryimage\"},\"thumbnailUrl\":\"http:\\\/\\\/www.bellunopress.it\\\/wp-content\\\/uploads\\\/2009\\\/06\\\/top-team-belluno-agenzia-obiettivo.jpg\",\"datePublished\":\"2009-06-29T13:58:03+00:00\",\"breadcrumb\":{\"@id\":\"https:\\\/\\\/www.bellunopress.it\\\/2009\\\/06\\\/29\\\/il-top-team-belluno-mantiene-la-rotta\\\/#breadcrumb\"},\"inLanguage\":\"fr-FR\",\"potentialAction\":[{\"@type\":\"ReadAction\",\"target\":[\"https:\\\/\\\/www.bellunopress.it\\\/2009\\\/06\\\/29\\\/il-top-team-belluno-mantiene-la-rotta\\\/\"]}]},{\"@type\":\"ImageObject\",\"inLanguage\":\"fr-FR\",\"@id\":\"https:\\\/\\\/www.bellunopress.it\\\/2009\\\/06\\\/29\\\/il-top-team-belluno-mantiene-la-rotta\\\/#primaryimage\",\"url\":\"http:\\\/\\\/www.bellunopress.it\\\/wp-content\\\/uploads\\\/2009\\\/06\\\/top-team-belluno-agenzia-obiettivo.jpg\",\"contentUrl\":\"http:\\\/\\\/www.bellunopress.it\\\/wp-content\\\/uploads\\\/2009\\\/06\\\/top-team-belluno-agenzia-obiettivo.jpg\"},{\"@type\":\"BreadcrumbList\",\"@id\":\"https:\\\/\\\/www.bellunopress.it\\\/2009\\\/06\\\/29\\\/il-top-team-belluno-mantiene-la-rotta\\\/#breadcrumb\",\"itemListElement\":[{\"@type\":\"ListItem\",\"position\":1,\"name\":\"Home\",\"item\":\"https:\\\/\\\/www.bellunopress.it\\\/\"},{\"@type\":\"ListItem\",\"position\":2,\"name\":\"Il Top Team Belluno mantiene la rotta\"}]},{\"@type\":\"WebSite\",\"@id\":\"https:\\\/\\\/www.bellunopress.it\\\/#website\",\"url\":\"https:\\\/\\\/www.bellunopress.it\\\/\",\"name\":\"Bellunopress - Dolomiti\",\"description\":\"e-mail: redazione@bellunopress.it\",\"publisher\":{\"@id\":\"https:\\\/\\\/www.bellunopress.it\\\/#organization\"},\"potentialAction\":[{\"@type\":\"SearchAction\",\"target\":{\"@type\":\"EntryPoint\",\"urlTemplate\":\"https:\\\/\\\/www.bellunopress.it\\\/?s={search_term_string}\"},\"query-input\":{\"@type\":\"PropertyValueSpecification\",\"valueRequired\":true,\"valueName\":\"search_term_string\"}}],\"inLanguage\":\"fr-FR\"},{\"@type\":\"Organization\",\"@id\":\"https:\\\/\\\/www.bellunopress.it\\\/#organization\",\"name\":\"Bellunopress\",\"url\":\"https:\\\/\\\/www.bellunopress.it\\\/\",\"logo\":{\"@type\":\"ImageObject\",\"inLanguage\":\"fr-FR\",\"@id\":\"https:\\\/\\\/www.bellunopress.it\\\/#\\\/schema\\\/logo\\\/image\\\/\",\"url\":\"https:\\\/\\\/www.bellunopress.it\\\/wp-content\\\/uploads\\\/2011\\\/05\\\/cropped-logo-bellunopress-.jpg\",\"contentUrl\":\"https:\\\/\\\/www.bellunopress.it\\\/wp-content\\\/uploads\\\/2011\\\/05\\\/cropped-logo-bellunopress-.jpg\",\"width\":512,\"height\":512,\"caption\":\"Bellunopress\"},\"image\":{\"@id\":\"https:\\\/\\\/www.bellunopress.it\\\/#\\\/schema\\\/logo\\\/image\\\/\"},\"sameAs\":[\"https:\\\/\\\/www.facebook.com\\\/profile.php?id=100008943462799\",\"https:\\\/\\\/x.com\\\/bellunopress\",\"https:\\\/\\\/www.linkedin.com\\\/hp\\\/?dnr=JBzUWaJfMUw8vbXJJ2tVW5-I3jZKvC4wsoxE&amp;amp;amp;amp;amp;amp;trk=nav_responsive_tab_home\",\"https:\\\/\\\/www.youtube.com\\\/channel\\\/UCxL0wu1uN0_3_7hGG0306cw\"]},{\"@type\":\"Person\",\"@id\":\"https:\\\/\\\/www.bellunopress.it\\\/#\\\/schema\\\/person\\\/79bb06722b37ece1c03d3e94beb30d73\",\"name\":\"redazione\",\"image\":{\"@type\":\"ImageObject\",\"inLanguage\":\"fr-FR\",\"@id\":\"https:\\\/\\\/secure.gravatar.com\\\/avatar\\\/37d968a2e67a6fd04c169c4bdef102d0bc5d31b2546345219e348575eb80e9a0?s=96&d=mm&r=g\",\"url\":\"https:\\\/\\\/secure.gravatar.com\\\/avatar\\\/37d968a2e67a6fd04c169c4bdef102d0bc5d31b2546345219e348575eb80e9a0?s=96&d=mm&r=g\",\"contentUrl\":\"https:\\\/\\\/secure.gravatar.com\\\/avatar\\\/37d968a2e67a6fd04c169c4bdef102d0bc5d31b2546345219e348575eb80e9a0?s=96&d=mm&r=g\",\"caption\":\"redazione\"},\"sameAs\":[\"http:\\\/\\\/www.bellunopress.it\",\"https:\\\/\\\/x.com\\\/bellunopress\"],\"url\":\"https:\\\/\\\/www.bellunopress.it\\\/fr\\\/author\\\/redazione\\\/\"}]}<\/script>\n<!-- \/ Yoast SEO plugin. -->","yoast_head_json":{"title":"Il Top Team Belluno mantiene la rotta - Bellunopress - Dolomiti","robots":{"index":"index","follow":"follow","max-snippet":"max-snippet:-1","max-image-preview":"max-image-preview:large","max-video-preview":"max-video-preview:-1"},"canonical":"https:\/\/www.bellunopress.it\/fr\/2009\/06\/29\/il-top-team-belluno-mantiene-la-rotta\/","og_locale":"fr_FR","og_type":"article","og_title":"Il Top Team Belluno mantiene la rotta - Bellunopress - Dolomiti","og_description":"Il Top Team Belluno mentiene la rotta, come squadra del movimento pallavolistico bellunese. &#8220;La crisi economica investe lo sport? S\u00ec, \u00e8 vero. E noi facciamo di necessit\u00e0 virt\u00f9, concentrando le risorse sulle attivit\u00e0 indispensabili per il nostro progetto&#8221;, dichiara Giovanni Lucchetta, creatore del progetto Top Team e presidente della Spes, la societ\u00e0 &#8220;madre&#8221; del sestetto [&hellip;]","og_url":"https:\/\/www.bellunopress.it\/fr\/2009\/06\/29\/il-top-team-belluno-mantiene-la-rotta\/","og_site_name":"Bellunopress - Dolomiti","article_publisher":"https:\/\/www.facebook.com\/profile.php?id=100008943462799","article_published_time":"2009-06-29T13:58:03+00:00","og_image":[{"url":"http:\/\/www.bellunopress.it\/wp-content\/uploads\/2009\/06\/top-team-belluno-agenzia-obiettivo.jpg","type":"","width":"","height":""}],"author":"redazione","twitter_card":"summary_large_image","twitter_creator":"@bellunopress","twitter_site":"@bellunopress","twitter_misc":{"Written by":"redazione","Est. reading time":"2 minutes"},"schema":{"@context":"https:\/\/schema.org","@graph":[{"@type":"Article","@id":"https:\/\/www.bellunopress.it\/2009\/06\/29\/il-top-team-belluno-mantiene-la-rotta\/#article","isPartOf":{"@id":"https:\/\/www.bellunopress.it\/2009\/06\/29\/il-top-team-belluno-mantiene-la-rotta\/"},"author":{"name":"redazione","@id":"https:\/\/www.bellunopress.it\/#\/schema\/person\/79bb06722b37ece1c03d3e94beb30d73"},"headline":"Il Top Team Belluno mantiene la rotta","datePublished":"2009-06-29T13:58:03+00:00","mainEntityOfPage":{"@id":"https:\/\/www.bellunopress.it\/2009\/06\/29\/il-top-team-belluno-mantiene-la-rotta\/"},"wordCount":331,"publisher":{"@id":"https:\/\/www.bellunopress.it\/#organization"},"image":{"@id":"https:\/\/www.bellunopress.it\/2009\/06\/29\/il-top-team-belluno-mantiene-la-rotta\/#primaryimage"},"thumbnailUrl":"http:\/\/www.bellunopress.it\/wp-content\/uploads\/2009\/06\/top-team-belluno-agenzia-obiettivo.jpg","keywords":["Belluno"],"articleSection":["Sport, tempo libero"],"inLanguage":"fr-FR"},{"@type":"WebPage","@id":"https:\/\/www.bellunopress.it\/2009\/06\/29\/il-top-team-belluno-mantiene-la-rotta\/","url":"https:\/\/www.bellunopress.it\/2009\/06\/29\/il-top-team-belluno-mantiene-la-rotta\/","name":"Il Top Team Belluno mantiene la rotta - Bellunopress - Dolomiti","isPartOf":{"@id":"https:\/\/www.bellunopress.it\/#website"},"primaryImageOfPage":{"@id":"https:\/\/www.bellunopress.it\/2009\/06\/29\/il-top-team-belluno-mantiene-la-rotta\/#primaryimage"},"image":{"@id":"https:\/\/www.bellunopress.it\/2009\/06\/29\/il-top-team-belluno-mantiene-la-rotta\/#primaryimage"},"thumbnailUrl":"http:\/\/www.bellunopress.it\/wp-content\/uploads\/2009\/06\/top-team-belluno-agenzia-obiettivo.jpg","datePublished":"2009-06-29T13:58:03+00:00","breadcrumb":{"@id":"https:\/\/www.bellunopress.it\/2009\/06\/29\/il-top-team-belluno-mantiene-la-rotta\/#breadcrumb"},"inLanguage":"fr-FR","potentialAction":[{"@type":"ReadAction","target":["https:\/\/www.bellunopress.it\/2009\/06\/29\/il-top-team-belluno-mantiene-la-rotta\/"]}]},{"@type":"ImageObject","inLanguage":"fr-FR","@id":"https:\/\/www.bellunopress.it\/2009\/06\/29\/il-top-team-belluno-mantiene-la-rotta\/#primaryimage","url":"http:\/\/www.bellunopress.it\/wp-content\/uploads\/2009\/06\/top-team-belluno-agenzia-obiettivo.jpg","contentUrl":"http:\/\/www.bellunopress.it\/wp-content\/uploads\/2009\/06\/top-team-belluno-agenzia-obiettivo.jpg"},{"@type":"BreadcrumbList","@id":"https:\/\/www.bellunopress.it\/2009\/06\/29\/il-top-team-belluno-mantiene-la-rotta\/#breadcrumb","itemListElement":[{"@type":"ListItem","position":1,"name":"Home","item":"https:\/\/www.bellunopress.it\/"},{"@type":"ListItem","position":2,"name":"Il Top Team Belluno mantiene la rotta"}]},{"@type":"WebSite","@id":"https:\/\/www.bellunopress.it\/#website","url":"https:\/\/www.bellunopress.it\/","name":"Bellunopress - Dolomiti","description":"e-mail: redazione@bellunopress.it","publisher":{"@id":"https:\/\/www.bellunopress.it\/#organization"},"potentialAction":[{"@type":"SearchAction","target":{"@type":"EntryPoint","urlTemplate":"https:\/\/www.bellunopress.it\/?s={search_term_string}"},"query-input":{"@type":"PropertyValueSpecification","valueRequired":true,"valueName":"search_term_string"}}],"inLanguage":"fr-FR"},{"@type":"Organization","@id":"https:\/\/www.bellunopress.it\/#organization","name":"Bellunopress","url":"https:\/\/www.bellunopress.it\/","logo":{"@type":"ImageObject","inLanguage":"fr-FR","@id":"https:\/\/www.bellunopress.it\/#\/schema\/logo\/image\/","url":"https:\/\/www.bellunopress.it\/wp-content\/uploads\/2011\/05\/cropped-logo-bellunopress-.jpg","contentUrl":"https:\/\/www.bellunopress.it\/wp-content\/uploads\/2011\/05\/cropped-logo-bellunopress-.jpg","width":512,"height":512,"caption":"Bellunopress"},"image":{"@id":"https:\/\/www.bellunopress.it\/#\/schema\/logo\/image\/"},"sameAs":["https:\/\/www.facebook.com\/profile.php?id=100008943462799","https:\/\/x.com\/bellunopress","https:\/\/www.linkedin.com\/hp\/?dnr=JBzUWaJfMUw8vbXJJ2tVW5-I3jZKvC4wsoxE&amp;amp;amp;amp;amp;amp;trk=nav_responsive_tab_home","https:\/\/www.youtube.com\/channel\/UCxL0wu1uN0_3_7hGG0306cw"]},{"@type":"Person","@id":"https:\/\/www.bellunopress.it\/#\/schema\/person\/79bb06722b37ece1c03d3e94beb30d73","name":"r\u00e9daction","image":{"@type":"ImageObject","inLanguage":"fr-FR","@id":"https:\/\/secure.gravatar.com\/avatar\/37d968a2e67a6fd04c169c4bdef102d0bc5d31b2546345219e348575eb80e9a0?s=96&d=mm&r=g","url":"https:\/\/secure.gravatar.com\/avatar\/37d968a2e67a6fd04c169c4bdef102d0bc5d31b2546345219e348575eb80e9a0?s=96&d=mm&r=g","contentUrl":"https:\/\/secure.gravatar.com\/avatar\/37d968a2e67a6fd04c169c4bdef102d0bc5d31b2546345219e348575eb80e9a0?s=96&d=mm&r=g","caption":"redazione"},"sameAs":["http:\/\/www.bellunopress.it","https:\/\/x.com\/bellunopress"],"url":"https:\/\/www.bellunopress.it\/fr\/author\/redazione\/"}]}},"_links":{"self":[{"href":"https:\/\/www.bellunopress.it\/fr\/wp-json\/wp\/v2\/posts\/5502","targetHints":{"allow":["GET"]}}],"collection":[{"href":"https:\/\/www.bellunopress.it\/fr\/wp-json\/wp\/v2\/posts"}],"about":[{"href":"https:\/\/www.bellunopress.it\/fr\/wp-json\/wp\/v2\/types\/post"}],"author":[{"embeddable":true,"href":"https:\/\/www.bellunopress.it\/fr\/wp-json\/wp\/v2\/users\/2"}],"replies":[{"embeddable":true,"href":"https:\/\/www.bellunopress.it\/fr\/wp-json\/wp\/v2\/comments?post=5502"}],"version-history":[{"count":1,"href":"https:\/\/www.bellunopress.it\/fr\/wp-json\/wp\/v2\/posts\/5502\/revisions"}],"predecessor-version":[{"id":5504,"href":"https:\/\/www.bellunopress.it\/fr\/wp-json\/wp\/v2\/posts\/5502\/revisions\/5504"}],"wp:attachment":[{"href":"https:\/\/www.bellunopress.it\/fr\/wp-json\/wp\/v2\/media?parent=5502"}],"wp:term":[{"taxonomy":"category","embeddable":true,"href":"https:\/\/www.bellunopress.it\/fr\/wp-json\/wp\/v2\/categories?post=5502"},{"taxonomy":"post_tag","embeddable":true,"href":"https:\/\/www.bellunopress.it\/fr\/wp-json\/wp\/v2\/tags?post=5502"}],"curies":[{"name":"wp","href":"https:\/\/api.w.org\/{rel}","templated":true}]}}