{"id":5491,"date":"2009-06-29T14:18:34","date_gmt":"2009-06-29T13:18:34","guid":{"rendered":"http:\/\/www.bellunopress.it\/?p=5491"},"modified":"2009-06-29T14:18:34","modified_gmt":"2009-06-29T13:18:34","slug":"cordoglio-per-la-morte-di-pieralberto-za","status":"publish","type":"post","link":"https:\/\/www.bellunopress.it\/fr\/2009\/06\/29\/cordoglio-per-la-morte-di-pieralberto-za\/","title":{"rendered":"Cordoglio per la morte di Pieralberto Za"},"content":{"rendered":"<p><a href=\"http:\/\/www.bellunopress.it\/wp-content\/uploads\/2009\/02\/oscar-de-bona-80x80.jpg\"><img loading=\"lazy\" decoding=\"async\" class=\"alignleft size-medium wp-image-536\" title=\"oscar-de-bona-80x80\" src=\"http:\/\/www.bellunopress.it\/wp-content\/uploads\/2009\/02\/oscar-de-bona-80x80.jpg\" alt=\"\" width=\"81\" height=\"81\" \/><\/a>\u00abHo appreso con grande costernazione e profondo dolore la tremenda notizia della morte di Pieralberto Za. Ancora una volta la montagna, anche se nell\u2019altro emisfero terrestre, si \u00e8 portata via un caro amico, un concittadino di valore che si \u00e8 fatto onore nel mondo. A Pieralberto mi legava prima di tutto un sentimento di affetto e di stima, ma anche un rapporto di tipo istituzionale essendo egli un punto di riferimento per la Regione Veneto in Sudafrica sia con la comunit\u00e0 di oriundi veneti e bellunesi l\u00e0 residenti e sia con gli enti legati alle attivit\u00e0 imprenditoriali\u00bb. Lo ricorda cos\u00ec, con commozione, l\u2019assessore Oscar De Bona che spesso sentiva Za al telefono e che lo vedeva quando ritornava a Belluno. Lo aveva incontrato anche a Cape Town quando vi si era recato guidando una delegazione della Regione Veneto in vista ufficiale ai Veneti residenti in Sudafrica alla quale, tra gli altri, aveva partecipato il segretario generale alla Programmazione, Adriano Rasi Caldogno.<br \/>\n\u00abSi era fatto strada in pochi anni, Pieralberto \u2013 ricorda De Bona &#8211; e infatti grazie al progredire delle sue aziende era conosciuto e apprezzato nel suo lavoro al punto di essere nominato membro di direttivo della Camera di commercio italo-sudafricana di Citt\u00e0 del Capo. Era iscritto all\u2019ordine degli architetti di quel paese, oltre che a quello italiano. Tra i suoi incarichi a livello di volontariato c\u2019era quello di rappresentante dei Bellunesi e dei Veneti nel mondo. Si impegnava anche socialmente appoggiando le diverse iniziative umanitarie a favore dei rifugiati ed emarginati messe in atto dalla Scalabrini Development Agency. Il mio pensiero \u00e8 ora rivolto alla moglie e ai\u00a0 bambini. Sar\u00e0 durissima per loro, ma conosco Federica e so che la sua forza d\u2019animo e la sua tenacia l\u2019aiuteranno a superare questo crudele momento. Allo stesso tempo non posso non pensare al dolore della mamma Bianca, del pap\u00e0 Alberto con cui ho visitato le aziende di Pieralberto in Sudafrica e della sorella Anna, architetto in Provincia,\u00a0 con la quale ho collaborato durante i miei mandati a Palazzo Piloni\u00bb. \u00abPieralberto \u2013 conclude l\u2019assessore De Bona &#8211;\u00a0 era un emigrante di nuova generazione. Anche lui, come nella tradizione della nostra emigrazione, ha portato con s\u00e9 il rigore del dovere e la capacit\u00e0 lavorativa, rendendo onore alla sua terra d\u2019origine. Abbraccio con affetto Federica, i suoi bambini e tutti gli altri familiari di Pieralberto\u00bb.<\/p>","protected":false},"excerpt":{"rendered":"<p>\u00abHo appreso con grande costernazione e profondo dolore la tremenda notizia della morte di Pieralberto Za. Ancora una volta la montagna, anche se nell\u2019altro emisfero terrestre, si \u00e8 portata via un caro amico, un concittadino di valore che si \u00e8 fatto onore nel mondo. A Pieralberto mi legava prima di tutto un sentimento di affetto [&hellip;]<\/p>\n","protected":false},"author":2,"featured_media":0,"comment_status":"closed","ping_status":"open","sticky":false,"template":"","format":"standard","meta":{"footnotes":""},"categories":[5,26],"tags":[139],"class_list":["post-5491","post","type-post","status-publish","format-standard","category-cronaca","category-prima-pagina","tag-belluno"],"yoast_head":"<!-- This site is optimized with the Yoast SEO plugin v28.4 - https:\/\/yoast.com\/product\/yoast-seo-wordpress\/ -->\n<title>Cordoglio per la morte di Pieralberto Za - Bellunopress - Dolomiti<\/title>\n<meta name=\"robots\" content=\"index, follow, max-snippet:-1, max-image-preview:large, max-video-preview:-1\" \/>\n<link rel=\"canonical\" href=\"https:\/\/www.bellunopress.it\/fr\/2009\/06\/29\/cordoglio-per-la-morte-di-pieralberto-za\/\" \/>\n<meta property=\"og:locale\" content=\"fr_FR\" \/>\n<meta property=\"og:type\" content=\"article\" \/>\n<meta property=\"og:title\" content=\"Cordoglio per la morte di Pieralberto Za - Bellunopress - Dolomiti\" \/>\n<meta property=\"og:description\" content=\"\u00abHo appreso con grande costernazione e profondo dolore la tremenda notizia della morte di Pieralberto Za. Ancora una volta la montagna, anche se nell\u2019altro emisfero terrestre, si \u00e8 portata via un caro amico, un concittadino di valore che si \u00e8 fatto onore nel mondo. A Pieralberto mi legava prima di tutto un sentimento di affetto [&hellip;]\" \/>\n<meta property=\"og:url\" content=\"https:\/\/www.bellunopress.it\/fr\/2009\/06\/29\/cordoglio-per-la-morte-di-pieralberto-za\/\" \/>\n<meta property=\"og:site_name\" content=\"Bellunopress - Dolomiti\" \/>\n<meta property=\"article:publisher\" content=\"https:\/\/www.facebook.com\/profile.php?id=100008943462799\" \/>\n<meta property=\"article:published_time\" content=\"2009-06-29T13:18:34+00:00\" \/>\n<meta property=\"og:image\" content=\"http:\/\/www.bellunopress.it\/wp-content\/uploads\/2009\/02\/oscar-de-bona-80x80.jpg\" \/>\n<meta name=\"author\" content=\"redazione\" \/>\n<meta name=\"twitter:card\" content=\"summary_large_image\" \/>\n<meta name=\"twitter:creator\" content=\"@bellunopress\" \/>\n<meta name=\"twitter:site\" content=\"@bellunopress\" \/>\n<meta name=\"twitter:label1\" content=\"\u00c9crit par\" \/>\n\t<meta name=\"twitter:data1\" content=\"redazione\" \/>\n\t<meta name=\"twitter:label2\" content=\"Dur\u00e9e de lecture estim\u00e9e\" \/>\n\t<meta name=\"twitter:data2\" content=\"2 minutes\" \/>\n<script type=\"application\/ld+json\" class=\"yoast-schema-graph\">{\"@context\":\"https:\\\/\\\/schema.org\",\"@graph\":[{\"@type\":\"Article\",\"@id\":\"https:\\\/\\\/www.bellunopress.it\\\/2009\\\/06\\\/29\\\/cordoglio-per-la-morte-di-pieralberto-za\\\/#article\",\"isPartOf\":{\"@id\":\"https:\\\/\\\/www.bellunopress.it\\\/2009\\\/06\\\/29\\\/cordoglio-per-la-morte-di-pieralberto-za\\\/\"},\"author\":{\"name\":\"redazione\",\"@id\":\"https:\\\/\\\/www.bellunopress.it\\\/#\\\/schema\\\/person\\\/79bb06722b37ece1c03d3e94beb30d73\"},\"headline\":\"Cordoglio per la morte di Pieralberto Za\",\"datePublished\":\"2009-06-29T13:18:34+00:00\",\"mainEntityOfPage\":{\"@id\":\"https:\\\/\\\/www.bellunopress.it\\\/2009\\\/06\\\/29\\\/cordoglio-per-la-morte-di-pieralberto-za\\\/\"},\"wordCount\":402,\"publisher\":{\"@id\":\"https:\\\/\\\/www.bellunopress.it\\\/#organization\"},\"image\":{\"@id\":\"https:\\\/\\\/www.bellunopress.it\\\/2009\\\/06\\\/29\\\/cordoglio-per-la-morte-di-pieralberto-za\\\/#primaryimage\"},\"thumbnailUrl\":\"http:\\\/\\\/www.bellunopress.it\\\/wp-content\\\/uploads\\\/2009\\\/02\\\/oscar-de-bona-80x80.jpg\",\"keywords\":[\"Belluno\"],\"articleSection\":[\"Cronaca\\\/Politica\",\"Prima Pagina\"],\"inLanguage\":\"fr-FR\"},{\"@type\":\"WebPage\",\"@id\":\"https:\\\/\\\/www.bellunopress.it\\\/2009\\\/06\\\/29\\\/cordoglio-per-la-morte-di-pieralberto-za\\\/\",\"url\":\"https:\\\/\\\/www.bellunopress.it\\\/2009\\\/06\\\/29\\\/cordoglio-per-la-morte-di-pieralberto-za\\\/\",\"name\":\"Cordoglio per la morte di Pieralberto Za - Bellunopress - Dolomiti\",\"isPartOf\":{\"@id\":\"https:\\\/\\\/www.bellunopress.it\\\/#website\"},\"primaryImageOfPage\":{\"@id\":\"https:\\\/\\\/www.bellunopress.it\\\/2009\\\/06\\\/29\\\/cordoglio-per-la-morte-di-pieralberto-za\\\/#primaryimage\"},\"image\":{\"@id\":\"https:\\\/\\\/www.bellunopress.it\\\/2009\\\/06\\\/29\\\/cordoglio-per-la-morte-di-pieralberto-za\\\/#primaryimage\"},\"thumbnailUrl\":\"http:\\\/\\\/www.bellunopress.it\\\/wp-content\\\/uploads\\\/2009\\\/02\\\/oscar-de-bona-80x80.jpg\",\"datePublished\":\"2009-06-29T13:18:34+00:00\",\"breadcrumb\":{\"@id\":\"https:\\\/\\\/www.bellunopress.it\\\/2009\\\/06\\\/29\\\/cordoglio-per-la-morte-di-pieralberto-za\\\/#breadcrumb\"},\"inLanguage\":\"fr-FR\",\"potentialAction\":[{\"@type\":\"ReadAction\",\"target\":[\"https:\\\/\\\/www.bellunopress.it\\\/2009\\\/06\\\/29\\\/cordoglio-per-la-morte-di-pieralberto-za\\\/\"]}]},{\"@type\":\"ImageObject\",\"inLanguage\":\"fr-FR\",\"@id\":\"https:\\\/\\\/www.bellunopress.it\\\/2009\\\/06\\\/29\\\/cordoglio-per-la-morte-di-pieralberto-za\\\/#primaryimage\",\"url\":\"http:\\\/\\\/www.bellunopress.it\\\/wp-content\\\/uploads\\\/2009\\\/02\\\/oscar-de-bona-80x80.jpg\",\"contentUrl\":\"http:\\\/\\\/www.bellunopress.it\\\/wp-content\\\/uploads\\\/2009\\\/02\\\/oscar-de-bona-80x80.jpg\"},{\"@type\":\"BreadcrumbList\",\"@id\":\"https:\\\/\\\/www.bellunopress.it\\\/2009\\\/06\\\/29\\\/cordoglio-per-la-morte-di-pieralberto-za\\\/#breadcrumb\",\"itemListElement\":[{\"@type\":\"ListItem\",\"position\":1,\"name\":\"Home\",\"item\":\"https:\\\/\\\/www.bellunopress.it\\\/\"},{\"@type\":\"ListItem\",\"position\":2,\"name\":\"Cordoglio per la morte di Pieralberto Za\"}]},{\"@type\":\"WebSite\",\"@id\":\"https:\\\/\\\/www.bellunopress.it\\\/#website\",\"url\":\"https:\\\/\\\/www.bellunopress.it\\\/\",\"name\":\"Bellunopress - Dolomiti\",\"description\":\"e-mail: redazione@bellunopress.it\",\"publisher\":{\"@id\":\"https:\\\/\\\/www.bellunopress.it\\\/#organization\"},\"potentialAction\":[{\"@type\":\"SearchAction\",\"target\":{\"@type\":\"EntryPoint\",\"urlTemplate\":\"https:\\\/\\\/www.bellunopress.it\\\/?s={search_term_string}\"},\"query-input\":{\"@type\":\"PropertyValueSpecification\",\"valueRequired\":true,\"valueName\":\"search_term_string\"}}],\"inLanguage\":\"fr-FR\"},{\"@type\":\"Organization\",\"@id\":\"https:\\\/\\\/www.bellunopress.it\\\/#organization\",\"name\":\"Bellunopress\",\"url\":\"https:\\\/\\\/www.bellunopress.it\\\/\",\"logo\":{\"@type\":\"ImageObject\",\"inLanguage\":\"fr-FR\",\"@id\":\"https:\\\/\\\/www.bellunopress.it\\\/#\\\/schema\\\/logo\\\/image\\\/\",\"url\":\"https:\\\/\\\/www.bellunopress.it\\\/wp-content\\\/uploads\\\/2011\\\/05\\\/cropped-logo-bellunopress-.jpg\",\"contentUrl\":\"https:\\\/\\\/www.bellunopress.it\\\/wp-content\\\/uploads\\\/2011\\\/05\\\/cropped-logo-bellunopress-.jpg\",\"width\":512,\"height\":512,\"caption\":\"Bellunopress\"},\"image\":{\"@id\":\"https:\\\/\\\/www.bellunopress.it\\\/#\\\/schema\\\/logo\\\/image\\\/\"},\"sameAs\":[\"https:\\\/\\\/www.facebook.com\\\/profile.php?id=100008943462799\",\"https:\\\/\\\/x.com\\\/bellunopress\",\"https:\\\/\\\/www.linkedin.com\\\/hp\\\/?dnr=JBzUWaJfMUw8vbXJJ2tVW5-I3jZKvC4wsoxE&amp;amp;amp;amp;amp;amp;trk=nav_responsive_tab_home\",\"https:\\\/\\\/www.youtube.com\\\/channel\\\/UCxL0wu1uN0_3_7hGG0306cw\"]},{\"@type\":\"Person\",\"@id\":\"https:\\\/\\\/www.bellunopress.it\\\/#\\\/schema\\\/person\\\/79bb06722b37ece1c03d3e94beb30d73\",\"name\":\"redazione\",\"image\":{\"@type\":\"ImageObject\",\"inLanguage\":\"fr-FR\",\"@id\":\"https:\\\/\\\/secure.gravatar.com\\\/avatar\\\/37d968a2e67a6fd04c169c4bdef102d0bc5d31b2546345219e348575eb80e9a0?s=96&d=mm&r=g\",\"url\":\"https:\\\/\\\/secure.gravatar.com\\\/avatar\\\/37d968a2e67a6fd04c169c4bdef102d0bc5d31b2546345219e348575eb80e9a0?s=96&d=mm&r=g\",\"contentUrl\":\"https:\\\/\\\/secure.gravatar.com\\\/avatar\\\/37d968a2e67a6fd04c169c4bdef102d0bc5d31b2546345219e348575eb80e9a0?s=96&d=mm&r=g\",\"caption\":\"redazione\"},\"sameAs\":[\"http:\\\/\\\/www.bellunopress.it\",\"https:\\\/\\\/x.com\\\/bellunopress\"],\"url\":\"https:\\\/\\\/www.bellunopress.it\\\/fr\\\/author\\\/redazione\\\/\"}]}<\/script>\n<!-- \/ Yoast SEO plugin. -->","yoast_head_json":{"title":"Cordoglio per la morte di Pieralberto Za - Bellunopress - Dolomiti","robots":{"index":"index","follow":"follow","max-snippet":"max-snippet:-1","max-image-preview":"max-image-preview:large","max-video-preview":"max-video-preview:-1"},"canonical":"https:\/\/www.bellunopress.it\/fr\/2009\/06\/29\/cordoglio-per-la-morte-di-pieralberto-za\/","og_locale":"fr_FR","og_type":"article","og_title":"Cordoglio per la morte di Pieralberto Za - Bellunopress - Dolomiti","og_description":"\u00abHo appreso con grande costernazione e profondo dolore la tremenda notizia della morte di Pieralberto Za. Ancora una volta la montagna, anche se nell\u2019altro emisfero terrestre, si \u00e8 portata via un caro amico, un concittadino di valore che si \u00e8 fatto onore nel mondo. A Pieralberto mi legava prima di tutto un sentimento di affetto [&hellip;]","og_url":"https:\/\/www.bellunopress.it\/fr\/2009\/06\/29\/cordoglio-per-la-morte-di-pieralberto-za\/","og_site_name":"Bellunopress - Dolomiti","article_publisher":"https:\/\/www.facebook.com\/profile.php?id=100008943462799","article_published_time":"2009-06-29T13:18:34+00:00","og_image":[{"url":"http:\/\/www.bellunopress.it\/wp-content\/uploads\/2009\/02\/oscar-de-bona-80x80.jpg","type":"","width":"","height":""}],"author":"redazione","twitter_card":"summary_large_image","twitter_creator":"@bellunopress","twitter_site":"@bellunopress","twitter_misc":{"\u00c9crit par":"redazione","Dur\u00e9e de lecture estim\u00e9e":"2 minutes"},"schema":{"@context":"https:\/\/schema.org","@graph":[{"@type":"Article","@id":"https:\/\/www.bellunopress.it\/2009\/06\/29\/cordoglio-per-la-morte-di-pieralberto-za\/#article","isPartOf":{"@id":"https:\/\/www.bellunopress.it\/2009\/06\/29\/cordoglio-per-la-morte-di-pieralberto-za\/"},"author":{"name":"redazione","@id":"https:\/\/www.bellunopress.it\/#\/schema\/person\/79bb06722b37ece1c03d3e94beb30d73"},"headline":"Cordoglio per la morte di Pieralberto Za","datePublished":"2009-06-29T13:18:34+00:00","mainEntityOfPage":{"@id":"https:\/\/www.bellunopress.it\/2009\/06\/29\/cordoglio-per-la-morte-di-pieralberto-za\/"},"wordCount":402,"publisher":{"@id":"https:\/\/www.bellunopress.it\/#organization"},"image":{"@id":"https:\/\/www.bellunopress.it\/2009\/06\/29\/cordoglio-per-la-morte-di-pieralberto-za\/#primaryimage"},"thumbnailUrl":"http:\/\/www.bellunopress.it\/wp-content\/uploads\/2009\/02\/oscar-de-bona-80x80.jpg","keywords":["Belluno"],"articleSection":["Cronaca\/Politica","Prima Pagina"],"inLanguage":"fr-FR"},{"@type":"WebPage","@id":"https:\/\/www.bellunopress.it\/2009\/06\/29\/cordoglio-per-la-morte-di-pieralberto-za\/","url":"https:\/\/www.bellunopress.it\/2009\/06\/29\/cordoglio-per-la-morte-di-pieralberto-za\/","name":"Cordoglio per la morte di Pieralberto Za - Bellunopress - Dolomiti","isPartOf":{"@id":"https:\/\/www.bellunopress.it\/#website"},"primaryImageOfPage":{"@id":"https:\/\/www.bellunopress.it\/2009\/06\/29\/cordoglio-per-la-morte-di-pieralberto-za\/#primaryimage"},"image":{"@id":"https:\/\/www.bellunopress.it\/2009\/06\/29\/cordoglio-per-la-morte-di-pieralberto-za\/#primaryimage"},"thumbnailUrl":"http:\/\/www.bellunopress.it\/wp-content\/uploads\/2009\/02\/oscar-de-bona-80x80.jpg","datePublished":"2009-06-29T13:18:34+00:00","breadcrumb":{"@id":"https:\/\/www.bellunopress.it\/2009\/06\/29\/cordoglio-per-la-morte-di-pieralberto-za\/#breadcrumb"},"inLanguage":"fr-FR","potentialAction":[{"@type":"ReadAction","target":["https:\/\/www.bellunopress.it\/2009\/06\/29\/cordoglio-per-la-morte-di-pieralberto-za\/"]}]},{"@type":"ImageObject","inLanguage":"fr-FR","@id":"https:\/\/www.bellunopress.it\/2009\/06\/29\/cordoglio-per-la-morte-di-pieralberto-za\/#primaryimage","url":"http:\/\/www.bellunopress.it\/wp-content\/uploads\/2009\/02\/oscar-de-bona-80x80.jpg","contentUrl":"http:\/\/www.bellunopress.it\/wp-content\/uploads\/2009\/02\/oscar-de-bona-80x80.jpg"},{"@type":"BreadcrumbList","@id":"https:\/\/www.bellunopress.it\/2009\/06\/29\/cordoglio-per-la-morte-di-pieralberto-za\/#breadcrumb","itemListElement":[{"@type":"ListItem","position":1,"name":"Home","item":"https:\/\/www.bellunopress.it\/"},{"@type":"ListItem","position":2,"name":"Cordoglio per la morte di Pieralberto Za"}]},{"@type":"WebSite","@id":"https:\/\/www.bellunopress.it\/#website","url":"https:\/\/www.bellunopress.it\/","name":"Bellunopress - Dolomiti","description":"e-mail: redazione@bellunopress.it","publisher":{"@id":"https:\/\/www.bellunopress.it\/#organization"},"potentialAction":[{"@type":"SearchAction","target":{"@type":"EntryPoint","urlTemplate":"https:\/\/www.bellunopress.it\/?s={search_term_string}"},"query-input":{"@type":"PropertyValueSpecification","valueRequired":true,"valueName":"search_term_string"}}],"inLanguage":"fr-FR"},{"@type":"Organization","@id":"https:\/\/www.bellunopress.it\/#organization","name":"Bellunopress","url":"https:\/\/www.bellunopress.it\/","logo":{"@type":"ImageObject","inLanguage":"fr-FR","@id":"https:\/\/www.bellunopress.it\/#\/schema\/logo\/image\/","url":"https:\/\/www.bellunopress.it\/wp-content\/uploads\/2011\/05\/cropped-logo-bellunopress-.jpg","contentUrl":"https:\/\/www.bellunopress.it\/wp-content\/uploads\/2011\/05\/cropped-logo-bellunopress-.jpg","width":512,"height":512,"caption":"Bellunopress"},"image":{"@id":"https:\/\/www.bellunopress.it\/#\/schema\/logo\/image\/"},"sameAs":["https:\/\/www.facebook.com\/profile.php?id=100008943462799","https:\/\/x.com\/bellunopress","https:\/\/www.linkedin.com\/hp\/?dnr=JBzUWaJfMUw8vbXJJ2tVW5-I3jZKvC4wsoxE&amp;amp;amp;amp;amp;amp;trk=nav_responsive_tab_home","https:\/\/www.youtube.com\/channel\/UCxL0wu1uN0_3_7hGG0306cw"]},{"@type":"Person","@id":"https:\/\/www.bellunopress.it\/#\/schema\/person\/79bb06722b37ece1c03d3e94beb30d73","name":"r\u00e9daction","image":{"@type":"ImageObject","inLanguage":"fr-FR","@id":"https:\/\/secure.gravatar.com\/avatar\/37d968a2e67a6fd04c169c4bdef102d0bc5d31b2546345219e348575eb80e9a0?s=96&d=mm&r=g","url":"https:\/\/secure.gravatar.com\/avatar\/37d968a2e67a6fd04c169c4bdef102d0bc5d31b2546345219e348575eb80e9a0?s=96&d=mm&r=g","contentUrl":"https:\/\/secure.gravatar.com\/avatar\/37d968a2e67a6fd04c169c4bdef102d0bc5d31b2546345219e348575eb80e9a0?s=96&d=mm&r=g","caption":"redazione"},"sameAs":["http:\/\/www.bellunopress.it","https:\/\/x.com\/bellunopress"],"url":"https:\/\/www.bellunopress.it\/fr\/author\/redazione\/"}]}},"_links":{"self":[{"href":"https:\/\/www.bellunopress.it\/fr\/wp-json\/wp\/v2\/posts\/5491","targetHints":{"allow":["GET"]}}],"collection":[{"href":"https:\/\/www.bellunopress.it\/fr\/wp-json\/wp\/v2\/posts"}],"about":[{"href":"https:\/\/www.bellunopress.it\/fr\/wp-json\/wp\/v2\/types\/post"}],"author":[{"embeddable":true,"href":"https:\/\/www.bellunopress.it\/fr\/wp-json\/wp\/v2\/users\/2"}],"replies":[{"embeddable":true,"href":"https:\/\/www.bellunopress.it\/fr\/wp-json\/wp\/v2\/comments?post=5491"}],"version-history":[{"count":1,"href":"https:\/\/www.bellunopress.it\/fr\/wp-json\/wp\/v2\/posts\/5491\/revisions"}],"predecessor-version":[{"id":5492,"href":"https:\/\/www.bellunopress.it\/fr\/wp-json\/wp\/v2\/posts\/5491\/revisions\/5492"}],"wp:attachment":[{"href":"https:\/\/www.bellunopress.it\/fr\/wp-json\/wp\/v2\/media?parent=5491"}],"wp:term":[{"taxonomy":"category","embeddable":true,"href":"https:\/\/www.bellunopress.it\/fr\/wp-json\/wp\/v2\/categories?post=5491"},{"taxonomy":"post_tag","embeddable":true,"href":"https:\/\/www.bellunopress.it\/fr\/wp-json\/wp\/v2\/tags?post=5491"}],"curies":[{"name":"wp","href":"https:\/\/api.w.org\/{rel}","templated":true}]}}