{"id":5489,"date":"2009-06-29T11:50:17","date_gmt":"2009-06-29T10:50:17","guid":{"rendered":"http:\/\/www.bellunopress.it\/?p=5489"},"modified":"2009-06-29T11:50:17","modified_gmt":"2009-06-29T10:50:17","slug":"cortina-dampezzo-i-prossimi-appuntamenti-dellestate-2009","status":"publish","type":"post","link":"https:\/\/www.bellunopress.it\/fr\/2009\/06\/29\/cortina-dampezzo-i-prossimi-appuntamenti-dellestate-2009\/","title":{"rendered":"Cortina d&#8217;Ampezzo, i prossimi appuntamenti dell&#8217;estate 2009"},"content":{"rendered":"<p>Cortina d&#8217;Ampezzo nelle Dolomiti. Patrimonio naturale dell&#8217;Umanit\u00e0 Unesco<br \/>\nIl 26 giugno, a Siviglia alle 12.01, al suo 33esimo Congresso,\u00a0 l\u2019UNESCO ha dichiarato le DOLOMITI e Cortina d\u2019Ampezzo che delle Dolomiti \u00e8 la Regina, \u201cPatrimonio Naturale dell\u2019Umanit\u00e0\u201d.<br \/>\nLa localit\u00e0 di montagna pi\u00f9 nota in Italia per una vallata senza eguali perch\u00e9 incastonata tra i \u201cMonti pallidi\u201d, riceve cos\u00ec un ulteriore riconoscimento paesaggistico e culturale. All\u2019interno di un contesto, quello dolomitico, di cui ha fatto sempre il suo primo punto di forza. A partire dal logo CORTINA-DOLOMITI, un caposaldo della sua promozione, dal sito ufficiale cortina.dolomiti.org, per non parlare della sua presenza sin dagli esordi del Dolomiti Superski che raggruppa i 12 comprensori sciistici delle Dolomiti. Con continui echi e richiami in tutti i suoi progetti culturali, turistici e sportivi, come testimoniano tanti degli eventi in programma quest\u2019estate.<\/p>\n<p>La passione per le Dolomiti nei programmi culturali di Cortina<br \/>\nE\u2019 una kermesse tutta costruita sulla cultura di montagna quella cui daranno vita gli Scoiattoli di Cortina &#8211; il famoso gruppo di alpinisti che grazie a Lino Lacedelli nel 1954 ha conquistato il K2 &#8211; per festeggiare i loro primi settant\u2019anni. Dal primo luglio al primo agosto tanti saranno gli eventi costruiti attorno alle Dolomiti. Basti dire che la rassegna \u2013 che porta il nome di \u201cCortina in Croda\u201d &#8211; avr\u00e0 ospiti speciali come Mauro Corona, e un imperdibile ultimo spettacolo il primo agosto: gli Scoiattoli \u201cin croda\u201d sulle pareti illuminate delle 5 Torri.<br \/>\nInfo: <a href=\"http:\/\/www.cortinaincroda.it\">www.cortinaincroda.it<\/a> \u2013 <a href=\"http:\/\/www.scoiattoli.org\">www.scoiattoli.org<\/a><\/p>\n<p>Il Comune di Cortina d\u2019Ampezzo \u00e8 tra i promotori, il 5 luglio, del progetto \u201cLe Dolomiti abbracciano l\u2019Africa\u201d: una catena umana abbraccer\u00e0 le Tre Cime di Lavaredo per sensibilizzare l\u2019opinione pubblica e ricordare al mondo l\u2019estrema condizione di povert\u00e0 del continente africano.<br \/>\n12.000 mani si stringeranno per ricordare ai governi del G8, che si riuniranno dall\u20198 al 10 luglio, di mantenere fede alle promesse e agli impegni sottoscritti nei confronti del Sud del Mondo e in particolare verso il continente africano dove, ogni giorno, 30.000 esseri umani muoiono di fame.<br \/>\nLe Dolomiti sono nate grazie all\u2019incontro tra Europa e Africa: queste le motivazioni alla base della scelta delle Tre Cime di Lavaredo come location dell\u2019evento, promosso dall\u2019Ong \u201cInsieme si pu\u00f2\u201d.<br \/>\nInfo: <a href=\"http:\/\/www.dolomitiafricag8.it\">www.dolomitiafricag8.it<\/a> \/ org &#8211; pagina di Facebook \u201cG8-Le Dolomiti abbracciano l\u2019Africa\u201d.<\/p>\n<p>Quindi un appuntamento storico, artistico e culturale assieme. Con la mostra \u201cCasa Savoia. Storia di una famiglia italiana\u201d, in programma dal 18 luglio al 19 settembre nel museo della Casa delle Regole, Cortina prosegue l\u2019esplorazione nel passato blasonato di Cortina, in quel passato che l\u2019ha fatta conoscere al mondo con l\u2019appellativo di Regina delle Dolomiti.<br \/>\nUna sorta di nomina sul campo dovuta alle alte frequentazioni che da inizio secolo non le sono mai mancate. Tra i primi sovrani a frequentarla, Re Alberto I: arriv\u00f2 per la prima volta a Cortina quasi di soppiatto. Era l&#8217;agosto 1907 e l&#8217;allora Principe del Belgio, dopo aver salito il Cristallo e il Piz Polena, aveva dovuto arrendersi alla Cima Piccola di Lavaredo. A lui Cortina lo scorso anno ha dedicato la sua grande mostra dell\u2019estate. E continuando su questo filone il 18 luglio l\u2019assessorato alla cultura inaugurer\u00e0 la mostra su casa Savoia. Basti dire i principi di Piemonte Umberto II e Maria Jos\u00e8 proprio da Cortina vollero iniziare il loro viaggio di nozze. Per poi ritornarvi i figli Maria Pia, Vittorio Emanuele, Maria Gabriella e Maria Beatrice. Ricorda Vittorio Emanuele: \u201cMia madre, Maria Jos\u00e8, amava arrampicarsi: passione ereditata da mio nonno, re Alberto del Belgio, scomparso durante una scalata\u201d.<br \/>\nDue percorsi espositivi sintetizzati in un ideale passaggio di consegne tra padre, figlia e nipote all\u2019insegna della passione per la montagna.<br \/>\nInfo: <a href=\"http:\/\/www.mostracasasavoia.it\">www.mostracasasavoia.it<\/a><\/p>\n<p>Non solo trekking per vivere la montagna<br \/>\nSempre a luglio, dal 23 al 26, un appuntamento sportivo nuovo di zecca, costruito per valorizzare le diverse opportunit\u00e0 che Cortina offre per vivere la montagna. Il successo della nascita, lo scorso anno della Cortina Bike Resort, ha portato all\u2019organizzazione del Cortina Bike Contest, una vera e propria festa per gli amanti della bicicletta. Sono 12 al momento i percorsi ufficiali, con caratteristiche diverse per soddisfare gli appassionati di uno sport in crescita esponenziale. Un vero paradiso per gli amanti della MTB che a Cortina avranno la possibilit\u00e0 di sperimentare qualcosa di assolutamente unico nel panorama nazionale, l\u2019All Mountain tra le Dolomiti. Pi\u00f9 di 500 chilometri, dalle ciclabili per la famiglia alle discese per gli sportivi, cartine dettagliate, noleggi e bike hotel. Pi\u00f9 di 20 gli istruttori e gli accompagnatori qualificati, da quest\u2019anno, a disposizione di chi vorr\u00e0 avvicinarsi a questa pratica, che trova nella MTB la versione estiva dello sci, permettendo a una grande quantit\u00e0 di appassionati di avvalersi degli impianti di risalita grazie al varo del bike-pass con validit\u00e0 da 2 a 6 giorni.<br \/>\nInfo: <a href=\"http:\/\/www.cortinabike.dolomiti.org\/\">www.cortinabike.dolomiti.org\/<\/a><\/p>\n<p>Milioni di anni scolpiti nella roccia<br \/>\nE\u2019 stata in un certo senso \u201canticipatrice\u201d la mostra organizzata lo scorso inverno \u201cDa Bolca a Cortina\u2026un mare tropicale\u201d a sottolineare l\u2019origine delle Dolomiti nel mare tropicale preistorico. Chiss\u00e0 in quanti ancora oggi non sanno che sotto i loro piedi si nascondono i resti dei dinosauri e che le Dolomiti sono una delle patrie della geologia mondiale. Dal settecento, quando Deodat de Dolomieu, studi\u00f2 questa roccia che gli deve il nome: dolomia, Dolomiti.<br \/>\nScientificamente parlando, infatti, gi\u00e0 nel XVIII secolo le montagne dolomitiche divennero, per le particolari stratificazioni rocciose dai pi\u00f9 diversi colori e per gli innumerevoli fossili di animali preistorici, un\u2019apprezzata zona di ricerca frequentata dai geologi, esperti di mineralogia e geografi pi\u00f9 quotati dell\u2019epoca a livello internazionale. Furono loro a scoprire le particolarit\u00e0 della composizione rocciosa, iniziando in seguito a studiare la genesi di queste imponenti montagne frastagliate dal colore chiaro, talvolta anche rossiccio.<\/p>\n<p>Rocce e vette ispiratrici di nuove architetture<br \/>\nGrandi rocciatori come il viennese Paul Grohmann (1838 \u2013 1908), il primo a conquistare la vetta della Tofana de Rozes e del Monte Cristallo presso Cortina d\u2019Ampezzo, amavano queste montagne e ne propagarono la fama con numerose pubblicazioni.<br \/>\nPareti maestose, torrioni alti ed appuntiti, strapiombi insuperabili e creste frastagliate. La variet\u00e0 delle forme, dei colori e delle valli che attraversano le Dolomiti per\u00f2 non hanno incantato soltanto i grandi alpinisti della storia, ma anche i maestri dell\u2019estetica. Le Corbusier (Svizzera-Francia 1887 \u2013 1965), forse il pi\u00f9 grande architetto contemporaneo, vedeva nelle Dolomiti \u201cla pi\u00f9 bella architettura naturale del mondo\u201c. Lo stesso pensiero che ha influenzato l\u2019opera di Edoardo Gellner, ecologista ante litteram che scelse di vivere tutta la seconda met\u00e0 della sua vita a Cortina, in cui realizz\u00f2 le sue opere pi\u00f9 significative con particolare riferimento al rapporto tra design e architettura nel contesto della montagna. Tra i programmi dell\u2019estate, la mostra Edoardo Gellner 100 di archiettura Interni \/Interiors (19 luglio\/19 settembre Alexander Girardi Hall).<\/p>\n<p>A caccia dell\u2019enrosadira<br \/>\nLe Dolomiti sono cos\u00ec oggi tra i 50 paesaggi pi\u00f9 belli d\u2019Europa e tra i 199 a livello mondiale, tra le meraviglie del mondo, Patrimonio Naturale dell\u2019Umanit\u00e0 UNESCO, l\u2019organizzazione per l\u2019educazione, la scienza e la cultura delle Nazioni Unite. Fanno parte di queste montagne il gruppo formato da Pelmo e Croda da Lago (in Veneto); il massiccio della Marmolada; il gruppo formato dalle Pale di San Martino, Pale di San Lucano e Dolomiti Bellunesi; il gruppo formato dalle Dolomiti Friulane e d&#8217;Oltre Piave; le Dolomiti Settentrionali, situate fra Alto Adige e Veneto e comprendenti Cadini, Dolomiti di Sesto, Dolomiti d&#8217;Ampezzo, Dolomiti di Fanes, Sennes e Braies e il gruppo Puez-Odle; il gruppo formato da Sciliar, Catinaccio e Latemar, a cavallo fra Alto Adige e Trentino; le Dolomiti di Brenta, le pi\u00f9 occidentali, tutte in territorio trentino; il Rio delle Foglie, uno straordinario canyon, unico al mondo, le cui stratificazioni rocciose dai pi\u00f9 diversi colori e gli innumerevoli fossili di animali preistorici. Complessivamente si tratta di un\u2019estensione di ben 142.000 ettari, integrati da una zona cuscinetto di ulteriori 90.000 ettari.<\/p>\n<p>Per arrivare a un grande evento che nel fine settimana tra l\u201911 e il 13 settembre 2009 permetter\u00e0 di vivere tutte le sfumature dell\u2019enrosadira, il contrasto di luce tra le basi dolci e verdeggianti e i picchi che si innalzano a tremila metri, amplificato all\u2019alba e al tramonto da un chiarore tutto speciale, un incendiarsi delle vette di rosa.<br \/>\nIl grande evento celebrativo che Cortina d\u2019Ampezzo assieme alla Val di Fassa e al Comune di Livinallongo di Col di Lana stanno costruendo per il centenario della Strada delle Dolomiti \u00e8 anche l\u2019occasione per vivere una parte consistente delle Dolomiti \u201cPatrimonio Naturale dell\u2019Umanit\u00e0\u201d.<br \/>\nUn viaggio nella storia delle montagne appena entrate nella lista dei paesaggi pi\u00f9 belli al mondo. Un percorso a ritroso tra le tappe dello sviluppo del turismo moderno e del boom automobilistico.<\/p>","protected":false},"excerpt":{"rendered":"<p>Cortina d&#8217;Ampezzo nelle Dolomiti. Patrimonio naturale dell&#8217;Umanit\u00e0 Unesco Il 26 giugno, a Siviglia alle 12.01, al suo 33esimo Congresso,\u00a0 l\u2019UNESCO ha dichiarato le DOLOMITI e Cortina d\u2019Ampezzo che delle Dolomiti \u00e8 la Regina, \u201cPatrimonio Naturale dell\u2019Umanit\u00e0\u201d. La localit\u00e0 di montagna pi\u00f9 nota in Italia per una vallata senza eguali perch\u00e9 incastonata tra i \u201cMonti pallidi\u201d, [&hellip;]<\/p>\n","protected":false},"author":2,"featured_media":0,"comment_status":"closed","ping_status":"open","sticky":false,"template":"","format":"standard","meta":{"footnotes":""},"categories":[3,26],"tags":[63],"class_list":["post-5489","post","type-post","status-publish","format-standard","category-arte-cultura-spettacoli-scienza-archivi","category-prima-pagina","tag-dolomiti"],"yoast_head":"<!-- This site is optimized with the Yoast SEO plugin v28.4 - https:\/\/yoast.com\/product\/yoast-seo-wordpress\/ -->\n<title>Cortina d&#039;Ampezzo, i prossimi appuntamenti dell&#039;estate 2009  - Bellunopress - Dolomiti<\/title>\n<meta name=\"robots\" content=\"index, follow, max-snippet:-1, max-image-preview:large, max-video-preview:-1\" \/>\n<link rel=\"canonical\" href=\"https:\/\/www.bellunopress.it\/fr\/2009\/06\/29\/cortina-dampezzo-i-prossimi-appuntamenti-dellestate-2009\/\" \/>\n<meta property=\"og:locale\" content=\"fr_FR\" \/>\n<meta property=\"og:type\" content=\"article\" \/>\n<meta property=\"og:title\" content=\"Cortina d&#039;Ampezzo, i prossimi appuntamenti dell&#039;estate 2009  - Bellunopress - Dolomiti\" \/>\n<meta property=\"og:description\" content=\"Cortina d&#8217;Ampezzo nelle Dolomiti. Patrimonio naturale dell&#8217;Umanit\u00e0 Unesco Il 26 giugno, a Siviglia alle 12.01, al suo 33esimo Congresso,\u00a0 l\u2019UNESCO ha dichiarato le DOLOMITI e Cortina d\u2019Ampezzo che delle Dolomiti \u00e8 la Regina, \u201cPatrimonio Naturale dell\u2019Umanit\u00e0\u201d. La localit\u00e0 di montagna pi\u00f9 nota in Italia per una vallata senza eguali perch\u00e9 incastonata tra i \u201cMonti pallidi\u201d, [&hellip;]\" \/>\n<meta property=\"og:url\" content=\"https:\/\/www.bellunopress.it\/fr\/2009\/06\/29\/cortina-dampezzo-i-prossimi-appuntamenti-dellestate-2009\/\" \/>\n<meta property=\"og:site_name\" content=\"Bellunopress - Dolomiti\" \/>\n<meta property=\"article:publisher\" content=\"https:\/\/www.facebook.com\/profile.php?id=100008943462799\" \/>\n<meta property=\"article:published_time\" content=\"2009-06-29T10:50:17+00:00\" \/>\n<meta property=\"og:image\" content=\"http:\/\/www.bellunopress.it\/wp-content\/uploads\/2012\/07\/logo-bellunopress-250x250-2012.jpg\" \/>\n<meta name=\"author\" content=\"redazione\" \/>\n<meta name=\"twitter:card\" content=\"summary_large_image\" \/>\n<meta name=\"twitter:creator\" content=\"@bellunopress\" \/>\n<meta name=\"twitter:site\" content=\"@bellunopress\" \/>\n<meta name=\"twitter:label1\" content=\"\u00c9crit par\" \/>\n\t<meta name=\"twitter:data1\" content=\"redazione\" \/>\n\t<meta name=\"twitter:label2\" content=\"Dur\u00e9e de lecture estim\u00e9e\" \/>\n\t<meta name=\"twitter:data2\" content=\"7 minutes\" \/>\n<script type=\"application\/ld+json\" class=\"yoast-schema-graph\">{\"@context\":\"https:\\\/\\\/schema.org\",\"@graph\":[{\"@type\":\"Article\",\"@id\":\"https:\\\/\\\/www.bellunopress.it\\\/2009\\\/06\\\/29\\\/cortina-dampezzo-i-prossimi-appuntamenti-dellestate-2009\\\/#article\",\"isPartOf\":{\"@id\":\"https:\\\/\\\/www.bellunopress.it\\\/2009\\\/06\\\/29\\\/cortina-dampezzo-i-prossimi-appuntamenti-dellestate-2009\\\/\"},\"author\":{\"name\":\"redazione\",\"@id\":\"https:\\\/\\\/www.bellunopress.it\\\/#\\\/schema\\\/person\\\/79bb06722b37ece1c03d3e94beb30d73\"},\"headline\":\"Cortina d&#8217;Ampezzo, i prossimi appuntamenti dell&#8217;estate 2009\",\"datePublished\":\"2009-06-29T10:50:17+00:00\",\"mainEntityOfPage\":{\"@id\":\"https:\\\/\\\/www.bellunopress.it\\\/2009\\\/06\\\/29\\\/cortina-dampezzo-i-prossimi-appuntamenti-dellestate-2009\\\/\"},\"wordCount\":1459,\"publisher\":{\"@id\":\"https:\\\/\\\/www.bellunopress.it\\\/#organization\"},\"keywords\":[\"Dolomiti\"],\"articleSection\":[\"Arte, Cultura, Spettacoli, Scienza\",\"Prima Pagina\"],\"inLanguage\":\"fr-FR\"},{\"@type\":\"WebPage\",\"@id\":\"https:\\\/\\\/www.bellunopress.it\\\/2009\\\/06\\\/29\\\/cortina-dampezzo-i-prossimi-appuntamenti-dellestate-2009\\\/\",\"url\":\"https:\\\/\\\/www.bellunopress.it\\\/2009\\\/06\\\/29\\\/cortina-dampezzo-i-prossimi-appuntamenti-dellestate-2009\\\/\",\"name\":\"Cortina d'Ampezzo, i prossimi appuntamenti dell'estate 2009 - Bellunopress - Dolomiti\",\"isPartOf\":{\"@id\":\"https:\\\/\\\/www.bellunopress.it\\\/#website\"},\"datePublished\":\"2009-06-29T10:50:17+00:00\",\"breadcrumb\":{\"@id\":\"https:\\\/\\\/www.bellunopress.it\\\/2009\\\/06\\\/29\\\/cortina-dampezzo-i-prossimi-appuntamenti-dellestate-2009\\\/#breadcrumb\"},\"inLanguage\":\"fr-FR\",\"potentialAction\":[{\"@type\":\"ReadAction\",\"target\":[\"https:\\\/\\\/www.bellunopress.it\\\/2009\\\/06\\\/29\\\/cortina-dampezzo-i-prossimi-appuntamenti-dellestate-2009\\\/\"]}]},{\"@type\":\"BreadcrumbList\",\"@id\":\"https:\\\/\\\/www.bellunopress.it\\\/2009\\\/06\\\/29\\\/cortina-dampezzo-i-prossimi-appuntamenti-dellestate-2009\\\/#breadcrumb\",\"itemListElement\":[{\"@type\":\"ListItem\",\"position\":1,\"name\":\"Home\",\"item\":\"https:\\\/\\\/www.bellunopress.it\\\/\"},{\"@type\":\"ListItem\",\"position\":2,\"name\":\"Cortina d&#8217;Ampezzo, i prossimi appuntamenti dell&#8217;estate 2009\"}]},{\"@type\":\"WebSite\",\"@id\":\"https:\\\/\\\/www.bellunopress.it\\\/#website\",\"url\":\"https:\\\/\\\/www.bellunopress.it\\\/\",\"name\":\"Bellunopress - Dolomiti\",\"description\":\"e-mail: redazione@bellunopress.it\",\"publisher\":{\"@id\":\"https:\\\/\\\/www.bellunopress.it\\\/#organization\"},\"potentialAction\":[{\"@type\":\"SearchAction\",\"target\":{\"@type\":\"EntryPoint\",\"urlTemplate\":\"https:\\\/\\\/www.bellunopress.it\\\/?s={search_term_string}\"},\"query-input\":{\"@type\":\"PropertyValueSpecification\",\"valueRequired\":true,\"valueName\":\"search_term_string\"}}],\"inLanguage\":\"fr-FR\"},{\"@type\":\"Organization\",\"@id\":\"https:\\\/\\\/www.bellunopress.it\\\/#organization\",\"name\":\"Bellunopress\",\"url\":\"https:\\\/\\\/www.bellunopress.it\\\/\",\"logo\":{\"@type\":\"ImageObject\",\"inLanguage\":\"fr-FR\",\"@id\":\"https:\\\/\\\/www.bellunopress.it\\\/#\\\/schema\\\/logo\\\/image\\\/\",\"url\":\"https:\\\/\\\/www.bellunopress.it\\\/wp-content\\\/uploads\\\/2011\\\/05\\\/cropped-logo-bellunopress-.jpg\",\"contentUrl\":\"https:\\\/\\\/www.bellunopress.it\\\/wp-content\\\/uploads\\\/2011\\\/05\\\/cropped-logo-bellunopress-.jpg\",\"width\":512,\"height\":512,\"caption\":\"Bellunopress\"},\"image\":{\"@id\":\"https:\\\/\\\/www.bellunopress.it\\\/#\\\/schema\\\/logo\\\/image\\\/\"},\"sameAs\":[\"https:\\\/\\\/www.facebook.com\\\/profile.php?id=100008943462799\",\"https:\\\/\\\/x.com\\\/bellunopress\",\"https:\\\/\\\/www.linkedin.com\\\/hp\\\/?dnr=JBzUWaJfMUw8vbXJJ2tVW5-I3jZKvC4wsoxE&amp;amp;amp;amp;amp;amp;trk=nav_responsive_tab_home\",\"https:\\\/\\\/www.youtube.com\\\/channel\\\/UCxL0wu1uN0_3_7hGG0306cw\"]},{\"@type\":\"Person\",\"@id\":\"https:\\\/\\\/www.bellunopress.it\\\/#\\\/schema\\\/person\\\/79bb06722b37ece1c03d3e94beb30d73\",\"name\":\"redazione\",\"image\":{\"@type\":\"ImageObject\",\"inLanguage\":\"fr-FR\",\"@id\":\"https:\\\/\\\/secure.gravatar.com\\\/avatar\\\/37d968a2e67a6fd04c169c4bdef102d0bc5d31b2546345219e348575eb80e9a0?s=96&d=mm&r=g\",\"url\":\"https:\\\/\\\/secure.gravatar.com\\\/avatar\\\/37d968a2e67a6fd04c169c4bdef102d0bc5d31b2546345219e348575eb80e9a0?s=96&d=mm&r=g\",\"contentUrl\":\"https:\\\/\\\/secure.gravatar.com\\\/avatar\\\/37d968a2e67a6fd04c169c4bdef102d0bc5d31b2546345219e348575eb80e9a0?s=96&d=mm&r=g\",\"caption\":\"redazione\"},\"sameAs\":[\"http:\\\/\\\/www.bellunopress.it\",\"https:\\\/\\\/x.com\\\/bellunopress\"],\"url\":\"https:\\\/\\\/www.bellunopress.it\\\/fr\\\/author\\\/redazione\\\/\"}]}<\/script>\n<!-- \/ Yoast SEO plugin. -->","yoast_head_json":{"title":"Cortina d'Ampezzo, i prossimi appuntamenti dell'estate 2009  - Bellunopress - Dolomiti","robots":{"index":"index","follow":"follow","max-snippet":"max-snippet:-1","max-image-preview":"max-image-preview:large","max-video-preview":"max-video-preview:-1"},"canonical":"https:\/\/www.bellunopress.it\/fr\/2009\/06\/29\/cortina-dampezzo-i-prossimi-appuntamenti-dellestate-2009\/","og_locale":"fr_FR","og_type":"article","og_title":"Cortina d'Ampezzo, i prossimi appuntamenti dell'estate 2009  - Bellunopress - Dolomiti","og_description":"Cortina d&#8217;Ampezzo nelle Dolomiti. Patrimonio naturale dell&#8217;Umanit\u00e0 Unesco Il 26 giugno, a Siviglia alle 12.01, al suo 33esimo Congresso,\u00a0 l\u2019UNESCO ha dichiarato le DOLOMITI e Cortina d\u2019Ampezzo che delle Dolomiti \u00e8 la Regina, \u201cPatrimonio Naturale dell\u2019Umanit\u00e0\u201d. La localit\u00e0 di montagna pi\u00f9 nota in Italia per una vallata senza eguali perch\u00e9 incastonata tra i \u201cMonti pallidi\u201d, [&hellip;]","og_url":"https:\/\/www.bellunopress.it\/fr\/2009\/06\/29\/cortina-dampezzo-i-prossimi-appuntamenti-dellestate-2009\/","og_site_name":"Bellunopress - Dolomiti","article_publisher":"https:\/\/www.facebook.com\/profile.php?id=100008943462799","article_published_time":"2009-06-29T10:50:17+00:00","og_image":[{"url":"http:\/\/www.bellunopress.it\/wp-content\/uploads\/2012\/07\/logo-bellunopress-250x250-2012.jpg","type":"","width":"","height":""}],"author":"redazione","twitter_card":"summary_large_image","twitter_creator":"@bellunopress","twitter_site":"@bellunopress","twitter_misc":{"\u00c9crit par":"redazione","Dur\u00e9e de lecture estim\u00e9e":"7 minutes"},"schema":{"@context":"https:\/\/schema.org","@graph":[{"@type":"Article","@id":"https:\/\/www.bellunopress.it\/2009\/06\/29\/cortina-dampezzo-i-prossimi-appuntamenti-dellestate-2009\/#article","isPartOf":{"@id":"https:\/\/www.bellunopress.it\/2009\/06\/29\/cortina-dampezzo-i-prossimi-appuntamenti-dellestate-2009\/"},"author":{"name":"redazione","@id":"https:\/\/www.bellunopress.it\/#\/schema\/person\/79bb06722b37ece1c03d3e94beb30d73"},"headline":"Cortina d&#8217;Ampezzo, i prossimi appuntamenti dell&#8217;estate 2009","datePublished":"2009-06-29T10:50:17+00:00","mainEntityOfPage":{"@id":"https:\/\/www.bellunopress.it\/2009\/06\/29\/cortina-dampezzo-i-prossimi-appuntamenti-dellestate-2009\/"},"wordCount":1459,"publisher":{"@id":"https:\/\/www.bellunopress.it\/#organization"},"keywords":["Dolomiti"],"articleSection":["Arte, Cultura, Spettacoli, Scienza","Prima Pagina"],"inLanguage":"fr-FR"},{"@type":"WebPage","@id":"https:\/\/www.bellunopress.it\/2009\/06\/29\/cortina-dampezzo-i-prossimi-appuntamenti-dellestate-2009\/","url":"https:\/\/www.bellunopress.it\/2009\/06\/29\/cortina-dampezzo-i-prossimi-appuntamenti-dellestate-2009\/","name":"Cortina d'Ampezzo, i prossimi appuntamenti dell'estate 2009 - Bellunopress - Dolomiti","isPartOf":{"@id":"https:\/\/www.bellunopress.it\/#website"},"datePublished":"2009-06-29T10:50:17+00:00","breadcrumb":{"@id":"https:\/\/www.bellunopress.it\/2009\/06\/29\/cortina-dampezzo-i-prossimi-appuntamenti-dellestate-2009\/#breadcrumb"},"inLanguage":"fr-FR","potentialAction":[{"@type":"ReadAction","target":["https:\/\/www.bellunopress.it\/2009\/06\/29\/cortina-dampezzo-i-prossimi-appuntamenti-dellestate-2009\/"]}]},{"@type":"BreadcrumbList","@id":"https:\/\/www.bellunopress.it\/2009\/06\/29\/cortina-dampezzo-i-prossimi-appuntamenti-dellestate-2009\/#breadcrumb","itemListElement":[{"@type":"ListItem","position":1,"name":"Home","item":"https:\/\/www.bellunopress.it\/"},{"@type":"ListItem","position":2,"name":"Cortina d&#8217;Ampezzo, i prossimi appuntamenti dell&#8217;estate 2009"}]},{"@type":"WebSite","@id":"https:\/\/www.bellunopress.it\/#website","url":"https:\/\/www.bellunopress.it\/","name":"Bellunopress - Dolomiti","description":"e-mail: redazione@bellunopress.it","publisher":{"@id":"https:\/\/www.bellunopress.it\/#organization"},"potentialAction":[{"@type":"SearchAction","target":{"@type":"EntryPoint","urlTemplate":"https:\/\/www.bellunopress.it\/?s={search_term_string}"},"query-input":{"@type":"PropertyValueSpecification","valueRequired":true,"valueName":"search_term_string"}}],"inLanguage":"fr-FR"},{"@type":"Organization","@id":"https:\/\/www.bellunopress.it\/#organization","name":"Bellunopress","url":"https:\/\/www.bellunopress.it\/","logo":{"@type":"ImageObject","inLanguage":"fr-FR","@id":"https:\/\/www.bellunopress.it\/#\/schema\/logo\/image\/","url":"https:\/\/www.bellunopress.it\/wp-content\/uploads\/2011\/05\/cropped-logo-bellunopress-.jpg","contentUrl":"https:\/\/www.bellunopress.it\/wp-content\/uploads\/2011\/05\/cropped-logo-bellunopress-.jpg","width":512,"height":512,"caption":"Bellunopress"},"image":{"@id":"https:\/\/www.bellunopress.it\/#\/schema\/logo\/image\/"},"sameAs":["https:\/\/www.facebook.com\/profile.php?id=100008943462799","https:\/\/x.com\/bellunopress","https:\/\/www.linkedin.com\/hp\/?dnr=JBzUWaJfMUw8vbXJJ2tVW5-I3jZKvC4wsoxE&amp;amp;amp;amp;amp;amp;trk=nav_responsive_tab_home","https:\/\/www.youtube.com\/channel\/UCxL0wu1uN0_3_7hGG0306cw"]},{"@type":"Person","@id":"https:\/\/www.bellunopress.it\/#\/schema\/person\/79bb06722b37ece1c03d3e94beb30d73","name":"r\u00e9daction","image":{"@type":"ImageObject","inLanguage":"fr-FR","@id":"https:\/\/secure.gravatar.com\/avatar\/37d968a2e67a6fd04c169c4bdef102d0bc5d31b2546345219e348575eb80e9a0?s=96&d=mm&r=g","url":"https:\/\/secure.gravatar.com\/avatar\/37d968a2e67a6fd04c169c4bdef102d0bc5d31b2546345219e348575eb80e9a0?s=96&d=mm&r=g","contentUrl":"https:\/\/secure.gravatar.com\/avatar\/37d968a2e67a6fd04c169c4bdef102d0bc5d31b2546345219e348575eb80e9a0?s=96&d=mm&r=g","caption":"redazione"},"sameAs":["http:\/\/www.bellunopress.it","https:\/\/x.com\/bellunopress"],"url":"https:\/\/www.bellunopress.it\/fr\/author\/redazione\/"}]}},"_links":{"self":[{"href":"https:\/\/www.bellunopress.it\/fr\/wp-json\/wp\/v2\/posts\/5489","targetHints":{"allow":["GET"]}}],"collection":[{"href":"https:\/\/www.bellunopress.it\/fr\/wp-json\/wp\/v2\/posts"}],"about":[{"href":"https:\/\/www.bellunopress.it\/fr\/wp-json\/wp\/v2\/types\/post"}],"author":[{"embeddable":true,"href":"https:\/\/www.bellunopress.it\/fr\/wp-json\/wp\/v2\/users\/2"}],"replies":[{"embeddable":true,"href":"https:\/\/www.bellunopress.it\/fr\/wp-json\/wp\/v2\/comments?post=5489"}],"version-history":[{"count":1,"href":"https:\/\/www.bellunopress.it\/fr\/wp-json\/wp\/v2\/posts\/5489\/revisions"}],"predecessor-version":[{"id":5490,"href":"https:\/\/www.bellunopress.it\/fr\/wp-json\/wp\/v2\/posts\/5489\/revisions\/5490"}],"wp:attachment":[{"href":"https:\/\/www.bellunopress.it\/fr\/wp-json\/wp\/v2\/media?parent=5489"}],"wp:term":[{"taxonomy":"category","embeddable":true,"href":"https:\/\/www.bellunopress.it\/fr\/wp-json\/wp\/v2\/categories?post=5489"},{"taxonomy":"post_tag","embeddable":true,"href":"https:\/\/www.bellunopress.it\/fr\/wp-json\/wp\/v2\/tags?post=5489"}],"curies":[{"name":"wp","href":"https:\/\/api.w.org\/{rel}","templated":true}]}}