{"id":5462,"date":"2009-06-27T14:54:18","date_gmt":"2009-06-27T13:54:18","guid":{"rendered":"http:\/\/www.bellunopress.it\/?p=5462"},"modified":"2009-06-27T15:01:40","modified_gmt":"2009-06-27T14:01:40","slug":"giovedi-a-pieve-dalpago-ritorna-il-bandito-con-sante-rossetto","status":"publish","type":"post","link":"https:\/\/www.bellunopress.it\/fr\/2009\/06\/27\/giovedi-a-pieve-dalpago-ritorna-il-bandito-con-sante-rossetto\/","title":{"rendered":"Gioved\u00ec a Pieve d&#8217;Alpago ritorna &#8220;Il bandito&#8221; con Sante Rossetto"},"content":{"rendered":"<div class=\"mceTemp\">\n<dl id=\"attachment_2328\" class=\"wp-caption alignleft\" style=\"width: 280px;\">\n<dt class=\"wp-caption-dt\"><a href=\"http:\/\/www.bellunopress.it\/wp-content\/uploads\/2009\/04\/sante-rossetto-2.jpg\"><img loading=\"lazy\" decoding=\"async\" class=\"size-medium wp-image-2328\" title=\"sante-rossetto-2\" src=\"http:\/\/www.bellunopress.it\/wp-content\/uploads\/2009\/04\/sante-rossetto-2.jpg\" alt=\"Sante Rossetto, giornalista e scrittore\" width=\"270\" height=\"180\" \/><\/a><\/dt>\n<dd class=\"wp-caption-dd\">Sante Rossetto, giornalista e scrittore<\/dd>\n<\/dl>\n<p>Si parler\u00e0 di sicurezza nel Seicento gioved\u00ec 2 luglio alle 20.30 a Pieve d&#8217;Alpago (piazzetta degli scacchi) con il giornalista e scrittore Sante Rossetto. Introdotto dal sindaco avv. Erminio Mazzucco il giornalista trevigiano presenter\u00e0 il suo ultimo libro &#8220;Il bandito. Violenza e criminalit\u00e0 nella Repubblica Veneta&#8221; edito da Sismondi. Uno studio che ha incontrato ampio consenso di pubblico e condotto con la tecnica del romanzo storico. Rossetto ha consultato con la acribia che gli \u00e8 nota decine di migliaia di sentenze del giudice del maleficio (il tribunale penale) del XVII secolo. Dalla miriade di avvenimenti ha scelto una banda guidata da Valentino. Ne ha seguito i misfatti, collegando il racconto con quanto accadeva\u00a0 nel territorio della terraferma veneziana nei primi tre decenni del Seicento.\u00a0 Ne \u00e8 uscito un quadro appassionante e storicamente documentato. Sembra, per alcuni versi, di leggere qualche pagina del Manzoni perch\u00e8 anche nel lavoro di Rossetto abbiamo i bravi, il frate ricco di bont\u00e0, i matrimoni che s&#8217;hanno da fare contro la voglia degli interessati, la societ\u00e0 violenta e povera del tempo fino ad arrivare alla peste del 1630. Un romanzo che si legge rapidamente e con grande interesse sapendo che, dopo la lettura, ci saremo arricchiti di una pagina di storia.<br \/>\n\u00a0<\/p><\/div>","protected":false},"excerpt":{"rendered":"<p>Sante Rossetto, giornalista e scrittore Si parler\u00e0 di sicurezza nel Seicento gioved\u00ec 2 luglio alle 20.30 a Pieve d&#8217;Alpago (piazzetta degli scacchi) con il giornalista e scrittore Sante Rossetto. Introdotto dal sindaco avv. Erminio Mazzucco il giornalista trevigiano presenter\u00e0 il suo ultimo libro &#8220;Il bandito. Violenza e criminalit\u00e0 nella Repubblica Veneta&#8221; edito da Sismondi. Uno [&hellip;]<\/p>\n","protected":false},"author":2,"featured_media":0,"comment_status":"closed","ping_status":"open","sticky":false,"template":"","format":"standard","meta":{"footnotes":""},"categories":[3,25],"tags":[139],"class_list":["post-5462","post","type-post","status-publish","format-standard","category-arte-cultura-spettacoli-scienza-archivi","category-pausa-caffe","tag-belluno"],"yoast_head":"<!-- This site is optimized with the Yoast SEO plugin v28.4 - https:\/\/yoast.com\/product\/yoast-seo-wordpress\/ -->\n<title>Gioved\u00ec a Pieve d&#039;Alpago ritorna &quot;Il bandito&quot; con Sante Rossetto - Bellunopress - Dolomiti<\/title>\n<meta name=\"robots\" content=\"index, follow, max-snippet:-1, max-image-preview:large, max-video-preview:-1\" \/>\n<link rel=\"canonical\" href=\"https:\/\/www.bellunopress.it\/fr\/2009\/06\/27\/giovedi-a-pieve-dalpago-ritorna-il-bandito-con-sante-rossetto\/\" \/>\n<meta property=\"og:locale\" content=\"fr_FR\" \/>\n<meta property=\"og:type\" content=\"article\" \/>\n<meta property=\"og:title\" content=\"Gioved\u00ec a Pieve d&#039;Alpago ritorna &quot;Il bandito&quot; con Sante Rossetto - Bellunopress - Dolomiti\" \/>\n<meta property=\"og:description\" content=\"Sante Rossetto, giornalista e scrittore Si parler\u00e0 di sicurezza nel Seicento gioved\u00ec 2 luglio alle 20.30 a Pieve d&#8217;Alpago (piazzetta degli scacchi) con il giornalista e scrittore Sante Rossetto. Introdotto dal sindaco avv. Erminio Mazzucco il giornalista trevigiano presenter\u00e0 il suo ultimo libro &#8220;Il bandito. Violenza e criminalit\u00e0 nella Repubblica Veneta&#8221; edito da Sismondi. Uno [&hellip;]\" \/>\n<meta property=\"og:url\" content=\"https:\/\/www.bellunopress.it\/fr\/2009\/06\/27\/giovedi-a-pieve-dalpago-ritorna-il-bandito-con-sante-rossetto\/\" \/>\n<meta property=\"og:site_name\" content=\"Bellunopress - Dolomiti\" \/>\n<meta property=\"article:publisher\" content=\"https:\/\/www.facebook.com\/profile.php?id=100008943462799\" \/>\n<meta property=\"article:published_time\" content=\"2009-06-27T13:54:18+00:00\" \/>\n<meta property=\"article:modified_time\" content=\"2009-06-27T14:01:40+00:00\" \/>\n<meta property=\"og:image\" content=\"http:\/\/www.bellunopress.it\/wp-content\/uploads\/2009\/04\/sante-rossetto-2.jpg\" \/>\n<meta name=\"author\" content=\"redazione\" \/>\n<meta name=\"twitter:card\" content=\"summary_large_image\" \/>\n<meta name=\"twitter:creator\" content=\"@bellunopress\" \/>\n<meta name=\"twitter:site\" content=\"@bellunopress\" \/>\n<meta name=\"twitter:label1\" content=\"\u00c9crit par\" \/>\n\t<meta name=\"twitter:data1\" content=\"redazione\" \/>\n\t<meta name=\"twitter:label2\" content=\"Dur\u00e9e de lecture estim\u00e9e\" \/>\n\t<meta name=\"twitter:data2\" content=\"1 minute\" \/>\n<script type=\"application\/ld+json\" class=\"yoast-schema-graph\">{\"@context\":\"https:\\\/\\\/schema.org\",\"@graph\":[{\"@type\":\"Article\",\"@id\":\"https:\\\/\\\/www.bellunopress.it\\\/2009\\\/06\\\/27\\\/giovedi-a-pieve-dalpago-ritorna-il-bandito-con-sante-rossetto\\\/#article\",\"isPartOf\":{\"@id\":\"https:\\\/\\\/www.bellunopress.it\\\/2009\\\/06\\\/27\\\/giovedi-a-pieve-dalpago-ritorna-il-bandito-con-sante-rossetto\\\/\"},\"author\":{\"name\":\"redazione\",\"@id\":\"https:\\\/\\\/www.bellunopress.it\\\/#\\\/schema\\\/person\\\/79bb06722b37ece1c03d3e94beb30d73\"},\"headline\":\"Gioved\u00ec a Pieve d&#8217;Alpago ritorna &#8220;Il bandito&#8221; con Sante Rossetto\",\"datePublished\":\"2009-06-27T13:54:18+00:00\",\"dateModified\":\"2009-06-27T14:01:40+00:00\",\"mainEntityOfPage\":{\"@id\":\"https:\\\/\\\/www.bellunopress.it\\\/2009\\\/06\\\/27\\\/giovedi-a-pieve-dalpago-ritorna-il-bandito-con-sante-rossetto\\\/\"},\"wordCount\":218,\"publisher\":{\"@id\":\"https:\\\/\\\/www.bellunopress.it\\\/#organization\"},\"image\":{\"@id\":\"https:\\\/\\\/www.bellunopress.it\\\/2009\\\/06\\\/27\\\/giovedi-a-pieve-dalpago-ritorna-il-bandito-con-sante-rossetto\\\/#primaryimage\"},\"thumbnailUrl\":\"http:\\\/\\\/www.bellunopress.it\\\/wp-content\\\/uploads\\\/2009\\\/04\\\/sante-rossetto-2.jpg\",\"keywords\":[\"Belluno\"],\"articleSection\":[\"Arte, Cultura, Spettacoli, Scienza\",\"Pausa Caff\u00e8\"],\"inLanguage\":\"fr-FR\"},{\"@type\":\"WebPage\",\"@id\":\"https:\\\/\\\/www.bellunopress.it\\\/2009\\\/06\\\/27\\\/giovedi-a-pieve-dalpago-ritorna-il-bandito-con-sante-rossetto\\\/\",\"url\":\"https:\\\/\\\/www.bellunopress.it\\\/2009\\\/06\\\/27\\\/giovedi-a-pieve-dalpago-ritorna-il-bandito-con-sante-rossetto\\\/\",\"name\":\"Gioved\u00ec a Pieve d'Alpago ritorna \\\"Il bandito\\\" con Sante Rossetto - Bellunopress - Dolomiti\",\"isPartOf\":{\"@id\":\"https:\\\/\\\/www.bellunopress.it\\\/#website\"},\"primaryImageOfPage\":{\"@id\":\"https:\\\/\\\/www.bellunopress.it\\\/2009\\\/06\\\/27\\\/giovedi-a-pieve-dalpago-ritorna-il-bandito-con-sante-rossetto\\\/#primaryimage\"},\"image\":{\"@id\":\"https:\\\/\\\/www.bellunopress.it\\\/2009\\\/06\\\/27\\\/giovedi-a-pieve-dalpago-ritorna-il-bandito-con-sante-rossetto\\\/#primaryimage\"},\"thumbnailUrl\":\"http:\\\/\\\/www.bellunopress.it\\\/wp-content\\\/uploads\\\/2009\\\/04\\\/sante-rossetto-2.jpg\",\"datePublished\":\"2009-06-27T13:54:18+00:00\",\"dateModified\":\"2009-06-27T14:01:40+00:00\",\"breadcrumb\":{\"@id\":\"https:\\\/\\\/www.bellunopress.it\\\/2009\\\/06\\\/27\\\/giovedi-a-pieve-dalpago-ritorna-il-bandito-con-sante-rossetto\\\/#breadcrumb\"},\"inLanguage\":\"fr-FR\",\"potentialAction\":[{\"@type\":\"ReadAction\",\"target\":[\"https:\\\/\\\/www.bellunopress.it\\\/2009\\\/06\\\/27\\\/giovedi-a-pieve-dalpago-ritorna-il-bandito-con-sante-rossetto\\\/\"]}]},{\"@type\":\"ImageObject\",\"inLanguage\":\"fr-FR\",\"@id\":\"https:\\\/\\\/www.bellunopress.it\\\/2009\\\/06\\\/27\\\/giovedi-a-pieve-dalpago-ritorna-il-bandito-con-sante-rossetto\\\/#primaryimage\",\"url\":\"http:\\\/\\\/www.bellunopress.it\\\/wp-content\\\/uploads\\\/2009\\\/04\\\/sante-rossetto-2.jpg\",\"contentUrl\":\"http:\\\/\\\/www.bellunopress.it\\\/wp-content\\\/uploads\\\/2009\\\/04\\\/sante-rossetto-2.jpg\"},{\"@type\":\"BreadcrumbList\",\"@id\":\"https:\\\/\\\/www.bellunopress.it\\\/2009\\\/06\\\/27\\\/giovedi-a-pieve-dalpago-ritorna-il-bandito-con-sante-rossetto\\\/#breadcrumb\",\"itemListElement\":[{\"@type\":\"ListItem\",\"position\":1,\"name\":\"Home\",\"item\":\"https:\\\/\\\/www.bellunopress.it\\\/\"},{\"@type\":\"ListItem\",\"position\":2,\"name\":\"Gioved\u00ec a Pieve d&#8217;Alpago ritorna &#8220;Il bandito&#8221; con Sante Rossetto\"}]},{\"@type\":\"WebSite\",\"@id\":\"https:\\\/\\\/www.bellunopress.it\\\/#website\",\"url\":\"https:\\\/\\\/www.bellunopress.it\\\/\",\"name\":\"Bellunopress - Dolomiti\",\"description\":\"e-mail: redazione@bellunopress.it\",\"publisher\":{\"@id\":\"https:\\\/\\\/www.bellunopress.it\\\/#organization\"},\"potentialAction\":[{\"@type\":\"SearchAction\",\"target\":{\"@type\":\"EntryPoint\",\"urlTemplate\":\"https:\\\/\\\/www.bellunopress.it\\\/?s={search_term_string}\"},\"query-input\":{\"@type\":\"PropertyValueSpecification\",\"valueRequired\":true,\"valueName\":\"search_term_string\"}}],\"inLanguage\":\"fr-FR\"},{\"@type\":\"Organization\",\"@id\":\"https:\\\/\\\/www.bellunopress.it\\\/#organization\",\"name\":\"Bellunopress\",\"url\":\"https:\\\/\\\/www.bellunopress.it\\\/\",\"logo\":{\"@type\":\"ImageObject\",\"inLanguage\":\"fr-FR\",\"@id\":\"https:\\\/\\\/www.bellunopress.it\\\/#\\\/schema\\\/logo\\\/image\\\/\",\"url\":\"https:\\\/\\\/www.bellunopress.it\\\/wp-content\\\/uploads\\\/2011\\\/05\\\/cropped-logo-bellunopress-.jpg\",\"contentUrl\":\"https:\\\/\\\/www.bellunopress.it\\\/wp-content\\\/uploads\\\/2011\\\/05\\\/cropped-logo-bellunopress-.jpg\",\"width\":512,\"height\":512,\"caption\":\"Bellunopress\"},\"image\":{\"@id\":\"https:\\\/\\\/www.bellunopress.it\\\/#\\\/schema\\\/logo\\\/image\\\/\"},\"sameAs\":[\"https:\\\/\\\/www.facebook.com\\\/profile.php?id=100008943462799\",\"https:\\\/\\\/x.com\\\/bellunopress\",\"https:\\\/\\\/www.linkedin.com\\\/hp\\\/?dnr=JBzUWaJfMUw8vbXJJ2tVW5-I3jZKvC4wsoxE&amp;amp;amp;amp;amp;amp;trk=nav_responsive_tab_home\",\"https:\\\/\\\/www.youtube.com\\\/channel\\\/UCxL0wu1uN0_3_7hGG0306cw\"]},{\"@type\":\"Person\",\"@id\":\"https:\\\/\\\/www.bellunopress.it\\\/#\\\/schema\\\/person\\\/79bb06722b37ece1c03d3e94beb30d73\",\"name\":\"redazione\",\"image\":{\"@type\":\"ImageObject\",\"inLanguage\":\"fr-FR\",\"@id\":\"https:\\\/\\\/secure.gravatar.com\\\/avatar\\\/37d968a2e67a6fd04c169c4bdef102d0bc5d31b2546345219e348575eb80e9a0?s=96&d=mm&r=g\",\"url\":\"https:\\\/\\\/secure.gravatar.com\\\/avatar\\\/37d968a2e67a6fd04c169c4bdef102d0bc5d31b2546345219e348575eb80e9a0?s=96&d=mm&r=g\",\"contentUrl\":\"https:\\\/\\\/secure.gravatar.com\\\/avatar\\\/37d968a2e67a6fd04c169c4bdef102d0bc5d31b2546345219e348575eb80e9a0?s=96&d=mm&r=g\",\"caption\":\"redazione\"},\"sameAs\":[\"http:\\\/\\\/www.bellunopress.it\",\"https:\\\/\\\/x.com\\\/bellunopress\"],\"url\":\"https:\\\/\\\/www.bellunopress.it\\\/fr\\\/author\\\/redazione\\\/\"}]}<\/script>\n<!-- \/ Yoast SEO plugin. -->","yoast_head_json":{"title":"Gioved\u00ec a Pieve d'Alpago ritorna \"Il bandito\" con Sante Rossetto - Bellunopress - Dolomiti","robots":{"index":"index","follow":"follow","max-snippet":"max-snippet:-1","max-image-preview":"max-image-preview:large","max-video-preview":"max-video-preview:-1"},"canonical":"https:\/\/www.bellunopress.it\/fr\/2009\/06\/27\/giovedi-a-pieve-dalpago-ritorna-il-bandito-con-sante-rossetto\/","og_locale":"fr_FR","og_type":"article","og_title":"Gioved\u00ec a Pieve d'Alpago ritorna \"Il bandito\" con Sante Rossetto - Bellunopress - Dolomiti","og_description":"Sante Rossetto, giornalista e scrittore Si parler\u00e0 di sicurezza nel Seicento gioved\u00ec 2 luglio alle 20.30 a Pieve d&#8217;Alpago (piazzetta degli scacchi) con il giornalista e scrittore Sante Rossetto. Introdotto dal sindaco avv. Erminio Mazzucco il giornalista trevigiano presenter\u00e0 il suo ultimo libro &#8220;Il bandito. Violenza e criminalit\u00e0 nella Repubblica Veneta&#8221; edito da Sismondi. Uno [&hellip;]","og_url":"https:\/\/www.bellunopress.it\/fr\/2009\/06\/27\/giovedi-a-pieve-dalpago-ritorna-il-bandito-con-sante-rossetto\/","og_site_name":"Bellunopress - Dolomiti","article_publisher":"https:\/\/www.facebook.com\/profile.php?id=100008943462799","article_published_time":"2009-06-27T13:54:18+00:00","article_modified_time":"2009-06-27T14:01:40+00:00","og_image":[{"url":"http:\/\/www.bellunopress.it\/wp-content\/uploads\/2009\/04\/sante-rossetto-2.jpg","type":"","width":"","height":""}],"author":"redazione","twitter_card":"summary_large_image","twitter_creator":"@bellunopress","twitter_site":"@bellunopress","twitter_misc":{"\u00c9crit par":"redazione","Dur\u00e9e de lecture estim\u00e9e":"1 minute"},"schema":{"@context":"https:\/\/schema.org","@graph":[{"@type":"Article","@id":"https:\/\/www.bellunopress.it\/2009\/06\/27\/giovedi-a-pieve-dalpago-ritorna-il-bandito-con-sante-rossetto\/#article","isPartOf":{"@id":"https:\/\/www.bellunopress.it\/2009\/06\/27\/giovedi-a-pieve-dalpago-ritorna-il-bandito-con-sante-rossetto\/"},"author":{"name":"redazione","@id":"https:\/\/www.bellunopress.it\/#\/schema\/person\/79bb06722b37ece1c03d3e94beb30d73"},"headline":"Gioved\u00ec a Pieve d&#8217;Alpago ritorna &#8220;Il bandito&#8221; con Sante Rossetto","datePublished":"2009-06-27T13:54:18+00:00","dateModified":"2009-06-27T14:01:40+00:00","mainEntityOfPage":{"@id":"https:\/\/www.bellunopress.it\/2009\/06\/27\/giovedi-a-pieve-dalpago-ritorna-il-bandito-con-sante-rossetto\/"},"wordCount":218,"publisher":{"@id":"https:\/\/www.bellunopress.it\/#organization"},"image":{"@id":"https:\/\/www.bellunopress.it\/2009\/06\/27\/giovedi-a-pieve-dalpago-ritorna-il-bandito-con-sante-rossetto\/#primaryimage"},"thumbnailUrl":"http:\/\/www.bellunopress.it\/wp-content\/uploads\/2009\/04\/sante-rossetto-2.jpg","keywords":["Belluno"],"articleSection":["Arte, Cultura, Spettacoli, Scienza","Pausa Caff\u00e8"],"inLanguage":"fr-FR"},{"@type":"WebPage","@id":"https:\/\/www.bellunopress.it\/2009\/06\/27\/giovedi-a-pieve-dalpago-ritorna-il-bandito-con-sante-rossetto\/","url":"https:\/\/www.bellunopress.it\/2009\/06\/27\/giovedi-a-pieve-dalpago-ritorna-il-bandito-con-sante-rossetto\/","name":"Gioved\u00ec a Pieve d'Alpago ritorna \"Il bandito\" con Sante Rossetto - Bellunopress - Dolomiti","isPartOf":{"@id":"https:\/\/www.bellunopress.it\/#website"},"primaryImageOfPage":{"@id":"https:\/\/www.bellunopress.it\/2009\/06\/27\/giovedi-a-pieve-dalpago-ritorna-il-bandito-con-sante-rossetto\/#primaryimage"},"image":{"@id":"https:\/\/www.bellunopress.it\/2009\/06\/27\/giovedi-a-pieve-dalpago-ritorna-il-bandito-con-sante-rossetto\/#primaryimage"},"thumbnailUrl":"http:\/\/www.bellunopress.it\/wp-content\/uploads\/2009\/04\/sante-rossetto-2.jpg","datePublished":"2009-06-27T13:54:18+00:00","dateModified":"2009-06-27T14:01:40+00:00","breadcrumb":{"@id":"https:\/\/www.bellunopress.it\/2009\/06\/27\/giovedi-a-pieve-dalpago-ritorna-il-bandito-con-sante-rossetto\/#breadcrumb"},"inLanguage":"fr-FR","potentialAction":[{"@type":"ReadAction","target":["https:\/\/www.bellunopress.it\/2009\/06\/27\/giovedi-a-pieve-dalpago-ritorna-il-bandito-con-sante-rossetto\/"]}]},{"@type":"ImageObject","inLanguage":"fr-FR","@id":"https:\/\/www.bellunopress.it\/2009\/06\/27\/giovedi-a-pieve-dalpago-ritorna-il-bandito-con-sante-rossetto\/#primaryimage","url":"http:\/\/www.bellunopress.it\/wp-content\/uploads\/2009\/04\/sante-rossetto-2.jpg","contentUrl":"http:\/\/www.bellunopress.it\/wp-content\/uploads\/2009\/04\/sante-rossetto-2.jpg"},{"@type":"BreadcrumbList","@id":"https:\/\/www.bellunopress.it\/2009\/06\/27\/giovedi-a-pieve-dalpago-ritorna-il-bandito-con-sante-rossetto\/#breadcrumb","itemListElement":[{"@type":"ListItem","position":1,"name":"Home","item":"https:\/\/www.bellunopress.it\/"},{"@type":"ListItem","position":2,"name":"Gioved\u00ec a Pieve d&#8217;Alpago ritorna &#8220;Il bandito&#8221; con Sante Rossetto"}]},{"@type":"WebSite","@id":"https:\/\/www.bellunopress.it\/#website","url":"https:\/\/www.bellunopress.it\/","name":"Bellunopress - Dolomiti","description":"e-mail: redazione@bellunopress.it","publisher":{"@id":"https:\/\/www.bellunopress.it\/#organization"},"potentialAction":[{"@type":"SearchAction","target":{"@type":"EntryPoint","urlTemplate":"https:\/\/www.bellunopress.it\/?s={search_term_string}"},"query-input":{"@type":"PropertyValueSpecification","valueRequired":true,"valueName":"search_term_string"}}],"inLanguage":"fr-FR"},{"@type":"Organization","@id":"https:\/\/www.bellunopress.it\/#organization","name":"Bellunopress","url":"https:\/\/www.bellunopress.it\/","logo":{"@type":"ImageObject","inLanguage":"fr-FR","@id":"https:\/\/www.bellunopress.it\/#\/schema\/logo\/image\/","url":"https:\/\/www.bellunopress.it\/wp-content\/uploads\/2011\/05\/cropped-logo-bellunopress-.jpg","contentUrl":"https:\/\/www.bellunopress.it\/wp-content\/uploads\/2011\/05\/cropped-logo-bellunopress-.jpg","width":512,"height":512,"caption":"Bellunopress"},"image":{"@id":"https:\/\/www.bellunopress.it\/#\/schema\/logo\/image\/"},"sameAs":["https:\/\/www.facebook.com\/profile.php?id=100008943462799","https:\/\/x.com\/bellunopress","https:\/\/www.linkedin.com\/hp\/?dnr=JBzUWaJfMUw8vbXJJ2tVW5-I3jZKvC4wsoxE&amp;amp;amp;amp;amp;amp;trk=nav_responsive_tab_home","https:\/\/www.youtube.com\/channel\/UCxL0wu1uN0_3_7hGG0306cw"]},{"@type":"Person","@id":"https:\/\/www.bellunopress.it\/#\/schema\/person\/79bb06722b37ece1c03d3e94beb30d73","name":"r\u00e9daction","image":{"@type":"ImageObject","inLanguage":"fr-FR","@id":"https:\/\/secure.gravatar.com\/avatar\/37d968a2e67a6fd04c169c4bdef102d0bc5d31b2546345219e348575eb80e9a0?s=96&d=mm&r=g","url":"https:\/\/secure.gravatar.com\/avatar\/37d968a2e67a6fd04c169c4bdef102d0bc5d31b2546345219e348575eb80e9a0?s=96&d=mm&r=g","contentUrl":"https:\/\/secure.gravatar.com\/avatar\/37d968a2e67a6fd04c169c4bdef102d0bc5d31b2546345219e348575eb80e9a0?s=96&d=mm&r=g","caption":"redazione"},"sameAs":["http:\/\/www.bellunopress.it","https:\/\/x.com\/bellunopress"],"url":"https:\/\/www.bellunopress.it\/fr\/author\/redazione\/"}]}},"_links":{"self":[{"href":"https:\/\/www.bellunopress.it\/fr\/wp-json\/wp\/v2\/posts\/5462","targetHints":{"allow":["GET"]}}],"collection":[{"href":"https:\/\/www.bellunopress.it\/fr\/wp-json\/wp\/v2\/posts"}],"about":[{"href":"https:\/\/www.bellunopress.it\/fr\/wp-json\/wp\/v2\/types\/post"}],"author":[{"embeddable":true,"href":"https:\/\/www.bellunopress.it\/fr\/wp-json\/wp\/v2\/users\/2"}],"replies":[{"embeddable":true,"href":"https:\/\/www.bellunopress.it\/fr\/wp-json\/wp\/v2\/comments?post=5462"}],"version-history":[{"count":6,"href":"https:\/\/www.bellunopress.it\/fr\/wp-json\/wp\/v2\/posts\/5462\/revisions"}],"predecessor-version":[{"id":5466,"href":"https:\/\/www.bellunopress.it\/fr\/wp-json\/wp\/v2\/posts\/5462\/revisions\/5466"}],"wp:attachment":[{"href":"https:\/\/www.bellunopress.it\/fr\/wp-json\/wp\/v2\/media?parent=5462"}],"wp:term":[{"taxonomy":"category","embeddable":true,"href":"https:\/\/www.bellunopress.it\/fr\/wp-json\/wp\/v2\/categories?post=5462"},{"taxonomy":"post_tag","embeddable":true,"href":"https:\/\/www.bellunopress.it\/fr\/wp-json\/wp\/v2\/tags?post=5462"}],"curies":[{"name":"wp","href":"https:\/\/api.w.org\/{rel}","templated":true}]}}