{"id":5454,"date":"2009-06-27T12:30:41","date_gmt":"2009-06-27T11:30:41","guid":{"rendered":"http:\/\/www.bellunopress.it\/?p=5454"},"modified":"2009-06-27T12:32:02","modified_gmt":"2009-06-27T11:32:02","slug":"scuole-gabelli-i-soldi-non-ci-sono-ma-il-sindaco-assicura-che-a-settembre-le-lezioni-riprenderanno-regolarmente","status":"publish","type":"post","link":"https:\/\/www.bellunopress.it\/fr\/2009\/06\/27\/scuole-gabelli-i-soldi-non-ci-sono-ma-il-sindaco-assicura-che-a-settembre-le-lezioni-riprenderanno-regolarmente\/","title":{"rendered":"Scuole Gabelli: i soldi non ci sono, ma il sindaco assicura che a settembre le lezioni riprenderanno regolarmente"},"content":{"rendered":"<p><a href=\"http:\/\/www.bellunopress.it\/wp-content\/uploads\/2009\/04\/gabelli.jpg\"><img loading=\"lazy\" decoding=\"async\" class=\"alignleft size-medium wp-image-2518\" title=\"gabelli\" src=\"http:\/\/www.bellunopress.it\/wp-content\/uploads\/2009\/04\/gabelli.jpg\" alt=\"\" width=\"241\" height=\"181\" \/><\/a>\u201cNon ho motivo di dubitare di quanto dichiarato alla stampa dal Presidente della Provincia, Gianpaolo Bottacin. Se lui dice che i soldi non ci sono, vuol dire che \u00e8 vero. Io sono fra coloro che credono alla parola dei politici: avevo creduto anche a Sergio Reolon quando aveva fatto una promessa che per noi era la soluzione del problema. Evidentemente era una promessa da campagna elettorale. I miei concittadini avranno un&#8217;occasione in pi\u00f9 per farsi un&#8217;opinione su di un certo modo di fare politica. Detto questo, posso rassicurare le famiglie della mia Citt\u00e0: ho parlato a lungo con Bottacin e posso dire che ha a cuore la soluzione del problema delle Gabelli quanto l&#8217;abbiamo a cuore tutti noi. Ricordo, inoltre, che fin dal giorno dopo la chiusura delle Gabelli la mia Amministrazione non ha tralasciato di percorrere nessuna strada. Siamo in contatto diretto con il Ministro Gelmini e siamo in contatto diretto con l&#8217;Assessore all&#8217;Edilizia scolastica della Regione Veneto, Massimo Giorgetti. Da Giorgetti, in particolare \u2013 e devo dire che l&#8217;assessore Michele Carbogno sta lavorando bene su questo fronte \u2013 abbiamo avuto ampie rassicurazioni circa il prefabbricato. I genitori e le famiglie di Belluno possono stare tranquilli: stiamo lavorando e una promessa elettorale venuta meno non ci fa certo paura. Ho dato la mia parola che a settembre riprenderanno regolarmente le lezioni e cos\u00ec sar\u00e0 (in barba a tutti coloro che aspettano di lucrare politicamente sul disagio delle famiglie)\u201d.<\/p>","protected":false},"excerpt":{"rendered":"<p>\u201cNon ho motivo di dubitare di quanto dichiarato alla stampa dal Presidente della Provincia, Gianpaolo Bottacin. Se lui dice che i soldi non ci sono, vuol dire che \u00e8 vero. Io sono fra coloro che credono alla parola dei politici: avevo creduto anche a Sergio Reolon quando aveva fatto una promessa che per noi era [&hellip;]<\/p>\n","protected":false},"author":2,"featured_media":0,"comment_status":"closed","ping_status":"open","sticky":false,"template":"","format":"standard","meta":{"footnotes":""},"categories":[26,15],"tags":[139],"class_list":["post-5454","post","type-post","status-publish","format-standard","category-prima-pagina","category-scuola","tag-belluno"],"yoast_head":"<!-- This site is optimized with the Yoast SEO plugin v28.4 - https:\/\/yoast.com\/product\/yoast-seo-wordpress\/ -->\n<title>Scuole Gabelli: i soldi non ci sono, ma il sindaco assicura che a settembre le lezioni riprenderanno regolarmente  - Bellunopress - Dolomiti<\/title>\n<meta name=\"robots\" content=\"index, follow, max-snippet:-1, max-image-preview:large, max-video-preview:-1\" \/>\n<link rel=\"canonical\" href=\"https:\/\/www.bellunopress.it\/fr\/2009\/06\/27\/scuole-gabelli-i-soldi-non-ci-sono-ma-il-sindaco-assicura-che-a-settembre-le-lezioni-riprenderanno-regolarmente\/\" \/>\n<meta property=\"og:locale\" content=\"fr_FR\" \/>\n<meta property=\"og:type\" content=\"article\" \/>\n<meta property=\"og:title\" content=\"Scuole Gabelli: i soldi non ci sono, ma il sindaco assicura che a settembre le lezioni riprenderanno regolarmente  - Bellunopress - Dolomiti\" \/>\n<meta property=\"og:description\" content=\"\u201cNon ho motivo di dubitare di quanto dichiarato alla stampa dal Presidente della Provincia, Gianpaolo Bottacin. Se lui dice che i soldi non ci sono, vuol dire che \u00e8 vero. Io sono fra coloro che credono alla parola dei politici: avevo creduto anche a Sergio Reolon quando aveva fatto una promessa che per noi era [&hellip;]\" \/>\n<meta property=\"og:url\" content=\"https:\/\/www.bellunopress.it\/fr\/2009\/06\/27\/scuole-gabelli-i-soldi-non-ci-sono-ma-il-sindaco-assicura-che-a-settembre-le-lezioni-riprenderanno-regolarmente\/\" \/>\n<meta property=\"og:site_name\" content=\"Bellunopress - Dolomiti\" \/>\n<meta property=\"article:publisher\" content=\"https:\/\/www.facebook.com\/profile.php?id=100008943462799\" \/>\n<meta property=\"article:published_time\" content=\"2009-06-27T11:30:41+00:00\" \/>\n<meta property=\"article:modified_time\" content=\"2009-06-27T11:32:02+00:00\" \/>\n<meta property=\"og:image\" content=\"http:\/\/www.bellunopress.it\/wp-content\/uploads\/2009\/04\/gabelli.jpg\" \/>\n<meta name=\"author\" content=\"redazione\" \/>\n<meta name=\"twitter:card\" content=\"summary_large_image\" \/>\n<meta name=\"twitter:creator\" content=\"@bellunopress\" \/>\n<meta name=\"twitter:site\" content=\"@bellunopress\" \/>\n<meta name=\"twitter:label1\" content=\"\u00c9crit par\" \/>\n\t<meta name=\"twitter:data1\" content=\"redazione\" \/>\n\t<meta name=\"twitter:label2\" content=\"Dur\u00e9e de lecture estim\u00e9e\" \/>\n\t<meta name=\"twitter:data2\" content=\"1 minute\" \/>\n<script type=\"application\/ld+json\" class=\"yoast-schema-graph\">{\"@context\":\"https:\\\/\\\/schema.org\",\"@graph\":[{\"@type\":\"Article\",\"@id\":\"https:\\\/\\\/www.bellunopress.it\\\/2009\\\/06\\\/27\\\/scuole-gabelli-i-soldi-non-ci-sono-ma-il-sindaco-assicura-che-a-settembre-le-lezioni-riprenderanno-regolarmente\\\/#article\",\"isPartOf\":{\"@id\":\"https:\\\/\\\/www.bellunopress.it\\\/2009\\\/06\\\/27\\\/scuole-gabelli-i-soldi-non-ci-sono-ma-il-sindaco-assicura-che-a-settembre-le-lezioni-riprenderanno-regolarmente\\\/\"},\"author\":{\"name\":\"redazione\",\"@id\":\"https:\\\/\\\/www.bellunopress.it\\\/#\\\/schema\\\/person\\\/79bb06722b37ece1c03d3e94beb30d73\"},\"headline\":\"Scuole Gabelli: i soldi non ci sono, ma il sindaco assicura che a settembre le lezioni riprenderanno regolarmente\",\"datePublished\":\"2009-06-27T11:30:41+00:00\",\"dateModified\":\"2009-06-27T11:32:02+00:00\",\"mainEntityOfPage\":{\"@id\":\"https:\\\/\\\/www.bellunopress.it\\\/2009\\\/06\\\/27\\\/scuole-gabelli-i-soldi-non-ci-sono-ma-il-sindaco-assicura-che-a-settembre-le-lezioni-riprenderanno-regolarmente\\\/\"},\"wordCount\":260,\"publisher\":{\"@id\":\"https:\\\/\\\/www.bellunopress.it\\\/#organization\"},\"image\":{\"@id\":\"https:\\\/\\\/www.bellunopress.it\\\/2009\\\/06\\\/27\\\/scuole-gabelli-i-soldi-non-ci-sono-ma-il-sindaco-assicura-che-a-settembre-le-lezioni-riprenderanno-regolarmente\\\/#primaryimage\"},\"thumbnailUrl\":\"http:\\\/\\\/www.bellunopress.it\\\/wp-content\\\/uploads\\\/2009\\\/04\\\/gabelli.jpg\",\"keywords\":[\"Belluno\"],\"articleSection\":[\"Prima Pagina\",\"Scuola\"],\"inLanguage\":\"fr-FR\"},{\"@type\":\"WebPage\",\"@id\":\"https:\\\/\\\/www.bellunopress.it\\\/2009\\\/06\\\/27\\\/scuole-gabelli-i-soldi-non-ci-sono-ma-il-sindaco-assicura-che-a-settembre-le-lezioni-riprenderanno-regolarmente\\\/\",\"url\":\"https:\\\/\\\/www.bellunopress.it\\\/2009\\\/06\\\/27\\\/scuole-gabelli-i-soldi-non-ci-sono-ma-il-sindaco-assicura-che-a-settembre-le-lezioni-riprenderanno-regolarmente\\\/\",\"name\":\"Scuole Gabelli: i soldi non ci sono, ma il sindaco assicura che a settembre le lezioni riprenderanno regolarmente - Bellunopress - Dolomiti\",\"isPartOf\":{\"@id\":\"https:\\\/\\\/www.bellunopress.it\\\/#website\"},\"primaryImageOfPage\":{\"@id\":\"https:\\\/\\\/www.bellunopress.it\\\/2009\\\/06\\\/27\\\/scuole-gabelli-i-soldi-non-ci-sono-ma-il-sindaco-assicura-che-a-settembre-le-lezioni-riprenderanno-regolarmente\\\/#primaryimage\"},\"image\":{\"@id\":\"https:\\\/\\\/www.bellunopress.it\\\/2009\\\/06\\\/27\\\/scuole-gabelli-i-soldi-non-ci-sono-ma-il-sindaco-assicura-che-a-settembre-le-lezioni-riprenderanno-regolarmente\\\/#primaryimage\"},\"thumbnailUrl\":\"http:\\\/\\\/www.bellunopress.it\\\/wp-content\\\/uploads\\\/2009\\\/04\\\/gabelli.jpg\",\"datePublished\":\"2009-06-27T11:30:41+00:00\",\"dateModified\":\"2009-06-27T11:32:02+00:00\",\"breadcrumb\":{\"@id\":\"https:\\\/\\\/www.bellunopress.it\\\/2009\\\/06\\\/27\\\/scuole-gabelli-i-soldi-non-ci-sono-ma-il-sindaco-assicura-che-a-settembre-le-lezioni-riprenderanno-regolarmente\\\/#breadcrumb\"},\"inLanguage\":\"fr-FR\",\"potentialAction\":[{\"@type\":\"ReadAction\",\"target\":[\"https:\\\/\\\/www.bellunopress.it\\\/2009\\\/06\\\/27\\\/scuole-gabelli-i-soldi-non-ci-sono-ma-il-sindaco-assicura-che-a-settembre-le-lezioni-riprenderanno-regolarmente\\\/\"]}]},{\"@type\":\"ImageObject\",\"inLanguage\":\"fr-FR\",\"@id\":\"https:\\\/\\\/www.bellunopress.it\\\/2009\\\/06\\\/27\\\/scuole-gabelli-i-soldi-non-ci-sono-ma-il-sindaco-assicura-che-a-settembre-le-lezioni-riprenderanno-regolarmente\\\/#primaryimage\",\"url\":\"http:\\\/\\\/www.bellunopress.it\\\/wp-content\\\/uploads\\\/2009\\\/04\\\/gabelli.jpg\",\"contentUrl\":\"http:\\\/\\\/www.bellunopress.it\\\/wp-content\\\/uploads\\\/2009\\\/04\\\/gabelli.jpg\"},{\"@type\":\"BreadcrumbList\",\"@id\":\"https:\\\/\\\/www.bellunopress.it\\\/2009\\\/06\\\/27\\\/scuole-gabelli-i-soldi-non-ci-sono-ma-il-sindaco-assicura-che-a-settembre-le-lezioni-riprenderanno-regolarmente\\\/#breadcrumb\",\"itemListElement\":[{\"@type\":\"ListItem\",\"position\":1,\"name\":\"Home\",\"item\":\"https:\\\/\\\/www.bellunopress.it\\\/\"},{\"@type\":\"ListItem\",\"position\":2,\"name\":\"Scuole Gabelli: i soldi non ci sono, ma il sindaco assicura che a settembre le lezioni riprenderanno regolarmente\"}]},{\"@type\":\"WebSite\",\"@id\":\"https:\\\/\\\/www.bellunopress.it\\\/#website\",\"url\":\"https:\\\/\\\/www.bellunopress.it\\\/\",\"name\":\"Bellunopress - Dolomiti\",\"description\":\"e-mail: redazione@bellunopress.it\",\"publisher\":{\"@id\":\"https:\\\/\\\/www.bellunopress.it\\\/#organization\"},\"potentialAction\":[{\"@type\":\"SearchAction\",\"target\":{\"@type\":\"EntryPoint\",\"urlTemplate\":\"https:\\\/\\\/www.bellunopress.it\\\/?s={search_term_string}\"},\"query-input\":{\"@type\":\"PropertyValueSpecification\",\"valueRequired\":true,\"valueName\":\"search_term_string\"}}],\"inLanguage\":\"fr-FR\"},{\"@type\":\"Organization\",\"@id\":\"https:\\\/\\\/www.bellunopress.it\\\/#organization\",\"name\":\"Bellunopress\",\"url\":\"https:\\\/\\\/www.bellunopress.it\\\/\",\"logo\":{\"@type\":\"ImageObject\",\"inLanguage\":\"fr-FR\",\"@id\":\"https:\\\/\\\/www.bellunopress.it\\\/#\\\/schema\\\/logo\\\/image\\\/\",\"url\":\"https:\\\/\\\/www.bellunopress.it\\\/wp-content\\\/uploads\\\/2011\\\/05\\\/cropped-logo-bellunopress-.jpg\",\"contentUrl\":\"https:\\\/\\\/www.bellunopress.it\\\/wp-content\\\/uploads\\\/2011\\\/05\\\/cropped-logo-bellunopress-.jpg\",\"width\":512,\"height\":512,\"caption\":\"Bellunopress\"},\"image\":{\"@id\":\"https:\\\/\\\/www.bellunopress.it\\\/#\\\/schema\\\/logo\\\/image\\\/\"},\"sameAs\":[\"https:\\\/\\\/www.facebook.com\\\/profile.php?id=100008943462799\",\"https:\\\/\\\/x.com\\\/bellunopress\",\"https:\\\/\\\/www.linkedin.com\\\/hp\\\/?dnr=JBzUWaJfMUw8vbXJJ2tVW5-I3jZKvC4wsoxE&amp;amp;amp;amp;amp;amp;trk=nav_responsive_tab_home\",\"https:\\\/\\\/www.youtube.com\\\/channel\\\/UCxL0wu1uN0_3_7hGG0306cw\"]},{\"@type\":\"Person\",\"@id\":\"https:\\\/\\\/www.bellunopress.it\\\/#\\\/schema\\\/person\\\/79bb06722b37ece1c03d3e94beb30d73\",\"name\":\"redazione\",\"image\":{\"@type\":\"ImageObject\",\"inLanguage\":\"fr-FR\",\"@id\":\"https:\\\/\\\/secure.gravatar.com\\\/avatar\\\/37d968a2e67a6fd04c169c4bdef102d0bc5d31b2546345219e348575eb80e9a0?s=96&d=mm&r=g\",\"url\":\"https:\\\/\\\/secure.gravatar.com\\\/avatar\\\/37d968a2e67a6fd04c169c4bdef102d0bc5d31b2546345219e348575eb80e9a0?s=96&d=mm&r=g\",\"contentUrl\":\"https:\\\/\\\/secure.gravatar.com\\\/avatar\\\/37d968a2e67a6fd04c169c4bdef102d0bc5d31b2546345219e348575eb80e9a0?s=96&d=mm&r=g\",\"caption\":\"redazione\"},\"sameAs\":[\"http:\\\/\\\/www.bellunopress.it\",\"https:\\\/\\\/x.com\\\/bellunopress\"],\"url\":\"https:\\\/\\\/www.bellunopress.it\\\/fr\\\/author\\\/redazione\\\/\"}]}<\/script>\n<!-- \/ Yoast SEO plugin. -->","yoast_head_json":{"title":"Scuole Gabelli: i soldi non ci sono, ma il sindaco assicura che a settembre le lezioni riprenderanno regolarmente  - Bellunopress - Dolomiti","robots":{"index":"index","follow":"follow","max-snippet":"max-snippet:-1","max-image-preview":"max-image-preview:large","max-video-preview":"max-video-preview:-1"},"canonical":"https:\/\/www.bellunopress.it\/fr\/2009\/06\/27\/scuole-gabelli-i-soldi-non-ci-sono-ma-il-sindaco-assicura-che-a-settembre-le-lezioni-riprenderanno-regolarmente\/","og_locale":"fr_FR","og_type":"article","og_title":"Scuole Gabelli: i soldi non ci sono, ma il sindaco assicura che a settembre le lezioni riprenderanno regolarmente  - Bellunopress - Dolomiti","og_description":"\u201cNon ho motivo di dubitare di quanto dichiarato alla stampa dal Presidente della Provincia, Gianpaolo Bottacin. Se lui dice che i soldi non ci sono, vuol dire che \u00e8 vero. Io sono fra coloro che credono alla parola dei politici: avevo creduto anche a Sergio Reolon quando aveva fatto una promessa che per noi era [&hellip;]","og_url":"https:\/\/www.bellunopress.it\/fr\/2009\/06\/27\/scuole-gabelli-i-soldi-non-ci-sono-ma-il-sindaco-assicura-che-a-settembre-le-lezioni-riprenderanno-regolarmente\/","og_site_name":"Bellunopress - Dolomiti","article_publisher":"https:\/\/www.facebook.com\/profile.php?id=100008943462799","article_published_time":"2009-06-27T11:30:41+00:00","article_modified_time":"2009-06-27T11:32:02+00:00","og_image":[{"url":"http:\/\/www.bellunopress.it\/wp-content\/uploads\/2009\/04\/gabelli.jpg","type":"","width":"","height":""}],"author":"redazione","twitter_card":"summary_large_image","twitter_creator":"@bellunopress","twitter_site":"@bellunopress","twitter_misc":{"\u00c9crit par":"redazione","Dur\u00e9e de lecture estim\u00e9e":"1 minute"},"schema":{"@context":"https:\/\/schema.org","@graph":[{"@type":"Article","@id":"https:\/\/www.bellunopress.it\/2009\/06\/27\/scuole-gabelli-i-soldi-non-ci-sono-ma-il-sindaco-assicura-che-a-settembre-le-lezioni-riprenderanno-regolarmente\/#article","isPartOf":{"@id":"https:\/\/www.bellunopress.it\/2009\/06\/27\/scuole-gabelli-i-soldi-non-ci-sono-ma-il-sindaco-assicura-che-a-settembre-le-lezioni-riprenderanno-regolarmente\/"},"author":{"name":"redazione","@id":"https:\/\/www.bellunopress.it\/#\/schema\/person\/79bb06722b37ece1c03d3e94beb30d73"},"headline":"Scuole Gabelli: i soldi non ci sono, ma il sindaco assicura che a settembre le lezioni riprenderanno regolarmente","datePublished":"2009-06-27T11:30:41+00:00","dateModified":"2009-06-27T11:32:02+00:00","mainEntityOfPage":{"@id":"https:\/\/www.bellunopress.it\/2009\/06\/27\/scuole-gabelli-i-soldi-non-ci-sono-ma-il-sindaco-assicura-che-a-settembre-le-lezioni-riprenderanno-regolarmente\/"},"wordCount":260,"publisher":{"@id":"https:\/\/www.bellunopress.it\/#organization"},"image":{"@id":"https:\/\/www.bellunopress.it\/2009\/06\/27\/scuole-gabelli-i-soldi-non-ci-sono-ma-il-sindaco-assicura-che-a-settembre-le-lezioni-riprenderanno-regolarmente\/#primaryimage"},"thumbnailUrl":"http:\/\/www.bellunopress.it\/wp-content\/uploads\/2009\/04\/gabelli.jpg","keywords":["Belluno"],"articleSection":["Prima Pagina","Scuola"],"inLanguage":"fr-FR"},{"@type":"WebPage","@id":"https:\/\/www.bellunopress.it\/2009\/06\/27\/scuole-gabelli-i-soldi-non-ci-sono-ma-il-sindaco-assicura-che-a-settembre-le-lezioni-riprenderanno-regolarmente\/","url":"https:\/\/www.bellunopress.it\/2009\/06\/27\/scuole-gabelli-i-soldi-non-ci-sono-ma-il-sindaco-assicura-che-a-settembre-le-lezioni-riprenderanno-regolarmente\/","name":"Scuole Gabelli: i soldi non ci sono, ma il sindaco assicura che a settembre le lezioni riprenderanno regolarmente - Bellunopress - Dolomiti","isPartOf":{"@id":"https:\/\/www.bellunopress.it\/#website"},"primaryImageOfPage":{"@id":"https:\/\/www.bellunopress.it\/2009\/06\/27\/scuole-gabelli-i-soldi-non-ci-sono-ma-il-sindaco-assicura-che-a-settembre-le-lezioni-riprenderanno-regolarmente\/#primaryimage"},"image":{"@id":"https:\/\/www.bellunopress.it\/2009\/06\/27\/scuole-gabelli-i-soldi-non-ci-sono-ma-il-sindaco-assicura-che-a-settembre-le-lezioni-riprenderanno-regolarmente\/#primaryimage"},"thumbnailUrl":"http:\/\/www.bellunopress.it\/wp-content\/uploads\/2009\/04\/gabelli.jpg","datePublished":"2009-06-27T11:30:41+00:00","dateModified":"2009-06-27T11:32:02+00:00","breadcrumb":{"@id":"https:\/\/www.bellunopress.it\/2009\/06\/27\/scuole-gabelli-i-soldi-non-ci-sono-ma-il-sindaco-assicura-che-a-settembre-le-lezioni-riprenderanno-regolarmente\/#breadcrumb"},"inLanguage":"fr-FR","potentialAction":[{"@type":"ReadAction","target":["https:\/\/www.bellunopress.it\/2009\/06\/27\/scuole-gabelli-i-soldi-non-ci-sono-ma-il-sindaco-assicura-che-a-settembre-le-lezioni-riprenderanno-regolarmente\/"]}]},{"@type":"ImageObject","inLanguage":"fr-FR","@id":"https:\/\/www.bellunopress.it\/2009\/06\/27\/scuole-gabelli-i-soldi-non-ci-sono-ma-il-sindaco-assicura-che-a-settembre-le-lezioni-riprenderanno-regolarmente\/#primaryimage","url":"http:\/\/www.bellunopress.it\/wp-content\/uploads\/2009\/04\/gabelli.jpg","contentUrl":"http:\/\/www.bellunopress.it\/wp-content\/uploads\/2009\/04\/gabelli.jpg"},{"@type":"BreadcrumbList","@id":"https:\/\/www.bellunopress.it\/2009\/06\/27\/scuole-gabelli-i-soldi-non-ci-sono-ma-il-sindaco-assicura-che-a-settembre-le-lezioni-riprenderanno-regolarmente\/#breadcrumb","itemListElement":[{"@type":"ListItem","position":1,"name":"Home","item":"https:\/\/www.bellunopress.it\/"},{"@type":"ListItem","position":2,"name":"Scuole Gabelli: i soldi non ci sono, ma il sindaco assicura che a settembre le lezioni riprenderanno regolarmente"}]},{"@type":"WebSite","@id":"https:\/\/www.bellunopress.it\/#website","url":"https:\/\/www.bellunopress.it\/","name":"Bellunopress - Dolomiti","description":"e-mail: redazione@bellunopress.it","publisher":{"@id":"https:\/\/www.bellunopress.it\/#organization"},"potentialAction":[{"@type":"SearchAction","target":{"@type":"EntryPoint","urlTemplate":"https:\/\/www.bellunopress.it\/?s={search_term_string}"},"query-input":{"@type":"PropertyValueSpecification","valueRequired":true,"valueName":"search_term_string"}}],"inLanguage":"fr-FR"},{"@type":"Organization","@id":"https:\/\/www.bellunopress.it\/#organization","name":"Bellunopress","url":"https:\/\/www.bellunopress.it\/","logo":{"@type":"ImageObject","inLanguage":"fr-FR","@id":"https:\/\/www.bellunopress.it\/#\/schema\/logo\/image\/","url":"https:\/\/www.bellunopress.it\/wp-content\/uploads\/2011\/05\/cropped-logo-bellunopress-.jpg","contentUrl":"https:\/\/www.bellunopress.it\/wp-content\/uploads\/2011\/05\/cropped-logo-bellunopress-.jpg","width":512,"height":512,"caption":"Bellunopress"},"image":{"@id":"https:\/\/www.bellunopress.it\/#\/schema\/logo\/image\/"},"sameAs":["https:\/\/www.facebook.com\/profile.php?id=100008943462799","https:\/\/x.com\/bellunopress","https:\/\/www.linkedin.com\/hp\/?dnr=JBzUWaJfMUw8vbXJJ2tVW5-I3jZKvC4wsoxE&amp;amp;amp;amp;amp;amp;trk=nav_responsive_tab_home","https:\/\/www.youtube.com\/channel\/UCxL0wu1uN0_3_7hGG0306cw"]},{"@type":"Person","@id":"https:\/\/www.bellunopress.it\/#\/schema\/person\/79bb06722b37ece1c03d3e94beb30d73","name":"r\u00e9daction","image":{"@type":"ImageObject","inLanguage":"fr-FR","@id":"https:\/\/secure.gravatar.com\/avatar\/37d968a2e67a6fd04c169c4bdef102d0bc5d31b2546345219e348575eb80e9a0?s=96&d=mm&r=g","url":"https:\/\/secure.gravatar.com\/avatar\/37d968a2e67a6fd04c169c4bdef102d0bc5d31b2546345219e348575eb80e9a0?s=96&d=mm&r=g","contentUrl":"https:\/\/secure.gravatar.com\/avatar\/37d968a2e67a6fd04c169c4bdef102d0bc5d31b2546345219e348575eb80e9a0?s=96&d=mm&r=g","caption":"redazione"},"sameAs":["http:\/\/www.bellunopress.it","https:\/\/x.com\/bellunopress"],"url":"https:\/\/www.bellunopress.it\/fr\/author\/redazione\/"}]}},"_links":{"self":[{"href":"https:\/\/www.bellunopress.it\/fr\/wp-json\/wp\/v2\/posts\/5454","targetHints":{"allow":["GET"]}}],"collection":[{"href":"https:\/\/www.bellunopress.it\/fr\/wp-json\/wp\/v2\/posts"}],"about":[{"href":"https:\/\/www.bellunopress.it\/fr\/wp-json\/wp\/v2\/types\/post"}],"author":[{"embeddable":true,"href":"https:\/\/www.bellunopress.it\/fr\/wp-json\/wp\/v2\/users\/2"}],"replies":[{"embeddable":true,"href":"https:\/\/www.bellunopress.it\/fr\/wp-json\/wp\/v2\/comments?post=5454"}],"version-history":[{"count":3,"href":"https:\/\/www.bellunopress.it\/fr\/wp-json\/wp\/v2\/posts\/5454\/revisions"}],"predecessor-version":[{"id":5456,"href":"https:\/\/www.bellunopress.it\/fr\/wp-json\/wp\/v2\/posts\/5454\/revisions\/5456"}],"wp:attachment":[{"href":"https:\/\/www.bellunopress.it\/fr\/wp-json\/wp\/v2\/media?parent=5454"}],"wp:term":[{"taxonomy":"category","embeddable":true,"href":"https:\/\/www.bellunopress.it\/fr\/wp-json\/wp\/v2\/categories?post=5454"},{"taxonomy":"post_tag","embeddable":true,"href":"https:\/\/www.bellunopress.it\/fr\/wp-json\/wp\/v2\/tags?post=5454"}],"curies":[{"name":"wp","href":"https:\/\/api.w.org\/{rel}","templated":true}]}}