{"id":5440,"date":"2009-06-26T18:48:16","date_gmt":"2009-06-26T17:48:16","guid":{"rendered":"http:\/\/www.bellunopress.it\/?p=5440"},"modified":"2009-06-26T18:48:16","modified_gmt":"2009-06-26T17:48:16","slug":"convegno-di-confindustria-belluno-dolomiti-alla-nogherazza-crisi-economica-il-rimbalzo-al-momento-non-ce-siamo-di-fronte-a-una-lenta-ripresa","status":"publish","type":"post","link":"https:\/\/www.bellunopress.it\/fr\/2009\/06\/26\/convegno-di-confindustria-belluno-dolomiti-alla-nogherazza-crisi-economica-il-rimbalzo-al-momento-non-ce-siamo-di-fronte-a-una-lenta-ripresa\/","title":{"rendered":"Convegno di Confindustria Belluno Dolomiti alla Nogherazza. Crisi economica, il rimbalzo al momento non c&#8217;\u00e8, siamo di fronte a una lenta ripresa"},"content":{"rendered":"<figure id=\"attachment_5442\" aria-describedby=\"caption-attachment-5442\" style=\"width: 90px\" class=\"wp-caption alignleft\"><a href=\"http:\/\/www.bellunopress.it\/wp-content\/uploads\/2009\/06\/luca-paolazzi-dirett-centro-studi-confindustria.jpg\"><img loading=\"lazy\" decoding=\"async\" class=\"size-medium wp-image-5442\" title=\"luca-paolazzi-dirett-centro-studi-confindustria\" src=\"http:\/\/www.bellunopress.it\/wp-content\/uploads\/2009\/06\/luca-paolazzi-dirett-centro-studi-confindustria.jpg\" alt=\"Luca Paolazzi direttore Centro studi Confindustria\" width=\"90\" height=\"90\" \/><\/a><figcaption id=\"caption-attachment-5442\" class=\"wp-caption-text\">Luca Paolazzi direttore Centro studi Confindustria<\/figcaption><\/figure>\n<figure id=\"attachment_5443\" aria-describedby=\"caption-attachment-5443\" style=\"width: 90px\" class=\"wp-caption alignright\"><a href=\"http:\/\/www.bellunopress.it\/wp-content\/uploads\/2009\/06\/daniele-franco-90x90.jpg\"><img loading=\"lazy\" decoding=\"async\" class=\"size-medium wp-image-5443\" title=\"daniele-franco-90x90\" src=\"http:\/\/www.bellunopress.it\/wp-content\/uploads\/2009\/06\/daniele-franco-90x90.jpg\" alt=\"Daniele Franco, capo Servizio studi di struttura economica e finanziaria Banca d'Italia\" width=\"90\" height=\"90\" \/><\/a><figcaption id=\"caption-attachment-5443\" class=\"wp-caption-text\">Daniele Franco, capo Servizio studi di struttura economica e finanziaria Banca d<\/figcaption><\/figure>\n<p>Crisi economica internazionale ai raggi X oggi pomeriggio al ristorante la Nogherazza di Castion (Belluno) per il convegno di Confindustria Belluno Dolomiti dal titolo\u201dA piccoli passi. Analisi e prospettive della nostra economia verso la ripresa\u201d. Al tavolo dei relatori Luca Paolazzi, direttore del Centro studi di Confindustria e Daniele Franco, capo del Servizio studi di struttura economica e finanziaria di Banca d&#8217;Italia. Ad introdurre il convegno il presidente di Confindustria Belluno Dolomiti Valentino Vascellari, che ha assicurato la costante pressione dell&#8217;associazione sul sistema creditizio. E&#8217; intervenuto quindi Gian Domenico Cappellaro, presidente consiglio Piccola impresa di Confindustria Belluno Dolomiti che ha sottolineato come le piccole aziende bellunesi siano da sempre abituate a confrontarsi con mille difficolt\u00e0. Sono seguiti gli interventi dei due esperti, dinanzi a un pubblico numeroso costituito quasi essenzialmente da imprenditori bellunesi e direttori di istituti bancari locali. Il dato positivo rilevato da Luca Paolazzi, \u00e8 che coloro che hanno mantenuto il loro posto di lavoro, per effetto dei tassi d&#8217;interesse che sono ai minimi storici, si ritroveranno oggi uno stipendio con un potere d&#8217;acquisto maggiore. Ma \u00e8 l&#8217;unica nota positiva in un quadro generale che non consente facili ottimismi. Ma la crisi economica non \u00e8 uguale per tutti. Le cadute infatti non sono distribuite uniformemente. C&#8217;\u00e8 ad esempio l&#8217;automobile in Giappone che perde il 51,7%. Tiene il settore farmaceutico e alimentare. Calano i beni di consumo non durevoli, abbigliamento, elettronica, mobili. Calano anche i beni durevoli, i prodotti in legno e i beni capitali e i beni intermedi come i macchinari (-32%). Caute anche le previsioni: nel 2014 secondo l&#8217;esperto di Confindustria, non avremo ancora recuperato i livelli che avevamo prima della crisi. E la ripresa arriver\u00e0 con un tasso di crescita maggiore nei Paesi emergenti: Cina, India, Brasile, Russia, Messico, Turchia. Ha completato l&#8217;analisi Daniele Franco di Bankitalia, che ha parlato di un \u00abcrollo del commercio mondiale di proporzioni inusuali\u00bb. Tant&#8217;\u00e8 che la flessione della produzione industriale in Italia, per ora, \u00e8 peggiore di quella del 1929, anno del crollo delle borse seguito dalla depressione, e anche del 1974 con la crisi petrolifera. Quello che non si capisce \u00e8 come mai la Banca d&#8217;Italia, che oggi ci spiega tutto nel dettaglio, non abbia fiutato qualcosa prima! Del resto, nulla fece la Consob per fermare la bancarotta di Cirio e Parmalat.\u00a0 Ad anticipare la pericolosit\u00e0 di Parmalat fu solo Beppe Grillo! E per dirla tutta: che ne \u00e8 stato di coloro che ci hanno rifilato i titoli tossici? Negli Stati Uniti qualche testa \u00e8 caduta. Ma qui sono ancora tutti seduti sui loro posti dorati.<\/p>","protected":false},"excerpt":{"rendered":"<p>Crisi economica internazionale ai raggi X oggi pomeriggio al ristorante la Nogherazza di Castion (Belluno) per il convegno di Confindustria Belluno Dolomiti dal titolo\u201dA piccoli passi. Analisi e prospettive della nostra economia verso la ripresa\u201d. Al tavolo dei relatori Luca Paolazzi, direttore del Centro studi di Confindustria e Daniele Franco, capo del Servizio studi di [&hellip;]<\/p>\n","protected":false},"author":2,"featured_media":0,"comment_status":"closed","ping_status":"open","sticky":false,"template":"","format":"standard","meta":{"footnotes":""},"categories":[36],"tags":[139,63],"class_list":["post-5440","post","type-post","status-publish","format-standard","category-lavoro-economia","tag-belluno","tag-dolomiti"],"yoast_head":"<!-- This site is optimized with the Yoast SEO plugin v28.4 - https:\/\/yoast.com\/product\/yoast-seo-wordpress\/ -->\n<title>Convegno di Confindustria Belluno Dolomiti alla Nogherazza. Crisi economica, il rimbalzo al momento non c&#039;\u00e8, siamo di fronte a una lenta ripresa - Bellunopress - Dolomiti<\/title>\n<meta name=\"robots\" content=\"index, follow, max-snippet:-1, max-image-preview:large, max-video-preview:-1\" \/>\n<link rel=\"canonical\" href=\"https:\/\/www.bellunopress.it\/fr\/2009\/06\/26\/convegno-di-confindustria-belluno-dolomiti-alla-nogherazza-crisi-economica-il-rimbalzo-al-momento-non-ce-siamo-di-fronte-a-una-lenta-ripresa\/\" \/>\n<meta property=\"og:locale\" content=\"fr_FR\" \/>\n<meta property=\"og:type\" content=\"article\" \/>\n<meta property=\"og:title\" content=\"Convegno di Confindustria Belluno Dolomiti alla Nogherazza. Crisi economica, il rimbalzo al momento non c&#039;\u00e8, siamo di fronte a una lenta ripresa - Bellunopress - Dolomiti\" \/>\n<meta property=\"og:description\" content=\"Crisi economica internazionale ai raggi X oggi pomeriggio al ristorante la Nogherazza di Castion (Belluno) per il convegno di Confindustria Belluno Dolomiti dal titolo\u201dA piccoli passi. Analisi e prospettive della nostra economia verso la ripresa\u201d. Al tavolo dei relatori Luca Paolazzi, direttore del Centro studi di Confindustria e Daniele Franco, capo del Servizio studi di [&hellip;]\" \/>\n<meta property=\"og:url\" content=\"https:\/\/www.bellunopress.it\/fr\/2009\/06\/26\/convegno-di-confindustria-belluno-dolomiti-alla-nogherazza-crisi-economica-il-rimbalzo-al-momento-non-ce-siamo-di-fronte-a-una-lenta-ripresa\/\" \/>\n<meta property=\"og:site_name\" content=\"Bellunopress - Dolomiti\" \/>\n<meta property=\"article:publisher\" content=\"https:\/\/www.facebook.com\/profile.php?id=100008943462799\" \/>\n<meta property=\"article:published_time\" content=\"2009-06-26T17:48:16+00:00\" \/>\n<meta property=\"og:image\" content=\"http:\/\/www.bellunopress.it\/wp-content\/uploads\/2009\/06\/luca-paolazzi-dirett-centro-studi-confindustria.jpg\" \/>\n<meta name=\"author\" content=\"redazione\" \/>\n<meta name=\"twitter:card\" content=\"summary_large_image\" \/>\n<meta name=\"twitter:creator\" content=\"@bellunopress\" \/>\n<meta name=\"twitter:site\" content=\"@bellunopress\" \/>\n<meta name=\"twitter:label1\" content=\"\u00c9crit par\" \/>\n\t<meta name=\"twitter:data1\" content=\"redazione\" \/>\n\t<meta name=\"twitter:label2\" content=\"Dur\u00e9e de lecture estim\u00e9e\" \/>\n\t<meta name=\"twitter:data2\" content=\"2 minutes\" \/>\n<script type=\"application\/ld+json\" class=\"yoast-schema-graph\">{\"@context\":\"https:\\\/\\\/schema.org\",\"@graph\":[{\"@type\":\"Article\",\"@id\":\"https:\\\/\\\/www.bellunopress.it\\\/2009\\\/06\\\/26\\\/convegno-di-confindustria-belluno-dolomiti-alla-nogherazza-crisi-economica-il-rimbalzo-al-momento-non-ce-siamo-di-fronte-a-una-lenta-ripresa\\\/#article\",\"isPartOf\":{\"@id\":\"https:\\\/\\\/www.bellunopress.it\\\/2009\\\/06\\\/26\\\/convegno-di-confindustria-belluno-dolomiti-alla-nogherazza-crisi-economica-il-rimbalzo-al-momento-non-ce-siamo-di-fronte-a-una-lenta-ripresa\\\/\"},\"author\":{\"name\":\"redazione\",\"@id\":\"https:\\\/\\\/www.bellunopress.it\\\/#\\\/schema\\\/person\\\/79bb06722b37ece1c03d3e94beb30d73\"},\"headline\":\"Convegno di Confindustria Belluno Dolomiti alla Nogherazza. Crisi economica, il rimbalzo al momento non c&#8217;\u00e8, siamo di fronte a una lenta ripresa\",\"datePublished\":\"2009-06-26T17:48:16+00:00\",\"mainEntityOfPage\":{\"@id\":\"https:\\\/\\\/www.bellunopress.it\\\/2009\\\/06\\\/26\\\/convegno-di-confindustria-belluno-dolomiti-alla-nogherazza-crisi-economica-il-rimbalzo-al-momento-non-ce-siamo-di-fronte-a-una-lenta-ripresa\\\/\"},\"wordCount\":482,\"publisher\":{\"@id\":\"https:\\\/\\\/www.bellunopress.it\\\/#organization\"},\"image\":{\"@id\":\"https:\\\/\\\/www.bellunopress.it\\\/2009\\\/06\\\/26\\\/convegno-di-confindustria-belluno-dolomiti-alla-nogherazza-crisi-economica-il-rimbalzo-al-momento-non-ce-siamo-di-fronte-a-una-lenta-ripresa\\\/#primaryimage\"},\"thumbnailUrl\":\"http:\\\/\\\/www.bellunopress.it\\\/wp-content\\\/uploads\\\/2009\\\/06\\\/luca-paolazzi-dirett-centro-studi-confindustria.jpg\",\"keywords\":[\"Belluno\",\"Dolomiti\"],\"articleSection\":[\"Lavoro, Economia, Turismo\"],\"inLanguage\":\"fr-FR\"},{\"@type\":\"WebPage\",\"@id\":\"https:\\\/\\\/www.bellunopress.it\\\/2009\\\/06\\\/26\\\/convegno-di-confindustria-belluno-dolomiti-alla-nogherazza-crisi-economica-il-rimbalzo-al-momento-non-ce-siamo-di-fronte-a-una-lenta-ripresa\\\/\",\"url\":\"https:\\\/\\\/www.bellunopress.it\\\/2009\\\/06\\\/26\\\/convegno-di-confindustria-belluno-dolomiti-alla-nogherazza-crisi-economica-il-rimbalzo-al-momento-non-ce-siamo-di-fronte-a-una-lenta-ripresa\\\/\",\"name\":\"Convegno di Confindustria Belluno Dolomiti alla Nogherazza. Crisi economica, il rimbalzo al momento non c'\u00e8, siamo di fronte a una lenta ripresa - Bellunopress - Dolomiti\",\"isPartOf\":{\"@id\":\"https:\\\/\\\/www.bellunopress.it\\\/#website\"},\"primaryImageOfPage\":{\"@id\":\"https:\\\/\\\/www.bellunopress.it\\\/2009\\\/06\\\/26\\\/convegno-di-confindustria-belluno-dolomiti-alla-nogherazza-crisi-economica-il-rimbalzo-al-momento-non-ce-siamo-di-fronte-a-una-lenta-ripresa\\\/#primaryimage\"},\"image\":{\"@id\":\"https:\\\/\\\/www.bellunopress.it\\\/2009\\\/06\\\/26\\\/convegno-di-confindustria-belluno-dolomiti-alla-nogherazza-crisi-economica-il-rimbalzo-al-momento-non-ce-siamo-di-fronte-a-una-lenta-ripresa\\\/#primaryimage\"},\"thumbnailUrl\":\"http:\\\/\\\/www.bellunopress.it\\\/wp-content\\\/uploads\\\/2009\\\/06\\\/luca-paolazzi-dirett-centro-studi-confindustria.jpg\",\"datePublished\":\"2009-06-26T17:48:16+00:00\",\"breadcrumb\":{\"@id\":\"https:\\\/\\\/www.bellunopress.it\\\/2009\\\/06\\\/26\\\/convegno-di-confindustria-belluno-dolomiti-alla-nogherazza-crisi-economica-il-rimbalzo-al-momento-non-ce-siamo-di-fronte-a-una-lenta-ripresa\\\/#breadcrumb\"},\"inLanguage\":\"fr-FR\",\"potentialAction\":[{\"@type\":\"ReadAction\",\"target\":[\"https:\\\/\\\/www.bellunopress.it\\\/2009\\\/06\\\/26\\\/convegno-di-confindustria-belluno-dolomiti-alla-nogherazza-crisi-economica-il-rimbalzo-al-momento-non-ce-siamo-di-fronte-a-una-lenta-ripresa\\\/\"]}]},{\"@type\":\"ImageObject\",\"inLanguage\":\"fr-FR\",\"@id\":\"https:\\\/\\\/www.bellunopress.it\\\/2009\\\/06\\\/26\\\/convegno-di-confindustria-belluno-dolomiti-alla-nogherazza-crisi-economica-il-rimbalzo-al-momento-non-ce-siamo-di-fronte-a-una-lenta-ripresa\\\/#primaryimage\",\"url\":\"http:\\\/\\\/www.bellunopress.it\\\/wp-content\\\/uploads\\\/2009\\\/06\\\/luca-paolazzi-dirett-centro-studi-confindustria.jpg\",\"contentUrl\":\"http:\\\/\\\/www.bellunopress.it\\\/wp-content\\\/uploads\\\/2009\\\/06\\\/luca-paolazzi-dirett-centro-studi-confindustria.jpg\"},{\"@type\":\"BreadcrumbList\",\"@id\":\"https:\\\/\\\/www.bellunopress.it\\\/2009\\\/06\\\/26\\\/convegno-di-confindustria-belluno-dolomiti-alla-nogherazza-crisi-economica-il-rimbalzo-al-momento-non-ce-siamo-di-fronte-a-una-lenta-ripresa\\\/#breadcrumb\",\"itemListElement\":[{\"@type\":\"ListItem\",\"position\":1,\"name\":\"Home\",\"item\":\"https:\\\/\\\/www.bellunopress.it\\\/\"},{\"@type\":\"ListItem\",\"position\":2,\"name\":\"Convegno di Confindustria Belluno Dolomiti alla Nogherazza. Crisi economica, il rimbalzo al momento non c&#8217;\u00e8, siamo di fronte a una lenta ripresa\"}]},{\"@type\":\"WebSite\",\"@id\":\"https:\\\/\\\/www.bellunopress.it\\\/#website\",\"url\":\"https:\\\/\\\/www.bellunopress.it\\\/\",\"name\":\"Bellunopress - Dolomiti\",\"description\":\"e-mail: redazione@bellunopress.it\",\"publisher\":{\"@id\":\"https:\\\/\\\/www.bellunopress.it\\\/#organization\"},\"potentialAction\":[{\"@type\":\"SearchAction\",\"target\":{\"@type\":\"EntryPoint\",\"urlTemplate\":\"https:\\\/\\\/www.bellunopress.it\\\/?s={search_term_string}\"},\"query-input\":{\"@type\":\"PropertyValueSpecification\",\"valueRequired\":true,\"valueName\":\"search_term_string\"}}],\"inLanguage\":\"fr-FR\"},{\"@type\":\"Organization\",\"@id\":\"https:\\\/\\\/www.bellunopress.it\\\/#organization\",\"name\":\"Bellunopress\",\"url\":\"https:\\\/\\\/www.bellunopress.it\\\/\",\"logo\":{\"@type\":\"ImageObject\",\"inLanguage\":\"fr-FR\",\"@id\":\"https:\\\/\\\/www.bellunopress.it\\\/#\\\/schema\\\/logo\\\/image\\\/\",\"url\":\"https:\\\/\\\/www.bellunopress.it\\\/wp-content\\\/uploads\\\/2011\\\/05\\\/cropped-logo-bellunopress-.jpg\",\"contentUrl\":\"https:\\\/\\\/www.bellunopress.it\\\/wp-content\\\/uploads\\\/2011\\\/05\\\/cropped-logo-bellunopress-.jpg\",\"width\":512,\"height\":512,\"caption\":\"Bellunopress\"},\"image\":{\"@id\":\"https:\\\/\\\/www.bellunopress.it\\\/#\\\/schema\\\/logo\\\/image\\\/\"},\"sameAs\":[\"https:\\\/\\\/www.facebook.com\\\/profile.php?id=100008943462799\",\"https:\\\/\\\/x.com\\\/bellunopress\",\"https:\\\/\\\/www.linkedin.com\\\/hp\\\/?dnr=JBzUWaJfMUw8vbXJJ2tVW5-I3jZKvC4wsoxE&amp;amp;amp;amp;amp;amp;trk=nav_responsive_tab_home\",\"https:\\\/\\\/www.youtube.com\\\/channel\\\/UCxL0wu1uN0_3_7hGG0306cw\"]},{\"@type\":\"Person\",\"@id\":\"https:\\\/\\\/www.bellunopress.it\\\/#\\\/schema\\\/person\\\/79bb06722b37ece1c03d3e94beb30d73\",\"name\":\"redazione\",\"image\":{\"@type\":\"ImageObject\",\"inLanguage\":\"fr-FR\",\"@id\":\"https:\\\/\\\/secure.gravatar.com\\\/avatar\\\/37d968a2e67a6fd04c169c4bdef102d0bc5d31b2546345219e348575eb80e9a0?s=96&d=mm&r=g\",\"url\":\"https:\\\/\\\/secure.gravatar.com\\\/avatar\\\/37d968a2e67a6fd04c169c4bdef102d0bc5d31b2546345219e348575eb80e9a0?s=96&d=mm&r=g\",\"contentUrl\":\"https:\\\/\\\/secure.gravatar.com\\\/avatar\\\/37d968a2e67a6fd04c169c4bdef102d0bc5d31b2546345219e348575eb80e9a0?s=96&d=mm&r=g\",\"caption\":\"redazione\"},\"sameAs\":[\"http:\\\/\\\/www.bellunopress.it\",\"https:\\\/\\\/x.com\\\/bellunopress\"],\"url\":\"https:\\\/\\\/www.bellunopress.it\\\/fr\\\/author\\\/redazione\\\/\"}]}<\/script>\n<!-- \/ Yoast SEO plugin. -->","yoast_head_json":{"title":"Convegno di Confindustria Belluno Dolomiti alla Nogherazza. Crisi economica, il rimbalzo al momento non c'\u00e8, siamo di fronte a una lenta ripresa - Bellunopress - Dolomiti","robots":{"index":"index","follow":"follow","max-snippet":"max-snippet:-1","max-image-preview":"max-image-preview:large","max-video-preview":"max-video-preview:-1"},"canonical":"https:\/\/www.bellunopress.it\/fr\/2009\/06\/26\/convegno-di-confindustria-belluno-dolomiti-alla-nogherazza-crisi-economica-il-rimbalzo-al-momento-non-ce-siamo-di-fronte-a-una-lenta-ripresa\/","og_locale":"fr_FR","og_type":"article","og_title":"Convegno di Confindustria Belluno Dolomiti alla Nogherazza. Crisi economica, il rimbalzo al momento non c'\u00e8, siamo di fronte a una lenta ripresa - Bellunopress - Dolomiti","og_description":"Crisi economica internazionale ai raggi X oggi pomeriggio al ristorante la Nogherazza di Castion (Belluno) per il convegno di Confindustria Belluno Dolomiti dal titolo\u201dA piccoli passi. Analisi e prospettive della nostra economia verso la ripresa\u201d. Al tavolo dei relatori Luca Paolazzi, direttore del Centro studi di Confindustria e Daniele Franco, capo del Servizio studi di [&hellip;]","og_url":"https:\/\/www.bellunopress.it\/fr\/2009\/06\/26\/convegno-di-confindustria-belluno-dolomiti-alla-nogherazza-crisi-economica-il-rimbalzo-al-momento-non-ce-siamo-di-fronte-a-una-lenta-ripresa\/","og_site_name":"Bellunopress - Dolomiti","article_publisher":"https:\/\/www.facebook.com\/profile.php?id=100008943462799","article_published_time":"2009-06-26T17:48:16+00:00","og_image":[{"url":"http:\/\/www.bellunopress.it\/wp-content\/uploads\/2009\/06\/luca-paolazzi-dirett-centro-studi-confindustria.jpg","type":"","width":"","height":""}],"author":"redazione","twitter_card":"summary_large_image","twitter_creator":"@bellunopress","twitter_site":"@bellunopress","twitter_misc":{"\u00c9crit par":"redazione","Dur\u00e9e de lecture estim\u00e9e":"2 minutes"},"schema":{"@context":"https:\/\/schema.org","@graph":[{"@type":"Article","@id":"https:\/\/www.bellunopress.it\/2009\/06\/26\/convegno-di-confindustria-belluno-dolomiti-alla-nogherazza-crisi-economica-il-rimbalzo-al-momento-non-ce-siamo-di-fronte-a-una-lenta-ripresa\/#article","isPartOf":{"@id":"https:\/\/www.bellunopress.it\/2009\/06\/26\/convegno-di-confindustria-belluno-dolomiti-alla-nogherazza-crisi-economica-il-rimbalzo-al-momento-non-ce-siamo-di-fronte-a-una-lenta-ripresa\/"},"author":{"name":"redazione","@id":"https:\/\/www.bellunopress.it\/#\/schema\/person\/79bb06722b37ece1c03d3e94beb30d73"},"headline":"Convegno di Confindustria Belluno Dolomiti alla Nogherazza. Crisi economica, il rimbalzo al momento non c&#8217;\u00e8, siamo di fronte a una lenta ripresa","datePublished":"2009-06-26T17:48:16+00:00","mainEntityOfPage":{"@id":"https:\/\/www.bellunopress.it\/2009\/06\/26\/convegno-di-confindustria-belluno-dolomiti-alla-nogherazza-crisi-economica-il-rimbalzo-al-momento-non-ce-siamo-di-fronte-a-una-lenta-ripresa\/"},"wordCount":482,"publisher":{"@id":"https:\/\/www.bellunopress.it\/#organization"},"image":{"@id":"https:\/\/www.bellunopress.it\/2009\/06\/26\/convegno-di-confindustria-belluno-dolomiti-alla-nogherazza-crisi-economica-il-rimbalzo-al-momento-non-ce-siamo-di-fronte-a-una-lenta-ripresa\/#primaryimage"},"thumbnailUrl":"http:\/\/www.bellunopress.it\/wp-content\/uploads\/2009\/06\/luca-paolazzi-dirett-centro-studi-confindustria.jpg","keywords":["Belluno","Dolomiti"],"articleSection":["Lavoro, Economia, Turismo"],"inLanguage":"fr-FR"},{"@type":"WebPage","@id":"https:\/\/www.bellunopress.it\/2009\/06\/26\/convegno-di-confindustria-belluno-dolomiti-alla-nogherazza-crisi-economica-il-rimbalzo-al-momento-non-ce-siamo-di-fronte-a-una-lenta-ripresa\/","url":"https:\/\/www.bellunopress.it\/2009\/06\/26\/convegno-di-confindustria-belluno-dolomiti-alla-nogherazza-crisi-economica-il-rimbalzo-al-momento-non-ce-siamo-di-fronte-a-una-lenta-ripresa\/","name":"Convegno di Confindustria Belluno Dolomiti alla Nogherazza. Crisi economica, il rimbalzo al momento non c'\u00e8, siamo di fronte a una lenta ripresa - Bellunopress - Dolomiti","isPartOf":{"@id":"https:\/\/www.bellunopress.it\/#website"},"primaryImageOfPage":{"@id":"https:\/\/www.bellunopress.it\/2009\/06\/26\/convegno-di-confindustria-belluno-dolomiti-alla-nogherazza-crisi-economica-il-rimbalzo-al-momento-non-ce-siamo-di-fronte-a-una-lenta-ripresa\/#primaryimage"},"image":{"@id":"https:\/\/www.bellunopress.it\/2009\/06\/26\/convegno-di-confindustria-belluno-dolomiti-alla-nogherazza-crisi-economica-il-rimbalzo-al-momento-non-ce-siamo-di-fronte-a-una-lenta-ripresa\/#primaryimage"},"thumbnailUrl":"http:\/\/www.bellunopress.it\/wp-content\/uploads\/2009\/06\/luca-paolazzi-dirett-centro-studi-confindustria.jpg","datePublished":"2009-06-26T17:48:16+00:00","breadcrumb":{"@id":"https:\/\/www.bellunopress.it\/2009\/06\/26\/convegno-di-confindustria-belluno-dolomiti-alla-nogherazza-crisi-economica-il-rimbalzo-al-momento-non-ce-siamo-di-fronte-a-una-lenta-ripresa\/#breadcrumb"},"inLanguage":"fr-FR","potentialAction":[{"@type":"ReadAction","target":["https:\/\/www.bellunopress.it\/2009\/06\/26\/convegno-di-confindustria-belluno-dolomiti-alla-nogherazza-crisi-economica-il-rimbalzo-al-momento-non-ce-siamo-di-fronte-a-una-lenta-ripresa\/"]}]},{"@type":"ImageObject","inLanguage":"fr-FR","@id":"https:\/\/www.bellunopress.it\/2009\/06\/26\/convegno-di-confindustria-belluno-dolomiti-alla-nogherazza-crisi-economica-il-rimbalzo-al-momento-non-ce-siamo-di-fronte-a-una-lenta-ripresa\/#primaryimage","url":"http:\/\/www.bellunopress.it\/wp-content\/uploads\/2009\/06\/luca-paolazzi-dirett-centro-studi-confindustria.jpg","contentUrl":"http:\/\/www.bellunopress.it\/wp-content\/uploads\/2009\/06\/luca-paolazzi-dirett-centro-studi-confindustria.jpg"},{"@type":"BreadcrumbList","@id":"https:\/\/www.bellunopress.it\/2009\/06\/26\/convegno-di-confindustria-belluno-dolomiti-alla-nogherazza-crisi-economica-il-rimbalzo-al-momento-non-ce-siamo-di-fronte-a-una-lenta-ripresa\/#breadcrumb","itemListElement":[{"@type":"ListItem","position":1,"name":"Home","item":"https:\/\/www.bellunopress.it\/"},{"@type":"ListItem","position":2,"name":"Convegno di Confindustria Belluno Dolomiti alla Nogherazza. Crisi economica, il rimbalzo al momento non c&#8217;\u00e8, siamo di fronte a una lenta ripresa"}]},{"@type":"WebSite","@id":"https:\/\/www.bellunopress.it\/#website","url":"https:\/\/www.bellunopress.it\/","name":"Bellunopress - Dolomiti","description":"e-mail: redazione@bellunopress.it","publisher":{"@id":"https:\/\/www.bellunopress.it\/#organization"},"potentialAction":[{"@type":"SearchAction","target":{"@type":"EntryPoint","urlTemplate":"https:\/\/www.bellunopress.it\/?s={search_term_string}"},"query-input":{"@type":"PropertyValueSpecification","valueRequired":true,"valueName":"search_term_string"}}],"inLanguage":"fr-FR"},{"@type":"Organization","@id":"https:\/\/www.bellunopress.it\/#organization","name":"Bellunopress","url":"https:\/\/www.bellunopress.it\/","logo":{"@type":"ImageObject","inLanguage":"fr-FR","@id":"https:\/\/www.bellunopress.it\/#\/schema\/logo\/image\/","url":"https:\/\/www.bellunopress.it\/wp-content\/uploads\/2011\/05\/cropped-logo-bellunopress-.jpg","contentUrl":"https:\/\/www.bellunopress.it\/wp-content\/uploads\/2011\/05\/cropped-logo-bellunopress-.jpg","width":512,"height":512,"caption":"Bellunopress"},"image":{"@id":"https:\/\/www.bellunopress.it\/#\/schema\/logo\/image\/"},"sameAs":["https:\/\/www.facebook.com\/profile.php?id=100008943462799","https:\/\/x.com\/bellunopress","https:\/\/www.linkedin.com\/hp\/?dnr=JBzUWaJfMUw8vbXJJ2tVW5-I3jZKvC4wsoxE&amp;amp;amp;amp;amp;amp;trk=nav_responsive_tab_home","https:\/\/www.youtube.com\/channel\/UCxL0wu1uN0_3_7hGG0306cw"]},{"@type":"Person","@id":"https:\/\/www.bellunopress.it\/#\/schema\/person\/79bb06722b37ece1c03d3e94beb30d73","name":"r\u00e9daction","image":{"@type":"ImageObject","inLanguage":"fr-FR","@id":"https:\/\/secure.gravatar.com\/avatar\/37d968a2e67a6fd04c169c4bdef102d0bc5d31b2546345219e348575eb80e9a0?s=96&d=mm&r=g","url":"https:\/\/secure.gravatar.com\/avatar\/37d968a2e67a6fd04c169c4bdef102d0bc5d31b2546345219e348575eb80e9a0?s=96&d=mm&r=g","contentUrl":"https:\/\/secure.gravatar.com\/avatar\/37d968a2e67a6fd04c169c4bdef102d0bc5d31b2546345219e348575eb80e9a0?s=96&d=mm&r=g","caption":"redazione"},"sameAs":["http:\/\/www.bellunopress.it","https:\/\/x.com\/bellunopress"],"url":"https:\/\/www.bellunopress.it\/fr\/author\/redazione\/"}]}},"_links":{"self":[{"href":"https:\/\/www.bellunopress.it\/fr\/wp-json\/wp\/v2\/posts\/5440","targetHints":{"allow":["GET"]}}],"collection":[{"href":"https:\/\/www.bellunopress.it\/fr\/wp-json\/wp\/v2\/posts"}],"about":[{"href":"https:\/\/www.bellunopress.it\/fr\/wp-json\/wp\/v2\/types\/post"}],"author":[{"embeddable":true,"href":"https:\/\/www.bellunopress.it\/fr\/wp-json\/wp\/v2\/users\/2"}],"replies":[{"embeddable":true,"href":"https:\/\/www.bellunopress.it\/fr\/wp-json\/wp\/v2\/comments?post=5440"}],"version-history":[{"count":1,"href":"https:\/\/www.bellunopress.it\/fr\/wp-json\/wp\/v2\/posts\/5440\/revisions"}],"predecessor-version":[{"id":5444,"href":"https:\/\/www.bellunopress.it\/fr\/wp-json\/wp\/v2\/posts\/5440\/revisions\/5444"}],"wp:attachment":[{"href":"https:\/\/www.bellunopress.it\/fr\/wp-json\/wp\/v2\/media?parent=5440"}],"wp:term":[{"taxonomy":"category","embeddable":true,"href":"https:\/\/www.bellunopress.it\/fr\/wp-json\/wp\/v2\/categories?post=5440"},{"taxonomy":"post_tag","embeddable":true,"href":"https:\/\/www.bellunopress.it\/fr\/wp-json\/wp\/v2\/tags?post=5440"}],"curies":[{"name":"wp","href":"https:\/\/api.w.org\/{rel}","templated":true}]}}