{"id":5438,"date":"2009-06-26T17:01:33","date_gmt":"2009-06-26T16:01:33","guid":{"rendered":"http:\/\/www.bellunopress.it\/?p=5438"},"modified":"2009-06-26T17:01:33","modified_gmt":"2009-06-26T16:01:33","slug":"dolomiti-nel-patrimonio-dellumanita-la-soddisfazione-di-sergio-reolon","status":"publish","type":"post","link":"https:\/\/www.bellunopress.it\/fr\/2009\/06\/26\/dolomiti-nel-patrimonio-dellumanita-la-soddisfazione-di-sergio-reolon\/","title":{"rendered":"Dolomiti nel patrimonio dell&#8217;Umanit\u00e0, la soddisfazione di Sergio Reolon"},"content":{"rendered":"<p><a href=\"http:\/\/www.bellunopress.it\/wp-content\/uploads\/2009\/05\/sergio-reolon-leggeriss-90x90.jpg\"><img loading=\"lazy\" decoding=\"async\" class=\"alignleft size-medium wp-image-3728\" title=\"sergio-reolon-leggeriss-90x90\" src=\"http:\/\/www.bellunopress.it\/wp-content\/uploads\/2009\/05\/sergio-reolon-leggeriss-90x90.jpg\" alt=\"\" width=\"90\" height=\"90\" \/><\/a>\u201cSaluto con grande soddisfazione e orgoglio l&#8217;inserimento delle Dolomiti nei siti Patrimonio dell&#8217;Umanit\u00e0. E&#8217; un grande progetto voluto con forza, lungimiranza e determinazione dalla mia amministrazione provinciale\u201d. E&#8217; il commento di Sergio Reolon alla notizia giunta oggi da Siviglia del riconoscimento dell&#8217;Unesco \u201cE&#8217; la dimostrazione\u201d, continua Reolon, \u201cche quando si pensa in grande si possono ottenere grandi risultati. Abbiamo trainato e coordinato la candidatura, restituendo affermando nei fatti che le Dolomiti per la gran parte (pi\u00f9 del 60%) sono in provincia di Belluno. Tutti si lamentavano del fatto che fuori dai confini della nostra provincia parlare delle Dolomiti significasse parlare del Trentino Alto Adige, noi abbiamo restituito le Dolomiti alla loro collocazione reale. Abbiamo ridato ruolo e dignit\u00e0 nel mondo a questa provincia. Questo risultato \u00e8 ancora pi\u00f9 grande e significativo perch\u00e9 ottenuto nonostante la contrariet\u00e0 e il tentativo di boicottaggio operato da forze locali e regionali, in primo luogo dal presidente della Regione Galan e dall&#8217;assessore De Bona. Il fatto che ora tutti esaltino il valore di questo straordinario riconoscimento non pu\u00f2 che accrescere in noi la consapevolezza di aver lavorato per una cosa importante che segner\u00e0 una pagina di valore storico per la nostra provincia. Tutti i bellunesi devono sentirsi orgogliosi per questo progetto. I miei assessori ed io siamo felici di aver saputo dare alla nostra provincia un risultato cos\u00ec straordinario che aprir\u00e0 grandi opportunit\u00e0 e che ha dimostrato come dal basso si possano costruire politiche di sviluppo del territorio e di effettiva autonomia\u201d.<\/p>","protected":false},"excerpt":{"rendered":"<p>\u201cSaluto con grande soddisfazione e orgoglio l&#8217;inserimento delle Dolomiti nei siti Patrimonio dell&#8217;Umanit\u00e0. E&#8217; un grande progetto voluto con forza, lungimiranza e determinazione dalla mia amministrazione provinciale\u201d. E&#8217; il commento di Sergio Reolon alla notizia giunta oggi da Siviglia del riconoscimento dell&#8217;Unesco \u201cE&#8217; la dimostrazione\u201d, continua Reolon, \u201cche quando si pensa in grande si possono [&hellip;]<\/p>\n","protected":false},"author":2,"featured_media":0,"comment_status":"closed","ping_status":"open","sticky":false,"template":"","format":"standard","meta":{"footnotes":""},"categories":[5,26],"tags":[139,63],"class_list":["post-5438","post","type-post","status-publish","format-standard","category-cronaca","category-prima-pagina","tag-belluno","tag-dolomiti"],"yoast_head":"<!-- This site is optimized with the Yoast SEO plugin v28.4 - https:\/\/yoast.com\/product\/yoast-seo-wordpress\/ -->\n<title>Dolomiti nel patrimonio dell&#039;Umanit\u00e0, la soddisfazione di Sergio Reolon - Bellunopress - Dolomiti<\/title>\n<meta name=\"robots\" content=\"index, follow, max-snippet:-1, max-image-preview:large, max-video-preview:-1\" \/>\n<link rel=\"canonical\" href=\"https:\/\/www.bellunopress.it\/fr\/2009\/06\/26\/dolomiti-nel-patrimonio-dellumanita-la-soddisfazione-di-sergio-reolon\/\" \/>\n<meta property=\"og:locale\" content=\"fr_FR\" \/>\n<meta property=\"og:type\" content=\"article\" \/>\n<meta property=\"og:title\" content=\"Dolomiti nel patrimonio dell&#039;Umanit\u00e0, la soddisfazione di Sergio Reolon - Bellunopress - Dolomiti\" \/>\n<meta property=\"og:description\" content=\"\u201cSaluto con grande soddisfazione e orgoglio l&#8217;inserimento delle Dolomiti nei siti Patrimonio dell&#8217;Umanit\u00e0. E&#8217; un grande progetto voluto con forza, lungimiranza e determinazione dalla mia amministrazione provinciale\u201d. E&#8217; il commento di Sergio Reolon alla notizia giunta oggi da Siviglia del riconoscimento dell&#8217;Unesco \u201cE&#8217; la dimostrazione\u201d, continua Reolon, \u201cche quando si pensa in grande si possono [&hellip;]\" \/>\n<meta property=\"og:url\" content=\"https:\/\/www.bellunopress.it\/fr\/2009\/06\/26\/dolomiti-nel-patrimonio-dellumanita-la-soddisfazione-di-sergio-reolon\/\" \/>\n<meta property=\"og:site_name\" content=\"Bellunopress - Dolomiti\" \/>\n<meta property=\"article:publisher\" content=\"https:\/\/www.facebook.com\/profile.php?id=100008943462799\" \/>\n<meta property=\"article:published_time\" content=\"2009-06-26T16:01:33+00:00\" \/>\n<meta property=\"og:image\" content=\"http:\/\/www.bellunopress.it\/wp-content\/uploads\/2009\/05\/sergio-reolon-leggeriss-90x90.jpg\" \/>\n<meta name=\"author\" content=\"redazione\" \/>\n<meta name=\"twitter:card\" content=\"summary_large_image\" \/>\n<meta name=\"twitter:creator\" content=\"@bellunopress\" \/>\n<meta name=\"twitter:site\" content=\"@bellunopress\" \/>\n<meta name=\"twitter:label1\" content=\"\u00c9crit par\" \/>\n\t<meta name=\"twitter:data1\" content=\"redazione\" \/>\n\t<meta name=\"twitter:label2\" content=\"Dur\u00e9e de lecture estim\u00e9e\" \/>\n\t<meta name=\"twitter:data2\" content=\"1 minute\" \/>\n<script type=\"application\/ld+json\" class=\"yoast-schema-graph\">{\"@context\":\"https:\\\/\\\/schema.org\",\"@graph\":[{\"@type\":\"Article\",\"@id\":\"https:\\\/\\\/www.bellunopress.it\\\/2009\\\/06\\\/26\\\/dolomiti-nel-patrimonio-dellumanita-la-soddisfazione-di-sergio-reolon\\\/#article\",\"isPartOf\":{\"@id\":\"https:\\\/\\\/www.bellunopress.it\\\/2009\\\/06\\\/26\\\/dolomiti-nel-patrimonio-dellumanita-la-soddisfazione-di-sergio-reolon\\\/\"},\"author\":{\"name\":\"redazione\",\"@id\":\"https:\\\/\\\/www.bellunopress.it\\\/#\\\/schema\\\/person\\\/79bb06722b37ece1c03d3e94beb30d73\"},\"headline\":\"Dolomiti nel patrimonio dell&#8217;Umanit\u00e0, la soddisfazione di Sergio Reolon\",\"datePublished\":\"2009-06-26T16:01:33+00:00\",\"mainEntityOfPage\":{\"@id\":\"https:\\\/\\\/www.bellunopress.it\\\/2009\\\/06\\\/26\\\/dolomiti-nel-patrimonio-dellumanita-la-soddisfazione-di-sergio-reolon\\\/\"},\"wordCount\":259,\"publisher\":{\"@id\":\"https:\\\/\\\/www.bellunopress.it\\\/#organization\"},\"image\":{\"@id\":\"https:\\\/\\\/www.bellunopress.it\\\/2009\\\/06\\\/26\\\/dolomiti-nel-patrimonio-dellumanita-la-soddisfazione-di-sergio-reolon\\\/#primaryimage\"},\"thumbnailUrl\":\"http:\\\/\\\/www.bellunopress.it\\\/wp-content\\\/uploads\\\/2009\\\/05\\\/sergio-reolon-leggeriss-90x90.jpg\",\"keywords\":[\"Belluno\",\"Dolomiti\"],\"articleSection\":[\"Cronaca\\\/Politica\",\"Prima Pagina\"],\"inLanguage\":\"fr-FR\"},{\"@type\":\"WebPage\",\"@id\":\"https:\\\/\\\/www.bellunopress.it\\\/2009\\\/06\\\/26\\\/dolomiti-nel-patrimonio-dellumanita-la-soddisfazione-di-sergio-reolon\\\/\",\"url\":\"https:\\\/\\\/www.bellunopress.it\\\/2009\\\/06\\\/26\\\/dolomiti-nel-patrimonio-dellumanita-la-soddisfazione-di-sergio-reolon\\\/\",\"name\":\"Dolomiti nel patrimonio dell'Umanit\u00e0, la soddisfazione di Sergio Reolon - Bellunopress - Dolomiti\",\"isPartOf\":{\"@id\":\"https:\\\/\\\/www.bellunopress.it\\\/#website\"},\"primaryImageOfPage\":{\"@id\":\"https:\\\/\\\/www.bellunopress.it\\\/2009\\\/06\\\/26\\\/dolomiti-nel-patrimonio-dellumanita-la-soddisfazione-di-sergio-reolon\\\/#primaryimage\"},\"image\":{\"@id\":\"https:\\\/\\\/www.bellunopress.it\\\/2009\\\/06\\\/26\\\/dolomiti-nel-patrimonio-dellumanita-la-soddisfazione-di-sergio-reolon\\\/#primaryimage\"},\"thumbnailUrl\":\"http:\\\/\\\/www.bellunopress.it\\\/wp-content\\\/uploads\\\/2009\\\/05\\\/sergio-reolon-leggeriss-90x90.jpg\",\"datePublished\":\"2009-06-26T16:01:33+00:00\",\"breadcrumb\":{\"@id\":\"https:\\\/\\\/www.bellunopress.it\\\/2009\\\/06\\\/26\\\/dolomiti-nel-patrimonio-dellumanita-la-soddisfazione-di-sergio-reolon\\\/#breadcrumb\"},\"inLanguage\":\"fr-FR\",\"potentialAction\":[{\"@type\":\"ReadAction\",\"target\":[\"https:\\\/\\\/www.bellunopress.it\\\/2009\\\/06\\\/26\\\/dolomiti-nel-patrimonio-dellumanita-la-soddisfazione-di-sergio-reolon\\\/\"]}]},{\"@type\":\"ImageObject\",\"inLanguage\":\"fr-FR\",\"@id\":\"https:\\\/\\\/www.bellunopress.it\\\/2009\\\/06\\\/26\\\/dolomiti-nel-patrimonio-dellumanita-la-soddisfazione-di-sergio-reolon\\\/#primaryimage\",\"url\":\"http:\\\/\\\/www.bellunopress.it\\\/wp-content\\\/uploads\\\/2009\\\/05\\\/sergio-reolon-leggeriss-90x90.jpg\",\"contentUrl\":\"http:\\\/\\\/www.bellunopress.it\\\/wp-content\\\/uploads\\\/2009\\\/05\\\/sergio-reolon-leggeriss-90x90.jpg\"},{\"@type\":\"BreadcrumbList\",\"@id\":\"https:\\\/\\\/www.bellunopress.it\\\/2009\\\/06\\\/26\\\/dolomiti-nel-patrimonio-dellumanita-la-soddisfazione-di-sergio-reolon\\\/#breadcrumb\",\"itemListElement\":[{\"@type\":\"ListItem\",\"position\":1,\"name\":\"Home\",\"item\":\"https:\\\/\\\/www.bellunopress.it\\\/\"},{\"@type\":\"ListItem\",\"position\":2,\"name\":\"Dolomiti nel patrimonio dell&#8217;Umanit\u00e0, la soddisfazione di Sergio Reolon\"}]},{\"@type\":\"WebSite\",\"@id\":\"https:\\\/\\\/www.bellunopress.it\\\/#website\",\"url\":\"https:\\\/\\\/www.bellunopress.it\\\/\",\"name\":\"Bellunopress - Dolomiti\",\"description\":\"e-mail: redazione@bellunopress.it\",\"publisher\":{\"@id\":\"https:\\\/\\\/www.bellunopress.it\\\/#organization\"},\"potentialAction\":[{\"@type\":\"SearchAction\",\"target\":{\"@type\":\"EntryPoint\",\"urlTemplate\":\"https:\\\/\\\/www.bellunopress.it\\\/?s={search_term_string}\"},\"query-input\":{\"@type\":\"PropertyValueSpecification\",\"valueRequired\":true,\"valueName\":\"search_term_string\"}}],\"inLanguage\":\"fr-FR\"},{\"@type\":\"Organization\",\"@id\":\"https:\\\/\\\/www.bellunopress.it\\\/#organization\",\"name\":\"Bellunopress\",\"url\":\"https:\\\/\\\/www.bellunopress.it\\\/\",\"logo\":{\"@type\":\"ImageObject\",\"inLanguage\":\"fr-FR\",\"@id\":\"https:\\\/\\\/www.bellunopress.it\\\/#\\\/schema\\\/logo\\\/image\\\/\",\"url\":\"https:\\\/\\\/www.bellunopress.it\\\/wp-content\\\/uploads\\\/2011\\\/05\\\/cropped-logo-bellunopress-.jpg\",\"contentUrl\":\"https:\\\/\\\/www.bellunopress.it\\\/wp-content\\\/uploads\\\/2011\\\/05\\\/cropped-logo-bellunopress-.jpg\",\"width\":512,\"height\":512,\"caption\":\"Bellunopress\"},\"image\":{\"@id\":\"https:\\\/\\\/www.bellunopress.it\\\/#\\\/schema\\\/logo\\\/image\\\/\"},\"sameAs\":[\"https:\\\/\\\/www.facebook.com\\\/profile.php?id=100008943462799\",\"https:\\\/\\\/x.com\\\/bellunopress\",\"https:\\\/\\\/www.linkedin.com\\\/hp\\\/?dnr=JBzUWaJfMUw8vbXJJ2tVW5-I3jZKvC4wsoxE&amp;amp;amp;amp;amp;amp;trk=nav_responsive_tab_home\",\"https:\\\/\\\/www.youtube.com\\\/channel\\\/UCxL0wu1uN0_3_7hGG0306cw\"]},{\"@type\":\"Person\",\"@id\":\"https:\\\/\\\/www.bellunopress.it\\\/#\\\/schema\\\/person\\\/79bb06722b37ece1c03d3e94beb30d73\",\"name\":\"redazione\",\"image\":{\"@type\":\"ImageObject\",\"inLanguage\":\"fr-FR\",\"@id\":\"https:\\\/\\\/secure.gravatar.com\\\/avatar\\\/37d968a2e67a6fd04c169c4bdef102d0bc5d31b2546345219e348575eb80e9a0?s=96&d=mm&r=g\",\"url\":\"https:\\\/\\\/secure.gravatar.com\\\/avatar\\\/37d968a2e67a6fd04c169c4bdef102d0bc5d31b2546345219e348575eb80e9a0?s=96&d=mm&r=g\",\"contentUrl\":\"https:\\\/\\\/secure.gravatar.com\\\/avatar\\\/37d968a2e67a6fd04c169c4bdef102d0bc5d31b2546345219e348575eb80e9a0?s=96&d=mm&r=g\",\"caption\":\"redazione\"},\"sameAs\":[\"http:\\\/\\\/www.bellunopress.it\",\"https:\\\/\\\/x.com\\\/bellunopress\"],\"url\":\"https:\\\/\\\/www.bellunopress.it\\\/fr\\\/author\\\/redazione\\\/\"}]}<\/script>\n<!-- \/ Yoast SEO plugin. -->","yoast_head_json":{"title":"Dolomiti nel patrimonio dell'Umanit\u00e0, la soddisfazione di Sergio Reolon - Bellunopress - Dolomiti","robots":{"index":"index","follow":"follow","max-snippet":"max-snippet:-1","max-image-preview":"max-image-preview:large","max-video-preview":"max-video-preview:-1"},"canonical":"https:\/\/www.bellunopress.it\/fr\/2009\/06\/26\/dolomiti-nel-patrimonio-dellumanita-la-soddisfazione-di-sergio-reolon\/","og_locale":"fr_FR","og_type":"article","og_title":"Dolomiti nel patrimonio dell'Umanit\u00e0, la soddisfazione di Sergio Reolon - Bellunopress - Dolomiti","og_description":"\u201cSaluto con grande soddisfazione e orgoglio l&#8217;inserimento delle Dolomiti nei siti Patrimonio dell&#8217;Umanit\u00e0. E&#8217; un grande progetto voluto con forza, lungimiranza e determinazione dalla mia amministrazione provinciale\u201d. E&#8217; il commento di Sergio Reolon alla notizia giunta oggi da Siviglia del riconoscimento dell&#8217;Unesco \u201cE&#8217; la dimostrazione\u201d, continua Reolon, \u201cche quando si pensa in grande si possono [&hellip;]","og_url":"https:\/\/www.bellunopress.it\/fr\/2009\/06\/26\/dolomiti-nel-patrimonio-dellumanita-la-soddisfazione-di-sergio-reolon\/","og_site_name":"Bellunopress - Dolomiti","article_publisher":"https:\/\/www.facebook.com\/profile.php?id=100008943462799","article_published_time":"2009-06-26T16:01:33+00:00","og_image":[{"url":"http:\/\/www.bellunopress.it\/wp-content\/uploads\/2009\/05\/sergio-reolon-leggeriss-90x90.jpg","type":"","width":"","height":""}],"author":"redazione","twitter_card":"summary_large_image","twitter_creator":"@bellunopress","twitter_site":"@bellunopress","twitter_misc":{"\u00c9crit par":"redazione","Dur\u00e9e de lecture estim\u00e9e":"1 minute"},"schema":{"@context":"https:\/\/schema.org","@graph":[{"@type":"Article","@id":"https:\/\/www.bellunopress.it\/2009\/06\/26\/dolomiti-nel-patrimonio-dellumanita-la-soddisfazione-di-sergio-reolon\/#article","isPartOf":{"@id":"https:\/\/www.bellunopress.it\/2009\/06\/26\/dolomiti-nel-patrimonio-dellumanita-la-soddisfazione-di-sergio-reolon\/"},"author":{"name":"redazione","@id":"https:\/\/www.bellunopress.it\/#\/schema\/person\/79bb06722b37ece1c03d3e94beb30d73"},"headline":"Dolomiti nel patrimonio dell&#8217;Umanit\u00e0, la soddisfazione di Sergio Reolon","datePublished":"2009-06-26T16:01:33+00:00","mainEntityOfPage":{"@id":"https:\/\/www.bellunopress.it\/2009\/06\/26\/dolomiti-nel-patrimonio-dellumanita-la-soddisfazione-di-sergio-reolon\/"},"wordCount":259,"publisher":{"@id":"https:\/\/www.bellunopress.it\/#organization"},"image":{"@id":"https:\/\/www.bellunopress.it\/2009\/06\/26\/dolomiti-nel-patrimonio-dellumanita-la-soddisfazione-di-sergio-reolon\/#primaryimage"},"thumbnailUrl":"http:\/\/www.bellunopress.it\/wp-content\/uploads\/2009\/05\/sergio-reolon-leggeriss-90x90.jpg","keywords":["Belluno","Dolomiti"],"articleSection":["Cronaca\/Politica","Prima Pagina"],"inLanguage":"fr-FR"},{"@type":"WebPage","@id":"https:\/\/www.bellunopress.it\/2009\/06\/26\/dolomiti-nel-patrimonio-dellumanita-la-soddisfazione-di-sergio-reolon\/","url":"https:\/\/www.bellunopress.it\/2009\/06\/26\/dolomiti-nel-patrimonio-dellumanita-la-soddisfazione-di-sergio-reolon\/","name":"Dolomiti nel patrimonio dell'Umanit\u00e0, la soddisfazione di Sergio Reolon - Bellunopress - Dolomiti","isPartOf":{"@id":"https:\/\/www.bellunopress.it\/#website"},"primaryImageOfPage":{"@id":"https:\/\/www.bellunopress.it\/2009\/06\/26\/dolomiti-nel-patrimonio-dellumanita-la-soddisfazione-di-sergio-reolon\/#primaryimage"},"image":{"@id":"https:\/\/www.bellunopress.it\/2009\/06\/26\/dolomiti-nel-patrimonio-dellumanita-la-soddisfazione-di-sergio-reolon\/#primaryimage"},"thumbnailUrl":"http:\/\/www.bellunopress.it\/wp-content\/uploads\/2009\/05\/sergio-reolon-leggeriss-90x90.jpg","datePublished":"2009-06-26T16:01:33+00:00","breadcrumb":{"@id":"https:\/\/www.bellunopress.it\/2009\/06\/26\/dolomiti-nel-patrimonio-dellumanita-la-soddisfazione-di-sergio-reolon\/#breadcrumb"},"inLanguage":"fr-FR","potentialAction":[{"@type":"ReadAction","target":["https:\/\/www.bellunopress.it\/2009\/06\/26\/dolomiti-nel-patrimonio-dellumanita-la-soddisfazione-di-sergio-reolon\/"]}]},{"@type":"ImageObject","inLanguage":"fr-FR","@id":"https:\/\/www.bellunopress.it\/2009\/06\/26\/dolomiti-nel-patrimonio-dellumanita-la-soddisfazione-di-sergio-reolon\/#primaryimage","url":"http:\/\/www.bellunopress.it\/wp-content\/uploads\/2009\/05\/sergio-reolon-leggeriss-90x90.jpg","contentUrl":"http:\/\/www.bellunopress.it\/wp-content\/uploads\/2009\/05\/sergio-reolon-leggeriss-90x90.jpg"},{"@type":"BreadcrumbList","@id":"https:\/\/www.bellunopress.it\/2009\/06\/26\/dolomiti-nel-patrimonio-dellumanita-la-soddisfazione-di-sergio-reolon\/#breadcrumb","itemListElement":[{"@type":"ListItem","position":1,"name":"Home","item":"https:\/\/www.bellunopress.it\/"},{"@type":"ListItem","position":2,"name":"Dolomiti nel patrimonio dell&#8217;Umanit\u00e0, la soddisfazione di Sergio Reolon"}]},{"@type":"WebSite","@id":"https:\/\/www.bellunopress.it\/#website","url":"https:\/\/www.bellunopress.it\/","name":"Bellunopress - Dolomiti","description":"e-mail: redazione@bellunopress.it","publisher":{"@id":"https:\/\/www.bellunopress.it\/#organization"},"potentialAction":[{"@type":"SearchAction","target":{"@type":"EntryPoint","urlTemplate":"https:\/\/www.bellunopress.it\/?s={search_term_string}"},"query-input":{"@type":"PropertyValueSpecification","valueRequired":true,"valueName":"search_term_string"}}],"inLanguage":"fr-FR"},{"@type":"Organization","@id":"https:\/\/www.bellunopress.it\/#organization","name":"Bellunopress","url":"https:\/\/www.bellunopress.it\/","logo":{"@type":"ImageObject","inLanguage":"fr-FR","@id":"https:\/\/www.bellunopress.it\/#\/schema\/logo\/image\/","url":"https:\/\/www.bellunopress.it\/wp-content\/uploads\/2011\/05\/cropped-logo-bellunopress-.jpg","contentUrl":"https:\/\/www.bellunopress.it\/wp-content\/uploads\/2011\/05\/cropped-logo-bellunopress-.jpg","width":512,"height":512,"caption":"Bellunopress"},"image":{"@id":"https:\/\/www.bellunopress.it\/#\/schema\/logo\/image\/"},"sameAs":["https:\/\/www.facebook.com\/profile.php?id=100008943462799","https:\/\/x.com\/bellunopress","https:\/\/www.linkedin.com\/hp\/?dnr=JBzUWaJfMUw8vbXJJ2tVW5-I3jZKvC4wsoxE&amp;amp;amp;amp;amp;amp;trk=nav_responsive_tab_home","https:\/\/www.youtube.com\/channel\/UCxL0wu1uN0_3_7hGG0306cw"]},{"@type":"Person","@id":"https:\/\/www.bellunopress.it\/#\/schema\/person\/79bb06722b37ece1c03d3e94beb30d73","name":"r\u00e9daction","image":{"@type":"ImageObject","inLanguage":"fr-FR","@id":"https:\/\/secure.gravatar.com\/avatar\/37d968a2e67a6fd04c169c4bdef102d0bc5d31b2546345219e348575eb80e9a0?s=96&d=mm&r=g","url":"https:\/\/secure.gravatar.com\/avatar\/37d968a2e67a6fd04c169c4bdef102d0bc5d31b2546345219e348575eb80e9a0?s=96&d=mm&r=g","contentUrl":"https:\/\/secure.gravatar.com\/avatar\/37d968a2e67a6fd04c169c4bdef102d0bc5d31b2546345219e348575eb80e9a0?s=96&d=mm&r=g","caption":"redazione"},"sameAs":["http:\/\/www.bellunopress.it","https:\/\/x.com\/bellunopress"],"url":"https:\/\/www.bellunopress.it\/fr\/author\/redazione\/"}]}},"_links":{"self":[{"href":"https:\/\/www.bellunopress.it\/fr\/wp-json\/wp\/v2\/posts\/5438","targetHints":{"allow":["GET"]}}],"collection":[{"href":"https:\/\/www.bellunopress.it\/fr\/wp-json\/wp\/v2\/posts"}],"about":[{"href":"https:\/\/www.bellunopress.it\/fr\/wp-json\/wp\/v2\/types\/post"}],"author":[{"embeddable":true,"href":"https:\/\/www.bellunopress.it\/fr\/wp-json\/wp\/v2\/users\/2"}],"replies":[{"embeddable":true,"href":"https:\/\/www.bellunopress.it\/fr\/wp-json\/wp\/v2\/comments?post=5438"}],"version-history":[{"count":1,"href":"https:\/\/www.bellunopress.it\/fr\/wp-json\/wp\/v2\/posts\/5438\/revisions"}],"predecessor-version":[{"id":5439,"href":"https:\/\/www.bellunopress.it\/fr\/wp-json\/wp\/v2\/posts\/5438\/revisions\/5439"}],"wp:attachment":[{"href":"https:\/\/www.bellunopress.it\/fr\/wp-json\/wp\/v2\/media?parent=5438"}],"wp:term":[{"taxonomy":"category","embeddable":true,"href":"https:\/\/www.bellunopress.it\/fr\/wp-json\/wp\/v2\/categories?post=5438"},{"taxonomy":"post_tag","embeddable":true,"href":"https:\/\/www.bellunopress.it\/fr\/wp-json\/wp\/v2\/tags?post=5438"}],"curies":[{"name":"wp","href":"https:\/\/api.w.org\/{rel}","templated":true}]}}