{"id":5432,"date":"2009-06-26T12:51:36","date_gmt":"2009-06-26T11:51:36","guid":{"rendered":"http:\/\/www.bellunopress.it\/?p=5432"},"modified":"2009-06-26T12:51:36","modified_gmt":"2009-06-26T11:51:36","slug":"rotary-feltre-elvio-scottini-succede-nella-presidenza-a-antonio-bortoli","status":"publish","type":"post","link":"https:\/\/www.bellunopress.it\/fr\/2009\/06\/26\/rotary-feltre-elvio-scottini-succede-nella-presidenza-a-antonio-bortoli\/","title":{"rendered":"Rotary Feltre: Elvio Scottini succede nella presidenza a Antonio Bortoli"},"content":{"rendered":"<p>E<a href=\"http:\/\/www.bellunopress.it\/wp-content\/uploads\/2009\/06\/elvio-scottini-e-antonio-bortoli-rotary-feltre.jpg\"><img loading=\"lazy\" decoding=\"async\" class=\"alignleft size-medium wp-image-5433\" title=\"elvio-scottini-e-antonio-bortoli-rotary-feltre\" src=\"http:\/\/www.bellunopress.it\/wp-content\/uploads\/2009\/06\/elvio-scottini-e-antonio-bortoli-rotary-feltre.jpg\" alt=\"\" width=\"110\" height=\"85\" \/><\/a>lvio Scottini \u00e8 il nuovo presidente del Rotary Club Feltre.\u00a0 Il noto professionista succede nell\u2019incarico ad Antonio Bortoli, che per un anno ha guidato il sodalizio feltrino promuovendone l\u2019azione a livello sociale e culturale sul territorio con iniziative dedicate in particolare al<br \/>\ntema dello spopolamento montano. Ad essere coinvolti anche gli altri club Rotary<br \/>\ndella Provincia, per un confronto articolatosi in numerosi incontri e convegni con la partecipazione di ospiti e relatori da tutto il Triveneto. Numerose le riflessioni emerse, che hanno trattato problematiche forti del vivere ed abitare la montagna come l\u2019agricoltura, il turismo, la<br \/>\npromozione e valorizzazione delle risorse idriche, la rete viaria, i servizi sociosanitari. Il tutto per un unico messaggio di riscoperta e appropriazione dell\u2019identit\u00e0 culturale montana, che \u00e8 anche il filo conduttore della pubblicazione finanziata dal Distretto Rotary 2060 e in cui sono raccolti gli atti degli eventi. \u201cE\u2019 la memoria delle idee raccolte in un anno di intenso lavoro \u2013 ha concluso Bortoli nel corso della serata di passaggio delle consegne a Scottini, nei giorni scorsi a Croce d\u2019Aune &#8211; Tanti spunti e riflessioni per gli enti deputati alle decisioni\u201d. A seguire il passaggio del testimone al nuovo Presidente, in carica\u00a0 ufficialmente dal prossimo 1 luglio. (nella foto il passaggio delle consegne tra i due presidenti)<\/p>","protected":false},"excerpt":{"rendered":"<p>Elvio Scottini \u00e8 il nuovo presidente del Rotary Club Feltre.\u00a0 Il noto professionista succede nell\u2019incarico ad Antonio Bortoli, che per un anno ha guidato il sodalizio feltrino promuovendone l\u2019azione a livello sociale e culturale sul territorio con iniziative dedicate in particolare al tema dello spopolamento montano. Ad essere coinvolti anche gli altri club Rotary della [&hellip;]<\/p>\n","protected":false},"author":2,"featured_media":0,"comment_status":"closed","ping_status":"open","sticky":false,"template":"","format":"standard","meta":{"footnotes":""},"categories":[25,8],"tags":[139,302,2261],"class_list":["post-5432","post","type-post","status-publish","format-standard","category-pausa-caffe","category-societa-istituzioni","tag-belluno","tag-feltre","tag-feltrino"],"yoast_head":"<!-- This site is optimized with the Yoast SEO plugin v28.4 - https:\/\/yoast.com\/product\/yoast-seo-wordpress\/ -->\n<title>Rotary Feltre: Elvio Scottini succede nella presidenza a Antonio Bortoli - Bellunopress - Dolomiti<\/title>\n<meta name=\"robots\" content=\"index, follow, max-snippet:-1, max-image-preview:large, max-video-preview:-1\" \/>\n<link rel=\"canonical\" href=\"https:\/\/www.bellunopress.it\/fr\/2009\/06\/26\/rotary-feltre-elvio-scottini-succede-nella-presidenza-a-antonio-bortoli\/\" \/>\n<meta property=\"og:locale\" content=\"fr_FR\" \/>\n<meta property=\"og:type\" content=\"article\" \/>\n<meta property=\"og:title\" content=\"Rotary Feltre: Elvio Scottini succede nella presidenza a Antonio Bortoli - Bellunopress - Dolomiti\" \/>\n<meta property=\"og:description\" content=\"Elvio Scottini \u00e8 il nuovo presidente del Rotary Club Feltre.\u00a0 Il noto professionista succede nell\u2019incarico ad Antonio Bortoli, che per un anno ha guidato il sodalizio feltrino promuovendone l\u2019azione a livello sociale e culturale sul territorio con iniziative dedicate in particolare al tema dello spopolamento montano. Ad essere coinvolti anche gli altri club Rotary della [&hellip;]\" \/>\n<meta property=\"og:url\" content=\"https:\/\/www.bellunopress.it\/fr\/2009\/06\/26\/rotary-feltre-elvio-scottini-succede-nella-presidenza-a-antonio-bortoli\/\" \/>\n<meta property=\"og:site_name\" content=\"Bellunopress - Dolomiti\" \/>\n<meta property=\"article:publisher\" content=\"https:\/\/www.facebook.com\/profile.php?id=100008943462799\" \/>\n<meta property=\"article:published_time\" content=\"2009-06-26T11:51:36+00:00\" \/>\n<meta property=\"og:image\" content=\"http:\/\/www.bellunopress.it\/wp-content\/uploads\/2009\/06\/elvio-scottini-e-antonio-bortoli-rotary-feltre.jpg\" \/>\n<meta name=\"author\" content=\"redazione\" \/>\n<meta name=\"twitter:card\" content=\"summary_large_image\" \/>\n<meta name=\"twitter:creator\" content=\"@bellunopress\" \/>\n<meta name=\"twitter:site\" content=\"@bellunopress\" \/>\n<meta name=\"twitter:label1\" content=\"\u00c9crit par\" \/>\n\t<meta name=\"twitter:data1\" content=\"redazione\" \/>\n\t<meta name=\"twitter:label2\" content=\"Dur\u00e9e de lecture estim\u00e9e\" \/>\n\t<meta name=\"twitter:data2\" content=\"1 minute\" \/>\n<script type=\"application\/ld+json\" class=\"yoast-schema-graph\">{\"@context\":\"https:\\\/\\\/schema.org\",\"@graph\":[{\"@type\":\"Article\",\"@id\":\"https:\\\/\\\/www.bellunopress.it\\\/2009\\\/06\\\/26\\\/rotary-feltre-elvio-scottini-succede-nella-presidenza-a-antonio-bortoli\\\/#article\",\"isPartOf\":{\"@id\":\"https:\\\/\\\/www.bellunopress.it\\\/2009\\\/06\\\/26\\\/rotary-feltre-elvio-scottini-succede-nella-presidenza-a-antonio-bortoli\\\/\"},\"author\":{\"name\":\"redazione\",\"@id\":\"https:\\\/\\\/www.bellunopress.it\\\/#\\\/schema\\\/person\\\/79bb06722b37ece1c03d3e94beb30d73\"},\"headline\":\"Rotary Feltre: Elvio Scottini succede nella presidenza a Antonio Bortoli\",\"datePublished\":\"2009-06-26T11:51:36+00:00\",\"mainEntityOfPage\":{\"@id\":\"https:\\\/\\\/www.bellunopress.it\\\/2009\\\/06\\\/26\\\/rotary-feltre-elvio-scottini-succede-nella-presidenza-a-antonio-bortoli\\\/\"},\"wordCount\":223,\"publisher\":{\"@id\":\"https:\\\/\\\/www.bellunopress.it\\\/#organization\"},\"image\":{\"@id\":\"https:\\\/\\\/www.bellunopress.it\\\/2009\\\/06\\\/26\\\/rotary-feltre-elvio-scottini-succede-nella-presidenza-a-antonio-bortoli\\\/#primaryimage\"},\"thumbnailUrl\":\"http:\\\/\\\/www.bellunopress.it\\\/wp-content\\\/uploads\\\/2009\\\/06\\\/elvio-scottini-e-antonio-bortoli-rotary-feltre.jpg\",\"keywords\":[\"Belluno\",\"Feltre\",\"feltrino\"],\"articleSection\":[\"Pausa Caff\u00e8\",\"Societ\u00e0, Associazioni, Istituzioni\"],\"inLanguage\":\"fr-FR\"},{\"@type\":\"WebPage\",\"@id\":\"https:\\\/\\\/www.bellunopress.it\\\/2009\\\/06\\\/26\\\/rotary-feltre-elvio-scottini-succede-nella-presidenza-a-antonio-bortoli\\\/\",\"url\":\"https:\\\/\\\/www.bellunopress.it\\\/2009\\\/06\\\/26\\\/rotary-feltre-elvio-scottini-succede-nella-presidenza-a-antonio-bortoli\\\/\",\"name\":\"Rotary Feltre: Elvio Scottini succede nella presidenza a Antonio Bortoli - Bellunopress - Dolomiti\",\"isPartOf\":{\"@id\":\"https:\\\/\\\/www.bellunopress.it\\\/#website\"},\"primaryImageOfPage\":{\"@id\":\"https:\\\/\\\/www.bellunopress.it\\\/2009\\\/06\\\/26\\\/rotary-feltre-elvio-scottini-succede-nella-presidenza-a-antonio-bortoli\\\/#primaryimage\"},\"image\":{\"@id\":\"https:\\\/\\\/www.bellunopress.it\\\/2009\\\/06\\\/26\\\/rotary-feltre-elvio-scottini-succede-nella-presidenza-a-antonio-bortoli\\\/#primaryimage\"},\"thumbnailUrl\":\"http:\\\/\\\/www.bellunopress.it\\\/wp-content\\\/uploads\\\/2009\\\/06\\\/elvio-scottini-e-antonio-bortoli-rotary-feltre.jpg\",\"datePublished\":\"2009-06-26T11:51:36+00:00\",\"breadcrumb\":{\"@id\":\"https:\\\/\\\/www.bellunopress.it\\\/2009\\\/06\\\/26\\\/rotary-feltre-elvio-scottini-succede-nella-presidenza-a-antonio-bortoli\\\/#breadcrumb\"},\"inLanguage\":\"fr-FR\",\"potentialAction\":[{\"@type\":\"ReadAction\",\"target\":[\"https:\\\/\\\/www.bellunopress.it\\\/2009\\\/06\\\/26\\\/rotary-feltre-elvio-scottini-succede-nella-presidenza-a-antonio-bortoli\\\/\"]}]},{\"@type\":\"ImageObject\",\"inLanguage\":\"fr-FR\",\"@id\":\"https:\\\/\\\/www.bellunopress.it\\\/2009\\\/06\\\/26\\\/rotary-feltre-elvio-scottini-succede-nella-presidenza-a-antonio-bortoli\\\/#primaryimage\",\"url\":\"http:\\\/\\\/www.bellunopress.it\\\/wp-content\\\/uploads\\\/2009\\\/06\\\/elvio-scottini-e-antonio-bortoli-rotary-feltre.jpg\",\"contentUrl\":\"http:\\\/\\\/www.bellunopress.it\\\/wp-content\\\/uploads\\\/2009\\\/06\\\/elvio-scottini-e-antonio-bortoli-rotary-feltre.jpg\"},{\"@type\":\"BreadcrumbList\",\"@id\":\"https:\\\/\\\/www.bellunopress.it\\\/2009\\\/06\\\/26\\\/rotary-feltre-elvio-scottini-succede-nella-presidenza-a-antonio-bortoli\\\/#breadcrumb\",\"itemListElement\":[{\"@type\":\"ListItem\",\"position\":1,\"name\":\"Home\",\"item\":\"https:\\\/\\\/www.bellunopress.it\\\/\"},{\"@type\":\"ListItem\",\"position\":2,\"name\":\"Rotary Feltre: Elvio Scottini succede nella presidenza a Antonio Bortoli\"}]},{\"@type\":\"WebSite\",\"@id\":\"https:\\\/\\\/www.bellunopress.it\\\/#website\",\"url\":\"https:\\\/\\\/www.bellunopress.it\\\/\",\"name\":\"Bellunopress - Dolomiti\",\"description\":\"e-mail: redazione@bellunopress.it\",\"publisher\":{\"@id\":\"https:\\\/\\\/www.bellunopress.it\\\/#organization\"},\"potentialAction\":[{\"@type\":\"SearchAction\",\"target\":{\"@type\":\"EntryPoint\",\"urlTemplate\":\"https:\\\/\\\/www.bellunopress.it\\\/?s={search_term_string}\"},\"query-input\":{\"@type\":\"PropertyValueSpecification\",\"valueRequired\":true,\"valueName\":\"search_term_string\"}}],\"inLanguage\":\"fr-FR\"},{\"@type\":\"Organization\",\"@id\":\"https:\\\/\\\/www.bellunopress.it\\\/#organization\",\"name\":\"Bellunopress\",\"url\":\"https:\\\/\\\/www.bellunopress.it\\\/\",\"logo\":{\"@type\":\"ImageObject\",\"inLanguage\":\"fr-FR\",\"@id\":\"https:\\\/\\\/www.bellunopress.it\\\/#\\\/schema\\\/logo\\\/image\\\/\",\"url\":\"https:\\\/\\\/www.bellunopress.it\\\/wp-content\\\/uploads\\\/2011\\\/05\\\/cropped-logo-bellunopress-.jpg\",\"contentUrl\":\"https:\\\/\\\/www.bellunopress.it\\\/wp-content\\\/uploads\\\/2011\\\/05\\\/cropped-logo-bellunopress-.jpg\",\"width\":512,\"height\":512,\"caption\":\"Bellunopress\"},\"image\":{\"@id\":\"https:\\\/\\\/www.bellunopress.it\\\/#\\\/schema\\\/logo\\\/image\\\/\"},\"sameAs\":[\"https:\\\/\\\/www.facebook.com\\\/profile.php?id=100008943462799\",\"https:\\\/\\\/x.com\\\/bellunopress\",\"https:\\\/\\\/www.linkedin.com\\\/hp\\\/?dnr=JBzUWaJfMUw8vbXJJ2tVW5-I3jZKvC4wsoxE&amp;amp;amp;amp;amp;amp;trk=nav_responsive_tab_home\",\"https:\\\/\\\/www.youtube.com\\\/channel\\\/UCxL0wu1uN0_3_7hGG0306cw\"]},{\"@type\":\"Person\",\"@id\":\"https:\\\/\\\/www.bellunopress.it\\\/#\\\/schema\\\/person\\\/79bb06722b37ece1c03d3e94beb30d73\",\"name\":\"redazione\",\"image\":{\"@type\":\"ImageObject\",\"inLanguage\":\"fr-FR\",\"@id\":\"https:\\\/\\\/secure.gravatar.com\\\/avatar\\\/37d968a2e67a6fd04c169c4bdef102d0bc5d31b2546345219e348575eb80e9a0?s=96&d=mm&r=g\",\"url\":\"https:\\\/\\\/secure.gravatar.com\\\/avatar\\\/37d968a2e67a6fd04c169c4bdef102d0bc5d31b2546345219e348575eb80e9a0?s=96&d=mm&r=g\",\"contentUrl\":\"https:\\\/\\\/secure.gravatar.com\\\/avatar\\\/37d968a2e67a6fd04c169c4bdef102d0bc5d31b2546345219e348575eb80e9a0?s=96&d=mm&r=g\",\"caption\":\"redazione\"},\"sameAs\":[\"http:\\\/\\\/www.bellunopress.it\",\"https:\\\/\\\/x.com\\\/bellunopress\"],\"url\":\"https:\\\/\\\/www.bellunopress.it\\\/fr\\\/author\\\/redazione\\\/\"}]}<\/script>\n<!-- \/ Yoast SEO plugin. -->","yoast_head_json":{"title":"Rotary Feltre: Elvio Scottini succede nella presidenza a Antonio Bortoli - Bellunopress - Dolomiti","robots":{"index":"index","follow":"follow","max-snippet":"max-snippet:-1","max-image-preview":"max-image-preview:large","max-video-preview":"max-video-preview:-1"},"canonical":"https:\/\/www.bellunopress.it\/fr\/2009\/06\/26\/rotary-feltre-elvio-scottini-succede-nella-presidenza-a-antonio-bortoli\/","og_locale":"fr_FR","og_type":"article","og_title":"Rotary Feltre: Elvio Scottini succede nella presidenza a Antonio Bortoli - Bellunopress - Dolomiti","og_description":"Elvio Scottini \u00e8 il nuovo presidente del Rotary Club Feltre.\u00a0 Il noto professionista succede nell\u2019incarico ad Antonio Bortoli, che per un anno ha guidato il sodalizio feltrino promuovendone l\u2019azione a livello sociale e culturale sul territorio con iniziative dedicate in particolare al tema dello spopolamento montano. Ad essere coinvolti anche gli altri club Rotary della [&hellip;]","og_url":"https:\/\/www.bellunopress.it\/fr\/2009\/06\/26\/rotary-feltre-elvio-scottini-succede-nella-presidenza-a-antonio-bortoli\/","og_site_name":"Bellunopress - Dolomiti","article_publisher":"https:\/\/www.facebook.com\/profile.php?id=100008943462799","article_published_time":"2009-06-26T11:51:36+00:00","og_image":[{"url":"http:\/\/www.bellunopress.it\/wp-content\/uploads\/2009\/06\/elvio-scottini-e-antonio-bortoli-rotary-feltre.jpg","type":"","width":"","height":""}],"author":"redazione","twitter_card":"summary_large_image","twitter_creator":"@bellunopress","twitter_site":"@bellunopress","twitter_misc":{"\u00c9crit par":"redazione","Dur\u00e9e de lecture estim\u00e9e":"1 minute"},"schema":{"@context":"https:\/\/schema.org","@graph":[{"@type":"Article","@id":"https:\/\/www.bellunopress.it\/2009\/06\/26\/rotary-feltre-elvio-scottini-succede-nella-presidenza-a-antonio-bortoli\/#article","isPartOf":{"@id":"https:\/\/www.bellunopress.it\/2009\/06\/26\/rotary-feltre-elvio-scottini-succede-nella-presidenza-a-antonio-bortoli\/"},"author":{"name":"redazione","@id":"https:\/\/www.bellunopress.it\/#\/schema\/person\/79bb06722b37ece1c03d3e94beb30d73"},"headline":"Rotary Feltre: Elvio Scottini succede nella presidenza a Antonio Bortoli","datePublished":"2009-06-26T11:51:36+00:00","mainEntityOfPage":{"@id":"https:\/\/www.bellunopress.it\/2009\/06\/26\/rotary-feltre-elvio-scottini-succede-nella-presidenza-a-antonio-bortoli\/"},"wordCount":223,"publisher":{"@id":"https:\/\/www.bellunopress.it\/#organization"},"image":{"@id":"https:\/\/www.bellunopress.it\/2009\/06\/26\/rotary-feltre-elvio-scottini-succede-nella-presidenza-a-antonio-bortoli\/#primaryimage"},"thumbnailUrl":"http:\/\/www.bellunopress.it\/wp-content\/uploads\/2009\/06\/elvio-scottini-e-antonio-bortoli-rotary-feltre.jpg","keywords":["Belluno","Feltre","feltrino"],"articleSection":["Pausa Caff\u00e8","Societ\u00e0, Associazioni, Istituzioni"],"inLanguage":"fr-FR"},{"@type":"WebPage","@id":"https:\/\/www.bellunopress.it\/2009\/06\/26\/rotary-feltre-elvio-scottini-succede-nella-presidenza-a-antonio-bortoli\/","url":"https:\/\/www.bellunopress.it\/2009\/06\/26\/rotary-feltre-elvio-scottini-succede-nella-presidenza-a-antonio-bortoli\/","name":"Rotary Feltre: Elvio Scottini succede nella presidenza a Antonio Bortoli - Bellunopress - Dolomiti","isPartOf":{"@id":"https:\/\/www.bellunopress.it\/#website"},"primaryImageOfPage":{"@id":"https:\/\/www.bellunopress.it\/2009\/06\/26\/rotary-feltre-elvio-scottini-succede-nella-presidenza-a-antonio-bortoli\/#primaryimage"},"image":{"@id":"https:\/\/www.bellunopress.it\/2009\/06\/26\/rotary-feltre-elvio-scottini-succede-nella-presidenza-a-antonio-bortoli\/#primaryimage"},"thumbnailUrl":"http:\/\/www.bellunopress.it\/wp-content\/uploads\/2009\/06\/elvio-scottini-e-antonio-bortoli-rotary-feltre.jpg","datePublished":"2009-06-26T11:51:36+00:00","breadcrumb":{"@id":"https:\/\/www.bellunopress.it\/2009\/06\/26\/rotary-feltre-elvio-scottini-succede-nella-presidenza-a-antonio-bortoli\/#breadcrumb"},"inLanguage":"fr-FR","potentialAction":[{"@type":"ReadAction","target":["https:\/\/www.bellunopress.it\/2009\/06\/26\/rotary-feltre-elvio-scottini-succede-nella-presidenza-a-antonio-bortoli\/"]}]},{"@type":"ImageObject","inLanguage":"fr-FR","@id":"https:\/\/www.bellunopress.it\/2009\/06\/26\/rotary-feltre-elvio-scottini-succede-nella-presidenza-a-antonio-bortoli\/#primaryimage","url":"http:\/\/www.bellunopress.it\/wp-content\/uploads\/2009\/06\/elvio-scottini-e-antonio-bortoli-rotary-feltre.jpg","contentUrl":"http:\/\/www.bellunopress.it\/wp-content\/uploads\/2009\/06\/elvio-scottini-e-antonio-bortoli-rotary-feltre.jpg"},{"@type":"BreadcrumbList","@id":"https:\/\/www.bellunopress.it\/2009\/06\/26\/rotary-feltre-elvio-scottini-succede-nella-presidenza-a-antonio-bortoli\/#breadcrumb","itemListElement":[{"@type":"ListItem","position":1,"name":"Home","item":"https:\/\/www.bellunopress.it\/"},{"@type":"ListItem","position":2,"name":"Rotary Feltre: Elvio Scottini succede nella presidenza a Antonio Bortoli"}]},{"@type":"WebSite","@id":"https:\/\/www.bellunopress.it\/#website","url":"https:\/\/www.bellunopress.it\/","name":"Bellunopress - Dolomiti","description":"e-mail: redazione@bellunopress.it","publisher":{"@id":"https:\/\/www.bellunopress.it\/#organization"},"potentialAction":[{"@type":"SearchAction","target":{"@type":"EntryPoint","urlTemplate":"https:\/\/www.bellunopress.it\/?s={search_term_string}"},"query-input":{"@type":"PropertyValueSpecification","valueRequired":true,"valueName":"search_term_string"}}],"inLanguage":"fr-FR"},{"@type":"Organization","@id":"https:\/\/www.bellunopress.it\/#organization","name":"Bellunopress","url":"https:\/\/www.bellunopress.it\/","logo":{"@type":"ImageObject","inLanguage":"fr-FR","@id":"https:\/\/www.bellunopress.it\/#\/schema\/logo\/image\/","url":"https:\/\/www.bellunopress.it\/wp-content\/uploads\/2011\/05\/cropped-logo-bellunopress-.jpg","contentUrl":"https:\/\/www.bellunopress.it\/wp-content\/uploads\/2011\/05\/cropped-logo-bellunopress-.jpg","width":512,"height":512,"caption":"Bellunopress"},"image":{"@id":"https:\/\/www.bellunopress.it\/#\/schema\/logo\/image\/"},"sameAs":["https:\/\/www.facebook.com\/profile.php?id=100008943462799","https:\/\/x.com\/bellunopress","https:\/\/www.linkedin.com\/hp\/?dnr=JBzUWaJfMUw8vbXJJ2tVW5-I3jZKvC4wsoxE&amp;amp;amp;amp;amp;amp;trk=nav_responsive_tab_home","https:\/\/www.youtube.com\/channel\/UCxL0wu1uN0_3_7hGG0306cw"]},{"@type":"Person","@id":"https:\/\/www.bellunopress.it\/#\/schema\/person\/79bb06722b37ece1c03d3e94beb30d73","name":"r\u00e9daction","image":{"@type":"ImageObject","inLanguage":"fr-FR","@id":"https:\/\/secure.gravatar.com\/avatar\/37d968a2e67a6fd04c169c4bdef102d0bc5d31b2546345219e348575eb80e9a0?s=96&d=mm&r=g","url":"https:\/\/secure.gravatar.com\/avatar\/37d968a2e67a6fd04c169c4bdef102d0bc5d31b2546345219e348575eb80e9a0?s=96&d=mm&r=g","contentUrl":"https:\/\/secure.gravatar.com\/avatar\/37d968a2e67a6fd04c169c4bdef102d0bc5d31b2546345219e348575eb80e9a0?s=96&d=mm&r=g","caption":"redazione"},"sameAs":["http:\/\/www.bellunopress.it","https:\/\/x.com\/bellunopress"],"url":"https:\/\/www.bellunopress.it\/fr\/author\/redazione\/"}]}},"_links":{"self":[{"href":"https:\/\/www.bellunopress.it\/fr\/wp-json\/wp\/v2\/posts\/5432","targetHints":{"allow":["GET"]}}],"collection":[{"href":"https:\/\/www.bellunopress.it\/fr\/wp-json\/wp\/v2\/posts"}],"about":[{"href":"https:\/\/www.bellunopress.it\/fr\/wp-json\/wp\/v2\/types\/post"}],"author":[{"embeddable":true,"href":"https:\/\/www.bellunopress.it\/fr\/wp-json\/wp\/v2\/users\/2"}],"replies":[{"embeddable":true,"href":"https:\/\/www.bellunopress.it\/fr\/wp-json\/wp\/v2\/comments?post=5432"}],"version-history":[{"count":1,"href":"https:\/\/www.bellunopress.it\/fr\/wp-json\/wp\/v2\/posts\/5432\/revisions"}],"predecessor-version":[{"id":5434,"href":"https:\/\/www.bellunopress.it\/fr\/wp-json\/wp\/v2\/posts\/5432\/revisions\/5434"}],"wp:attachment":[{"href":"https:\/\/www.bellunopress.it\/fr\/wp-json\/wp\/v2\/media?parent=5432"}],"wp:term":[{"taxonomy":"category","embeddable":true,"href":"https:\/\/www.bellunopress.it\/fr\/wp-json\/wp\/v2\/categories?post=5432"},{"taxonomy":"post_tag","embeddable":true,"href":"https:\/\/www.bellunopress.it\/fr\/wp-json\/wp\/v2\/tags?post=5432"}],"curies":[{"name":"wp","href":"https:\/\/api.w.org\/{rel}","templated":true}]}}