{"id":54298,"date":"2013-11-20T14:17:23","date_gmt":"2013-11-20T13:17:23","guid":{"rendered":"http:\/\/www.bellunopress.it\/?p=54298"},"modified":"2013-11-21T21:48:36","modified_gmt":"2013-11-21T20:48:36","slug":"la-protesta-dellance-belluno-sezione-edile-di-confindustria-contro-la-pubblica-amministrazione","status":"publish","type":"post","link":"https:\/\/www.bellunopress.it\/fr\/2013\/11\/20\/la-protesta-dellance-belluno-sezione-edile-di-confindustria-contro-la-pubblica-amministrazione\/","title":{"rendered":"La protesta dell&#8217;Ance Belluno, Sezione edile di Confindustria, contro la Pubblica amministrazione"},"content":{"rendered":"<p><span style=\"font-size: 13px; line-height: 19px;\"><a href=\"http:\/\/www.bellunopress.it\/wp-content\/uploads\/2013\/02\/confindustria-belluno-dolomiti.jpg\"><img loading=\"lazy\" decoding=\"async\" class=\"alignleft size-full wp-image-46616\" alt=\"confindustria belluno dolomiti\" src=\"http:\/\/www.bellunopress.it\/wp-content\/uploads\/2013\/02\/confindustria-belluno-dolomiti.jpg\" width=\"240\" height=\"56\" \/><\/a>\u00abLa pubblica amministrazione non fa nulla per venire incontro alle esigenze delle nostre imprese\u00bb. Lo sostiene Domenico Limana, riconfermato alla guida della Sezione Edili di Confindustria Belluno Dolomiti, insieme al suo vice Antonio Olivotto. Con loro, sono stati eletti nel consiglio direttivo Ezio De Pra, Giuseppe Fagherazzi, Gustavo Fontana, Giorgio Munaro e Italo Tonet.<\/span><\/p>\n<p>Proprio al rapporto con la pubblica amministrazione Domenico Limana ha dedicato parte della sua relazione, evidenziando come, negli ultimi tre anni, l\u2019associazione abbia portato avanti numerose iniziative per agevolare le imprese locali, ad iniziare dal tentativo di porre un freno al sistema dei massimi ribassi negli appalti. I risultati, per\u00f2, non sono stati in linea con le aspettative. Anzi. \u00abDelle collaborazioni e delle sinergie, fosse anche solo per l\u2019adozione di una modulistica comune su cui pi\u00f9 volte mi sono speso, si \u00e8 fatto poco o nulla\u00bb, ammette Limana. Che poi aggiunge: \u00abCi sono molti problemi che coinvolgono tanto il privato quanto pubblico, ma se non ragioniamo in un ottica di rilancio di quello che \u00e8 l\u2019impresa e di ci\u00f2 che rappresenta non riusciremo mai a risollevare quest\u2019economia. Dobbiamo eliminare appesantimenti burocratici e ripensare istituzioni che non rispondono pi\u00f9 allo scopo per cui sono nate. Pensiamo alla Provincia: un ente commissariato che non risponde a nessuna logica se non a quella dell\u2019auto-sostenibilit\u00e0, che non investe e non produce nulla se non provvedimenti che certo non agevolano la ripresa. Pochi giorni fa abbiamo incontrato il commissario, ma l\u2019esito \u00e8 desolante e le incognite sono molto pi\u00f9 delle risposte\u00bb.<\/p>\n<p>\u00abNon si vuole capire \u2013 aggiunge il presidente della Sezione Edili \u2013 che l\u2019impresa \u00e8 alla base di quest\u2019economia e da qui si deve partire, soprattutto alla luce dei cambiamenti epocali che stiamo vivendo. Purtroppo, per\u00f2, non \u00e8 solo la pubblica amministrazione a non essere sensibile al mondo delle imprese. Non lo sono le banche, che fino a ieri hanno drogato il mercato finanziando di tutto e oggi ci tolgono l\u2019aria per respirare, senza mezze misure ed a volte senza dignit\u00e0. Non lo \u00e8 lo Stato, che con questa perenne incertezza e questa politica di continua tassazione uccide l\u2019edilizia privata e l\u2019impresa in generale. E non lo \u00e8 la politica locale, incapace di fare squadra a difesa del nostro territorio\u00bb. Le conseguenze sono queste: le imprese di costruzioni bellunesi (non solo industriali) chiuse nei primi dieci mesi del 2013 sono 161, contro le 125 dello scorso anno.<\/p>\n<p>\u00abOggi \u2013 conclude Domenico Limana &#8211; viviamo nella perenne incertezza di essere pagati, sia dal privato che dal pubblico, e non sappiamo se un lavoro appena preso sar\u00e0 la nostra fortuna o, pi\u00f9 probabilmente, un rischioso azzardo. Come possiamo andare avanti cos\u00ec?\u00bb.<\/p>\n<p>&nbsp;<\/p>","protected":false},"excerpt":{"rendered":"<p>\u00abLa pubblica amministrazione non fa nulla per venire incontro alle esigenze delle nostre imprese\u00bb. Lo sostiene Domenico Limana, riconfermato alla guida della Sezione Edili di Confindustria Belluno Dolomiti, insieme al suo vice Antonio Olivotto. Con loro, sono stati eletti nel consiglio direttivo Ezio De Pra, Giuseppe Fagherazzi, Gustavo Fontana, Giorgio Munaro e Italo Tonet. Proprio [&hellip;]<\/p>\n","protected":false},"author":2,"featured_media":0,"comment_status":"closed","ping_status":"open","sticky":false,"template":"","format":"standard","meta":{"footnotes":""},"categories":[36,26],"tags":[],"class_list":["post-54298","post","type-post","status-publish","format-standard","category-lavoro-economia","category-prima-pagina"],"yoast_head":"<!-- This site is optimized with the Yoast SEO plugin v28.4 - https:\/\/yoast.com\/product\/yoast-seo-wordpress\/ -->\n<title>La protesta dell&#039;Ance Belluno, Sezione edile di Confindustria, contro la Pubblica amministrazione - Bellunopress - Dolomiti<\/title>\n<meta name=\"robots\" content=\"index, follow, max-snippet:-1, max-image-preview:large, max-video-preview:-1\" \/>\n<link rel=\"canonical\" href=\"https:\/\/www.bellunopress.it\/fr\/2013\/11\/20\/la-protesta-dellance-belluno-sezione-edile-di-confindustria-contro-la-pubblica-amministrazione\/\" \/>\n<meta property=\"og:locale\" content=\"fr_FR\" \/>\n<meta property=\"og:type\" content=\"article\" \/>\n<meta property=\"og:title\" content=\"La protesta dell&#039;Ance Belluno, Sezione edile di Confindustria, contro la Pubblica amministrazione - Bellunopress - Dolomiti\" \/>\n<meta property=\"og:description\" content=\"\u00abLa pubblica amministrazione non fa nulla per venire incontro alle esigenze delle nostre imprese\u00bb. Lo sostiene Domenico Limana, riconfermato alla guida della Sezione Edili di Confindustria Belluno Dolomiti, insieme al suo vice Antonio Olivotto. Con loro, sono stati eletti nel consiglio direttivo Ezio De Pra, Giuseppe Fagherazzi, Gustavo Fontana, Giorgio Munaro e Italo Tonet. Proprio [&hellip;]\" \/>\n<meta property=\"og:url\" content=\"https:\/\/www.bellunopress.it\/fr\/2013\/11\/20\/la-protesta-dellance-belluno-sezione-edile-di-confindustria-contro-la-pubblica-amministrazione\/\" \/>\n<meta property=\"og:site_name\" content=\"Bellunopress - Dolomiti\" \/>\n<meta property=\"article:publisher\" content=\"https:\/\/www.facebook.com\/profile.php?id=100008943462799\" \/>\n<meta property=\"article:published_time\" content=\"2013-11-20T13:17:23+00:00\" \/>\n<meta property=\"article:modified_time\" content=\"2013-11-21T20:48:36+00:00\" \/>\n<meta property=\"og:image\" content=\"http:\/\/www.bellunopress.it\/wp-content\/uploads\/2013\/02\/confindustria-belluno-dolomiti.jpg\" \/>\n<meta name=\"author\" content=\"redazione\" \/>\n<meta name=\"twitter:card\" content=\"summary_large_image\" \/>\n<meta name=\"twitter:creator\" content=\"@bellunopress\" \/>\n<meta name=\"twitter:site\" content=\"@bellunopress\" \/>\n<meta name=\"twitter:label1\" content=\"\u00c9crit par\" \/>\n\t<meta name=\"twitter:data1\" content=\"redazione\" \/>\n\t<meta name=\"twitter:label2\" content=\"Dur\u00e9e de lecture estim\u00e9e\" \/>\n\t<meta name=\"twitter:data2\" content=\"2 minutes\" \/>\n<script type=\"application\/ld+json\" class=\"yoast-schema-graph\">{\"@context\":\"https:\\\/\\\/schema.org\",\"@graph\":[{\"@type\":\"Article\",\"@id\":\"https:\\\/\\\/www.bellunopress.it\\\/2013\\\/11\\\/20\\\/la-protesta-dellance-belluno-sezione-edile-di-confindustria-contro-la-pubblica-amministrazione\\\/#article\",\"isPartOf\":{\"@id\":\"https:\\\/\\\/www.bellunopress.it\\\/2013\\\/11\\\/20\\\/la-protesta-dellance-belluno-sezione-edile-di-confindustria-contro-la-pubblica-amministrazione\\\/\"},\"author\":{\"name\":\"redazione\",\"@id\":\"https:\\\/\\\/www.bellunopress.it\\\/#\\\/schema\\\/person\\\/79bb06722b37ece1c03d3e94beb30d73\"},\"headline\":\"La protesta dell&#8217;Ance Belluno, Sezione edile di Confindustria, contro la Pubblica amministrazione\",\"datePublished\":\"2013-11-20T13:17:23+00:00\",\"dateModified\":\"2013-11-21T20:48:36+00:00\",\"mainEntityOfPage\":{\"@id\":\"https:\\\/\\\/www.bellunopress.it\\\/2013\\\/11\\\/20\\\/la-protesta-dellance-belluno-sezione-edile-di-confindustria-contro-la-pubblica-amministrazione\\\/\"},\"wordCount\":451,\"publisher\":{\"@id\":\"https:\\\/\\\/www.bellunopress.it\\\/#organization\"},\"image\":{\"@id\":\"https:\\\/\\\/www.bellunopress.it\\\/2013\\\/11\\\/20\\\/la-protesta-dellance-belluno-sezione-edile-di-confindustria-contro-la-pubblica-amministrazione\\\/#primaryimage\"},\"thumbnailUrl\":\"http:\\\/\\\/www.bellunopress.it\\\/wp-content\\\/uploads\\\/2013\\\/02\\\/confindustria-belluno-dolomiti.jpg\",\"articleSection\":[\"Lavoro, Economia, Turismo\",\"Prima Pagina\"],\"inLanguage\":\"fr-FR\"},{\"@type\":\"WebPage\",\"@id\":\"https:\\\/\\\/www.bellunopress.it\\\/2013\\\/11\\\/20\\\/la-protesta-dellance-belluno-sezione-edile-di-confindustria-contro-la-pubblica-amministrazione\\\/\",\"url\":\"https:\\\/\\\/www.bellunopress.it\\\/2013\\\/11\\\/20\\\/la-protesta-dellance-belluno-sezione-edile-di-confindustria-contro-la-pubblica-amministrazione\\\/\",\"name\":\"La protesta dell'Ance Belluno, Sezione edile di Confindustria, contro la Pubblica amministrazione - Bellunopress - Dolomiti\",\"isPartOf\":{\"@id\":\"https:\\\/\\\/www.bellunopress.it\\\/#website\"},\"primaryImageOfPage\":{\"@id\":\"https:\\\/\\\/www.bellunopress.it\\\/2013\\\/11\\\/20\\\/la-protesta-dellance-belluno-sezione-edile-di-confindustria-contro-la-pubblica-amministrazione\\\/#primaryimage\"},\"image\":{\"@id\":\"https:\\\/\\\/www.bellunopress.it\\\/2013\\\/11\\\/20\\\/la-protesta-dellance-belluno-sezione-edile-di-confindustria-contro-la-pubblica-amministrazione\\\/#primaryimage\"},\"thumbnailUrl\":\"http:\\\/\\\/www.bellunopress.it\\\/wp-content\\\/uploads\\\/2013\\\/02\\\/confindustria-belluno-dolomiti.jpg\",\"datePublished\":\"2013-11-20T13:17:23+00:00\",\"dateModified\":\"2013-11-21T20:48:36+00:00\",\"breadcrumb\":{\"@id\":\"https:\\\/\\\/www.bellunopress.it\\\/2013\\\/11\\\/20\\\/la-protesta-dellance-belluno-sezione-edile-di-confindustria-contro-la-pubblica-amministrazione\\\/#breadcrumb\"},\"inLanguage\":\"fr-FR\",\"potentialAction\":[{\"@type\":\"ReadAction\",\"target\":[\"https:\\\/\\\/www.bellunopress.it\\\/2013\\\/11\\\/20\\\/la-protesta-dellance-belluno-sezione-edile-di-confindustria-contro-la-pubblica-amministrazione\\\/\"]}]},{\"@type\":\"ImageObject\",\"inLanguage\":\"fr-FR\",\"@id\":\"https:\\\/\\\/www.bellunopress.it\\\/2013\\\/11\\\/20\\\/la-protesta-dellance-belluno-sezione-edile-di-confindustria-contro-la-pubblica-amministrazione\\\/#primaryimage\",\"url\":\"http:\\\/\\\/www.bellunopress.it\\\/wp-content\\\/uploads\\\/2013\\\/02\\\/confindustria-belluno-dolomiti.jpg\",\"contentUrl\":\"http:\\\/\\\/www.bellunopress.it\\\/wp-content\\\/uploads\\\/2013\\\/02\\\/confindustria-belluno-dolomiti.jpg\"},{\"@type\":\"BreadcrumbList\",\"@id\":\"https:\\\/\\\/www.bellunopress.it\\\/2013\\\/11\\\/20\\\/la-protesta-dellance-belluno-sezione-edile-di-confindustria-contro-la-pubblica-amministrazione\\\/#breadcrumb\",\"itemListElement\":[{\"@type\":\"ListItem\",\"position\":1,\"name\":\"Home\",\"item\":\"https:\\\/\\\/www.bellunopress.it\\\/\"},{\"@type\":\"ListItem\",\"position\":2,\"name\":\"La protesta dell&#8217;Ance Belluno, Sezione edile di Confindustria, contro la Pubblica amministrazione\"}]},{\"@type\":\"WebSite\",\"@id\":\"https:\\\/\\\/www.bellunopress.it\\\/#website\",\"url\":\"https:\\\/\\\/www.bellunopress.it\\\/\",\"name\":\"Bellunopress - Dolomiti\",\"description\":\"e-mail: redazione@bellunopress.it\",\"publisher\":{\"@id\":\"https:\\\/\\\/www.bellunopress.it\\\/#organization\"},\"potentialAction\":[{\"@type\":\"SearchAction\",\"target\":{\"@type\":\"EntryPoint\",\"urlTemplate\":\"https:\\\/\\\/www.bellunopress.it\\\/?s={search_term_string}\"},\"query-input\":{\"@type\":\"PropertyValueSpecification\",\"valueRequired\":true,\"valueName\":\"search_term_string\"}}],\"inLanguage\":\"fr-FR\"},{\"@type\":\"Organization\",\"@id\":\"https:\\\/\\\/www.bellunopress.it\\\/#organization\",\"name\":\"Bellunopress\",\"url\":\"https:\\\/\\\/www.bellunopress.it\\\/\",\"logo\":{\"@type\":\"ImageObject\",\"inLanguage\":\"fr-FR\",\"@id\":\"https:\\\/\\\/www.bellunopress.it\\\/#\\\/schema\\\/logo\\\/image\\\/\",\"url\":\"https:\\\/\\\/www.bellunopress.it\\\/wp-content\\\/uploads\\\/2011\\\/05\\\/cropped-logo-bellunopress-.jpg\",\"contentUrl\":\"https:\\\/\\\/www.bellunopress.it\\\/wp-content\\\/uploads\\\/2011\\\/05\\\/cropped-logo-bellunopress-.jpg\",\"width\":512,\"height\":512,\"caption\":\"Bellunopress\"},\"image\":{\"@id\":\"https:\\\/\\\/www.bellunopress.it\\\/#\\\/schema\\\/logo\\\/image\\\/\"},\"sameAs\":[\"https:\\\/\\\/www.facebook.com\\\/profile.php?id=100008943462799\",\"https:\\\/\\\/x.com\\\/bellunopress\",\"https:\\\/\\\/www.linkedin.com\\\/hp\\\/?dnr=JBzUWaJfMUw8vbXJJ2tVW5-I3jZKvC4wsoxE&amp;amp;amp;amp;amp;amp;trk=nav_responsive_tab_home\",\"https:\\\/\\\/www.youtube.com\\\/channel\\\/UCxL0wu1uN0_3_7hGG0306cw\"]},{\"@type\":\"Person\",\"@id\":\"https:\\\/\\\/www.bellunopress.it\\\/#\\\/schema\\\/person\\\/79bb06722b37ece1c03d3e94beb30d73\",\"name\":\"redazione\",\"image\":{\"@type\":\"ImageObject\",\"inLanguage\":\"fr-FR\",\"@id\":\"https:\\\/\\\/secure.gravatar.com\\\/avatar\\\/37d968a2e67a6fd04c169c4bdef102d0bc5d31b2546345219e348575eb80e9a0?s=96&d=mm&r=g\",\"url\":\"https:\\\/\\\/secure.gravatar.com\\\/avatar\\\/37d968a2e67a6fd04c169c4bdef102d0bc5d31b2546345219e348575eb80e9a0?s=96&d=mm&r=g\",\"contentUrl\":\"https:\\\/\\\/secure.gravatar.com\\\/avatar\\\/37d968a2e67a6fd04c169c4bdef102d0bc5d31b2546345219e348575eb80e9a0?s=96&d=mm&r=g\",\"caption\":\"redazione\"},\"sameAs\":[\"http:\\\/\\\/www.bellunopress.it\",\"https:\\\/\\\/x.com\\\/bellunopress\"],\"url\":\"https:\\\/\\\/www.bellunopress.it\\\/fr\\\/author\\\/redazione\\\/\"}]}<\/script>\n<!-- \/ Yoast SEO plugin. -->","yoast_head_json":{"title":"La protesta dell'Ance Belluno, Sezione edile di Confindustria, contro la Pubblica amministrazione - Bellunopress - Dolomiti","robots":{"index":"index","follow":"follow","max-snippet":"max-snippet:-1","max-image-preview":"max-image-preview:large","max-video-preview":"max-video-preview:-1"},"canonical":"https:\/\/www.bellunopress.it\/fr\/2013\/11\/20\/la-protesta-dellance-belluno-sezione-edile-di-confindustria-contro-la-pubblica-amministrazione\/","og_locale":"fr_FR","og_type":"article","og_title":"La protesta dell'Ance Belluno, Sezione edile di Confindustria, contro la Pubblica amministrazione - Bellunopress - Dolomiti","og_description":"\u00abLa pubblica amministrazione non fa nulla per venire incontro alle esigenze delle nostre imprese\u00bb. Lo sostiene Domenico Limana, riconfermato alla guida della Sezione Edili di Confindustria Belluno Dolomiti, insieme al suo vice Antonio Olivotto. Con loro, sono stati eletti nel consiglio direttivo Ezio De Pra, Giuseppe Fagherazzi, Gustavo Fontana, Giorgio Munaro e Italo Tonet. Proprio [&hellip;]","og_url":"https:\/\/www.bellunopress.it\/fr\/2013\/11\/20\/la-protesta-dellance-belluno-sezione-edile-di-confindustria-contro-la-pubblica-amministrazione\/","og_site_name":"Bellunopress - Dolomiti","article_publisher":"https:\/\/www.facebook.com\/profile.php?id=100008943462799","article_published_time":"2013-11-20T13:17:23+00:00","article_modified_time":"2013-11-21T20:48:36+00:00","og_image":[{"url":"http:\/\/www.bellunopress.it\/wp-content\/uploads\/2013\/02\/confindustria-belluno-dolomiti.jpg","type":"","width":"","height":""}],"author":"redazione","twitter_card":"summary_large_image","twitter_creator":"@bellunopress","twitter_site":"@bellunopress","twitter_misc":{"\u00c9crit par":"redazione","Dur\u00e9e de lecture estim\u00e9e":"2 minutes"},"schema":{"@context":"https:\/\/schema.org","@graph":[{"@type":"Article","@id":"https:\/\/www.bellunopress.it\/2013\/11\/20\/la-protesta-dellance-belluno-sezione-edile-di-confindustria-contro-la-pubblica-amministrazione\/#article","isPartOf":{"@id":"https:\/\/www.bellunopress.it\/2013\/11\/20\/la-protesta-dellance-belluno-sezione-edile-di-confindustria-contro-la-pubblica-amministrazione\/"},"author":{"name":"redazione","@id":"https:\/\/www.bellunopress.it\/#\/schema\/person\/79bb06722b37ece1c03d3e94beb30d73"},"headline":"La protesta dell&#8217;Ance Belluno, Sezione edile di Confindustria, contro la Pubblica amministrazione","datePublished":"2013-11-20T13:17:23+00:00","dateModified":"2013-11-21T20:48:36+00:00","mainEntityOfPage":{"@id":"https:\/\/www.bellunopress.it\/2013\/11\/20\/la-protesta-dellance-belluno-sezione-edile-di-confindustria-contro-la-pubblica-amministrazione\/"},"wordCount":451,"publisher":{"@id":"https:\/\/www.bellunopress.it\/#organization"},"image":{"@id":"https:\/\/www.bellunopress.it\/2013\/11\/20\/la-protesta-dellance-belluno-sezione-edile-di-confindustria-contro-la-pubblica-amministrazione\/#primaryimage"},"thumbnailUrl":"http:\/\/www.bellunopress.it\/wp-content\/uploads\/2013\/02\/confindustria-belluno-dolomiti.jpg","articleSection":["Lavoro, Economia, Turismo","Prima Pagina"],"inLanguage":"fr-FR"},{"@type":"WebPage","@id":"https:\/\/www.bellunopress.it\/2013\/11\/20\/la-protesta-dellance-belluno-sezione-edile-di-confindustria-contro-la-pubblica-amministrazione\/","url":"https:\/\/www.bellunopress.it\/2013\/11\/20\/la-protesta-dellance-belluno-sezione-edile-di-confindustria-contro-la-pubblica-amministrazione\/","name":"La protesta dell'Ance Belluno, Sezione edile di Confindustria, contro la Pubblica amministrazione - Bellunopress - Dolomiti","isPartOf":{"@id":"https:\/\/www.bellunopress.it\/#website"},"primaryImageOfPage":{"@id":"https:\/\/www.bellunopress.it\/2013\/11\/20\/la-protesta-dellance-belluno-sezione-edile-di-confindustria-contro-la-pubblica-amministrazione\/#primaryimage"},"image":{"@id":"https:\/\/www.bellunopress.it\/2013\/11\/20\/la-protesta-dellance-belluno-sezione-edile-di-confindustria-contro-la-pubblica-amministrazione\/#primaryimage"},"thumbnailUrl":"http:\/\/www.bellunopress.it\/wp-content\/uploads\/2013\/02\/confindustria-belluno-dolomiti.jpg","datePublished":"2013-11-20T13:17:23+00:00","dateModified":"2013-11-21T20:48:36+00:00","breadcrumb":{"@id":"https:\/\/www.bellunopress.it\/2013\/11\/20\/la-protesta-dellance-belluno-sezione-edile-di-confindustria-contro-la-pubblica-amministrazione\/#breadcrumb"},"inLanguage":"fr-FR","potentialAction":[{"@type":"ReadAction","target":["https:\/\/www.bellunopress.it\/2013\/11\/20\/la-protesta-dellance-belluno-sezione-edile-di-confindustria-contro-la-pubblica-amministrazione\/"]}]},{"@type":"ImageObject","inLanguage":"fr-FR","@id":"https:\/\/www.bellunopress.it\/2013\/11\/20\/la-protesta-dellance-belluno-sezione-edile-di-confindustria-contro-la-pubblica-amministrazione\/#primaryimage","url":"http:\/\/www.bellunopress.it\/wp-content\/uploads\/2013\/02\/confindustria-belluno-dolomiti.jpg","contentUrl":"http:\/\/www.bellunopress.it\/wp-content\/uploads\/2013\/02\/confindustria-belluno-dolomiti.jpg"},{"@type":"BreadcrumbList","@id":"https:\/\/www.bellunopress.it\/2013\/11\/20\/la-protesta-dellance-belluno-sezione-edile-di-confindustria-contro-la-pubblica-amministrazione\/#breadcrumb","itemListElement":[{"@type":"ListItem","position":1,"name":"Home","item":"https:\/\/www.bellunopress.it\/"},{"@type":"ListItem","position":2,"name":"La protesta dell&#8217;Ance Belluno, Sezione edile di Confindustria, contro la Pubblica amministrazione"}]},{"@type":"WebSite","@id":"https:\/\/www.bellunopress.it\/#website","url":"https:\/\/www.bellunopress.it\/","name":"Bellunopress - Dolomiti","description":"e-mail: redazione@bellunopress.it","publisher":{"@id":"https:\/\/www.bellunopress.it\/#organization"},"potentialAction":[{"@type":"SearchAction","target":{"@type":"EntryPoint","urlTemplate":"https:\/\/www.bellunopress.it\/?s={search_term_string}"},"query-input":{"@type":"PropertyValueSpecification","valueRequired":true,"valueName":"search_term_string"}}],"inLanguage":"fr-FR"},{"@type":"Organization","@id":"https:\/\/www.bellunopress.it\/#organization","name":"Bellunopress","url":"https:\/\/www.bellunopress.it\/","logo":{"@type":"ImageObject","inLanguage":"fr-FR","@id":"https:\/\/www.bellunopress.it\/#\/schema\/logo\/image\/","url":"https:\/\/www.bellunopress.it\/wp-content\/uploads\/2011\/05\/cropped-logo-bellunopress-.jpg","contentUrl":"https:\/\/www.bellunopress.it\/wp-content\/uploads\/2011\/05\/cropped-logo-bellunopress-.jpg","width":512,"height":512,"caption":"Bellunopress"},"image":{"@id":"https:\/\/www.bellunopress.it\/#\/schema\/logo\/image\/"},"sameAs":["https:\/\/www.facebook.com\/profile.php?id=100008943462799","https:\/\/x.com\/bellunopress","https:\/\/www.linkedin.com\/hp\/?dnr=JBzUWaJfMUw8vbXJJ2tVW5-I3jZKvC4wsoxE&amp;amp;amp;amp;amp;amp;trk=nav_responsive_tab_home","https:\/\/www.youtube.com\/channel\/UCxL0wu1uN0_3_7hGG0306cw"]},{"@type":"Person","@id":"https:\/\/www.bellunopress.it\/#\/schema\/person\/79bb06722b37ece1c03d3e94beb30d73","name":"r\u00e9daction","image":{"@type":"ImageObject","inLanguage":"fr-FR","@id":"https:\/\/secure.gravatar.com\/avatar\/37d968a2e67a6fd04c169c4bdef102d0bc5d31b2546345219e348575eb80e9a0?s=96&d=mm&r=g","url":"https:\/\/secure.gravatar.com\/avatar\/37d968a2e67a6fd04c169c4bdef102d0bc5d31b2546345219e348575eb80e9a0?s=96&d=mm&r=g","contentUrl":"https:\/\/secure.gravatar.com\/avatar\/37d968a2e67a6fd04c169c4bdef102d0bc5d31b2546345219e348575eb80e9a0?s=96&d=mm&r=g","caption":"redazione"},"sameAs":["http:\/\/www.bellunopress.it","https:\/\/x.com\/bellunopress"],"url":"https:\/\/www.bellunopress.it\/fr\/author\/redazione\/"}]}},"_links":{"self":[{"href":"https:\/\/www.bellunopress.it\/fr\/wp-json\/wp\/v2\/posts\/54298","targetHints":{"allow":["GET"]}}],"collection":[{"href":"https:\/\/www.bellunopress.it\/fr\/wp-json\/wp\/v2\/posts"}],"about":[{"href":"https:\/\/www.bellunopress.it\/fr\/wp-json\/wp\/v2\/types\/post"}],"author":[{"embeddable":true,"href":"https:\/\/www.bellunopress.it\/fr\/wp-json\/wp\/v2\/users\/2"}],"replies":[{"embeddable":true,"href":"https:\/\/www.bellunopress.it\/fr\/wp-json\/wp\/v2\/comments?post=54298"}],"version-history":[{"count":1,"href":"https:\/\/www.bellunopress.it\/fr\/wp-json\/wp\/v2\/posts\/54298\/revisions"}],"predecessor-version":[{"id":54299,"href":"https:\/\/www.bellunopress.it\/fr\/wp-json\/wp\/v2\/posts\/54298\/revisions\/54299"}],"wp:attachment":[{"href":"https:\/\/www.bellunopress.it\/fr\/wp-json\/wp\/v2\/media?parent=54298"}],"wp:term":[{"taxonomy":"category","embeddable":true,"href":"https:\/\/www.bellunopress.it\/fr\/wp-json\/wp\/v2\/categories?post=54298"},{"taxonomy":"post_tag","embeddable":true,"href":"https:\/\/www.bellunopress.it\/fr\/wp-json\/wp\/v2\/tags?post=54298"}],"curies":[{"name":"wp","href":"https:\/\/api.w.org\/{rel}","templated":true}]}}