{"id":54285,"date":"2013-11-20T16:26:06","date_gmt":"2013-11-20T15:26:06","guid":{"rendered":"http:\/\/www.bellunopress.it\/?p=54285"},"modified":"2013-11-20T16:26:06","modified_gmt":"2013-11-20T15:26:06","slug":"donazione-in-memoria-della-piccola-martina-allospedale-di-belluno","status":"publish","type":"post","link":"https:\/\/www.bellunopress.it\/fr\/2013\/11\/20\/donazione-in-memoria-della-piccola-martina-allospedale-di-belluno\/","title":{"rendered":"Donazione in memoria della piccola Martina all\u2019ospedale di Belluno"},"content":{"rendered":"<p><span style=\"font-size: 13px; line-height: 19px;\"><a href=\"http:\/\/www.bellunopress.it\/wp-content\/uploads\/2013\/11\/donazione-ospedale-pediatria.jpg\"><img loading=\"lazy\" decoding=\"async\" class=\"alignleft size-full wp-image-54286\" alt=\"donazione ospedale pediatria\" src=\"http:\/\/www.bellunopress.it\/wp-content\/uploads\/2013\/11\/donazione-ospedale-pediatria.jpg\" width=\"290\" height=\"240\" \/><\/a>Martina \u00e8 deceduta lo scorso 18 marzo ad appena 2 anni di et\u00e0 per un\u2019encefalite virale fulminante.<\/span><\/p>\n<p>I suoi genitori, Mirko e Viviana Della Vecchia, per ricordare la loro bimba, si sono attivati in collaborazione con il personale della Costan dove entrambi lavorano e con gli \u201cAmici del calcio\u201d di Mel, per una raccolta fondi che ha permesso l\u2019acquisto di un zaino per l\u2019urgenza intraospedaliera , che hanno voluto donare al Reparto di Pediatria dell\u2019Ospedale San Martino per agevolare la gestione delle situazioni di emergenza clinica.<\/p>\n<p>I genitori hanno inoltre promosso un\u2019altra iniziativa, sostenuta sempre dal personale della ditta Costan e resa possibile anche grazie al sostegno da parte dell\u2019ASCOM di Belluno, che ha destinato i fondi raccolti dal personale in occasione del Natale 2012, per l\u2019acquisto di un elettrocardiografo che permetter\u00e0 di effettuare elettrocardiogrammi direttamente alla culla del neonato o al letto del bambino.<\/p>\n<p>Ieri alle ore 18.30 in presenza del Direttore Generale dott. Pietro Paolo Faronato, del Direttore dell\u2019 U.O. di Pediatria dott. Luigi Memo, del personale medico ed infermieristico si \u00e8 svolta una cerimonia nel corso della quale Mirko e Viviana Della Vecchia hanno consegnato al Reparto di Pediatria lo zaino per le urgenze. A sua volta il Presidente dell\u2019ASCOM dott. Raffaele De Diana, con alcuni dipendenti dell\u2019associazione ed una delegazione del personale della ditta Costan, ha consegnato l\u2019elettrocardiografo.<\/p>\n<p>I Medici e gli Infermieri della Pediatria vogliono ringraziare tutti coloro che hanno contribuito con generosit\u00e0 a donare al Reparto questi strumenti utili per l\u2019 attivit\u00e0 di cura dei piccoli pazienti.<\/p>\n<p>&nbsp;<\/p>","protected":false},"excerpt":{"rendered":"<p>Martina \u00e8 deceduta lo scorso 18 marzo ad appena 2 anni di et\u00e0 per un\u2019encefalite virale fulminante. I suoi genitori, Mirko e Viviana Della Vecchia, per ricordare la loro bimba, si sono attivati in collaborazione con il personale della Costan dove entrambi lavorano e con gli \u201cAmici del calcio\u201d di Mel, per una raccolta fondi [&hellip;]<\/p>\n","protected":false},"author":2,"featured_media":0,"comment_status":"closed","ping_status":"open","sticky":false,"template":"","format":"standard","meta":{"footnotes":""},"categories":[26,17,8],"tags":[],"class_list":["post-54285","post","type-post","status-publish","format-standard","category-prima-pagina","category-sanita","category-societa-istituzioni"],"yoast_head":"<!-- This site is optimized with the Yoast SEO plugin v28.4 - https:\/\/yoast.com\/product\/yoast-seo-wordpress\/ -->\n<title>Donazione in memoria della piccola Martina all\u2019ospedale di Belluno - Bellunopress - Dolomiti<\/title>\n<meta name=\"robots\" content=\"index, follow, max-snippet:-1, max-image-preview:large, max-video-preview:-1\" \/>\n<link rel=\"canonical\" href=\"https:\/\/www.bellunopress.it\/fr\/2013\/11\/20\/donazione-in-memoria-della-piccola-martina-allospedale-di-belluno\/\" \/>\n<meta property=\"og:locale\" content=\"fr_FR\" \/>\n<meta property=\"og:type\" content=\"article\" \/>\n<meta property=\"og:title\" content=\"Donazione in memoria della piccola Martina all\u2019ospedale di Belluno - Bellunopress - Dolomiti\" \/>\n<meta property=\"og:description\" content=\"Martina \u00e8 deceduta lo scorso 18 marzo ad appena 2 anni di et\u00e0 per un\u2019encefalite virale fulminante. I suoi genitori, Mirko e Viviana Della Vecchia, per ricordare la loro bimba, si sono attivati in collaborazione con il personale della Costan dove entrambi lavorano e con gli \u201cAmici del calcio\u201d di Mel, per una raccolta fondi [&hellip;]\" \/>\n<meta property=\"og:url\" content=\"https:\/\/www.bellunopress.it\/fr\/2013\/11\/20\/donazione-in-memoria-della-piccola-martina-allospedale-di-belluno\/\" \/>\n<meta property=\"og:site_name\" content=\"Bellunopress - Dolomiti\" \/>\n<meta property=\"article:publisher\" content=\"https:\/\/www.facebook.com\/profile.php?id=100008943462799\" \/>\n<meta property=\"article:published_time\" content=\"2013-11-20T15:26:06+00:00\" \/>\n<meta property=\"og:image\" content=\"http:\/\/www.bellunopress.it\/wp-content\/uploads\/2013\/11\/donazione-ospedale-pediatria.jpg\" \/>\n<meta name=\"author\" content=\"redazione\" \/>\n<meta name=\"twitter:card\" content=\"summary_large_image\" \/>\n<meta name=\"twitter:creator\" content=\"@bellunopress\" \/>\n<meta name=\"twitter:site\" content=\"@bellunopress\" \/>\n<meta name=\"twitter:label1\" content=\"\u00c9crit par\" \/>\n\t<meta name=\"twitter:data1\" content=\"redazione\" \/>\n\t<meta name=\"twitter:label2\" content=\"Dur\u00e9e de lecture estim\u00e9e\" \/>\n\t<meta name=\"twitter:data2\" content=\"1 minute\" \/>\n<script type=\"application\/ld+json\" class=\"yoast-schema-graph\">{\"@context\":\"https:\\\/\\\/schema.org\",\"@graph\":[{\"@type\":\"Article\",\"@id\":\"https:\\\/\\\/www.bellunopress.it\\\/2013\\\/11\\\/20\\\/donazione-in-memoria-della-piccola-martina-allospedale-di-belluno\\\/#article\",\"isPartOf\":{\"@id\":\"https:\\\/\\\/www.bellunopress.it\\\/2013\\\/11\\\/20\\\/donazione-in-memoria-della-piccola-martina-allospedale-di-belluno\\\/\"},\"author\":{\"name\":\"redazione\",\"@id\":\"https:\\\/\\\/www.bellunopress.it\\\/#\\\/schema\\\/person\\\/79bb06722b37ece1c03d3e94beb30d73\"},\"headline\":\"Donazione in memoria della piccola Martina all\u2019ospedale di Belluno\",\"datePublished\":\"2013-11-20T15:26:06+00:00\",\"mainEntityOfPage\":{\"@id\":\"https:\\\/\\\/www.bellunopress.it\\\/2013\\\/11\\\/20\\\/donazione-in-memoria-della-piccola-martina-allospedale-di-belluno\\\/\"},\"wordCount\":268,\"publisher\":{\"@id\":\"https:\\\/\\\/www.bellunopress.it\\\/#organization\"},\"image\":{\"@id\":\"https:\\\/\\\/www.bellunopress.it\\\/2013\\\/11\\\/20\\\/donazione-in-memoria-della-piccola-martina-allospedale-di-belluno\\\/#primaryimage\"},\"thumbnailUrl\":\"http:\\\/\\\/www.bellunopress.it\\\/wp-content\\\/uploads\\\/2013\\\/11\\\/donazione-ospedale-pediatria.jpg\",\"articleSection\":[\"Prima Pagina\",\"Sanit\u00e0 Medicina\",\"Societ\u00e0, Associazioni, Istituzioni\"],\"inLanguage\":\"fr-FR\"},{\"@type\":\"WebPage\",\"@id\":\"https:\\\/\\\/www.bellunopress.it\\\/2013\\\/11\\\/20\\\/donazione-in-memoria-della-piccola-martina-allospedale-di-belluno\\\/\",\"url\":\"https:\\\/\\\/www.bellunopress.it\\\/2013\\\/11\\\/20\\\/donazione-in-memoria-della-piccola-martina-allospedale-di-belluno\\\/\",\"name\":\"Donazione in memoria della piccola Martina all\u2019ospedale di Belluno - Bellunopress - Dolomiti\",\"isPartOf\":{\"@id\":\"https:\\\/\\\/www.bellunopress.it\\\/#website\"},\"primaryImageOfPage\":{\"@id\":\"https:\\\/\\\/www.bellunopress.it\\\/2013\\\/11\\\/20\\\/donazione-in-memoria-della-piccola-martina-allospedale-di-belluno\\\/#primaryimage\"},\"image\":{\"@id\":\"https:\\\/\\\/www.bellunopress.it\\\/2013\\\/11\\\/20\\\/donazione-in-memoria-della-piccola-martina-allospedale-di-belluno\\\/#primaryimage\"},\"thumbnailUrl\":\"http:\\\/\\\/www.bellunopress.it\\\/wp-content\\\/uploads\\\/2013\\\/11\\\/donazione-ospedale-pediatria.jpg\",\"datePublished\":\"2013-11-20T15:26:06+00:00\",\"breadcrumb\":{\"@id\":\"https:\\\/\\\/www.bellunopress.it\\\/2013\\\/11\\\/20\\\/donazione-in-memoria-della-piccola-martina-allospedale-di-belluno\\\/#breadcrumb\"},\"inLanguage\":\"fr-FR\",\"potentialAction\":[{\"@type\":\"ReadAction\",\"target\":[\"https:\\\/\\\/www.bellunopress.it\\\/2013\\\/11\\\/20\\\/donazione-in-memoria-della-piccola-martina-allospedale-di-belluno\\\/\"]}]},{\"@type\":\"ImageObject\",\"inLanguage\":\"fr-FR\",\"@id\":\"https:\\\/\\\/www.bellunopress.it\\\/2013\\\/11\\\/20\\\/donazione-in-memoria-della-piccola-martina-allospedale-di-belluno\\\/#primaryimage\",\"url\":\"http:\\\/\\\/www.bellunopress.it\\\/wp-content\\\/uploads\\\/2013\\\/11\\\/donazione-ospedale-pediatria.jpg\",\"contentUrl\":\"http:\\\/\\\/www.bellunopress.it\\\/wp-content\\\/uploads\\\/2013\\\/11\\\/donazione-ospedale-pediatria.jpg\"},{\"@type\":\"BreadcrumbList\",\"@id\":\"https:\\\/\\\/www.bellunopress.it\\\/2013\\\/11\\\/20\\\/donazione-in-memoria-della-piccola-martina-allospedale-di-belluno\\\/#breadcrumb\",\"itemListElement\":[{\"@type\":\"ListItem\",\"position\":1,\"name\":\"Home\",\"item\":\"https:\\\/\\\/www.bellunopress.it\\\/\"},{\"@type\":\"ListItem\",\"position\":2,\"name\":\"Donazione in memoria della piccola Martina all\u2019ospedale di Belluno\"}]},{\"@type\":\"WebSite\",\"@id\":\"https:\\\/\\\/www.bellunopress.it\\\/#website\",\"url\":\"https:\\\/\\\/www.bellunopress.it\\\/\",\"name\":\"Bellunopress - Dolomiti\",\"description\":\"e-mail: redazione@bellunopress.it\",\"publisher\":{\"@id\":\"https:\\\/\\\/www.bellunopress.it\\\/#organization\"},\"potentialAction\":[{\"@type\":\"SearchAction\",\"target\":{\"@type\":\"EntryPoint\",\"urlTemplate\":\"https:\\\/\\\/www.bellunopress.it\\\/?s={search_term_string}\"},\"query-input\":{\"@type\":\"PropertyValueSpecification\",\"valueRequired\":true,\"valueName\":\"search_term_string\"}}],\"inLanguage\":\"fr-FR\"},{\"@type\":\"Organization\",\"@id\":\"https:\\\/\\\/www.bellunopress.it\\\/#organization\",\"name\":\"Bellunopress\",\"url\":\"https:\\\/\\\/www.bellunopress.it\\\/\",\"logo\":{\"@type\":\"ImageObject\",\"inLanguage\":\"fr-FR\",\"@id\":\"https:\\\/\\\/www.bellunopress.it\\\/#\\\/schema\\\/logo\\\/image\\\/\",\"url\":\"https:\\\/\\\/www.bellunopress.it\\\/wp-content\\\/uploads\\\/2011\\\/05\\\/cropped-logo-bellunopress-.jpg\",\"contentUrl\":\"https:\\\/\\\/www.bellunopress.it\\\/wp-content\\\/uploads\\\/2011\\\/05\\\/cropped-logo-bellunopress-.jpg\",\"width\":512,\"height\":512,\"caption\":\"Bellunopress\"},\"image\":{\"@id\":\"https:\\\/\\\/www.bellunopress.it\\\/#\\\/schema\\\/logo\\\/image\\\/\"},\"sameAs\":[\"https:\\\/\\\/www.facebook.com\\\/profile.php?id=100008943462799\",\"https:\\\/\\\/x.com\\\/bellunopress\",\"https:\\\/\\\/www.linkedin.com\\\/hp\\\/?dnr=JBzUWaJfMUw8vbXJJ2tVW5-I3jZKvC4wsoxE&amp;amp;amp;amp;amp;amp;trk=nav_responsive_tab_home\",\"https:\\\/\\\/www.youtube.com\\\/channel\\\/UCxL0wu1uN0_3_7hGG0306cw\"]},{\"@type\":\"Person\",\"@id\":\"https:\\\/\\\/www.bellunopress.it\\\/#\\\/schema\\\/person\\\/79bb06722b37ece1c03d3e94beb30d73\",\"name\":\"redazione\",\"image\":{\"@type\":\"ImageObject\",\"inLanguage\":\"fr-FR\",\"@id\":\"https:\\\/\\\/secure.gravatar.com\\\/avatar\\\/37d968a2e67a6fd04c169c4bdef102d0bc5d31b2546345219e348575eb80e9a0?s=96&d=mm&r=g\",\"url\":\"https:\\\/\\\/secure.gravatar.com\\\/avatar\\\/37d968a2e67a6fd04c169c4bdef102d0bc5d31b2546345219e348575eb80e9a0?s=96&d=mm&r=g\",\"contentUrl\":\"https:\\\/\\\/secure.gravatar.com\\\/avatar\\\/37d968a2e67a6fd04c169c4bdef102d0bc5d31b2546345219e348575eb80e9a0?s=96&d=mm&r=g\",\"caption\":\"redazione\"},\"sameAs\":[\"http:\\\/\\\/www.bellunopress.it\",\"https:\\\/\\\/x.com\\\/bellunopress\"],\"url\":\"https:\\\/\\\/www.bellunopress.it\\\/fr\\\/author\\\/redazione\\\/\"}]}<\/script>\n<!-- \/ Yoast SEO plugin. -->","yoast_head_json":{"title":"Donazione in memoria della piccola Martina all\u2019ospedale di Belluno - Bellunopress - Dolomiti","robots":{"index":"index","follow":"follow","max-snippet":"max-snippet:-1","max-image-preview":"max-image-preview:large","max-video-preview":"max-video-preview:-1"},"canonical":"https:\/\/www.bellunopress.it\/fr\/2013\/11\/20\/donazione-in-memoria-della-piccola-martina-allospedale-di-belluno\/","og_locale":"fr_FR","og_type":"article","og_title":"Donazione in memoria della piccola Martina all\u2019ospedale di Belluno - Bellunopress - Dolomiti","og_description":"Martina \u00e8 deceduta lo scorso 18 marzo ad appena 2 anni di et\u00e0 per un\u2019encefalite virale fulminante. I suoi genitori, Mirko e Viviana Della Vecchia, per ricordare la loro bimba, si sono attivati in collaborazione con il personale della Costan dove entrambi lavorano e con gli \u201cAmici del calcio\u201d di Mel, per una raccolta fondi [&hellip;]","og_url":"https:\/\/www.bellunopress.it\/fr\/2013\/11\/20\/donazione-in-memoria-della-piccola-martina-allospedale-di-belluno\/","og_site_name":"Bellunopress - Dolomiti","article_publisher":"https:\/\/www.facebook.com\/profile.php?id=100008943462799","article_published_time":"2013-11-20T15:26:06+00:00","og_image":[{"url":"http:\/\/www.bellunopress.it\/wp-content\/uploads\/2013\/11\/donazione-ospedale-pediatria.jpg","type":"","width":"","height":""}],"author":"redazione","twitter_card":"summary_large_image","twitter_creator":"@bellunopress","twitter_site":"@bellunopress","twitter_misc":{"\u00c9crit par":"redazione","Dur\u00e9e de lecture estim\u00e9e":"1 minute"},"schema":{"@context":"https:\/\/schema.org","@graph":[{"@type":"Article","@id":"https:\/\/www.bellunopress.it\/2013\/11\/20\/donazione-in-memoria-della-piccola-martina-allospedale-di-belluno\/#article","isPartOf":{"@id":"https:\/\/www.bellunopress.it\/2013\/11\/20\/donazione-in-memoria-della-piccola-martina-allospedale-di-belluno\/"},"author":{"name":"redazione","@id":"https:\/\/www.bellunopress.it\/#\/schema\/person\/79bb06722b37ece1c03d3e94beb30d73"},"headline":"Donazione in memoria della piccola Martina all\u2019ospedale di Belluno","datePublished":"2013-11-20T15:26:06+00:00","mainEntityOfPage":{"@id":"https:\/\/www.bellunopress.it\/2013\/11\/20\/donazione-in-memoria-della-piccola-martina-allospedale-di-belluno\/"},"wordCount":268,"publisher":{"@id":"https:\/\/www.bellunopress.it\/#organization"},"image":{"@id":"https:\/\/www.bellunopress.it\/2013\/11\/20\/donazione-in-memoria-della-piccola-martina-allospedale-di-belluno\/#primaryimage"},"thumbnailUrl":"http:\/\/www.bellunopress.it\/wp-content\/uploads\/2013\/11\/donazione-ospedale-pediatria.jpg","articleSection":["Prima Pagina","Sanit\u00e0 Medicina","Societ\u00e0, Associazioni, Istituzioni"],"inLanguage":"fr-FR"},{"@type":"WebPage","@id":"https:\/\/www.bellunopress.it\/2013\/11\/20\/donazione-in-memoria-della-piccola-martina-allospedale-di-belluno\/","url":"https:\/\/www.bellunopress.it\/2013\/11\/20\/donazione-in-memoria-della-piccola-martina-allospedale-di-belluno\/","name":"Donazione in memoria della piccola Martina all\u2019ospedale di Belluno - Bellunopress - Dolomiti","isPartOf":{"@id":"https:\/\/www.bellunopress.it\/#website"},"primaryImageOfPage":{"@id":"https:\/\/www.bellunopress.it\/2013\/11\/20\/donazione-in-memoria-della-piccola-martina-allospedale-di-belluno\/#primaryimage"},"image":{"@id":"https:\/\/www.bellunopress.it\/2013\/11\/20\/donazione-in-memoria-della-piccola-martina-allospedale-di-belluno\/#primaryimage"},"thumbnailUrl":"http:\/\/www.bellunopress.it\/wp-content\/uploads\/2013\/11\/donazione-ospedale-pediatria.jpg","datePublished":"2013-11-20T15:26:06+00:00","breadcrumb":{"@id":"https:\/\/www.bellunopress.it\/2013\/11\/20\/donazione-in-memoria-della-piccola-martina-allospedale-di-belluno\/#breadcrumb"},"inLanguage":"fr-FR","potentialAction":[{"@type":"ReadAction","target":["https:\/\/www.bellunopress.it\/2013\/11\/20\/donazione-in-memoria-della-piccola-martina-allospedale-di-belluno\/"]}]},{"@type":"ImageObject","inLanguage":"fr-FR","@id":"https:\/\/www.bellunopress.it\/2013\/11\/20\/donazione-in-memoria-della-piccola-martina-allospedale-di-belluno\/#primaryimage","url":"http:\/\/www.bellunopress.it\/wp-content\/uploads\/2013\/11\/donazione-ospedale-pediatria.jpg","contentUrl":"http:\/\/www.bellunopress.it\/wp-content\/uploads\/2013\/11\/donazione-ospedale-pediatria.jpg"},{"@type":"BreadcrumbList","@id":"https:\/\/www.bellunopress.it\/2013\/11\/20\/donazione-in-memoria-della-piccola-martina-allospedale-di-belluno\/#breadcrumb","itemListElement":[{"@type":"ListItem","position":1,"name":"Home","item":"https:\/\/www.bellunopress.it\/"},{"@type":"ListItem","position":2,"name":"Donazione in memoria della piccola Martina all\u2019ospedale di Belluno"}]},{"@type":"WebSite","@id":"https:\/\/www.bellunopress.it\/#website","url":"https:\/\/www.bellunopress.it\/","name":"Bellunopress - Dolomiti","description":"e-mail: redazione@bellunopress.it","publisher":{"@id":"https:\/\/www.bellunopress.it\/#organization"},"potentialAction":[{"@type":"SearchAction","target":{"@type":"EntryPoint","urlTemplate":"https:\/\/www.bellunopress.it\/?s={search_term_string}"},"query-input":{"@type":"PropertyValueSpecification","valueRequired":true,"valueName":"search_term_string"}}],"inLanguage":"fr-FR"},{"@type":"Organization","@id":"https:\/\/www.bellunopress.it\/#organization","name":"Bellunopress","url":"https:\/\/www.bellunopress.it\/","logo":{"@type":"ImageObject","inLanguage":"fr-FR","@id":"https:\/\/www.bellunopress.it\/#\/schema\/logo\/image\/","url":"https:\/\/www.bellunopress.it\/wp-content\/uploads\/2011\/05\/cropped-logo-bellunopress-.jpg","contentUrl":"https:\/\/www.bellunopress.it\/wp-content\/uploads\/2011\/05\/cropped-logo-bellunopress-.jpg","width":512,"height":512,"caption":"Bellunopress"},"image":{"@id":"https:\/\/www.bellunopress.it\/#\/schema\/logo\/image\/"},"sameAs":["https:\/\/www.facebook.com\/profile.php?id=100008943462799","https:\/\/x.com\/bellunopress","https:\/\/www.linkedin.com\/hp\/?dnr=JBzUWaJfMUw8vbXJJ2tVW5-I3jZKvC4wsoxE&amp;amp;amp;amp;amp;amp;trk=nav_responsive_tab_home","https:\/\/www.youtube.com\/channel\/UCxL0wu1uN0_3_7hGG0306cw"]},{"@type":"Person","@id":"https:\/\/www.bellunopress.it\/#\/schema\/person\/79bb06722b37ece1c03d3e94beb30d73","name":"r\u00e9daction","image":{"@type":"ImageObject","inLanguage":"fr-FR","@id":"https:\/\/secure.gravatar.com\/avatar\/37d968a2e67a6fd04c169c4bdef102d0bc5d31b2546345219e348575eb80e9a0?s=96&d=mm&r=g","url":"https:\/\/secure.gravatar.com\/avatar\/37d968a2e67a6fd04c169c4bdef102d0bc5d31b2546345219e348575eb80e9a0?s=96&d=mm&r=g","contentUrl":"https:\/\/secure.gravatar.com\/avatar\/37d968a2e67a6fd04c169c4bdef102d0bc5d31b2546345219e348575eb80e9a0?s=96&d=mm&r=g","caption":"redazione"},"sameAs":["http:\/\/www.bellunopress.it","https:\/\/x.com\/bellunopress"],"url":"https:\/\/www.bellunopress.it\/fr\/author\/redazione\/"}]}},"_links":{"self":[{"href":"https:\/\/www.bellunopress.it\/fr\/wp-json\/wp\/v2\/posts\/54285","targetHints":{"allow":["GET"]}}],"collection":[{"href":"https:\/\/www.bellunopress.it\/fr\/wp-json\/wp\/v2\/posts"}],"about":[{"href":"https:\/\/www.bellunopress.it\/fr\/wp-json\/wp\/v2\/types\/post"}],"author":[{"embeddable":true,"href":"https:\/\/www.bellunopress.it\/fr\/wp-json\/wp\/v2\/users\/2"}],"replies":[{"embeddable":true,"href":"https:\/\/www.bellunopress.it\/fr\/wp-json\/wp\/v2\/comments?post=54285"}],"version-history":[{"count":1,"href":"https:\/\/www.bellunopress.it\/fr\/wp-json\/wp\/v2\/posts\/54285\/revisions"}],"predecessor-version":[{"id":54287,"href":"https:\/\/www.bellunopress.it\/fr\/wp-json\/wp\/v2\/posts\/54285\/revisions\/54287"}],"wp:attachment":[{"href":"https:\/\/www.bellunopress.it\/fr\/wp-json\/wp\/v2\/media?parent=54285"}],"wp:term":[{"taxonomy":"category","embeddable":true,"href":"https:\/\/www.bellunopress.it\/fr\/wp-json\/wp\/v2\/categories?post=54285"},{"taxonomy":"post_tag","embeddable":true,"href":"https:\/\/www.bellunopress.it\/fr\/wp-json\/wp\/v2\/tags?post=54285"}],"curies":[{"name":"wp","href":"https:\/\/api.w.org\/{rel}","templated":true}]}}