{"id":54283,"date":"2013-11-20T16:19:53","date_gmt":"2013-11-20T15:19:53","guid":{"rendered":"http:\/\/www.bellunopress.it\/?p=54283"},"modified":"2013-11-20T16:19:53","modified_gmt":"2013-11-20T15:19:53","slug":"cerco-lavoro-161","status":"publish","type":"post","link":"https:\/\/www.bellunopress.it\/fr\/2013\/11\/20\/cerco-lavoro-161\/","title":{"rendered":"Cerco lavoro"},"content":{"rendered":"<p><a href=\"http:\/\/www.bellunopress.it\/wp-content\/uploads\/2010\/12\/informagiovani.gif\"><img loading=\"lazy\" decoding=\"async\" class=\"alignleft size-full wp-image-22271\" alt=\"informagiovani\" src=\"http:\/\/www.bellunopress.it\/wp-content\/uploads\/2010\/12\/informagiovani.gif\" width=\"150\" height=\"120\" \/><\/a>In collaborazione con l&#8217;ufficio Informagiovani del Comune di Belluno, pubblichiamo l&#8217;aggiornamento settimanale dei concorsi pubblici e dei bandi di mobilit\u00e0.<\/p>\n<p>&nbsp;<\/p>\n<p>SER.S.A. (per i servizi assistenziali del COMUNE DI BELLUNO)<\/p>\n<p>Avviso di selezione per l&#8217;assunzione di un Assistente Sociale, cat. D, pos. ec. D1, a tempo indeterminato e parziale a 30 ore settimanali.<\/p>\n<p>Requisiti specifici: diploma di laurea triennale in Scienze del Servizio Sociale oppure diploma universitario in Servizio Sociale di cui all&#8217;art. 2, L. 84\/93 e ss.mm. o diploma di Assistente Sociale ai sensi del Dpr 14\/87 e ss.mm. oppure laurea specialistica in programmazione e gestione delle politiche e dei servizi sociali, classe 57\/S; abilitazione mediante esame di stato; iscrizione all&#8217;albo professionale; patente cat. B.<\/p>\n<p>Scadenza: entro le ore 12 del giorno 22 novembre 2013<\/p>\n<p>&nbsp;<\/p>\n<p>AZIENDA FELTRINA PER I SERVIZI ALLA PERSONA<\/p>\n<p>Selezione pubblica nel profilo di Farmacista collaboratore per la costituzione di una graduatoria utile al fine di procedere ad assunzioni a tempo determinato a tempo pieno e\/o part time.<\/p>\n<p>Requisiti specifici: Diploma di laurea in Farmacia o Chimica e Tecnologie Farmaceutiche, con relativa abilitazione all&#8217;esercizio professionale; iscrizione all&#8217;albo dell&#8217;ordine dei farmacisti.<\/p>\n<p>Scadenza: entro le ore 12 del 20 novembre 2013.<\/p>\n<p>&nbsp;<\/p>\n<p>AVVISI DI MOBILIT\u00c0<\/p>\n<p>(per chi \u00e8 gi\u00e0 dipendente di una pubblica amministrazione)<\/p>\n<p>&nbsp;<\/p>\n<p>CAMERA DI COMMERCIO I.A.A. DI BELLUNO<\/p>\n<p>Avviso pubblico di mobilit\u00e0 volontaria esterna per la formazione di una graduatoria della durata di 18 mesi per la copertura di posti a tempo indeterminato e pieno di categoria C \u2013 profilo professionale di Assistente servizi amministrativi, specialistici e di rete presso la C.C.I.A. Di Belluno.<\/p>\n<p>Requisiti specifici: chiedi bando all&#8217;Informagiovani<\/p>\n<p>Scadenza: entro il 4 dicembre 2013.<\/p>\n<p>&nbsp;<\/p>\n<p>&nbsp;<\/p>\n<p>&nbsp;<\/p>\n<p>&nbsp;<\/p>\n<p>&nbsp;<\/p>\n<p>&nbsp;<\/p>\n<p>&nbsp;<\/p>\n<p>&nbsp;<\/p>\n<p>CONCORSI IN DIVISA<\/p>\n<p>&nbsp;<\/p>\n<p>MINISTERO DELLA DIFESA &#8211; ESERCITO<\/p>\n<p>Bando di concorso per il reclutamento nell\u2019Esercito di 7.000 VFP 1, ripartiti nei seguenti quattro blocchi di incorporamento:<\/p>\n<p>a) 1\u00b0 blocco: scaduto l&#8217;8\/11\/2013<\/p>\n<p>b) 2\u00b0 blocco, con prevista incorporazione nel mese di giugno 2014, 1.700 posti.<\/p>\n<p>La domanda di partecipazione pu\u00f2 essere presentata dal 9 dicembre 2013 al 7 gennaio 2014, per i nati dal 7 gennaio 1989 al 7 gennaio 1996, estremi compresi;<\/p>\n<p>c) 3\u00b0 blocco, con prevista incorporazione nel mese di settembre 2014, 1.700 posti.<\/p>\n<p>La domanda di partecipazione pu\u00f2 essere presentata dal 10 marzo 2014 all\u20198 aprile 2014, per i nati dall\u20198 aprile 1989 all\u20198 aprile 1996, estremi compresi;<\/p>\n<p>d) 4\u00b0 blocco, con prevista incorporazione nel mese di dicembre 2014, 1.500 posti.<\/p>\n<p>La domanda di partecipazione pu\u00f2 essere presentata dal 7 luglio 2014 al 5 agosto 2014, per i nati dal 5 agosto 1989 al 5 agosto 1996, estremi compresi.<\/p>\n<p>Requisiti: richiedi il bando all&#8217;Informagiovani.<\/p>\n<p>&nbsp;<\/p>\n<p>&nbsp;<\/p>\n<p>MINISTERO DELLA DIFESA \u2013 MARINA MILITARE<\/p>\n<p>Bando di concorso per il reclutamento nella Marina Militare di 1.748 VFP 1, di cui 500 per le categorie del Corpo Equipaggi Militari Marittimi (CEMM) e 1.248 per il Corpo delle Capitanerie di Porto (CP)<\/p>\n<p>Due blocchi di incorporamento:<\/p>\n<p>a) 1\u00b0 blocco, scad. Il 22\/10\/2013;<\/p>\n<p>b) 2\u00b0 blocco, con due distinti incorporamenti: 874 posti, di cui 250 per il CEMM e 624 per le CP. La domanda di partecipazione pu\u00f2 essere presentata dall\u20198 gennaio 2014 al 6 febbraio 2014, per i nati dal 6 febbraio 1989 al 6 febbraio 1996, estremi compresi.<\/p>\n<p>&nbsp;<\/p>\n<p>&nbsp;<\/p>\n<p>&nbsp;<\/p>","protected":false},"excerpt":{"rendered":"<p>In collaborazione con l&#8217;ufficio Informagiovani del Comune di Belluno, pubblichiamo l&#8217;aggiornamento settimanale dei concorsi pubblici e dei bandi di mobilit\u00e0. &nbsp; SER.S.A. (per i servizi assistenziali del COMUNE DI BELLUNO) Avviso di selezione per l&#8217;assunzione di un Assistente Sociale, cat. D, pos. ec. D1, a tempo indeterminato e parziale a 30 ore settimanali. Requisiti specifici: [&hellip;]<\/p>\n","protected":false},"author":2,"featured_media":0,"comment_status":"closed","ping_status":"open","sticky":false,"template":"","format":"standard","meta":{"footnotes":""},"categories":[36,26],"tags":[],"class_list":["post-54283","post","type-post","status-publish","format-standard","category-lavoro-economia","category-prima-pagina"],"yoast_head":"<!-- This site is optimized with the Yoast SEO plugin v28.4 - https:\/\/yoast.com\/product\/yoast-seo-wordpress\/ -->\n<title>Cerco lavoro - Bellunopress - Dolomiti<\/title>\n<meta name=\"robots\" content=\"index, follow, max-snippet:-1, max-image-preview:large, max-video-preview:-1\" \/>\n<link rel=\"canonical\" href=\"https:\/\/www.bellunopress.it\/fr\/2013\/11\/20\/cerco-lavoro-161\/\" \/>\n<meta property=\"og:locale\" content=\"fr_FR\" \/>\n<meta property=\"og:type\" content=\"article\" \/>\n<meta property=\"og:title\" content=\"Cerco lavoro - Bellunopress - Dolomiti\" \/>\n<meta property=\"og:description\" content=\"In collaborazione con l&#8217;ufficio Informagiovani del Comune di Belluno, pubblichiamo l&#8217;aggiornamento settimanale dei concorsi pubblici e dei bandi di mobilit\u00e0. &nbsp; SER.S.A. (per i servizi assistenziali del COMUNE DI BELLUNO) Avviso di selezione per l&#8217;assunzione di un Assistente Sociale, cat. D, pos. ec. D1, a tempo indeterminato e parziale a 30 ore settimanali. Requisiti specifici: [&hellip;]\" \/>\n<meta property=\"og:url\" content=\"https:\/\/www.bellunopress.it\/fr\/2013\/11\/20\/cerco-lavoro-161\/\" \/>\n<meta property=\"og:site_name\" content=\"Bellunopress - Dolomiti\" \/>\n<meta property=\"article:publisher\" content=\"https:\/\/www.facebook.com\/profile.php?id=100008943462799\" \/>\n<meta property=\"article:published_time\" content=\"2013-11-20T15:19:53+00:00\" \/>\n<meta property=\"og:image\" content=\"http:\/\/www.bellunopress.it\/wp-content\/uploads\/2010\/12\/informagiovani.gif\" \/>\n<meta name=\"author\" content=\"redazione\" \/>\n<meta name=\"twitter:card\" content=\"summary_large_image\" \/>\n<meta name=\"twitter:creator\" content=\"@bellunopress\" \/>\n<meta name=\"twitter:site\" content=\"@bellunopress\" \/>\n<meta name=\"twitter:label1\" content=\"\u00c9crit par\" \/>\n\t<meta name=\"twitter:data1\" content=\"redazione\" \/>\n\t<meta name=\"twitter:label2\" content=\"Dur\u00e9e de lecture estim\u00e9e\" \/>\n\t<meta name=\"twitter:data2\" content=\"2 minutes\" \/>\n<script type=\"application\/ld+json\" class=\"yoast-schema-graph\">{\"@context\":\"https:\\\/\\\/schema.org\",\"@graph\":[{\"@type\":\"Article\",\"@id\":\"https:\\\/\\\/www.bellunopress.it\\\/2013\\\/11\\\/20\\\/cerco-lavoro-161\\\/#article\",\"isPartOf\":{\"@id\":\"https:\\\/\\\/www.bellunopress.it\\\/2013\\\/11\\\/20\\\/cerco-lavoro-161\\\/\"},\"author\":{\"name\":\"redazione\",\"@id\":\"https:\\\/\\\/www.bellunopress.it\\\/#\\\/schema\\\/person\\\/79bb06722b37ece1c03d3e94beb30d73\"},\"headline\":\"Cerco lavoro\",\"datePublished\":\"2013-11-20T15:19:53+00:00\",\"mainEntityOfPage\":{\"@id\":\"https:\\\/\\\/www.bellunopress.it\\\/2013\\\/11\\\/20\\\/cerco-lavoro-161\\\/\"},\"wordCount\":496,\"publisher\":{\"@id\":\"https:\\\/\\\/www.bellunopress.it\\\/#organization\"},\"image\":{\"@id\":\"https:\\\/\\\/www.bellunopress.it\\\/2013\\\/11\\\/20\\\/cerco-lavoro-161\\\/#primaryimage\"},\"thumbnailUrl\":\"http:\\\/\\\/www.bellunopress.it\\\/wp-content\\\/uploads\\\/2010\\\/12\\\/informagiovani.gif\",\"articleSection\":[\"Lavoro, Economia, Turismo\",\"Prima Pagina\"],\"inLanguage\":\"fr-FR\"},{\"@type\":\"WebPage\",\"@id\":\"https:\\\/\\\/www.bellunopress.it\\\/2013\\\/11\\\/20\\\/cerco-lavoro-161\\\/\",\"url\":\"https:\\\/\\\/www.bellunopress.it\\\/2013\\\/11\\\/20\\\/cerco-lavoro-161\\\/\",\"name\":\"Cerco lavoro - Bellunopress - Dolomiti\",\"isPartOf\":{\"@id\":\"https:\\\/\\\/www.bellunopress.it\\\/#website\"},\"primaryImageOfPage\":{\"@id\":\"https:\\\/\\\/www.bellunopress.it\\\/2013\\\/11\\\/20\\\/cerco-lavoro-161\\\/#primaryimage\"},\"image\":{\"@id\":\"https:\\\/\\\/www.bellunopress.it\\\/2013\\\/11\\\/20\\\/cerco-lavoro-161\\\/#primaryimage\"},\"thumbnailUrl\":\"http:\\\/\\\/www.bellunopress.it\\\/wp-content\\\/uploads\\\/2010\\\/12\\\/informagiovani.gif\",\"datePublished\":\"2013-11-20T15:19:53+00:00\",\"breadcrumb\":{\"@id\":\"https:\\\/\\\/www.bellunopress.it\\\/2013\\\/11\\\/20\\\/cerco-lavoro-161\\\/#breadcrumb\"},\"inLanguage\":\"fr-FR\",\"potentialAction\":[{\"@type\":\"ReadAction\",\"target\":[\"https:\\\/\\\/www.bellunopress.it\\\/2013\\\/11\\\/20\\\/cerco-lavoro-161\\\/\"]}]},{\"@type\":\"ImageObject\",\"inLanguage\":\"fr-FR\",\"@id\":\"https:\\\/\\\/www.bellunopress.it\\\/2013\\\/11\\\/20\\\/cerco-lavoro-161\\\/#primaryimage\",\"url\":\"http:\\\/\\\/www.bellunopress.it\\\/wp-content\\\/uploads\\\/2010\\\/12\\\/informagiovani.gif\",\"contentUrl\":\"http:\\\/\\\/www.bellunopress.it\\\/wp-content\\\/uploads\\\/2010\\\/12\\\/informagiovani.gif\"},{\"@type\":\"BreadcrumbList\",\"@id\":\"https:\\\/\\\/www.bellunopress.it\\\/2013\\\/11\\\/20\\\/cerco-lavoro-161\\\/#breadcrumb\",\"itemListElement\":[{\"@type\":\"ListItem\",\"position\":1,\"name\":\"Home\",\"item\":\"https:\\\/\\\/www.bellunopress.it\\\/\"},{\"@type\":\"ListItem\",\"position\":2,\"name\":\"Cerco lavoro\"}]},{\"@type\":\"WebSite\",\"@id\":\"https:\\\/\\\/www.bellunopress.it\\\/#website\",\"url\":\"https:\\\/\\\/www.bellunopress.it\\\/\",\"name\":\"Bellunopress - Dolomiti\",\"description\":\"e-mail: redazione@bellunopress.it\",\"publisher\":{\"@id\":\"https:\\\/\\\/www.bellunopress.it\\\/#organization\"},\"potentialAction\":[{\"@type\":\"SearchAction\",\"target\":{\"@type\":\"EntryPoint\",\"urlTemplate\":\"https:\\\/\\\/www.bellunopress.it\\\/?s={search_term_string}\"},\"query-input\":{\"@type\":\"PropertyValueSpecification\",\"valueRequired\":true,\"valueName\":\"search_term_string\"}}],\"inLanguage\":\"fr-FR\"},{\"@type\":\"Organization\",\"@id\":\"https:\\\/\\\/www.bellunopress.it\\\/#organization\",\"name\":\"Bellunopress\",\"url\":\"https:\\\/\\\/www.bellunopress.it\\\/\",\"logo\":{\"@type\":\"ImageObject\",\"inLanguage\":\"fr-FR\",\"@id\":\"https:\\\/\\\/www.bellunopress.it\\\/#\\\/schema\\\/logo\\\/image\\\/\",\"url\":\"https:\\\/\\\/www.bellunopress.it\\\/wp-content\\\/uploads\\\/2011\\\/05\\\/cropped-logo-bellunopress-.jpg\",\"contentUrl\":\"https:\\\/\\\/www.bellunopress.it\\\/wp-content\\\/uploads\\\/2011\\\/05\\\/cropped-logo-bellunopress-.jpg\",\"width\":512,\"height\":512,\"caption\":\"Bellunopress\"},\"image\":{\"@id\":\"https:\\\/\\\/www.bellunopress.it\\\/#\\\/schema\\\/logo\\\/image\\\/\"},\"sameAs\":[\"https:\\\/\\\/www.facebook.com\\\/profile.php?id=100008943462799\",\"https:\\\/\\\/x.com\\\/bellunopress\",\"https:\\\/\\\/www.linkedin.com\\\/hp\\\/?dnr=JBzUWaJfMUw8vbXJJ2tVW5-I3jZKvC4wsoxE&amp;amp;amp;amp;amp;amp;trk=nav_responsive_tab_home\",\"https:\\\/\\\/www.youtube.com\\\/channel\\\/UCxL0wu1uN0_3_7hGG0306cw\"]},{\"@type\":\"Person\",\"@id\":\"https:\\\/\\\/www.bellunopress.it\\\/#\\\/schema\\\/person\\\/79bb06722b37ece1c03d3e94beb30d73\",\"name\":\"redazione\",\"image\":{\"@type\":\"ImageObject\",\"inLanguage\":\"fr-FR\",\"@id\":\"https:\\\/\\\/secure.gravatar.com\\\/avatar\\\/37d968a2e67a6fd04c169c4bdef102d0bc5d31b2546345219e348575eb80e9a0?s=96&d=mm&r=g\",\"url\":\"https:\\\/\\\/secure.gravatar.com\\\/avatar\\\/37d968a2e67a6fd04c169c4bdef102d0bc5d31b2546345219e348575eb80e9a0?s=96&d=mm&r=g\",\"contentUrl\":\"https:\\\/\\\/secure.gravatar.com\\\/avatar\\\/37d968a2e67a6fd04c169c4bdef102d0bc5d31b2546345219e348575eb80e9a0?s=96&d=mm&r=g\",\"caption\":\"redazione\"},\"sameAs\":[\"http:\\\/\\\/www.bellunopress.it\",\"https:\\\/\\\/x.com\\\/bellunopress\"],\"url\":\"https:\\\/\\\/www.bellunopress.it\\\/fr\\\/author\\\/redazione\\\/\"}]}<\/script>\n<!-- \/ Yoast SEO plugin. -->","yoast_head_json":{"title":"Cerco lavoro - Bellunopress - Dolomiti","robots":{"index":"index","follow":"follow","max-snippet":"max-snippet:-1","max-image-preview":"max-image-preview:large","max-video-preview":"max-video-preview:-1"},"canonical":"https:\/\/www.bellunopress.it\/fr\/2013\/11\/20\/cerco-lavoro-161\/","og_locale":"fr_FR","og_type":"article","og_title":"Cerco lavoro - Bellunopress - Dolomiti","og_description":"In collaborazione con l&#8217;ufficio Informagiovani del Comune di Belluno, pubblichiamo l&#8217;aggiornamento settimanale dei concorsi pubblici e dei bandi di mobilit\u00e0. &nbsp; SER.S.A. (per i servizi assistenziali del COMUNE DI BELLUNO) Avviso di selezione per l&#8217;assunzione di un Assistente Sociale, cat. D, pos. ec. D1, a tempo indeterminato e parziale a 30 ore settimanali. Requisiti specifici: [&hellip;]","og_url":"https:\/\/www.bellunopress.it\/fr\/2013\/11\/20\/cerco-lavoro-161\/","og_site_name":"Bellunopress - Dolomiti","article_publisher":"https:\/\/www.facebook.com\/profile.php?id=100008943462799","article_published_time":"2013-11-20T15:19:53+00:00","og_image":[{"url":"http:\/\/www.bellunopress.it\/wp-content\/uploads\/2010\/12\/informagiovani.gif","type":"","width":"","height":""}],"author":"redazione","twitter_card":"summary_large_image","twitter_creator":"@bellunopress","twitter_site":"@bellunopress","twitter_misc":{"\u00c9crit par":"redazione","Dur\u00e9e de lecture estim\u00e9e":"2 minutes"},"schema":{"@context":"https:\/\/schema.org","@graph":[{"@type":"Article","@id":"https:\/\/www.bellunopress.it\/2013\/11\/20\/cerco-lavoro-161\/#article","isPartOf":{"@id":"https:\/\/www.bellunopress.it\/2013\/11\/20\/cerco-lavoro-161\/"},"author":{"name":"redazione","@id":"https:\/\/www.bellunopress.it\/#\/schema\/person\/79bb06722b37ece1c03d3e94beb30d73"},"headline":"Cerco lavoro","datePublished":"2013-11-20T15:19:53+00:00","mainEntityOfPage":{"@id":"https:\/\/www.bellunopress.it\/2013\/11\/20\/cerco-lavoro-161\/"},"wordCount":496,"publisher":{"@id":"https:\/\/www.bellunopress.it\/#organization"},"image":{"@id":"https:\/\/www.bellunopress.it\/2013\/11\/20\/cerco-lavoro-161\/#primaryimage"},"thumbnailUrl":"http:\/\/www.bellunopress.it\/wp-content\/uploads\/2010\/12\/informagiovani.gif","articleSection":["Lavoro, Economia, Turismo","Prima Pagina"],"inLanguage":"fr-FR"},{"@type":"WebPage","@id":"https:\/\/www.bellunopress.it\/2013\/11\/20\/cerco-lavoro-161\/","url":"https:\/\/www.bellunopress.it\/2013\/11\/20\/cerco-lavoro-161\/","name":"Cerco lavoro - Bellunopress - Dolomiti","isPartOf":{"@id":"https:\/\/www.bellunopress.it\/#website"},"primaryImageOfPage":{"@id":"https:\/\/www.bellunopress.it\/2013\/11\/20\/cerco-lavoro-161\/#primaryimage"},"image":{"@id":"https:\/\/www.bellunopress.it\/2013\/11\/20\/cerco-lavoro-161\/#primaryimage"},"thumbnailUrl":"http:\/\/www.bellunopress.it\/wp-content\/uploads\/2010\/12\/informagiovani.gif","datePublished":"2013-11-20T15:19:53+00:00","breadcrumb":{"@id":"https:\/\/www.bellunopress.it\/2013\/11\/20\/cerco-lavoro-161\/#breadcrumb"},"inLanguage":"fr-FR","potentialAction":[{"@type":"ReadAction","target":["https:\/\/www.bellunopress.it\/2013\/11\/20\/cerco-lavoro-161\/"]}]},{"@type":"ImageObject","inLanguage":"fr-FR","@id":"https:\/\/www.bellunopress.it\/2013\/11\/20\/cerco-lavoro-161\/#primaryimage","url":"http:\/\/www.bellunopress.it\/wp-content\/uploads\/2010\/12\/informagiovani.gif","contentUrl":"http:\/\/www.bellunopress.it\/wp-content\/uploads\/2010\/12\/informagiovani.gif"},{"@type":"BreadcrumbList","@id":"https:\/\/www.bellunopress.it\/2013\/11\/20\/cerco-lavoro-161\/#breadcrumb","itemListElement":[{"@type":"ListItem","position":1,"name":"Home","item":"https:\/\/www.bellunopress.it\/"},{"@type":"ListItem","position":2,"name":"Cerco lavoro"}]},{"@type":"WebSite","@id":"https:\/\/www.bellunopress.it\/#website","url":"https:\/\/www.bellunopress.it\/","name":"Bellunopress - Dolomiti","description":"e-mail: redazione@bellunopress.it","publisher":{"@id":"https:\/\/www.bellunopress.it\/#organization"},"potentialAction":[{"@type":"SearchAction","target":{"@type":"EntryPoint","urlTemplate":"https:\/\/www.bellunopress.it\/?s={search_term_string}"},"query-input":{"@type":"PropertyValueSpecification","valueRequired":true,"valueName":"search_term_string"}}],"inLanguage":"fr-FR"},{"@type":"Organization","@id":"https:\/\/www.bellunopress.it\/#organization","name":"Bellunopress","url":"https:\/\/www.bellunopress.it\/","logo":{"@type":"ImageObject","inLanguage":"fr-FR","@id":"https:\/\/www.bellunopress.it\/#\/schema\/logo\/image\/","url":"https:\/\/www.bellunopress.it\/wp-content\/uploads\/2011\/05\/cropped-logo-bellunopress-.jpg","contentUrl":"https:\/\/www.bellunopress.it\/wp-content\/uploads\/2011\/05\/cropped-logo-bellunopress-.jpg","width":512,"height":512,"caption":"Bellunopress"},"image":{"@id":"https:\/\/www.bellunopress.it\/#\/schema\/logo\/image\/"},"sameAs":["https:\/\/www.facebook.com\/profile.php?id=100008943462799","https:\/\/x.com\/bellunopress","https:\/\/www.linkedin.com\/hp\/?dnr=JBzUWaJfMUw8vbXJJ2tVW5-I3jZKvC4wsoxE&amp;amp;amp;amp;amp;amp;trk=nav_responsive_tab_home","https:\/\/www.youtube.com\/channel\/UCxL0wu1uN0_3_7hGG0306cw"]},{"@type":"Person","@id":"https:\/\/www.bellunopress.it\/#\/schema\/person\/79bb06722b37ece1c03d3e94beb30d73","name":"r\u00e9daction","image":{"@type":"ImageObject","inLanguage":"fr-FR","@id":"https:\/\/secure.gravatar.com\/avatar\/37d968a2e67a6fd04c169c4bdef102d0bc5d31b2546345219e348575eb80e9a0?s=96&d=mm&r=g","url":"https:\/\/secure.gravatar.com\/avatar\/37d968a2e67a6fd04c169c4bdef102d0bc5d31b2546345219e348575eb80e9a0?s=96&d=mm&r=g","contentUrl":"https:\/\/secure.gravatar.com\/avatar\/37d968a2e67a6fd04c169c4bdef102d0bc5d31b2546345219e348575eb80e9a0?s=96&d=mm&r=g","caption":"redazione"},"sameAs":["http:\/\/www.bellunopress.it","https:\/\/x.com\/bellunopress"],"url":"https:\/\/www.bellunopress.it\/fr\/author\/redazione\/"}]}},"_links":{"self":[{"href":"https:\/\/www.bellunopress.it\/fr\/wp-json\/wp\/v2\/posts\/54283","targetHints":{"allow":["GET"]}}],"collection":[{"href":"https:\/\/www.bellunopress.it\/fr\/wp-json\/wp\/v2\/posts"}],"about":[{"href":"https:\/\/www.bellunopress.it\/fr\/wp-json\/wp\/v2\/types\/post"}],"author":[{"embeddable":true,"href":"https:\/\/www.bellunopress.it\/fr\/wp-json\/wp\/v2\/users\/2"}],"replies":[{"embeddable":true,"href":"https:\/\/www.bellunopress.it\/fr\/wp-json\/wp\/v2\/comments?post=54283"}],"version-history":[{"count":1,"href":"https:\/\/www.bellunopress.it\/fr\/wp-json\/wp\/v2\/posts\/54283\/revisions"}],"predecessor-version":[{"id":54284,"href":"https:\/\/www.bellunopress.it\/fr\/wp-json\/wp\/v2\/posts\/54283\/revisions\/54284"}],"wp:attachment":[{"href":"https:\/\/www.bellunopress.it\/fr\/wp-json\/wp\/v2\/media?parent=54283"}],"wp:term":[{"taxonomy":"category","embeddable":true,"href":"https:\/\/www.bellunopress.it\/fr\/wp-json\/wp\/v2\/categories?post=54283"},{"taxonomy":"post_tag","embeddable":true,"href":"https:\/\/www.bellunopress.it\/fr\/wp-json\/wp\/v2\/tags?post=54283"}],"curies":[{"name":"wp","href":"https:\/\/api.w.org\/{rel}","templated":true}]}}