{"id":5424,"date":"2009-06-26T12:16:03","date_gmt":"2009-06-26T11:16:03","guid":{"rendered":"http:\/\/www.bellunopress.it\/?p=5424"},"modified":"2009-06-26T12:16:03","modified_gmt":"2009-06-26T11:16:03","slug":"diabete-in-farmacia-controlli-e-terapie-piu-accessibili","status":"publish","type":"post","link":"https:\/\/www.bellunopress.it\/fr\/2009\/06\/26\/diabete-in-farmacia-controlli-e-terapie-piu-accessibili\/","title":{"rendered":"Diabete, in farmacia controlli e terapie pi\u00f9 accessibili"},"content":{"rendered":"<p>In farmacia ci sono buone notizie per i diabetici del Veneto. Sono decine di migliaia i malati di diabete invalidante in regione e da oggi potranno approvvigionarsi delle quantit\u00e0 di \u201cdispositivi\u201d effettivamente necessarie per tenere sotto controllo la patologia. Lo comunica Federfarma Veneto, l&#8217;unione regionale che rappresenta le oltre 1.200 farmacie venete nelle quali \u00e8 possibile beneficiare della novit\u00e0 appena introdotta dalla Regione Veneto. Dopo un confronto sul tema tra Federfarma, Assessorato della Regione Veneto, ULSS della regione e medici che hanno in carico i pazienti diabetici, la Giunta veneta, su proposta dell&#8217;assessore Sandro Sandri, ha innalzato i limiti minimi messi a disposizione per siringhe di insulina, aghi per iniettori a penna, reattivi rapidi (strisce) per l&#8217;autocontrollo di glicemia, glicosuria, chetonemia. Ora le quantit\u00e0 garantite ai pazienti dal Servizio Sanitario Regionale saranno commisurate alle loro effettive necessit\u00e0. L&#8217;aiuto riguarda anche le donne in gravidanza che, in particolari casi, devono tenere sotto controllo la glicemia. Prevenzione a 360 gradi, quindi, nei confronti del diabete, patologia che pu\u00f2 diventare estremamente invalidante se non adeguatamente controllata.<br \/>\nE&#8217; soprattutto grazie alla capillarit\u00e0 delle farmacie nel territorio e alla professionalit\u00e0 garantita dai farmacisti veneti che \u00e8 stato possibile compiere questo passo a favore dei diabetici, come sottolinea la presidente di Federfarma Veneto Annamaria Brusadini: \u201cQuesta novit\u00e0 \u00e8 frutto della sinergia tra Federfarma, dirigenti, funzionari regionali e Assessorato alla Sanit\u00e0. Nell&#8217;affrontare il tema abbiamo messo al centro l&#8217;attenzione per il paziente diabetico\u201d. \u201cAncora una volta \u2013 continua Brusadini &#8211; la farmacia dimostra la propria qualit\u00e0 e la capacit\u00e0 di andare incontro alle esigenze dei cittadini nel campo della salute. Monitoraggio della spesa, presenza nel territorio e professionalit\u00e0 dei farmacisti consentono alle istituzioni di poter attuare provvedimenti migliorativi e ai malati di diabete di tenere sotto controllo pi\u00f9 facilmente la loro patologia. Solo il farmacista, conoscendo sia i presidi che la persona diabetica, pu\u00f2 garantire che controlli e terapie siano accessibili e sicuri. Questo \u00e8 il nostro messaggio, con il quale la Regione ha dimostrato di essere in sintonia\u201d.<br \/>\nIl provvedimento prevede anche che la prescrizione medica da mensile diventi bimestrale. Questo, anche in considerazione del fatto che, una volta fatta la diagnosi e impostata la terapia, con il piano di autocontrollo e il programma di cura, miglioriamo l\u2019accesso del paziente agli ambulatori medici. Nel Veneto si contano circa 170.000 malati di diabete e si stimano circa 20.000 nuovi casi l&#8217;anno. I dati epidemiologici dimostrano come il diabete sia in aumento e, assieme all&#8217;obesit\u00e0, rappresenti anche un problema di tipo socio-comportamentale, indotto anche da errati stili di vita.<\/p>","protected":false},"excerpt":{"rendered":"<p>In farmacia ci sono buone notizie per i diabetici del Veneto. Sono decine di migliaia i malati di diabete invalidante in regione e da oggi potranno approvvigionarsi delle quantit\u00e0 di \u201cdispositivi\u201d effettivamente necessarie per tenere sotto controllo la patologia. Lo comunica Federfarma Veneto, l&#8217;unione regionale che rappresenta le oltre 1.200 farmacie venete nelle quali \u00e8 [&hellip;]<\/p>\n","protected":false},"author":2,"featured_media":0,"comment_status":"closed","ping_status":"open","sticky":false,"template":"","format":"standard","meta":{"footnotes":""},"categories":[17],"tags":[3050],"class_list":["post-5424","post","type-post","status-publish","format-standard","category-sanita","tag-sanita"],"yoast_head":"<!-- This site is optimized with the Yoast SEO plugin v28.4 - https:\/\/yoast.com\/product\/yoast-seo-wordpress\/ -->\n<title>Diabete, in farmacia controlli e terapie pi\u00f9 accessibili - Bellunopress - Dolomiti<\/title>\n<meta name=\"robots\" content=\"index, follow, max-snippet:-1, max-image-preview:large, max-video-preview:-1\" \/>\n<link rel=\"canonical\" href=\"https:\/\/www.bellunopress.it\/fr\/2009\/06\/26\/diabete-in-farmacia-controlli-e-terapie-piu-accessibili\/\" \/>\n<meta property=\"og:locale\" content=\"fr_FR\" \/>\n<meta property=\"og:type\" content=\"article\" \/>\n<meta property=\"og:title\" content=\"Diabete, in farmacia controlli e terapie pi\u00f9 accessibili - Bellunopress - Dolomiti\" \/>\n<meta property=\"og:description\" content=\"In farmacia ci sono buone notizie per i diabetici del Veneto. Sono decine di migliaia i malati di diabete invalidante in regione e da oggi potranno approvvigionarsi delle quantit\u00e0 di \u201cdispositivi\u201d effettivamente necessarie per tenere sotto controllo la patologia. Lo comunica Federfarma Veneto, l&#8217;unione regionale che rappresenta le oltre 1.200 farmacie venete nelle quali \u00e8 [&hellip;]\" \/>\n<meta property=\"og:url\" content=\"https:\/\/www.bellunopress.it\/fr\/2009\/06\/26\/diabete-in-farmacia-controlli-e-terapie-piu-accessibili\/\" \/>\n<meta property=\"og:site_name\" content=\"Bellunopress - Dolomiti\" \/>\n<meta property=\"article:publisher\" content=\"https:\/\/www.facebook.com\/profile.php?id=100008943462799\" \/>\n<meta property=\"article:published_time\" content=\"2009-06-26T11:16:03+00:00\" \/>\n<meta property=\"og:image\" content=\"http:\/\/www.bellunopress.it\/wp-content\/uploads\/2012\/07\/logo-bellunopress-250x250-2012.jpg\" \/>\n<meta name=\"author\" content=\"redazione\" \/>\n<meta name=\"twitter:card\" content=\"summary_large_image\" \/>\n<meta name=\"twitter:creator\" content=\"@bellunopress\" \/>\n<meta name=\"twitter:site\" content=\"@bellunopress\" \/>\n<meta name=\"twitter:label1\" content=\"\u00c9crit par\" \/>\n\t<meta name=\"twitter:data1\" content=\"redazione\" \/>\n\t<meta name=\"twitter:label2\" content=\"Dur\u00e9e de lecture estim\u00e9e\" \/>\n\t<meta name=\"twitter:data2\" content=\"2 minutes\" \/>\n<script type=\"application\/ld+json\" class=\"yoast-schema-graph\">{\"@context\":\"https:\\\/\\\/schema.org\",\"@graph\":[{\"@type\":\"Article\",\"@id\":\"https:\\\/\\\/www.bellunopress.it\\\/2009\\\/06\\\/26\\\/diabete-in-farmacia-controlli-e-terapie-piu-accessibili\\\/#article\",\"isPartOf\":{\"@id\":\"https:\\\/\\\/www.bellunopress.it\\\/2009\\\/06\\\/26\\\/diabete-in-farmacia-controlli-e-terapie-piu-accessibili\\\/\"},\"author\":{\"name\":\"redazione\",\"@id\":\"https:\\\/\\\/www.bellunopress.it\\\/#\\\/schema\\\/person\\\/79bb06722b37ece1c03d3e94beb30d73\"},\"headline\":\"Diabete, in farmacia controlli e terapie pi\u00f9 accessibili\",\"datePublished\":\"2009-06-26T11:16:03+00:00\",\"mainEntityOfPage\":{\"@id\":\"https:\\\/\\\/www.bellunopress.it\\\/2009\\\/06\\\/26\\\/diabete-in-farmacia-controlli-e-terapie-piu-accessibili\\\/\"},\"wordCount\":429,\"publisher\":{\"@id\":\"https:\\\/\\\/www.bellunopress.it\\\/#organization\"},\"keywords\":[\"Sanit\u00e0\"],\"articleSection\":[\"Sanit\u00e0 Medicina\"],\"inLanguage\":\"fr-FR\"},{\"@type\":\"WebPage\",\"@id\":\"https:\\\/\\\/www.bellunopress.it\\\/2009\\\/06\\\/26\\\/diabete-in-farmacia-controlli-e-terapie-piu-accessibili\\\/\",\"url\":\"https:\\\/\\\/www.bellunopress.it\\\/2009\\\/06\\\/26\\\/diabete-in-farmacia-controlli-e-terapie-piu-accessibili\\\/\",\"name\":\"Diabete, in farmacia controlli e terapie pi\u00f9 accessibili - Bellunopress - Dolomiti\",\"isPartOf\":{\"@id\":\"https:\\\/\\\/www.bellunopress.it\\\/#website\"},\"datePublished\":\"2009-06-26T11:16:03+00:00\",\"breadcrumb\":{\"@id\":\"https:\\\/\\\/www.bellunopress.it\\\/2009\\\/06\\\/26\\\/diabete-in-farmacia-controlli-e-terapie-piu-accessibili\\\/#breadcrumb\"},\"inLanguage\":\"fr-FR\",\"potentialAction\":[{\"@type\":\"ReadAction\",\"target\":[\"https:\\\/\\\/www.bellunopress.it\\\/2009\\\/06\\\/26\\\/diabete-in-farmacia-controlli-e-terapie-piu-accessibili\\\/\"]}]},{\"@type\":\"BreadcrumbList\",\"@id\":\"https:\\\/\\\/www.bellunopress.it\\\/2009\\\/06\\\/26\\\/diabete-in-farmacia-controlli-e-terapie-piu-accessibili\\\/#breadcrumb\",\"itemListElement\":[{\"@type\":\"ListItem\",\"position\":1,\"name\":\"Home\",\"item\":\"https:\\\/\\\/www.bellunopress.it\\\/\"},{\"@type\":\"ListItem\",\"position\":2,\"name\":\"Diabete, in farmacia controlli e terapie pi\u00f9 accessibili\"}]},{\"@type\":\"WebSite\",\"@id\":\"https:\\\/\\\/www.bellunopress.it\\\/#website\",\"url\":\"https:\\\/\\\/www.bellunopress.it\\\/\",\"name\":\"Bellunopress - Dolomiti\",\"description\":\"e-mail: redazione@bellunopress.it\",\"publisher\":{\"@id\":\"https:\\\/\\\/www.bellunopress.it\\\/#organization\"},\"potentialAction\":[{\"@type\":\"SearchAction\",\"target\":{\"@type\":\"EntryPoint\",\"urlTemplate\":\"https:\\\/\\\/www.bellunopress.it\\\/?s={search_term_string}\"},\"query-input\":{\"@type\":\"PropertyValueSpecification\",\"valueRequired\":true,\"valueName\":\"search_term_string\"}}],\"inLanguage\":\"fr-FR\"},{\"@type\":\"Organization\",\"@id\":\"https:\\\/\\\/www.bellunopress.it\\\/#organization\",\"name\":\"Bellunopress\",\"url\":\"https:\\\/\\\/www.bellunopress.it\\\/\",\"logo\":{\"@type\":\"ImageObject\",\"inLanguage\":\"fr-FR\",\"@id\":\"https:\\\/\\\/www.bellunopress.it\\\/#\\\/schema\\\/logo\\\/image\\\/\",\"url\":\"https:\\\/\\\/www.bellunopress.it\\\/wp-content\\\/uploads\\\/2011\\\/05\\\/cropped-logo-bellunopress-.jpg\",\"contentUrl\":\"https:\\\/\\\/www.bellunopress.it\\\/wp-content\\\/uploads\\\/2011\\\/05\\\/cropped-logo-bellunopress-.jpg\",\"width\":512,\"height\":512,\"caption\":\"Bellunopress\"},\"image\":{\"@id\":\"https:\\\/\\\/www.bellunopress.it\\\/#\\\/schema\\\/logo\\\/image\\\/\"},\"sameAs\":[\"https:\\\/\\\/www.facebook.com\\\/profile.php?id=100008943462799\",\"https:\\\/\\\/x.com\\\/bellunopress\",\"https:\\\/\\\/www.linkedin.com\\\/hp\\\/?dnr=JBzUWaJfMUw8vbXJJ2tVW5-I3jZKvC4wsoxE&amp;amp;amp;amp;amp;amp;trk=nav_responsive_tab_home\",\"https:\\\/\\\/www.youtube.com\\\/channel\\\/UCxL0wu1uN0_3_7hGG0306cw\"]},{\"@type\":\"Person\",\"@id\":\"https:\\\/\\\/www.bellunopress.it\\\/#\\\/schema\\\/person\\\/79bb06722b37ece1c03d3e94beb30d73\",\"name\":\"redazione\",\"image\":{\"@type\":\"ImageObject\",\"inLanguage\":\"fr-FR\",\"@id\":\"https:\\\/\\\/secure.gravatar.com\\\/avatar\\\/37d968a2e67a6fd04c169c4bdef102d0bc5d31b2546345219e348575eb80e9a0?s=96&d=mm&r=g\",\"url\":\"https:\\\/\\\/secure.gravatar.com\\\/avatar\\\/37d968a2e67a6fd04c169c4bdef102d0bc5d31b2546345219e348575eb80e9a0?s=96&d=mm&r=g\",\"contentUrl\":\"https:\\\/\\\/secure.gravatar.com\\\/avatar\\\/37d968a2e67a6fd04c169c4bdef102d0bc5d31b2546345219e348575eb80e9a0?s=96&d=mm&r=g\",\"caption\":\"redazione\"},\"sameAs\":[\"http:\\\/\\\/www.bellunopress.it\",\"https:\\\/\\\/x.com\\\/bellunopress\"],\"url\":\"https:\\\/\\\/www.bellunopress.it\\\/fr\\\/author\\\/redazione\\\/\"}]}<\/script>\n<!-- \/ Yoast SEO plugin. -->","yoast_head_json":{"title":"Diabete, in farmacia controlli e terapie pi\u00f9 accessibili - Bellunopress - Dolomiti","robots":{"index":"index","follow":"follow","max-snippet":"max-snippet:-1","max-image-preview":"max-image-preview:large","max-video-preview":"max-video-preview:-1"},"canonical":"https:\/\/www.bellunopress.it\/fr\/2009\/06\/26\/diabete-in-farmacia-controlli-e-terapie-piu-accessibili\/","og_locale":"fr_FR","og_type":"article","og_title":"Diabete, in farmacia controlli e terapie pi\u00f9 accessibili - Bellunopress - Dolomiti","og_description":"In farmacia ci sono buone notizie per i diabetici del Veneto. Sono decine di migliaia i malati di diabete invalidante in regione e da oggi potranno approvvigionarsi delle quantit\u00e0 di \u201cdispositivi\u201d effettivamente necessarie per tenere sotto controllo la patologia. Lo comunica Federfarma Veneto, l&#8217;unione regionale che rappresenta le oltre 1.200 farmacie venete nelle quali \u00e8 [&hellip;]","og_url":"https:\/\/www.bellunopress.it\/fr\/2009\/06\/26\/diabete-in-farmacia-controlli-e-terapie-piu-accessibili\/","og_site_name":"Bellunopress - Dolomiti","article_publisher":"https:\/\/www.facebook.com\/profile.php?id=100008943462799","article_published_time":"2009-06-26T11:16:03+00:00","og_image":[{"url":"http:\/\/www.bellunopress.it\/wp-content\/uploads\/2012\/07\/logo-bellunopress-250x250-2012.jpg","type":"","width":"","height":""}],"author":"redazione","twitter_card":"summary_large_image","twitter_creator":"@bellunopress","twitter_site":"@bellunopress","twitter_misc":{"\u00c9crit par":"redazione","Dur\u00e9e de lecture estim\u00e9e":"2 minutes"},"schema":{"@context":"https:\/\/schema.org","@graph":[{"@type":"Article","@id":"https:\/\/www.bellunopress.it\/2009\/06\/26\/diabete-in-farmacia-controlli-e-terapie-piu-accessibili\/#article","isPartOf":{"@id":"https:\/\/www.bellunopress.it\/2009\/06\/26\/diabete-in-farmacia-controlli-e-terapie-piu-accessibili\/"},"author":{"name":"redazione","@id":"https:\/\/www.bellunopress.it\/#\/schema\/person\/79bb06722b37ece1c03d3e94beb30d73"},"headline":"Diabete, in farmacia controlli e terapie pi\u00f9 accessibili","datePublished":"2009-06-26T11:16:03+00:00","mainEntityOfPage":{"@id":"https:\/\/www.bellunopress.it\/2009\/06\/26\/diabete-in-farmacia-controlli-e-terapie-piu-accessibili\/"},"wordCount":429,"publisher":{"@id":"https:\/\/www.bellunopress.it\/#organization"},"keywords":["Sanit\u00e0"],"articleSection":["Sanit\u00e0 Medicina"],"inLanguage":"fr-FR"},{"@type":"WebPage","@id":"https:\/\/www.bellunopress.it\/2009\/06\/26\/diabete-in-farmacia-controlli-e-terapie-piu-accessibili\/","url":"https:\/\/www.bellunopress.it\/2009\/06\/26\/diabete-in-farmacia-controlli-e-terapie-piu-accessibili\/","name":"Diabete, in farmacia controlli e terapie pi\u00f9 accessibili - Bellunopress - Dolomiti","isPartOf":{"@id":"https:\/\/www.bellunopress.it\/#website"},"datePublished":"2009-06-26T11:16:03+00:00","breadcrumb":{"@id":"https:\/\/www.bellunopress.it\/2009\/06\/26\/diabete-in-farmacia-controlli-e-terapie-piu-accessibili\/#breadcrumb"},"inLanguage":"fr-FR","potentialAction":[{"@type":"ReadAction","target":["https:\/\/www.bellunopress.it\/2009\/06\/26\/diabete-in-farmacia-controlli-e-terapie-piu-accessibili\/"]}]},{"@type":"BreadcrumbList","@id":"https:\/\/www.bellunopress.it\/2009\/06\/26\/diabete-in-farmacia-controlli-e-terapie-piu-accessibili\/#breadcrumb","itemListElement":[{"@type":"ListItem","position":1,"name":"Home","item":"https:\/\/www.bellunopress.it\/"},{"@type":"ListItem","position":2,"name":"Diabete, in farmacia controlli e terapie pi\u00f9 accessibili"}]},{"@type":"WebSite","@id":"https:\/\/www.bellunopress.it\/#website","url":"https:\/\/www.bellunopress.it\/","name":"Bellunopress - Dolomiti","description":"e-mail: redazione@bellunopress.it","publisher":{"@id":"https:\/\/www.bellunopress.it\/#organization"},"potentialAction":[{"@type":"SearchAction","target":{"@type":"EntryPoint","urlTemplate":"https:\/\/www.bellunopress.it\/?s={search_term_string}"},"query-input":{"@type":"PropertyValueSpecification","valueRequired":true,"valueName":"search_term_string"}}],"inLanguage":"fr-FR"},{"@type":"Organization","@id":"https:\/\/www.bellunopress.it\/#organization","name":"Bellunopress","url":"https:\/\/www.bellunopress.it\/","logo":{"@type":"ImageObject","inLanguage":"fr-FR","@id":"https:\/\/www.bellunopress.it\/#\/schema\/logo\/image\/","url":"https:\/\/www.bellunopress.it\/wp-content\/uploads\/2011\/05\/cropped-logo-bellunopress-.jpg","contentUrl":"https:\/\/www.bellunopress.it\/wp-content\/uploads\/2011\/05\/cropped-logo-bellunopress-.jpg","width":512,"height":512,"caption":"Bellunopress"},"image":{"@id":"https:\/\/www.bellunopress.it\/#\/schema\/logo\/image\/"},"sameAs":["https:\/\/www.facebook.com\/profile.php?id=100008943462799","https:\/\/x.com\/bellunopress","https:\/\/www.linkedin.com\/hp\/?dnr=JBzUWaJfMUw8vbXJJ2tVW5-I3jZKvC4wsoxE&amp;amp;amp;amp;amp;amp;trk=nav_responsive_tab_home","https:\/\/www.youtube.com\/channel\/UCxL0wu1uN0_3_7hGG0306cw"]},{"@type":"Person","@id":"https:\/\/www.bellunopress.it\/#\/schema\/person\/79bb06722b37ece1c03d3e94beb30d73","name":"r\u00e9daction","image":{"@type":"ImageObject","inLanguage":"fr-FR","@id":"https:\/\/secure.gravatar.com\/avatar\/37d968a2e67a6fd04c169c4bdef102d0bc5d31b2546345219e348575eb80e9a0?s=96&d=mm&r=g","url":"https:\/\/secure.gravatar.com\/avatar\/37d968a2e67a6fd04c169c4bdef102d0bc5d31b2546345219e348575eb80e9a0?s=96&d=mm&r=g","contentUrl":"https:\/\/secure.gravatar.com\/avatar\/37d968a2e67a6fd04c169c4bdef102d0bc5d31b2546345219e348575eb80e9a0?s=96&d=mm&r=g","caption":"redazione"},"sameAs":["http:\/\/www.bellunopress.it","https:\/\/x.com\/bellunopress"],"url":"https:\/\/www.bellunopress.it\/fr\/author\/redazione\/"}]}},"_links":{"self":[{"href":"https:\/\/www.bellunopress.it\/fr\/wp-json\/wp\/v2\/posts\/5424","targetHints":{"allow":["GET"]}}],"collection":[{"href":"https:\/\/www.bellunopress.it\/fr\/wp-json\/wp\/v2\/posts"}],"about":[{"href":"https:\/\/www.bellunopress.it\/fr\/wp-json\/wp\/v2\/types\/post"}],"author":[{"embeddable":true,"href":"https:\/\/www.bellunopress.it\/fr\/wp-json\/wp\/v2\/users\/2"}],"replies":[{"embeddable":true,"href":"https:\/\/www.bellunopress.it\/fr\/wp-json\/wp\/v2\/comments?post=5424"}],"version-history":[{"count":1,"href":"https:\/\/www.bellunopress.it\/fr\/wp-json\/wp\/v2\/posts\/5424\/revisions"}],"predecessor-version":[{"id":5425,"href":"https:\/\/www.bellunopress.it\/fr\/wp-json\/wp\/v2\/posts\/5424\/revisions\/5425"}],"wp:attachment":[{"href":"https:\/\/www.bellunopress.it\/fr\/wp-json\/wp\/v2\/media?parent=5424"}],"wp:term":[{"taxonomy":"category","embeddable":true,"href":"https:\/\/www.bellunopress.it\/fr\/wp-json\/wp\/v2\/categories?post=5424"},{"taxonomy":"post_tag","embeddable":true,"href":"https:\/\/www.bellunopress.it\/fr\/wp-json\/wp\/v2\/tags?post=5424"}],"curies":[{"name":"wp","href":"https:\/\/api.w.org\/{rel}","templated":true}]}}