{"id":5419,"date":"2009-06-26T12:10:28","date_gmt":"2009-06-26T11:10:28","guid":{"rendered":"http:\/\/www.bellunopress.it\/?p=5419"},"modified":"2009-06-26T12:13:13","modified_gmt":"2009-06-26T11:13:13","slug":"primo-appuntamento-con-il-mercatino-dell%e2%80%99-antiquariato-domenica-in-centro-%e2%80%9ccose-di-vecchie-case%e2%80%9d","status":"publish","type":"post","link":"https:\/\/www.bellunopress.it\/fr\/2009\/06\/26\/primo-appuntamento-con-il-mercatino-dell%e2%80%99-antiquariato-domenica-in-centro-%e2%80%9ccose-di-vecchie-case%e2%80%9d\/","title":{"rendered":"Primo appuntamento con il mercatino dell\u2019 antiquariato, domenica in centro \u201cCose di vecchie Case\u201d"},"content":{"rendered":"<p><a href=\"http:\/\/www.bellunopress.it\/wp-content\/uploads\/2009\/06\/manifesto-mercatini-leggera.jpg\"><img loading=\"lazy\" decoding=\"async\" class=\"alignleft size-medium wp-image-5420\" title=\"manifesto-mercatini-leggera\" src=\"http:\/\/www.bellunopress.it\/wp-content\/uploads\/2009\/06\/manifesto-mercatini-leggera.jpg\" alt=\"\" width=\"225\" height=\"270\" \/><\/a>Torna a Belluno la manifestazione \u201c Cose di vecchie case\u201d, il tradizionale appuntamento dell\u2019estate bellunese che da oltre un decennio colora il centro storico. Oggetti d&#8217;arte, di antiquariato e dell&#8217;usato, cartoline, libri, stampe, filatelia e numismatica; abbigliamento, con le &#8220;camicie della nonna&#8221;, pizzi e merletti, per finire con borse e cinture, e bigiotteria, verranno messi in mostra nel cuore della Citt\u00e0, occupando le piazze Duomo, Castello e Delle Erbe, a partire da domenica prossima 28 giugno 2009, dalle ore 8 alle ore 20,00. Nella mattinata, alle 10.30, vicino alle Poste centrali, si esibir\u00e0 il Complesso bandistico Citt\u00e0 di Belluno. In caso di maltempo il concerto si svolger\u00e0 sotto i portici della Prefettura. \u201cAnche quest\u2019anno abbiamo voluto confermare\u201d, ha dichiarato l\u2019Assessore alle Attivit\u00e0 economiche, Maria Grazia Passuello, \u201cla realizzazione di una delle manifestazioni pi\u00f9 significative dell\u2019estate bellunese, che si inquadra a pieno titolo in quel programma di iniziative che il Servizio attivit\u00e0 economiche sta realizzando, dirette alla promozione economico-commerciale del territorio bellunese e che costituisce significativa occasione di forte attrazione di visitatori e turisti nel nostro territorio\u201d. \u201c Lo svolgimento poi della Mostra del Brustolon a palazzo Crepadona fino alla met\u00e0 di luglio\u201d, ha proseguito l\u2019Assessore Passuello, \u201cdimostra ancora una volta come il connubio cultura-economia pu\u00f2 rappresentare una delle leve attraverso le quali superare l\u2019attuale momento di congiuntura economica che per il nostro territorio appare ancor pi\u00f9 penalizzante. Invito quindi tutti i bellunesi a frequentare i mercatini e a visitare i capolavori dell&#8217;arte lignea del Brustolon,\u00a0 per l&#8217;occasione con un biglietto agevolato a 5 \u20ac\u201d. Nel rispetto della formula testata ormai da oltre un decennio, gli appuntamenti proseguiranno nel corso dei prossimi mesi estivi. Il Mercatino torner\u00e0 a Belluno il 26 luglio, il 23 agosto e il 27 settembre.<\/p>","protected":false},"excerpt":{"rendered":"<p>Torna a Belluno la manifestazione \u201c Cose di vecchie case\u201d, il tradizionale appuntamento dell\u2019estate bellunese che da oltre un decennio colora il centro storico. Oggetti d&#8217;arte, di antiquariato e dell&#8217;usato, cartoline, libri, stampe, filatelia e numismatica; abbigliamento, con le &#8220;camicie della nonna&#8221;, pizzi e merletti, per finire con borse e cinture, e bigiotteria, verranno messi [&hellip;]<\/p>\n","protected":false},"author":2,"featured_media":0,"comment_status":"closed","ping_status":"open","sticky":false,"template":"","format":"standard","meta":{"footnotes":""},"categories":[3,25],"tags":[139],"class_list":["post-5419","post","type-post","status-publish","format-standard","category-arte-cultura-spettacoli-scienza-archivi","category-pausa-caffe","tag-belluno"],"yoast_head":"<!-- This site is optimized with the Yoast SEO plugin v28.4 - https:\/\/yoast.com\/product\/yoast-seo-wordpress\/ -->\n<title>Primo appuntamento con il mercatino dell\u2019 antiquariato, domenica in centro \u201cCose di vecchie Case\u201d - Bellunopress - Dolomiti<\/title>\n<meta name=\"robots\" content=\"index, follow, max-snippet:-1, max-image-preview:large, max-video-preview:-1\" \/>\n<link rel=\"canonical\" href=\"https:\/\/www.bellunopress.it\/fr\/2009\/06\/26\/primo-appuntamento-con-il-mercatino-dell\u2019-antiquariato-domenica-in-centro-\u201ccose-di-vecchie-case\u201d\/\" \/>\n<meta property=\"og:locale\" content=\"fr_FR\" \/>\n<meta property=\"og:type\" content=\"article\" \/>\n<meta property=\"og:title\" content=\"Primo appuntamento con il mercatino dell\u2019 antiquariato, domenica in centro \u201cCose di vecchie Case\u201d - Bellunopress - Dolomiti\" \/>\n<meta property=\"og:description\" content=\"Torna a Belluno la manifestazione \u201c Cose di vecchie case\u201d, il tradizionale appuntamento dell\u2019estate bellunese che da oltre un decennio colora il centro storico. Oggetti d&#8217;arte, di antiquariato e dell&#8217;usato, cartoline, libri, stampe, filatelia e numismatica; abbigliamento, con le &#8220;camicie della nonna&#8221;, pizzi e merletti, per finire con borse e cinture, e bigiotteria, verranno messi [&hellip;]\" \/>\n<meta property=\"og:url\" content=\"https:\/\/www.bellunopress.it\/fr\/2009\/06\/26\/primo-appuntamento-con-il-mercatino-dell\u2019-antiquariato-domenica-in-centro-\u201ccose-di-vecchie-case\u201d\/\" \/>\n<meta property=\"og:site_name\" content=\"Bellunopress - Dolomiti\" \/>\n<meta property=\"article:publisher\" content=\"https:\/\/www.facebook.com\/profile.php?id=100008943462799\" \/>\n<meta property=\"article:published_time\" content=\"2009-06-26T11:10:28+00:00\" \/>\n<meta property=\"article:modified_time\" content=\"2009-06-26T11:13:13+00:00\" \/>\n<meta property=\"og:image\" content=\"http:\/\/www.bellunopress.it\/wp-content\/uploads\/2009\/06\/manifesto-mercatini-leggera.jpg\" \/>\n<meta name=\"author\" content=\"redazione\" \/>\n<meta name=\"twitter:card\" content=\"summary_large_image\" \/>\n<meta name=\"twitter:creator\" content=\"@bellunopress\" \/>\n<meta name=\"twitter:site\" content=\"@bellunopress\" \/>\n<meta name=\"twitter:label1\" content=\"\u00c9crit par\" \/>\n\t<meta name=\"twitter:data1\" content=\"redazione\" \/>\n\t<meta name=\"twitter:label2\" content=\"Dur\u00e9e de lecture estim\u00e9e\" \/>\n\t<meta name=\"twitter:data2\" content=\"1 minute\" \/>\n<script type=\"application\/ld+json\" class=\"yoast-schema-graph\">{\"@context\":\"https:\\\/\\\/schema.org\",\"@graph\":[{\"@type\":\"Article\",\"@id\":\"https:\\\/\\\/www.bellunopress.it\\\/2009\\\/06\\\/26\\\/primo-appuntamento-con-il-mercatino-dell%e2%80%99-antiquariato-domenica-in-centro-%e2%80%9ccose-di-vecchie-case%e2%80%9d\\\/#article\",\"isPartOf\":{\"@id\":\"https:\\\/\\\/www.bellunopress.it\\\/2009\\\/06\\\/26\\\/primo-appuntamento-con-il-mercatino-dell%e2%80%99-antiquariato-domenica-in-centro-%e2%80%9ccose-di-vecchie-case%e2%80%9d\\\/\"},\"author\":{\"name\":\"redazione\",\"@id\":\"https:\\\/\\\/www.bellunopress.it\\\/#\\\/schema\\\/person\\\/79bb06722b37ece1c03d3e94beb30d73\"},\"headline\":\"Primo appuntamento con il mercatino dell\u2019 antiquariato, domenica in centro \u201cCose di vecchie Case\u201d\",\"datePublished\":\"2009-06-26T11:10:28+00:00\",\"dateModified\":\"2009-06-26T11:13:13+00:00\",\"mainEntityOfPage\":{\"@id\":\"https:\\\/\\\/www.bellunopress.it\\\/2009\\\/06\\\/26\\\/primo-appuntamento-con-il-mercatino-dell%e2%80%99-antiquariato-domenica-in-centro-%e2%80%9ccose-di-vecchie-case%e2%80%9d\\\/\"},\"wordCount\":300,\"publisher\":{\"@id\":\"https:\\\/\\\/www.bellunopress.it\\\/#organization\"},\"image\":{\"@id\":\"https:\\\/\\\/www.bellunopress.it\\\/2009\\\/06\\\/26\\\/primo-appuntamento-con-il-mercatino-dell%e2%80%99-antiquariato-domenica-in-centro-%e2%80%9ccose-di-vecchie-case%e2%80%9d\\\/#primaryimage\"},\"thumbnailUrl\":\"http:\\\/\\\/www.bellunopress.it\\\/wp-content\\\/uploads\\\/2009\\\/06\\\/manifesto-mercatini-leggera.jpg\",\"keywords\":[\"Belluno\"],\"articleSection\":[\"Arte, Cultura, Spettacoli, Scienza\",\"Pausa Caff\u00e8\"],\"inLanguage\":\"fr-FR\"},{\"@type\":\"WebPage\",\"@id\":\"https:\\\/\\\/www.bellunopress.it\\\/2009\\\/06\\\/26\\\/primo-appuntamento-con-il-mercatino-dell%e2%80%99-antiquariato-domenica-in-centro-%e2%80%9ccose-di-vecchie-case%e2%80%9d\\\/\",\"url\":\"https:\\\/\\\/www.bellunopress.it\\\/2009\\\/06\\\/26\\\/primo-appuntamento-con-il-mercatino-dell%e2%80%99-antiquariato-domenica-in-centro-%e2%80%9ccose-di-vecchie-case%e2%80%9d\\\/\",\"name\":\"Primo appuntamento con il mercatino dell\u2019 antiquariato, domenica in centro \u201cCose di vecchie Case\u201d - Bellunopress - Dolomiti\",\"isPartOf\":{\"@id\":\"https:\\\/\\\/www.bellunopress.it\\\/#website\"},\"primaryImageOfPage\":{\"@id\":\"https:\\\/\\\/www.bellunopress.it\\\/2009\\\/06\\\/26\\\/primo-appuntamento-con-il-mercatino-dell%e2%80%99-antiquariato-domenica-in-centro-%e2%80%9ccose-di-vecchie-case%e2%80%9d\\\/#primaryimage\"},\"image\":{\"@id\":\"https:\\\/\\\/www.bellunopress.it\\\/2009\\\/06\\\/26\\\/primo-appuntamento-con-il-mercatino-dell%e2%80%99-antiquariato-domenica-in-centro-%e2%80%9ccose-di-vecchie-case%e2%80%9d\\\/#primaryimage\"},\"thumbnailUrl\":\"http:\\\/\\\/www.bellunopress.it\\\/wp-content\\\/uploads\\\/2009\\\/06\\\/manifesto-mercatini-leggera.jpg\",\"datePublished\":\"2009-06-26T11:10:28+00:00\",\"dateModified\":\"2009-06-26T11:13:13+00:00\",\"breadcrumb\":{\"@id\":\"https:\\\/\\\/www.bellunopress.it\\\/2009\\\/06\\\/26\\\/primo-appuntamento-con-il-mercatino-dell%e2%80%99-antiquariato-domenica-in-centro-%e2%80%9ccose-di-vecchie-case%e2%80%9d\\\/#breadcrumb\"},\"inLanguage\":\"fr-FR\",\"potentialAction\":[{\"@type\":\"ReadAction\",\"target\":[\"https:\\\/\\\/www.bellunopress.it\\\/2009\\\/06\\\/26\\\/primo-appuntamento-con-il-mercatino-dell%e2%80%99-antiquariato-domenica-in-centro-%e2%80%9ccose-di-vecchie-case%e2%80%9d\\\/\"]}]},{\"@type\":\"ImageObject\",\"inLanguage\":\"fr-FR\",\"@id\":\"https:\\\/\\\/www.bellunopress.it\\\/2009\\\/06\\\/26\\\/primo-appuntamento-con-il-mercatino-dell%e2%80%99-antiquariato-domenica-in-centro-%e2%80%9ccose-di-vecchie-case%e2%80%9d\\\/#primaryimage\",\"url\":\"http:\\\/\\\/www.bellunopress.it\\\/wp-content\\\/uploads\\\/2009\\\/06\\\/manifesto-mercatini-leggera.jpg\",\"contentUrl\":\"http:\\\/\\\/www.bellunopress.it\\\/wp-content\\\/uploads\\\/2009\\\/06\\\/manifesto-mercatini-leggera.jpg\"},{\"@type\":\"BreadcrumbList\",\"@id\":\"https:\\\/\\\/www.bellunopress.it\\\/2009\\\/06\\\/26\\\/primo-appuntamento-con-il-mercatino-dell%e2%80%99-antiquariato-domenica-in-centro-%e2%80%9ccose-di-vecchie-case%e2%80%9d\\\/#breadcrumb\",\"itemListElement\":[{\"@type\":\"ListItem\",\"position\":1,\"name\":\"Home\",\"item\":\"https:\\\/\\\/www.bellunopress.it\\\/\"},{\"@type\":\"ListItem\",\"position\":2,\"name\":\"Primo appuntamento con il mercatino dell\u2019 antiquariato, domenica in centro \u201cCose di vecchie Case\u201d\"}]},{\"@type\":\"WebSite\",\"@id\":\"https:\\\/\\\/www.bellunopress.it\\\/#website\",\"url\":\"https:\\\/\\\/www.bellunopress.it\\\/\",\"name\":\"Bellunopress - Dolomiti\",\"description\":\"e-mail: redazione@bellunopress.it\",\"publisher\":{\"@id\":\"https:\\\/\\\/www.bellunopress.it\\\/#organization\"},\"potentialAction\":[{\"@type\":\"SearchAction\",\"target\":{\"@type\":\"EntryPoint\",\"urlTemplate\":\"https:\\\/\\\/www.bellunopress.it\\\/?s={search_term_string}\"},\"query-input\":{\"@type\":\"PropertyValueSpecification\",\"valueRequired\":true,\"valueName\":\"search_term_string\"}}],\"inLanguage\":\"fr-FR\"},{\"@type\":\"Organization\",\"@id\":\"https:\\\/\\\/www.bellunopress.it\\\/#organization\",\"name\":\"Bellunopress\",\"url\":\"https:\\\/\\\/www.bellunopress.it\\\/\",\"logo\":{\"@type\":\"ImageObject\",\"inLanguage\":\"fr-FR\",\"@id\":\"https:\\\/\\\/www.bellunopress.it\\\/#\\\/schema\\\/logo\\\/image\\\/\",\"url\":\"https:\\\/\\\/www.bellunopress.it\\\/wp-content\\\/uploads\\\/2011\\\/05\\\/cropped-logo-bellunopress-.jpg\",\"contentUrl\":\"https:\\\/\\\/www.bellunopress.it\\\/wp-content\\\/uploads\\\/2011\\\/05\\\/cropped-logo-bellunopress-.jpg\",\"width\":512,\"height\":512,\"caption\":\"Bellunopress\"},\"image\":{\"@id\":\"https:\\\/\\\/www.bellunopress.it\\\/#\\\/schema\\\/logo\\\/image\\\/\"},\"sameAs\":[\"https:\\\/\\\/www.facebook.com\\\/profile.php?id=100008943462799\",\"https:\\\/\\\/x.com\\\/bellunopress\",\"https:\\\/\\\/www.linkedin.com\\\/hp\\\/?dnr=JBzUWaJfMUw8vbXJJ2tVW5-I3jZKvC4wsoxE&amp;amp;amp;amp;amp;amp;trk=nav_responsive_tab_home\",\"https:\\\/\\\/www.youtube.com\\\/channel\\\/UCxL0wu1uN0_3_7hGG0306cw\"]},{\"@type\":\"Person\",\"@id\":\"https:\\\/\\\/www.bellunopress.it\\\/#\\\/schema\\\/person\\\/79bb06722b37ece1c03d3e94beb30d73\",\"name\":\"redazione\",\"image\":{\"@type\":\"ImageObject\",\"inLanguage\":\"fr-FR\",\"@id\":\"https:\\\/\\\/secure.gravatar.com\\\/avatar\\\/37d968a2e67a6fd04c169c4bdef102d0bc5d31b2546345219e348575eb80e9a0?s=96&d=mm&r=g\",\"url\":\"https:\\\/\\\/secure.gravatar.com\\\/avatar\\\/37d968a2e67a6fd04c169c4bdef102d0bc5d31b2546345219e348575eb80e9a0?s=96&d=mm&r=g\",\"contentUrl\":\"https:\\\/\\\/secure.gravatar.com\\\/avatar\\\/37d968a2e67a6fd04c169c4bdef102d0bc5d31b2546345219e348575eb80e9a0?s=96&d=mm&r=g\",\"caption\":\"redazione\"},\"sameAs\":[\"http:\\\/\\\/www.bellunopress.it\",\"https:\\\/\\\/x.com\\\/bellunopress\"],\"url\":\"https:\\\/\\\/www.bellunopress.it\\\/fr\\\/author\\\/redazione\\\/\"}]}<\/script>\n<!-- \/ Yoast SEO plugin. -->","yoast_head_json":{"title":"Primo appuntamento con il mercatino dell\u2019 antiquariato, domenica in centro \u201cCose di vecchie Case\u201d - Bellunopress - Dolomiti","robots":{"index":"index","follow":"follow","max-snippet":"max-snippet:-1","max-image-preview":"max-image-preview:large","max-video-preview":"max-video-preview:-1"},"canonical":"https:\/\/www.bellunopress.it\/fr\/2009\/06\/26\/primo-appuntamento-con-il-mercatino-dell\u2019-antiquariato-domenica-in-centro-\u201ccose-di-vecchie-case\u201d\/","og_locale":"fr_FR","og_type":"article","og_title":"Primo appuntamento con il mercatino dell\u2019 antiquariato, domenica in centro \u201cCose di vecchie Case\u201d - Bellunopress - Dolomiti","og_description":"Torna a Belluno la manifestazione \u201c Cose di vecchie case\u201d, il tradizionale appuntamento dell\u2019estate bellunese che da oltre un decennio colora il centro storico. Oggetti d&#8217;arte, di antiquariato e dell&#8217;usato, cartoline, libri, stampe, filatelia e numismatica; abbigliamento, con le &#8220;camicie della nonna&#8221;, pizzi e merletti, per finire con borse e cinture, e bigiotteria, verranno messi [&hellip;]","og_url":"https:\/\/www.bellunopress.it\/fr\/2009\/06\/26\/primo-appuntamento-con-il-mercatino-dell\u2019-antiquariato-domenica-in-centro-\u201ccose-di-vecchie-case\u201d\/","og_site_name":"Bellunopress - Dolomiti","article_publisher":"https:\/\/www.facebook.com\/profile.php?id=100008943462799","article_published_time":"2009-06-26T11:10:28+00:00","article_modified_time":"2009-06-26T11:13:13+00:00","og_image":[{"url":"http:\/\/www.bellunopress.it\/wp-content\/uploads\/2009\/06\/manifesto-mercatini-leggera.jpg","type":"","width":"","height":""}],"author":"redazione","twitter_card":"summary_large_image","twitter_creator":"@bellunopress","twitter_site":"@bellunopress","twitter_misc":{"\u00c9crit par":"redazione","Dur\u00e9e de lecture estim\u00e9e":"1 minute"},"schema":{"@context":"https:\/\/schema.org","@graph":[{"@type":"Article","@id":"https:\/\/www.bellunopress.it\/2009\/06\/26\/primo-appuntamento-con-il-mercatino-dell%e2%80%99-antiquariato-domenica-in-centro-%e2%80%9ccose-di-vecchie-case%e2%80%9d\/#article","isPartOf":{"@id":"https:\/\/www.bellunopress.it\/2009\/06\/26\/primo-appuntamento-con-il-mercatino-dell%e2%80%99-antiquariato-domenica-in-centro-%e2%80%9ccose-di-vecchie-case%e2%80%9d\/"},"author":{"name":"redazione","@id":"https:\/\/www.bellunopress.it\/#\/schema\/person\/79bb06722b37ece1c03d3e94beb30d73"},"headline":"Primo appuntamento con il mercatino dell\u2019 antiquariato, domenica in centro \u201cCose di vecchie Case\u201d","datePublished":"2009-06-26T11:10:28+00:00","dateModified":"2009-06-26T11:13:13+00:00","mainEntityOfPage":{"@id":"https:\/\/www.bellunopress.it\/2009\/06\/26\/primo-appuntamento-con-il-mercatino-dell%e2%80%99-antiquariato-domenica-in-centro-%e2%80%9ccose-di-vecchie-case%e2%80%9d\/"},"wordCount":300,"publisher":{"@id":"https:\/\/www.bellunopress.it\/#organization"},"image":{"@id":"https:\/\/www.bellunopress.it\/2009\/06\/26\/primo-appuntamento-con-il-mercatino-dell%e2%80%99-antiquariato-domenica-in-centro-%e2%80%9ccose-di-vecchie-case%e2%80%9d\/#primaryimage"},"thumbnailUrl":"http:\/\/www.bellunopress.it\/wp-content\/uploads\/2009\/06\/manifesto-mercatini-leggera.jpg","keywords":["Belluno"],"articleSection":["Arte, Cultura, Spettacoli, Scienza","Pausa Caff\u00e8"],"inLanguage":"fr-FR"},{"@type":"WebPage","@id":"https:\/\/www.bellunopress.it\/2009\/06\/26\/primo-appuntamento-con-il-mercatino-dell%e2%80%99-antiquariato-domenica-in-centro-%e2%80%9ccose-di-vecchie-case%e2%80%9d\/","url":"https:\/\/www.bellunopress.it\/2009\/06\/26\/primo-appuntamento-con-il-mercatino-dell%e2%80%99-antiquariato-domenica-in-centro-%e2%80%9ccose-di-vecchie-case%e2%80%9d\/","name":"Primo appuntamento con il mercatino dell\u2019 antiquariato, domenica in centro \u201cCose di vecchie Case\u201d - Bellunopress - Dolomiti","isPartOf":{"@id":"https:\/\/www.bellunopress.it\/#website"},"primaryImageOfPage":{"@id":"https:\/\/www.bellunopress.it\/2009\/06\/26\/primo-appuntamento-con-il-mercatino-dell%e2%80%99-antiquariato-domenica-in-centro-%e2%80%9ccose-di-vecchie-case%e2%80%9d\/#primaryimage"},"image":{"@id":"https:\/\/www.bellunopress.it\/2009\/06\/26\/primo-appuntamento-con-il-mercatino-dell%e2%80%99-antiquariato-domenica-in-centro-%e2%80%9ccose-di-vecchie-case%e2%80%9d\/#primaryimage"},"thumbnailUrl":"http:\/\/www.bellunopress.it\/wp-content\/uploads\/2009\/06\/manifesto-mercatini-leggera.jpg","datePublished":"2009-06-26T11:10:28+00:00","dateModified":"2009-06-26T11:13:13+00:00","breadcrumb":{"@id":"https:\/\/www.bellunopress.it\/2009\/06\/26\/primo-appuntamento-con-il-mercatino-dell%e2%80%99-antiquariato-domenica-in-centro-%e2%80%9ccose-di-vecchie-case%e2%80%9d\/#breadcrumb"},"inLanguage":"fr-FR","potentialAction":[{"@type":"ReadAction","target":["https:\/\/www.bellunopress.it\/2009\/06\/26\/primo-appuntamento-con-il-mercatino-dell%e2%80%99-antiquariato-domenica-in-centro-%e2%80%9ccose-di-vecchie-case%e2%80%9d\/"]}]},{"@type":"ImageObject","inLanguage":"fr-FR","@id":"https:\/\/www.bellunopress.it\/2009\/06\/26\/primo-appuntamento-con-il-mercatino-dell%e2%80%99-antiquariato-domenica-in-centro-%e2%80%9ccose-di-vecchie-case%e2%80%9d\/#primaryimage","url":"http:\/\/www.bellunopress.it\/wp-content\/uploads\/2009\/06\/manifesto-mercatini-leggera.jpg","contentUrl":"http:\/\/www.bellunopress.it\/wp-content\/uploads\/2009\/06\/manifesto-mercatini-leggera.jpg"},{"@type":"BreadcrumbList","@id":"https:\/\/www.bellunopress.it\/2009\/06\/26\/primo-appuntamento-con-il-mercatino-dell%e2%80%99-antiquariato-domenica-in-centro-%e2%80%9ccose-di-vecchie-case%e2%80%9d\/#breadcrumb","itemListElement":[{"@type":"ListItem","position":1,"name":"Home","item":"https:\/\/www.bellunopress.it\/"},{"@type":"ListItem","position":2,"name":"Primo appuntamento con il mercatino dell\u2019 antiquariato, domenica in centro \u201cCose di vecchie Case\u201d"}]},{"@type":"WebSite","@id":"https:\/\/www.bellunopress.it\/#website","url":"https:\/\/www.bellunopress.it\/","name":"Bellunopress - Dolomiti","description":"e-mail: redazione@bellunopress.it","publisher":{"@id":"https:\/\/www.bellunopress.it\/#organization"},"potentialAction":[{"@type":"SearchAction","target":{"@type":"EntryPoint","urlTemplate":"https:\/\/www.bellunopress.it\/?s={search_term_string}"},"query-input":{"@type":"PropertyValueSpecification","valueRequired":true,"valueName":"search_term_string"}}],"inLanguage":"fr-FR"},{"@type":"Organization","@id":"https:\/\/www.bellunopress.it\/#organization","name":"Bellunopress","url":"https:\/\/www.bellunopress.it\/","logo":{"@type":"ImageObject","inLanguage":"fr-FR","@id":"https:\/\/www.bellunopress.it\/#\/schema\/logo\/image\/","url":"https:\/\/www.bellunopress.it\/wp-content\/uploads\/2011\/05\/cropped-logo-bellunopress-.jpg","contentUrl":"https:\/\/www.bellunopress.it\/wp-content\/uploads\/2011\/05\/cropped-logo-bellunopress-.jpg","width":512,"height":512,"caption":"Bellunopress"},"image":{"@id":"https:\/\/www.bellunopress.it\/#\/schema\/logo\/image\/"},"sameAs":["https:\/\/www.facebook.com\/profile.php?id=100008943462799","https:\/\/x.com\/bellunopress","https:\/\/www.linkedin.com\/hp\/?dnr=JBzUWaJfMUw8vbXJJ2tVW5-I3jZKvC4wsoxE&amp;amp;amp;amp;amp;amp;trk=nav_responsive_tab_home","https:\/\/www.youtube.com\/channel\/UCxL0wu1uN0_3_7hGG0306cw"]},{"@type":"Person","@id":"https:\/\/www.bellunopress.it\/#\/schema\/person\/79bb06722b37ece1c03d3e94beb30d73","name":"r\u00e9daction","image":{"@type":"ImageObject","inLanguage":"fr-FR","@id":"https:\/\/secure.gravatar.com\/avatar\/37d968a2e67a6fd04c169c4bdef102d0bc5d31b2546345219e348575eb80e9a0?s=96&d=mm&r=g","url":"https:\/\/secure.gravatar.com\/avatar\/37d968a2e67a6fd04c169c4bdef102d0bc5d31b2546345219e348575eb80e9a0?s=96&d=mm&r=g","contentUrl":"https:\/\/secure.gravatar.com\/avatar\/37d968a2e67a6fd04c169c4bdef102d0bc5d31b2546345219e348575eb80e9a0?s=96&d=mm&r=g","caption":"redazione"},"sameAs":["http:\/\/www.bellunopress.it","https:\/\/x.com\/bellunopress"],"url":"https:\/\/www.bellunopress.it\/fr\/author\/redazione\/"}]}},"_links":{"self":[{"href":"https:\/\/www.bellunopress.it\/fr\/wp-json\/wp\/v2\/posts\/5419","targetHints":{"allow":["GET"]}}],"collection":[{"href":"https:\/\/www.bellunopress.it\/fr\/wp-json\/wp\/v2\/posts"}],"about":[{"href":"https:\/\/www.bellunopress.it\/fr\/wp-json\/wp\/v2\/types\/post"}],"author":[{"embeddable":true,"href":"https:\/\/www.bellunopress.it\/fr\/wp-json\/wp\/v2\/users\/2"}],"replies":[{"embeddable":true,"href":"https:\/\/www.bellunopress.it\/fr\/wp-json\/wp\/v2\/comments?post=5419"}],"version-history":[{"count":3,"href":"https:\/\/www.bellunopress.it\/fr\/wp-json\/wp\/v2\/posts\/5419\/revisions"}],"predecessor-version":[{"id":5422,"href":"https:\/\/www.bellunopress.it\/fr\/wp-json\/wp\/v2\/posts\/5419\/revisions\/5422"}],"wp:attachment":[{"href":"https:\/\/www.bellunopress.it\/fr\/wp-json\/wp\/v2\/media?parent=5419"}],"wp:term":[{"taxonomy":"category","embeddable":true,"href":"https:\/\/www.bellunopress.it\/fr\/wp-json\/wp\/v2\/categories?post=5419"},{"taxonomy":"post_tag","embeddable":true,"href":"https:\/\/www.bellunopress.it\/fr\/wp-json\/wp\/v2\/tags?post=5419"}],"curies":[{"name":"wp","href":"https:\/\/api.w.org\/{rel}","templated":true}]}}