{"id":5417,"date":"2009-06-26T11:35:01","date_gmt":"2009-06-26T10:35:01","guid":{"rendered":"http:\/\/www.bellunopress.it\/?p=5417"},"modified":"2009-06-26T11:35:01","modified_gmt":"2009-06-26T10:35:01","slug":"15-mila-euro-al-soccorso-alpino-dal-bim-piave","status":"publish","type":"post","link":"https:\/\/www.bellunopress.it\/fr\/2009\/06\/26\/15-mila-euro-al-soccorso-alpino-dal-bim-piave\/","title":{"rendered":"15 mila euro al Soccorso alpino dal Bim Piave"},"content":{"rendered":"<p><span><\/p>\n<figure id=\"attachment_2222\" aria-describedby=\"caption-attachment-2222\" style=\"width: 94px\" class=\"wp-caption alignleft\"><a href=\"http:\/\/www.bellunopress.it\/wp-content\/uploads\/2009\/04\/giovanni-piccoli.jpg\"><img loading=\"lazy\" decoding=\"async\" class=\"size-medium wp-image-2222\" title=\"giovanni-piccoli presidente del Consorzio Bim Piave\" src=\"http:\/\/www.bellunopress.it\/wp-content\/uploads\/2009\/04\/giovanni-piccoli.jpg\" alt=\"Giovanni Piccoli presidente del Consorzio Bim Piave\" width=\"94\" height=\"138\" \/><\/a><figcaption id=\"caption-attachment-2222\" class=\"wp-caption-text\">Giovanni Piccoli presidente del Consorzio Bim Piave<\/figcaption><\/figure>\n<p>Il Consorzio Bim Piave stanzia quindici mila euro a favore del Soccorso Alpino di Rocca Pietore. Serviranno per l\u2019acquisto di un faro elettrico alimentato da gruppo elettrogeno, analogo a quello utilizzato sulle navi. E\u2019 uno strumento importante che verrebbe utilizzato nelle operazioni notturne, in particolare per illuminare la porzione della parete sud della Marmolada. Il faro sarebbe cos\u00ec trasportato lungo la stretta mulattiera cha sale da Malga Ciapela alla Val Ombretta. Raggiunta la base dei mille metri di parete, con il suo fascio di luce permetterebbe ai soccorritori di individuare rapidamente gli alpinisti infortunati e quindi di provvedere con maggiore sicurezza alle operazioni di recupero. Lo stesso faro, vista l\u2019enorme facilit\u00e0 di trasporto, verrebbe poi utilizzato in tutte le altre operazioni di soccorso notturno: dalla ricerca dei dispersi in valanga al recupero degli sciatori sulle cascate di ghiaccio. \u00abAbbiamo risposto positivamente alla richiesta del Soccorso Alpino \u2013 spiega il presidente Giovanni Piccoli \u2013 perch\u00e9 riteniamo indispensabile agevolare in ogni modo l\u2019importante attivit\u00e0 che questo corpo svolge sul territorio. Sappiamo, peraltro, che in provincia c\u2019\u00e8 un solo altro faro di questo tipo, in dotazione alla Stazione di Pieve di Cadore. D\u2019inverno, per\u00f2, le giornate sono corte e le operazioni di soccorso si svolgono spesso anche nelle ore notturne. Dotare il Soccorso Alpino di un altro faro \u00e8 dunque un\u2019iniziativa di interesse generale alla quale abbiamo aderito senza tentennamenti\u00bb. \u00abD\u2019altro canto \u2013 aggiunge il presidente del Consorzio tra i Comuni Bellunesi \u2013 il nostro rapporto con il Soccorso Alpino non si esaurisce nello stazionamento di contributi. Ma riguarda, ad esempio, anche un altro nostro progetto: quello della cartografia in tridimensionale. Un programma, questo, che permette ai soccorritori di valutare le caratteristiche del territorio in cui sono chiamati a operare, prima ancora di iniziare la missione\u00bb.<\/p>\n<p>\u00a0<\/p>\n<p><span style=\"font-size: x-small; font-family: Arial;\"><span style=\"font-size: x-small; font-family: Arial;\"><font face=\"Arial\" size=\"2\"><font face=\"Arial\" size=\"2\"><\/font><\/font><\/span><font face=\"Arial\" size=\"2\"><\/font><\/span><\/span><\/p>","protected":false},"excerpt":{"rendered":"<p>Il Consorzio Bim Piave stanzia quindici mila euro a favore del Soccorso Alpino di Rocca Pietore. Serviranno per l\u2019acquisto di un faro elettrico alimentato da gruppo elettrogeno, analogo a quello utilizzato sulle navi. E\u2019 uno strumento importante che verrebbe utilizzato nelle operazioni notturne, in particolare per illuminare la porzione della parete sud della Marmolada. Il [&hellip;]<\/p>\n","protected":false},"author":2,"featured_media":0,"comment_status":"closed","ping_status":"open","sticky":false,"template":"","format":"standard","meta":{"footnotes":""},"categories":[5,26],"tags":[139,151],"class_list":["post-5417","post","type-post","status-publish","format-standard","category-cronaca","category-prima-pagina","tag-belluno","tag-cadore"],"yoast_head":"<!-- This site is optimized with the Yoast SEO plugin v28.4 - https:\/\/yoast.com\/product\/yoast-seo-wordpress\/ -->\n<title>15 mila euro al Soccorso alpino dal Bim Piave - Bellunopress - Dolomiti<\/title>\n<meta name=\"robots\" content=\"index, follow, max-snippet:-1, max-image-preview:large, max-video-preview:-1\" \/>\n<link rel=\"canonical\" href=\"https:\/\/www.bellunopress.it\/fr\/2009\/06\/26\/15-mila-euro-al-soccorso-alpino-dal-bim-piave\/\" \/>\n<meta property=\"og:locale\" content=\"fr_FR\" \/>\n<meta property=\"og:type\" content=\"article\" \/>\n<meta property=\"og:title\" content=\"15 mila euro al Soccorso alpino dal Bim Piave - Bellunopress - Dolomiti\" \/>\n<meta property=\"og:description\" content=\"Il Consorzio Bim Piave stanzia quindici mila euro a favore del Soccorso Alpino di Rocca Pietore. Serviranno per l\u2019acquisto di un faro elettrico alimentato da gruppo elettrogeno, analogo a quello utilizzato sulle navi. E\u2019 uno strumento importante che verrebbe utilizzato nelle operazioni notturne, in particolare per illuminare la porzione della parete sud della Marmolada. Il [&hellip;]\" \/>\n<meta property=\"og:url\" content=\"https:\/\/www.bellunopress.it\/fr\/2009\/06\/26\/15-mila-euro-al-soccorso-alpino-dal-bim-piave\/\" \/>\n<meta property=\"og:site_name\" content=\"Bellunopress - Dolomiti\" \/>\n<meta property=\"article:publisher\" content=\"https:\/\/www.facebook.com\/profile.php?id=100008943462799\" \/>\n<meta property=\"article:published_time\" content=\"2009-06-26T10:35:01+00:00\" \/>\n<meta property=\"og:image\" content=\"http:\/\/www.bellunopress.it\/wp-content\/uploads\/2009\/04\/giovanni-piccoli.jpg\" \/>\n<meta name=\"author\" content=\"redazione\" \/>\n<meta name=\"twitter:card\" content=\"summary_large_image\" \/>\n<meta name=\"twitter:creator\" content=\"@bellunopress\" \/>\n<meta name=\"twitter:site\" content=\"@bellunopress\" \/>\n<meta name=\"twitter:label1\" content=\"\u00c9crit par\" \/>\n\t<meta name=\"twitter:data1\" content=\"redazione\" \/>\n\t<meta name=\"twitter:label2\" content=\"Dur\u00e9e de lecture estim\u00e9e\" \/>\n\t<meta name=\"twitter:data2\" content=\"2 minutes\" \/>\n<script type=\"application\/ld+json\" class=\"yoast-schema-graph\">{\"@context\":\"https:\\\/\\\/schema.org\",\"@graph\":[{\"@type\":\"Article\",\"@id\":\"https:\\\/\\\/www.bellunopress.it\\\/2009\\\/06\\\/26\\\/15-mila-euro-al-soccorso-alpino-dal-bim-piave\\\/#article\",\"isPartOf\":{\"@id\":\"https:\\\/\\\/www.bellunopress.it\\\/2009\\\/06\\\/26\\\/15-mila-euro-al-soccorso-alpino-dal-bim-piave\\\/\"},\"author\":{\"name\":\"redazione\",\"@id\":\"https:\\\/\\\/www.bellunopress.it\\\/#\\\/schema\\\/person\\\/79bb06722b37ece1c03d3e94beb30d73\"},\"headline\":\"15 mila euro al Soccorso alpino dal Bim Piave\",\"datePublished\":\"2009-06-26T10:35:01+00:00\",\"mainEntityOfPage\":{\"@id\":\"https:\\\/\\\/www.bellunopress.it\\\/2009\\\/06\\\/26\\\/15-mila-euro-al-soccorso-alpino-dal-bim-piave\\\/\"},\"wordCount\":317,\"publisher\":{\"@id\":\"https:\\\/\\\/www.bellunopress.it\\\/#organization\"},\"image\":{\"@id\":\"https:\\\/\\\/www.bellunopress.it\\\/2009\\\/06\\\/26\\\/15-mila-euro-al-soccorso-alpino-dal-bim-piave\\\/#primaryimage\"},\"thumbnailUrl\":\"http:\\\/\\\/www.bellunopress.it\\\/wp-content\\\/uploads\\\/2009\\\/04\\\/giovanni-piccoli.jpg\",\"keywords\":[\"Belluno\",\"Cadore\"],\"articleSection\":[\"Cronaca\\\/Politica\",\"Prima Pagina\"],\"inLanguage\":\"fr-FR\"},{\"@type\":\"WebPage\",\"@id\":\"https:\\\/\\\/www.bellunopress.it\\\/2009\\\/06\\\/26\\\/15-mila-euro-al-soccorso-alpino-dal-bim-piave\\\/\",\"url\":\"https:\\\/\\\/www.bellunopress.it\\\/2009\\\/06\\\/26\\\/15-mila-euro-al-soccorso-alpino-dal-bim-piave\\\/\",\"name\":\"15 mila euro al Soccorso alpino dal Bim Piave - Bellunopress - Dolomiti\",\"isPartOf\":{\"@id\":\"https:\\\/\\\/www.bellunopress.it\\\/#website\"},\"primaryImageOfPage\":{\"@id\":\"https:\\\/\\\/www.bellunopress.it\\\/2009\\\/06\\\/26\\\/15-mila-euro-al-soccorso-alpino-dal-bim-piave\\\/#primaryimage\"},\"image\":{\"@id\":\"https:\\\/\\\/www.bellunopress.it\\\/2009\\\/06\\\/26\\\/15-mila-euro-al-soccorso-alpino-dal-bim-piave\\\/#primaryimage\"},\"thumbnailUrl\":\"http:\\\/\\\/www.bellunopress.it\\\/wp-content\\\/uploads\\\/2009\\\/04\\\/giovanni-piccoli.jpg\",\"datePublished\":\"2009-06-26T10:35:01+00:00\",\"breadcrumb\":{\"@id\":\"https:\\\/\\\/www.bellunopress.it\\\/2009\\\/06\\\/26\\\/15-mila-euro-al-soccorso-alpino-dal-bim-piave\\\/#breadcrumb\"},\"inLanguage\":\"fr-FR\",\"potentialAction\":[{\"@type\":\"ReadAction\",\"target\":[\"https:\\\/\\\/www.bellunopress.it\\\/2009\\\/06\\\/26\\\/15-mila-euro-al-soccorso-alpino-dal-bim-piave\\\/\"]}]},{\"@type\":\"ImageObject\",\"inLanguage\":\"fr-FR\",\"@id\":\"https:\\\/\\\/www.bellunopress.it\\\/2009\\\/06\\\/26\\\/15-mila-euro-al-soccorso-alpino-dal-bim-piave\\\/#primaryimage\",\"url\":\"http:\\\/\\\/www.bellunopress.it\\\/wp-content\\\/uploads\\\/2009\\\/04\\\/giovanni-piccoli.jpg\",\"contentUrl\":\"http:\\\/\\\/www.bellunopress.it\\\/wp-content\\\/uploads\\\/2009\\\/04\\\/giovanni-piccoli.jpg\"},{\"@type\":\"BreadcrumbList\",\"@id\":\"https:\\\/\\\/www.bellunopress.it\\\/2009\\\/06\\\/26\\\/15-mila-euro-al-soccorso-alpino-dal-bim-piave\\\/#breadcrumb\",\"itemListElement\":[{\"@type\":\"ListItem\",\"position\":1,\"name\":\"Home\",\"item\":\"https:\\\/\\\/www.bellunopress.it\\\/\"},{\"@type\":\"ListItem\",\"position\":2,\"name\":\"15 mila euro al Soccorso alpino dal Bim Piave\"}]},{\"@type\":\"WebSite\",\"@id\":\"https:\\\/\\\/www.bellunopress.it\\\/#website\",\"url\":\"https:\\\/\\\/www.bellunopress.it\\\/\",\"name\":\"Bellunopress - Dolomiti\",\"description\":\"e-mail: redazione@bellunopress.it\",\"publisher\":{\"@id\":\"https:\\\/\\\/www.bellunopress.it\\\/#organization\"},\"potentialAction\":[{\"@type\":\"SearchAction\",\"target\":{\"@type\":\"EntryPoint\",\"urlTemplate\":\"https:\\\/\\\/www.bellunopress.it\\\/?s={search_term_string}\"},\"query-input\":{\"@type\":\"PropertyValueSpecification\",\"valueRequired\":true,\"valueName\":\"search_term_string\"}}],\"inLanguage\":\"fr-FR\"},{\"@type\":\"Organization\",\"@id\":\"https:\\\/\\\/www.bellunopress.it\\\/#organization\",\"name\":\"Bellunopress\",\"url\":\"https:\\\/\\\/www.bellunopress.it\\\/\",\"logo\":{\"@type\":\"ImageObject\",\"inLanguage\":\"fr-FR\",\"@id\":\"https:\\\/\\\/www.bellunopress.it\\\/#\\\/schema\\\/logo\\\/image\\\/\",\"url\":\"https:\\\/\\\/www.bellunopress.it\\\/wp-content\\\/uploads\\\/2011\\\/05\\\/cropped-logo-bellunopress-.jpg\",\"contentUrl\":\"https:\\\/\\\/www.bellunopress.it\\\/wp-content\\\/uploads\\\/2011\\\/05\\\/cropped-logo-bellunopress-.jpg\",\"width\":512,\"height\":512,\"caption\":\"Bellunopress\"},\"image\":{\"@id\":\"https:\\\/\\\/www.bellunopress.it\\\/#\\\/schema\\\/logo\\\/image\\\/\"},\"sameAs\":[\"https:\\\/\\\/www.facebook.com\\\/profile.php?id=100008943462799\",\"https:\\\/\\\/x.com\\\/bellunopress\",\"https:\\\/\\\/www.linkedin.com\\\/hp\\\/?dnr=JBzUWaJfMUw8vbXJJ2tVW5-I3jZKvC4wsoxE&amp;amp;amp;amp;amp;amp;trk=nav_responsive_tab_home\",\"https:\\\/\\\/www.youtube.com\\\/channel\\\/UCxL0wu1uN0_3_7hGG0306cw\"]},{\"@type\":\"Person\",\"@id\":\"https:\\\/\\\/www.bellunopress.it\\\/#\\\/schema\\\/person\\\/79bb06722b37ece1c03d3e94beb30d73\",\"name\":\"redazione\",\"image\":{\"@type\":\"ImageObject\",\"inLanguage\":\"fr-FR\",\"@id\":\"https:\\\/\\\/secure.gravatar.com\\\/avatar\\\/37d968a2e67a6fd04c169c4bdef102d0bc5d31b2546345219e348575eb80e9a0?s=96&d=mm&r=g\",\"url\":\"https:\\\/\\\/secure.gravatar.com\\\/avatar\\\/37d968a2e67a6fd04c169c4bdef102d0bc5d31b2546345219e348575eb80e9a0?s=96&d=mm&r=g\",\"contentUrl\":\"https:\\\/\\\/secure.gravatar.com\\\/avatar\\\/37d968a2e67a6fd04c169c4bdef102d0bc5d31b2546345219e348575eb80e9a0?s=96&d=mm&r=g\",\"caption\":\"redazione\"},\"sameAs\":[\"http:\\\/\\\/www.bellunopress.it\",\"https:\\\/\\\/x.com\\\/bellunopress\"],\"url\":\"https:\\\/\\\/www.bellunopress.it\\\/fr\\\/author\\\/redazione\\\/\"}]}<\/script>\n<!-- \/ Yoast SEO plugin. -->","yoast_head_json":{"title":"15 mila euro al Soccorso alpino dal Bim Piave - Bellunopress - Dolomiti","robots":{"index":"index","follow":"follow","max-snippet":"max-snippet:-1","max-image-preview":"max-image-preview:large","max-video-preview":"max-video-preview:-1"},"canonical":"https:\/\/www.bellunopress.it\/fr\/2009\/06\/26\/15-mila-euro-al-soccorso-alpino-dal-bim-piave\/","og_locale":"fr_FR","og_type":"article","og_title":"15 mila euro al Soccorso alpino dal Bim Piave - Bellunopress - Dolomiti","og_description":"Il Consorzio Bim Piave stanzia quindici mila euro a favore del Soccorso Alpino di Rocca Pietore. Serviranno per l\u2019acquisto di un faro elettrico alimentato da gruppo elettrogeno, analogo a quello utilizzato sulle navi. E\u2019 uno strumento importante che verrebbe utilizzato nelle operazioni notturne, in particolare per illuminare la porzione della parete sud della Marmolada. Il [&hellip;]","og_url":"https:\/\/www.bellunopress.it\/fr\/2009\/06\/26\/15-mila-euro-al-soccorso-alpino-dal-bim-piave\/","og_site_name":"Bellunopress - Dolomiti","article_publisher":"https:\/\/www.facebook.com\/profile.php?id=100008943462799","article_published_time":"2009-06-26T10:35:01+00:00","og_image":[{"url":"http:\/\/www.bellunopress.it\/wp-content\/uploads\/2009\/04\/giovanni-piccoli.jpg","type":"","width":"","height":""}],"author":"redazione","twitter_card":"summary_large_image","twitter_creator":"@bellunopress","twitter_site":"@bellunopress","twitter_misc":{"\u00c9crit par":"redazione","Dur\u00e9e de lecture estim\u00e9e":"2 minutes"},"schema":{"@context":"https:\/\/schema.org","@graph":[{"@type":"Article","@id":"https:\/\/www.bellunopress.it\/2009\/06\/26\/15-mila-euro-al-soccorso-alpino-dal-bim-piave\/#article","isPartOf":{"@id":"https:\/\/www.bellunopress.it\/2009\/06\/26\/15-mila-euro-al-soccorso-alpino-dal-bim-piave\/"},"author":{"name":"redazione","@id":"https:\/\/www.bellunopress.it\/#\/schema\/person\/79bb06722b37ece1c03d3e94beb30d73"},"headline":"15 mila euro al Soccorso alpino dal Bim Piave","datePublished":"2009-06-26T10:35:01+00:00","mainEntityOfPage":{"@id":"https:\/\/www.bellunopress.it\/2009\/06\/26\/15-mila-euro-al-soccorso-alpino-dal-bim-piave\/"},"wordCount":317,"publisher":{"@id":"https:\/\/www.bellunopress.it\/#organization"},"image":{"@id":"https:\/\/www.bellunopress.it\/2009\/06\/26\/15-mila-euro-al-soccorso-alpino-dal-bim-piave\/#primaryimage"},"thumbnailUrl":"http:\/\/www.bellunopress.it\/wp-content\/uploads\/2009\/04\/giovanni-piccoli.jpg","keywords":["Belluno","Cadore"],"articleSection":["Cronaca\/Politica","Prima Pagina"],"inLanguage":"fr-FR"},{"@type":"WebPage","@id":"https:\/\/www.bellunopress.it\/2009\/06\/26\/15-mila-euro-al-soccorso-alpino-dal-bim-piave\/","url":"https:\/\/www.bellunopress.it\/2009\/06\/26\/15-mila-euro-al-soccorso-alpino-dal-bim-piave\/","name":"15 mila euro al Soccorso alpino dal Bim Piave - Bellunopress - Dolomiti","isPartOf":{"@id":"https:\/\/www.bellunopress.it\/#website"},"primaryImageOfPage":{"@id":"https:\/\/www.bellunopress.it\/2009\/06\/26\/15-mila-euro-al-soccorso-alpino-dal-bim-piave\/#primaryimage"},"image":{"@id":"https:\/\/www.bellunopress.it\/2009\/06\/26\/15-mila-euro-al-soccorso-alpino-dal-bim-piave\/#primaryimage"},"thumbnailUrl":"http:\/\/www.bellunopress.it\/wp-content\/uploads\/2009\/04\/giovanni-piccoli.jpg","datePublished":"2009-06-26T10:35:01+00:00","breadcrumb":{"@id":"https:\/\/www.bellunopress.it\/2009\/06\/26\/15-mila-euro-al-soccorso-alpino-dal-bim-piave\/#breadcrumb"},"inLanguage":"fr-FR","potentialAction":[{"@type":"ReadAction","target":["https:\/\/www.bellunopress.it\/2009\/06\/26\/15-mila-euro-al-soccorso-alpino-dal-bim-piave\/"]}]},{"@type":"ImageObject","inLanguage":"fr-FR","@id":"https:\/\/www.bellunopress.it\/2009\/06\/26\/15-mila-euro-al-soccorso-alpino-dal-bim-piave\/#primaryimage","url":"http:\/\/www.bellunopress.it\/wp-content\/uploads\/2009\/04\/giovanni-piccoli.jpg","contentUrl":"http:\/\/www.bellunopress.it\/wp-content\/uploads\/2009\/04\/giovanni-piccoli.jpg"},{"@type":"BreadcrumbList","@id":"https:\/\/www.bellunopress.it\/2009\/06\/26\/15-mila-euro-al-soccorso-alpino-dal-bim-piave\/#breadcrumb","itemListElement":[{"@type":"ListItem","position":1,"name":"Home","item":"https:\/\/www.bellunopress.it\/"},{"@type":"ListItem","position":2,"name":"15 mila euro al Soccorso alpino dal Bim Piave"}]},{"@type":"WebSite","@id":"https:\/\/www.bellunopress.it\/#website","url":"https:\/\/www.bellunopress.it\/","name":"Bellunopress - Dolomiti","description":"e-mail: redazione@bellunopress.it","publisher":{"@id":"https:\/\/www.bellunopress.it\/#organization"},"potentialAction":[{"@type":"SearchAction","target":{"@type":"EntryPoint","urlTemplate":"https:\/\/www.bellunopress.it\/?s={search_term_string}"},"query-input":{"@type":"PropertyValueSpecification","valueRequired":true,"valueName":"search_term_string"}}],"inLanguage":"fr-FR"},{"@type":"Organization","@id":"https:\/\/www.bellunopress.it\/#organization","name":"Bellunopress","url":"https:\/\/www.bellunopress.it\/","logo":{"@type":"ImageObject","inLanguage":"fr-FR","@id":"https:\/\/www.bellunopress.it\/#\/schema\/logo\/image\/","url":"https:\/\/www.bellunopress.it\/wp-content\/uploads\/2011\/05\/cropped-logo-bellunopress-.jpg","contentUrl":"https:\/\/www.bellunopress.it\/wp-content\/uploads\/2011\/05\/cropped-logo-bellunopress-.jpg","width":512,"height":512,"caption":"Bellunopress"},"image":{"@id":"https:\/\/www.bellunopress.it\/#\/schema\/logo\/image\/"},"sameAs":["https:\/\/www.facebook.com\/profile.php?id=100008943462799","https:\/\/x.com\/bellunopress","https:\/\/www.linkedin.com\/hp\/?dnr=JBzUWaJfMUw8vbXJJ2tVW5-I3jZKvC4wsoxE&amp;amp;amp;amp;amp;amp;trk=nav_responsive_tab_home","https:\/\/www.youtube.com\/channel\/UCxL0wu1uN0_3_7hGG0306cw"]},{"@type":"Person","@id":"https:\/\/www.bellunopress.it\/#\/schema\/person\/79bb06722b37ece1c03d3e94beb30d73","name":"r\u00e9daction","image":{"@type":"ImageObject","inLanguage":"fr-FR","@id":"https:\/\/secure.gravatar.com\/avatar\/37d968a2e67a6fd04c169c4bdef102d0bc5d31b2546345219e348575eb80e9a0?s=96&d=mm&r=g","url":"https:\/\/secure.gravatar.com\/avatar\/37d968a2e67a6fd04c169c4bdef102d0bc5d31b2546345219e348575eb80e9a0?s=96&d=mm&r=g","contentUrl":"https:\/\/secure.gravatar.com\/avatar\/37d968a2e67a6fd04c169c4bdef102d0bc5d31b2546345219e348575eb80e9a0?s=96&d=mm&r=g","caption":"redazione"},"sameAs":["http:\/\/www.bellunopress.it","https:\/\/x.com\/bellunopress"],"url":"https:\/\/www.bellunopress.it\/fr\/author\/redazione\/"}]}},"_links":{"self":[{"href":"https:\/\/www.bellunopress.it\/fr\/wp-json\/wp\/v2\/posts\/5417","targetHints":{"allow":["GET"]}}],"collection":[{"href":"https:\/\/www.bellunopress.it\/fr\/wp-json\/wp\/v2\/posts"}],"about":[{"href":"https:\/\/www.bellunopress.it\/fr\/wp-json\/wp\/v2\/types\/post"}],"author":[{"embeddable":true,"href":"https:\/\/www.bellunopress.it\/fr\/wp-json\/wp\/v2\/users\/2"}],"replies":[{"embeddable":true,"href":"https:\/\/www.bellunopress.it\/fr\/wp-json\/wp\/v2\/comments?post=5417"}],"version-history":[{"count":1,"href":"https:\/\/www.bellunopress.it\/fr\/wp-json\/wp\/v2\/posts\/5417\/revisions"}],"predecessor-version":[{"id":5418,"href":"https:\/\/www.bellunopress.it\/fr\/wp-json\/wp\/v2\/posts\/5417\/revisions\/5418"}],"wp:attachment":[{"href":"https:\/\/www.bellunopress.it\/fr\/wp-json\/wp\/v2\/media?parent=5417"}],"wp:term":[{"taxonomy":"category","embeddable":true,"href":"https:\/\/www.bellunopress.it\/fr\/wp-json\/wp\/v2\/categories?post=5417"},{"taxonomy":"post_tag","embeddable":true,"href":"https:\/\/www.bellunopress.it\/fr\/wp-json\/wp\/v2\/tags?post=5417"}],"curies":[{"name":"wp","href":"https:\/\/api.w.org\/{rel}","templated":true}]}}