{"id":5413,"date":"2009-06-26T11:20:28","date_gmt":"2009-06-26T10:20:28","guid":{"rendered":"http:\/\/www.bellunopress.it\/?p=5413"},"modified":"2009-06-26T11:20:28","modified_gmt":"2009-06-26T10:20:28","slug":"fondazione-cariverona-e-comune-di-belluno-a-favore-degli-anziani-piu-deboli","status":"publish","type":"post","link":"https:\/\/www.bellunopress.it\/fr\/2009\/06\/26\/fondazione-cariverona-e-comune-di-belluno-a-favore-degli-anziani-piu-deboli\/","title":{"rendered":"Fondazione Cariverona e Comune di Belluno a favore degli anziani pi\u00f9 deboli"},"content":{"rendered":"<p><span><a href=\"http:\/\/www.bellunopress.it\/wp-content\/uploads\/2009\/02\/palazzo-rosso-low.jpg\"><img loading=\"lazy\" decoding=\"async\" class=\"alignleft size-medium wp-image-1097\" title=\"palazzo-rosso-low\" src=\"http:\/\/www.bellunopress.it\/wp-content\/uploads\/2009\/02\/palazzo-rosso-low.jpg\" alt=\"\" width=\"90\" height=\"89\" \/><\/a>La Giunta del Comune di Belluno ha approvato lo scorso marted\u00ec l&#8217;ammissione al finanziamento della Fondazione Cariverona di due importanti progetti che permetteranno di dare continuit\u00e0 all&#8217;impegno dell&#8217;Amministrazione Prade a favore degli anziani, in particolare a quelli pi\u00f9 deboli. I due progetti sono stati elaborati dalla SerSa che ne garantir\u00e0 anche la realizzazione. Il primo progetto tratta della prosecuzione, per il biennio 2009-2011, del progetto Alzheimer per un importo complessivo di Euro 483.398,64 e vede come soggetti partecipanti e collaboratori, oltre al Comune di Belluno attraverso la SerSA SpA , l&#8217;Ospedale Civile di Belluno, in particolare l&#8217;U.O. di Geriatria, il Distretto Socio-Sanitario n. 3 e il Comune di Ponte nelle Alpi attraverso il proprio Centro Diurno. Il progetto intende proseguire ed ampliare i contenuti dell&#8217;omonimo progetto sperimentale finanziato a suo tempo (2006 &#8211; 2008), sempre dalla Fondazione Cariverona per complessivi Euro 830.000,00, un progetto che ha evidenziato la necessit\u00e0 di garantire una prosecuzione degli interventi posti in essere. Si tratta dunque di realizzare un sistema informatico territoriale con il contestuale avvio di una Banca Dati Alzheimer; di attivare una Unit\u00e0 di emergenza per interventi sul territorio e di realizzare posti adeguati per il servizio residenziale e diurno, di formare e informare gli operatori e le comunit\u00e0 locali. Il secondo progetto prevede la rimodulazione del Progetto per Pazienti in Stato Vegetativo effettuata dalla SerSa e relativo all&#8217;attivazione di posti letto presso la struttura residenziale &#8220;M. Gaggia Lante sulla base del finanziamento concesso nel 2007 dallo stesso Comune di Belluno e dalla Fondazione Cariverona per una spesa complessiva di Euro 83.600,00. Il progetto prevede l&#8217;allestimento di posti letto dotati di ossigeno e impianto di aspirazione, l&#8217;utilizzo di specifiche procedure per la prevenzione e la cura delle piaghe di decubito e, infine, la connotazione specifica per ogni paziente di un piano assistenziale individualizzato.<\/p>\n<p><\/span><span style=\"font-size: x-small; font-family: Arial;\"><span style=\"font-size: x-small; font-family: Arial;\"><font face=\"Arial\" size=\"2\"><font face=\"Arial\" size=\"2\"><\/font><\/font><\/span><font face=\"Arial\" size=\"2\"><\/font><\/span><\/p>","protected":false},"excerpt":{"rendered":"<p>La Giunta del Comune di Belluno ha approvato lo scorso marted\u00ec l&#8217;ammissione al finanziamento della Fondazione Cariverona di due importanti progetti che permetteranno di dare continuit\u00e0 all&#8217;impegno dell&#8217;Amministrazione Prade a favore degli anziani, in particolare a quelli pi\u00f9 deboli. I due progetti sono stati elaborati dalla SerSa che ne garantir\u00e0 anche la realizzazione. Il primo [&hellip;]<\/p>\n","protected":false},"author":2,"featured_media":0,"comment_status":"closed","ping_status":"open","sticky":false,"template":"","format":"standard","meta":{"footnotes":""},"categories":[5,26],"tags":[139],"class_list":["post-5413","post","type-post","status-publish","format-standard","category-cronaca","category-prima-pagina","tag-belluno"],"yoast_head":"<!-- This site is optimized with the Yoast SEO plugin v28.4 - https:\/\/yoast.com\/product\/yoast-seo-wordpress\/ -->\n<title>Fondazione Cariverona e Comune di Belluno a favore degli anziani pi\u00f9 deboli - Bellunopress - Dolomiti<\/title>\n<meta name=\"robots\" content=\"index, follow, max-snippet:-1, max-image-preview:large, max-video-preview:-1\" \/>\n<link rel=\"canonical\" href=\"https:\/\/www.bellunopress.it\/fr\/2009\/06\/26\/fondazione-cariverona-e-comune-di-belluno-a-favore-degli-anziani-piu-deboli\/\" \/>\n<meta property=\"og:locale\" content=\"fr_FR\" \/>\n<meta property=\"og:type\" content=\"article\" \/>\n<meta property=\"og:title\" content=\"Fondazione Cariverona e Comune di Belluno a favore degli anziani pi\u00f9 deboli - Bellunopress - Dolomiti\" \/>\n<meta property=\"og:description\" content=\"La Giunta del Comune di Belluno ha approvato lo scorso marted\u00ec l&#8217;ammissione al finanziamento della Fondazione Cariverona di due importanti progetti che permetteranno di dare continuit\u00e0 all&#8217;impegno dell&#8217;Amministrazione Prade a favore degli anziani, in particolare a quelli pi\u00f9 deboli. I due progetti sono stati elaborati dalla SerSa che ne garantir\u00e0 anche la realizzazione. Il primo [&hellip;]\" \/>\n<meta property=\"og:url\" content=\"https:\/\/www.bellunopress.it\/fr\/2009\/06\/26\/fondazione-cariverona-e-comune-di-belluno-a-favore-degli-anziani-piu-deboli\/\" \/>\n<meta property=\"og:site_name\" content=\"Bellunopress - Dolomiti\" \/>\n<meta property=\"article:publisher\" content=\"https:\/\/www.facebook.com\/profile.php?id=100008943462799\" \/>\n<meta property=\"article:published_time\" content=\"2009-06-26T10:20:28+00:00\" \/>\n<meta property=\"og:image\" content=\"http:\/\/www.bellunopress.it\/wp-content\/uploads\/2009\/02\/palazzo-rosso-low.jpg\" \/>\n<meta name=\"author\" content=\"redazione\" \/>\n<meta name=\"twitter:card\" content=\"summary_large_image\" \/>\n<meta name=\"twitter:creator\" content=\"@bellunopress\" \/>\n<meta name=\"twitter:site\" content=\"@bellunopress\" \/>\n<meta name=\"twitter:label1\" content=\"\u00c9crit par\" \/>\n\t<meta name=\"twitter:data1\" content=\"redazione\" \/>\n\t<meta name=\"twitter:label2\" content=\"Dur\u00e9e de lecture estim\u00e9e\" \/>\n\t<meta name=\"twitter:data2\" content=\"1 minute\" \/>\n<script type=\"application\/ld+json\" class=\"yoast-schema-graph\">{\"@context\":\"https:\\\/\\\/schema.org\",\"@graph\":[{\"@type\":\"Article\",\"@id\":\"https:\\\/\\\/www.bellunopress.it\\\/2009\\\/06\\\/26\\\/fondazione-cariverona-e-comune-di-belluno-a-favore-degli-anziani-piu-deboli\\\/#article\",\"isPartOf\":{\"@id\":\"https:\\\/\\\/www.bellunopress.it\\\/2009\\\/06\\\/26\\\/fondazione-cariverona-e-comune-di-belluno-a-favore-degli-anziani-piu-deboli\\\/\"},\"author\":{\"name\":\"redazione\",\"@id\":\"https:\\\/\\\/www.bellunopress.it\\\/#\\\/schema\\\/person\\\/79bb06722b37ece1c03d3e94beb30d73\"},\"headline\":\"Fondazione Cariverona e Comune di Belluno a favore degli anziani pi\u00f9 deboli\",\"datePublished\":\"2009-06-26T10:20:28+00:00\",\"mainEntityOfPage\":{\"@id\":\"https:\\\/\\\/www.bellunopress.it\\\/2009\\\/06\\\/26\\\/fondazione-cariverona-e-comune-di-belluno-a-favore-degli-anziani-piu-deboli\\\/\"},\"wordCount\":314,\"publisher\":{\"@id\":\"https:\\\/\\\/www.bellunopress.it\\\/#organization\"},\"image\":{\"@id\":\"https:\\\/\\\/www.bellunopress.it\\\/2009\\\/06\\\/26\\\/fondazione-cariverona-e-comune-di-belluno-a-favore-degli-anziani-piu-deboli\\\/#primaryimage\"},\"thumbnailUrl\":\"http:\\\/\\\/www.bellunopress.it\\\/wp-content\\\/uploads\\\/2009\\\/02\\\/palazzo-rosso-low.jpg\",\"keywords\":[\"Belluno\"],\"articleSection\":[\"Cronaca\\\/Politica\",\"Prima Pagina\"],\"inLanguage\":\"fr-FR\"},{\"@type\":\"WebPage\",\"@id\":\"https:\\\/\\\/www.bellunopress.it\\\/2009\\\/06\\\/26\\\/fondazione-cariverona-e-comune-di-belluno-a-favore-degli-anziani-piu-deboli\\\/\",\"url\":\"https:\\\/\\\/www.bellunopress.it\\\/2009\\\/06\\\/26\\\/fondazione-cariverona-e-comune-di-belluno-a-favore-degli-anziani-piu-deboli\\\/\",\"name\":\"Fondazione Cariverona e Comune di Belluno a favore degli anziani pi\u00f9 deboli - Bellunopress - Dolomiti\",\"isPartOf\":{\"@id\":\"https:\\\/\\\/www.bellunopress.it\\\/#website\"},\"primaryImageOfPage\":{\"@id\":\"https:\\\/\\\/www.bellunopress.it\\\/2009\\\/06\\\/26\\\/fondazione-cariverona-e-comune-di-belluno-a-favore-degli-anziani-piu-deboli\\\/#primaryimage\"},\"image\":{\"@id\":\"https:\\\/\\\/www.bellunopress.it\\\/2009\\\/06\\\/26\\\/fondazione-cariverona-e-comune-di-belluno-a-favore-degli-anziani-piu-deboli\\\/#primaryimage\"},\"thumbnailUrl\":\"http:\\\/\\\/www.bellunopress.it\\\/wp-content\\\/uploads\\\/2009\\\/02\\\/palazzo-rosso-low.jpg\",\"datePublished\":\"2009-06-26T10:20:28+00:00\",\"breadcrumb\":{\"@id\":\"https:\\\/\\\/www.bellunopress.it\\\/2009\\\/06\\\/26\\\/fondazione-cariverona-e-comune-di-belluno-a-favore-degli-anziani-piu-deboli\\\/#breadcrumb\"},\"inLanguage\":\"fr-FR\",\"potentialAction\":[{\"@type\":\"ReadAction\",\"target\":[\"https:\\\/\\\/www.bellunopress.it\\\/2009\\\/06\\\/26\\\/fondazione-cariverona-e-comune-di-belluno-a-favore-degli-anziani-piu-deboli\\\/\"]}]},{\"@type\":\"ImageObject\",\"inLanguage\":\"fr-FR\",\"@id\":\"https:\\\/\\\/www.bellunopress.it\\\/2009\\\/06\\\/26\\\/fondazione-cariverona-e-comune-di-belluno-a-favore-degli-anziani-piu-deboli\\\/#primaryimage\",\"url\":\"http:\\\/\\\/www.bellunopress.it\\\/wp-content\\\/uploads\\\/2009\\\/02\\\/palazzo-rosso-low.jpg\",\"contentUrl\":\"http:\\\/\\\/www.bellunopress.it\\\/wp-content\\\/uploads\\\/2009\\\/02\\\/palazzo-rosso-low.jpg\"},{\"@type\":\"BreadcrumbList\",\"@id\":\"https:\\\/\\\/www.bellunopress.it\\\/2009\\\/06\\\/26\\\/fondazione-cariverona-e-comune-di-belluno-a-favore-degli-anziani-piu-deboli\\\/#breadcrumb\",\"itemListElement\":[{\"@type\":\"ListItem\",\"position\":1,\"name\":\"Home\",\"item\":\"https:\\\/\\\/www.bellunopress.it\\\/\"},{\"@type\":\"ListItem\",\"position\":2,\"name\":\"Fondazione Cariverona e Comune di Belluno a favore degli anziani pi\u00f9 deboli\"}]},{\"@type\":\"WebSite\",\"@id\":\"https:\\\/\\\/www.bellunopress.it\\\/#website\",\"url\":\"https:\\\/\\\/www.bellunopress.it\\\/\",\"name\":\"Bellunopress - Dolomiti\",\"description\":\"e-mail: redazione@bellunopress.it\",\"publisher\":{\"@id\":\"https:\\\/\\\/www.bellunopress.it\\\/#organization\"},\"potentialAction\":[{\"@type\":\"SearchAction\",\"target\":{\"@type\":\"EntryPoint\",\"urlTemplate\":\"https:\\\/\\\/www.bellunopress.it\\\/?s={search_term_string}\"},\"query-input\":{\"@type\":\"PropertyValueSpecification\",\"valueRequired\":true,\"valueName\":\"search_term_string\"}}],\"inLanguage\":\"fr-FR\"},{\"@type\":\"Organization\",\"@id\":\"https:\\\/\\\/www.bellunopress.it\\\/#organization\",\"name\":\"Bellunopress\",\"url\":\"https:\\\/\\\/www.bellunopress.it\\\/\",\"logo\":{\"@type\":\"ImageObject\",\"inLanguage\":\"fr-FR\",\"@id\":\"https:\\\/\\\/www.bellunopress.it\\\/#\\\/schema\\\/logo\\\/image\\\/\",\"url\":\"https:\\\/\\\/www.bellunopress.it\\\/wp-content\\\/uploads\\\/2011\\\/05\\\/cropped-logo-bellunopress-.jpg\",\"contentUrl\":\"https:\\\/\\\/www.bellunopress.it\\\/wp-content\\\/uploads\\\/2011\\\/05\\\/cropped-logo-bellunopress-.jpg\",\"width\":512,\"height\":512,\"caption\":\"Bellunopress\"},\"image\":{\"@id\":\"https:\\\/\\\/www.bellunopress.it\\\/#\\\/schema\\\/logo\\\/image\\\/\"},\"sameAs\":[\"https:\\\/\\\/www.facebook.com\\\/profile.php?id=100008943462799\",\"https:\\\/\\\/x.com\\\/bellunopress\",\"https:\\\/\\\/www.linkedin.com\\\/hp\\\/?dnr=JBzUWaJfMUw8vbXJJ2tVW5-I3jZKvC4wsoxE&amp;amp;amp;amp;amp;amp;trk=nav_responsive_tab_home\",\"https:\\\/\\\/www.youtube.com\\\/channel\\\/UCxL0wu1uN0_3_7hGG0306cw\"]},{\"@type\":\"Person\",\"@id\":\"https:\\\/\\\/www.bellunopress.it\\\/#\\\/schema\\\/person\\\/79bb06722b37ece1c03d3e94beb30d73\",\"name\":\"redazione\",\"image\":{\"@type\":\"ImageObject\",\"inLanguage\":\"fr-FR\",\"@id\":\"https:\\\/\\\/secure.gravatar.com\\\/avatar\\\/37d968a2e67a6fd04c169c4bdef102d0bc5d31b2546345219e348575eb80e9a0?s=96&d=mm&r=g\",\"url\":\"https:\\\/\\\/secure.gravatar.com\\\/avatar\\\/37d968a2e67a6fd04c169c4bdef102d0bc5d31b2546345219e348575eb80e9a0?s=96&d=mm&r=g\",\"contentUrl\":\"https:\\\/\\\/secure.gravatar.com\\\/avatar\\\/37d968a2e67a6fd04c169c4bdef102d0bc5d31b2546345219e348575eb80e9a0?s=96&d=mm&r=g\",\"caption\":\"redazione\"},\"sameAs\":[\"http:\\\/\\\/www.bellunopress.it\",\"https:\\\/\\\/x.com\\\/bellunopress\"],\"url\":\"https:\\\/\\\/www.bellunopress.it\\\/fr\\\/author\\\/redazione\\\/\"}]}<\/script>\n<!-- \/ Yoast SEO plugin. -->","yoast_head_json":{"title":"Fondazione Cariverona e Comune di Belluno a favore degli anziani pi\u00f9 deboli - Bellunopress - Dolomiti","robots":{"index":"index","follow":"follow","max-snippet":"max-snippet:-1","max-image-preview":"max-image-preview:large","max-video-preview":"max-video-preview:-1"},"canonical":"https:\/\/www.bellunopress.it\/fr\/2009\/06\/26\/fondazione-cariverona-e-comune-di-belluno-a-favore-degli-anziani-piu-deboli\/","og_locale":"fr_FR","og_type":"article","og_title":"Fondazione Cariverona e Comune di Belluno a favore degli anziani pi\u00f9 deboli - Bellunopress - Dolomiti","og_description":"La Giunta del Comune di Belluno ha approvato lo scorso marted\u00ec l&#8217;ammissione al finanziamento della Fondazione Cariverona di due importanti progetti che permetteranno di dare continuit\u00e0 all&#8217;impegno dell&#8217;Amministrazione Prade a favore degli anziani, in particolare a quelli pi\u00f9 deboli. I due progetti sono stati elaborati dalla SerSa che ne garantir\u00e0 anche la realizzazione. Il primo [&hellip;]","og_url":"https:\/\/www.bellunopress.it\/fr\/2009\/06\/26\/fondazione-cariverona-e-comune-di-belluno-a-favore-degli-anziani-piu-deboli\/","og_site_name":"Bellunopress - Dolomiti","article_publisher":"https:\/\/www.facebook.com\/profile.php?id=100008943462799","article_published_time":"2009-06-26T10:20:28+00:00","og_image":[{"url":"http:\/\/www.bellunopress.it\/wp-content\/uploads\/2009\/02\/palazzo-rosso-low.jpg","type":"","width":"","height":""}],"author":"redazione","twitter_card":"summary_large_image","twitter_creator":"@bellunopress","twitter_site":"@bellunopress","twitter_misc":{"\u00c9crit par":"redazione","Dur\u00e9e de lecture estim\u00e9e":"1 minute"},"schema":{"@context":"https:\/\/schema.org","@graph":[{"@type":"Article","@id":"https:\/\/www.bellunopress.it\/2009\/06\/26\/fondazione-cariverona-e-comune-di-belluno-a-favore-degli-anziani-piu-deboli\/#article","isPartOf":{"@id":"https:\/\/www.bellunopress.it\/2009\/06\/26\/fondazione-cariverona-e-comune-di-belluno-a-favore-degli-anziani-piu-deboli\/"},"author":{"name":"redazione","@id":"https:\/\/www.bellunopress.it\/#\/schema\/person\/79bb06722b37ece1c03d3e94beb30d73"},"headline":"Fondazione Cariverona e Comune di Belluno a favore degli anziani pi\u00f9 deboli","datePublished":"2009-06-26T10:20:28+00:00","mainEntityOfPage":{"@id":"https:\/\/www.bellunopress.it\/2009\/06\/26\/fondazione-cariverona-e-comune-di-belluno-a-favore-degli-anziani-piu-deboli\/"},"wordCount":314,"publisher":{"@id":"https:\/\/www.bellunopress.it\/#organization"},"image":{"@id":"https:\/\/www.bellunopress.it\/2009\/06\/26\/fondazione-cariverona-e-comune-di-belluno-a-favore-degli-anziani-piu-deboli\/#primaryimage"},"thumbnailUrl":"http:\/\/www.bellunopress.it\/wp-content\/uploads\/2009\/02\/palazzo-rosso-low.jpg","keywords":["Belluno"],"articleSection":["Cronaca\/Politica","Prima Pagina"],"inLanguage":"fr-FR"},{"@type":"WebPage","@id":"https:\/\/www.bellunopress.it\/2009\/06\/26\/fondazione-cariverona-e-comune-di-belluno-a-favore-degli-anziani-piu-deboli\/","url":"https:\/\/www.bellunopress.it\/2009\/06\/26\/fondazione-cariverona-e-comune-di-belluno-a-favore-degli-anziani-piu-deboli\/","name":"Fondazione Cariverona e Comune di Belluno a favore degli anziani pi\u00f9 deboli - Bellunopress - Dolomiti","isPartOf":{"@id":"https:\/\/www.bellunopress.it\/#website"},"primaryImageOfPage":{"@id":"https:\/\/www.bellunopress.it\/2009\/06\/26\/fondazione-cariverona-e-comune-di-belluno-a-favore-degli-anziani-piu-deboli\/#primaryimage"},"image":{"@id":"https:\/\/www.bellunopress.it\/2009\/06\/26\/fondazione-cariverona-e-comune-di-belluno-a-favore-degli-anziani-piu-deboli\/#primaryimage"},"thumbnailUrl":"http:\/\/www.bellunopress.it\/wp-content\/uploads\/2009\/02\/palazzo-rosso-low.jpg","datePublished":"2009-06-26T10:20:28+00:00","breadcrumb":{"@id":"https:\/\/www.bellunopress.it\/2009\/06\/26\/fondazione-cariverona-e-comune-di-belluno-a-favore-degli-anziani-piu-deboli\/#breadcrumb"},"inLanguage":"fr-FR","potentialAction":[{"@type":"ReadAction","target":["https:\/\/www.bellunopress.it\/2009\/06\/26\/fondazione-cariverona-e-comune-di-belluno-a-favore-degli-anziani-piu-deboli\/"]}]},{"@type":"ImageObject","inLanguage":"fr-FR","@id":"https:\/\/www.bellunopress.it\/2009\/06\/26\/fondazione-cariverona-e-comune-di-belluno-a-favore-degli-anziani-piu-deboli\/#primaryimage","url":"http:\/\/www.bellunopress.it\/wp-content\/uploads\/2009\/02\/palazzo-rosso-low.jpg","contentUrl":"http:\/\/www.bellunopress.it\/wp-content\/uploads\/2009\/02\/palazzo-rosso-low.jpg"},{"@type":"BreadcrumbList","@id":"https:\/\/www.bellunopress.it\/2009\/06\/26\/fondazione-cariverona-e-comune-di-belluno-a-favore-degli-anziani-piu-deboli\/#breadcrumb","itemListElement":[{"@type":"ListItem","position":1,"name":"Home","item":"https:\/\/www.bellunopress.it\/"},{"@type":"ListItem","position":2,"name":"Fondazione Cariverona e Comune di Belluno a favore degli anziani pi\u00f9 deboli"}]},{"@type":"WebSite","@id":"https:\/\/www.bellunopress.it\/#website","url":"https:\/\/www.bellunopress.it\/","name":"Bellunopress - Dolomiti","description":"e-mail: redazione@bellunopress.it","publisher":{"@id":"https:\/\/www.bellunopress.it\/#organization"},"potentialAction":[{"@type":"SearchAction","target":{"@type":"EntryPoint","urlTemplate":"https:\/\/www.bellunopress.it\/?s={search_term_string}"},"query-input":{"@type":"PropertyValueSpecification","valueRequired":true,"valueName":"search_term_string"}}],"inLanguage":"fr-FR"},{"@type":"Organization","@id":"https:\/\/www.bellunopress.it\/#organization","name":"Bellunopress","url":"https:\/\/www.bellunopress.it\/","logo":{"@type":"ImageObject","inLanguage":"fr-FR","@id":"https:\/\/www.bellunopress.it\/#\/schema\/logo\/image\/","url":"https:\/\/www.bellunopress.it\/wp-content\/uploads\/2011\/05\/cropped-logo-bellunopress-.jpg","contentUrl":"https:\/\/www.bellunopress.it\/wp-content\/uploads\/2011\/05\/cropped-logo-bellunopress-.jpg","width":512,"height":512,"caption":"Bellunopress"},"image":{"@id":"https:\/\/www.bellunopress.it\/#\/schema\/logo\/image\/"},"sameAs":["https:\/\/www.facebook.com\/profile.php?id=100008943462799","https:\/\/x.com\/bellunopress","https:\/\/www.linkedin.com\/hp\/?dnr=JBzUWaJfMUw8vbXJJ2tVW5-I3jZKvC4wsoxE&amp;amp;amp;amp;amp;amp;trk=nav_responsive_tab_home","https:\/\/www.youtube.com\/channel\/UCxL0wu1uN0_3_7hGG0306cw"]},{"@type":"Person","@id":"https:\/\/www.bellunopress.it\/#\/schema\/person\/79bb06722b37ece1c03d3e94beb30d73","name":"r\u00e9daction","image":{"@type":"ImageObject","inLanguage":"fr-FR","@id":"https:\/\/secure.gravatar.com\/avatar\/37d968a2e67a6fd04c169c4bdef102d0bc5d31b2546345219e348575eb80e9a0?s=96&d=mm&r=g","url":"https:\/\/secure.gravatar.com\/avatar\/37d968a2e67a6fd04c169c4bdef102d0bc5d31b2546345219e348575eb80e9a0?s=96&d=mm&r=g","contentUrl":"https:\/\/secure.gravatar.com\/avatar\/37d968a2e67a6fd04c169c4bdef102d0bc5d31b2546345219e348575eb80e9a0?s=96&d=mm&r=g","caption":"redazione"},"sameAs":["http:\/\/www.bellunopress.it","https:\/\/x.com\/bellunopress"],"url":"https:\/\/www.bellunopress.it\/fr\/author\/redazione\/"}]}},"_links":{"self":[{"href":"https:\/\/www.bellunopress.it\/fr\/wp-json\/wp\/v2\/posts\/5413","targetHints":{"allow":["GET"]}}],"collection":[{"href":"https:\/\/www.bellunopress.it\/fr\/wp-json\/wp\/v2\/posts"}],"about":[{"href":"https:\/\/www.bellunopress.it\/fr\/wp-json\/wp\/v2\/types\/post"}],"author":[{"embeddable":true,"href":"https:\/\/www.bellunopress.it\/fr\/wp-json\/wp\/v2\/users\/2"}],"replies":[{"embeddable":true,"href":"https:\/\/www.bellunopress.it\/fr\/wp-json\/wp\/v2\/comments?post=5413"}],"version-history":[{"count":1,"href":"https:\/\/www.bellunopress.it\/fr\/wp-json\/wp\/v2\/posts\/5413\/revisions"}],"predecessor-version":[{"id":5414,"href":"https:\/\/www.bellunopress.it\/fr\/wp-json\/wp\/v2\/posts\/5413\/revisions\/5414"}],"wp:attachment":[{"href":"https:\/\/www.bellunopress.it\/fr\/wp-json\/wp\/v2\/media?parent=5413"}],"wp:term":[{"taxonomy":"category","embeddable":true,"href":"https:\/\/www.bellunopress.it\/fr\/wp-json\/wp\/v2\/categories?post=5413"},{"taxonomy":"post_tag","embeddable":true,"href":"https:\/\/www.bellunopress.it\/fr\/wp-json\/wp\/v2\/tags?post=5413"}],"curies":[{"name":"wp","href":"https:\/\/api.w.org\/{rel}","templated":true}]}}