{"id":5397,"date":"2009-06-25T19:42:43","date_gmt":"2009-06-25T18:42:43","guid":{"rendered":"http:\/\/www.bellunopress.it\/?p=5397"},"modified":"2009-06-25T19:42:43","modified_gmt":"2009-06-25T18:42:43","slug":"5-luglio-2009-g8-le-dolomiti-abbracciano-lafrica-bono-vox-avremo-montagne-da-scalare-ma-sara-piu-facile-con-questa-poetica-iniziativa%e2%80%9d","status":"publish","type":"post","link":"https:\/\/www.bellunopress.it\/fr\/2009\/06\/25\/5-luglio-2009-g8-le-dolomiti-abbracciano-lafrica-bono-vox-avremo-montagne-da-scalare-ma-sara-piu-facile-con-questa-poetica-iniziativa%e2%80%9d\/","title":{"rendered":"5 Luglio 2009 G8 &#8211; Le Dolomiti abbracciano l&#8217;Africa.  Bono Vox: &#8220;avremo montagne da scalare, ma sar\u00e0 pi\u00f9 facile con questa poetica iniziativa\u201d"},"content":{"rendered":"<p><a href=\"http:\/\/www.bellunopress.it\/wp-content\/uploads\/2009\/06\/tre-cime-leggera.jpg\"><img loading=\"lazy\" decoding=\"async\" class=\"alignleft size-medium wp-image-5060\" title=\"tre-cime-leggera\" src=\"http:\/\/www.bellunopress.it\/wp-content\/uploads\/2009\/06\/tre-cime-leggera.jpg\" alt=\"\" width=\"270\" height=\"171\" \/><\/a>Le voci delle seimila persone, che si prenderanno per mano sulle Dolomiti e abbracceranno le Tre Cime di Lavaredo, sulle Dolomiti, saranno registrate in un cd e consegnate agli Otto Grandi della Terra che si riuniranno a l\u2019Aquila l\u20198 luglio. Chi vorr\u00e0 potr\u00e0 \u201cricordare\u201d a questi ultimi, con un messaggio personale, le promesse ed agli impegni sottoscritti nei confronti del Sud del Mondo e dei Paesi impoveriti. La manifestazione \u201cG8 &#8211; LE DOLOMITI ABBRACCIANO L&#8217;AFRICA\u201d, presentata questa mattina a Roma nel corso di una conferenza stampa, si svolger\u00e0 il 5 luglio alle 12 a Misurina ed \u00e8 promossa dalla ONG\u00a0Associazione Gruppi &#8220;Insieme si pu\u00f2&#8230;&#8221; Onlus e\u00a0 Comune di Auronzo di Cadore con il patrocinio della Camera Dei Deputati, Regione del Veneto, Provincia Di Belluno, Provincia Di Bolzano, Comunit\u00e0 Montana Centro Cadore, Comune Di Dobbiaco, Comune Di Cortina D&#8217;Ampezzo.\u00a0 A tutti i partecipanti, inoltre, sar\u00e0 donata una pietra delle Dolomiti che al rientro a casa potr\u00e0 essere consegnata ad un amministratore locale quale simbolo della pesante responsabilit\u00e0 di ognuno delle condizioni di povert\u00e0 dei Paesi del Terzo Mondo. Una manifestazione, quella di Misurina, che nasce da un&#8217;idea forte ma anche\u00a0&#8220;poetica&#8221; come l\u2019ha definita Bono Vox, cantante degli U2, da anni impegnato nella campagna per l&#8217;azzeramento del debito dei paesi del terzo mondo e fondatore dell\u2019organizzazione &#8220;DATA&#8221;, (Debt, Aids, Trade, Africa).\u00a0La rockstar irlandese ha voluto essere vicina agli organizzatori della manifestazione italiana con un messaggio scritto di suo pugno: \u201cVoglio dire \u2013 si legge &#8211; quanto sono grato a tutti coloro che lavorano per l\u2019uguaglianza e la giustizia dei poveri del mondo e a Tatiana (Assessore alla\u00a0Cultura, all&#8217;Istruzione, alle Politiche Giovanili del Comune di Auronzo di Cadore, ndr), per aver organizzato questa iniziativa in occasione del summit italiano dei potenti del G8. Abbiamo montagne da scalare \u2013 conclude Bono &#8211; ma sar\u00e0 molto pi\u00f9 facile con le sue idee poetiche\u201d. Tra gli artisti italiani che hanno voluto dare la propria adesione c\u2019\u00e8 Moni Ovadia, che oggi, in collegamento telefonico con Roma ha confermato la sua presenza alla catena umana: \u201cCi sar\u00f2 \u2013 ha detto \u2013 e lo faccio anche per me, perch\u00e9 partecipare a queste iniziative \u00e8 un modo alto di vivere la vita. Bisogna trovare il modo perch\u00e9 i diritti non siano divisi per zone geografiche. I diritti, per definizione sono di tutti, altrimenti diventano privilegi\u201d. Parlando del tema della pace Moni Ovadia ha aggiunto che quest\u2019ultima \u201cnon \u00e8 un sogno ma per costruirla bisogna saper sognare. Se ora il presidente degli Stati Uniti \u00e8 Obama questo lo dobbiamo ad un grande sognatore, Martin Luter King\u201d. La scelta della catena delle Dolomiti come teatro dell\u2019evento non \u00e8 casuale ma racchiude un simbolismo forte. Queste montagne sono nate 40 milioni di anni fa proprio a causa delle forze sollevatrici dovute all\u2019impatto tra le placche di Africa ed Europa. Possono dunque rappresentare la cerniera naturale tra i continenti, un luogo d\u2019incontro simbolico creato da madre natura. Le Tre Cime di Lavaredo, poi, rappresentano una trinit\u00e0 naturale che si eleva verso il cielo. Da sanguinoso teatro della Grande Guerra vogliono ora diventare emblema di pace, giustizia, uguaglianza e garanzia di diritti per l\u2019Africa. Diritti chiesti a gran voce da uomini, donne e bambini che si terranno per mano in un abbraccio simbolico tra i due continenti. L\u2019elevazione delle cime verso il cielo condurr\u00e0 idealmente queste voci di speranza verso l\u2019Infinito.<br \/>\nLe tre vette possono poi simboleggiare tre degli Obiettivi di Sviluppo del Millennio che legano indissolubilmente nei loro contenuti i destini dei due continenti:<br \/>\nSRADICARE LA POVERTA\u2019 ESTREMA E LA FAME<br \/>\nGARANTIRE LA SOSTENIBILITA\u2019 AMBIENTALE (ivi compreso l\u2019accesso all\u2019acqua potabile)<br \/>\nSVILUPPARE UN PARTENARIATO MONDIALE PER LO SVILUPPO<br \/>\n\u00a0<br \/>\nAll\u2019iniziativa hanno aderito: Fondazione Rita Levi Montalcini, CUAMM, Associazione Amici di Cortina, AGESCI, Amnesty International, AMREF, Nigrizia, Banca Etica, CAI Club Alpino Italiano, UNCEM, Gruppo Parlamentari Amici della Montagna, Mountain Wilderness, FOCSIV Federazione Organismi Cristiani Servizio Internazionale Volontario, Jardin de Los Ninos Onlus, ACLI, Centri Missionari Diocesani del Triveneto, Centro Missionario Diocesano\u00a0 Belluno-Feltre, Movimento Giovanile Missionario, SFT Students for Free Tibet , Incontro fra i popoli, Mani Tese, Emergency Belluno, Sezioni locali Associazione Nazionale Alpini, C.N.S.A.S. Corpo Nazionale Soccorso Alpino e Speleologico.<\/p>\n<p>PER CONTATTI ASSOCIATIVI, ADESIONI, COORDINAMENTO, ACCREDITI:<br \/>\nDaniele Giaffredo<br \/>\nOng Associazione Gruppi \u201cInsieme si pu\u00f2\u2026\u201d Onlus<br \/>\nVia Garibaldi, 18, 32100 Belluno<br \/>\nTel\/fax +39 0437 291298 \u2013 Mobile +39 3456104987<br \/>\nE-mail: <a href=\"mailto:daniele@365giorni.org\">daniele@365giorni.org<\/a><\/p>\n<p>PER CONTATTI ISTITUZIONALI, COMUNICAZIONI CON IL COMUNE DI AURONZO, EVENTI:<br \/>\nTatiana Pais Becher<br \/>\nComune di Auronzo di Cadore \u2013 Assessorato Cultura \u2013 Istruzione \u2013 Politiche Giovanili e Famiglia<br \/>\nVia Roma, 24 &#8211; 32041 Auronzo di Cadore (BL)<br \/>\nTel +39 0435 400035 &#8211; Fax +39 0435 400106<br \/>\nE-mail: <a href=\"mailto:tatianapaisbecher@libero.it\">tatianapaisbecher@libero.it<\/a><\/p>\n<p>PER GESTIONE SITO, AREA STAMPA, EVENTI:<br \/>\nFrancesco De Bon<br \/>\nTel mobile +39 3494624005<br \/>\nE-mail: <a href=\"mailto:francesco.debon@gmail.com\">francesco.debon@gmail.com<\/a><\/p>\n<p>PER ADESIONI, ASPETTI LOGISTICI, GESTIONE VOLONTARI, TRASPORTI AREA\u00a0 ASSOCIATI SCOUT GRUPPI, MOVIMENTI E CENTRI MISSIONARI:<br \/>\nChiara Zavarise<br \/>\nCentro Missionario Diocesano di Belluno-Feltre, Gruppo Scout Belluno 3<br \/>\nPiazza G. Piloni, 11 &#8211; 32100 Belluno (BL)<br \/>\nTel\/fax +39 0437 940594<br \/>\nE-mail: <a href=\"mailto:chiarazavarise@gmail.com\">chiarazavarise@gmail.com<\/a><\/p>\n<p>UFFICIO STAMPA CONFERENZA DI ROMA:<br \/>\nTop1 Communication di Daniela Esposito e Stefania Schintu<br \/>\nDaniela Esposito \u2013 \uf027 +39 338 8782983 \u2013 Stefania Schintu &#8211; \uf027 +39 347 0082416<br \/>\n\uf027 +39 06\/99700108 &#8211; \uf02a <a href=\"mailto:segreteria@top1communication.eu\">segreteria@top1communication.eu<\/a>\u00a0<br \/>\n\uf03a <a href=\"http:\/\/www.top1communication.eu\">www.top1communication.eu<\/a><\/p>","protected":false},"excerpt":{"rendered":"<p>Le voci delle seimila persone, che si prenderanno per mano sulle Dolomiti e abbracceranno le Tre Cime di Lavaredo, sulle Dolomiti, saranno registrate in un cd e consegnate agli Otto Grandi della Terra che si riuniranno a l\u2019Aquila l\u20198 luglio. Chi vorr\u00e0 potr\u00e0 \u201cricordare\u201d a questi ultimi, con un messaggio personale, le promesse ed agli [&hellip;]<\/p>\n","protected":false},"author":2,"featured_media":0,"comment_status":"closed","ping_status":"open","sticky":false,"template":"","format":"standard","meta":{"footnotes":""},"categories":[3],"tags":[139,151,63,302],"class_list":["post-5397","post","type-post","status-publish","format-standard","category-arte-cultura-spettacoli-scienza-archivi","tag-belluno","tag-cadore","tag-dolomiti","tag-feltre"],"yoast_head":"<!-- This site is optimized with the Yoast SEO plugin v28.4 - https:\/\/yoast.com\/product\/yoast-seo-wordpress\/ -->\n<title>5 Luglio 2009 G8 - Le Dolomiti abbracciano l&#039;Africa. Bono Vox: &quot;avremo montagne da scalare, ma sar\u00e0 pi\u00f9 facile con questa poetica iniziativa\u201d - Bellunopress - Dolomiti<\/title>\n<meta name=\"robots\" content=\"index, follow, max-snippet:-1, max-image-preview:large, max-video-preview:-1\" \/>\n<link rel=\"canonical\" href=\"https:\/\/www.bellunopress.it\/fr\/2009\/06\/25\/5-luglio-2009-g8-le-dolomiti-abbracciano-lafrica-bono-vox-avremo-montagne-da-scalare-ma-sara-piu-facile-con-questa-poetica-iniziativa\u201d\/\" \/>\n<meta property=\"og:locale\" content=\"fr_FR\" \/>\n<meta property=\"og:type\" content=\"article\" \/>\n<meta property=\"og:title\" content=\"5 Luglio 2009 G8 - Le Dolomiti abbracciano l&#039;Africa. Bono Vox: &quot;avremo montagne da scalare, ma sar\u00e0 pi\u00f9 facile con questa poetica iniziativa\u201d - Bellunopress - Dolomiti\" \/>\n<meta property=\"og:description\" content=\"Le voci delle seimila persone, che si prenderanno per mano sulle Dolomiti e abbracceranno le Tre Cime di Lavaredo, sulle Dolomiti, saranno registrate in un cd e consegnate agli Otto Grandi della Terra che si riuniranno a l\u2019Aquila l\u20198 luglio. Chi vorr\u00e0 potr\u00e0 \u201cricordare\u201d a questi ultimi, con un messaggio personale, le promesse ed agli [&hellip;]\" \/>\n<meta property=\"og:url\" content=\"https:\/\/www.bellunopress.it\/fr\/2009\/06\/25\/5-luglio-2009-g8-le-dolomiti-abbracciano-lafrica-bono-vox-avremo-montagne-da-scalare-ma-sara-piu-facile-con-questa-poetica-iniziativa\u201d\/\" \/>\n<meta property=\"og:site_name\" content=\"Bellunopress - Dolomiti\" \/>\n<meta property=\"article:publisher\" content=\"https:\/\/www.facebook.com\/profile.php?id=100008943462799\" \/>\n<meta property=\"article:published_time\" content=\"2009-06-25T18:42:43+00:00\" \/>\n<meta property=\"og:image\" content=\"http:\/\/www.bellunopress.it\/wp-content\/uploads\/2009\/06\/tre-cime-leggera.jpg\" \/>\n<meta name=\"author\" content=\"redazione\" \/>\n<meta name=\"twitter:card\" content=\"summary_large_image\" \/>\n<meta name=\"twitter:creator\" content=\"@bellunopress\" \/>\n<meta name=\"twitter:site\" content=\"@bellunopress\" \/>\n<meta name=\"twitter:label1\" content=\"Written by\" \/>\n\t<meta name=\"twitter:data1\" content=\"redazione\" \/>\n\t<meta name=\"twitter:label2\" content=\"Est. reading time\" \/>\n\t<meta name=\"twitter:data2\" content=\"4 minutes\" \/>\n<script type=\"application\/ld+json\" class=\"yoast-schema-graph\">{\"@context\":\"https:\\\/\\\/schema.org\",\"@graph\":[{\"@type\":\"Article\",\"@id\":\"https:\\\/\\\/www.bellunopress.it\\\/2009\\\/06\\\/25\\\/5-luglio-2009-g8-le-dolomiti-abbracciano-lafrica-bono-vox-avremo-montagne-da-scalare-ma-sara-piu-facile-con-questa-poetica-iniziativa%e2%80%9d\\\/#article\",\"isPartOf\":{\"@id\":\"https:\\\/\\\/www.bellunopress.it\\\/2009\\\/06\\\/25\\\/5-luglio-2009-g8-le-dolomiti-abbracciano-lafrica-bono-vox-avremo-montagne-da-scalare-ma-sara-piu-facile-con-questa-poetica-iniziativa%e2%80%9d\\\/\"},\"author\":{\"name\":\"redazione\",\"@id\":\"https:\\\/\\\/www.bellunopress.it\\\/#\\\/schema\\\/person\\\/79bb06722b37ece1c03d3e94beb30d73\"},\"headline\":\"5 Luglio 2009 G8 &#8211; Le Dolomiti abbracciano l&#8217;Africa. Bono Vox: &#8220;avremo montagne da scalare, ma sar\u00e0 pi\u00f9 facile con questa poetica iniziativa\u201d\",\"datePublished\":\"2009-06-25T18:42:43+00:00\",\"mainEntityOfPage\":{\"@id\":\"https:\\\/\\\/www.bellunopress.it\\\/2009\\\/06\\\/25\\\/5-luglio-2009-g8-le-dolomiti-abbracciano-lafrica-bono-vox-avremo-montagne-da-scalare-ma-sara-piu-facile-con-questa-poetica-iniziativa%e2%80%9d\\\/\"},\"wordCount\":865,\"publisher\":{\"@id\":\"https:\\\/\\\/www.bellunopress.it\\\/#organization\"},\"image\":{\"@id\":\"https:\\\/\\\/www.bellunopress.it\\\/2009\\\/06\\\/25\\\/5-luglio-2009-g8-le-dolomiti-abbracciano-lafrica-bono-vox-avremo-montagne-da-scalare-ma-sara-piu-facile-con-questa-poetica-iniziativa%e2%80%9d\\\/#primaryimage\"},\"thumbnailUrl\":\"http:\\\/\\\/www.bellunopress.it\\\/wp-content\\\/uploads\\\/2009\\\/06\\\/tre-cime-leggera.jpg\",\"keywords\":[\"Belluno\",\"Cadore\",\"Dolomiti\",\"Feltre\"],\"articleSection\":[\"Arte, Cultura, Spettacoli, Scienza\"],\"inLanguage\":\"fr-FR\"},{\"@type\":\"WebPage\",\"@id\":\"https:\\\/\\\/www.bellunopress.it\\\/2009\\\/06\\\/25\\\/5-luglio-2009-g8-le-dolomiti-abbracciano-lafrica-bono-vox-avremo-montagne-da-scalare-ma-sara-piu-facile-con-questa-poetica-iniziativa%e2%80%9d\\\/\",\"url\":\"https:\\\/\\\/www.bellunopress.it\\\/2009\\\/06\\\/25\\\/5-luglio-2009-g8-le-dolomiti-abbracciano-lafrica-bono-vox-avremo-montagne-da-scalare-ma-sara-piu-facile-con-questa-poetica-iniziativa%e2%80%9d\\\/\",\"name\":\"5 Luglio 2009 G8 - Le Dolomiti abbracciano l'Africa. Bono Vox: \\\"avremo montagne da scalare, ma sar\u00e0 pi\u00f9 facile con questa poetica iniziativa\u201d - Bellunopress - Dolomiti\",\"isPartOf\":{\"@id\":\"https:\\\/\\\/www.bellunopress.it\\\/#website\"},\"primaryImageOfPage\":{\"@id\":\"https:\\\/\\\/www.bellunopress.it\\\/2009\\\/06\\\/25\\\/5-luglio-2009-g8-le-dolomiti-abbracciano-lafrica-bono-vox-avremo-montagne-da-scalare-ma-sara-piu-facile-con-questa-poetica-iniziativa%e2%80%9d\\\/#primaryimage\"},\"image\":{\"@id\":\"https:\\\/\\\/www.bellunopress.it\\\/2009\\\/06\\\/25\\\/5-luglio-2009-g8-le-dolomiti-abbracciano-lafrica-bono-vox-avremo-montagne-da-scalare-ma-sara-piu-facile-con-questa-poetica-iniziativa%e2%80%9d\\\/#primaryimage\"},\"thumbnailUrl\":\"http:\\\/\\\/www.bellunopress.it\\\/wp-content\\\/uploads\\\/2009\\\/06\\\/tre-cime-leggera.jpg\",\"datePublished\":\"2009-06-25T18:42:43+00:00\",\"breadcrumb\":{\"@id\":\"https:\\\/\\\/www.bellunopress.it\\\/2009\\\/06\\\/25\\\/5-luglio-2009-g8-le-dolomiti-abbracciano-lafrica-bono-vox-avremo-montagne-da-scalare-ma-sara-piu-facile-con-questa-poetica-iniziativa%e2%80%9d\\\/#breadcrumb\"},\"inLanguage\":\"fr-FR\",\"potentialAction\":[{\"@type\":\"ReadAction\",\"target\":[\"https:\\\/\\\/www.bellunopress.it\\\/2009\\\/06\\\/25\\\/5-luglio-2009-g8-le-dolomiti-abbracciano-lafrica-bono-vox-avremo-montagne-da-scalare-ma-sara-piu-facile-con-questa-poetica-iniziativa%e2%80%9d\\\/\"]}]},{\"@type\":\"ImageObject\",\"inLanguage\":\"fr-FR\",\"@id\":\"https:\\\/\\\/www.bellunopress.it\\\/2009\\\/06\\\/25\\\/5-luglio-2009-g8-le-dolomiti-abbracciano-lafrica-bono-vox-avremo-montagne-da-scalare-ma-sara-piu-facile-con-questa-poetica-iniziativa%e2%80%9d\\\/#primaryimage\",\"url\":\"http:\\\/\\\/www.bellunopress.it\\\/wp-content\\\/uploads\\\/2009\\\/06\\\/tre-cime-leggera.jpg\",\"contentUrl\":\"http:\\\/\\\/www.bellunopress.it\\\/wp-content\\\/uploads\\\/2009\\\/06\\\/tre-cime-leggera.jpg\"},{\"@type\":\"BreadcrumbList\",\"@id\":\"https:\\\/\\\/www.bellunopress.it\\\/2009\\\/06\\\/25\\\/5-luglio-2009-g8-le-dolomiti-abbracciano-lafrica-bono-vox-avremo-montagne-da-scalare-ma-sara-piu-facile-con-questa-poetica-iniziativa%e2%80%9d\\\/#breadcrumb\",\"itemListElement\":[{\"@type\":\"ListItem\",\"position\":1,\"name\":\"Home\",\"item\":\"https:\\\/\\\/www.bellunopress.it\\\/\"},{\"@type\":\"ListItem\",\"position\":2,\"name\":\"5 Luglio 2009 G8 &#8211; Le Dolomiti abbracciano l&#8217;Africa. Bono Vox: &#8220;avremo montagne da scalare, ma sar\u00e0 pi\u00f9 facile con questa poetica iniziativa\u201d\"}]},{\"@type\":\"WebSite\",\"@id\":\"https:\\\/\\\/www.bellunopress.it\\\/#website\",\"url\":\"https:\\\/\\\/www.bellunopress.it\\\/\",\"name\":\"Bellunopress - Dolomiti\",\"description\":\"e-mail: redazione@bellunopress.it\",\"publisher\":{\"@id\":\"https:\\\/\\\/www.bellunopress.it\\\/#organization\"},\"potentialAction\":[{\"@type\":\"SearchAction\",\"target\":{\"@type\":\"EntryPoint\",\"urlTemplate\":\"https:\\\/\\\/www.bellunopress.it\\\/?s={search_term_string}\"},\"query-input\":{\"@type\":\"PropertyValueSpecification\",\"valueRequired\":true,\"valueName\":\"search_term_string\"}}],\"inLanguage\":\"fr-FR\"},{\"@type\":\"Organization\",\"@id\":\"https:\\\/\\\/www.bellunopress.it\\\/#organization\",\"name\":\"Bellunopress\",\"url\":\"https:\\\/\\\/www.bellunopress.it\\\/\",\"logo\":{\"@type\":\"ImageObject\",\"inLanguage\":\"fr-FR\",\"@id\":\"https:\\\/\\\/www.bellunopress.it\\\/#\\\/schema\\\/logo\\\/image\\\/\",\"url\":\"https:\\\/\\\/www.bellunopress.it\\\/wp-content\\\/uploads\\\/2011\\\/05\\\/cropped-logo-bellunopress-.jpg\",\"contentUrl\":\"https:\\\/\\\/www.bellunopress.it\\\/wp-content\\\/uploads\\\/2011\\\/05\\\/cropped-logo-bellunopress-.jpg\",\"width\":512,\"height\":512,\"caption\":\"Bellunopress\"},\"image\":{\"@id\":\"https:\\\/\\\/www.bellunopress.it\\\/#\\\/schema\\\/logo\\\/image\\\/\"},\"sameAs\":[\"https:\\\/\\\/www.facebook.com\\\/profile.php?id=100008943462799\",\"https:\\\/\\\/x.com\\\/bellunopress\",\"https:\\\/\\\/www.linkedin.com\\\/hp\\\/?dnr=JBzUWaJfMUw8vbXJJ2tVW5-I3jZKvC4wsoxE&amp;amp;amp;amp;amp;amp;trk=nav_responsive_tab_home\",\"https:\\\/\\\/www.youtube.com\\\/channel\\\/UCxL0wu1uN0_3_7hGG0306cw\"]},{\"@type\":\"Person\",\"@id\":\"https:\\\/\\\/www.bellunopress.it\\\/#\\\/schema\\\/person\\\/79bb06722b37ece1c03d3e94beb30d73\",\"name\":\"redazione\",\"image\":{\"@type\":\"ImageObject\",\"inLanguage\":\"fr-FR\",\"@id\":\"https:\\\/\\\/secure.gravatar.com\\\/avatar\\\/37d968a2e67a6fd04c169c4bdef102d0bc5d31b2546345219e348575eb80e9a0?s=96&d=mm&r=g\",\"url\":\"https:\\\/\\\/secure.gravatar.com\\\/avatar\\\/37d968a2e67a6fd04c169c4bdef102d0bc5d31b2546345219e348575eb80e9a0?s=96&d=mm&r=g\",\"contentUrl\":\"https:\\\/\\\/secure.gravatar.com\\\/avatar\\\/37d968a2e67a6fd04c169c4bdef102d0bc5d31b2546345219e348575eb80e9a0?s=96&d=mm&r=g\",\"caption\":\"redazione\"},\"sameAs\":[\"http:\\\/\\\/www.bellunopress.it\",\"https:\\\/\\\/x.com\\\/bellunopress\"],\"url\":\"https:\\\/\\\/www.bellunopress.it\\\/fr\\\/author\\\/redazione\\\/\"}]}<\/script>\n<!-- \/ Yoast SEO plugin. -->","yoast_head_json":{"title":"5 Luglio 2009 G8 - Le Dolomiti abbracciano l'Africa. Bono Vox: \"avremo montagne da scalare, ma sar\u00e0 pi\u00f9 facile con questa poetica iniziativa\u201d - Bellunopress - Dolomiti","robots":{"index":"index","follow":"follow","max-snippet":"max-snippet:-1","max-image-preview":"max-image-preview:large","max-video-preview":"max-video-preview:-1"},"canonical":"https:\/\/www.bellunopress.it\/fr\/2009\/06\/25\/5-luglio-2009-g8-le-dolomiti-abbracciano-lafrica-bono-vox-avremo-montagne-da-scalare-ma-sara-piu-facile-con-questa-poetica-iniziativa\u201d\/","og_locale":"fr_FR","og_type":"article","og_title":"5 Luglio 2009 G8 - Le Dolomiti abbracciano l'Africa. Bono Vox: \"avremo montagne da scalare, ma sar\u00e0 pi\u00f9 facile con questa poetica iniziativa\u201d - Bellunopress - Dolomiti","og_description":"Le voci delle seimila persone, che si prenderanno per mano sulle Dolomiti e abbracceranno le Tre Cime di Lavaredo, sulle Dolomiti, saranno registrate in un cd e consegnate agli Otto Grandi della Terra che si riuniranno a l\u2019Aquila l\u20198 luglio. Chi vorr\u00e0 potr\u00e0 \u201cricordare\u201d a questi ultimi, con un messaggio personale, le promesse ed agli [&hellip;]","og_url":"https:\/\/www.bellunopress.it\/fr\/2009\/06\/25\/5-luglio-2009-g8-le-dolomiti-abbracciano-lafrica-bono-vox-avremo-montagne-da-scalare-ma-sara-piu-facile-con-questa-poetica-iniziativa\u201d\/","og_site_name":"Bellunopress - Dolomiti","article_publisher":"https:\/\/www.facebook.com\/profile.php?id=100008943462799","article_published_time":"2009-06-25T18:42:43+00:00","og_image":[{"url":"http:\/\/www.bellunopress.it\/wp-content\/uploads\/2009\/06\/tre-cime-leggera.jpg","type":"","width":"","height":""}],"author":"redazione","twitter_card":"summary_large_image","twitter_creator":"@bellunopress","twitter_site":"@bellunopress","twitter_misc":{"Written by":"redazione","Est. reading time":"4 minutes"},"schema":{"@context":"https:\/\/schema.org","@graph":[{"@type":"Article","@id":"https:\/\/www.bellunopress.it\/2009\/06\/25\/5-luglio-2009-g8-le-dolomiti-abbracciano-lafrica-bono-vox-avremo-montagne-da-scalare-ma-sara-piu-facile-con-questa-poetica-iniziativa%e2%80%9d\/#article","isPartOf":{"@id":"https:\/\/www.bellunopress.it\/2009\/06\/25\/5-luglio-2009-g8-le-dolomiti-abbracciano-lafrica-bono-vox-avremo-montagne-da-scalare-ma-sara-piu-facile-con-questa-poetica-iniziativa%e2%80%9d\/"},"author":{"name":"redazione","@id":"https:\/\/www.bellunopress.it\/#\/schema\/person\/79bb06722b37ece1c03d3e94beb30d73"},"headline":"5 Luglio 2009 G8 &#8211; Le Dolomiti abbracciano l&#8217;Africa. Bono Vox: &#8220;avremo montagne da scalare, ma sar\u00e0 pi\u00f9 facile con questa poetica iniziativa\u201d","datePublished":"2009-06-25T18:42:43+00:00","mainEntityOfPage":{"@id":"https:\/\/www.bellunopress.it\/2009\/06\/25\/5-luglio-2009-g8-le-dolomiti-abbracciano-lafrica-bono-vox-avremo-montagne-da-scalare-ma-sara-piu-facile-con-questa-poetica-iniziativa%e2%80%9d\/"},"wordCount":865,"publisher":{"@id":"https:\/\/www.bellunopress.it\/#organization"},"image":{"@id":"https:\/\/www.bellunopress.it\/2009\/06\/25\/5-luglio-2009-g8-le-dolomiti-abbracciano-lafrica-bono-vox-avremo-montagne-da-scalare-ma-sara-piu-facile-con-questa-poetica-iniziativa%e2%80%9d\/#primaryimage"},"thumbnailUrl":"http:\/\/www.bellunopress.it\/wp-content\/uploads\/2009\/06\/tre-cime-leggera.jpg","keywords":["Belluno","Cadore","Dolomiti","Feltre"],"articleSection":["Arte, Cultura, Spettacoli, Scienza"],"inLanguage":"fr-FR"},{"@type":"WebPage","@id":"https:\/\/www.bellunopress.it\/2009\/06\/25\/5-luglio-2009-g8-le-dolomiti-abbracciano-lafrica-bono-vox-avremo-montagne-da-scalare-ma-sara-piu-facile-con-questa-poetica-iniziativa%e2%80%9d\/","url":"https:\/\/www.bellunopress.it\/2009\/06\/25\/5-luglio-2009-g8-le-dolomiti-abbracciano-lafrica-bono-vox-avremo-montagne-da-scalare-ma-sara-piu-facile-con-questa-poetica-iniziativa%e2%80%9d\/","name":"5 Luglio 2009 G8 - Le Dolomiti abbracciano l'Africa. Bono Vox: \"avremo montagne da scalare, ma sar\u00e0 pi\u00f9 facile con questa poetica iniziativa\u201d - Bellunopress - Dolomiti","isPartOf":{"@id":"https:\/\/www.bellunopress.it\/#website"},"primaryImageOfPage":{"@id":"https:\/\/www.bellunopress.it\/2009\/06\/25\/5-luglio-2009-g8-le-dolomiti-abbracciano-lafrica-bono-vox-avremo-montagne-da-scalare-ma-sara-piu-facile-con-questa-poetica-iniziativa%e2%80%9d\/#primaryimage"},"image":{"@id":"https:\/\/www.bellunopress.it\/2009\/06\/25\/5-luglio-2009-g8-le-dolomiti-abbracciano-lafrica-bono-vox-avremo-montagne-da-scalare-ma-sara-piu-facile-con-questa-poetica-iniziativa%e2%80%9d\/#primaryimage"},"thumbnailUrl":"http:\/\/www.bellunopress.it\/wp-content\/uploads\/2009\/06\/tre-cime-leggera.jpg","datePublished":"2009-06-25T18:42:43+00:00","breadcrumb":{"@id":"https:\/\/www.bellunopress.it\/2009\/06\/25\/5-luglio-2009-g8-le-dolomiti-abbracciano-lafrica-bono-vox-avremo-montagne-da-scalare-ma-sara-piu-facile-con-questa-poetica-iniziativa%e2%80%9d\/#breadcrumb"},"inLanguage":"fr-FR","potentialAction":[{"@type":"ReadAction","target":["https:\/\/www.bellunopress.it\/2009\/06\/25\/5-luglio-2009-g8-le-dolomiti-abbracciano-lafrica-bono-vox-avremo-montagne-da-scalare-ma-sara-piu-facile-con-questa-poetica-iniziativa%e2%80%9d\/"]}]},{"@type":"ImageObject","inLanguage":"fr-FR","@id":"https:\/\/www.bellunopress.it\/2009\/06\/25\/5-luglio-2009-g8-le-dolomiti-abbracciano-lafrica-bono-vox-avremo-montagne-da-scalare-ma-sara-piu-facile-con-questa-poetica-iniziativa%e2%80%9d\/#primaryimage","url":"http:\/\/www.bellunopress.it\/wp-content\/uploads\/2009\/06\/tre-cime-leggera.jpg","contentUrl":"http:\/\/www.bellunopress.it\/wp-content\/uploads\/2009\/06\/tre-cime-leggera.jpg"},{"@type":"BreadcrumbList","@id":"https:\/\/www.bellunopress.it\/2009\/06\/25\/5-luglio-2009-g8-le-dolomiti-abbracciano-lafrica-bono-vox-avremo-montagne-da-scalare-ma-sara-piu-facile-con-questa-poetica-iniziativa%e2%80%9d\/#breadcrumb","itemListElement":[{"@type":"ListItem","position":1,"name":"Home","item":"https:\/\/www.bellunopress.it\/"},{"@type":"ListItem","position":2,"name":"5 Luglio 2009 G8 &#8211; Le Dolomiti abbracciano l&#8217;Africa. Bono Vox: &#8220;avremo montagne da scalare, ma sar\u00e0 pi\u00f9 facile con questa poetica iniziativa\u201d"}]},{"@type":"WebSite","@id":"https:\/\/www.bellunopress.it\/#website","url":"https:\/\/www.bellunopress.it\/","name":"Bellunopress - Dolomiti","description":"e-mail: redazione@bellunopress.it","publisher":{"@id":"https:\/\/www.bellunopress.it\/#organization"},"potentialAction":[{"@type":"SearchAction","target":{"@type":"EntryPoint","urlTemplate":"https:\/\/www.bellunopress.it\/?s={search_term_string}"},"query-input":{"@type":"PropertyValueSpecification","valueRequired":true,"valueName":"search_term_string"}}],"inLanguage":"fr-FR"},{"@type":"Organization","@id":"https:\/\/www.bellunopress.it\/#organization","name":"Bellunopress","url":"https:\/\/www.bellunopress.it\/","logo":{"@type":"ImageObject","inLanguage":"fr-FR","@id":"https:\/\/www.bellunopress.it\/#\/schema\/logo\/image\/","url":"https:\/\/www.bellunopress.it\/wp-content\/uploads\/2011\/05\/cropped-logo-bellunopress-.jpg","contentUrl":"https:\/\/www.bellunopress.it\/wp-content\/uploads\/2011\/05\/cropped-logo-bellunopress-.jpg","width":512,"height":512,"caption":"Bellunopress"},"image":{"@id":"https:\/\/www.bellunopress.it\/#\/schema\/logo\/image\/"},"sameAs":["https:\/\/www.facebook.com\/profile.php?id=100008943462799","https:\/\/x.com\/bellunopress","https:\/\/www.linkedin.com\/hp\/?dnr=JBzUWaJfMUw8vbXJJ2tVW5-I3jZKvC4wsoxE&amp;amp;amp;amp;amp;amp;trk=nav_responsive_tab_home","https:\/\/www.youtube.com\/channel\/UCxL0wu1uN0_3_7hGG0306cw"]},{"@type":"Person","@id":"https:\/\/www.bellunopress.it\/#\/schema\/person\/79bb06722b37ece1c03d3e94beb30d73","name":"r\u00e9daction","image":{"@type":"ImageObject","inLanguage":"fr-FR","@id":"https:\/\/secure.gravatar.com\/avatar\/37d968a2e67a6fd04c169c4bdef102d0bc5d31b2546345219e348575eb80e9a0?s=96&d=mm&r=g","url":"https:\/\/secure.gravatar.com\/avatar\/37d968a2e67a6fd04c169c4bdef102d0bc5d31b2546345219e348575eb80e9a0?s=96&d=mm&r=g","contentUrl":"https:\/\/secure.gravatar.com\/avatar\/37d968a2e67a6fd04c169c4bdef102d0bc5d31b2546345219e348575eb80e9a0?s=96&d=mm&r=g","caption":"redazione"},"sameAs":["http:\/\/www.bellunopress.it","https:\/\/x.com\/bellunopress"],"url":"https:\/\/www.bellunopress.it\/fr\/author\/redazione\/"}]}},"_links":{"self":[{"href":"https:\/\/www.bellunopress.it\/fr\/wp-json\/wp\/v2\/posts\/5397","targetHints":{"allow":["GET"]}}],"collection":[{"href":"https:\/\/www.bellunopress.it\/fr\/wp-json\/wp\/v2\/posts"}],"about":[{"href":"https:\/\/www.bellunopress.it\/fr\/wp-json\/wp\/v2\/types\/post"}],"author":[{"embeddable":true,"href":"https:\/\/www.bellunopress.it\/fr\/wp-json\/wp\/v2\/users\/2"}],"replies":[{"embeddable":true,"href":"https:\/\/www.bellunopress.it\/fr\/wp-json\/wp\/v2\/comments?post=5397"}],"version-history":[{"count":1,"href":"https:\/\/www.bellunopress.it\/fr\/wp-json\/wp\/v2\/posts\/5397\/revisions"}],"predecessor-version":[{"id":5399,"href":"https:\/\/www.bellunopress.it\/fr\/wp-json\/wp\/v2\/posts\/5397\/revisions\/5399"}],"wp:attachment":[{"href":"https:\/\/www.bellunopress.it\/fr\/wp-json\/wp\/v2\/media?parent=5397"}],"wp:term":[{"taxonomy":"category","embeddable":true,"href":"https:\/\/www.bellunopress.it\/fr\/wp-json\/wp\/v2\/categories?post=5397"},{"taxonomy":"post_tag","embeddable":true,"href":"https:\/\/www.bellunopress.it\/fr\/wp-json\/wp\/v2\/tags?post=5397"}],"curies":[{"name":"wp","href":"https:\/\/api.w.org\/{rel}","templated":true}]}}