{"id":5392,"date":"2009-06-25T17:05:39","date_gmt":"2009-06-25T16:05:39","guid":{"rendered":"http:\/\/www.bellunopress.it\/?p=5392"},"modified":"2009-06-25T17:05:39","modified_gmt":"2009-06-25T16:05:39","slug":"ponte-nelle-alpi-rinnovato-il-consiglio-dei-cacciatori","status":"publish","type":"post","link":"https:\/\/www.bellunopress.it\/fr\/2009\/06\/25\/ponte-nelle-alpi-rinnovato-il-consiglio-dei-cacciatori\/","title":{"rendered":"Ponte nelle Alpi, rinnovato il Consiglio dei cacciatori"},"content":{"rendered":"<p>Domenica 31 maggio, presso la sala della Cooperativa di Soccher si \u00e8 svolta l\u2019annuale raccolta in assemblea dei cacciatori della Riserva Alpina di caccia di Ponte nelle Alpi. Con l\u2019anno 2009 finiva anche la carica del direttivo uscente, si \u00e8 cos\u00ec colta l\u2019occasione per delineare un bilancio dei cinque anni passati, rendicontando soprattutto tutte quelle opere che la riserva svolge in tutela del territorio. La carica di Presidente \u00e8 stata rinnovata a Paolo De Vettor. Tutti gli obiettivi programmatici relativi al recupero ambientale, sono stati ottimamente raggiunti. Sabato 30 maggio, una gruppo di cacciatori della riserva, accompagnati dai rappresentanti degli organi preposti, hanno provveduto alla posa delle nuove tabelle di conterminazione del Parco delle Dolomiti Bellunesi, per l\u2019area presente nel Comune di Ponte nelle Alpi. I nuovi confini, i cui punti erano gi\u00e0 stati segnati in via provvisoria in autunno assieme ai tecnici preposti dal PNDB, si sono resi necessari per un pi\u00f9 facile e sicuro lavoro di vigilanza da parte degli organi competenti e per ottimizzare l\u2019esercizio venatorio. La riserva alpina di caccia di Ponte nelle Alpi si dimostra ancora una volta attenta alla gestione dell\u2019area naturale ove svolge la propria attivit\u00e0, e ancora una volta si \u00e8 distinta per l\u2019attenzione a tutto campo sul territorio, per migliorare la sicurezza di chi frequenta la montagna non con il solo scopo di cacciare, ma come semplice svago. <a href=\"http:\/\/www.bellunopress.it\/wp-content\/uploads\/2009\/06\/cacciatori-ponte-nelle-alpi.jpg\"><img loading=\"lazy\" decoding=\"async\" class=\"alignleft size-medium wp-image-5393\" title=\"cacciatori-ponte-nelle-alpi\" src=\"http:\/\/www.bellunopress.it\/wp-content\/uploads\/2009\/06\/cacciatori-ponte-nelle-alpi.jpg\" alt=\"\" width=\"90\" height=\"90\" \/><\/a>Oltre all\u2019area del Serva, sono state compiute opere di ripristino ambientale anche nelle aree prative un tempo soggette al pascolo ed ora in abbandono. Il lavoro dei soci \u00e8 stato sempre costante, in concordato con i proprietari dei terreni e con la comunit\u00e0 montana per i compensi relativi. Il gruppo di cacciatori di Ponte con il loro operato lungimirante, dimostrano che un esercizio venatorio cos\u00ec inteso \u00e8 auspicabile per la gestione del territorio, in armonia con le istituzioni che lo governano e i cittadini che lo abitano.<\/p>","protected":false},"excerpt":{"rendered":"<p>Domenica 31 maggio, presso la sala della Cooperativa di Soccher si \u00e8 svolta l\u2019annuale raccolta in assemblea dei cacciatori della Riserva Alpina di caccia di Ponte nelle Alpi. Con l\u2019anno 2009 finiva anche la carica del direttivo uscente, si \u00e8 cos\u00ec colta l\u2019occasione per delineare un bilancio dei cinque anni passati, rendicontando soprattutto tutte quelle [&hellip;]<\/p>\n","protected":false},"author":2,"featured_media":0,"comment_status":"closed","ping_status":"open","sticky":false,"template":"","format":"standard","meta":{"footnotes":""},"categories":[5,26],"tags":[139,63],"class_list":["post-5392","post","type-post","status-publish","format-standard","category-cronaca","category-prima-pagina","tag-belluno","tag-dolomiti"],"yoast_head":"<!-- This site is optimized with the Yoast SEO plugin v28.4 - https:\/\/yoast.com\/product\/yoast-seo-wordpress\/ -->\n<title>Ponte nelle Alpi, rinnovato il Consiglio dei cacciatori - Bellunopress - Dolomiti<\/title>\n<meta name=\"robots\" content=\"index, follow, max-snippet:-1, max-image-preview:large, max-video-preview:-1\" \/>\n<link rel=\"canonical\" href=\"https:\/\/www.bellunopress.it\/fr\/2009\/06\/25\/ponte-nelle-alpi-rinnovato-il-consiglio-dei-cacciatori\/\" \/>\n<meta property=\"og:locale\" content=\"fr_FR\" \/>\n<meta property=\"og:type\" content=\"article\" \/>\n<meta property=\"og:title\" content=\"Ponte nelle Alpi, rinnovato il Consiglio dei cacciatori - Bellunopress - Dolomiti\" \/>\n<meta property=\"og:description\" content=\"Domenica 31 maggio, presso la sala della Cooperativa di Soccher si \u00e8 svolta l\u2019annuale raccolta in assemblea dei cacciatori della Riserva Alpina di caccia di Ponte nelle Alpi. Con l\u2019anno 2009 finiva anche la carica del direttivo uscente, si \u00e8 cos\u00ec colta l\u2019occasione per delineare un bilancio dei cinque anni passati, rendicontando soprattutto tutte quelle [&hellip;]\" \/>\n<meta property=\"og:url\" content=\"https:\/\/www.bellunopress.it\/fr\/2009\/06\/25\/ponte-nelle-alpi-rinnovato-il-consiglio-dei-cacciatori\/\" \/>\n<meta property=\"og:site_name\" content=\"Bellunopress - Dolomiti\" \/>\n<meta property=\"article:publisher\" content=\"https:\/\/www.facebook.com\/profile.php?id=100008943462799\" \/>\n<meta property=\"article:published_time\" content=\"2009-06-25T16:05:39+00:00\" \/>\n<meta property=\"og:image\" content=\"http:\/\/www.bellunopress.it\/wp-content\/uploads\/2009\/06\/cacciatori-ponte-nelle-alpi.jpg\" \/>\n<meta name=\"author\" content=\"redazione\" \/>\n<meta name=\"twitter:card\" content=\"summary_large_image\" \/>\n<meta name=\"twitter:creator\" content=\"@bellunopress\" \/>\n<meta name=\"twitter:site\" content=\"@bellunopress\" \/>\n<meta name=\"twitter:label1\" content=\"\u00c9crit par\" \/>\n\t<meta name=\"twitter:data1\" content=\"redazione\" \/>\n\t<meta name=\"twitter:label2\" content=\"Dur\u00e9e de lecture estim\u00e9e\" \/>\n\t<meta name=\"twitter:data2\" content=\"2 minutes\" \/>\n<script type=\"application\/ld+json\" class=\"yoast-schema-graph\">{\"@context\":\"https:\\\/\\\/schema.org\",\"@graph\":[{\"@type\":\"Article\",\"@id\":\"https:\\\/\\\/www.bellunopress.it\\\/2009\\\/06\\\/25\\\/ponte-nelle-alpi-rinnovato-il-consiglio-dei-cacciatori\\\/#article\",\"isPartOf\":{\"@id\":\"https:\\\/\\\/www.bellunopress.it\\\/2009\\\/06\\\/25\\\/ponte-nelle-alpi-rinnovato-il-consiglio-dei-cacciatori\\\/\"},\"author\":{\"name\":\"redazione\",\"@id\":\"https:\\\/\\\/www.bellunopress.it\\\/#\\\/schema\\\/person\\\/79bb06722b37ece1c03d3e94beb30d73\"},\"headline\":\"Ponte nelle Alpi, rinnovato il Consiglio dei cacciatori\",\"datePublished\":\"2009-06-25T16:05:39+00:00\",\"mainEntityOfPage\":{\"@id\":\"https:\\\/\\\/www.bellunopress.it\\\/2009\\\/06\\\/25\\\/ponte-nelle-alpi-rinnovato-il-consiglio-dei-cacciatori\\\/\"},\"wordCount\":321,\"publisher\":{\"@id\":\"https:\\\/\\\/www.bellunopress.it\\\/#organization\"},\"image\":{\"@id\":\"https:\\\/\\\/www.bellunopress.it\\\/2009\\\/06\\\/25\\\/ponte-nelle-alpi-rinnovato-il-consiglio-dei-cacciatori\\\/#primaryimage\"},\"thumbnailUrl\":\"http:\\\/\\\/www.bellunopress.it\\\/wp-content\\\/uploads\\\/2009\\\/06\\\/cacciatori-ponte-nelle-alpi.jpg\",\"keywords\":[\"Belluno\",\"Dolomiti\"],\"articleSection\":[\"Cronaca\\\/Politica\",\"Prima Pagina\"],\"inLanguage\":\"fr-FR\"},{\"@type\":\"WebPage\",\"@id\":\"https:\\\/\\\/www.bellunopress.it\\\/2009\\\/06\\\/25\\\/ponte-nelle-alpi-rinnovato-il-consiglio-dei-cacciatori\\\/\",\"url\":\"https:\\\/\\\/www.bellunopress.it\\\/2009\\\/06\\\/25\\\/ponte-nelle-alpi-rinnovato-il-consiglio-dei-cacciatori\\\/\",\"name\":\"Ponte nelle Alpi, rinnovato il Consiglio dei cacciatori - Bellunopress - Dolomiti\",\"isPartOf\":{\"@id\":\"https:\\\/\\\/www.bellunopress.it\\\/#website\"},\"primaryImageOfPage\":{\"@id\":\"https:\\\/\\\/www.bellunopress.it\\\/2009\\\/06\\\/25\\\/ponte-nelle-alpi-rinnovato-il-consiglio-dei-cacciatori\\\/#primaryimage\"},\"image\":{\"@id\":\"https:\\\/\\\/www.bellunopress.it\\\/2009\\\/06\\\/25\\\/ponte-nelle-alpi-rinnovato-il-consiglio-dei-cacciatori\\\/#primaryimage\"},\"thumbnailUrl\":\"http:\\\/\\\/www.bellunopress.it\\\/wp-content\\\/uploads\\\/2009\\\/06\\\/cacciatori-ponte-nelle-alpi.jpg\",\"datePublished\":\"2009-06-25T16:05:39+00:00\",\"breadcrumb\":{\"@id\":\"https:\\\/\\\/www.bellunopress.it\\\/2009\\\/06\\\/25\\\/ponte-nelle-alpi-rinnovato-il-consiglio-dei-cacciatori\\\/#breadcrumb\"},\"inLanguage\":\"fr-FR\",\"potentialAction\":[{\"@type\":\"ReadAction\",\"target\":[\"https:\\\/\\\/www.bellunopress.it\\\/2009\\\/06\\\/25\\\/ponte-nelle-alpi-rinnovato-il-consiglio-dei-cacciatori\\\/\"]}]},{\"@type\":\"ImageObject\",\"inLanguage\":\"fr-FR\",\"@id\":\"https:\\\/\\\/www.bellunopress.it\\\/2009\\\/06\\\/25\\\/ponte-nelle-alpi-rinnovato-il-consiglio-dei-cacciatori\\\/#primaryimage\",\"url\":\"http:\\\/\\\/www.bellunopress.it\\\/wp-content\\\/uploads\\\/2009\\\/06\\\/cacciatori-ponte-nelle-alpi.jpg\",\"contentUrl\":\"http:\\\/\\\/www.bellunopress.it\\\/wp-content\\\/uploads\\\/2009\\\/06\\\/cacciatori-ponte-nelle-alpi.jpg\"},{\"@type\":\"BreadcrumbList\",\"@id\":\"https:\\\/\\\/www.bellunopress.it\\\/2009\\\/06\\\/25\\\/ponte-nelle-alpi-rinnovato-il-consiglio-dei-cacciatori\\\/#breadcrumb\",\"itemListElement\":[{\"@type\":\"ListItem\",\"position\":1,\"name\":\"Home\",\"item\":\"https:\\\/\\\/www.bellunopress.it\\\/\"},{\"@type\":\"ListItem\",\"position\":2,\"name\":\"Ponte nelle Alpi, rinnovato il Consiglio dei cacciatori\"}]},{\"@type\":\"WebSite\",\"@id\":\"https:\\\/\\\/www.bellunopress.it\\\/#website\",\"url\":\"https:\\\/\\\/www.bellunopress.it\\\/\",\"name\":\"Bellunopress - Dolomiti\",\"description\":\"e-mail: redazione@bellunopress.it\",\"publisher\":{\"@id\":\"https:\\\/\\\/www.bellunopress.it\\\/#organization\"},\"potentialAction\":[{\"@type\":\"SearchAction\",\"target\":{\"@type\":\"EntryPoint\",\"urlTemplate\":\"https:\\\/\\\/www.bellunopress.it\\\/?s={search_term_string}\"},\"query-input\":{\"@type\":\"PropertyValueSpecification\",\"valueRequired\":true,\"valueName\":\"search_term_string\"}}],\"inLanguage\":\"fr-FR\"},{\"@type\":\"Organization\",\"@id\":\"https:\\\/\\\/www.bellunopress.it\\\/#organization\",\"name\":\"Bellunopress\",\"url\":\"https:\\\/\\\/www.bellunopress.it\\\/\",\"logo\":{\"@type\":\"ImageObject\",\"inLanguage\":\"fr-FR\",\"@id\":\"https:\\\/\\\/www.bellunopress.it\\\/#\\\/schema\\\/logo\\\/image\\\/\",\"url\":\"https:\\\/\\\/www.bellunopress.it\\\/wp-content\\\/uploads\\\/2011\\\/05\\\/cropped-logo-bellunopress-.jpg\",\"contentUrl\":\"https:\\\/\\\/www.bellunopress.it\\\/wp-content\\\/uploads\\\/2011\\\/05\\\/cropped-logo-bellunopress-.jpg\",\"width\":512,\"height\":512,\"caption\":\"Bellunopress\"},\"image\":{\"@id\":\"https:\\\/\\\/www.bellunopress.it\\\/#\\\/schema\\\/logo\\\/image\\\/\"},\"sameAs\":[\"https:\\\/\\\/www.facebook.com\\\/profile.php?id=100008943462799\",\"https:\\\/\\\/x.com\\\/bellunopress\",\"https:\\\/\\\/www.linkedin.com\\\/hp\\\/?dnr=JBzUWaJfMUw8vbXJJ2tVW5-I3jZKvC4wsoxE&amp;amp;amp;amp;amp;amp;trk=nav_responsive_tab_home\",\"https:\\\/\\\/www.youtube.com\\\/channel\\\/UCxL0wu1uN0_3_7hGG0306cw\"]},{\"@type\":\"Person\",\"@id\":\"https:\\\/\\\/www.bellunopress.it\\\/#\\\/schema\\\/person\\\/79bb06722b37ece1c03d3e94beb30d73\",\"name\":\"redazione\",\"image\":{\"@type\":\"ImageObject\",\"inLanguage\":\"fr-FR\",\"@id\":\"https:\\\/\\\/secure.gravatar.com\\\/avatar\\\/37d968a2e67a6fd04c169c4bdef102d0bc5d31b2546345219e348575eb80e9a0?s=96&d=mm&r=g\",\"url\":\"https:\\\/\\\/secure.gravatar.com\\\/avatar\\\/37d968a2e67a6fd04c169c4bdef102d0bc5d31b2546345219e348575eb80e9a0?s=96&d=mm&r=g\",\"contentUrl\":\"https:\\\/\\\/secure.gravatar.com\\\/avatar\\\/37d968a2e67a6fd04c169c4bdef102d0bc5d31b2546345219e348575eb80e9a0?s=96&d=mm&r=g\",\"caption\":\"redazione\"},\"sameAs\":[\"http:\\\/\\\/www.bellunopress.it\",\"https:\\\/\\\/x.com\\\/bellunopress\"],\"url\":\"https:\\\/\\\/www.bellunopress.it\\\/fr\\\/author\\\/redazione\\\/\"}]}<\/script>\n<!-- \/ Yoast SEO plugin. -->","yoast_head_json":{"title":"Ponte nelle Alpi, rinnovato il Consiglio dei cacciatori - Bellunopress - Dolomiti","robots":{"index":"index","follow":"follow","max-snippet":"max-snippet:-1","max-image-preview":"max-image-preview:large","max-video-preview":"max-video-preview:-1"},"canonical":"https:\/\/www.bellunopress.it\/fr\/2009\/06\/25\/ponte-nelle-alpi-rinnovato-il-consiglio-dei-cacciatori\/","og_locale":"fr_FR","og_type":"article","og_title":"Ponte nelle Alpi, rinnovato il Consiglio dei cacciatori - Bellunopress - Dolomiti","og_description":"Domenica 31 maggio, presso la sala della Cooperativa di Soccher si \u00e8 svolta l\u2019annuale raccolta in assemblea dei cacciatori della Riserva Alpina di caccia di Ponte nelle Alpi. Con l\u2019anno 2009 finiva anche la carica del direttivo uscente, si \u00e8 cos\u00ec colta l\u2019occasione per delineare un bilancio dei cinque anni passati, rendicontando soprattutto tutte quelle [&hellip;]","og_url":"https:\/\/www.bellunopress.it\/fr\/2009\/06\/25\/ponte-nelle-alpi-rinnovato-il-consiglio-dei-cacciatori\/","og_site_name":"Bellunopress - Dolomiti","article_publisher":"https:\/\/www.facebook.com\/profile.php?id=100008943462799","article_published_time":"2009-06-25T16:05:39+00:00","og_image":[{"url":"http:\/\/www.bellunopress.it\/wp-content\/uploads\/2009\/06\/cacciatori-ponte-nelle-alpi.jpg","type":"","width":"","height":""}],"author":"redazione","twitter_card":"summary_large_image","twitter_creator":"@bellunopress","twitter_site":"@bellunopress","twitter_misc":{"\u00c9crit par":"redazione","Dur\u00e9e de lecture estim\u00e9e":"2 minutes"},"schema":{"@context":"https:\/\/schema.org","@graph":[{"@type":"Article","@id":"https:\/\/www.bellunopress.it\/2009\/06\/25\/ponte-nelle-alpi-rinnovato-il-consiglio-dei-cacciatori\/#article","isPartOf":{"@id":"https:\/\/www.bellunopress.it\/2009\/06\/25\/ponte-nelle-alpi-rinnovato-il-consiglio-dei-cacciatori\/"},"author":{"name":"redazione","@id":"https:\/\/www.bellunopress.it\/#\/schema\/person\/79bb06722b37ece1c03d3e94beb30d73"},"headline":"Ponte nelle Alpi, rinnovato il Consiglio dei cacciatori","datePublished":"2009-06-25T16:05:39+00:00","mainEntityOfPage":{"@id":"https:\/\/www.bellunopress.it\/2009\/06\/25\/ponte-nelle-alpi-rinnovato-il-consiglio-dei-cacciatori\/"},"wordCount":321,"publisher":{"@id":"https:\/\/www.bellunopress.it\/#organization"},"image":{"@id":"https:\/\/www.bellunopress.it\/2009\/06\/25\/ponte-nelle-alpi-rinnovato-il-consiglio-dei-cacciatori\/#primaryimage"},"thumbnailUrl":"http:\/\/www.bellunopress.it\/wp-content\/uploads\/2009\/06\/cacciatori-ponte-nelle-alpi.jpg","keywords":["Belluno","Dolomiti"],"articleSection":["Cronaca\/Politica","Prima Pagina"],"inLanguage":"fr-FR"},{"@type":"WebPage","@id":"https:\/\/www.bellunopress.it\/2009\/06\/25\/ponte-nelle-alpi-rinnovato-il-consiglio-dei-cacciatori\/","url":"https:\/\/www.bellunopress.it\/2009\/06\/25\/ponte-nelle-alpi-rinnovato-il-consiglio-dei-cacciatori\/","name":"Ponte nelle Alpi, rinnovato il Consiglio dei cacciatori - Bellunopress - Dolomiti","isPartOf":{"@id":"https:\/\/www.bellunopress.it\/#website"},"primaryImageOfPage":{"@id":"https:\/\/www.bellunopress.it\/2009\/06\/25\/ponte-nelle-alpi-rinnovato-il-consiglio-dei-cacciatori\/#primaryimage"},"image":{"@id":"https:\/\/www.bellunopress.it\/2009\/06\/25\/ponte-nelle-alpi-rinnovato-il-consiglio-dei-cacciatori\/#primaryimage"},"thumbnailUrl":"http:\/\/www.bellunopress.it\/wp-content\/uploads\/2009\/06\/cacciatori-ponte-nelle-alpi.jpg","datePublished":"2009-06-25T16:05:39+00:00","breadcrumb":{"@id":"https:\/\/www.bellunopress.it\/2009\/06\/25\/ponte-nelle-alpi-rinnovato-il-consiglio-dei-cacciatori\/#breadcrumb"},"inLanguage":"fr-FR","potentialAction":[{"@type":"ReadAction","target":["https:\/\/www.bellunopress.it\/2009\/06\/25\/ponte-nelle-alpi-rinnovato-il-consiglio-dei-cacciatori\/"]}]},{"@type":"ImageObject","inLanguage":"fr-FR","@id":"https:\/\/www.bellunopress.it\/2009\/06\/25\/ponte-nelle-alpi-rinnovato-il-consiglio-dei-cacciatori\/#primaryimage","url":"http:\/\/www.bellunopress.it\/wp-content\/uploads\/2009\/06\/cacciatori-ponte-nelle-alpi.jpg","contentUrl":"http:\/\/www.bellunopress.it\/wp-content\/uploads\/2009\/06\/cacciatori-ponte-nelle-alpi.jpg"},{"@type":"BreadcrumbList","@id":"https:\/\/www.bellunopress.it\/2009\/06\/25\/ponte-nelle-alpi-rinnovato-il-consiglio-dei-cacciatori\/#breadcrumb","itemListElement":[{"@type":"ListItem","position":1,"name":"Home","item":"https:\/\/www.bellunopress.it\/"},{"@type":"ListItem","position":2,"name":"Ponte nelle Alpi, rinnovato il Consiglio dei cacciatori"}]},{"@type":"WebSite","@id":"https:\/\/www.bellunopress.it\/#website","url":"https:\/\/www.bellunopress.it\/","name":"Bellunopress - Dolomiti","description":"e-mail: redazione@bellunopress.it","publisher":{"@id":"https:\/\/www.bellunopress.it\/#organization"},"potentialAction":[{"@type":"SearchAction","target":{"@type":"EntryPoint","urlTemplate":"https:\/\/www.bellunopress.it\/?s={search_term_string}"},"query-input":{"@type":"PropertyValueSpecification","valueRequired":true,"valueName":"search_term_string"}}],"inLanguage":"fr-FR"},{"@type":"Organization","@id":"https:\/\/www.bellunopress.it\/#organization","name":"Bellunopress","url":"https:\/\/www.bellunopress.it\/","logo":{"@type":"ImageObject","inLanguage":"fr-FR","@id":"https:\/\/www.bellunopress.it\/#\/schema\/logo\/image\/","url":"https:\/\/www.bellunopress.it\/wp-content\/uploads\/2011\/05\/cropped-logo-bellunopress-.jpg","contentUrl":"https:\/\/www.bellunopress.it\/wp-content\/uploads\/2011\/05\/cropped-logo-bellunopress-.jpg","width":512,"height":512,"caption":"Bellunopress"},"image":{"@id":"https:\/\/www.bellunopress.it\/#\/schema\/logo\/image\/"},"sameAs":["https:\/\/www.facebook.com\/profile.php?id=100008943462799","https:\/\/x.com\/bellunopress","https:\/\/www.linkedin.com\/hp\/?dnr=JBzUWaJfMUw8vbXJJ2tVW5-I3jZKvC4wsoxE&amp;amp;amp;amp;amp;amp;trk=nav_responsive_tab_home","https:\/\/www.youtube.com\/channel\/UCxL0wu1uN0_3_7hGG0306cw"]},{"@type":"Person","@id":"https:\/\/www.bellunopress.it\/#\/schema\/person\/79bb06722b37ece1c03d3e94beb30d73","name":"r\u00e9daction","image":{"@type":"ImageObject","inLanguage":"fr-FR","@id":"https:\/\/secure.gravatar.com\/avatar\/37d968a2e67a6fd04c169c4bdef102d0bc5d31b2546345219e348575eb80e9a0?s=96&d=mm&r=g","url":"https:\/\/secure.gravatar.com\/avatar\/37d968a2e67a6fd04c169c4bdef102d0bc5d31b2546345219e348575eb80e9a0?s=96&d=mm&r=g","contentUrl":"https:\/\/secure.gravatar.com\/avatar\/37d968a2e67a6fd04c169c4bdef102d0bc5d31b2546345219e348575eb80e9a0?s=96&d=mm&r=g","caption":"redazione"},"sameAs":["http:\/\/www.bellunopress.it","https:\/\/x.com\/bellunopress"],"url":"https:\/\/www.bellunopress.it\/fr\/author\/redazione\/"}]}},"_links":{"self":[{"href":"https:\/\/www.bellunopress.it\/fr\/wp-json\/wp\/v2\/posts\/5392","targetHints":{"allow":["GET"]}}],"collection":[{"href":"https:\/\/www.bellunopress.it\/fr\/wp-json\/wp\/v2\/posts"}],"about":[{"href":"https:\/\/www.bellunopress.it\/fr\/wp-json\/wp\/v2\/types\/post"}],"author":[{"embeddable":true,"href":"https:\/\/www.bellunopress.it\/fr\/wp-json\/wp\/v2\/users\/2"}],"replies":[{"embeddable":true,"href":"https:\/\/www.bellunopress.it\/fr\/wp-json\/wp\/v2\/comments?post=5392"}],"version-history":[{"count":1,"href":"https:\/\/www.bellunopress.it\/fr\/wp-json\/wp\/v2\/posts\/5392\/revisions"}],"predecessor-version":[{"id":5394,"href":"https:\/\/www.bellunopress.it\/fr\/wp-json\/wp\/v2\/posts\/5392\/revisions\/5394"}],"wp:attachment":[{"href":"https:\/\/www.bellunopress.it\/fr\/wp-json\/wp\/v2\/media?parent=5392"}],"wp:term":[{"taxonomy":"category","embeddable":true,"href":"https:\/\/www.bellunopress.it\/fr\/wp-json\/wp\/v2\/categories?post=5392"},{"taxonomy":"post_tag","embeddable":true,"href":"https:\/\/www.bellunopress.it\/fr\/wp-json\/wp\/v2\/tags?post=5392"}],"curies":[{"name":"wp","href":"https:\/\/api.w.org\/{rel}","templated":true}]}}