{"id":5382,"date":"2009-06-25T14:48:14","date_gmt":"2009-06-25T13:48:14","guid":{"rendered":"http:\/\/www.bellunopress.it\/?p=5382"},"modified":"2009-06-25T14:49:25","modified_gmt":"2009-06-25T13:49:25","slug":"anche-oltre-le-vette-aderisce-a-%e2%80%9cle-dolomiti-abbracciano-l%e2%80%99africa%e2%80%9d","status":"publish","type":"post","link":"https:\/\/www.bellunopress.it\/fr\/2009\/06\/25\/anche-oltre-le-vette-aderisce-a-%e2%80%9cle-dolomiti-abbracciano-l%e2%80%99africa%e2%80%9d\/","title":{"rendered":"Anche &#8220;Oltre le vette&#8221; aderisce a \u201cLe Dolomiti abbracciano l\u2019Africa\u201d"},"content":{"rendered":"<p><a href=\"http:\/\/www.bellunopress.it\/wp-content\/uploads\/2009\/06\/flavio-faoro-coordinatore-oltre-le-vette.jpg\"><img loading=\"lazy\" decoding=\"async\" class=\"alignleft size-medium wp-image-5383\" title=\"flavio-faoro-coordinatore-oltre-le-vette\" src=\"http:\/\/www.bellunopress.it\/wp-content\/uploads\/2009\/06\/flavio-faoro-coordinatore-oltre-le-vette.jpg\" alt=\"\" width=\"90\" height=\"91\" \/><\/a>Anche\u00a0 il Comune di Belluno, attraverso la Rassegna culturale \u201cOltre le vette \u2013 Metafore, uomini, luoghi della montagna\u201d, aderisce ufficialmente alla manifestazione \u201cLe Dolomiti abbracciano l\u2019Africa\u201d in programma domenica 5 luglio sulle Tre Cime di Lavaredo. L\u2019evento organizzato dall\u2019associazione Insieme si pu\u00f2 e dal Comune di Auronzo di Cadore \u00e8 infatti perfettamente in linea con la rassegna bellunese, da sempre impegnata a far scoprire e conoscere i grandi valori, anche di solidariet\u00e0, che la montagna propone. Alla catena umana che circonder\u00e0 le Tre Cime con il suo messaggio di impegno sociale parteciper\u00e0, dunque, anche l&#8217;Assessore Maria Grazia Passuello in qualit\u00e0 di rappresentante istituzionale del Comune di Belluno nonch\u00e9 Flavio Faoro (nella foto), fin dalla prima edizione coordinatore di Oltre le Vette. Per l\u2019occasione i cittadini bellunesi che parteciperanno a Le Dolomiti abbracciano l\u2019Africa potranno, a partire da marted\u00ec 30 giugno, ritirare gratuitamente la maglietta ufficiale di Oltre le vette da indossare nel corso della manifestazione. Le magliette vanno ritirate, fino ad esaurimento della disponibilit\u00e0, presso l\u2019ufficio Cultura, al primo piano del Palazzo dell\u2019ex tribunale, in piazza Duomo.<br \/>\nPer ulteriori informazioni telefonare a\u00a0 0437 913174.<\/p>","protected":false},"excerpt":{"rendered":"<p>Anche\u00a0 il Comune di Belluno, attraverso la Rassegna culturale \u201cOltre le vette \u2013 Metafore, uomini, luoghi della montagna\u201d, aderisce ufficialmente alla manifestazione \u201cLe Dolomiti abbracciano l\u2019Africa\u201d in programma domenica 5 luglio sulle Tre Cime di Lavaredo. L\u2019evento organizzato dall\u2019associazione Insieme si pu\u00f2 e dal Comune di Auronzo di Cadore \u00e8 infatti perfettamente in linea con [&hellip;]<\/p>\n","protected":false},"author":2,"featured_media":0,"comment_status":"closed","ping_status":"open","sticky":false,"template":"","format":"standard","meta":{"footnotes":""},"categories":[3,26],"tags":[139,151,63],"class_list":["post-5382","post","type-post","status-publish","format-standard","category-arte-cultura-spettacoli-scienza-archivi","category-prima-pagina","tag-belluno","tag-cadore","tag-dolomiti"],"yoast_head":"<!-- This site is optimized with the Yoast SEO plugin v28.4 - https:\/\/yoast.com\/product\/yoast-seo-wordpress\/ -->\n<title>Anche &quot;Oltre le vette&quot; aderisce a \u201cLe Dolomiti abbracciano l\u2019Africa\u201d - Bellunopress - Dolomiti<\/title>\n<meta name=\"robots\" content=\"index, follow, max-snippet:-1, max-image-preview:large, max-video-preview:-1\" \/>\n<link rel=\"canonical\" href=\"https:\/\/www.bellunopress.it\/fr\/2009\/06\/25\/anche-oltre-le-vette-aderisce-a-\u201cle-dolomiti-abbracciano-l\u2019africa\u201d\/\" \/>\n<meta property=\"og:locale\" content=\"fr_FR\" \/>\n<meta property=\"og:type\" content=\"article\" \/>\n<meta property=\"og:title\" content=\"Anche &quot;Oltre le vette&quot; aderisce a \u201cLe Dolomiti abbracciano l\u2019Africa\u201d - Bellunopress - Dolomiti\" \/>\n<meta property=\"og:description\" content=\"Anche\u00a0 il Comune di Belluno, attraverso la Rassegna culturale \u201cOltre le vette \u2013 Metafore, uomini, luoghi della montagna\u201d, aderisce ufficialmente alla manifestazione \u201cLe Dolomiti abbracciano l\u2019Africa\u201d in programma domenica 5 luglio sulle Tre Cime di Lavaredo. L\u2019evento organizzato dall\u2019associazione Insieme si pu\u00f2 e dal Comune di Auronzo di Cadore \u00e8 infatti perfettamente in linea con [&hellip;]\" \/>\n<meta property=\"og:url\" content=\"https:\/\/www.bellunopress.it\/fr\/2009\/06\/25\/anche-oltre-le-vette-aderisce-a-\u201cle-dolomiti-abbracciano-l\u2019africa\u201d\/\" \/>\n<meta property=\"og:site_name\" content=\"Bellunopress - Dolomiti\" \/>\n<meta property=\"article:publisher\" content=\"https:\/\/www.facebook.com\/profile.php?id=100008943462799\" \/>\n<meta property=\"article:published_time\" content=\"2009-06-25T13:48:14+00:00\" \/>\n<meta property=\"article:modified_time\" content=\"2009-06-25T13:49:25+00:00\" \/>\n<meta property=\"og:image\" content=\"http:\/\/www.bellunopress.it\/wp-content\/uploads\/2009\/06\/flavio-faoro-coordinatore-oltre-le-vette.jpg\" \/>\n<meta name=\"author\" content=\"redazione\" \/>\n<meta name=\"twitter:card\" content=\"summary_large_image\" \/>\n<meta name=\"twitter:creator\" content=\"@bellunopress\" \/>\n<meta name=\"twitter:site\" content=\"@bellunopress\" \/>\n<meta name=\"twitter:label1\" content=\"Written by\" \/>\n\t<meta name=\"twitter:data1\" content=\"redazione\" \/>\n\t<meta name=\"twitter:label2\" content=\"Est. reading time\" \/>\n\t<meta name=\"twitter:data2\" content=\"1 minute\" \/>\n<script type=\"application\/ld+json\" class=\"yoast-schema-graph\">{\"@context\":\"https:\\\/\\\/schema.org\",\"@graph\":[{\"@type\":\"Article\",\"@id\":\"https:\\\/\\\/www.bellunopress.it\\\/2009\\\/06\\\/25\\\/anche-oltre-le-vette-aderisce-a-%e2%80%9cle-dolomiti-abbracciano-l%e2%80%99africa%e2%80%9d\\\/#article\",\"isPartOf\":{\"@id\":\"https:\\\/\\\/www.bellunopress.it\\\/2009\\\/06\\\/25\\\/anche-oltre-le-vette-aderisce-a-%e2%80%9cle-dolomiti-abbracciano-l%e2%80%99africa%e2%80%9d\\\/\"},\"author\":{\"name\":\"redazione\",\"@id\":\"https:\\\/\\\/www.bellunopress.it\\\/#\\\/schema\\\/person\\\/79bb06722b37ece1c03d3e94beb30d73\"},\"headline\":\"Anche &#8220;Oltre le vette&#8221; aderisce a \u201cLe Dolomiti abbracciano l\u2019Africa\u201d\",\"datePublished\":\"2009-06-25T13:48:14+00:00\",\"dateModified\":\"2009-06-25T13:49:25+00:00\",\"mainEntityOfPage\":{\"@id\":\"https:\\\/\\\/www.bellunopress.it\\\/2009\\\/06\\\/25\\\/anche-oltre-le-vette-aderisce-a-%e2%80%9cle-dolomiti-abbracciano-l%e2%80%99africa%e2%80%9d\\\/\"},\"wordCount\":197,\"publisher\":{\"@id\":\"https:\\\/\\\/www.bellunopress.it\\\/#organization\"},\"image\":{\"@id\":\"https:\\\/\\\/www.bellunopress.it\\\/2009\\\/06\\\/25\\\/anche-oltre-le-vette-aderisce-a-%e2%80%9cle-dolomiti-abbracciano-l%e2%80%99africa%e2%80%9d\\\/#primaryimage\"},\"thumbnailUrl\":\"http:\\\/\\\/www.bellunopress.it\\\/wp-content\\\/uploads\\\/2009\\\/06\\\/flavio-faoro-coordinatore-oltre-le-vette.jpg\",\"keywords\":[\"Belluno\",\"Cadore\",\"Dolomiti\"],\"articleSection\":[\"Arte, Cultura, Spettacoli, Scienza\",\"Prima Pagina\"],\"inLanguage\":\"fr-FR\"},{\"@type\":\"WebPage\",\"@id\":\"https:\\\/\\\/www.bellunopress.it\\\/2009\\\/06\\\/25\\\/anche-oltre-le-vette-aderisce-a-%e2%80%9cle-dolomiti-abbracciano-l%e2%80%99africa%e2%80%9d\\\/\",\"url\":\"https:\\\/\\\/www.bellunopress.it\\\/2009\\\/06\\\/25\\\/anche-oltre-le-vette-aderisce-a-%e2%80%9cle-dolomiti-abbracciano-l%e2%80%99africa%e2%80%9d\\\/\",\"name\":\"Anche \\\"Oltre le vette\\\" aderisce a \u201cLe Dolomiti abbracciano l\u2019Africa\u201d - Bellunopress - Dolomiti\",\"isPartOf\":{\"@id\":\"https:\\\/\\\/www.bellunopress.it\\\/#website\"},\"primaryImageOfPage\":{\"@id\":\"https:\\\/\\\/www.bellunopress.it\\\/2009\\\/06\\\/25\\\/anche-oltre-le-vette-aderisce-a-%e2%80%9cle-dolomiti-abbracciano-l%e2%80%99africa%e2%80%9d\\\/#primaryimage\"},\"image\":{\"@id\":\"https:\\\/\\\/www.bellunopress.it\\\/2009\\\/06\\\/25\\\/anche-oltre-le-vette-aderisce-a-%e2%80%9cle-dolomiti-abbracciano-l%e2%80%99africa%e2%80%9d\\\/#primaryimage\"},\"thumbnailUrl\":\"http:\\\/\\\/www.bellunopress.it\\\/wp-content\\\/uploads\\\/2009\\\/06\\\/flavio-faoro-coordinatore-oltre-le-vette.jpg\",\"datePublished\":\"2009-06-25T13:48:14+00:00\",\"dateModified\":\"2009-06-25T13:49:25+00:00\",\"breadcrumb\":{\"@id\":\"https:\\\/\\\/www.bellunopress.it\\\/2009\\\/06\\\/25\\\/anche-oltre-le-vette-aderisce-a-%e2%80%9cle-dolomiti-abbracciano-l%e2%80%99africa%e2%80%9d\\\/#breadcrumb\"},\"inLanguage\":\"fr-FR\",\"potentialAction\":[{\"@type\":\"ReadAction\",\"target\":[\"https:\\\/\\\/www.bellunopress.it\\\/2009\\\/06\\\/25\\\/anche-oltre-le-vette-aderisce-a-%e2%80%9cle-dolomiti-abbracciano-l%e2%80%99africa%e2%80%9d\\\/\"]}]},{\"@type\":\"ImageObject\",\"inLanguage\":\"fr-FR\",\"@id\":\"https:\\\/\\\/www.bellunopress.it\\\/2009\\\/06\\\/25\\\/anche-oltre-le-vette-aderisce-a-%e2%80%9cle-dolomiti-abbracciano-l%e2%80%99africa%e2%80%9d\\\/#primaryimage\",\"url\":\"http:\\\/\\\/www.bellunopress.it\\\/wp-content\\\/uploads\\\/2009\\\/06\\\/flavio-faoro-coordinatore-oltre-le-vette.jpg\",\"contentUrl\":\"http:\\\/\\\/www.bellunopress.it\\\/wp-content\\\/uploads\\\/2009\\\/06\\\/flavio-faoro-coordinatore-oltre-le-vette.jpg\"},{\"@type\":\"BreadcrumbList\",\"@id\":\"https:\\\/\\\/www.bellunopress.it\\\/2009\\\/06\\\/25\\\/anche-oltre-le-vette-aderisce-a-%e2%80%9cle-dolomiti-abbracciano-l%e2%80%99africa%e2%80%9d\\\/#breadcrumb\",\"itemListElement\":[{\"@type\":\"ListItem\",\"position\":1,\"name\":\"Home\",\"item\":\"https:\\\/\\\/www.bellunopress.it\\\/\"},{\"@type\":\"ListItem\",\"position\":2,\"name\":\"Anche &#8220;Oltre le vette&#8221; aderisce a \u201cLe Dolomiti abbracciano l\u2019Africa\u201d\"}]},{\"@type\":\"WebSite\",\"@id\":\"https:\\\/\\\/www.bellunopress.it\\\/#website\",\"url\":\"https:\\\/\\\/www.bellunopress.it\\\/\",\"name\":\"Bellunopress - Dolomiti\",\"description\":\"e-mail: redazione@bellunopress.it\",\"publisher\":{\"@id\":\"https:\\\/\\\/www.bellunopress.it\\\/#organization\"},\"potentialAction\":[{\"@type\":\"SearchAction\",\"target\":{\"@type\":\"EntryPoint\",\"urlTemplate\":\"https:\\\/\\\/www.bellunopress.it\\\/?s={search_term_string}\"},\"query-input\":{\"@type\":\"PropertyValueSpecification\",\"valueRequired\":true,\"valueName\":\"search_term_string\"}}],\"inLanguage\":\"fr-FR\"},{\"@type\":\"Organization\",\"@id\":\"https:\\\/\\\/www.bellunopress.it\\\/#organization\",\"name\":\"Bellunopress\",\"url\":\"https:\\\/\\\/www.bellunopress.it\\\/\",\"logo\":{\"@type\":\"ImageObject\",\"inLanguage\":\"fr-FR\",\"@id\":\"https:\\\/\\\/www.bellunopress.it\\\/#\\\/schema\\\/logo\\\/image\\\/\",\"url\":\"https:\\\/\\\/www.bellunopress.it\\\/wp-content\\\/uploads\\\/2011\\\/05\\\/cropped-logo-bellunopress-.jpg\",\"contentUrl\":\"https:\\\/\\\/www.bellunopress.it\\\/wp-content\\\/uploads\\\/2011\\\/05\\\/cropped-logo-bellunopress-.jpg\",\"width\":512,\"height\":512,\"caption\":\"Bellunopress\"},\"image\":{\"@id\":\"https:\\\/\\\/www.bellunopress.it\\\/#\\\/schema\\\/logo\\\/image\\\/\"},\"sameAs\":[\"https:\\\/\\\/www.facebook.com\\\/profile.php?id=100008943462799\",\"https:\\\/\\\/x.com\\\/bellunopress\",\"https:\\\/\\\/www.linkedin.com\\\/hp\\\/?dnr=JBzUWaJfMUw8vbXJJ2tVW5-I3jZKvC4wsoxE&amp;amp;amp;amp;amp;amp;trk=nav_responsive_tab_home\",\"https:\\\/\\\/www.youtube.com\\\/channel\\\/UCxL0wu1uN0_3_7hGG0306cw\"]},{\"@type\":\"Person\",\"@id\":\"https:\\\/\\\/www.bellunopress.it\\\/#\\\/schema\\\/person\\\/79bb06722b37ece1c03d3e94beb30d73\",\"name\":\"redazione\",\"image\":{\"@type\":\"ImageObject\",\"inLanguage\":\"fr-FR\",\"@id\":\"https:\\\/\\\/secure.gravatar.com\\\/avatar\\\/37d968a2e67a6fd04c169c4bdef102d0bc5d31b2546345219e348575eb80e9a0?s=96&d=mm&r=g\",\"url\":\"https:\\\/\\\/secure.gravatar.com\\\/avatar\\\/37d968a2e67a6fd04c169c4bdef102d0bc5d31b2546345219e348575eb80e9a0?s=96&d=mm&r=g\",\"contentUrl\":\"https:\\\/\\\/secure.gravatar.com\\\/avatar\\\/37d968a2e67a6fd04c169c4bdef102d0bc5d31b2546345219e348575eb80e9a0?s=96&d=mm&r=g\",\"caption\":\"redazione\"},\"sameAs\":[\"http:\\\/\\\/www.bellunopress.it\",\"https:\\\/\\\/x.com\\\/bellunopress\"],\"url\":\"https:\\\/\\\/www.bellunopress.it\\\/fr\\\/author\\\/redazione\\\/\"}]}<\/script>\n<!-- \/ Yoast SEO plugin. -->","yoast_head_json":{"title":"Anche \"Oltre le vette\" aderisce a \u201cLe Dolomiti abbracciano l\u2019Africa\u201d - Bellunopress - Dolomiti","robots":{"index":"index","follow":"follow","max-snippet":"max-snippet:-1","max-image-preview":"max-image-preview:large","max-video-preview":"max-video-preview:-1"},"canonical":"https:\/\/www.bellunopress.it\/fr\/2009\/06\/25\/anche-oltre-le-vette-aderisce-a-\u201cle-dolomiti-abbracciano-l\u2019africa\u201d\/","og_locale":"fr_FR","og_type":"article","og_title":"Anche \"Oltre le vette\" aderisce a \u201cLe Dolomiti abbracciano l\u2019Africa\u201d - Bellunopress - Dolomiti","og_description":"Anche\u00a0 il Comune di Belluno, attraverso la Rassegna culturale \u201cOltre le vette \u2013 Metafore, uomini, luoghi della montagna\u201d, aderisce ufficialmente alla manifestazione \u201cLe Dolomiti abbracciano l\u2019Africa\u201d in programma domenica 5 luglio sulle Tre Cime di Lavaredo. L\u2019evento organizzato dall\u2019associazione Insieme si pu\u00f2 e dal Comune di Auronzo di Cadore \u00e8 infatti perfettamente in linea con [&hellip;]","og_url":"https:\/\/www.bellunopress.it\/fr\/2009\/06\/25\/anche-oltre-le-vette-aderisce-a-\u201cle-dolomiti-abbracciano-l\u2019africa\u201d\/","og_site_name":"Bellunopress - Dolomiti","article_publisher":"https:\/\/www.facebook.com\/profile.php?id=100008943462799","article_published_time":"2009-06-25T13:48:14+00:00","article_modified_time":"2009-06-25T13:49:25+00:00","og_image":[{"url":"http:\/\/www.bellunopress.it\/wp-content\/uploads\/2009\/06\/flavio-faoro-coordinatore-oltre-le-vette.jpg","type":"","width":"","height":""}],"author":"redazione","twitter_card":"summary_large_image","twitter_creator":"@bellunopress","twitter_site":"@bellunopress","twitter_misc":{"Written by":"redazione","Est. reading time":"1 minute"},"schema":{"@context":"https:\/\/schema.org","@graph":[{"@type":"Article","@id":"https:\/\/www.bellunopress.it\/2009\/06\/25\/anche-oltre-le-vette-aderisce-a-%e2%80%9cle-dolomiti-abbracciano-l%e2%80%99africa%e2%80%9d\/#article","isPartOf":{"@id":"https:\/\/www.bellunopress.it\/2009\/06\/25\/anche-oltre-le-vette-aderisce-a-%e2%80%9cle-dolomiti-abbracciano-l%e2%80%99africa%e2%80%9d\/"},"author":{"name":"redazione","@id":"https:\/\/www.bellunopress.it\/#\/schema\/person\/79bb06722b37ece1c03d3e94beb30d73"},"headline":"Anche &#8220;Oltre le vette&#8221; aderisce a \u201cLe Dolomiti abbracciano l\u2019Africa\u201d","datePublished":"2009-06-25T13:48:14+00:00","dateModified":"2009-06-25T13:49:25+00:00","mainEntityOfPage":{"@id":"https:\/\/www.bellunopress.it\/2009\/06\/25\/anche-oltre-le-vette-aderisce-a-%e2%80%9cle-dolomiti-abbracciano-l%e2%80%99africa%e2%80%9d\/"},"wordCount":197,"publisher":{"@id":"https:\/\/www.bellunopress.it\/#organization"},"image":{"@id":"https:\/\/www.bellunopress.it\/2009\/06\/25\/anche-oltre-le-vette-aderisce-a-%e2%80%9cle-dolomiti-abbracciano-l%e2%80%99africa%e2%80%9d\/#primaryimage"},"thumbnailUrl":"http:\/\/www.bellunopress.it\/wp-content\/uploads\/2009\/06\/flavio-faoro-coordinatore-oltre-le-vette.jpg","keywords":["Belluno","Cadore","Dolomiti"],"articleSection":["Arte, Cultura, Spettacoli, Scienza","Prima Pagina"],"inLanguage":"fr-FR"},{"@type":"WebPage","@id":"https:\/\/www.bellunopress.it\/2009\/06\/25\/anche-oltre-le-vette-aderisce-a-%e2%80%9cle-dolomiti-abbracciano-l%e2%80%99africa%e2%80%9d\/","url":"https:\/\/www.bellunopress.it\/2009\/06\/25\/anche-oltre-le-vette-aderisce-a-%e2%80%9cle-dolomiti-abbracciano-l%e2%80%99africa%e2%80%9d\/","name":"Anche \"Oltre le vette\" aderisce a \u201cLe Dolomiti abbracciano l\u2019Africa\u201d - Bellunopress - Dolomiti","isPartOf":{"@id":"https:\/\/www.bellunopress.it\/#website"},"primaryImageOfPage":{"@id":"https:\/\/www.bellunopress.it\/2009\/06\/25\/anche-oltre-le-vette-aderisce-a-%e2%80%9cle-dolomiti-abbracciano-l%e2%80%99africa%e2%80%9d\/#primaryimage"},"image":{"@id":"https:\/\/www.bellunopress.it\/2009\/06\/25\/anche-oltre-le-vette-aderisce-a-%e2%80%9cle-dolomiti-abbracciano-l%e2%80%99africa%e2%80%9d\/#primaryimage"},"thumbnailUrl":"http:\/\/www.bellunopress.it\/wp-content\/uploads\/2009\/06\/flavio-faoro-coordinatore-oltre-le-vette.jpg","datePublished":"2009-06-25T13:48:14+00:00","dateModified":"2009-06-25T13:49:25+00:00","breadcrumb":{"@id":"https:\/\/www.bellunopress.it\/2009\/06\/25\/anche-oltre-le-vette-aderisce-a-%e2%80%9cle-dolomiti-abbracciano-l%e2%80%99africa%e2%80%9d\/#breadcrumb"},"inLanguage":"fr-FR","potentialAction":[{"@type":"ReadAction","target":["https:\/\/www.bellunopress.it\/2009\/06\/25\/anche-oltre-le-vette-aderisce-a-%e2%80%9cle-dolomiti-abbracciano-l%e2%80%99africa%e2%80%9d\/"]}]},{"@type":"ImageObject","inLanguage":"fr-FR","@id":"https:\/\/www.bellunopress.it\/2009\/06\/25\/anche-oltre-le-vette-aderisce-a-%e2%80%9cle-dolomiti-abbracciano-l%e2%80%99africa%e2%80%9d\/#primaryimage","url":"http:\/\/www.bellunopress.it\/wp-content\/uploads\/2009\/06\/flavio-faoro-coordinatore-oltre-le-vette.jpg","contentUrl":"http:\/\/www.bellunopress.it\/wp-content\/uploads\/2009\/06\/flavio-faoro-coordinatore-oltre-le-vette.jpg"},{"@type":"BreadcrumbList","@id":"https:\/\/www.bellunopress.it\/2009\/06\/25\/anche-oltre-le-vette-aderisce-a-%e2%80%9cle-dolomiti-abbracciano-l%e2%80%99africa%e2%80%9d\/#breadcrumb","itemListElement":[{"@type":"ListItem","position":1,"name":"Home","item":"https:\/\/www.bellunopress.it\/"},{"@type":"ListItem","position":2,"name":"Anche &#8220;Oltre le vette&#8221; aderisce a \u201cLe Dolomiti abbracciano l\u2019Africa\u201d"}]},{"@type":"WebSite","@id":"https:\/\/www.bellunopress.it\/#website","url":"https:\/\/www.bellunopress.it\/","name":"Bellunopress - Dolomiti","description":"e-mail: redazione@bellunopress.it","publisher":{"@id":"https:\/\/www.bellunopress.it\/#organization"},"potentialAction":[{"@type":"SearchAction","target":{"@type":"EntryPoint","urlTemplate":"https:\/\/www.bellunopress.it\/?s={search_term_string}"},"query-input":{"@type":"PropertyValueSpecification","valueRequired":true,"valueName":"search_term_string"}}],"inLanguage":"fr-FR"},{"@type":"Organization","@id":"https:\/\/www.bellunopress.it\/#organization","name":"Bellunopress","url":"https:\/\/www.bellunopress.it\/","logo":{"@type":"ImageObject","inLanguage":"fr-FR","@id":"https:\/\/www.bellunopress.it\/#\/schema\/logo\/image\/","url":"https:\/\/www.bellunopress.it\/wp-content\/uploads\/2011\/05\/cropped-logo-bellunopress-.jpg","contentUrl":"https:\/\/www.bellunopress.it\/wp-content\/uploads\/2011\/05\/cropped-logo-bellunopress-.jpg","width":512,"height":512,"caption":"Bellunopress"},"image":{"@id":"https:\/\/www.bellunopress.it\/#\/schema\/logo\/image\/"},"sameAs":["https:\/\/www.facebook.com\/profile.php?id=100008943462799","https:\/\/x.com\/bellunopress","https:\/\/www.linkedin.com\/hp\/?dnr=JBzUWaJfMUw8vbXJJ2tVW5-I3jZKvC4wsoxE&amp;amp;amp;amp;amp;amp;trk=nav_responsive_tab_home","https:\/\/www.youtube.com\/channel\/UCxL0wu1uN0_3_7hGG0306cw"]},{"@type":"Person","@id":"https:\/\/www.bellunopress.it\/#\/schema\/person\/79bb06722b37ece1c03d3e94beb30d73","name":"r\u00e9daction","image":{"@type":"ImageObject","inLanguage":"fr-FR","@id":"https:\/\/secure.gravatar.com\/avatar\/37d968a2e67a6fd04c169c4bdef102d0bc5d31b2546345219e348575eb80e9a0?s=96&d=mm&r=g","url":"https:\/\/secure.gravatar.com\/avatar\/37d968a2e67a6fd04c169c4bdef102d0bc5d31b2546345219e348575eb80e9a0?s=96&d=mm&r=g","contentUrl":"https:\/\/secure.gravatar.com\/avatar\/37d968a2e67a6fd04c169c4bdef102d0bc5d31b2546345219e348575eb80e9a0?s=96&d=mm&r=g","caption":"redazione"},"sameAs":["http:\/\/www.bellunopress.it","https:\/\/x.com\/bellunopress"],"url":"https:\/\/www.bellunopress.it\/fr\/author\/redazione\/"}]}},"_links":{"self":[{"href":"https:\/\/www.bellunopress.it\/fr\/wp-json\/wp\/v2\/posts\/5382","targetHints":{"allow":["GET"]}}],"collection":[{"href":"https:\/\/www.bellunopress.it\/fr\/wp-json\/wp\/v2\/posts"}],"about":[{"href":"https:\/\/www.bellunopress.it\/fr\/wp-json\/wp\/v2\/types\/post"}],"author":[{"embeddable":true,"href":"https:\/\/www.bellunopress.it\/fr\/wp-json\/wp\/v2\/users\/2"}],"replies":[{"embeddable":true,"href":"https:\/\/www.bellunopress.it\/fr\/wp-json\/wp\/v2\/comments?post=5382"}],"version-history":[{"count":2,"href":"https:\/\/www.bellunopress.it\/fr\/wp-json\/wp\/v2\/posts\/5382\/revisions"}],"predecessor-version":[{"id":5385,"href":"https:\/\/www.bellunopress.it\/fr\/wp-json\/wp\/v2\/posts\/5382\/revisions\/5385"}],"wp:attachment":[{"href":"https:\/\/www.bellunopress.it\/fr\/wp-json\/wp\/v2\/media?parent=5382"}],"wp:term":[{"taxonomy":"category","embeddable":true,"href":"https:\/\/www.bellunopress.it\/fr\/wp-json\/wp\/v2\/categories?post=5382"},{"taxonomy":"post_tag","embeddable":true,"href":"https:\/\/www.bellunopress.it\/fr\/wp-json\/wp\/v2\/tags?post=5382"}],"curies":[{"name":"wp","href":"https:\/\/api.w.org\/{rel}","templated":true}]}}