{"id":5380,"date":"2009-06-25T14:35:14","date_gmt":"2009-06-25T13:35:14","guid":{"rendered":"http:\/\/www.bellunopress.it\/?p=5380"},"modified":"2009-06-25T16:28:37","modified_gmt":"2009-06-25T15:28:37","slug":"credito-d%e2%80%99imposta-negato-alle-imprese-del-tessile-abbigliamento-e-dell%e2%80%99occhialeria","status":"publish","type":"post","link":"https:\/\/www.bellunopress.it\/fr\/2009\/06\/25\/credito-d%e2%80%99imposta-negato-alle-imprese-del-tessile-abbigliamento-e-dell%e2%80%99occhialeria\/","title":{"rendered":"Credito d\u2019imposta negato alle imprese dei reparti tessile-abbigliamento e dell\u2019occhialeria"},"content":{"rendered":"<p>Il 19 marzo il Ministro Scajola aveva annunciato il bando per il credito d\u2019imposta per la realizzazione di campionari e collezioni a cui avrebbero avuto accesso tutte le imprese, senza limiti dimensionali, del settore moda. \u201cL\u2019agevolazione &#8211; spiega Tiziano De Toffol, Presidente provinciale e nazionale delle occhialerie dell\u2019UAPI &#8211; consisteva nel riconoscimento di un credito d\u2019imposta nella misura del 10% sui costi sostenuti dalle aziende nel 2008 e 2009 per realizzare campionari innovativi. La percentuale saliva, poi, al 40% nel caso le aziende si fossero messe a lavorare con Universit\u00e0 ed Enti pubblici di ricerca.\u201d La procedura di presentazione della domanda di finanziamento consisteva nell\u2019invio telematico all\u2019Agenzia delle Entrate, da parte delle imprese interessate, di un apposito modello (FRS). Agevolabili risultavano i costi sostenuti per stilisti e tecnici, per materie prime e per la realizzazione di prototipi. La graduatoria si sarebbe formata cronologicamente in base all\u2019arrivo. Senonch\u00e8, dopo pochi secondi dall\u2019apertura del bando, chi ha provato a inviare la domanda si \u00e8 visto respinto dal sistema informatico perch\u00e9 i fondi risultavano gi\u00e0 esauriti.<br \/>\n\u201cA onor del vero, &#8211; dice De Toffol &#8211; i 50 milioni a disposizione per ciascun periodo d\u2019imposta sono subito sembrati insufficienti, anche perch\u00e9 tra i costi agevolabili sono stati inseriti dal Ministero quelli relativi ai fabbricati ed ai terreni per realizzare i laboratori: una voce che poco aveva a che fare con i campionari, cio\u00e8 con quell\u2019attivit\u00e0 creativa che porta a prodotti nuovi o migliorati che si voleva sostenere in origine. Sinceramente,\u00a0 nessuno pensava, per\u00f2, che soltanto 3 secondi dopo l\u2019apertura del bando i fondi risultassero finiti.\u201d Confartigianato Moda, che raccoglie non solo il tessile e abbigliamento ma anche l\u2019occhialeria artigiana, si \u00e8 subito attivata e ha chiesto al Ministero per lo Sviluppo Economico l\u2019accesso agli atti amministrativi per conoscere la graduatoria delle imprese ammesse al beneficio.<\/p>","protected":false},"excerpt":{"rendered":"<p>Il 19 marzo il Ministro Scajola aveva annunciato il bando per il credito d\u2019imposta per la realizzazione di campionari e collezioni a cui avrebbero avuto accesso tutte le imprese, senza limiti dimensionali, del settore moda. \u201cL\u2019agevolazione &#8211; spiega Tiziano De Toffol, Presidente provinciale e nazionale delle occhialerie dell\u2019UAPI &#8211; consisteva nel riconoscimento di un credito [&hellip;]<\/p>\n","protected":false},"author":2,"featured_media":0,"comment_status":"closed","ping_status":"open","sticky":false,"template":"","format":"standard","meta":{"footnotes":""},"categories":[36,26],"tags":[],"class_list":["post-5380","post","type-post","status-publish","format-standard","category-lavoro-economia","category-prima-pagina"],"yoast_head":"<!-- This site is optimized with the Yoast SEO plugin v28.4 - https:\/\/yoast.com\/product\/yoast-seo-wordpress\/ -->\n<title>Credito d\u2019imposta negato alle imprese dei reparti tessile-abbigliamento e dell\u2019occhialeria - Bellunopress - Dolomiti<\/title>\n<meta name=\"robots\" content=\"index, follow, max-snippet:-1, max-image-preview:large, max-video-preview:-1\" \/>\n<link rel=\"canonical\" href=\"https:\/\/www.bellunopress.it\/fr\/2009\/06\/25\/credito-d\u2019imposta-negato-alle-imprese-del-tessile-abbigliamento-e-dell\u2019occhialeria\/\" \/>\n<meta property=\"og:locale\" content=\"fr_FR\" \/>\n<meta property=\"og:type\" content=\"article\" \/>\n<meta property=\"og:title\" content=\"Credito d\u2019imposta negato alle imprese dei reparti tessile-abbigliamento e dell\u2019occhialeria - Bellunopress - Dolomiti\" \/>\n<meta property=\"og:description\" content=\"Il 19 marzo il Ministro Scajola aveva annunciato il bando per il credito d\u2019imposta per la realizzazione di campionari e collezioni a cui avrebbero avuto accesso tutte le imprese, senza limiti dimensionali, del settore moda. \u201cL\u2019agevolazione &#8211; spiega Tiziano De Toffol, Presidente provinciale e nazionale delle occhialerie dell\u2019UAPI &#8211; consisteva nel riconoscimento di un credito [&hellip;]\" \/>\n<meta property=\"og:url\" content=\"https:\/\/www.bellunopress.it\/fr\/2009\/06\/25\/credito-d\u2019imposta-negato-alle-imprese-del-tessile-abbigliamento-e-dell\u2019occhialeria\/\" \/>\n<meta property=\"og:site_name\" content=\"Bellunopress - Dolomiti\" \/>\n<meta property=\"article:publisher\" content=\"https:\/\/www.facebook.com\/profile.php?id=100008943462799\" \/>\n<meta property=\"article:published_time\" content=\"2009-06-25T13:35:14+00:00\" \/>\n<meta property=\"article:modified_time\" content=\"2009-06-25T15:28:37+00:00\" \/>\n<meta property=\"og:image\" content=\"http:\/\/www.bellunopress.it\/wp-content\/uploads\/2012\/07\/logo-bellunopress-250x250-2012.jpg\" \/>\n<meta name=\"author\" content=\"redazione\" \/>\n<meta name=\"twitter:card\" content=\"summary_large_image\" \/>\n<meta name=\"twitter:creator\" content=\"@bellunopress\" \/>\n<meta name=\"twitter:site\" content=\"@bellunopress\" \/>\n<meta name=\"twitter:label1\" content=\"Written by\" \/>\n\t<meta name=\"twitter:data1\" content=\"redazione\" \/>\n\t<meta name=\"twitter:label2\" content=\"Est. reading time\" \/>\n\t<meta name=\"twitter:data2\" content=\"2 minutes\" \/>\n<script type=\"application\/ld+json\" class=\"yoast-schema-graph\">{\"@context\":\"https:\\\/\\\/schema.org\",\"@graph\":[{\"@type\":\"Article\",\"@id\":\"https:\\\/\\\/www.bellunopress.it\\\/2009\\\/06\\\/25\\\/credito-d%e2%80%99imposta-negato-alle-imprese-del-tessile-abbigliamento-e-dell%e2%80%99occhialeria\\\/#article\",\"isPartOf\":{\"@id\":\"https:\\\/\\\/www.bellunopress.it\\\/2009\\\/06\\\/25\\\/credito-d%e2%80%99imposta-negato-alle-imprese-del-tessile-abbigliamento-e-dell%e2%80%99occhialeria\\\/\"},\"author\":{\"name\":\"redazione\",\"@id\":\"https:\\\/\\\/www.bellunopress.it\\\/#\\\/schema\\\/person\\\/79bb06722b37ece1c03d3e94beb30d73\"},\"headline\":\"Credito d\u2019imposta negato alle imprese dei reparti tessile-abbigliamento e dell\u2019occhialeria\",\"datePublished\":\"2009-06-25T13:35:14+00:00\",\"dateModified\":\"2009-06-25T15:28:37+00:00\",\"mainEntityOfPage\":{\"@id\":\"https:\\\/\\\/www.bellunopress.it\\\/2009\\\/06\\\/25\\\/credito-d%e2%80%99imposta-negato-alle-imprese-del-tessile-abbigliamento-e-dell%e2%80%99occhialeria\\\/\"},\"wordCount\":317,\"publisher\":{\"@id\":\"https:\\\/\\\/www.bellunopress.it\\\/#organization\"},\"articleSection\":[\"Lavoro, Economia, Turismo\",\"Prima Pagina\"],\"inLanguage\":\"fr-FR\"},{\"@type\":\"WebPage\",\"@id\":\"https:\\\/\\\/www.bellunopress.it\\\/2009\\\/06\\\/25\\\/credito-d%e2%80%99imposta-negato-alle-imprese-del-tessile-abbigliamento-e-dell%e2%80%99occhialeria\\\/\",\"url\":\"https:\\\/\\\/www.bellunopress.it\\\/2009\\\/06\\\/25\\\/credito-d%e2%80%99imposta-negato-alle-imprese-del-tessile-abbigliamento-e-dell%e2%80%99occhialeria\\\/\",\"name\":\"Credito d\u2019imposta negato alle imprese dei reparti tessile-abbigliamento e dell\u2019occhialeria - Bellunopress - Dolomiti\",\"isPartOf\":{\"@id\":\"https:\\\/\\\/www.bellunopress.it\\\/#website\"},\"datePublished\":\"2009-06-25T13:35:14+00:00\",\"dateModified\":\"2009-06-25T15:28:37+00:00\",\"breadcrumb\":{\"@id\":\"https:\\\/\\\/www.bellunopress.it\\\/2009\\\/06\\\/25\\\/credito-d%e2%80%99imposta-negato-alle-imprese-del-tessile-abbigliamento-e-dell%e2%80%99occhialeria\\\/#breadcrumb\"},\"inLanguage\":\"fr-FR\",\"potentialAction\":[{\"@type\":\"ReadAction\",\"target\":[\"https:\\\/\\\/www.bellunopress.it\\\/2009\\\/06\\\/25\\\/credito-d%e2%80%99imposta-negato-alle-imprese-del-tessile-abbigliamento-e-dell%e2%80%99occhialeria\\\/\"]}]},{\"@type\":\"BreadcrumbList\",\"@id\":\"https:\\\/\\\/www.bellunopress.it\\\/2009\\\/06\\\/25\\\/credito-d%e2%80%99imposta-negato-alle-imprese-del-tessile-abbigliamento-e-dell%e2%80%99occhialeria\\\/#breadcrumb\",\"itemListElement\":[{\"@type\":\"ListItem\",\"position\":1,\"name\":\"Home\",\"item\":\"https:\\\/\\\/www.bellunopress.it\\\/\"},{\"@type\":\"ListItem\",\"position\":2,\"name\":\"Credito d\u2019imposta negato alle imprese dei reparti tessile-abbigliamento e dell\u2019occhialeria\"}]},{\"@type\":\"WebSite\",\"@id\":\"https:\\\/\\\/www.bellunopress.it\\\/#website\",\"url\":\"https:\\\/\\\/www.bellunopress.it\\\/\",\"name\":\"Bellunopress - Dolomiti\",\"description\":\"e-mail: redazione@bellunopress.it\",\"publisher\":{\"@id\":\"https:\\\/\\\/www.bellunopress.it\\\/#organization\"},\"potentialAction\":[{\"@type\":\"SearchAction\",\"target\":{\"@type\":\"EntryPoint\",\"urlTemplate\":\"https:\\\/\\\/www.bellunopress.it\\\/?s={search_term_string}\"},\"query-input\":{\"@type\":\"PropertyValueSpecification\",\"valueRequired\":true,\"valueName\":\"search_term_string\"}}],\"inLanguage\":\"fr-FR\"},{\"@type\":\"Organization\",\"@id\":\"https:\\\/\\\/www.bellunopress.it\\\/#organization\",\"name\":\"Bellunopress\",\"url\":\"https:\\\/\\\/www.bellunopress.it\\\/\",\"logo\":{\"@type\":\"ImageObject\",\"inLanguage\":\"fr-FR\",\"@id\":\"https:\\\/\\\/www.bellunopress.it\\\/#\\\/schema\\\/logo\\\/image\\\/\",\"url\":\"https:\\\/\\\/www.bellunopress.it\\\/wp-content\\\/uploads\\\/2011\\\/05\\\/cropped-logo-bellunopress-.jpg\",\"contentUrl\":\"https:\\\/\\\/www.bellunopress.it\\\/wp-content\\\/uploads\\\/2011\\\/05\\\/cropped-logo-bellunopress-.jpg\",\"width\":512,\"height\":512,\"caption\":\"Bellunopress\"},\"image\":{\"@id\":\"https:\\\/\\\/www.bellunopress.it\\\/#\\\/schema\\\/logo\\\/image\\\/\"},\"sameAs\":[\"https:\\\/\\\/www.facebook.com\\\/profile.php?id=100008943462799\",\"https:\\\/\\\/x.com\\\/bellunopress\",\"https:\\\/\\\/www.linkedin.com\\\/hp\\\/?dnr=JBzUWaJfMUw8vbXJJ2tVW5-I3jZKvC4wsoxE&amp;amp;amp;amp;amp;amp;trk=nav_responsive_tab_home\",\"https:\\\/\\\/www.youtube.com\\\/channel\\\/UCxL0wu1uN0_3_7hGG0306cw\"]},{\"@type\":\"Person\",\"@id\":\"https:\\\/\\\/www.bellunopress.it\\\/#\\\/schema\\\/person\\\/79bb06722b37ece1c03d3e94beb30d73\",\"name\":\"redazione\",\"image\":{\"@type\":\"ImageObject\",\"inLanguage\":\"fr-FR\",\"@id\":\"https:\\\/\\\/secure.gravatar.com\\\/avatar\\\/37d968a2e67a6fd04c169c4bdef102d0bc5d31b2546345219e348575eb80e9a0?s=96&d=mm&r=g\",\"url\":\"https:\\\/\\\/secure.gravatar.com\\\/avatar\\\/37d968a2e67a6fd04c169c4bdef102d0bc5d31b2546345219e348575eb80e9a0?s=96&d=mm&r=g\",\"contentUrl\":\"https:\\\/\\\/secure.gravatar.com\\\/avatar\\\/37d968a2e67a6fd04c169c4bdef102d0bc5d31b2546345219e348575eb80e9a0?s=96&d=mm&r=g\",\"caption\":\"redazione\"},\"sameAs\":[\"http:\\\/\\\/www.bellunopress.it\",\"https:\\\/\\\/x.com\\\/bellunopress\"],\"url\":\"https:\\\/\\\/www.bellunopress.it\\\/fr\\\/author\\\/redazione\\\/\"}]}<\/script>\n<!-- \/ Yoast SEO plugin. -->","yoast_head_json":{"title":"Credito d\u2019imposta negato alle imprese dei reparti tessile-abbigliamento e dell\u2019occhialeria - Bellunopress - Dolomiti","robots":{"index":"index","follow":"follow","max-snippet":"max-snippet:-1","max-image-preview":"max-image-preview:large","max-video-preview":"max-video-preview:-1"},"canonical":"https:\/\/www.bellunopress.it\/fr\/2009\/06\/25\/credito-d\u2019imposta-negato-alle-imprese-del-tessile-abbigliamento-e-dell\u2019occhialeria\/","og_locale":"fr_FR","og_type":"article","og_title":"Credito d\u2019imposta negato alle imprese dei reparti tessile-abbigliamento e dell\u2019occhialeria - Bellunopress - Dolomiti","og_description":"Il 19 marzo il Ministro Scajola aveva annunciato il bando per il credito d\u2019imposta per la realizzazione di campionari e collezioni a cui avrebbero avuto accesso tutte le imprese, senza limiti dimensionali, del settore moda. \u201cL\u2019agevolazione &#8211; spiega Tiziano De Toffol, Presidente provinciale e nazionale delle occhialerie dell\u2019UAPI &#8211; consisteva nel riconoscimento di un credito [&hellip;]","og_url":"https:\/\/www.bellunopress.it\/fr\/2009\/06\/25\/credito-d\u2019imposta-negato-alle-imprese-del-tessile-abbigliamento-e-dell\u2019occhialeria\/","og_site_name":"Bellunopress - Dolomiti","article_publisher":"https:\/\/www.facebook.com\/profile.php?id=100008943462799","article_published_time":"2009-06-25T13:35:14+00:00","article_modified_time":"2009-06-25T15:28:37+00:00","og_image":[{"url":"http:\/\/www.bellunopress.it\/wp-content\/uploads\/2012\/07\/logo-bellunopress-250x250-2012.jpg","type":"","width":"","height":""}],"author":"redazione","twitter_card":"summary_large_image","twitter_creator":"@bellunopress","twitter_site":"@bellunopress","twitter_misc":{"Written by":"redazione","Est. reading time":"2 minutes"},"schema":{"@context":"https:\/\/schema.org","@graph":[{"@type":"Article","@id":"https:\/\/www.bellunopress.it\/2009\/06\/25\/credito-d%e2%80%99imposta-negato-alle-imprese-del-tessile-abbigliamento-e-dell%e2%80%99occhialeria\/#article","isPartOf":{"@id":"https:\/\/www.bellunopress.it\/2009\/06\/25\/credito-d%e2%80%99imposta-negato-alle-imprese-del-tessile-abbigliamento-e-dell%e2%80%99occhialeria\/"},"author":{"name":"redazione","@id":"https:\/\/www.bellunopress.it\/#\/schema\/person\/79bb06722b37ece1c03d3e94beb30d73"},"headline":"Credito d\u2019imposta negato alle imprese dei reparti tessile-abbigliamento e dell\u2019occhialeria","datePublished":"2009-06-25T13:35:14+00:00","dateModified":"2009-06-25T15:28:37+00:00","mainEntityOfPage":{"@id":"https:\/\/www.bellunopress.it\/2009\/06\/25\/credito-d%e2%80%99imposta-negato-alle-imprese-del-tessile-abbigliamento-e-dell%e2%80%99occhialeria\/"},"wordCount":317,"publisher":{"@id":"https:\/\/www.bellunopress.it\/#organization"},"articleSection":["Lavoro, Economia, Turismo","Prima Pagina"],"inLanguage":"fr-FR"},{"@type":"WebPage","@id":"https:\/\/www.bellunopress.it\/2009\/06\/25\/credito-d%e2%80%99imposta-negato-alle-imprese-del-tessile-abbigliamento-e-dell%e2%80%99occhialeria\/","url":"https:\/\/www.bellunopress.it\/2009\/06\/25\/credito-d%e2%80%99imposta-negato-alle-imprese-del-tessile-abbigliamento-e-dell%e2%80%99occhialeria\/","name":"Credito d\u2019imposta negato alle imprese dei reparti tessile-abbigliamento e dell\u2019occhialeria - Bellunopress - Dolomiti","isPartOf":{"@id":"https:\/\/www.bellunopress.it\/#website"},"datePublished":"2009-06-25T13:35:14+00:00","dateModified":"2009-06-25T15:28:37+00:00","breadcrumb":{"@id":"https:\/\/www.bellunopress.it\/2009\/06\/25\/credito-d%e2%80%99imposta-negato-alle-imprese-del-tessile-abbigliamento-e-dell%e2%80%99occhialeria\/#breadcrumb"},"inLanguage":"fr-FR","potentialAction":[{"@type":"ReadAction","target":["https:\/\/www.bellunopress.it\/2009\/06\/25\/credito-d%e2%80%99imposta-negato-alle-imprese-del-tessile-abbigliamento-e-dell%e2%80%99occhialeria\/"]}]},{"@type":"BreadcrumbList","@id":"https:\/\/www.bellunopress.it\/2009\/06\/25\/credito-d%e2%80%99imposta-negato-alle-imprese-del-tessile-abbigliamento-e-dell%e2%80%99occhialeria\/#breadcrumb","itemListElement":[{"@type":"ListItem","position":1,"name":"Home","item":"https:\/\/www.bellunopress.it\/"},{"@type":"ListItem","position":2,"name":"Credito d\u2019imposta negato alle imprese dei reparti tessile-abbigliamento e dell\u2019occhialeria"}]},{"@type":"WebSite","@id":"https:\/\/www.bellunopress.it\/#website","url":"https:\/\/www.bellunopress.it\/","name":"Bellunopress - Dolomiti","description":"e-mail: redazione@bellunopress.it","publisher":{"@id":"https:\/\/www.bellunopress.it\/#organization"},"potentialAction":[{"@type":"SearchAction","target":{"@type":"EntryPoint","urlTemplate":"https:\/\/www.bellunopress.it\/?s={search_term_string}"},"query-input":{"@type":"PropertyValueSpecification","valueRequired":true,"valueName":"search_term_string"}}],"inLanguage":"fr-FR"},{"@type":"Organization","@id":"https:\/\/www.bellunopress.it\/#organization","name":"Bellunopress","url":"https:\/\/www.bellunopress.it\/","logo":{"@type":"ImageObject","inLanguage":"fr-FR","@id":"https:\/\/www.bellunopress.it\/#\/schema\/logo\/image\/","url":"https:\/\/www.bellunopress.it\/wp-content\/uploads\/2011\/05\/cropped-logo-bellunopress-.jpg","contentUrl":"https:\/\/www.bellunopress.it\/wp-content\/uploads\/2011\/05\/cropped-logo-bellunopress-.jpg","width":512,"height":512,"caption":"Bellunopress"},"image":{"@id":"https:\/\/www.bellunopress.it\/#\/schema\/logo\/image\/"},"sameAs":["https:\/\/www.facebook.com\/profile.php?id=100008943462799","https:\/\/x.com\/bellunopress","https:\/\/www.linkedin.com\/hp\/?dnr=JBzUWaJfMUw8vbXJJ2tVW5-I3jZKvC4wsoxE&amp;amp;amp;amp;amp;amp;trk=nav_responsive_tab_home","https:\/\/www.youtube.com\/channel\/UCxL0wu1uN0_3_7hGG0306cw"]},{"@type":"Person","@id":"https:\/\/www.bellunopress.it\/#\/schema\/person\/79bb06722b37ece1c03d3e94beb30d73","name":"r\u00e9daction","image":{"@type":"ImageObject","inLanguage":"fr-FR","@id":"https:\/\/secure.gravatar.com\/avatar\/37d968a2e67a6fd04c169c4bdef102d0bc5d31b2546345219e348575eb80e9a0?s=96&d=mm&r=g","url":"https:\/\/secure.gravatar.com\/avatar\/37d968a2e67a6fd04c169c4bdef102d0bc5d31b2546345219e348575eb80e9a0?s=96&d=mm&r=g","contentUrl":"https:\/\/secure.gravatar.com\/avatar\/37d968a2e67a6fd04c169c4bdef102d0bc5d31b2546345219e348575eb80e9a0?s=96&d=mm&r=g","caption":"redazione"},"sameAs":["http:\/\/www.bellunopress.it","https:\/\/x.com\/bellunopress"],"url":"https:\/\/www.bellunopress.it\/fr\/author\/redazione\/"}]}},"_links":{"self":[{"href":"https:\/\/www.bellunopress.it\/fr\/wp-json\/wp\/v2\/posts\/5380","targetHints":{"allow":["GET"]}}],"collection":[{"href":"https:\/\/www.bellunopress.it\/fr\/wp-json\/wp\/v2\/posts"}],"about":[{"href":"https:\/\/www.bellunopress.it\/fr\/wp-json\/wp\/v2\/types\/post"}],"author":[{"embeddable":true,"href":"https:\/\/www.bellunopress.it\/fr\/wp-json\/wp\/v2\/users\/2"}],"replies":[{"embeddable":true,"href":"https:\/\/www.bellunopress.it\/fr\/wp-json\/wp\/v2\/comments?post=5380"}],"version-history":[{"count":2,"href":"https:\/\/www.bellunopress.it\/fr\/wp-json\/wp\/v2\/posts\/5380\/revisions"}],"predecessor-version":[{"id":5387,"href":"https:\/\/www.bellunopress.it\/fr\/wp-json\/wp\/v2\/posts\/5380\/revisions\/5387"}],"wp:attachment":[{"href":"https:\/\/www.bellunopress.it\/fr\/wp-json\/wp\/v2\/media?parent=5380"}],"wp:term":[{"taxonomy":"category","embeddable":true,"href":"https:\/\/www.bellunopress.it\/fr\/wp-json\/wp\/v2\/categories?post=5380"},{"taxonomy":"post_tag","embeddable":true,"href":"https:\/\/www.bellunopress.it\/fr\/wp-json\/wp\/v2\/tags?post=5380"}],"curies":[{"name":"wp","href":"https:\/\/api.w.org\/{rel}","templated":true}]}}