{"id":5378,"date":"2009-06-25T12:09:39","date_gmt":"2009-06-25T11:09:39","guid":{"rendered":"http:\/\/www.bellunopress.it\/?p=5378"},"modified":"2009-06-25T12:09:39","modified_gmt":"2009-06-25T11:09:39","slug":"ponte-nelle-alpi-prosegue-questo-fine-settimana-paesi-aperti-a-casan-e-reveane","status":"publish","type":"post","link":"https:\/\/www.bellunopress.it\/fr\/2009\/06\/25\/ponte-nelle-alpi-prosegue-questo-fine-settimana-paesi-aperti-a-casan-e-reveane\/","title":{"rendered":"Ponte nelle Alpi: prosegue questo fine settimana Paesi Aperti a Casan e Reveane"},"content":{"rendered":"<p>Prosegue nell\u2019Oltrerai il prossimo fine settimana la manifestazione \u201cPaesi Aperti\u201d, organizzata da Comune di Ponte nelle Alpi in collaborazione con Pro Loco e comitati frazionali. A Casan sabato 27 giugno alle ore 20.30 spettacolo di cabaret \u201cAttenti a voi due\u201dcon Diego Carli e Paolo Rozzi\u2026 le risate sono assicurate! A Reveane domenica 28 giugno alle ore 15.00 secondo torneo di calcio Balilla \u2013 trofeo frazione di Reveane; alle ore 17.00 spettacolo per i pi\u00f9 piccoli con il pagliaccio \u201cCrostino\u201d;\u00a0 alle ore 18.30 \u201cGiochiamo con Biagio, il cane del terremoto\u201d; alle ore 20.30 serata anni \u201960 con \u201cErmanno e Daniela\u201d; mostre ed allestimenti vari &#8211; Rino Bez e i suoi Cristi; degustazione caff\u00e8 presso Caff\u00e8 Pedrocchi; frasca bibite; possibilit\u00e0 di cena completa. Luned\u00ec 29 giugno, giorno del santo patrono di Reveane, alle ore 18.30 messa di San Pietro presso la chiesa frazionale.<\/p>","protected":false},"excerpt":{"rendered":"<p>Prosegue nell\u2019Oltrerai il prossimo fine settimana la manifestazione \u201cPaesi Aperti\u201d, organizzata da Comune di Ponte nelle Alpi in collaborazione con Pro Loco e comitati frazionali. A Casan sabato 27 giugno alle ore 20.30 spettacolo di cabaret \u201cAttenti a voi due\u201dcon Diego Carli e Paolo Rozzi\u2026 le risate sono assicurate! A Reveane domenica 28 giugno alle [&hellip;]<\/p>\n","protected":false},"author":2,"featured_media":0,"comment_status":"closed","ping_status":"open","sticky":false,"template":"","format":"standard","meta":{"footnotes":""},"categories":[3,25],"tags":[],"class_list":["post-5378","post","type-post","status-publish","format-standard","category-arte-cultura-spettacoli-scienza-archivi","category-pausa-caffe"],"yoast_head":"<!-- This site is optimized with the Yoast SEO plugin v28.4 - https:\/\/yoast.com\/product\/yoast-seo-wordpress\/ -->\n<title>Ponte nelle Alpi: prosegue questo fine settimana Paesi Aperti a Casan e Reveane - Bellunopress - Dolomiti<\/title>\n<meta name=\"robots\" content=\"index, follow, max-snippet:-1, max-image-preview:large, max-video-preview:-1\" \/>\n<link rel=\"canonical\" href=\"https:\/\/www.bellunopress.it\/fr\/2009\/06\/25\/ponte-nelle-alpi-prosegue-questo-fine-settimana-paesi-aperti-a-casan-e-reveane\/\" \/>\n<meta property=\"og:locale\" content=\"fr_FR\" \/>\n<meta property=\"og:type\" content=\"article\" \/>\n<meta property=\"og:title\" content=\"Ponte nelle Alpi: prosegue questo fine settimana Paesi Aperti a Casan e Reveane - Bellunopress - Dolomiti\" \/>\n<meta property=\"og:description\" content=\"Prosegue nell\u2019Oltrerai il prossimo fine settimana la manifestazione \u201cPaesi Aperti\u201d, organizzata da Comune di Ponte nelle Alpi in collaborazione con Pro Loco e comitati frazionali. A Casan sabato 27 giugno alle ore 20.30 spettacolo di cabaret \u201cAttenti a voi due\u201dcon Diego Carli e Paolo Rozzi\u2026 le risate sono assicurate! A Reveane domenica 28 giugno alle [&hellip;]\" \/>\n<meta property=\"og:url\" content=\"https:\/\/www.bellunopress.it\/fr\/2009\/06\/25\/ponte-nelle-alpi-prosegue-questo-fine-settimana-paesi-aperti-a-casan-e-reveane\/\" \/>\n<meta property=\"og:site_name\" content=\"Bellunopress - Dolomiti\" \/>\n<meta property=\"article:publisher\" content=\"https:\/\/www.facebook.com\/profile.php?id=100008943462799\" \/>\n<meta property=\"article:published_time\" content=\"2009-06-25T11:09:39+00:00\" \/>\n<meta property=\"og:image\" content=\"http:\/\/www.bellunopress.it\/wp-content\/uploads\/2012\/07\/logo-bellunopress-250x250-2012.jpg\" \/>\n<meta name=\"author\" content=\"redazione\" \/>\n<meta name=\"twitter:card\" content=\"summary_large_image\" \/>\n<meta name=\"twitter:creator\" content=\"@bellunopress\" \/>\n<meta name=\"twitter:site\" content=\"@bellunopress\" \/>\n<meta name=\"twitter:label1\" content=\"Written by\" \/>\n\t<meta name=\"twitter:data1\" content=\"redazione\" \/>\n\t<meta name=\"twitter:label2\" content=\"Est. reading time\" \/>\n\t<meta name=\"twitter:data2\" content=\"1 minute\" \/>\n<script type=\"application\/ld+json\" class=\"yoast-schema-graph\">{\"@context\":\"https:\\\/\\\/schema.org\",\"@graph\":[{\"@type\":\"Article\",\"@id\":\"https:\\\/\\\/www.bellunopress.it\\\/2009\\\/06\\\/25\\\/ponte-nelle-alpi-prosegue-questo-fine-settimana-paesi-aperti-a-casan-e-reveane\\\/#article\",\"isPartOf\":{\"@id\":\"https:\\\/\\\/www.bellunopress.it\\\/2009\\\/06\\\/25\\\/ponte-nelle-alpi-prosegue-questo-fine-settimana-paesi-aperti-a-casan-e-reveane\\\/\"},\"author\":{\"name\":\"redazione\",\"@id\":\"https:\\\/\\\/www.bellunopress.it\\\/#\\\/schema\\\/person\\\/79bb06722b37ece1c03d3e94beb30d73\"},\"headline\":\"Ponte nelle Alpi: prosegue questo fine settimana Paesi Aperti a Casan e Reveane\",\"datePublished\":\"2009-06-25T11:09:39+00:00\",\"mainEntityOfPage\":{\"@id\":\"https:\\\/\\\/www.bellunopress.it\\\/2009\\\/06\\\/25\\\/ponte-nelle-alpi-prosegue-questo-fine-settimana-paesi-aperti-a-casan-e-reveane\\\/\"},\"wordCount\":145,\"publisher\":{\"@id\":\"https:\\\/\\\/www.bellunopress.it\\\/#organization\"},\"articleSection\":[\"Arte, Cultura, Spettacoli, Scienza\",\"Pausa Caff\u00e8\"],\"inLanguage\":\"fr-FR\"},{\"@type\":\"WebPage\",\"@id\":\"https:\\\/\\\/www.bellunopress.it\\\/2009\\\/06\\\/25\\\/ponte-nelle-alpi-prosegue-questo-fine-settimana-paesi-aperti-a-casan-e-reveane\\\/\",\"url\":\"https:\\\/\\\/www.bellunopress.it\\\/2009\\\/06\\\/25\\\/ponte-nelle-alpi-prosegue-questo-fine-settimana-paesi-aperti-a-casan-e-reveane\\\/\",\"name\":\"Ponte nelle Alpi: prosegue questo fine settimana Paesi Aperti a Casan e Reveane - Bellunopress - Dolomiti\",\"isPartOf\":{\"@id\":\"https:\\\/\\\/www.bellunopress.it\\\/#website\"},\"datePublished\":\"2009-06-25T11:09:39+00:00\",\"breadcrumb\":{\"@id\":\"https:\\\/\\\/www.bellunopress.it\\\/2009\\\/06\\\/25\\\/ponte-nelle-alpi-prosegue-questo-fine-settimana-paesi-aperti-a-casan-e-reveane\\\/#breadcrumb\"},\"inLanguage\":\"fr-FR\",\"potentialAction\":[{\"@type\":\"ReadAction\",\"target\":[\"https:\\\/\\\/www.bellunopress.it\\\/2009\\\/06\\\/25\\\/ponte-nelle-alpi-prosegue-questo-fine-settimana-paesi-aperti-a-casan-e-reveane\\\/\"]}]},{\"@type\":\"BreadcrumbList\",\"@id\":\"https:\\\/\\\/www.bellunopress.it\\\/2009\\\/06\\\/25\\\/ponte-nelle-alpi-prosegue-questo-fine-settimana-paesi-aperti-a-casan-e-reveane\\\/#breadcrumb\",\"itemListElement\":[{\"@type\":\"ListItem\",\"position\":1,\"name\":\"Home\",\"item\":\"https:\\\/\\\/www.bellunopress.it\\\/\"},{\"@type\":\"ListItem\",\"position\":2,\"name\":\"Ponte nelle Alpi: prosegue questo fine settimana Paesi Aperti a Casan e Reveane\"}]},{\"@type\":\"WebSite\",\"@id\":\"https:\\\/\\\/www.bellunopress.it\\\/#website\",\"url\":\"https:\\\/\\\/www.bellunopress.it\\\/\",\"name\":\"Bellunopress - Dolomiti\",\"description\":\"e-mail: redazione@bellunopress.it\",\"publisher\":{\"@id\":\"https:\\\/\\\/www.bellunopress.it\\\/#organization\"},\"potentialAction\":[{\"@type\":\"SearchAction\",\"target\":{\"@type\":\"EntryPoint\",\"urlTemplate\":\"https:\\\/\\\/www.bellunopress.it\\\/?s={search_term_string}\"},\"query-input\":{\"@type\":\"PropertyValueSpecification\",\"valueRequired\":true,\"valueName\":\"search_term_string\"}}],\"inLanguage\":\"fr-FR\"},{\"@type\":\"Organization\",\"@id\":\"https:\\\/\\\/www.bellunopress.it\\\/#organization\",\"name\":\"Bellunopress\",\"url\":\"https:\\\/\\\/www.bellunopress.it\\\/\",\"logo\":{\"@type\":\"ImageObject\",\"inLanguage\":\"fr-FR\",\"@id\":\"https:\\\/\\\/www.bellunopress.it\\\/#\\\/schema\\\/logo\\\/image\\\/\",\"url\":\"https:\\\/\\\/www.bellunopress.it\\\/wp-content\\\/uploads\\\/2011\\\/05\\\/cropped-logo-bellunopress-.jpg\",\"contentUrl\":\"https:\\\/\\\/www.bellunopress.it\\\/wp-content\\\/uploads\\\/2011\\\/05\\\/cropped-logo-bellunopress-.jpg\",\"width\":512,\"height\":512,\"caption\":\"Bellunopress\"},\"image\":{\"@id\":\"https:\\\/\\\/www.bellunopress.it\\\/#\\\/schema\\\/logo\\\/image\\\/\"},\"sameAs\":[\"https:\\\/\\\/www.facebook.com\\\/profile.php?id=100008943462799\",\"https:\\\/\\\/x.com\\\/bellunopress\",\"https:\\\/\\\/www.linkedin.com\\\/hp\\\/?dnr=JBzUWaJfMUw8vbXJJ2tVW5-I3jZKvC4wsoxE&amp;amp;amp;amp;amp;amp;trk=nav_responsive_tab_home\",\"https:\\\/\\\/www.youtube.com\\\/channel\\\/UCxL0wu1uN0_3_7hGG0306cw\"]},{\"@type\":\"Person\",\"@id\":\"https:\\\/\\\/www.bellunopress.it\\\/#\\\/schema\\\/person\\\/79bb06722b37ece1c03d3e94beb30d73\",\"name\":\"redazione\",\"image\":{\"@type\":\"ImageObject\",\"inLanguage\":\"fr-FR\",\"@id\":\"https:\\\/\\\/secure.gravatar.com\\\/avatar\\\/37d968a2e67a6fd04c169c4bdef102d0bc5d31b2546345219e348575eb80e9a0?s=96&d=mm&r=g\",\"url\":\"https:\\\/\\\/secure.gravatar.com\\\/avatar\\\/37d968a2e67a6fd04c169c4bdef102d0bc5d31b2546345219e348575eb80e9a0?s=96&d=mm&r=g\",\"contentUrl\":\"https:\\\/\\\/secure.gravatar.com\\\/avatar\\\/37d968a2e67a6fd04c169c4bdef102d0bc5d31b2546345219e348575eb80e9a0?s=96&d=mm&r=g\",\"caption\":\"redazione\"},\"sameAs\":[\"http:\\\/\\\/www.bellunopress.it\",\"https:\\\/\\\/x.com\\\/bellunopress\"],\"url\":\"https:\\\/\\\/www.bellunopress.it\\\/fr\\\/author\\\/redazione\\\/\"}]}<\/script>\n<!-- \/ Yoast SEO plugin. -->","yoast_head_json":{"title":"Ponte nelle Alpi: prosegue questo fine settimana Paesi Aperti a Casan e Reveane - Bellunopress - Dolomiti","robots":{"index":"index","follow":"follow","max-snippet":"max-snippet:-1","max-image-preview":"max-image-preview:large","max-video-preview":"max-video-preview:-1"},"canonical":"https:\/\/www.bellunopress.it\/fr\/2009\/06\/25\/ponte-nelle-alpi-prosegue-questo-fine-settimana-paesi-aperti-a-casan-e-reveane\/","og_locale":"fr_FR","og_type":"article","og_title":"Ponte nelle Alpi: prosegue questo fine settimana Paesi Aperti a Casan e Reveane - Bellunopress - Dolomiti","og_description":"Prosegue nell\u2019Oltrerai il prossimo fine settimana la manifestazione \u201cPaesi Aperti\u201d, organizzata da Comune di Ponte nelle Alpi in collaborazione con Pro Loco e comitati frazionali. A Casan sabato 27 giugno alle ore 20.30 spettacolo di cabaret \u201cAttenti a voi due\u201dcon Diego Carli e Paolo Rozzi\u2026 le risate sono assicurate! A Reveane domenica 28 giugno alle [&hellip;]","og_url":"https:\/\/www.bellunopress.it\/fr\/2009\/06\/25\/ponte-nelle-alpi-prosegue-questo-fine-settimana-paesi-aperti-a-casan-e-reveane\/","og_site_name":"Bellunopress - Dolomiti","article_publisher":"https:\/\/www.facebook.com\/profile.php?id=100008943462799","article_published_time":"2009-06-25T11:09:39+00:00","og_image":[{"url":"http:\/\/www.bellunopress.it\/wp-content\/uploads\/2012\/07\/logo-bellunopress-250x250-2012.jpg","type":"","width":"","height":""}],"author":"redazione","twitter_card":"summary_large_image","twitter_creator":"@bellunopress","twitter_site":"@bellunopress","twitter_misc":{"Written by":"redazione","Est. reading time":"1 minute"},"schema":{"@context":"https:\/\/schema.org","@graph":[{"@type":"Article","@id":"https:\/\/www.bellunopress.it\/2009\/06\/25\/ponte-nelle-alpi-prosegue-questo-fine-settimana-paesi-aperti-a-casan-e-reveane\/#article","isPartOf":{"@id":"https:\/\/www.bellunopress.it\/2009\/06\/25\/ponte-nelle-alpi-prosegue-questo-fine-settimana-paesi-aperti-a-casan-e-reveane\/"},"author":{"name":"redazione","@id":"https:\/\/www.bellunopress.it\/#\/schema\/person\/79bb06722b37ece1c03d3e94beb30d73"},"headline":"Ponte nelle Alpi: prosegue questo fine settimana Paesi Aperti a Casan e Reveane","datePublished":"2009-06-25T11:09:39+00:00","mainEntityOfPage":{"@id":"https:\/\/www.bellunopress.it\/2009\/06\/25\/ponte-nelle-alpi-prosegue-questo-fine-settimana-paesi-aperti-a-casan-e-reveane\/"},"wordCount":145,"publisher":{"@id":"https:\/\/www.bellunopress.it\/#organization"},"articleSection":["Arte, Cultura, Spettacoli, Scienza","Pausa Caff\u00e8"],"inLanguage":"fr-FR"},{"@type":"WebPage","@id":"https:\/\/www.bellunopress.it\/2009\/06\/25\/ponte-nelle-alpi-prosegue-questo-fine-settimana-paesi-aperti-a-casan-e-reveane\/","url":"https:\/\/www.bellunopress.it\/2009\/06\/25\/ponte-nelle-alpi-prosegue-questo-fine-settimana-paesi-aperti-a-casan-e-reveane\/","name":"Ponte nelle Alpi: prosegue questo fine settimana Paesi Aperti a Casan e Reveane - Bellunopress - Dolomiti","isPartOf":{"@id":"https:\/\/www.bellunopress.it\/#website"},"datePublished":"2009-06-25T11:09:39+00:00","breadcrumb":{"@id":"https:\/\/www.bellunopress.it\/2009\/06\/25\/ponte-nelle-alpi-prosegue-questo-fine-settimana-paesi-aperti-a-casan-e-reveane\/#breadcrumb"},"inLanguage":"fr-FR","potentialAction":[{"@type":"ReadAction","target":["https:\/\/www.bellunopress.it\/2009\/06\/25\/ponte-nelle-alpi-prosegue-questo-fine-settimana-paesi-aperti-a-casan-e-reveane\/"]}]},{"@type":"BreadcrumbList","@id":"https:\/\/www.bellunopress.it\/2009\/06\/25\/ponte-nelle-alpi-prosegue-questo-fine-settimana-paesi-aperti-a-casan-e-reveane\/#breadcrumb","itemListElement":[{"@type":"ListItem","position":1,"name":"Home","item":"https:\/\/www.bellunopress.it\/"},{"@type":"ListItem","position":2,"name":"Ponte nelle Alpi: prosegue questo fine settimana Paesi Aperti a Casan e Reveane"}]},{"@type":"WebSite","@id":"https:\/\/www.bellunopress.it\/#website","url":"https:\/\/www.bellunopress.it\/","name":"Bellunopress - Dolomiti","description":"e-mail: redazione@bellunopress.it","publisher":{"@id":"https:\/\/www.bellunopress.it\/#organization"},"potentialAction":[{"@type":"SearchAction","target":{"@type":"EntryPoint","urlTemplate":"https:\/\/www.bellunopress.it\/?s={search_term_string}"},"query-input":{"@type":"PropertyValueSpecification","valueRequired":true,"valueName":"search_term_string"}}],"inLanguage":"fr-FR"},{"@type":"Organization","@id":"https:\/\/www.bellunopress.it\/#organization","name":"Bellunopress","url":"https:\/\/www.bellunopress.it\/","logo":{"@type":"ImageObject","inLanguage":"fr-FR","@id":"https:\/\/www.bellunopress.it\/#\/schema\/logo\/image\/","url":"https:\/\/www.bellunopress.it\/wp-content\/uploads\/2011\/05\/cropped-logo-bellunopress-.jpg","contentUrl":"https:\/\/www.bellunopress.it\/wp-content\/uploads\/2011\/05\/cropped-logo-bellunopress-.jpg","width":512,"height":512,"caption":"Bellunopress"},"image":{"@id":"https:\/\/www.bellunopress.it\/#\/schema\/logo\/image\/"},"sameAs":["https:\/\/www.facebook.com\/profile.php?id=100008943462799","https:\/\/x.com\/bellunopress","https:\/\/www.linkedin.com\/hp\/?dnr=JBzUWaJfMUw8vbXJJ2tVW5-I3jZKvC4wsoxE&amp;amp;amp;amp;amp;amp;trk=nav_responsive_tab_home","https:\/\/www.youtube.com\/channel\/UCxL0wu1uN0_3_7hGG0306cw"]},{"@type":"Person","@id":"https:\/\/www.bellunopress.it\/#\/schema\/person\/79bb06722b37ece1c03d3e94beb30d73","name":"r\u00e9daction","image":{"@type":"ImageObject","inLanguage":"fr-FR","@id":"https:\/\/secure.gravatar.com\/avatar\/37d968a2e67a6fd04c169c4bdef102d0bc5d31b2546345219e348575eb80e9a0?s=96&d=mm&r=g","url":"https:\/\/secure.gravatar.com\/avatar\/37d968a2e67a6fd04c169c4bdef102d0bc5d31b2546345219e348575eb80e9a0?s=96&d=mm&r=g","contentUrl":"https:\/\/secure.gravatar.com\/avatar\/37d968a2e67a6fd04c169c4bdef102d0bc5d31b2546345219e348575eb80e9a0?s=96&d=mm&r=g","caption":"redazione"},"sameAs":["http:\/\/www.bellunopress.it","https:\/\/x.com\/bellunopress"],"url":"https:\/\/www.bellunopress.it\/fr\/author\/redazione\/"}]}},"_links":{"self":[{"href":"https:\/\/www.bellunopress.it\/fr\/wp-json\/wp\/v2\/posts\/5378","targetHints":{"allow":["GET"]}}],"collection":[{"href":"https:\/\/www.bellunopress.it\/fr\/wp-json\/wp\/v2\/posts"}],"about":[{"href":"https:\/\/www.bellunopress.it\/fr\/wp-json\/wp\/v2\/types\/post"}],"author":[{"embeddable":true,"href":"https:\/\/www.bellunopress.it\/fr\/wp-json\/wp\/v2\/users\/2"}],"replies":[{"embeddable":true,"href":"https:\/\/www.bellunopress.it\/fr\/wp-json\/wp\/v2\/comments?post=5378"}],"version-history":[{"count":1,"href":"https:\/\/www.bellunopress.it\/fr\/wp-json\/wp\/v2\/posts\/5378\/revisions"}],"predecessor-version":[{"id":5379,"href":"https:\/\/www.bellunopress.it\/fr\/wp-json\/wp\/v2\/posts\/5378\/revisions\/5379"}],"wp:attachment":[{"href":"https:\/\/www.bellunopress.it\/fr\/wp-json\/wp\/v2\/media?parent=5378"}],"wp:term":[{"taxonomy":"category","embeddable":true,"href":"https:\/\/www.bellunopress.it\/fr\/wp-json\/wp\/v2\/categories?post=5378"},{"taxonomy":"post_tag","embeddable":true,"href":"https:\/\/www.bellunopress.it\/fr\/wp-json\/wp\/v2\/tags?post=5378"}],"curies":[{"name":"wp","href":"https:\/\/api.w.org\/{rel}","templated":true}]}}