{"id":5359,"date":"2009-06-24T19:54:18","date_gmt":"2009-06-24T18:54:18","guid":{"rendered":"http:\/\/www.bellunopress.it\/?p=5359"},"modified":"2009-06-25T08:02:47","modified_gmt":"2009-06-25T07:02:47","slug":"gli-appuntamenti-di-rockbelluno-in-provincia","status":"publish","type":"post","link":"https:\/\/www.bellunopress.it\/fr\/2009\/06\/24\/gli-appuntamenti-di-rockbelluno-in-provincia\/","title":{"rendered":"Gli appuntamenti di RockBelluno in provincia"},"content":{"rendered":"<p>Prossimi eventi in provincia: <strong>*Rockustika*<\/strong>: venerd\u00ec\u00a0 26 giugno alle 21:30<br \/>\nSagra di San Giovanni a Pedavena<br \/>\nhttp:\/\/www.rockbelluno.it\/event\/831<\/p>\n<p><strong>*Suonaforte Fest 27 giugno &#8211; Quero<\/strong>*: sabato 27 giugno alle 21<br \/>\npiazzale palestra comunale &#8211; Quero<br \/>\nhttp:\/\/www.rockbelluno.it\/event\/824<\/p>\n<p><strong>*The Reefers*<\/strong>: sabato 27 giugno alle 22:00<br \/>\nMotoraduno &#8211; Canale d&#8217;Agordo<br \/>\nhttp:\/\/www.rockbelluno.it\/event\/833<\/p>\n<p><strong>*BLACK DIAMOND*:<\/strong> Sab. 27 giugno 2009 alle 22:00<br \/>\nroad bar &#8211; Calalzo di Cadore (al road bar, facilissimo da trovare perche \u00e8 sulla statale)<br \/>\nhttp:\/\/www.rockbelluno.it\/event\/829<\/p>\n<p>&#8212;&#8212;&#8212;&#8212;&#8212;&#8212;&#8212;&#8212;&#8212;&#8212;&#8212;&#8212;&#8212;&#8212;&#8212;&#8212;&#8212;&#8212;&#8212;&#8212;&#8212;&#8212;&#8212;&#8211;<br \/>\nEventi segnalati di recente<br \/>\n&#8212;&#8212;&#8212;&#8212;&#8212;&#8212;&#8212;&#8212;&#8212;&#8212;&#8212;&#8212;&#8212;&#8212;&#8212;&#8212;&#8212;&#8212;&#8212;&#8212;&#8212;&#8212;&#8212;&#8211;<\/p>\n<p>*The Reefers*: Sab. 22 agosto 2009 alle 22:00<br \/>\nFesta della birra &#8211; Lorenzago di Cadore<br \/>\nhttp:\/\/www.rockbelluno.it\/event\/834<\/p>\n<p>&#8212;&#8212;&#8212;&#8212;&#8212;&#8212;&#8212;&#8212;&#8212;&#8212;&#8212;&#8212;&#8212;&#8212;&#8212;&#8212;&#8212;&#8212;&#8212;&#8212;&#8212;&#8212;&#8212;&#8211;<br \/>\nNuovi annunci<br \/>\n&#8212;&#8212;&#8212;&#8212;&#8212;&#8212;&#8212;&#8212;&#8212;&#8212;&#8212;&#8212;&#8212;&#8212;&#8212;&#8212;&#8212;&#8212;&#8212;&#8212;&#8212;&#8212;&#8212;&#8211;<\/p>\n<p>Chitarrista cerca gruppo\u00a0 per covers Blues Rock &#8216;n&#8217; Roll sul genere Stevie Ray Vaughan, Eric Clapton&#8230;<br \/>\nhttp:\/\/www.rockbelluno.it\/announce\/300<\/p>\n<p>Cercasi cerco cantante (uomo o donna) per serate\/matrimoni per covers pop\/rock<br \/>\nhttp:\/\/www.rockbelluno.it\/announce\/301<\/p>\n<p>&#8212;&#8212;&#8212;&#8212;&#8212;&#8212;&#8212;&#8212;&#8212;&#8212;&#8212;&#8212;&#8212;&#8212;&#8212;&#8212;&#8212;&#8212;&#8212;&#8212;&#8212;&#8212;&#8212;&#8211;<br \/>\nUltimi 10 messaggi nel forum<br \/>\n&#8212;&#8212;&#8212;&#8212;&#8212;&#8212;&#8212;&#8212;&#8212;&#8212;&#8212;&#8212;&#8212;&#8212;&#8212;&#8212;&#8212;&#8212;&#8212;&#8212;&#8212;&#8212;&#8212;&#8211;<\/p>\n<p>Born To Kick Your Ass &#8211; CERCASI URGENTEMENTE BATTERISTA<br \/>\nhttp:\/\/www.rockbelluno.it\/forum\/viewtopic.php?p=68379#p68379<\/p>\n<p>MOLINO ROCK FESTIVAL E MOTORADUNO 28-29-30 AGOSTO 09<br \/>\nhttp:\/\/www.rockbelluno.it\/forum\/viewtopic.php?p=68377#p68377<\/p>\n<p>Fender.<br \/>\nhttp:\/\/www.rockbelluno.it\/forum\/viewtopic.php?p=68376#p68376<\/p>\n<p>xX cercasi chitarrista solista Xx URGENTEMENTE!!<br \/>\nhttp:\/\/www.rockbelluno.it\/forum\/viewtopic.php?p=68375#p68375<\/p>\n<p>GODS OF METAL 2009\u00a0 27-28 GIUGNO<br \/>\nhttp:\/\/www.rockbelluno.it\/forum\/viewtopic.php?p=68374#p68374<\/p>\n<p>metal women<br \/>\nhttp:\/\/www.rockbelluno.it\/forum\/viewtopic.php?p=68373#p68373<\/p>\n<p>L&#8217;amor carnale &#8211; The Bastard Tab of Dioniso<br \/>\nhttp:\/\/www.rockbelluno.it\/forum\/viewtopic.php?p=68368#p68368<\/p>\n<p>RAMBA S.S. &#8211; 31 Luglio 2009<br \/>\nhttp:\/\/www.rockbelluno.it\/forum\/viewtopic.php?p=68366#p68366<\/p>\n<p>Vendo testata valvolare Laney VH100R<br \/>\nhttp:\/\/www.rockbelluno.it\/forum\/viewtopic.php?p=68363#p68363<\/p>\n<p>SPITE EXTREME WING<br \/>\nhttp:\/\/www.rockbelluno.it\/forum\/viewtopic.php?p=68355#p68355<\/p>","protected":false},"excerpt":{"rendered":"<p>Prossimi eventi in provincia: *Rockustika*: venerd\u00ec\u00a0 26 giugno alle 21:30 Sagra di San Giovanni a Pedavena http:\/\/www.rockbelluno.it\/event\/831 *Suonaforte Fest 27 giugno &#8211; Quero*: sabato 27 giugno alle 21 piazzale palestra comunale &#8211; Quero http:\/\/www.rockbelluno.it\/event\/824 *The Reefers*: sabato 27 giugno alle 22:00 Motoraduno &#8211; Canale d&#8217;Agordo http:\/\/www.rockbelluno.it\/event\/833 *BLACK DIAMOND*: Sab. 27 giugno 2009 alle 22:00 road [&hellip;]<\/p>\n","protected":false},"author":2,"featured_media":0,"comment_status":"closed","ping_status":"open","sticky":false,"template":"","format":"standard","meta":{"footnotes":""},"categories":[3,25],"tags":[139,151],"class_list":["post-5359","post","type-post","status-publish","format-standard","category-arte-cultura-spettacoli-scienza-archivi","category-pausa-caffe","tag-belluno","tag-cadore"],"yoast_head":"<!-- This site is optimized with the Yoast SEO plugin v28.4 - https:\/\/yoast.com\/product\/yoast-seo-wordpress\/ -->\n<title>Gli appuntamenti di RockBelluno in provincia - Bellunopress - Dolomiti<\/title>\n<meta name=\"robots\" content=\"index, follow, max-snippet:-1, max-image-preview:large, max-video-preview:-1\" \/>\n<link rel=\"canonical\" href=\"https:\/\/www.bellunopress.it\/fr\/2009\/06\/24\/gli-appuntamenti-di-rockbelluno-in-provincia\/\" \/>\n<meta property=\"og:locale\" content=\"fr_FR\" \/>\n<meta property=\"og:type\" content=\"article\" \/>\n<meta property=\"og:title\" content=\"Gli appuntamenti di RockBelluno in provincia - Bellunopress - Dolomiti\" \/>\n<meta property=\"og:description\" content=\"Prossimi eventi in provincia: *Rockustika*: venerd\u00ec\u00a0 26 giugno alle 21:30 Sagra di San Giovanni a Pedavena http:\/\/www.rockbelluno.it\/event\/831 *Suonaforte Fest 27 giugno &#8211; Quero*: sabato 27 giugno alle 21 piazzale palestra comunale &#8211; Quero http:\/\/www.rockbelluno.it\/event\/824 *The Reefers*: sabato 27 giugno alle 22:00 Motoraduno &#8211; Canale d&#8217;Agordo http:\/\/www.rockbelluno.it\/event\/833 *BLACK DIAMOND*: Sab. 27 giugno 2009 alle 22:00 road [&hellip;]\" \/>\n<meta property=\"og:url\" content=\"https:\/\/www.bellunopress.it\/fr\/2009\/06\/24\/gli-appuntamenti-di-rockbelluno-in-provincia\/\" \/>\n<meta property=\"og:site_name\" content=\"Bellunopress - Dolomiti\" \/>\n<meta property=\"article:publisher\" content=\"https:\/\/www.facebook.com\/profile.php?id=100008943462799\" \/>\n<meta property=\"article:published_time\" content=\"2009-06-24T18:54:18+00:00\" \/>\n<meta property=\"article:modified_time\" content=\"2009-06-25T07:02:47+00:00\" \/>\n<meta property=\"og:image\" content=\"http:\/\/www.bellunopress.it\/wp-content\/uploads\/2012\/07\/logo-bellunopress-250x250-2012.jpg\" \/>\n<meta name=\"author\" content=\"redazione\" \/>\n<meta name=\"twitter:card\" content=\"summary_large_image\" \/>\n<meta name=\"twitter:creator\" content=\"@bellunopress\" \/>\n<meta name=\"twitter:site\" content=\"@bellunopress\" \/>\n<meta name=\"twitter:label1\" content=\"\u00c9crit par\" \/>\n\t<meta name=\"twitter:data1\" content=\"redazione\" \/>\n\t<meta name=\"twitter:label2\" content=\"Dur\u00e9e de lecture estim\u00e9e\" \/>\n\t<meta name=\"twitter:data2\" content=\"1 minute\" \/>\n<script type=\"application\/ld+json\" class=\"yoast-schema-graph\">{\"@context\":\"https:\\\/\\\/schema.org\",\"@graph\":[{\"@type\":\"Article\",\"@id\":\"https:\\\/\\\/www.bellunopress.it\\\/2009\\\/06\\\/24\\\/gli-appuntamenti-di-rockbelluno-in-provincia\\\/#article\",\"isPartOf\":{\"@id\":\"https:\\\/\\\/www.bellunopress.it\\\/2009\\\/06\\\/24\\\/gli-appuntamenti-di-rockbelluno-in-provincia\\\/\"},\"author\":{\"name\":\"redazione\",\"@id\":\"https:\\\/\\\/www.bellunopress.it\\\/#\\\/schema\\\/person\\\/79bb06722b37ece1c03d3e94beb30d73\"},\"headline\":\"Gli appuntamenti di RockBelluno in provincia\",\"datePublished\":\"2009-06-24T18:54:18+00:00\",\"dateModified\":\"2009-06-25T07:02:47+00:00\",\"mainEntityOfPage\":{\"@id\":\"https:\\\/\\\/www.bellunopress.it\\\/2009\\\/06\\\/24\\\/gli-appuntamenti-di-rockbelluno-in-provincia\\\/\"},\"wordCount\":299,\"publisher\":{\"@id\":\"https:\\\/\\\/www.bellunopress.it\\\/#organization\"},\"keywords\":[\"Belluno\",\"Cadore\"],\"articleSection\":[\"Arte, Cultura, Spettacoli, Scienza\",\"Pausa Caff\u00e8\"],\"inLanguage\":\"fr-FR\"},{\"@type\":\"WebPage\",\"@id\":\"https:\\\/\\\/www.bellunopress.it\\\/2009\\\/06\\\/24\\\/gli-appuntamenti-di-rockbelluno-in-provincia\\\/\",\"url\":\"https:\\\/\\\/www.bellunopress.it\\\/2009\\\/06\\\/24\\\/gli-appuntamenti-di-rockbelluno-in-provincia\\\/\",\"name\":\"Gli appuntamenti di RockBelluno in provincia - Bellunopress - Dolomiti\",\"isPartOf\":{\"@id\":\"https:\\\/\\\/www.bellunopress.it\\\/#website\"},\"datePublished\":\"2009-06-24T18:54:18+00:00\",\"dateModified\":\"2009-06-25T07:02:47+00:00\",\"breadcrumb\":{\"@id\":\"https:\\\/\\\/www.bellunopress.it\\\/2009\\\/06\\\/24\\\/gli-appuntamenti-di-rockbelluno-in-provincia\\\/#breadcrumb\"},\"inLanguage\":\"fr-FR\",\"potentialAction\":[{\"@type\":\"ReadAction\",\"target\":[\"https:\\\/\\\/www.bellunopress.it\\\/2009\\\/06\\\/24\\\/gli-appuntamenti-di-rockbelluno-in-provincia\\\/\"]}]},{\"@type\":\"BreadcrumbList\",\"@id\":\"https:\\\/\\\/www.bellunopress.it\\\/2009\\\/06\\\/24\\\/gli-appuntamenti-di-rockbelluno-in-provincia\\\/#breadcrumb\",\"itemListElement\":[{\"@type\":\"ListItem\",\"position\":1,\"name\":\"Home\",\"item\":\"https:\\\/\\\/www.bellunopress.it\\\/\"},{\"@type\":\"ListItem\",\"position\":2,\"name\":\"Gli appuntamenti di RockBelluno in provincia\"}]},{\"@type\":\"WebSite\",\"@id\":\"https:\\\/\\\/www.bellunopress.it\\\/#website\",\"url\":\"https:\\\/\\\/www.bellunopress.it\\\/\",\"name\":\"Bellunopress - Dolomiti\",\"description\":\"e-mail: redazione@bellunopress.it\",\"publisher\":{\"@id\":\"https:\\\/\\\/www.bellunopress.it\\\/#organization\"},\"potentialAction\":[{\"@type\":\"SearchAction\",\"target\":{\"@type\":\"EntryPoint\",\"urlTemplate\":\"https:\\\/\\\/www.bellunopress.it\\\/?s={search_term_string}\"},\"query-input\":{\"@type\":\"PropertyValueSpecification\",\"valueRequired\":true,\"valueName\":\"search_term_string\"}}],\"inLanguage\":\"fr-FR\"},{\"@type\":\"Organization\",\"@id\":\"https:\\\/\\\/www.bellunopress.it\\\/#organization\",\"name\":\"Bellunopress\",\"url\":\"https:\\\/\\\/www.bellunopress.it\\\/\",\"logo\":{\"@type\":\"ImageObject\",\"inLanguage\":\"fr-FR\",\"@id\":\"https:\\\/\\\/www.bellunopress.it\\\/#\\\/schema\\\/logo\\\/image\\\/\",\"url\":\"https:\\\/\\\/www.bellunopress.it\\\/wp-content\\\/uploads\\\/2011\\\/05\\\/cropped-logo-bellunopress-.jpg\",\"contentUrl\":\"https:\\\/\\\/www.bellunopress.it\\\/wp-content\\\/uploads\\\/2011\\\/05\\\/cropped-logo-bellunopress-.jpg\",\"width\":512,\"height\":512,\"caption\":\"Bellunopress\"},\"image\":{\"@id\":\"https:\\\/\\\/www.bellunopress.it\\\/#\\\/schema\\\/logo\\\/image\\\/\"},\"sameAs\":[\"https:\\\/\\\/www.facebook.com\\\/profile.php?id=100008943462799\",\"https:\\\/\\\/x.com\\\/bellunopress\",\"https:\\\/\\\/www.linkedin.com\\\/hp\\\/?dnr=JBzUWaJfMUw8vbXJJ2tVW5-I3jZKvC4wsoxE&amp;amp;amp;amp;amp;amp;trk=nav_responsive_tab_home\",\"https:\\\/\\\/www.youtube.com\\\/channel\\\/UCxL0wu1uN0_3_7hGG0306cw\"]},{\"@type\":\"Person\",\"@id\":\"https:\\\/\\\/www.bellunopress.it\\\/#\\\/schema\\\/person\\\/79bb06722b37ece1c03d3e94beb30d73\",\"name\":\"redazione\",\"image\":{\"@type\":\"ImageObject\",\"inLanguage\":\"fr-FR\",\"@id\":\"https:\\\/\\\/secure.gravatar.com\\\/avatar\\\/37d968a2e67a6fd04c169c4bdef102d0bc5d31b2546345219e348575eb80e9a0?s=96&d=mm&r=g\",\"url\":\"https:\\\/\\\/secure.gravatar.com\\\/avatar\\\/37d968a2e67a6fd04c169c4bdef102d0bc5d31b2546345219e348575eb80e9a0?s=96&d=mm&r=g\",\"contentUrl\":\"https:\\\/\\\/secure.gravatar.com\\\/avatar\\\/37d968a2e67a6fd04c169c4bdef102d0bc5d31b2546345219e348575eb80e9a0?s=96&d=mm&r=g\",\"caption\":\"redazione\"},\"sameAs\":[\"http:\\\/\\\/www.bellunopress.it\",\"https:\\\/\\\/x.com\\\/bellunopress\"],\"url\":\"https:\\\/\\\/www.bellunopress.it\\\/fr\\\/author\\\/redazione\\\/\"}]}<\/script>\n<!-- \/ Yoast SEO plugin. -->","yoast_head_json":{"title":"Gli appuntamenti di RockBelluno in provincia - Bellunopress - Dolomiti","robots":{"index":"index","follow":"follow","max-snippet":"max-snippet:-1","max-image-preview":"max-image-preview:large","max-video-preview":"max-video-preview:-1"},"canonical":"https:\/\/www.bellunopress.it\/fr\/2009\/06\/24\/gli-appuntamenti-di-rockbelluno-in-provincia\/","og_locale":"fr_FR","og_type":"article","og_title":"Gli appuntamenti di RockBelluno in provincia - Bellunopress - Dolomiti","og_description":"Prossimi eventi in provincia: *Rockustika*: venerd\u00ec\u00a0 26 giugno alle 21:30 Sagra di San Giovanni a Pedavena http:\/\/www.rockbelluno.it\/event\/831 *Suonaforte Fest 27 giugno &#8211; Quero*: sabato 27 giugno alle 21 piazzale palestra comunale &#8211; Quero http:\/\/www.rockbelluno.it\/event\/824 *The Reefers*: sabato 27 giugno alle 22:00 Motoraduno &#8211; Canale d&#8217;Agordo http:\/\/www.rockbelluno.it\/event\/833 *BLACK DIAMOND*: Sab. 27 giugno 2009 alle 22:00 road [&hellip;]","og_url":"https:\/\/www.bellunopress.it\/fr\/2009\/06\/24\/gli-appuntamenti-di-rockbelluno-in-provincia\/","og_site_name":"Bellunopress - Dolomiti","article_publisher":"https:\/\/www.facebook.com\/profile.php?id=100008943462799","article_published_time":"2009-06-24T18:54:18+00:00","article_modified_time":"2009-06-25T07:02:47+00:00","og_image":[{"url":"http:\/\/www.bellunopress.it\/wp-content\/uploads\/2012\/07\/logo-bellunopress-250x250-2012.jpg","type":"","width":"","height":""}],"author":"redazione","twitter_card":"summary_large_image","twitter_creator":"@bellunopress","twitter_site":"@bellunopress","twitter_misc":{"\u00c9crit par":"redazione","Dur\u00e9e de lecture estim\u00e9e":"1 minute"},"schema":{"@context":"https:\/\/schema.org","@graph":[{"@type":"Article","@id":"https:\/\/www.bellunopress.it\/2009\/06\/24\/gli-appuntamenti-di-rockbelluno-in-provincia\/#article","isPartOf":{"@id":"https:\/\/www.bellunopress.it\/2009\/06\/24\/gli-appuntamenti-di-rockbelluno-in-provincia\/"},"author":{"name":"redazione","@id":"https:\/\/www.bellunopress.it\/#\/schema\/person\/79bb06722b37ece1c03d3e94beb30d73"},"headline":"Gli appuntamenti di RockBelluno in provincia","datePublished":"2009-06-24T18:54:18+00:00","dateModified":"2009-06-25T07:02:47+00:00","mainEntityOfPage":{"@id":"https:\/\/www.bellunopress.it\/2009\/06\/24\/gli-appuntamenti-di-rockbelluno-in-provincia\/"},"wordCount":299,"publisher":{"@id":"https:\/\/www.bellunopress.it\/#organization"},"keywords":["Belluno","Cadore"],"articleSection":["Arte, Cultura, Spettacoli, Scienza","Pausa Caff\u00e8"],"inLanguage":"fr-FR"},{"@type":"WebPage","@id":"https:\/\/www.bellunopress.it\/2009\/06\/24\/gli-appuntamenti-di-rockbelluno-in-provincia\/","url":"https:\/\/www.bellunopress.it\/2009\/06\/24\/gli-appuntamenti-di-rockbelluno-in-provincia\/","name":"Gli appuntamenti di RockBelluno in provincia - Bellunopress - Dolomiti","isPartOf":{"@id":"https:\/\/www.bellunopress.it\/#website"},"datePublished":"2009-06-24T18:54:18+00:00","dateModified":"2009-06-25T07:02:47+00:00","breadcrumb":{"@id":"https:\/\/www.bellunopress.it\/2009\/06\/24\/gli-appuntamenti-di-rockbelluno-in-provincia\/#breadcrumb"},"inLanguage":"fr-FR","potentialAction":[{"@type":"ReadAction","target":["https:\/\/www.bellunopress.it\/2009\/06\/24\/gli-appuntamenti-di-rockbelluno-in-provincia\/"]}]},{"@type":"BreadcrumbList","@id":"https:\/\/www.bellunopress.it\/2009\/06\/24\/gli-appuntamenti-di-rockbelluno-in-provincia\/#breadcrumb","itemListElement":[{"@type":"ListItem","position":1,"name":"Home","item":"https:\/\/www.bellunopress.it\/"},{"@type":"ListItem","position":2,"name":"Gli appuntamenti di RockBelluno in provincia"}]},{"@type":"WebSite","@id":"https:\/\/www.bellunopress.it\/#website","url":"https:\/\/www.bellunopress.it\/","name":"Bellunopress - Dolomiti","description":"e-mail: redazione@bellunopress.it","publisher":{"@id":"https:\/\/www.bellunopress.it\/#organization"},"potentialAction":[{"@type":"SearchAction","target":{"@type":"EntryPoint","urlTemplate":"https:\/\/www.bellunopress.it\/?s={search_term_string}"},"query-input":{"@type":"PropertyValueSpecification","valueRequired":true,"valueName":"search_term_string"}}],"inLanguage":"fr-FR"},{"@type":"Organization","@id":"https:\/\/www.bellunopress.it\/#organization","name":"Bellunopress","url":"https:\/\/www.bellunopress.it\/","logo":{"@type":"ImageObject","inLanguage":"fr-FR","@id":"https:\/\/www.bellunopress.it\/#\/schema\/logo\/image\/","url":"https:\/\/www.bellunopress.it\/wp-content\/uploads\/2011\/05\/cropped-logo-bellunopress-.jpg","contentUrl":"https:\/\/www.bellunopress.it\/wp-content\/uploads\/2011\/05\/cropped-logo-bellunopress-.jpg","width":512,"height":512,"caption":"Bellunopress"},"image":{"@id":"https:\/\/www.bellunopress.it\/#\/schema\/logo\/image\/"},"sameAs":["https:\/\/www.facebook.com\/profile.php?id=100008943462799","https:\/\/x.com\/bellunopress","https:\/\/www.linkedin.com\/hp\/?dnr=JBzUWaJfMUw8vbXJJ2tVW5-I3jZKvC4wsoxE&amp;amp;amp;amp;amp;amp;trk=nav_responsive_tab_home","https:\/\/www.youtube.com\/channel\/UCxL0wu1uN0_3_7hGG0306cw"]},{"@type":"Person","@id":"https:\/\/www.bellunopress.it\/#\/schema\/person\/79bb06722b37ece1c03d3e94beb30d73","name":"r\u00e9daction","image":{"@type":"ImageObject","inLanguage":"fr-FR","@id":"https:\/\/secure.gravatar.com\/avatar\/37d968a2e67a6fd04c169c4bdef102d0bc5d31b2546345219e348575eb80e9a0?s=96&d=mm&r=g","url":"https:\/\/secure.gravatar.com\/avatar\/37d968a2e67a6fd04c169c4bdef102d0bc5d31b2546345219e348575eb80e9a0?s=96&d=mm&r=g","contentUrl":"https:\/\/secure.gravatar.com\/avatar\/37d968a2e67a6fd04c169c4bdef102d0bc5d31b2546345219e348575eb80e9a0?s=96&d=mm&r=g","caption":"redazione"},"sameAs":["http:\/\/www.bellunopress.it","https:\/\/x.com\/bellunopress"],"url":"https:\/\/www.bellunopress.it\/fr\/author\/redazione\/"}]}},"_links":{"self":[{"href":"https:\/\/www.bellunopress.it\/fr\/wp-json\/wp\/v2\/posts\/5359","targetHints":{"allow":["GET"]}}],"collection":[{"href":"https:\/\/www.bellunopress.it\/fr\/wp-json\/wp\/v2\/posts"}],"about":[{"href":"https:\/\/www.bellunopress.it\/fr\/wp-json\/wp\/v2\/types\/post"}],"author":[{"embeddable":true,"href":"https:\/\/www.bellunopress.it\/fr\/wp-json\/wp\/v2\/users\/2"}],"replies":[{"embeddable":true,"href":"https:\/\/www.bellunopress.it\/fr\/wp-json\/wp\/v2\/comments?post=5359"}],"version-history":[{"count":4,"href":"https:\/\/www.bellunopress.it\/fr\/wp-json\/wp\/v2\/posts\/5359\/revisions"}],"predecessor-version":[{"id":5377,"href":"https:\/\/www.bellunopress.it\/fr\/wp-json\/wp\/v2\/posts\/5359\/revisions\/5377"}],"wp:attachment":[{"href":"https:\/\/www.bellunopress.it\/fr\/wp-json\/wp\/v2\/media?parent=5359"}],"wp:term":[{"taxonomy":"category","embeddable":true,"href":"https:\/\/www.bellunopress.it\/fr\/wp-json\/wp\/v2\/categories?post=5359"},{"taxonomy":"post_tag","embeddable":true,"href":"https:\/\/www.bellunopress.it\/fr\/wp-json\/wp\/v2\/tags?post=5359"}],"curies":[{"name":"wp","href":"https:\/\/api.w.org\/{rel}","templated":true}]}}