{"id":5357,"date":"2009-06-24T19:51:42","date_gmt":"2009-06-24T18:51:42","guid":{"rendered":"http:\/\/www.bellunopress.it\/?p=5357"},"modified":"2009-06-24T19:51:42","modified_gmt":"2009-06-24T18:51:42","slug":"tabacchi-pd-a-bottacin-la-campagna-elettorale-e-finita","status":"publish","type":"post","link":"https:\/\/www.bellunopress.it\/fr\/2009\/06\/24\/tabacchi-pd-a-bottacin-la-campagna-elettorale-e-finita\/","title":{"rendered":"Tabacchi (Pd) a Bottacin: &#8220;La campagna elettorale \u00e8 finita&#8221;"},"content":{"rendered":"<p>\u201cLa campagna elettorale \u00e8 finita ma il neo Presidente Gianpaolo Bottacin sembra non essersene accorto\u201d. Il coordinatore provinciale del Pd, Vittorio Tabacchi, definisce \u201cdemagogica\u201d la boutade di Bottacin sulla stampa locale di oggi, relativamente ai tagli alle due auto blu. \u201cIl Presidente dovrebbe sapere che le due auto Mercedes (che hanno circa 300.000 km di percorrenza) hanno una valore di mercato di 5\/6.000 euro. E\u2019 questo il grande risparmio di cui parla Bottacin? Un vero risparmio ci sarebbe se oltre alle due auto blu il Presidente e gli Assessori rinunciassero anche al loro rimborso chilometrico, sar\u00e0 cos\u00ec Presidente Bottacin? Inoltre, i due autisti che sono dipendenti dell\u2019Ente provinciale a quale incarico saranno destinati? Oppure in un momento di grave crisi economica saranno licenziati? Bottacin dovrebbe svestire i panni del candidato leghista e assumere quelli di Presidente di questa Provincia iniziando a governare. A tal riguardo ad esempio, sciolga il Presidente gli indugi e partecipi qual \u00e8 suo dovere istituzionale alla trasferta di Siviglia\u201d.<\/p>","protected":false},"excerpt":{"rendered":"<p>\u201cLa campagna elettorale \u00e8 finita ma il neo Presidente Gianpaolo Bottacin sembra non essersene accorto\u201d. Il coordinatore provinciale del Pd, Vittorio Tabacchi, definisce \u201cdemagogica\u201d la boutade di Bottacin sulla stampa locale di oggi, relativamente ai tagli alle due auto blu. \u201cIl Presidente dovrebbe sapere che le due auto Mercedes (che hanno circa 300.000 km di [&hellip;]<\/p>\n","protected":false},"author":2,"featured_media":0,"comment_status":"closed","ping_status":"open","sticky":false,"template":"","format":"standard","meta":{"footnotes":""},"categories":[5,26],"tags":[],"class_list":["post-5357","post","type-post","status-publish","format-standard","category-cronaca","category-prima-pagina"],"yoast_head":"<!-- This site is optimized with the Yoast SEO plugin v28.4 - https:\/\/yoast.com\/product\/yoast-seo-wordpress\/ -->\n<title>Tabacchi (Pd) a Bottacin: &quot;La campagna elettorale \u00e8 finita&quot; - Bellunopress - Dolomiti<\/title>\n<meta name=\"robots\" content=\"index, follow, max-snippet:-1, max-image-preview:large, max-video-preview:-1\" \/>\n<link rel=\"canonical\" href=\"https:\/\/www.bellunopress.it\/fr\/2009\/06\/24\/tabacchi-pd-a-bottacin-la-campagna-elettorale-e-finita\/\" \/>\n<meta property=\"og:locale\" content=\"fr_FR\" \/>\n<meta property=\"og:type\" content=\"article\" \/>\n<meta property=\"og:title\" content=\"Tabacchi (Pd) a Bottacin: &quot;La campagna elettorale \u00e8 finita&quot; - Bellunopress - Dolomiti\" \/>\n<meta property=\"og:description\" content=\"\u201cLa campagna elettorale \u00e8 finita ma il neo Presidente Gianpaolo Bottacin sembra non essersene accorto\u201d. Il coordinatore provinciale del Pd, Vittorio Tabacchi, definisce \u201cdemagogica\u201d la boutade di Bottacin sulla stampa locale di oggi, relativamente ai tagli alle due auto blu. \u201cIl Presidente dovrebbe sapere che le due auto Mercedes (che hanno circa 300.000 km di [&hellip;]\" \/>\n<meta property=\"og:url\" content=\"https:\/\/www.bellunopress.it\/fr\/2009\/06\/24\/tabacchi-pd-a-bottacin-la-campagna-elettorale-e-finita\/\" \/>\n<meta property=\"og:site_name\" content=\"Bellunopress - Dolomiti\" \/>\n<meta property=\"article:publisher\" content=\"https:\/\/www.facebook.com\/profile.php?id=100008943462799\" \/>\n<meta property=\"article:published_time\" content=\"2009-06-24T18:51:42+00:00\" \/>\n<meta property=\"og:image\" content=\"http:\/\/www.bellunopress.it\/wp-content\/uploads\/2012\/07\/logo-bellunopress-250x250-2012.jpg\" \/>\n<meta name=\"author\" content=\"redazione\" \/>\n<meta name=\"twitter:card\" content=\"summary_large_image\" \/>\n<meta name=\"twitter:creator\" content=\"@bellunopress\" \/>\n<meta name=\"twitter:site\" content=\"@bellunopress\" \/>\n<meta name=\"twitter:label1\" content=\"\u00c9crit par\" \/>\n\t<meta name=\"twitter:data1\" content=\"redazione\" \/>\n\t<meta name=\"twitter:label2\" content=\"Dur\u00e9e de lecture estim\u00e9e\" \/>\n\t<meta name=\"twitter:data2\" content=\"1 minute\" \/>\n<script type=\"application\/ld+json\" class=\"yoast-schema-graph\">{\"@context\":\"https:\\\/\\\/schema.org\",\"@graph\":[{\"@type\":\"Article\",\"@id\":\"https:\\\/\\\/www.bellunopress.it\\\/2009\\\/06\\\/24\\\/tabacchi-pd-a-bottacin-la-campagna-elettorale-e-finita\\\/#article\",\"isPartOf\":{\"@id\":\"https:\\\/\\\/www.bellunopress.it\\\/2009\\\/06\\\/24\\\/tabacchi-pd-a-bottacin-la-campagna-elettorale-e-finita\\\/\"},\"author\":{\"name\":\"redazione\",\"@id\":\"https:\\\/\\\/www.bellunopress.it\\\/#\\\/schema\\\/person\\\/79bb06722b37ece1c03d3e94beb30d73\"},\"headline\":\"Tabacchi (Pd) a Bottacin: &#8220;La campagna elettorale \u00e8 finita&#8221;\",\"datePublished\":\"2009-06-24T18:51:42+00:00\",\"mainEntityOfPage\":{\"@id\":\"https:\\\/\\\/www.bellunopress.it\\\/2009\\\/06\\\/24\\\/tabacchi-pd-a-bottacin-la-campagna-elettorale-e-finita\\\/\"},\"wordCount\":168,\"publisher\":{\"@id\":\"https:\\\/\\\/www.bellunopress.it\\\/#organization\"},\"articleSection\":[\"Cronaca\\\/Politica\",\"Prima Pagina\"],\"inLanguage\":\"fr-FR\"},{\"@type\":\"WebPage\",\"@id\":\"https:\\\/\\\/www.bellunopress.it\\\/2009\\\/06\\\/24\\\/tabacchi-pd-a-bottacin-la-campagna-elettorale-e-finita\\\/\",\"url\":\"https:\\\/\\\/www.bellunopress.it\\\/2009\\\/06\\\/24\\\/tabacchi-pd-a-bottacin-la-campagna-elettorale-e-finita\\\/\",\"name\":\"Tabacchi (Pd) a Bottacin: \\\"La campagna elettorale \u00e8 finita\\\" - Bellunopress - Dolomiti\",\"isPartOf\":{\"@id\":\"https:\\\/\\\/www.bellunopress.it\\\/#website\"},\"datePublished\":\"2009-06-24T18:51:42+00:00\",\"breadcrumb\":{\"@id\":\"https:\\\/\\\/www.bellunopress.it\\\/2009\\\/06\\\/24\\\/tabacchi-pd-a-bottacin-la-campagna-elettorale-e-finita\\\/#breadcrumb\"},\"inLanguage\":\"fr-FR\",\"potentialAction\":[{\"@type\":\"ReadAction\",\"target\":[\"https:\\\/\\\/www.bellunopress.it\\\/2009\\\/06\\\/24\\\/tabacchi-pd-a-bottacin-la-campagna-elettorale-e-finita\\\/\"]}]},{\"@type\":\"BreadcrumbList\",\"@id\":\"https:\\\/\\\/www.bellunopress.it\\\/2009\\\/06\\\/24\\\/tabacchi-pd-a-bottacin-la-campagna-elettorale-e-finita\\\/#breadcrumb\",\"itemListElement\":[{\"@type\":\"ListItem\",\"position\":1,\"name\":\"Home\",\"item\":\"https:\\\/\\\/www.bellunopress.it\\\/\"},{\"@type\":\"ListItem\",\"position\":2,\"name\":\"Tabacchi (Pd) a Bottacin: &#8220;La campagna elettorale \u00e8 finita&#8221;\"}]},{\"@type\":\"WebSite\",\"@id\":\"https:\\\/\\\/www.bellunopress.it\\\/#website\",\"url\":\"https:\\\/\\\/www.bellunopress.it\\\/\",\"name\":\"Bellunopress - Dolomiti\",\"description\":\"e-mail: redazione@bellunopress.it\",\"publisher\":{\"@id\":\"https:\\\/\\\/www.bellunopress.it\\\/#organization\"},\"potentialAction\":[{\"@type\":\"SearchAction\",\"target\":{\"@type\":\"EntryPoint\",\"urlTemplate\":\"https:\\\/\\\/www.bellunopress.it\\\/?s={search_term_string}\"},\"query-input\":{\"@type\":\"PropertyValueSpecification\",\"valueRequired\":true,\"valueName\":\"search_term_string\"}}],\"inLanguage\":\"fr-FR\"},{\"@type\":\"Organization\",\"@id\":\"https:\\\/\\\/www.bellunopress.it\\\/#organization\",\"name\":\"Bellunopress\",\"url\":\"https:\\\/\\\/www.bellunopress.it\\\/\",\"logo\":{\"@type\":\"ImageObject\",\"inLanguage\":\"fr-FR\",\"@id\":\"https:\\\/\\\/www.bellunopress.it\\\/#\\\/schema\\\/logo\\\/image\\\/\",\"url\":\"https:\\\/\\\/www.bellunopress.it\\\/wp-content\\\/uploads\\\/2011\\\/05\\\/cropped-logo-bellunopress-.jpg\",\"contentUrl\":\"https:\\\/\\\/www.bellunopress.it\\\/wp-content\\\/uploads\\\/2011\\\/05\\\/cropped-logo-bellunopress-.jpg\",\"width\":512,\"height\":512,\"caption\":\"Bellunopress\"},\"image\":{\"@id\":\"https:\\\/\\\/www.bellunopress.it\\\/#\\\/schema\\\/logo\\\/image\\\/\"},\"sameAs\":[\"https:\\\/\\\/www.facebook.com\\\/profile.php?id=100008943462799\",\"https:\\\/\\\/x.com\\\/bellunopress\",\"https:\\\/\\\/www.linkedin.com\\\/hp\\\/?dnr=JBzUWaJfMUw8vbXJJ2tVW5-I3jZKvC4wsoxE&amp;amp;amp;amp;amp;amp;trk=nav_responsive_tab_home\",\"https:\\\/\\\/www.youtube.com\\\/channel\\\/UCxL0wu1uN0_3_7hGG0306cw\"]},{\"@type\":\"Person\",\"@id\":\"https:\\\/\\\/www.bellunopress.it\\\/#\\\/schema\\\/person\\\/79bb06722b37ece1c03d3e94beb30d73\",\"name\":\"redazione\",\"image\":{\"@type\":\"ImageObject\",\"inLanguage\":\"fr-FR\",\"@id\":\"https:\\\/\\\/secure.gravatar.com\\\/avatar\\\/37d968a2e67a6fd04c169c4bdef102d0bc5d31b2546345219e348575eb80e9a0?s=96&d=mm&r=g\",\"url\":\"https:\\\/\\\/secure.gravatar.com\\\/avatar\\\/37d968a2e67a6fd04c169c4bdef102d0bc5d31b2546345219e348575eb80e9a0?s=96&d=mm&r=g\",\"contentUrl\":\"https:\\\/\\\/secure.gravatar.com\\\/avatar\\\/37d968a2e67a6fd04c169c4bdef102d0bc5d31b2546345219e348575eb80e9a0?s=96&d=mm&r=g\",\"caption\":\"redazione\"},\"sameAs\":[\"http:\\\/\\\/www.bellunopress.it\",\"https:\\\/\\\/x.com\\\/bellunopress\"],\"url\":\"https:\\\/\\\/www.bellunopress.it\\\/fr\\\/author\\\/redazione\\\/\"}]}<\/script>\n<!-- \/ Yoast SEO plugin. -->","yoast_head_json":{"title":"Tabacchi (Pd) a Bottacin: \"La campagna elettorale \u00e8 finita\" - Bellunopress - Dolomiti","robots":{"index":"index","follow":"follow","max-snippet":"max-snippet:-1","max-image-preview":"max-image-preview:large","max-video-preview":"max-video-preview:-1"},"canonical":"https:\/\/www.bellunopress.it\/fr\/2009\/06\/24\/tabacchi-pd-a-bottacin-la-campagna-elettorale-e-finita\/","og_locale":"fr_FR","og_type":"article","og_title":"Tabacchi (Pd) a Bottacin: \"La campagna elettorale \u00e8 finita\" - Bellunopress - Dolomiti","og_description":"\u201cLa campagna elettorale \u00e8 finita ma il neo Presidente Gianpaolo Bottacin sembra non essersene accorto\u201d. Il coordinatore provinciale del Pd, Vittorio Tabacchi, definisce \u201cdemagogica\u201d la boutade di Bottacin sulla stampa locale di oggi, relativamente ai tagli alle due auto blu. \u201cIl Presidente dovrebbe sapere che le due auto Mercedes (che hanno circa 300.000 km di [&hellip;]","og_url":"https:\/\/www.bellunopress.it\/fr\/2009\/06\/24\/tabacchi-pd-a-bottacin-la-campagna-elettorale-e-finita\/","og_site_name":"Bellunopress - Dolomiti","article_publisher":"https:\/\/www.facebook.com\/profile.php?id=100008943462799","article_published_time":"2009-06-24T18:51:42+00:00","og_image":[{"url":"http:\/\/www.bellunopress.it\/wp-content\/uploads\/2012\/07\/logo-bellunopress-250x250-2012.jpg","type":"","width":"","height":""}],"author":"redazione","twitter_card":"summary_large_image","twitter_creator":"@bellunopress","twitter_site":"@bellunopress","twitter_misc":{"\u00c9crit par":"redazione","Dur\u00e9e de lecture estim\u00e9e":"1 minute"},"schema":{"@context":"https:\/\/schema.org","@graph":[{"@type":"Article","@id":"https:\/\/www.bellunopress.it\/2009\/06\/24\/tabacchi-pd-a-bottacin-la-campagna-elettorale-e-finita\/#article","isPartOf":{"@id":"https:\/\/www.bellunopress.it\/2009\/06\/24\/tabacchi-pd-a-bottacin-la-campagna-elettorale-e-finita\/"},"author":{"name":"redazione","@id":"https:\/\/www.bellunopress.it\/#\/schema\/person\/79bb06722b37ece1c03d3e94beb30d73"},"headline":"Tabacchi (Pd) a Bottacin: &#8220;La campagna elettorale \u00e8 finita&#8221;","datePublished":"2009-06-24T18:51:42+00:00","mainEntityOfPage":{"@id":"https:\/\/www.bellunopress.it\/2009\/06\/24\/tabacchi-pd-a-bottacin-la-campagna-elettorale-e-finita\/"},"wordCount":168,"publisher":{"@id":"https:\/\/www.bellunopress.it\/#organization"},"articleSection":["Cronaca\/Politica","Prima Pagina"],"inLanguage":"fr-FR"},{"@type":"WebPage","@id":"https:\/\/www.bellunopress.it\/2009\/06\/24\/tabacchi-pd-a-bottacin-la-campagna-elettorale-e-finita\/","url":"https:\/\/www.bellunopress.it\/2009\/06\/24\/tabacchi-pd-a-bottacin-la-campagna-elettorale-e-finita\/","name":"Tabacchi (Pd) a Bottacin: \"La campagna elettorale \u00e8 finita\" - Bellunopress - Dolomiti","isPartOf":{"@id":"https:\/\/www.bellunopress.it\/#website"},"datePublished":"2009-06-24T18:51:42+00:00","breadcrumb":{"@id":"https:\/\/www.bellunopress.it\/2009\/06\/24\/tabacchi-pd-a-bottacin-la-campagna-elettorale-e-finita\/#breadcrumb"},"inLanguage":"fr-FR","potentialAction":[{"@type":"ReadAction","target":["https:\/\/www.bellunopress.it\/2009\/06\/24\/tabacchi-pd-a-bottacin-la-campagna-elettorale-e-finita\/"]}]},{"@type":"BreadcrumbList","@id":"https:\/\/www.bellunopress.it\/2009\/06\/24\/tabacchi-pd-a-bottacin-la-campagna-elettorale-e-finita\/#breadcrumb","itemListElement":[{"@type":"ListItem","position":1,"name":"Home","item":"https:\/\/www.bellunopress.it\/"},{"@type":"ListItem","position":2,"name":"Tabacchi (Pd) a Bottacin: &#8220;La campagna elettorale \u00e8 finita&#8221;"}]},{"@type":"WebSite","@id":"https:\/\/www.bellunopress.it\/#website","url":"https:\/\/www.bellunopress.it\/","name":"Bellunopress - Dolomiti","description":"e-mail: redazione@bellunopress.it","publisher":{"@id":"https:\/\/www.bellunopress.it\/#organization"},"potentialAction":[{"@type":"SearchAction","target":{"@type":"EntryPoint","urlTemplate":"https:\/\/www.bellunopress.it\/?s={search_term_string}"},"query-input":{"@type":"PropertyValueSpecification","valueRequired":true,"valueName":"search_term_string"}}],"inLanguage":"fr-FR"},{"@type":"Organization","@id":"https:\/\/www.bellunopress.it\/#organization","name":"Bellunopress","url":"https:\/\/www.bellunopress.it\/","logo":{"@type":"ImageObject","inLanguage":"fr-FR","@id":"https:\/\/www.bellunopress.it\/#\/schema\/logo\/image\/","url":"https:\/\/www.bellunopress.it\/wp-content\/uploads\/2011\/05\/cropped-logo-bellunopress-.jpg","contentUrl":"https:\/\/www.bellunopress.it\/wp-content\/uploads\/2011\/05\/cropped-logo-bellunopress-.jpg","width":512,"height":512,"caption":"Bellunopress"},"image":{"@id":"https:\/\/www.bellunopress.it\/#\/schema\/logo\/image\/"},"sameAs":["https:\/\/www.facebook.com\/profile.php?id=100008943462799","https:\/\/x.com\/bellunopress","https:\/\/www.linkedin.com\/hp\/?dnr=JBzUWaJfMUw8vbXJJ2tVW5-I3jZKvC4wsoxE&amp;amp;amp;amp;amp;amp;trk=nav_responsive_tab_home","https:\/\/www.youtube.com\/channel\/UCxL0wu1uN0_3_7hGG0306cw"]},{"@type":"Person","@id":"https:\/\/www.bellunopress.it\/#\/schema\/person\/79bb06722b37ece1c03d3e94beb30d73","name":"r\u00e9daction","image":{"@type":"ImageObject","inLanguage":"fr-FR","@id":"https:\/\/secure.gravatar.com\/avatar\/37d968a2e67a6fd04c169c4bdef102d0bc5d31b2546345219e348575eb80e9a0?s=96&d=mm&r=g","url":"https:\/\/secure.gravatar.com\/avatar\/37d968a2e67a6fd04c169c4bdef102d0bc5d31b2546345219e348575eb80e9a0?s=96&d=mm&r=g","contentUrl":"https:\/\/secure.gravatar.com\/avatar\/37d968a2e67a6fd04c169c4bdef102d0bc5d31b2546345219e348575eb80e9a0?s=96&d=mm&r=g","caption":"redazione"},"sameAs":["http:\/\/www.bellunopress.it","https:\/\/x.com\/bellunopress"],"url":"https:\/\/www.bellunopress.it\/fr\/author\/redazione\/"}]}},"_links":{"self":[{"href":"https:\/\/www.bellunopress.it\/fr\/wp-json\/wp\/v2\/posts\/5357","targetHints":{"allow":["GET"]}}],"collection":[{"href":"https:\/\/www.bellunopress.it\/fr\/wp-json\/wp\/v2\/posts"}],"about":[{"href":"https:\/\/www.bellunopress.it\/fr\/wp-json\/wp\/v2\/types\/post"}],"author":[{"embeddable":true,"href":"https:\/\/www.bellunopress.it\/fr\/wp-json\/wp\/v2\/users\/2"}],"replies":[{"embeddable":true,"href":"https:\/\/www.bellunopress.it\/fr\/wp-json\/wp\/v2\/comments?post=5357"}],"version-history":[{"count":1,"href":"https:\/\/www.bellunopress.it\/fr\/wp-json\/wp\/v2\/posts\/5357\/revisions"}],"predecessor-version":[{"id":5358,"href":"https:\/\/www.bellunopress.it\/fr\/wp-json\/wp\/v2\/posts\/5357\/revisions\/5358"}],"wp:attachment":[{"href":"https:\/\/www.bellunopress.it\/fr\/wp-json\/wp\/v2\/media?parent=5357"}],"wp:term":[{"taxonomy":"category","embeddable":true,"href":"https:\/\/www.bellunopress.it\/fr\/wp-json\/wp\/v2\/categories?post=5357"},{"taxonomy":"post_tag","embeddable":true,"href":"https:\/\/www.bellunopress.it\/fr\/wp-json\/wp\/v2\/tags?post=5357"}],"curies":[{"name":"wp","href":"https:\/\/api.w.org\/{rel}","templated":true}]}}