{"id":5353,"date":"2009-06-24T19:41:53","date_gmt":"2009-06-24T18:41:53","guid":{"rendered":"http:\/\/www.bellunopress.it\/?p=5353"},"modified":"2009-06-24T19:43:32","modified_gmt":"2009-06-24T18:43:32","slug":"scioglimento-della-comunita-montana-riunione-fra-i-sindaci-interessati-e-il-commissario-zanchetta","status":"publish","type":"post","link":"https:\/\/www.bellunopress.it\/fr\/2009\/06\/24\/scioglimento-della-comunita-montana-riunione-fra-i-sindaci-interessati-e-il-commissario-zanchetta\/","title":{"rendered":"Scioglimento della Comunit\u00e0 Montana Riunione fra i sindaci interessati e il commissario Zanchetta"},"content":{"rendered":"<p>Questa mattina, presso la sede della Comunit\u00e0 Montana Belluno \u2013 Ponte nelle Alpi, convocata dal commissario della Regione Veneto, Pierantonio Zanchetta, si \u00e8 svolta una riunione con all&#8217;ordine del giorno lo scioglimento della Comunit\u00e0. Presenti all&#8217;incontro Antonio Prade, sindaco di Belluno e Roger De Menech, sindaco di Ponte nelle Alpi.\u00a0 Prade ha condiviso con il sindaco di Ponte nelle Alpi la necessit\u00e0, in attesa della delibera della Giunta Regionale del Veneto che stabilisca le modalit\u00e0 di erogazione di una parte dei finanziamenti prima diretti alle Comunit\u00e0 sciolte, di convenire modalit\u00e0 operative, eventualmente in stretta collaborazione ed eventualmente anche nella forma della Unione di Comuni, che siano in grado di erogare i servizi gi\u00e0 prestati dalla Comunit\u00e0 Montana. Questo potr\u00e0 accadere anche attraverso una stretta collaborazione con i Servizi Forestali della Regione Veneto. Quanto al patrimonio della Comunit\u00e0 \u2013 i cui principali cespiti sono costituiti dal complesso di Pian Longhi e dall&#8217;acquedotto \u2013 ogni decisione \u00e8 stata rinviata alla consegna della relazione di stima, affidata all&#8217;Agenzia del Territorio. E questo dovr\u00e0 avvenire in tempi brevi, non oltre la fine di settembre. \u201cMi pare \u2013 ha detto il Sindaco Prade \u2013 che stiamo andando avanti lungo una buona strada. Abbiamo bisogno da una parte di semplificare la gestione del nostro territorio e dall&#8217;altra di mantenere, e possibilmente di migliorare, la qualit\u00e0 dei servizi erogati ai nostri cittadini. Lo scioglimento della Comunit\u00e0 Montana Belluno \u2013 Ponte nelle Alpi, che che ho sempre ritenuto necessaria, va proprio in questa direzione. E oggi, lo dico chiaro e tondo, ho avuto l&#8217;impressione che con Roger de Menech, sindaco di Ponte nelle Alpi, lavoreremo bene insieme\u201d.<\/p>","protected":false},"excerpt":{"rendered":"<p>Questa mattina, presso la sede della Comunit\u00e0 Montana Belluno \u2013 Ponte nelle Alpi, convocata dal commissario della Regione Veneto, Pierantonio Zanchetta, si \u00e8 svolta una riunione con all&#8217;ordine del giorno lo scioglimento della Comunit\u00e0. Presenti all&#8217;incontro Antonio Prade, sindaco di Belluno e Roger De Menech, sindaco di Ponte nelle Alpi.\u00a0 Prade ha condiviso con il [&hellip;]<\/p>\n","protected":false},"author":2,"featured_media":0,"comment_status":"closed","ping_status":"open","sticky":false,"template":"","format":"standard","meta":{"footnotes":""},"categories":[5,26],"tags":[139],"class_list":["post-5353","post","type-post","status-publish","format-standard","category-cronaca","category-prima-pagina","tag-belluno"],"yoast_head":"<!-- This site is optimized with the Yoast SEO plugin v28.4 - https:\/\/yoast.com\/product\/yoast-seo-wordpress\/ -->\n<title>Scioglimento della Comunit\u00e0 Montana Riunione fra i sindaci interessati e il commissario Zanchetta - Bellunopress - Dolomiti<\/title>\n<meta name=\"robots\" content=\"index, follow, max-snippet:-1, max-image-preview:large, max-video-preview:-1\" \/>\n<link rel=\"canonical\" href=\"https:\/\/www.bellunopress.it\/fr\/2009\/06\/24\/scioglimento-della-comunita-montana-riunione-fra-i-sindaci-interessati-e-il-commissario-zanchetta\/\" \/>\n<meta property=\"og:locale\" content=\"fr_FR\" \/>\n<meta property=\"og:type\" content=\"article\" \/>\n<meta property=\"og:title\" content=\"Scioglimento della Comunit\u00e0 Montana Riunione fra i sindaci interessati e il commissario Zanchetta - Bellunopress - Dolomiti\" \/>\n<meta property=\"og:description\" content=\"Questa mattina, presso la sede della Comunit\u00e0 Montana Belluno \u2013 Ponte nelle Alpi, convocata dal commissario della Regione Veneto, Pierantonio Zanchetta, si \u00e8 svolta una riunione con all&#8217;ordine del giorno lo scioglimento della Comunit\u00e0. Presenti all&#8217;incontro Antonio Prade, sindaco di Belluno e Roger De Menech, sindaco di Ponte nelle Alpi.\u00a0 Prade ha condiviso con il [&hellip;]\" \/>\n<meta property=\"og:url\" content=\"https:\/\/www.bellunopress.it\/fr\/2009\/06\/24\/scioglimento-della-comunita-montana-riunione-fra-i-sindaci-interessati-e-il-commissario-zanchetta\/\" \/>\n<meta property=\"og:site_name\" content=\"Bellunopress - Dolomiti\" \/>\n<meta property=\"article:publisher\" content=\"https:\/\/www.facebook.com\/profile.php?id=100008943462799\" \/>\n<meta property=\"article:published_time\" content=\"2009-06-24T18:41:53+00:00\" \/>\n<meta property=\"article:modified_time\" content=\"2009-06-24T18:43:32+00:00\" \/>\n<meta property=\"og:image\" content=\"http:\/\/www.bellunopress.it\/wp-content\/uploads\/2012\/07\/logo-bellunopress-250x250-2012.jpg\" \/>\n<meta name=\"author\" content=\"redazione\" \/>\n<meta name=\"twitter:card\" content=\"summary_large_image\" \/>\n<meta name=\"twitter:creator\" content=\"@bellunopress\" \/>\n<meta name=\"twitter:site\" content=\"@bellunopress\" \/>\n<meta name=\"twitter:label1\" content=\"\u00c9crit par\" \/>\n\t<meta name=\"twitter:data1\" content=\"redazione\" \/>\n\t<meta name=\"twitter:label2\" content=\"Dur\u00e9e de lecture estim\u00e9e\" \/>\n\t<meta name=\"twitter:data2\" content=\"1 minute\" \/>\n<script type=\"application\/ld+json\" class=\"yoast-schema-graph\">{\"@context\":\"https:\\\/\\\/schema.org\",\"@graph\":[{\"@type\":\"Article\",\"@id\":\"https:\\\/\\\/www.bellunopress.it\\\/2009\\\/06\\\/24\\\/scioglimento-della-comunita-montana-riunione-fra-i-sindaci-interessati-e-il-commissario-zanchetta\\\/#article\",\"isPartOf\":{\"@id\":\"https:\\\/\\\/www.bellunopress.it\\\/2009\\\/06\\\/24\\\/scioglimento-della-comunita-montana-riunione-fra-i-sindaci-interessati-e-il-commissario-zanchetta\\\/\"},\"author\":{\"name\":\"redazione\",\"@id\":\"https:\\\/\\\/www.bellunopress.it\\\/#\\\/schema\\\/person\\\/79bb06722b37ece1c03d3e94beb30d73\"},\"headline\":\"Scioglimento della Comunit\u00e0 Montana Riunione fra i sindaci interessati e il commissario Zanchetta\",\"datePublished\":\"2009-06-24T18:41:53+00:00\",\"dateModified\":\"2009-06-24T18:43:32+00:00\",\"mainEntityOfPage\":{\"@id\":\"https:\\\/\\\/www.bellunopress.it\\\/2009\\\/06\\\/24\\\/scioglimento-della-comunita-montana-riunione-fra-i-sindaci-interessati-e-il-commissario-zanchetta\\\/\"},\"wordCount\":280,\"publisher\":{\"@id\":\"https:\\\/\\\/www.bellunopress.it\\\/#organization\"},\"keywords\":[\"Belluno\"],\"articleSection\":[\"Cronaca\\\/Politica\",\"Prima Pagina\"],\"inLanguage\":\"fr-FR\"},{\"@type\":\"WebPage\",\"@id\":\"https:\\\/\\\/www.bellunopress.it\\\/2009\\\/06\\\/24\\\/scioglimento-della-comunita-montana-riunione-fra-i-sindaci-interessati-e-il-commissario-zanchetta\\\/\",\"url\":\"https:\\\/\\\/www.bellunopress.it\\\/2009\\\/06\\\/24\\\/scioglimento-della-comunita-montana-riunione-fra-i-sindaci-interessati-e-il-commissario-zanchetta\\\/\",\"name\":\"Scioglimento della Comunit\u00e0 Montana Riunione fra i sindaci interessati e il commissario Zanchetta - Bellunopress - Dolomiti\",\"isPartOf\":{\"@id\":\"https:\\\/\\\/www.bellunopress.it\\\/#website\"},\"datePublished\":\"2009-06-24T18:41:53+00:00\",\"dateModified\":\"2009-06-24T18:43:32+00:00\",\"breadcrumb\":{\"@id\":\"https:\\\/\\\/www.bellunopress.it\\\/2009\\\/06\\\/24\\\/scioglimento-della-comunita-montana-riunione-fra-i-sindaci-interessati-e-il-commissario-zanchetta\\\/#breadcrumb\"},\"inLanguage\":\"fr-FR\",\"potentialAction\":[{\"@type\":\"ReadAction\",\"target\":[\"https:\\\/\\\/www.bellunopress.it\\\/2009\\\/06\\\/24\\\/scioglimento-della-comunita-montana-riunione-fra-i-sindaci-interessati-e-il-commissario-zanchetta\\\/\"]}]},{\"@type\":\"BreadcrumbList\",\"@id\":\"https:\\\/\\\/www.bellunopress.it\\\/2009\\\/06\\\/24\\\/scioglimento-della-comunita-montana-riunione-fra-i-sindaci-interessati-e-il-commissario-zanchetta\\\/#breadcrumb\",\"itemListElement\":[{\"@type\":\"ListItem\",\"position\":1,\"name\":\"Home\",\"item\":\"https:\\\/\\\/www.bellunopress.it\\\/\"},{\"@type\":\"ListItem\",\"position\":2,\"name\":\"Scioglimento della Comunit\u00e0 Montana Riunione fra i sindaci interessati e il commissario Zanchetta\"}]},{\"@type\":\"WebSite\",\"@id\":\"https:\\\/\\\/www.bellunopress.it\\\/#website\",\"url\":\"https:\\\/\\\/www.bellunopress.it\\\/\",\"name\":\"Bellunopress - Dolomiti\",\"description\":\"e-mail: redazione@bellunopress.it\",\"publisher\":{\"@id\":\"https:\\\/\\\/www.bellunopress.it\\\/#organization\"},\"potentialAction\":[{\"@type\":\"SearchAction\",\"target\":{\"@type\":\"EntryPoint\",\"urlTemplate\":\"https:\\\/\\\/www.bellunopress.it\\\/?s={search_term_string}\"},\"query-input\":{\"@type\":\"PropertyValueSpecification\",\"valueRequired\":true,\"valueName\":\"search_term_string\"}}],\"inLanguage\":\"fr-FR\"},{\"@type\":\"Organization\",\"@id\":\"https:\\\/\\\/www.bellunopress.it\\\/#organization\",\"name\":\"Bellunopress\",\"url\":\"https:\\\/\\\/www.bellunopress.it\\\/\",\"logo\":{\"@type\":\"ImageObject\",\"inLanguage\":\"fr-FR\",\"@id\":\"https:\\\/\\\/www.bellunopress.it\\\/#\\\/schema\\\/logo\\\/image\\\/\",\"url\":\"https:\\\/\\\/www.bellunopress.it\\\/wp-content\\\/uploads\\\/2011\\\/05\\\/cropped-logo-bellunopress-.jpg\",\"contentUrl\":\"https:\\\/\\\/www.bellunopress.it\\\/wp-content\\\/uploads\\\/2011\\\/05\\\/cropped-logo-bellunopress-.jpg\",\"width\":512,\"height\":512,\"caption\":\"Bellunopress\"},\"image\":{\"@id\":\"https:\\\/\\\/www.bellunopress.it\\\/#\\\/schema\\\/logo\\\/image\\\/\"},\"sameAs\":[\"https:\\\/\\\/www.facebook.com\\\/profile.php?id=100008943462799\",\"https:\\\/\\\/x.com\\\/bellunopress\",\"https:\\\/\\\/www.linkedin.com\\\/hp\\\/?dnr=JBzUWaJfMUw8vbXJJ2tVW5-I3jZKvC4wsoxE&amp;amp;amp;amp;amp;amp;trk=nav_responsive_tab_home\",\"https:\\\/\\\/www.youtube.com\\\/channel\\\/UCxL0wu1uN0_3_7hGG0306cw\"]},{\"@type\":\"Person\",\"@id\":\"https:\\\/\\\/www.bellunopress.it\\\/#\\\/schema\\\/person\\\/79bb06722b37ece1c03d3e94beb30d73\",\"name\":\"redazione\",\"image\":{\"@type\":\"ImageObject\",\"inLanguage\":\"fr-FR\",\"@id\":\"https:\\\/\\\/secure.gravatar.com\\\/avatar\\\/37d968a2e67a6fd04c169c4bdef102d0bc5d31b2546345219e348575eb80e9a0?s=96&d=mm&r=g\",\"url\":\"https:\\\/\\\/secure.gravatar.com\\\/avatar\\\/37d968a2e67a6fd04c169c4bdef102d0bc5d31b2546345219e348575eb80e9a0?s=96&d=mm&r=g\",\"contentUrl\":\"https:\\\/\\\/secure.gravatar.com\\\/avatar\\\/37d968a2e67a6fd04c169c4bdef102d0bc5d31b2546345219e348575eb80e9a0?s=96&d=mm&r=g\",\"caption\":\"redazione\"},\"sameAs\":[\"http:\\\/\\\/www.bellunopress.it\",\"https:\\\/\\\/x.com\\\/bellunopress\"],\"url\":\"https:\\\/\\\/www.bellunopress.it\\\/fr\\\/author\\\/redazione\\\/\"}]}<\/script>\n<!-- \/ Yoast SEO plugin. -->","yoast_head_json":{"title":"Scioglimento della Comunit\u00e0 Montana Riunione fra i sindaci interessati e il commissario Zanchetta - Bellunopress - Dolomiti","robots":{"index":"index","follow":"follow","max-snippet":"max-snippet:-1","max-image-preview":"max-image-preview:large","max-video-preview":"max-video-preview:-1"},"canonical":"https:\/\/www.bellunopress.it\/fr\/2009\/06\/24\/scioglimento-della-comunita-montana-riunione-fra-i-sindaci-interessati-e-il-commissario-zanchetta\/","og_locale":"fr_FR","og_type":"article","og_title":"Scioglimento della Comunit\u00e0 Montana Riunione fra i sindaci interessati e il commissario Zanchetta - Bellunopress - Dolomiti","og_description":"Questa mattina, presso la sede della Comunit\u00e0 Montana Belluno \u2013 Ponte nelle Alpi, convocata dal commissario della Regione Veneto, Pierantonio Zanchetta, si \u00e8 svolta una riunione con all&#8217;ordine del giorno lo scioglimento della Comunit\u00e0. Presenti all&#8217;incontro Antonio Prade, sindaco di Belluno e Roger De Menech, sindaco di Ponte nelle Alpi.\u00a0 Prade ha condiviso con il [&hellip;]","og_url":"https:\/\/www.bellunopress.it\/fr\/2009\/06\/24\/scioglimento-della-comunita-montana-riunione-fra-i-sindaci-interessati-e-il-commissario-zanchetta\/","og_site_name":"Bellunopress - Dolomiti","article_publisher":"https:\/\/www.facebook.com\/profile.php?id=100008943462799","article_published_time":"2009-06-24T18:41:53+00:00","article_modified_time":"2009-06-24T18:43:32+00:00","og_image":[{"url":"http:\/\/www.bellunopress.it\/wp-content\/uploads\/2012\/07\/logo-bellunopress-250x250-2012.jpg","type":"","width":"","height":""}],"author":"redazione","twitter_card":"summary_large_image","twitter_creator":"@bellunopress","twitter_site":"@bellunopress","twitter_misc":{"\u00c9crit par":"redazione","Dur\u00e9e de lecture estim\u00e9e":"1 minute"},"schema":{"@context":"https:\/\/schema.org","@graph":[{"@type":"Article","@id":"https:\/\/www.bellunopress.it\/2009\/06\/24\/scioglimento-della-comunita-montana-riunione-fra-i-sindaci-interessati-e-il-commissario-zanchetta\/#article","isPartOf":{"@id":"https:\/\/www.bellunopress.it\/2009\/06\/24\/scioglimento-della-comunita-montana-riunione-fra-i-sindaci-interessati-e-il-commissario-zanchetta\/"},"author":{"name":"redazione","@id":"https:\/\/www.bellunopress.it\/#\/schema\/person\/79bb06722b37ece1c03d3e94beb30d73"},"headline":"Scioglimento della Comunit\u00e0 Montana Riunione fra i sindaci interessati e il commissario Zanchetta","datePublished":"2009-06-24T18:41:53+00:00","dateModified":"2009-06-24T18:43:32+00:00","mainEntityOfPage":{"@id":"https:\/\/www.bellunopress.it\/2009\/06\/24\/scioglimento-della-comunita-montana-riunione-fra-i-sindaci-interessati-e-il-commissario-zanchetta\/"},"wordCount":280,"publisher":{"@id":"https:\/\/www.bellunopress.it\/#organization"},"keywords":["Belluno"],"articleSection":["Cronaca\/Politica","Prima Pagina"],"inLanguage":"fr-FR"},{"@type":"WebPage","@id":"https:\/\/www.bellunopress.it\/2009\/06\/24\/scioglimento-della-comunita-montana-riunione-fra-i-sindaci-interessati-e-il-commissario-zanchetta\/","url":"https:\/\/www.bellunopress.it\/2009\/06\/24\/scioglimento-della-comunita-montana-riunione-fra-i-sindaci-interessati-e-il-commissario-zanchetta\/","name":"Scioglimento della Comunit\u00e0 Montana Riunione fra i sindaci interessati e il commissario Zanchetta - Bellunopress - Dolomiti","isPartOf":{"@id":"https:\/\/www.bellunopress.it\/#website"},"datePublished":"2009-06-24T18:41:53+00:00","dateModified":"2009-06-24T18:43:32+00:00","breadcrumb":{"@id":"https:\/\/www.bellunopress.it\/2009\/06\/24\/scioglimento-della-comunita-montana-riunione-fra-i-sindaci-interessati-e-il-commissario-zanchetta\/#breadcrumb"},"inLanguage":"fr-FR","potentialAction":[{"@type":"ReadAction","target":["https:\/\/www.bellunopress.it\/2009\/06\/24\/scioglimento-della-comunita-montana-riunione-fra-i-sindaci-interessati-e-il-commissario-zanchetta\/"]}]},{"@type":"BreadcrumbList","@id":"https:\/\/www.bellunopress.it\/2009\/06\/24\/scioglimento-della-comunita-montana-riunione-fra-i-sindaci-interessati-e-il-commissario-zanchetta\/#breadcrumb","itemListElement":[{"@type":"ListItem","position":1,"name":"Home","item":"https:\/\/www.bellunopress.it\/"},{"@type":"ListItem","position":2,"name":"Scioglimento della Comunit\u00e0 Montana Riunione fra i sindaci interessati e il commissario Zanchetta"}]},{"@type":"WebSite","@id":"https:\/\/www.bellunopress.it\/#website","url":"https:\/\/www.bellunopress.it\/","name":"Bellunopress - Dolomiti","description":"e-mail: redazione@bellunopress.it","publisher":{"@id":"https:\/\/www.bellunopress.it\/#organization"},"potentialAction":[{"@type":"SearchAction","target":{"@type":"EntryPoint","urlTemplate":"https:\/\/www.bellunopress.it\/?s={search_term_string}"},"query-input":{"@type":"PropertyValueSpecification","valueRequired":true,"valueName":"search_term_string"}}],"inLanguage":"fr-FR"},{"@type":"Organization","@id":"https:\/\/www.bellunopress.it\/#organization","name":"Bellunopress","url":"https:\/\/www.bellunopress.it\/","logo":{"@type":"ImageObject","inLanguage":"fr-FR","@id":"https:\/\/www.bellunopress.it\/#\/schema\/logo\/image\/","url":"https:\/\/www.bellunopress.it\/wp-content\/uploads\/2011\/05\/cropped-logo-bellunopress-.jpg","contentUrl":"https:\/\/www.bellunopress.it\/wp-content\/uploads\/2011\/05\/cropped-logo-bellunopress-.jpg","width":512,"height":512,"caption":"Bellunopress"},"image":{"@id":"https:\/\/www.bellunopress.it\/#\/schema\/logo\/image\/"},"sameAs":["https:\/\/www.facebook.com\/profile.php?id=100008943462799","https:\/\/x.com\/bellunopress","https:\/\/www.linkedin.com\/hp\/?dnr=JBzUWaJfMUw8vbXJJ2tVW5-I3jZKvC4wsoxE&amp;amp;amp;amp;amp;amp;trk=nav_responsive_tab_home","https:\/\/www.youtube.com\/channel\/UCxL0wu1uN0_3_7hGG0306cw"]},{"@type":"Person","@id":"https:\/\/www.bellunopress.it\/#\/schema\/person\/79bb06722b37ece1c03d3e94beb30d73","name":"r\u00e9daction","image":{"@type":"ImageObject","inLanguage":"fr-FR","@id":"https:\/\/secure.gravatar.com\/avatar\/37d968a2e67a6fd04c169c4bdef102d0bc5d31b2546345219e348575eb80e9a0?s=96&d=mm&r=g","url":"https:\/\/secure.gravatar.com\/avatar\/37d968a2e67a6fd04c169c4bdef102d0bc5d31b2546345219e348575eb80e9a0?s=96&d=mm&r=g","contentUrl":"https:\/\/secure.gravatar.com\/avatar\/37d968a2e67a6fd04c169c4bdef102d0bc5d31b2546345219e348575eb80e9a0?s=96&d=mm&r=g","caption":"redazione"},"sameAs":["http:\/\/www.bellunopress.it","https:\/\/x.com\/bellunopress"],"url":"https:\/\/www.bellunopress.it\/fr\/author\/redazione\/"}]}},"_links":{"self":[{"href":"https:\/\/www.bellunopress.it\/fr\/wp-json\/wp\/v2\/posts\/5353","targetHints":{"allow":["GET"]}}],"collection":[{"href":"https:\/\/www.bellunopress.it\/fr\/wp-json\/wp\/v2\/posts"}],"about":[{"href":"https:\/\/www.bellunopress.it\/fr\/wp-json\/wp\/v2\/types\/post"}],"author":[{"embeddable":true,"href":"https:\/\/www.bellunopress.it\/fr\/wp-json\/wp\/v2\/users\/2"}],"replies":[{"embeddable":true,"href":"https:\/\/www.bellunopress.it\/fr\/wp-json\/wp\/v2\/comments?post=5353"}],"version-history":[{"count":3,"href":"https:\/\/www.bellunopress.it\/fr\/wp-json\/wp\/v2\/posts\/5353\/revisions"}],"predecessor-version":[{"id":5356,"href":"https:\/\/www.bellunopress.it\/fr\/wp-json\/wp\/v2\/posts\/5353\/revisions\/5356"}],"wp:attachment":[{"href":"https:\/\/www.bellunopress.it\/fr\/wp-json\/wp\/v2\/media?parent=5353"}],"wp:term":[{"taxonomy":"category","embeddable":true,"href":"https:\/\/www.bellunopress.it\/fr\/wp-json\/wp\/v2\/categories?post=5353"},{"taxonomy":"post_tag","embeddable":true,"href":"https:\/\/www.bellunopress.it\/fr\/wp-json\/wp\/v2\/tags?post=5353"}],"curies":[{"name":"wp","href":"https:\/\/api.w.org\/{rel}","templated":true}]}}