{"id":5349,"date":"2009-06-24T19:37:29","date_gmt":"2009-06-24T18:37:29","guid":{"rendered":"http:\/\/www.bellunopress.it\/?p=5349"},"modified":"2009-06-24T19:37:29","modified_gmt":"2009-06-24T18:37:29","slug":"andata-finale-3%c2%b0posto-mba-league-calcio-balilla-nevegal-batte-lentiai","status":"publish","type":"post","link":"https:\/\/www.bellunopress.it\/fr\/2009\/06\/24\/andata-finale-3%c2%b0posto-mba-league-calcio-balilla-nevegal-batte-lentiai\/","title":{"rendered":"Andata finale 3\u00b0posto Mba League calcio balilla: Nevegal batte Lentiai"},"content":{"rendered":"<p>Andata finale 3\u00b0 posto MBA League &#8217;09 di calcio balilla a squadre, organizzata da ASD Fratelli Manfroi.<br \/>\nIl Nevegal a sorpresa si impone con margine su Lentiai, sul podio nel 2008. Intanto si sono chiusi gli scontri per le posizioni<br \/>\ndal 5\u00b0 all&#8217;11\u00b0 posto.<br \/>\nAntico Caff\u00e8 Slalom Nevegal VS Bar Punto Lentiai: 8-2<br \/>\n<strong>Antico Caff\u00e8 Slalom<\/strong><br \/>\nVittorio Rizzardi<br \/>\nVeriano Viel<br \/>\nFabiano Collazuol (cap.)<br \/>\nIvan Dal Bo<br \/>\nWilliam Canal<br \/>\nMichele Viel<br \/>\nRiserve:<br \/>\nRoberto Viel<br \/>\nGianni Gaeta<br \/>\nGiuseppe De Cia<br \/>\nGianni Nani<br \/>\nD.S.: Giuseppe De Cia<\/p>\n<p><strong>Bar Punto Lentiai<\/strong><br \/>\nIgino Longo<br \/>\nFlavio Fasan<br \/>\nGraziano Capraro<br \/>\nNicola Locatelli<br \/>\nFrancesco Sampieri<br \/>\nPatrick Cavalet<br \/>\nRiserve:<br \/>\nFilippo Canzan (cap.)<br \/>\nIgor Scarton<br \/>\nD.S.: Eliana Bernardin<br \/>\n<strong>La gara<\/strong>: Nevegal vince di squadra, come ormai ci ha abituato quest&#8217;anno, anche se con una formazione un po&#8217; diversa dal consueto. La novit\u00e0 maggiore tra i padroni di casa \u00e8 il debutto da titolare di Ivan Dal Bo, che oltre alla solita grande prova nel set<br \/>\nall&#8217;internazionale ha dato un contributo maiuscolo durante tutta la gara. Tra gli ospiti, stranamente sottotono, l&#8217;unica coppia competitiva \u00e8 sembrata la solidissima Igino Longo-Flavio Fasan. A Lentiai siamo sicuri sar\u00e0 una gara molto pi\u00f9 combattuta, il Nevegal dovr\u00e0 sudare fino alla fine questo storico terzo posto su cui ha quasi messo le mani.\u00a0 Nel girone per il 5\u00b0 posto Cesiomaggiore dilaga su Feltre e Agordo batte di misura gli Ivana Cola tenuti a galla dalla strana coppia Tormen-Dal Paos. Nel girone per il 9\u00b0posto Cencenighe e Vodo di Cadore ottengono dei buoni punti per la classifica finale.<a href=\"http:\/\/www.bellunopress.it\/wp-content\/uploads\/2009\/06\/foto-2-mba-leggera.jpg\"><img loading=\"lazy\" decoding=\"async\" class=\"alignright size-medium wp-image-5351\" title=\"foto-2-mba-leggera\" src=\"http:\/\/www.bellunopress.it\/wp-content\/uploads\/2009\/06\/foto-2-mba-leggera.jpg\" alt=\"\" width=\"270\" height=\"255\" \/><\/a><br \/>\n<strong>Queste le posizioni\u00a0definitive dalla quinta in poi<\/strong>:<br \/>\n5- 88 Scarsi Cesiomaggiore<a href=\"http:\/\/www.bellunopress.it\/wp-content\/uploads\/2009\/06\/88-scarsi-3leggera.jpg\"><img loading=\"lazy\" decoding=\"async\" class=\"alignright size-medium wp-image-5350\" title=\"88-scarsi-3leggera\" src=\"http:\/\/www.bellunopress.it\/wp-content\/uploads\/2009\/06\/88-scarsi-3leggera.jpg\" alt=\"\" width=\"270\" height=\"203\" \/><\/a><br \/>\n6- Ivana Cola Cugnan<br \/>\n7- Ice Men Agordo<br \/>\n8- Bar Biliardo Feltre<br \/>\n9- Gipsy Team Cencenighe<br \/>\n10- Bar Antelao Perarolo<br \/>\n11- Bar Palada Vodo di Cadore<br \/>\n12- El Travo Pedavena<br \/>\n12- Hostaria Al Menta Seren del Grappa<br \/>\n14- Bar Turismo Levico Terme<br \/>\n14- Bar Aurora Peron di Sedico<br \/>\n<strong>Prossime date:<\/strong><br \/>\nVenerd\u00ec 26 giugno: a Ponte di Piave andata della finale, tra Ponte di Piave e Umin di Feltre<br \/>\nVenerd\u00ec 3 luglio: a Umin di Feltre finalissima di ritorno tra il Bar Fornaci e il Locura Bar di Ponte di Piave.<\/p>","protected":false},"excerpt":{"rendered":"<p>Andata finale 3\u00b0 posto MBA League &#8217;09 di calcio balilla a squadre, organizzata da ASD Fratelli Manfroi. Il Nevegal a sorpresa si impone con margine su Lentiai, sul podio nel 2008. Intanto si sono chiusi gli scontri per le posizioni dal 5\u00b0 all&#8217;11\u00b0 posto. Antico Caff\u00e8 Slalom Nevegal VS Bar Punto Lentiai: 8-2 Antico Caff\u00e8 [&hellip;]<\/p>\n","protected":false},"author":2,"featured_media":0,"comment_status":"closed","ping_status":"open","sticky":false,"template":"","format":"standard","meta":{"footnotes":""},"categories":[4],"tags":[139,151,302],"class_list":["post-5349","post","type-post","status-publish","format-standard","category-sport","tag-belluno","tag-cadore","tag-feltre"],"yoast_head":"<!-- This site is optimized with the Yoast SEO plugin v28.4 - https:\/\/yoast.com\/product\/yoast-seo-wordpress\/ -->\n<title>Andata finale 3\u00b0posto Mba League calcio balilla: Nevegal batte Lentiai - Bellunopress - Dolomiti<\/title>\n<meta name=\"robots\" content=\"index, follow, max-snippet:-1, max-image-preview:large, max-video-preview:-1\" \/>\n<link rel=\"canonical\" href=\"https:\/\/www.bellunopress.it\/fr\/2009\/06\/24\/andata-finale-3\u00b0posto-mba-league-calcio-balilla-nevegal-batte-lentiai\/\" \/>\n<meta property=\"og:locale\" content=\"fr_FR\" \/>\n<meta property=\"og:type\" content=\"article\" \/>\n<meta property=\"og:title\" content=\"Andata finale 3\u00b0posto Mba League calcio balilla: Nevegal batte Lentiai - Bellunopress - Dolomiti\" \/>\n<meta property=\"og:description\" content=\"Andata finale 3\u00b0 posto MBA League &#8217;09 di calcio balilla a squadre, organizzata da ASD Fratelli Manfroi. Il Nevegal a sorpresa si impone con margine su Lentiai, sul podio nel 2008. Intanto si sono chiusi gli scontri per le posizioni dal 5\u00b0 all&#8217;11\u00b0 posto. Antico Caff\u00e8 Slalom Nevegal VS Bar Punto Lentiai: 8-2 Antico Caff\u00e8 [&hellip;]\" \/>\n<meta property=\"og:url\" content=\"https:\/\/www.bellunopress.it\/fr\/2009\/06\/24\/andata-finale-3\u00b0posto-mba-league-calcio-balilla-nevegal-batte-lentiai\/\" \/>\n<meta property=\"og:site_name\" content=\"Bellunopress - Dolomiti\" \/>\n<meta property=\"article:publisher\" content=\"https:\/\/www.facebook.com\/profile.php?id=100008943462799\" \/>\n<meta property=\"article:published_time\" content=\"2009-06-24T18:37:29+00:00\" \/>\n<meta property=\"og:image\" content=\"http:\/\/www.bellunopress.it\/wp-content\/uploads\/2009\/06\/foto-2-mba-leggera.jpg\" \/>\n<meta name=\"author\" content=\"redazione\" \/>\n<meta name=\"twitter:card\" content=\"summary_large_image\" \/>\n<meta name=\"twitter:creator\" content=\"@bellunopress\" \/>\n<meta name=\"twitter:site\" content=\"@bellunopress\" \/>\n<meta name=\"twitter:label1\" content=\"\u00c9crit par\" \/>\n\t<meta name=\"twitter:data1\" content=\"redazione\" \/>\n\t<meta name=\"twitter:label2\" content=\"Dur\u00e9e de lecture estim\u00e9e\" \/>\n\t<meta name=\"twitter:data2\" content=\"2 minutes\" \/>\n<script type=\"application\/ld+json\" class=\"yoast-schema-graph\">{\"@context\":\"https:\\\/\\\/schema.org\",\"@graph\":[{\"@type\":\"Article\",\"@id\":\"https:\\\/\\\/www.bellunopress.it\\\/2009\\\/06\\\/24\\\/andata-finale-3%c2%b0posto-mba-league-calcio-balilla-nevegal-batte-lentiai\\\/#article\",\"isPartOf\":{\"@id\":\"https:\\\/\\\/www.bellunopress.it\\\/2009\\\/06\\\/24\\\/andata-finale-3%c2%b0posto-mba-league-calcio-balilla-nevegal-batte-lentiai\\\/\"},\"author\":{\"name\":\"redazione\",\"@id\":\"https:\\\/\\\/www.bellunopress.it\\\/#\\\/schema\\\/person\\\/79bb06722b37ece1c03d3e94beb30d73\"},\"headline\":\"Andata finale 3\u00b0posto Mba League calcio balilla: Nevegal batte Lentiai\",\"datePublished\":\"2009-06-24T18:37:29+00:00\",\"mainEntityOfPage\":{\"@id\":\"https:\\\/\\\/www.bellunopress.it\\\/2009\\\/06\\\/24\\\/andata-finale-3%c2%b0posto-mba-league-calcio-balilla-nevegal-batte-lentiai\\\/\"},\"wordCount\":359,\"publisher\":{\"@id\":\"https:\\\/\\\/www.bellunopress.it\\\/#organization\"},\"image\":{\"@id\":\"https:\\\/\\\/www.bellunopress.it\\\/2009\\\/06\\\/24\\\/andata-finale-3%c2%b0posto-mba-league-calcio-balilla-nevegal-batte-lentiai\\\/#primaryimage\"},\"thumbnailUrl\":\"http:\\\/\\\/www.bellunopress.it\\\/wp-content\\\/uploads\\\/2009\\\/06\\\/foto-2-mba-leggera.jpg\",\"keywords\":[\"Belluno\",\"Cadore\",\"Feltre\"],\"articleSection\":[\"Sport, tempo libero\"],\"inLanguage\":\"fr-FR\"},{\"@type\":\"WebPage\",\"@id\":\"https:\\\/\\\/www.bellunopress.it\\\/2009\\\/06\\\/24\\\/andata-finale-3%c2%b0posto-mba-league-calcio-balilla-nevegal-batte-lentiai\\\/\",\"url\":\"https:\\\/\\\/www.bellunopress.it\\\/2009\\\/06\\\/24\\\/andata-finale-3%c2%b0posto-mba-league-calcio-balilla-nevegal-batte-lentiai\\\/\",\"name\":\"Andata finale 3\u00b0posto Mba League calcio balilla: Nevegal batte Lentiai - Bellunopress - Dolomiti\",\"isPartOf\":{\"@id\":\"https:\\\/\\\/www.bellunopress.it\\\/#website\"},\"primaryImageOfPage\":{\"@id\":\"https:\\\/\\\/www.bellunopress.it\\\/2009\\\/06\\\/24\\\/andata-finale-3%c2%b0posto-mba-league-calcio-balilla-nevegal-batte-lentiai\\\/#primaryimage\"},\"image\":{\"@id\":\"https:\\\/\\\/www.bellunopress.it\\\/2009\\\/06\\\/24\\\/andata-finale-3%c2%b0posto-mba-league-calcio-balilla-nevegal-batte-lentiai\\\/#primaryimage\"},\"thumbnailUrl\":\"http:\\\/\\\/www.bellunopress.it\\\/wp-content\\\/uploads\\\/2009\\\/06\\\/foto-2-mba-leggera.jpg\",\"datePublished\":\"2009-06-24T18:37:29+00:00\",\"breadcrumb\":{\"@id\":\"https:\\\/\\\/www.bellunopress.it\\\/2009\\\/06\\\/24\\\/andata-finale-3%c2%b0posto-mba-league-calcio-balilla-nevegal-batte-lentiai\\\/#breadcrumb\"},\"inLanguage\":\"fr-FR\",\"potentialAction\":[{\"@type\":\"ReadAction\",\"target\":[\"https:\\\/\\\/www.bellunopress.it\\\/2009\\\/06\\\/24\\\/andata-finale-3%c2%b0posto-mba-league-calcio-balilla-nevegal-batte-lentiai\\\/\"]}]},{\"@type\":\"ImageObject\",\"inLanguage\":\"fr-FR\",\"@id\":\"https:\\\/\\\/www.bellunopress.it\\\/2009\\\/06\\\/24\\\/andata-finale-3%c2%b0posto-mba-league-calcio-balilla-nevegal-batte-lentiai\\\/#primaryimage\",\"url\":\"http:\\\/\\\/www.bellunopress.it\\\/wp-content\\\/uploads\\\/2009\\\/06\\\/foto-2-mba-leggera.jpg\",\"contentUrl\":\"http:\\\/\\\/www.bellunopress.it\\\/wp-content\\\/uploads\\\/2009\\\/06\\\/foto-2-mba-leggera.jpg\"},{\"@type\":\"BreadcrumbList\",\"@id\":\"https:\\\/\\\/www.bellunopress.it\\\/2009\\\/06\\\/24\\\/andata-finale-3%c2%b0posto-mba-league-calcio-balilla-nevegal-batte-lentiai\\\/#breadcrumb\",\"itemListElement\":[{\"@type\":\"ListItem\",\"position\":1,\"name\":\"Home\",\"item\":\"https:\\\/\\\/www.bellunopress.it\\\/\"},{\"@type\":\"ListItem\",\"position\":2,\"name\":\"Andata finale 3\u00b0posto Mba League calcio balilla: Nevegal batte Lentiai\"}]},{\"@type\":\"WebSite\",\"@id\":\"https:\\\/\\\/www.bellunopress.it\\\/#website\",\"url\":\"https:\\\/\\\/www.bellunopress.it\\\/\",\"name\":\"Bellunopress - Dolomiti\",\"description\":\"e-mail: redazione@bellunopress.it\",\"publisher\":{\"@id\":\"https:\\\/\\\/www.bellunopress.it\\\/#organization\"},\"potentialAction\":[{\"@type\":\"SearchAction\",\"target\":{\"@type\":\"EntryPoint\",\"urlTemplate\":\"https:\\\/\\\/www.bellunopress.it\\\/?s={search_term_string}\"},\"query-input\":{\"@type\":\"PropertyValueSpecification\",\"valueRequired\":true,\"valueName\":\"search_term_string\"}}],\"inLanguage\":\"fr-FR\"},{\"@type\":\"Organization\",\"@id\":\"https:\\\/\\\/www.bellunopress.it\\\/#organization\",\"name\":\"Bellunopress\",\"url\":\"https:\\\/\\\/www.bellunopress.it\\\/\",\"logo\":{\"@type\":\"ImageObject\",\"inLanguage\":\"fr-FR\",\"@id\":\"https:\\\/\\\/www.bellunopress.it\\\/#\\\/schema\\\/logo\\\/image\\\/\",\"url\":\"https:\\\/\\\/www.bellunopress.it\\\/wp-content\\\/uploads\\\/2011\\\/05\\\/cropped-logo-bellunopress-.jpg\",\"contentUrl\":\"https:\\\/\\\/www.bellunopress.it\\\/wp-content\\\/uploads\\\/2011\\\/05\\\/cropped-logo-bellunopress-.jpg\",\"width\":512,\"height\":512,\"caption\":\"Bellunopress\"},\"image\":{\"@id\":\"https:\\\/\\\/www.bellunopress.it\\\/#\\\/schema\\\/logo\\\/image\\\/\"},\"sameAs\":[\"https:\\\/\\\/www.facebook.com\\\/profile.php?id=100008943462799\",\"https:\\\/\\\/x.com\\\/bellunopress\",\"https:\\\/\\\/www.linkedin.com\\\/hp\\\/?dnr=JBzUWaJfMUw8vbXJJ2tVW5-I3jZKvC4wsoxE&amp;amp;amp;amp;amp;amp;trk=nav_responsive_tab_home\",\"https:\\\/\\\/www.youtube.com\\\/channel\\\/UCxL0wu1uN0_3_7hGG0306cw\"]},{\"@type\":\"Person\",\"@id\":\"https:\\\/\\\/www.bellunopress.it\\\/#\\\/schema\\\/person\\\/79bb06722b37ece1c03d3e94beb30d73\",\"name\":\"redazione\",\"image\":{\"@type\":\"ImageObject\",\"inLanguage\":\"fr-FR\",\"@id\":\"https:\\\/\\\/secure.gravatar.com\\\/avatar\\\/37d968a2e67a6fd04c169c4bdef102d0bc5d31b2546345219e348575eb80e9a0?s=96&d=mm&r=g\",\"url\":\"https:\\\/\\\/secure.gravatar.com\\\/avatar\\\/37d968a2e67a6fd04c169c4bdef102d0bc5d31b2546345219e348575eb80e9a0?s=96&d=mm&r=g\",\"contentUrl\":\"https:\\\/\\\/secure.gravatar.com\\\/avatar\\\/37d968a2e67a6fd04c169c4bdef102d0bc5d31b2546345219e348575eb80e9a0?s=96&d=mm&r=g\",\"caption\":\"redazione\"},\"sameAs\":[\"http:\\\/\\\/www.bellunopress.it\",\"https:\\\/\\\/x.com\\\/bellunopress\"],\"url\":\"https:\\\/\\\/www.bellunopress.it\\\/fr\\\/author\\\/redazione\\\/\"}]}<\/script>\n<!-- \/ Yoast SEO plugin. -->","yoast_head_json":{"title":"Andata finale 3\u00b0posto Mba League calcio balilla: Nevegal batte Lentiai - Bellunopress - Dolomiti","robots":{"index":"index","follow":"follow","max-snippet":"max-snippet:-1","max-image-preview":"max-image-preview:large","max-video-preview":"max-video-preview:-1"},"canonical":"https:\/\/www.bellunopress.it\/fr\/2009\/06\/24\/andata-finale-3\u00b0posto-mba-league-calcio-balilla-nevegal-batte-lentiai\/","og_locale":"fr_FR","og_type":"article","og_title":"Andata finale 3\u00b0posto Mba League calcio balilla: Nevegal batte Lentiai - Bellunopress - Dolomiti","og_description":"Andata finale 3\u00b0 posto MBA League &#8217;09 di calcio balilla a squadre, organizzata da ASD Fratelli Manfroi. Il Nevegal a sorpresa si impone con margine su Lentiai, sul podio nel 2008. Intanto si sono chiusi gli scontri per le posizioni dal 5\u00b0 all&#8217;11\u00b0 posto. Antico Caff\u00e8 Slalom Nevegal VS Bar Punto Lentiai: 8-2 Antico Caff\u00e8 [&hellip;]","og_url":"https:\/\/www.bellunopress.it\/fr\/2009\/06\/24\/andata-finale-3\u00b0posto-mba-league-calcio-balilla-nevegal-batte-lentiai\/","og_site_name":"Bellunopress - Dolomiti","article_publisher":"https:\/\/www.facebook.com\/profile.php?id=100008943462799","article_published_time":"2009-06-24T18:37:29+00:00","og_image":[{"url":"http:\/\/www.bellunopress.it\/wp-content\/uploads\/2009\/06\/foto-2-mba-leggera.jpg","type":"","width":"","height":""}],"author":"redazione","twitter_card":"summary_large_image","twitter_creator":"@bellunopress","twitter_site":"@bellunopress","twitter_misc":{"\u00c9crit par":"redazione","Dur\u00e9e de lecture estim\u00e9e":"2 minutes"},"schema":{"@context":"https:\/\/schema.org","@graph":[{"@type":"Article","@id":"https:\/\/www.bellunopress.it\/2009\/06\/24\/andata-finale-3%c2%b0posto-mba-league-calcio-balilla-nevegal-batte-lentiai\/#article","isPartOf":{"@id":"https:\/\/www.bellunopress.it\/2009\/06\/24\/andata-finale-3%c2%b0posto-mba-league-calcio-balilla-nevegal-batte-lentiai\/"},"author":{"name":"redazione","@id":"https:\/\/www.bellunopress.it\/#\/schema\/person\/79bb06722b37ece1c03d3e94beb30d73"},"headline":"Andata finale 3\u00b0posto Mba League calcio balilla: Nevegal batte Lentiai","datePublished":"2009-06-24T18:37:29+00:00","mainEntityOfPage":{"@id":"https:\/\/www.bellunopress.it\/2009\/06\/24\/andata-finale-3%c2%b0posto-mba-league-calcio-balilla-nevegal-batte-lentiai\/"},"wordCount":359,"publisher":{"@id":"https:\/\/www.bellunopress.it\/#organization"},"image":{"@id":"https:\/\/www.bellunopress.it\/2009\/06\/24\/andata-finale-3%c2%b0posto-mba-league-calcio-balilla-nevegal-batte-lentiai\/#primaryimage"},"thumbnailUrl":"http:\/\/www.bellunopress.it\/wp-content\/uploads\/2009\/06\/foto-2-mba-leggera.jpg","keywords":["Belluno","Cadore","Feltre"],"articleSection":["Sport, tempo libero"],"inLanguage":"fr-FR"},{"@type":"WebPage","@id":"https:\/\/www.bellunopress.it\/2009\/06\/24\/andata-finale-3%c2%b0posto-mba-league-calcio-balilla-nevegal-batte-lentiai\/","url":"https:\/\/www.bellunopress.it\/2009\/06\/24\/andata-finale-3%c2%b0posto-mba-league-calcio-balilla-nevegal-batte-lentiai\/","name":"Andata finale 3\u00b0posto Mba League calcio balilla: Nevegal batte Lentiai - Bellunopress - Dolomiti","isPartOf":{"@id":"https:\/\/www.bellunopress.it\/#website"},"primaryImageOfPage":{"@id":"https:\/\/www.bellunopress.it\/2009\/06\/24\/andata-finale-3%c2%b0posto-mba-league-calcio-balilla-nevegal-batte-lentiai\/#primaryimage"},"image":{"@id":"https:\/\/www.bellunopress.it\/2009\/06\/24\/andata-finale-3%c2%b0posto-mba-league-calcio-balilla-nevegal-batte-lentiai\/#primaryimage"},"thumbnailUrl":"http:\/\/www.bellunopress.it\/wp-content\/uploads\/2009\/06\/foto-2-mba-leggera.jpg","datePublished":"2009-06-24T18:37:29+00:00","breadcrumb":{"@id":"https:\/\/www.bellunopress.it\/2009\/06\/24\/andata-finale-3%c2%b0posto-mba-league-calcio-balilla-nevegal-batte-lentiai\/#breadcrumb"},"inLanguage":"fr-FR","potentialAction":[{"@type":"ReadAction","target":["https:\/\/www.bellunopress.it\/2009\/06\/24\/andata-finale-3%c2%b0posto-mba-league-calcio-balilla-nevegal-batte-lentiai\/"]}]},{"@type":"ImageObject","inLanguage":"fr-FR","@id":"https:\/\/www.bellunopress.it\/2009\/06\/24\/andata-finale-3%c2%b0posto-mba-league-calcio-balilla-nevegal-batte-lentiai\/#primaryimage","url":"http:\/\/www.bellunopress.it\/wp-content\/uploads\/2009\/06\/foto-2-mba-leggera.jpg","contentUrl":"http:\/\/www.bellunopress.it\/wp-content\/uploads\/2009\/06\/foto-2-mba-leggera.jpg"},{"@type":"BreadcrumbList","@id":"https:\/\/www.bellunopress.it\/2009\/06\/24\/andata-finale-3%c2%b0posto-mba-league-calcio-balilla-nevegal-batte-lentiai\/#breadcrumb","itemListElement":[{"@type":"ListItem","position":1,"name":"Home","item":"https:\/\/www.bellunopress.it\/"},{"@type":"ListItem","position":2,"name":"Andata finale 3\u00b0posto Mba League calcio balilla: Nevegal batte Lentiai"}]},{"@type":"WebSite","@id":"https:\/\/www.bellunopress.it\/#website","url":"https:\/\/www.bellunopress.it\/","name":"Bellunopress - Dolomiti","description":"e-mail: redazione@bellunopress.it","publisher":{"@id":"https:\/\/www.bellunopress.it\/#organization"},"potentialAction":[{"@type":"SearchAction","target":{"@type":"EntryPoint","urlTemplate":"https:\/\/www.bellunopress.it\/?s={search_term_string}"},"query-input":{"@type":"PropertyValueSpecification","valueRequired":true,"valueName":"search_term_string"}}],"inLanguage":"fr-FR"},{"@type":"Organization","@id":"https:\/\/www.bellunopress.it\/#organization","name":"Bellunopress","url":"https:\/\/www.bellunopress.it\/","logo":{"@type":"ImageObject","inLanguage":"fr-FR","@id":"https:\/\/www.bellunopress.it\/#\/schema\/logo\/image\/","url":"https:\/\/www.bellunopress.it\/wp-content\/uploads\/2011\/05\/cropped-logo-bellunopress-.jpg","contentUrl":"https:\/\/www.bellunopress.it\/wp-content\/uploads\/2011\/05\/cropped-logo-bellunopress-.jpg","width":512,"height":512,"caption":"Bellunopress"},"image":{"@id":"https:\/\/www.bellunopress.it\/#\/schema\/logo\/image\/"},"sameAs":["https:\/\/www.facebook.com\/profile.php?id=100008943462799","https:\/\/x.com\/bellunopress","https:\/\/www.linkedin.com\/hp\/?dnr=JBzUWaJfMUw8vbXJJ2tVW5-I3jZKvC4wsoxE&amp;amp;amp;amp;amp;amp;trk=nav_responsive_tab_home","https:\/\/www.youtube.com\/channel\/UCxL0wu1uN0_3_7hGG0306cw"]},{"@type":"Person","@id":"https:\/\/www.bellunopress.it\/#\/schema\/person\/79bb06722b37ece1c03d3e94beb30d73","name":"r\u00e9daction","image":{"@type":"ImageObject","inLanguage":"fr-FR","@id":"https:\/\/secure.gravatar.com\/avatar\/37d968a2e67a6fd04c169c4bdef102d0bc5d31b2546345219e348575eb80e9a0?s=96&d=mm&r=g","url":"https:\/\/secure.gravatar.com\/avatar\/37d968a2e67a6fd04c169c4bdef102d0bc5d31b2546345219e348575eb80e9a0?s=96&d=mm&r=g","contentUrl":"https:\/\/secure.gravatar.com\/avatar\/37d968a2e67a6fd04c169c4bdef102d0bc5d31b2546345219e348575eb80e9a0?s=96&d=mm&r=g","caption":"redazione"},"sameAs":["http:\/\/www.bellunopress.it","https:\/\/x.com\/bellunopress"],"url":"https:\/\/www.bellunopress.it\/fr\/author\/redazione\/"}]}},"_links":{"self":[{"href":"https:\/\/www.bellunopress.it\/fr\/wp-json\/wp\/v2\/posts\/5349","targetHints":{"allow":["GET"]}}],"collection":[{"href":"https:\/\/www.bellunopress.it\/fr\/wp-json\/wp\/v2\/posts"}],"about":[{"href":"https:\/\/www.bellunopress.it\/fr\/wp-json\/wp\/v2\/types\/post"}],"author":[{"embeddable":true,"href":"https:\/\/www.bellunopress.it\/fr\/wp-json\/wp\/v2\/users\/2"}],"replies":[{"embeddable":true,"href":"https:\/\/www.bellunopress.it\/fr\/wp-json\/wp\/v2\/comments?post=5349"}],"version-history":[{"count":1,"href":"https:\/\/www.bellunopress.it\/fr\/wp-json\/wp\/v2\/posts\/5349\/revisions"}],"predecessor-version":[{"id":5352,"href":"https:\/\/www.bellunopress.it\/fr\/wp-json\/wp\/v2\/posts\/5349\/revisions\/5352"}],"wp:attachment":[{"href":"https:\/\/www.bellunopress.it\/fr\/wp-json\/wp\/v2\/media?parent=5349"}],"wp:term":[{"taxonomy":"category","embeddable":true,"href":"https:\/\/www.bellunopress.it\/fr\/wp-json\/wp\/v2\/categories?post=5349"},{"taxonomy":"post_tag","embeddable":true,"href":"https:\/\/www.bellunopress.it\/fr\/wp-json\/wp\/v2\/tags?post=5349"}],"curies":[{"name":"wp","href":"https:\/\/api.w.org\/{rel}","templated":true}]}}