{"id":5335,"date":"2009-06-24T11:54:40","date_gmt":"2009-06-24T10:54:40","guid":{"rendered":"http:\/\/www.bellunopress.it\/?p=5335"},"modified":"2009-06-24T11:54:40","modified_gmt":"2009-06-24T10:54:40","slug":"una-raccolta-di-firme-per-bloccare-la-proposta-di-legge-tommasini-gasparri","status":"publish","type":"post","link":"https:\/\/www.bellunopress.it\/fr\/2009\/06\/24\/una-raccolta-di-firme-per-bloccare-la-proposta-di-legge-tommasini-gasparri\/","title":{"rendered":"Una raccolta di firme per bloccare la proposta di legge Tommasini-Gasparri"},"content":{"rendered":"<p>Lettera aperta, Belluno martedi 23\/06\/2009<br \/>\nOggetto: Proposta di raccolta firme.<br \/>\nAppello:<br \/>\nSi chiede di bloccare la proposta di legge Tommassini-Gasparri e qualunque iniziativa volta a promuovere la vendita dei medicinali (di qualunque tipo e confezione) senza l&#8217;obbligo della presenza del farmacista, nell&#8217;interesse della salute dei cittadini e per la salvaguardia e la dignit\u00e0 della professione del farmacista ( sia esso operante in farmacia o in parafarmacia) .<\/p>\n<p>MOTIVAZIONI:<br \/>\nSono una farmacista che ha aperto quest&#8217;anno una parafarmacia, ma che ha per 12 anni condiviso la titolariet\u00e0 di una farmacia con altri due soci, quindi ritengo di conoscere entrambe le realt\u00e0.<br \/>\nMi scuso con gli onorevoli firmatari del ddl, se la mia ignoranza in materia non \u00e8 pari alla loro, ma vorrei far presente la duplice pericolosit\u00e0 del suddetto ddl, nella speranza che in un momento di crisi come questo, il senato della Repubblica abbia di meglio da fare che mettere a repentaglio migliaia di posti di lavoro di onesti farmacisti che hanno investito i loro risparmi nell&#8217;aprire esercizi di vicinato, ovvero Parafarmacie.<br \/>\nQuesto \u00e8 solo il primo punto, ma il secondo, a mio avviso molto pi\u00f9 grave, \u00e8 che favorendo la vendita di medicinali (seppur in piccole confezioni, e questa sarebbe l&#8217;unica iniziativa sensata per evitare sprechi, a patto che lo lasci fare a noi!) nella grande distribuzione senza la presenza di un farmacista, si otterrebbe una gestione della salute affidata alle offerte speciali ed ai 3&#215;2, con l&#8217;ingannevole sensazione del risparmio.<br \/>\nMa come sappiamo gli ipermercati non sono enti di beneficenza e non abbassano i prezzi per farci un regalo, ma, evidentemente, per farci azquistare di pi\u00f9 con ogni espediente!!<br \/>\nE dovrebbero aprire gli occhi anche le associazioni dei consumatori perch\u00e8 se vogliono tutelare gli interessi dei cittadini, dovrebbero rendersi conto che nel caso della salute essi non coincidono sempre col prezzo pi\u00f9 basso, bens\u00ec con la professionalit\u00e0 e la capacit\u00e0 di consigliare che si esplica proprio con i farmaci da banco, dato che quelli con obbligo di ricetta medica richiedono una mera lettura e dispensazione della stessa.<br \/>\nIl rischio per la salute non \u00e8 una mia isolata opinione ma dimostrata da vari studi e dati evidenti di paesi come la Gran Bretagna e gli Stati Uniti nei quali la libera vendita dei farmaci nei grandi magazzini ha incrementato l&#8217;abuso dei farmaci e i danni conseguenti (negli USA la prima causa di morte sono le malattie iatrogene!!!).<br \/>\nVorrei invitare anche i colleghi titolari di farmacie ad appoggiare questo appello, poich\u00e8 non siamo noi parafarmacie la vera concorrenza da temere, bens\u00ec proprio la gdo che pu\u00f2 permettersi prezzi cos\u00ec concorrenziali grazie alle leggi dei grandi numeri che noi non potremmo mai applicare e se non saranno frenati come almeno ad oggi dalla necessit\u00e0 di assumere un farmacista, inizieranno a vendere medicinali ad ogni angolo possibile e noi, (tutti noi farmacisti!!), ne verremo irrimediabilmente dequalificati perch\u00e8 sar\u00e0 solo la pubblicit\u00e0 a dare loro informazioni. Potrebbe essere il primo passo per togliere ogni funzione al farmacista, con le ricette elettroniche, etc.<\/p>\n<p>Per le stesse ragioni sarebbe anche opportuno fare un passo indietro con la possibilit\u00e0 data ai grossisti col precedente decreto-Bersani di gestire catene di parafarmacie (e farmacie) poich\u00e8 anche in quel caso il farmaco viene gestito come un qualunque bene di consumo.<br \/>\nChiederei al legislatore e agli organi competenti di fare in modo semmai che le attuali norme di legge vengano applicate, come ad es. la vendita di determinati farmaci in farmacia solo dietro obbligo di ricetta medica: in questi anni ho visto fare questi controlli solo al &#8220;Gabibbo&#8221;!<br \/>\nEd aggiungo che si potrebbe riflettere maggiormente sulla proposta del senatore Lanutti che evidentemente ha approfondito maggiormente il tema.<br \/>\nA tutti infine rivolgo la riflessione su tutto ci\u00f2, non per difendere un interesse di categoria, ma per tutelare la professionalit\u00e0 nella quale credo e che cos\u00ec come \u00e8 gestita ad oggi pu\u00f2 ancora garantire la salute degli utenti e non il semplice incremento delle vendite in nome della tanto osannata libera concorrenza che farebbe chiudere gli esercizi pi\u00f9 piccoli, proprio quelli pi\u00f9 vicini al cittadino con cui si pu\u00f2 instaurare un rapporto di fiducia. E&#8217;una delle poche cose che finora in Italia funzionano meglio che altrove, perch\u00e8 copiare sempre, anche il peggio ?<br \/>\nFiduciosa nel sopravvento del buon senso, pur in un paese in cui i messaggi pubblicitari sono cos\u00ec &#8220;sinceri&#8221; da far dire ad una tenera voce di bimba che per non sentire la crisi \u00e8 sufficiente bere cocacola, brindo con un fresco bicchiere di acqua del rubinetto ( gratuita, almeno finora).<\/p>\n<p>Cristina Muratore<br \/>\nwww.firmiamo.it\/salvasalute<\/p>","protected":false},"excerpt":{"rendered":"<p>Lettera aperta, Belluno martedi 23\/06\/2009 Oggetto: Proposta di raccolta firme. Appello: Si chiede di bloccare la proposta di legge Tommassini-Gasparri e qualunque iniziativa volta a promuovere la vendita dei medicinali (di qualunque tipo e confezione) senza l&#8217;obbligo della presenza del farmacista, nell&#8217;interesse della salute dei cittadini e per la salvaguardia e la dignit\u00e0 della professione [&hellip;]<\/p>\n","protected":false},"author":2,"featured_media":0,"comment_status":"closed","ping_status":"open","sticky":false,"template":"","format":"standard","meta":{"footnotes":""},"categories":[36,1],"tags":[139],"class_list":["post-5335","post","type-post","status-publish","format-standard","category-lavoro-economia","category-leo","tag-belluno"],"yoast_head":"<!-- This site is optimized with the Yoast SEO plugin v28.4 - https:\/\/yoast.com\/product\/yoast-seo-wordpress\/ -->\n<title>Una raccolta di firme per bloccare la proposta di legge Tommasini-Gasparri - Bellunopress - Dolomiti<\/title>\n<meta name=\"robots\" content=\"index, follow, max-snippet:-1, max-image-preview:large, max-video-preview:-1\" \/>\n<link rel=\"canonical\" href=\"https:\/\/www.bellunopress.it\/fr\/2009\/06\/24\/una-raccolta-di-firme-per-bloccare-la-proposta-di-legge-tommasini-gasparri\/\" \/>\n<meta property=\"og:locale\" content=\"fr_FR\" \/>\n<meta property=\"og:type\" content=\"article\" \/>\n<meta property=\"og:title\" content=\"Una raccolta di firme per bloccare la proposta di legge Tommasini-Gasparri - Bellunopress - Dolomiti\" \/>\n<meta property=\"og:description\" content=\"Lettera aperta, Belluno martedi 23\/06\/2009 Oggetto: Proposta di raccolta firme. Appello: Si chiede di bloccare la proposta di legge Tommassini-Gasparri e qualunque iniziativa volta a promuovere la vendita dei medicinali (di qualunque tipo e confezione) senza l&#8217;obbligo della presenza del farmacista, nell&#8217;interesse della salute dei cittadini e per la salvaguardia e la dignit\u00e0 della professione [&hellip;]\" \/>\n<meta property=\"og:url\" content=\"https:\/\/www.bellunopress.it\/fr\/2009\/06\/24\/una-raccolta-di-firme-per-bloccare-la-proposta-di-legge-tommasini-gasparri\/\" \/>\n<meta property=\"og:site_name\" content=\"Bellunopress - Dolomiti\" \/>\n<meta property=\"article:publisher\" content=\"https:\/\/www.facebook.com\/profile.php?id=100008943462799\" \/>\n<meta property=\"article:published_time\" content=\"2009-06-24T10:54:40+00:00\" \/>\n<meta property=\"og:image\" content=\"http:\/\/www.bellunopress.it\/wp-content\/uploads\/2012\/07\/logo-bellunopress-250x250-2012.jpg\" \/>\n<meta name=\"author\" content=\"redazione\" \/>\n<meta name=\"twitter:card\" content=\"summary_large_image\" \/>\n<meta name=\"twitter:creator\" content=\"@bellunopress\" \/>\n<meta name=\"twitter:site\" content=\"@bellunopress\" \/>\n<meta name=\"twitter:label1\" content=\"\u00c9crit par\" \/>\n\t<meta name=\"twitter:data1\" content=\"redazione\" \/>\n\t<meta name=\"twitter:label2\" content=\"Dur\u00e9e de lecture estim\u00e9e\" \/>\n\t<meta name=\"twitter:data2\" content=\"4 minutes\" \/>\n<script type=\"application\/ld+json\" class=\"yoast-schema-graph\">{\"@context\":\"https:\\\/\\\/schema.org\",\"@graph\":[{\"@type\":\"Article\",\"@id\":\"https:\\\/\\\/www.bellunopress.it\\\/2009\\\/06\\\/24\\\/una-raccolta-di-firme-per-bloccare-la-proposta-di-legge-tommasini-gasparri\\\/#article\",\"isPartOf\":{\"@id\":\"https:\\\/\\\/www.bellunopress.it\\\/2009\\\/06\\\/24\\\/una-raccolta-di-firme-per-bloccare-la-proposta-di-legge-tommasini-gasparri\\\/\"},\"author\":{\"name\":\"redazione\",\"@id\":\"https:\\\/\\\/www.bellunopress.it\\\/#\\\/schema\\\/person\\\/79bb06722b37ece1c03d3e94beb30d73\"},\"headline\":\"Una raccolta di firme per bloccare la proposta di legge Tommasini-Gasparri\",\"datePublished\":\"2009-06-24T10:54:40+00:00\",\"mainEntityOfPage\":{\"@id\":\"https:\\\/\\\/www.bellunopress.it\\\/2009\\\/06\\\/24\\\/una-raccolta-di-firme-per-bloccare-la-proposta-di-legge-tommasini-gasparri\\\/\"},\"wordCount\":764,\"publisher\":{\"@id\":\"https:\\\/\\\/www.bellunopress.it\\\/#organization\"},\"keywords\":[\"Belluno\"],\"articleSection\":[\"Lavoro, Economia, Turismo\",\"Lettere Opinioni\"],\"inLanguage\":\"fr-FR\"},{\"@type\":\"WebPage\",\"@id\":\"https:\\\/\\\/www.bellunopress.it\\\/2009\\\/06\\\/24\\\/una-raccolta-di-firme-per-bloccare-la-proposta-di-legge-tommasini-gasparri\\\/\",\"url\":\"https:\\\/\\\/www.bellunopress.it\\\/2009\\\/06\\\/24\\\/una-raccolta-di-firme-per-bloccare-la-proposta-di-legge-tommasini-gasparri\\\/\",\"name\":\"Una raccolta di firme per bloccare la proposta di legge Tommasini-Gasparri - Bellunopress - Dolomiti\",\"isPartOf\":{\"@id\":\"https:\\\/\\\/www.bellunopress.it\\\/#website\"},\"datePublished\":\"2009-06-24T10:54:40+00:00\",\"breadcrumb\":{\"@id\":\"https:\\\/\\\/www.bellunopress.it\\\/2009\\\/06\\\/24\\\/una-raccolta-di-firme-per-bloccare-la-proposta-di-legge-tommasini-gasparri\\\/#breadcrumb\"},\"inLanguage\":\"fr-FR\",\"potentialAction\":[{\"@type\":\"ReadAction\",\"target\":[\"https:\\\/\\\/www.bellunopress.it\\\/2009\\\/06\\\/24\\\/una-raccolta-di-firme-per-bloccare-la-proposta-di-legge-tommasini-gasparri\\\/\"]}]},{\"@type\":\"BreadcrumbList\",\"@id\":\"https:\\\/\\\/www.bellunopress.it\\\/2009\\\/06\\\/24\\\/una-raccolta-di-firme-per-bloccare-la-proposta-di-legge-tommasini-gasparri\\\/#breadcrumb\",\"itemListElement\":[{\"@type\":\"ListItem\",\"position\":1,\"name\":\"Home\",\"item\":\"https:\\\/\\\/www.bellunopress.it\\\/\"},{\"@type\":\"ListItem\",\"position\":2,\"name\":\"Una raccolta di firme per bloccare la proposta di legge Tommasini-Gasparri\"}]},{\"@type\":\"WebSite\",\"@id\":\"https:\\\/\\\/www.bellunopress.it\\\/#website\",\"url\":\"https:\\\/\\\/www.bellunopress.it\\\/\",\"name\":\"Bellunopress - Dolomiti\",\"description\":\"e-mail: redazione@bellunopress.it\",\"publisher\":{\"@id\":\"https:\\\/\\\/www.bellunopress.it\\\/#organization\"},\"potentialAction\":[{\"@type\":\"SearchAction\",\"target\":{\"@type\":\"EntryPoint\",\"urlTemplate\":\"https:\\\/\\\/www.bellunopress.it\\\/?s={search_term_string}\"},\"query-input\":{\"@type\":\"PropertyValueSpecification\",\"valueRequired\":true,\"valueName\":\"search_term_string\"}}],\"inLanguage\":\"fr-FR\"},{\"@type\":\"Organization\",\"@id\":\"https:\\\/\\\/www.bellunopress.it\\\/#organization\",\"name\":\"Bellunopress\",\"url\":\"https:\\\/\\\/www.bellunopress.it\\\/\",\"logo\":{\"@type\":\"ImageObject\",\"inLanguage\":\"fr-FR\",\"@id\":\"https:\\\/\\\/www.bellunopress.it\\\/#\\\/schema\\\/logo\\\/image\\\/\",\"url\":\"https:\\\/\\\/www.bellunopress.it\\\/wp-content\\\/uploads\\\/2011\\\/05\\\/cropped-logo-bellunopress-.jpg\",\"contentUrl\":\"https:\\\/\\\/www.bellunopress.it\\\/wp-content\\\/uploads\\\/2011\\\/05\\\/cropped-logo-bellunopress-.jpg\",\"width\":512,\"height\":512,\"caption\":\"Bellunopress\"},\"image\":{\"@id\":\"https:\\\/\\\/www.bellunopress.it\\\/#\\\/schema\\\/logo\\\/image\\\/\"},\"sameAs\":[\"https:\\\/\\\/www.facebook.com\\\/profile.php?id=100008943462799\",\"https:\\\/\\\/x.com\\\/bellunopress\",\"https:\\\/\\\/www.linkedin.com\\\/hp\\\/?dnr=JBzUWaJfMUw8vbXJJ2tVW5-I3jZKvC4wsoxE&amp;amp;amp;amp;amp;amp;trk=nav_responsive_tab_home\",\"https:\\\/\\\/www.youtube.com\\\/channel\\\/UCxL0wu1uN0_3_7hGG0306cw\"]},{\"@type\":\"Person\",\"@id\":\"https:\\\/\\\/www.bellunopress.it\\\/#\\\/schema\\\/person\\\/79bb06722b37ece1c03d3e94beb30d73\",\"name\":\"redazione\",\"image\":{\"@type\":\"ImageObject\",\"inLanguage\":\"fr-FR\",\"@id\":\"https:\\\/\\\/secure.gravatar.com\\\/avatar\\\/37d968a2e67a6fd04c169c4bdef102d0bc5d31b2546345219e348575eb80e9a0?s=96&d=mm&r=g\",\"url\":\"https:\\\/\\\/secure.gravatar.com\\\/avatar\\\/37d968a2e67a6fd04c169c4bdef102d0bc5d31b2546345219e348575eb80e9a0?s=96&d=mm&r=g\",\"contentUrl\":\"https:\\\/\\\/secure.gravatar.com\\\/avatar\\\/37d968a2e67a6fd04c169c4bdef102d0bc5d31b2546345219e348575eb80e9a0?s=96&d=mm&r=g\",\"caption\":\"redazione\"},\"sameAs\":[\"http:\\\/\\\/www.bellunopress.it\",\"https:\\\/\\\/x.com\\\/bellunopress\"],\"url\":\"https:\\\/\\\/www.bellunopress.it\\\/fr\\\/author\\\/redazione\\\/\"}]}<\/script>\n<!-- \/ Yoast SEO plugin. -->","yoast_head_json":{"title":"Una raccolta di firme per bloccare la proposta di legge Tommasini-Gasparri - Bellunopress - Dolomiti","robots":{"index":"index","follow":"follow","max-snippet":"max-snippet:-1","max-image-preview":"max-image-preview:large","max-video-preview":"max-video-preview:-1"},"canonical":"https:\/\/www.bellunopress.it\/fr\/2009\/06\/24\/una-raccolta-di-firme-per-bloccare-la-proposta-di-legge-tommasini-gasparri\/","og_locale":"fr_FR","og_type":"article","og_title":"Una raccolta di firme per bloccare la proposta di legge Tommasini-Gasparri - Bellunopress - Dolomiti","og_description":"Lettera aperta, Belluno martedi 23\/06\/2009 Oggetto: Proposta di raccolta firme. Appello: Si chiede di bloccare la proposta di legge Tommassini-Gasparri e qualunque iniziativa volta a promuovere la vendita dei medicinali (di qualunque tipo e confezione) senza l&#8217;obbligo della presenza del farmacista, nell&#8217;interesse della salute dei cittadini e per la salvaguardia e la dignit\u00e0 della professione [&hellip;]","og_url":"https:\/\/www.bellunopress.it\/fr\/2009\/06\/24\/una-raccolta-di-firme-per-bloccare-la-proposta-di-legge-tommasini-gasparri\/","og_site_name":"Bellunopress - Dolomiti","article_publisher":"https:\/\/www.facebook.com\/profile.php?id=100008943462799","article_published_time":"2009-06-24T10:54:40+00:00","og_image":[{"url":"http:\/\/www.bellunopress.it\/wp-content\/uploads\/2012\/07\/logo-bellunopress-250x250-2012.jpg","type":"","width":"","height":""}],"author":"redazione","twitter_card":"summary_large_image","twitter_creator":"@bellunopress","twitter_site":"@bellunopress","twitter_misc":{"\u00c9crit par":"redazione","Dur\u00e9e de lecture estim\u00e9e":"4 minutes"},"schema":{"@context":"https:\/\/schema.org","@graph":[{"@type":"Article","@id":"https:\/\/www.bellunopress.it\/2009\/06\/24\/una-raccolta-di-firme-per-bloccare-la-proposta-di-legge-tommasini-gasparri\/#article","isPartOf":{"@id":"https:\/\/www.bellunopress.it\/2009\/06\/24\/una-raccolta-di-firme-per-bloccare-la-proposta-di-legge-tommasini-gasparri\/"},"author":{"name":"redazione","@id":"https:\/\/www.bellunopress.it\/#\/schema\/person\/79bb06722b37ece1c03d3e94beb30d73"},"headline":"Una raccolta di firme per bloccare la proposta di legge Tommasini-Gasparri","datePublished":"2009-06-24T10:54:40+00:00","mainEntityOfPage":{"@id":"https:\/\/www.bellunopress.it\/2009\/06\/24\/una-raccolta-di-firme-per-bloccare-la-proposta-di-legge-tommasini-gasparri\/"},"wordCount":764,"publisher":{"@id":"https:\/\/www.bellunopress.it\/#organization"},"keywords":["Belluno"],"articleSection":["Lavoro, Economia, Turismo","Lettere Opinioni"],"inLanguage":"fr-FR"},{"@type":"WebPage","@id":"https:\/\/www.bellunopress.it\/2009\/06\/24\/una-raccolta-di-firme-per-bloccare-la-proposta-di-legge-tommasini-gasparri\/","url":"https:\/\/www.bellunopress.it\/2009\/06\/24\/una-raccolta-di-firme-per-bloccare-la-proposta-di-legge-tommasini-gasparri\/","name":"Una raccolta di firme per bloccare la proposta di legge Tommasini-Gasparri - Bellunopress - Dolomiti","isPartOf":{"@id":"https:\/\/www.bellunopress.it\/#website"},"datePublished":"2009-06-24T10:54:40+00:00","breadcrumb":{"@id":"https:\/\/www.bellunopress.it\/2009\/06\/24\/una-raccolta-di-firme-per-bloccare-la-proposta-di-legge-tommasini-gasparri\/#breadcrumb"},"inLanguage":"fr-FR","potentialAction":[{"@type":"ReadAction","target":["https:\/\/www.bellunopress.it\/2009\/06\/24\/una-raccolta-di-firme-per-bloccare-la-proposta-di-legge-tommasini-gasparri\/"]}]},{"@type":"BreadcrumbList","@id":"https:\/\/www.bellunopress.it\/2009\/06\/24\/una-raccolta-di-firme-per-bloccare-la-proposta-di-legge-tommasini-gasparri\/#breadcrumb","itemListElement":[{"@type":"ListItem","position":1,"name":"Home","item":"https:\/\/www.bellunopress.it\/"},{"@type":"ListItem","position":2,"name":"Una raccolta di firme per bloccare la proposta di legge Tommasini-Gasparri"}]},{"@type":"WebSite","@id":"https:\/\/www.bellunopress.it\/#website","url":"https:\/\/www.bellunopress.it\/","name":"Bellunopress - Dolomiti","description":"e-mail: redazione@bellunopress.it","publisher":{"@id":"https:\/\/www.bellunopress.it\/#organization"},"potentialAction":[{"@type":"SearchAction","target":{"@type":"EntryPoint","urlTemplate":"https:\/\/www.bellunopress.it\/?s={search_term_string}"},"query-input":{"@type":"PropertyValueSpecification","valueRequired":true,"valueName":"search_term_string"}}],"inLanguage":"fr-FR"},{"@type":"Organization","@id":"https:\/\/www.bellunopress.it\/#organization","name":"Bellunopress","url":"https:\/\/www.bellunopress.it\/","logo":{"@type":"ImageObject","inLanguage":"fr-FR","@id":"https:\/\/www.bellunopress.it\/#\/schema\/logo\/image\/","url":"https:\/\/www.bellunopress.it\/wp-content\/uploads\/2011\/05\/cropped-logo-bellunopress-.jpg","contentUrl":"https:\/\/www.bellunopress.it\/wp-content\/uploads\/2011\/05\/cropped-logo-bellunopress-.jpg","width":512,"height":512,"caption":"Bellunopress"},"image":{"@id":"https:\/\/www.bellunopress.it\/#\/schema\/logo\/image\/"},"sameAs":["https:\/\/www.facebook.com\/profile.php?id=100008943462799","https:\/\/x.com\/bellunopress","https:\/\/www.linkedin.com\/hp\/?dnr=JBzUWaJfMUw8vbXJJ2tVW5-I3jZKvC4wsoxE&amp;amp;amp;amp;amp;amp;trk=nav_responsive_tab_home","https:\/\/www.youtube.com\/channel\/UCxL0wu1uN0_3_7hGG0306cw"]},{"@type":"Person","@id":"https:\/\/www.bellunopress.it\/#\/schema\/person\/79bb06722b37ece1c03d3e94beb30d73","name":"r\u00e9daction","image":{"@type":"ImageObject","inLanguage":"fr-FR","@id":"https:\/\/secure.gravatar.com\/avatar\/37d968a2e67a6fd04c169c4bdef102d0bc5d31b2546345219e348575eb80e9a0?s=96&d=mm&r=g","url":"https:\/\/secure.gravatar.com\/avatar\/37d968a2e67a6fd04c169c4bdef102d0bc5d31b2546345219e348575eb80e9a0?s=96&d=mm&r=g","contentUrl":"https:\/\/secure.gravatar.com\/avatar\/37d968a2e67a6fd04c169c4bdef102d0bc5d31b2546345219e348575eb80e9a0?s=96&d=mm&r=g","caption":"redazione"},"sameAs":["http:\/\/www.bellunopress.it","https:\/\/x.com\/bellunopress"],"url":"https:\/\/www.bellunopress.it\/fr\/author\/redazione\/"}]}},"_links":{"self":[{"href":"https:\/\/www.bellunopress.it\/fr\/wp-json\/wp\/v2\/posts\/5335","targetHints":{"allow":["GET"]}}],"collection":[{"href":"https:\/\/www.bellunopress.it\/fr\/wp-json\/wp\/v2\/posts"}],"about":[{"href":"https:\/\/www.bellunopress.it\/fr\/wp-json\/wp\/v2\/types\/post"}],"author":[{"embeddable":true,"href":"https:\/\/www.bellunopress.it\/fr\/wp-json\/wp\/v2\/users\/2"}],"replies":[{"embeddable":true,"href":"https:\/\/www.bellunopress.it\/fr\/wp-json\/wp\/v2\/comments?post=5335"}],"version-history":[{"count":1,"href":"https:\/\/www.bellunopress.it\/fr\/wp-json\/wp\/v2\/posts\/5335\/revisions"}],"predecessor-version":[{"id":5336,"href":"https:\/\/www.bellunopress.it\/fr\/wp-json\/wp\/v2\/posts\/5335\/revisions\/5336"}],"wp:attachment":[{"href":"https:\/\/www.bellunopress.it\/fr\/wp-json\/wp\/v2\/media?parent=5335"}],"wp:term":[{"taxonomy":"category","embeddable":true,"href":"https:\/\/www.bellunopress.it\/fr\/wp-json\/wp\/v2\/categories?post=5335"},{"taxonomy":"post_tag","embeddable":true,"href":"https:\/\/www.bellunopress.it\/fr\/wp-json\/wp\/v2\/tags?post=5335"}],"curies":[{"name":"wp","href":"https:\/\/api.w.org\/{rel}","templated":true}]}}