{"id":53252,"date":"2013-10-08T15:41:18","date_gmt":"2013-10-08T14:41:18","guid":{"rendered":"http:\/\/www.bellunopress.it\/?p=53252"},"modified":"2013-10-08T16:43:58","modified_gmt":"2013-10-08T15:43:58","slug":"consiglio-generale-cisl-belluno-treviso-bonanni-a-longarone-giovedi-10-ottobre","status":"publish","type":"post","link":"https:\/\/www.bellunopress.it\/fr\/2013\/10\/08\/consiglio-generale-cisl-belluno-treviso-bonanni-a-longarone-giovedi-10-ottobre\/","title":{"rendered":"Consiglio Generale Cisl Belluno-Treviso: Bonanni a Longarone gioved\u00ec 10 ottobre"},"content":{"rendered":"<figure id=\"attachment_33436\" aria-describedby=\"caption-attachment-33436\" style=\"width: 145px\" class=\"wp-caption alignleft\"><a href=\"http:\/\/www.bellunopress.it\/wp-content\/uploads\/2011\/12\/anna-orsini-cisl.jpg\"><img loading=\"lazy\" decoding=\"async\" class=\"size-full wp-image-33436\" alt=\"Anna Orsini\" src=\"http:\/\/www.bellunopress.it\/wp-content\/uploads\/2011\/12\/anna-orsini-cisl.jpg\" width=\"145\" height=\"145\" \/><\/a><figcaption id=\"caption-attachment-33436\" class=\"wp-caption-text\">Anna Orsini<\/figcaption><\/figure>\n<p><span style=\"font-size: 13px;\">Nel 50esimo anniversario del disastro del Vajont, la Cisl Belluno Treviso sceglie di celebrare il suo primo Consiglio Generale dopo il Congresso di fusione tra i due territori a Longarone. L\u2019appuntamento, per gli oltre 200 fra dirigenti sindacali, segretari delle categorie, membri dei direttivi, delegati, enti e associazioni Cisl, \u00e8 fissato per gioved\u00ec 10 ottobre a partire dalle 9.30 (Sala Congressi della Fiera &#8211; via del Parco 3). Parteciper\u00e0 ai lavori il Segretario generale della Cisl Raffaele Bonanni, al quale sar\u00e0 affidato l\u2019intervento conclusivo.<\/span><\/p>\n<p>\u201cAbbiamo deciso &#8211; spiega il Segretario generale della Cisl Belluno Treviso Franco Lorenzon &#8211; di tenere i lavori del nostro primo Consiglio Generale dopo la fusione delle Unioni sindacali territoriali di Treviso e di Belluno a Longarone per condividere il dolore di questa terra e fare memoria della tragedia del Vajont non solo come del lutto per la morte di tante persone di un piccolo territorio, ma come di una vicenda sociale di importanza nazionale. La doverosa memoria di questo terribile evento, che, come ha stabilito l\u2019ONU nel 2008, \u00e8 stato il peggior disastro procurato al mondo dall\u2019uomo tra quelli che potevano essere evitati, ci spinge ad approfondire i temi dello sviluppo locale, dalle prospettive del manifatturiero, dell\u2019importanza della coesione sociale e della tutela dell\u2019ambiente\u201d.<\/p>\n<p>I lavori saranno aperti alle 9.30 da una breve introduzione del Segretario generale Franco Lorenzon, per proseguire con la relazione del Segretario generale aggiunto Anna Orsini e gli interventi dei presenti. Il leader nazionale della Cisl, Raffaele Bonanni, concluder\u00e0 i lavori.<\/p>","protected":false},"excerpt":{"rendered":"<p>Nel 50esimo anniversario del disastro del Vajont, la Cisl Belluno Treviso sceglie di celebrare il suo primo Consiglio Generale dopo il Congresso di fusione tra i due territori a Longarone. L\u2019appuntamento, per gli oltre 200 fra dirigenti sindacali, segretari delle categorie, membri dei direttivi, delegati, enti e associazioni Cisl, \u00e8 fissato per gioved\u00ec 10 ottobre [&hellip;]<\/p>\n","protected":false},"author":2,"featured_media":0,"comment_status":"closed","ping_status":"open","sticky":false,"template":"","format":"standard","meta":{"footnotes":""},"categories":[27,26],"tags":[],"class_list":["post-53252","post","type-post","status-publish","format-standard","category-appuntamenti","category-prima-pagina"],"yoast_head":"<!-- This site is optimized with the Yoast SEO plugin v28.4 - https:\/\/yoast.com\/product\/yoast-seo-wordpress\/ -->\n<title>Consiglio Generale Cisl Belluno-Treviso: Bonanni a Longarone gioved\u00ec 10 ottobre - Bellunopress - Dolomiti<\/title>\n<meta name=\"robots\" content=\"index, follow, max-snippet:-1, max-image-preview:large, max-video-preview:-1\" \/>\n<link rel=\"canonical\" href=\"https:\/\/www.bellunopress.it\/fr\/2013\/10\/08\/consiglio-generale-cisl-belluno-treviso-bonanni-a-longarone-giovedi-10-ottobre\/\" \/>\n<meta property=\"og:locale\" content=\"fr_FR\" \/>\n<meta property=\"og:type\" content=\"article\" \/>\n<meta property=\"og:title\" content=\"Consiglio Generale Cisl Belluno-Treviso: Bonanni a Longarone gioved\u00ec 10 ottobre - Bellunopress - Dolomiti\" \/>\n<meta property=\"og:description\" content=\"Nel 50esimo anniversario del disastro del Vajont, la Cisl Belluno Treviso sceglie di celebrare il suo primo Consiglio Generale dopo il Congresso di fusione tra i due territori a Longarone. L\u2019appuntamento, per gli oltre 200 fra dirigenti sindacali, segretari delle categorie, membri dei direttivi, delegati, enti e associazioni Cisl, \u00e8 fissato per gioved\u00ec 10 ottobre [&hellip;]\" \/>\n<meta property=\"og:url\" content=\"https:\/\/www.bellunopress.it\/fr\/2013\/10\/08\/consiglio-generale-cisl-belluno-treviso-bonanni-a-longarone-giovedi-10-ottobre\/\" \/>\n<meta property=\"og:site_name\" content=\"Bellunopress - Dolomiti\" \/>\n<meta property=\"article:publisher\" content=\"https:\/\/www.facebook.com\/profile.php?id=100008943462799\" \/>\n<meta property=\"article:published_time\" content=\"2013-10-08T14:41:18+00:00\" \/>\n<meta property=\"article:modified_time\" content=\"2013-10-08T15:43:58+00:00\" \/>\n<meta property=\"og:image\" content=\"http:\/\/www.bellunopress.it\/wp-content\/uploads\/2011\/12\/anna-orsini-cisl.jpg\" \/>\n<meta name=\"author\" content=\"redazione\" \/>\n<meta name=\"twitter:card\" content=\"summary_large_image\" \/>\n<meta name=\"twitter:creator\" content=\"@bellunopress\" \/>\n<meta name=\"twitter:site\" content=\"@bellunopress\" \/>\n<meta name=\"twitter:label1\" content=\"\u00c9crit par\" \/>\n\t<meta name=\"twitter:data1\" content=\"redazione\" \/>\n\t<meta name=\"twitter:label2\" content=\"Dur\u00e9e de lecture estim\u00e9e\" \/>\n\t<meta name=\"twitter:data2\" content=\"1 minute\" \/>\n<script type=\"application\/ld+json\" class=\"yoast-schema-graph\">{\"@context\":\"https:\\\/\\\/schema.org\",\"@graph\":[{\"@type\":\"Article\",\"@id\":\"https:\\\/\\\/www.bellunopress.it\\\/2013\\\/10\\\/08\\\/consiglio-generale-cisl-belluno-treviso-bonanni-a-longarone-giovedi-10-ottobre\\\/#article\",\"isPartOf\":{\"@id\":\"https:\\\/\\\/www.bellunopress.it\\\/2013\\\/10\\\/08\\\/consiglio-generale-cisl-belluno-treviso-bonanni-a-longarone-giovedi-10-ottobre\\\/\"},\"author\":{\"name\":\"redazione\",\"@id\":\"https:\\\/\\\/www.bellunopress.it\\\/#\\\/schema\\\/person\\\/79bb06722b37ece1c03d3e94beb30d73\"},\"headline\":\"Consiglio Generale Cisl Belluno-Treviso: Bonanni a Longarone gioved\u00ec 10 ottobre\",\"datePublished\":\"2013-10-08T14:41:18+00:00\",\"dateModified\":\"2013-10-08T15:43:58+00:00\",\"mainEntityOfPage\":{\"@id\":\"https:\\\/\\\/www.bellunopress.it\\\/2013\\\/10\\\/08\\\/consiglio-generale-cisl-belluno-treviso-bonanni-a-longarone-giovedi-10-ottobre\\\/\"},\"wordCount\":266,\"publisher\":{\"@id\":\"https:\\\/\\\/www.bellunopress.it\\\/#organization\"},\"image\":{\"@id\":\"https:\\\/\\\/www.bellunopress.it\\\/2013\\\/10\\\/08\\\/consiglio-generale-cisl-belluno-treviso-bonanni-a-longarone-giovedi-10-ottobre\\\/#primaryimage\"},\"thumbnailUrl\":\"http:\\\/\\\/www.bellunopress.it\\\/wp-content\\\/uploads\\\/2011\\\/12\\\/anna-orsini-cisl.jpg\",\"articleSection\":[\"Appuntamenti, Eventi\",\"Prima Pagina\"],\"inLanguage\":\"fr-FR\"},{\"@type\":\"WebPage\",\"@id\":\"https:\\\/\\\/www.bellunopress.it\\\/2013\\\/10\\\/08\\\/consiglio-generale-cisl-belluno-treviso-bonanni-a-longarone-giovedi-10-ottobre\\\/\",\"url\":\"https:\\\/\\\/www.bellunopress.it\\\/2013\\\/10\\\/08\\\/consiglio-generale-cisl-belluno-treviso-bonanni-a-longarone-giovedi-10-ottobre\\\/\",\"name\":\"Consiglio Generale Cisl Belluno-Treviso: Bonanni a Longarone gioved\u00ec 10 ottobre - Bellunopress - Dolomiti\",\"isPartOf\":{\"@id\":\"https:\\\/\\\/www.bellunopress.it\\\/#website\"},\"primaryImageOfPage\":{\"@id\":\"https:\\\/\\\/www.bellunopress.it\\\/2013\\\/10\\\/08\\\/consiglio-generale-cisl-belluno-treviso-bonanni-a-longarone-giovedi-10-ottobre\\\/#primaryimage\"},\"image\":{\"@id\":\"https:\\\/\\\/www.bellunopress.it\\\/2013\\\/10\\\/08\\\/consiglio-generale-cisl-belluno-treviso-bonanni-a-longarone-giovedi-10-ottobre\\\/#primaryimage\"},\"thumbnailUrl\":\"http:\\\/\\\/www.bellunopress.it\\\/wp-content\\\/uploads\\\/2011\\\/12\\\/anna-orsini-cisl.jpg\",\"datePublished\":\"2013-10-08T14:41:18+00:00\",\"dateModified\":\"2013-10-08T15:43:58+00:00\",\"breadcrumb\":{\"@id\":\"https:\\\/\\\/www.bellunopress.it\\\/2013\\\/10\\\/08\\\/consiglio-generale-cisl-belluno-treviso-bonanni-a-longarone-giovedi-10-ottobre\\\/#breadcrumb\"},\"inLanguage\":\"fr-FR\",\"potentialAction\":[{\"@type\":\"ReadAction\",\"target\":[\"https:\\\/\\\/www.bellunopress.it\\\/2013\\\/10\\\/08\\\/consiglio-generale-cisl-belluno-treviso-bonanni-a-longarone-giovedi-10-ottobre\\\/\"]}]},{\"@type\":\"ImageObject\",\"inLanguage\":\"fr-FR\",\"@id\":\"https:\\\/\\\/www.bellunopress.it\\\/2013\\\/10\\\/08\\\/consiglio-generale-cisl-belluno-treviso-bonanni-a-longarone-giovedi-10-ottobre\\\/#primaryimage\",\"url\":\"http:\\\/\\\/www.bellunopress.it\\\/wp-content\\\/uploads\\\/2011\\\/12\\\/anna-orsini-cisl.jpg\",\"contentUrl\":\"http:\\\/\\\/www.bellunopress.it\\\/wp-content\\\/uploads\\\/2011\\\/12\\\/anna-orsini-cisl.jpg\"},{\"@type\":\"BreadcrumbList\",\"@id\":\"https:\\\/\\\/www.bellunopress.it\\\/2013\\\/10\\\/08\\\/consiglio-generale-cisl-belluno-treviso-bonanni-a-longarone-giovedi-10-ottobre\\\/#breadcrumb\",\"itemListElement\":[{\"@type\":\"ListItem\",\"position\":1,\"name\":\"Home\",\"item\":\"https:\\\/\\\/www.bellunopress.it\\\/\"},{\"@type\":\"ListItem\",\"position\":2,\"name\":\"Consiglio Generale Cisl Belluno-Treviso: Bonanni a Longarone gioved\u00ec 10 ottobre\"}]},{\"@type\":\"WebSite\",\"@id\":\"https:\\\/\\\/www.bellunopress.it\\\/#website\",\"url\":\"https:\\\/\\\/www.bellunopress.it\\\/\",\"name\":\"Bellunopress - Dolomiti\",\"description\":\"e-mail: redazione@bellunopress.it\",\"publisher\":{\"@id\":\"https:\\\/\\\/www.bellunopress.it\\\/#organization\"},\"potentialAction\":[{\"@type\":\"SearchAction\",\"target\":{\"@type\":\"EntryPoint\",\"urlTemplate\":\"https:\\\/\\\/www.bellunopress.it\\\/?s={search_term_string}\"},\"query-input\":{\"@type\":\"PropertyValueSpecification\",\"valueRequired\":true,\"valueName\":\"search_term_string\"}}],\"inLanguage\":\"fr-FR\"},{\"@type\":\"Organization\",\"@id\":\"https:\\\/\\\/www.bellunopress.it\\\/#organization\",\"name\":\"Bellunopress\",\"url\":\"https:\\\/\\\/www.bellunopress.it\\\/\",\"logo\":{\"@type\":\"ImageObject\",\"inLanguage\":\"fr-FR\",\"@id\":\"https:\\\/\\\/www.bellunopress.it\\\/#\\\/schema\\\/logo\\\/image\\\/\",\"url\":\"https:\\\/\\\/www.bellunopress.it\\\/wp-content\\\/uploads\\\/2011\\\/05\\\/cropped-logo-bellunopress-.jpg\",\"contentUrl\":\"https:\\\/\\\/www.bellunopress.it\\\/wp-content\\\/uploads\\\/2011\\\/05\\\/cropped-logo-bellunopress-.jpg\",\"width\":512,\"height\":512,\"caption\":\"Bellunopress\"},\"image\":{\"@id\":\"https:\\\/\\\/www.bellunopress.it\\\/#\\\/schema\\\/logo\\\/image\\\/\"},\"sameAs\":[\"https:\\\/\\\/www.facebook.com\\\/profile.php?id=100008943462799\",\"https:\\\/\\\/x.com\\\/bellunopress\",\"https:\\\/\\\/www.linkedin.com\\\/hp\\\/?dnr=JBzUWaJfMUw8vbXJJ2tVW5-I3jZKvC4wsoxE&amp;amp;amp;amp;amp;amp;trk=nav_responsive_tab_home\",\"https:\\\/\\\/www.youtube.com\\\/channel\\\/UCxL0wu1uN0_3_7hGG0306cw\"]},{\"@type\":\"Person\",\"@id\":\"https:\\\/\\\/www.bellunopress.it\\\/#\\\/schema\\\/person\\\/79bb06722b37ece1c03d3e94beb30d73\",\"name\":\"redazione\",\"image\":{\"@type\":\"ImageObject\",\"inLanguage\":\"fr-FR\",\"@id\":\"https:\\\/\\\/secure.gravatar.com\\\/avatar\\\/37d968a2e67a6fd04c169c4bdef102d0bc5d31b2546345219e348575eb80e9a0?s=96&d=mm&r=g\",\"url\":\"https:\\\/\\\/secure.gravatar.com\\\/avatar\\\/37d968a2e67a6fd04c169c4bdef102d0bc5d31b2546345219e348575eb80e9a0?s=96&d=mm&r=g\",\"contentUrl\":\"https:\\\/\\\/secure.gravatar.com\\\/avatar\\\/37d968a2e67a6fd04c169c4bdef102d0bc5d31b2546345219e348575eb80e9a0?s=96&d=mm&r=g\",\"caption\":\"redazione\"},\"sameAs\":[\"http:\\\/\\\/www.bellunopress.it\",\"https:\\\/\\\/x.com\\\/bellunopress\"],\"url\":\"https:\\\/\\\/www.bellunopress.it\\\/fr\\\/author\\\/redazione\\\/\"}]}<\/script>\n<!-- \/ Yoast SEO plugin. -->","yoast_head_json":{"title":"Consiglio Generale Cisl Belluno-Treviso: Bonanni a Longarone gioved\u00ec 10 ottobre - Bellunopress - Dolomiti","robots":{"index":"index","follow":"follow","max-snippet":"max-snippet:-1","max-image-preview":"max-image-preview:large","max-video-preview":"max-video-preview:-1"},"canonical":"https:\/\/www.bellunopress.it\/fr\/2013\/10\/08\/consiglio-generale-cisl-belluno-treviso-bonanni-a-longarone-giovedi-10-ottobre\/","og_locale":"fr_FR","og_type":"article","og_title":"Consiglio Generale Cisl Belluno-Treviso: Bonanni a Longarone gioved\u00ec 10 ottobre - Bellunopress - Dolomiti","og_description":"Nel 50esimo anniversario del disastro del Vajont, la Cisl Belluno Treviso sceglie di celebrare il suo primo Consiglio Generale dopo il Congresso di fusione tra i due territori a Longarone. L\u2019appuntamento, per gli oltre 200 fra dirigenti sindacali, segretari delle categorie, membri dei direttivi, delegati, enti e associazioni Cisl, \u00e8 fissato per gioved\u00ec 10 ottobre [&hellip;]","og_url":"https:\/\/www.bellunopress.it\/fr\/2013\/10\/08\/consiglio-generale-cisl-belluno-treviso-bonanni-a-longarone-giovedi-10-ottobre\/","og_site_name":"Bellunopress - Dolomiti","article_publisher":"https:\/\/www.facebook.com\/profile.php?id=100008943462799","article_published_time":"2013-10-08T14:41:18+00:00","article_modified_time":"2013-10-08T15:43:58+00:00","og_image":[{"url":"http:\/\/www.bellunopress.it\/wp-content\/uploads\/2011\/12\/anna-orsini-cisl.jpg","type":"","width":"","height":""}],"author":"redazione","twitter_card":"summary_large_image","twitter_creator":"@bellunopress","twitter_site":"@bellunopress","twitter_misc":{"\u00c9crit par":"redazione","Dur\u00e9e de lecture estim\u00e9e":"1 minute"},"schema":{"@context":"https:\/\/schema.org","@graph":[{"@type":"Article","@id":"https:\/\/www.bellunopress.it\/2013\/10\/08\/consiglio-generale-cisl-belluno-treviso-bonanni-a-longarone-giovedi-10-ottobre\/#article","isPartOf":{"@id":"https:\/\/www.bellunopress.it\/2013\/10\/08\/consiglio-generale-cisl-belluno-treviso-bonanni-a-longarone-giovedi-10-ottobre\/"},"author":{"name":"redazione","@id":"https:\/\/www.bellunopress.it\/#\/schema\/person\/79bb06722b37ece1c03d3e94beb30d73"},"headline":"Consiglio Generale Cisl Belluno-Treviso: Bonanni a Longarone gioved\u00ec 10 ottobre","datePublished":"2013-10-08T14:41:18+00:00","dateModified":"2013-10-08T15:43:58+00:00","mainEntityOfPage":{"@id":"https:\/\/www.bellunopress.it\/2013\/10\/08\/consiglio-generale-cisl-belluno-treviso-bonanni-a-longarone-giovedi-10-ottobre\/"},"wordCount":266,"publisher":{"@id":"https:\/\/www.bellunopress.it\/#organization"},"image":{"@id":"https:\/\/www.bellunopress.it\/2013\/10\/08\/consiglio-generale-cisl-belluno-treviso-bonanni-a-longarone-giovedi-10-ottobre\/#primaryimage"},"thumbnailUrl":"http:\/\/www.bellunopress.it\/wp-content\/uploads\/2011\/12\/anna-orsini-cisl.jpg","articleSection":["Appuntamenti, Eventi","Prima Pagina"],"inLanguage":"fr-FR"},{"@type":"WebPage","@id":"https:\/\/www.bellunopress.it\/2013\/10\/08\/consiglio-generale-cisl-belluno-treviso-bonanni-a-longarone-giovedi-10-ottobre\/","url":"https:\/\/www.bellunopress.it\/2013\/10\/08\/consiglio-generale-cisl-belluno-treviso-bonanni-a-longarone-giovedi-10-ottobre\/","name":"Consiglio Generale Cisl Belluno-Treviso: Bonanni a Longarone gioved\u00ec 10 ottobre - Bellunopress - Dolomiti","isPartOf":{"@id":"https:\/\/www.bellunopress.it\/#website"},"primaryImageOfPage":{"@id":"https:\/\/www.bellunopress.it\/2013\/10\/08\/consiglio-generale-cisl-belluno-treviso-bonanni-a-longarone-giovedi-10-ottobre\/#primaryimage"},"image":{"@id":"https:\/\/www.bellunopress.it\/2013\/10\/08\/consiglio-generale-cisl-belluno-treviso-bonanni-a-longarone-giovedi-10-ottobre\/#primaryimage"},"thumbnailUrl":"http:\/\/www.bellunopress.it\/wp-content\/uploads\/2011\/12\/anna-orsini-cisl.jpg","datePublished":"2013-10-08T14:41:18+00:00","dateModified":"2013-10-08T15:43:58+00:00","breadcrumb":{"@id":"https:\/\/www.bellunopress.it\/2013\/10\/08\/consiglio-generale-cisl-belluno-treviso-bonanni-a-longarone-giovedi-10-ottobre\/#breadcrumb"},"inLanguage":"fr-FR","potentialAction":[{"@type":"ReadAction","target":["https:\/\/www.bellunopress.it\/2013\/10\/08\/consiglio-generale-cisl-belluno-treviso-bonanni-a-longarone-giovedi-10-ottobre\/"]}]},{"@type":"ImageObject","inLanguage":"fr-FR","@id":"https:\/\/www.bellunopress.it\/2013\/10\/08\/consiglio-generale-cisl-belluno-treviso-bonanni-a-longarone-giovedi-10-ottobre\/#primaryimage","url":"http:\/\/www.bellunopress.it\/wp-content\/uploads\/2011\/12\/anna-orsini-cisl.jpg","contentUrl":"http:\/\/www.bellunopress.it\/wp-content\/uploads\/2011\/12\/anna-orsini-cisl.jpg"},{"@type":"BreadcrumbList","@id":"https:\/\/www.bellunopress.it\/2013\/10\/08\/consiglio-generale-cisl-belluno-treviso-bonanni-a-longarone-giovedi-10-ottobre\/#breadcrumb","itemListElement":[{"@type":"ListItem","position":1,"name":"Home","item":"https:\/\/www.bellunopress.it\/"},{"@type":"ListItem","position":2,"name":"Consiglio Generale Cisl Belluno-Treviso: Bonanni a Longarone gioved\u00ec 10 ottobre"}]},{"@type":"WebSite","@id":"https:\/\/www.bellunopress.it\/#website","url":"https:\/\/www.bellunopress.it\/","name":"Bellunopress - Dolomiti","description":"e-mail: redazione@bellunopress.it","publisher":{"@id":"https:\/\/www.bellunopress.it\/#organization"},"potentialAction":[{"@type":"SearchAction","target":{"@type":"EntryPoint","urlTemplate":"https:\/\/www.bellunopress.it\/?s={search_term_string}"},"query-input":{"@type":"PropertyValueSpecification","valueRequired":true,"valueName":"search_term_string"}}],"inLanguage":"fr-FR"},{"@type":"Organization","@id":"https:\/\/www.bellunopress.it\/#organization","name":"Bellunopress","url":"https:\/\/www.bellunopress.it\/","logo":{"@type":"ImageObject","inLanguage":"fr-FR","@id":"https:\/\/www.bellunopress.it\/#\/schema\/logo\/image\/","url":"https:\/\/www.bellunopress.it\/wp-content\/uploads\/2011\/05\/cropped-logo-bellunopress-.jpg","contentUrl":"https:\/\/www.bellunopress.it\/wp-content\/uploads\/2011\/05\/cropped-logo-bellunopress-.jpg","width":512,"height":512,"caption":"Bellunopress"},"image":{"@id":"https:\/\/www.bellunopress.it\/#\/schema\/logo\/image\/"},"sameAs":["https:\/\/www.facebook.com\/profile.php?id=100008943462799","https:\/\/x.com\/bellunopress","https:\/\/www.linkedin.com\/hp\/?dnr=JBzUWaJfMUw8vbXJJ2tVW5-I3jZKvC4wsoxE&amp;amp;amp;amp;amp;amp;trk=nav_responsive_tab_home","https:\/\/www.youtube.com\/channel\/UCxL0wu1uN0_3_7hGG0306cw"]},{"@type":"Person","@id":"https:\/\/www.bellunopress.it\/#\/schema\/person\/79bb06722b37ece1c03d3e94beb30d73","name":"r\u00e9daction","image":{"@type":"ImageObject","inLanguage":"fr-FR","@id":"https:\/\/secure.gravatar.com\/avatar\/37d968a2e67a6fd04c169c4bdef102d0bc5d31b2546345219e348575eb80e9a0?s=96&d=mm&r=g","url":"https:\/\/secure.gravatar.com\/avatar\/37d968a2e67a6fd04c169c4bdef102d0bc5d31b2546345219e348575eb80e9a0?s=96&d=mm&r=g","contentUrl":"https:\/\/secure.gravatar.com\/avatar\/37d968a2e67a6fd04c169c4bdef102d0bc5d31b2546345219e348575eb80e9a0?s=96&d=mm&r=g","caption":"redazione"},"sameAs":["http:\/\/www.bellunopress.it","https:\/\/x.com\/bellunopress"],"url":"https:\/\/www.bellunopress.it\/fr\/author\/redazione\/"}]}},"_links":{"self":[{"href":"https:\/\/www.bellunopress.it\/fr\/wp-json\/wp\/v2\/posts\/53252","targetHints":{"allow":["GET"]}}],"collection":[{"href":"https:\/\/www.bellunopress.it\/fr\/wp-json\/wp\/v2\/posts"}],"about":[{"href":"https:\/\/www.bellunopress.it\/fr\/wp-json\/wp\/v2\/types\/post"}],"author":[{"embeddable":true,"href":"https:\/\/www.bellunopress.it\/fr\/wp-json\/wp\/v2\/users\/2"}],"replies":[{"embeddable":true,"href":"https:\/\/www.bellunopress.it\/fr\/wp-json\/wp\/v2\/comments?post=53252"}],"version-history":[{"count":1,"href":"https:\/\/www.bellunopress.it\/fr\/wp-json\/wp\/v2\/posts\/53252\/revisions"}],"predecessor-version":[{"id":53253,"href":"https:\/\/www.bellunopress.it\/fr\/wp-json\/wp\/v2\/posts\/53252\/revisions\/53253"}],"wp:attachment":[{"href":"https:\/\/www.bellunopress.it\/fr\/wp-json\/wp\/v2\/media?parent=53252"}],"wp:term":[{"taxonomy":"category","embeddable":true,"href":"https:\/\/www.bellunopress.it\/fr\/wp-json\/wp\/v2\/categories?post=53252"},{"taxonomy":"post_tag","embeddable":true,"href":"https:\/\/www.bellunopress.it\/fr\/wp-json\/wp\/v2\/tags?post=53252"}],"curies":[{"name":"wp","href":"https:\/\/api.w.org\/{rel}","templated":true}]}}