{"id":53239,"date":"2013-10-07T22:06:04","date_gmt":"2013-10-07T21:06:04","guid":{"rendered":"http:\/\/www.bellunopress.it\/?p=53239"},"modified":"2013-10-07T22:06:04","modified_gmt":"2013-10-07T21:06:04","slug":"vajont-la-voce-fuori-del-coro-di-un-superstite","status":"publish","type":"post","link":"https:\/\/www.bellunopress.it\/fr\/2013\/10\/07\/vajont-la-voce-fuori-del-coro-di-un-superstite\/","title":{"rendered":"Vajont, la voce fuori del coro di un superstite"},"content":{"rendered":"<div>Voglio raccontare due episodi ai quali sono stato presente pochi giorni prima\u00a0del disastro.<\/div>\n<div>Il primo a Longarone, dove mi sono recato da Igne dove abitavo, con mio nonno\u00a0a render visita ad un suo amico, il sig. Francesco &#8220;checo&#8221; Pioggia.<\/div>\n<div>Tra le chiacchiere parlarono della diga \u00a0Checo disse &#8220;Bepi, questa prima o poi\u00a0ci porter\u00e0 via tutti&#8221;<\/div>\n<div>Detto e fatto \u00e8 morto con tutta la famiglia.<\/div>\n<div>Il secondo a Villanova a casa di mio zio, dove ora si trovano i negozio Fercas\u00a0.<\/div>\n<div>Un&#8217;amica di mia zia che abitava circa dove ora c&#8217;\u00e8 l&#8217; azienda Teza,\u00a0\u00a0della famiglia Dalla Betta disse &#8220;cara Ada uno i questi<\/div>\n<div>giorni mi vedrai passare davanti a casa in barchetta&#8221;<\/div>\n<div>Non \u00e8 passata i barca ma l&#8217;acqua se l&#8217;\u00e8 portata\u00a0 con tutta la famiglia e di passaggio si \u00e8 portata anche la madre<\/div>\n<div>ed i due fratelli con\u00a0 le famiglie, abitavano\u00a0di fronte a mio zio, i miei parenti sono stati recuperati alle 3 del mattino, salvi.<\/div>\n<div>Se queste persone comuni , e non solo loro, presagivano questo evento perch\u00e9 gli scienziati geologi no?<\/div>\n<div>Domanda ormai stantia, ma perch\u00e9 l&#8217;attuale presidente degli scienziati\u00a0 geologi, che non deve esser un\u00a0ragazzino di primo pelo, ha aspettato il 50\u00b0 per parlare?<\/div>\n<div>Noi superstiti invece,\u00a0a parte i soliti noti, sappiamo benissimo lo scopo di questa\u00a0 baraonda\u00a0che nulla a che fare con noi e meno ancora con i nostri morti, ma serve a parecchia gente, con grande supporto dei media, per scopi politico\/ finanziari.<\/div>\n<div>Quanti anni dovranno passare\u00a0 perch\u00e9 qualcuno\u00a0 rispolveri\u00a0 questa storia e indaghi sullo sperpero vergognoso che \u00e8 stato fatto\u00a0dei soldi dei contribuenti ?<\/div>\n<div><\/div>\n<div>\u00a0 \u00a0 \u00a0 \u00a0 \u00a0 \u00a0 \u00a0 \u00a0 \u00a0 \u00a0 \u00a0 \u00a0 \u00a0 \u00a0 \u00a0 \u00a0 \u00a0 \u00a0 \u00a0 \u00a0 \u00a0 \u00a0 \u00a0 \u00a0 \u00a0 \u00a0 \u00a0 \u00a0 \u00a0 \u00a0 \u00a0 \u00a0 \u00a0 \u00a0 \u00a0 \u00a0 \u00a0 \u00a0 \u00a0 \u00a0 \u00a0 \u00a0 \u00a0 \u00a0 \u00a0 \u00a0 \u00a0 \u00a0Giuseppe De Cesero<\/div>","protected":false},"excerpt":{"rendered":"<p>Voglio raccontare due episodi ai quali sono stato presente pochi giorni prima\u00a0del disastro. Il primo a Longarone, dove mi sono recato da Igne dove abitavo, con mio nonno\u00a0a render visita ad un suo amico, il sig. Francesco &#8220;checo&#8221; Pioggia. Tra le chiacchiere parlarono della diga \u00a0Checo disse &#8220;Bepi, questa prima o poi\u00a0ci porter\u00e0 via tutti&#8221; [&hellip;]<\/p>\n","protected":false},"author":2,"featured_media":0,"comment_status":"closed","ping_status":"open","sticky":false,"template":"","format":"standard","meta":{"footnotes":""},"categories":[1,26],"tags":[],"class_list":["post-53239","post","type-post","status-publish","format-standard","category-leo","category-prima-pagina"],"yoast_head":"<!-- This site is optimized with the Yoast SEO plugin v28.4 - https:\/\/yoast.com\/product\/yoast-seo-wordpress\/ -->\n<title>Vajont, la voce fuori del coro di un superstite  - Bellunopress - Dolomiti<\/title>\n<meta name=\"robots\" content=\"index, follow, max-snippet:-1, max-image-preview:large, max-video-preview:-1\" \/>\n<link rel=\"canonical\" href=\"https:\/\/www.bellunopress.it\/fr\/2013\/10\/07\/vajont-la-voce-fuori-del-coro-di-un-superstite\/\" \/>\n<meta property=\"og:locale\" content=\"fr_FR\" \/>\n<meta property=\"og:type\" content=\"article\" \/>\n<meta property=\"og:title\" content=\"Vajont, la voce fuori del coro di un superstite  - Bellunopress - Dolomiti\" \/>\n<meta property=\"og:description\" content=\"Voglio raccontare due episodi ai quali sono stato presente pochi giorni prima\u00a0del disastro. Il primo a Longarone, dove mi sono recato da Igne dove abitavo, con mio nonno\u00a0a render visita ad un suo amico, il sig. Francesco &#8220;checo&#8221; Pioggia. Tra le chiacchiere parlarono della diga \u00a0Checo disse &#8220;Bepi, questa prima o poi\u00a0ci porter\u00e0 via tutti&#8221; [&hellip;]\" \/>\n<meta property=\"og:url\" content=\"https:\/\/www.bellunopress.it\/fr\/2013\/10\/07\/vajont-la-voce-fuori-del-coro-di-un-superstite\/\" \/>\n<meta property=\"og:site_name\" content=\"Bellunopress - Dolomiti\" \/>\n<meta property=\"article:publisher\" content=\"https:\/\/www.facebook.com\/profile.php?id=100008943462799\" \/>\n<meta property=\"article:published_time\" content=\"2013-10-07T21:06:04+00:00\" \/>\n<meta property=\"og:image\" content=\"http:\/\/www.bellunopress.it\/wp-content\/uploads\/2012\/07\/logo-bellunopress-250x250-2012.jpg\" \/>\n<meta name=\"author\" content=\"redazione\" \/>\n<meta name=\"twitter:card\" content=\"summary_large_image\" \/>\n<meta name=\"twitter:creator\" content=\"@bellunopress\" \/>\n<meta name=\"twitter:site\" content=\"@bellunopress\" \/>\n<meta name=\"twitter:label1\" content=\"\u00c9crit par\" \/>\n\t<meta name=\"twitter:data1\" content=\"redazione\" \/>\n\t<meta name=\"twitter:label2\" content=\"Dur\u00e9e de lecture estim\u00e9e\" \/>\n\t<meta name=\"twitter:data2\" content=\"1 minute\" \/>\n<script type=\"application\/ld+json\" class=\"yoast-schema-graph\">{\"@context\":\"https:\\\/\\\/schema.org\",\"@graph\":[{\"@type\":\"Article\",\"@id\":\"https:\\\/\\\/www.bellunopress.it\\\/2013\\\/10\\\/07\\\/vajont-la-voce-fuori-del-coro-di-un-superstite\\\/#article\",\"isPartOf\":{\"@id\":\"https:\\\/\\\/www.bellunopress.it\\\/2013\\\/10\\\/07\\\/vajont-la-voce-fuori-del-coro-di-un-superstite\\\/\"},\"author\":{\"name\":\"redazione\",\"@id\":\"https:\\\/\\\/www.bellunopress.it\\\/#\\\/schema\\\/person\\\/79bb06722b37ece1c03d3e94beb30d73\"},\"headline\":\"Vajont, la voce fuori del coro di un superstite\",\"datePublished\":\"2013-10-07T21:06:04+00:00\",\"mainEntityOfPage\":{\"@id\":\"https:\\\/\\\/www.bellunopress.it\\\/2013\\\/10\\\/07\\\/vajont-la-voce-fuori-del-coro-di-un-superstite\\\/\"},\"wordCount\":277,\"publisher\":{\"@id\":\"https:\\\/\\\/www.bellunopress.it\\\/#organization\"},\"articleSection\":[\"Lettere Opinioni\",\"Prima Pagina\"],\"inLanguage\":\"fr-FR\"},{\"@type\":\"WebPage\",\"@id\":\"https:\\\/\\\/www.bellunopress.it\\\/2013\\\/10\\\/07\\\/vajont-la-voce-fuori-del-coro-di-un-superstite\\\/\",\"url\":\"https:\\\/\\\/www.bellunopress.it\\\/2013\\\/10\\\/07\\\/vajont-la-voce-fuori-del-coro-di-un-superstite\\\/\",\"name\":\"Vajont, la voce fuori del coro di un superstite - Bellunopress - Dolomiti\",\"isPartOf\":{\"@id\":\"https:\\\/\\\/www.bellunopress.it\\\/#website\"},\"datePublished\":\"2013-10-07T21:06:04+00:00\",\"breadcrumb\":{\"@id\":\"https:\\\/\\\/www.bellunopress.it\\\/2013\\\/10\\\/07\\\/vajont-la-voce-fuori-del-coro-di-un-superstite\\\/#breadcrumb\"},\"inLanguage\":\"fr-FR\",\"potentialAction\":[{\"@type\":\"ReadAction\",\"target\":[\"https:\\\/\\\/www.bellunopress.it\\\/2013\\\/10\\\/07\\\/vajont-la-voce-fuori-del-coro-di-un-superstite\\\/\"]}]},{\"@type\":\"BreadcrumbList\",\"@id\":\"https:\\\/\\\/www.bellunopress.it\\\/2013\\\/10\\\/07\\\/vajont-la-voce-fuori-del-coro-di-un-superstite\\\/#breadcrumb\",\"itemListElement\":[{\"@type\":\"ListItem\",\"position\":1,\"name\":\"Home\",\"item\":\"https:\\\/\\\/www.bellunopress.it\\\/\"},{\"@type\":\"ListItem\",\"position\":2,\"name\":\"Vajont, la voce fuori del coro di un superstite\"}]},{\"@type\":\"WebSite\",\"@id\":\"https:\\\/\\\/www.bellunopress.it\\\/#website\",\"url\":\"https:\\\/\\\/www.bellunopress.it\\\/\",\"name\":\"Bellunopress - Dolomiti\",\"description\":\"e-mail: redazione@bellunopress.it\",\"publisher\":{\"@id\":\"https:\\\/\\\/www.bellunopress.it\\\/#organization\"},\"potentialAction\":[{\"@type\":\"SearchAction\",\"target\":{\"@type\":\"EntryPoint\",\"urlTemplate\":\"https:\\\/\\\/www.bellunopress.it\\\/?s={search_term_string}\"},\"query-input\":{\"@type\":\"PropertyValueSpecification\",\"valueRequired\":true,\"valueName\":\"search_term_string\"}}],\"inLanguage\":\"fr-FR\"},{\"@type\":\"Organization\",\"@id\":\"https:\\\/\\\/www.bellunopress.it\\\/#organization\",\"name\":\"Bellunopress\",\"url\":\"https:\\\/\\\/www.bellunopress.it\\\/\",\"logo\":{\"@type\":\"ImageObject\",\"inLanguage\":\"fr-FR\",\"@id\":\"https:\\\/\\\/www.bellunopress.it\\\/#\\\/schema\\\/logo\\\/image\\\/\",\"url\":\"https:\\\/\\\/www.bellunopress.it\\\/wp-content\\\/uploads\\\/2011\\\/05\\\/cropped-logo-bellunopress-.jpg\",\"contentUrl\":\"https:\\\/\\\/www.bellunopress.it\\\/wp-content\\\/uploads\\\/2011\\\/05\\\/cropped-logo-bellunopress-.jpg\",\"width\":512,\"height\":512,\"caption\":\"Bellunopress\"},\"image\":{\"@id\":\"https:\\\/\\\/www.bellunopress.it\\\/#\\\/schema\\\/logo\\\/image\\\/\"},\"sameAs\":[\"https:\\\/\\\/www.facebook.com\\\/profile.php?id=100008943462799\",\"https:\\\/\\\/x.com\\\/bellunopress\",\"https:\\\/\\\/www.linkedin.com\\\/hp\\\/?dnr=JBzUWaJfMUw8vbXJJ2tVW5-I3jZKvC4wsoxE&amp;amp;amp;amp;amp;amp;trk=nav_responsive_tab_home\",\"https:\\\/\\\/www.youtube.com\\\/channel\\\/UCxL0wu1uN0_3_7hGG0306cw\"]},{\"@type\":\"Person\",\"@id\":\"https:\\\/\\\/www.bellunopress.it\\\/#\\\/schema\\\/person\\\/79bb06722b37ece1c03d3e94beb30d73\",\"name\":\"redazione\",\"image\":{\"@type\":\"ImageObject\",\"inLanguage\":\"fr-FR\",\"@id\":\"https:\\\/\\\/secure.gravatar.com\\\/avatar\\\/37d968a2e67a6fd04c169c4bdef102d0bc5d31b2546345219e348575eb80e9a0?s=96&d=mm&r=g\",\"url\":\"https:\\\/\\\/secure.gravatar.com\\\/avatar\\\/37d968a2e67a6fd04c169c4bdef102d0bc5d31b2546345219e348575eb80e9a0?s=96&d=mm&r=g\",\"contentUrl\":\"https:\\\/\\\/secure.gravatar.com\\\/avatar\\\/37d968a2e67a6fd04c169c4bdef102d0bc5d31b2546345219e348575eb80e9a0?s=96&d=mm&r=g\",\"caption\":\"redazione\"},\"sameAs\":[\"http:\\\/\\\/www.bellunopress.it\",\"https:\\\/\\\/x.com\\\/bellunopress\"],\"url\":\"https:\\\/\\\/www.bellunopress.it\\\/fr\\\/author\\\/redazione\\\/\"}]}<\/script>\n<!-- \/ Yoast SEO plugin. -->","yoast_head_json":{"title":"Vajont, la voce fuori del coro di un superstite  - Bellunopress - Dolomiti","robots":{"index":"index","follow":"follow","max-snippet":"max-snippet:-1","max-image-preview":"max-image-preview:large","max-video-preview":"max-video-preview:-1"},"canonical":"https:\/\/www.bellunopress.it\/fr\/2013\/10\/07\/vajont-la-voce-fuori-del-coro-di-un-superstite\/","og_locale":"fr_FR","og_type":"article","og_title":"Vajont, la voce fuori del coro di un superstite  - Bellunopress - Dolomiti","og_description":"Voglio raccontare due episodi ai quali sono stato presente pochi giorni prima\u00a0del disastro. Il primo a Longarone, dove mi sono recato da Igne dove abitavo, con mio nonno\u00a0a render visita ad un suo amico, il sig. Francesco &#8220;checo&#8221; Pioggia. Tra le chiacchiere parlarono della diga \u00a0Checo disse &#8220;Bepi, questa prima o poi\u00a0ci porter\u00e0 via tutti&#8221; [&hellip;]","og_url":"https:\/\/www.bellunopress.it\/fr\/2013\/10\/07\/vajont-la-voce-fuori-del-coro-di-un-superstite\/","og_site_name":"Bellunopress - Dolomiti","article_publisher":"https:\/\/www.facebook.com\/profile.php?id=100008943462799","article_published_time":"2013-10-07T21:06:04+00:00","og_image":[{"url":"http:\/\/www.bellunopress.it\/wp-content\/uploads\/2012\/07\/logo-bellunopress-250x250-2012.jpg","type":"","width":"","height":""}],"author":"redazione","twitter_card":"summary_large_image","twitter_creator":"@bellunopress","twitter_site":"@bellunopress","twitter_misc":{"\u00c9crit par":"redazione","Dur\u00e9e de lecture estim\u00e9e":"1 minute"},"schema":{"@context":"https:\/\/schema.org","@graph":[{"@type":"Article","@id":"https:\/\/www.bellunopress.it\/2013\/10\/07\/vajont-la-voce-fuori-del-coro-di-un-superstite\/#article","isPartOf":{"@id":"https:\/\/www.bellunopress.it\/2013\/10\/07\/vajont-la-voce-fuori-del-coro-di-un-superstite\/"},"author":{"name":"redazione","@id":"https:\/\/www.bellunopress.it\/#\/schema\/person\/79bb06722b37ece1c03d3e94beb30d73"},"headline":"Vajont, la voce fuori del coro di un superstite","datePublished":"2013-10-07T21:06:04+00:00","mainEntityOfPage":{"@id":"https:\/\/www.bellunopress.it\/2013\/10\/07\/vajont-la-voce-fuori-del-coro-di-un-superstite\/"},"wordCount":277,"publisher":{"@id":"https:\/\/www.bellunopress.it\/#organization"},"articleSection":["Lettere Opinioni","Prima Pagina"],"inLanguage":"fr-FR"},{"@type":"WebPage","@id":"https:\/\/www.bellunopress.it\/2013\/10\/07\/vajont-la-voce-fuori-del-coro-di-un-superstite\/","url":"https:\/\/www.bellunopress.it\/2013\/10\/07\/vajont-la-voce-fuori-del-coro-di-un-superstite\/","name":"Vajont, la voce fuori del coro di un superstite - Bellunopress - Dolomiti","isPartOf":{"@id":"https:\/\/www.bellunopress.it\/#website"},"datePublished":"2013-10-07T21:06:04+00:00","breadcrumb":{"@id":"https:\/\/www.bellunopress.it\/2013\/10\/07\/vajont-la-voce-fuori-del-coro-di-un-superstite\/#breadcrumb"},"inLanguage":"fr-FR","potentialAction":[{"@type":"ReadAction","target":["https:\/\/www.bellunopress.it\/2013\/10\/07\/vajont-la-voce-fuori-del-coro-di-un-superstite\/"]}]},{"@type":"BreadcrumbList","@id":"https:\/\/www.bellunopress.it\/2013\/10\/07\/vajont-la-voce-fuori-del-coro-di-un-superstite\/#breadcrumb","itemListElement":[{"@type":"ListItem","position":1,"name":"Home","item":"https:\/\/www.bellunopress.it\/"},{"@type":"ListItem","position":2,"name":"Vajont, la voce fuori del coro di un superstite"}]},{"@type":"WebSite","@id":"https:\/\/www.bellunopress.it\/#website","url":"https:\/\/www.bellunopress.it\/","name":"Bellunopress - Dolomiti","description":"e-mail: redazione@bellunopress.it","publisher":{"@id":"https:\/\/www.bellunopress.it\/#organization"},"potentialAction":[{"@type":"SearchAction","target":{"@type":"EntryPoint","urlTemplate":"https:\/\/www.bellunopress.it\/?s={search_term_string}"},"query-input":{"@type":"PropertyValueSpecification","valueRequired":true,"valueName":"search_term_string"}}],"inLanguage":"fr-FR"},{"@type":"Organization","@id":"https:\/\/www.bellunopress.it\/#organization","name":"Bellunopress","url":"https:\/\/www.bellunopress.it\/","logo":{"@type":"ImageObject","inLanguage":"fr-FR","@id":"https:\/\/www.bellunopress.it\/#\/schema\/logo\/image\/","url":"https:\/\/www.bellunopress.it\/wp-content\/uploads\/2011\/05\/cropped-logo-bellunopress-.jpg","contentUrl":"https:\/\/www.bellunopress.it\/wp-content\/uploads\/2011\/05\/cropped-logo-bellunopress-.jpg","width":512,"height":512,"caption":"Bellunopress"},"image":{"@id":"https:\/\/www.bellunopress.it\/#\/schema\/logo\/image\/"},"sameAs":["https:\/\/www.facebook.com\/profile.php?id=100008943462799","https:\/\/x.com\/bellunopress","https:\/\/www.linkedin.com\/hp\/?dnr=JBzUWaJfMUw8vbXJJ2tVW5-I3jZKvC4wsoxE&amp;amp;amp;amp;amp;amp;trk=nav_responsive_tab_home","https:\/\/www.youtube.com\/channel\/UCxL0wu1uN0_3_7hGG0306cw"]},{"@type":"Person","@id":"https:\/\/www.bellunopress.it\/#\/schema\/person\/79bb06722b37ece1c03d3e94beb30d73","name":"r\u00e9daction","image":{"@type":"ImageObject","inLanguage":"fr-FR","@id":"https:\/\/secure.gravatar.com\/avatar\/37d968a2e67a6fd04c169c4bdef102d0bc5d31b2546345219e348575eb80e9a0?s=96&d=mm&r=g","url":"https:\/\/secure.gravatar.com\/avatar\/37d968a2e67a6fd04c169c4bdef102d0bc5d31b2546345219e348575eb80e9a0?s=96&d=mm&r=g","contentUrl":"https:\/\/secure.gravatar.com\/avatar\/37d968a2e67a6fd04c169c4bdef102d0bc5d31b2546345219e348575eb80e9a0?s=96&d=mm&r=g","caption":"redazione"},"sameAs":["http:\/\/www.bellunopress.it","https:\/\/x.com\/bellunopress"],"url":"https:\/\/www.bellunopress.it\/fr\/author\/redazione\/"}]}},"_links":{"self":[{"href":"https:\/\/www.bellunopress.it\/fr\/wp-json\/wp\/v2\/posts\/53239","targetHints":{"allow":["GET"]}}],"collection":[{"href":"https:\/\/www.bellunopress.it\/fr\/wp-json\/wp\/v2\/posts"}],"about":[{"href":"https:\/\/www.bellunopress.it\/fr\/wp-json\/wp\/v2\/types\/post"}],"author":[{"embeddable":true,"href":"https:\/\/www.bellunopress.it\/fr\/wp-json\/wp\/v2\/users\/2"}],"replies":[{"embeddable":true,"href":"https:\/\/www.bellunopress.it\/fr\/wp-json\/wp\/v2\/comments?post=53239"}],"version-history":[{"count":1,"href":"https:\/\/www.bellunopress.it\/fr\/wp-json\/wp\/v2\/posts\/53239\/revisions"}],"predecessor-version":[{"id":53240,"href":"https:\/\/www.bellunopress.it\/fr\/wp-json\/wp\/v2\/posts\/53239\/revisions\/53240"}],"wp:attachment":[{"href":"https:\/\/www.bellunopress.it\/fr\/wp-json\/wp\/v2\/media?parent=53239"}],"wp:term":[{"taxonomy":"category","embeddable":true,"href":"https:\/\/www.bellunopress.it\/fr\/wp-json\/wp\/v2\/categories?post=53239"},{"taxonomy":"post_tag","embeddable":true,"href":"https:\/\/www.bellunopress.it\/fr\/wp-json\/wp\/v2\/tags?post=53239"}],"curies":[{"name":"wp","href":"https:\/\/api.w.org\/{rel}","templated":true}]}}