{"id":53234,"date":"2013-10-07T19:28:07","date_gmt":"2013-10-07T18:28:07","guid":{"rendered":"http:\/\/www.bellunopress.it\/?p=53234"},"modified":"2013-10-07T19:29:07","modified_gmt":"2013-10-07T18:29:07","slug":"benvenuti-a-longarone-il-discorso-del-sindaco-roberto-padrin-al-consiglio-regionale-veneto","status":"publish","type":"post","link":"https:\/\/www.bellunopress.it\/fr\/2013\/10\/07\/benvenuti-a-longarone-il-discorso-del-sindaco-roberto-padrin-al-consiglio-regionale-veneto\/","title":{"rendered":"&#8220;Benvenuti a Longarone&#8221;. Il discorso del sindaco Roberto Padrin al Consiglio regionale del Veneto"},"content":{"rendered":"<figure id=\"attachment_43231\" aria-describedby=\"caption-attachment-43231\" style=\"width: 201px\" class=\"wp-caption alignleft\"><a href=\"http:\/\/www.bellunopress.it\/wp-content\/uploads\/2012\/10\/roberto-padrin-2.jpg\"><img loading=\"lazy\" decoding=\"async\" class=\"size-full wp-image-43231\" alt=\"Roberto Padrin\" src=\"http:\/\/www.bellunopress.it\/wp-content\/uploads\/2012\/10\/roberto-padrin-2.jpg\" width=\"201\" height=\"237\" \/><\/a><figcaption id=\"caption-attachment-43231\" class=\"wp-caption-text\">Roberto Padrin<\/figcaption><\/figure>\n<p><span style=\"font-size: 13px;\">&#8220;L&#8217;idea di svolgere una seduta del Consiglio Regionale a Longarone in occasione delle celebrazioni del cinquantesimo anniversario del disastro del Vajont \u00e8 stata accolta da questa comunit\u00e0 con spirito di gratitudine.\u00a0<\/span>Per questo \u00e8 doveroso porgere un atto di ringraziamento sincero ai consiglieri regionali che hanno inteso dedicarvi questa seduta.<\/p>\n<p>Di gratitudine, perch\u00e9 attesta l&#8217;attenzione delle istituzioni democratiche che ci rappresentano pi\u00f9 da vicino verso la tragedia che hanno vissuto le popolazioni di Longarone e Castellavazzo il 9 ottobre 1963 e la propria \u201conda\u201d negli anni successivi.<\/p>\n<p>E&#8217; doveroso riconoscere pubblicamente l&#8217;impegno pi\u00f9 che trentennale della Regione del Veneto, con un ufficio appositamente preposto presso la Sede regionale e del Genio Civile di Belluno, dedicato al disbrigo delle pratiche di ricostruzione successive al Vajont.<\/p>\n<p>Non \u00e8 oggi, per quanto riguarda il Comune che rappresento, il momento di formulare la \u201clista della spesa\u201d, come generalmente si fa, talvolta impropriamente, in occasione di incontri quale questo.<\/p>\n<p>Oggi corre solo l&#8217;obbligo da parte mia, di sottolineare come il monito della sciagura che abbiamo vissuto, una sciagura veneta, possa accompagnare l&#8217;approccio di quanti come i nostri rappresentanti in Consiglio Regionale si trovano ad affrontare ogni giorno problematiche connesse con la gestione del territorio.<\/p>\n<p>Da Longarone l&#8217;insegnamento a considerare attentamente l&#8217;approccio alle questioni ambientali sono potenti.<\/p>\n<p>A 50 anni dalla tragedia del Vajont \u00e8 necessario passare dalle parole ai fatti e mettere finalmente in atto serie politiche di prevenzione e tutela del territorio, ma alta dovr\u00e0 essere l&#8217;attenzione anche verso le attivit\u00e0 che l&#8217;uomo produce alla ricerca di uno sviluppo che si rivelerebbe effimero se non ponesse in primo piano la propria qualit\u00e0 di vita e quella del prossimo con il quale interagisse.<\/p>\n<p>E&#8217; questo quanto chiedono la nostra comunit\u00e0 stroncata e questo territorio devastato da un disastro nel quale l&#8217;imperizia e logiche del profitto hanno causato quella catastrofe che il Senato della Repubblica italiana, il primo giugno 2011, approvando un appropriato ddl ha inteso caratterizzare nel definire il 9 ottobre la Giornata nazionale in memoria delle vittime dei disastri ambientali e industriali causati dall&#8217;incuria dell&#8217;uomo. Solennit\u00e0 civile, dunque, ai sensi dell&#8217;art. 3 della legge 27 maggio 1949, n. 260.<\/p>\n<p>Trovo opportuno ricordare che nel 2008 la tragedia del Vajont venne indicata al primo posto tra i 5 peggiori esempi di gestione del territorio e dell&#8217; ambiente in un documento Onu presentato a Parigi, nel palazzo dell&#8217; Unesco, in occasione dell&#8217; International Year of Planet Earth (Iype). \u00abIl Vajont \u00e8 un classico esempio del fallimento di ingegneri e geologi nel comprendere il problema che tentavano di risolvere\u00bb, diceva il documento indirizzato a governi ed esperti con il monito a non ripetere gli stessi errori&#8221;.<\/p>\n<p>Al termine dell&#8217;intervento, Padrin ha trattato il tema della fusione dei comuni di Longarone e Castellavazzo, auspicando che\u00a0l&#8217;iniziativa possa essere ripetuta, allo scopo di rilevare che grandi passi in avanti, sono riscontrabili rispetto alla \u201clezione del Vajont\u201d.<\/p>\n<p>&nbsp;<\/p>\n<p>&nbsp;<\/p>\n<p>&nbsp;<\/p>\n<p>&nbsp;<\/p>\n<p>&nbsp;<\/p>","protected":false},"excerpt":{"rendered":"<p>&#8220;L&#8217;idea di svolgere una seduta del Consiglio Regionale a Longarone in occasione delle celebrazioni del cinquantesimo anniversario del disastro del Vajont \u00e8 stata accolta da questa comunit\u00e0 con spirito di gratitudine.\u00a0Per questo \u00e8 doveroso porgere un atto di ringraziamento sincero ai consiglieri regionali che hanno inteso dedicarvi questa seduta. Di gratitudine, perch\u00e9 attesta l&#8217;attenzione delle [&hellip;]<\/p>\n","protected":false},"author":2,"featured_media":0,"comment_status":"closed","ping_status":"open","sticky":false,"template":"","format":"standard","meta":{"footnotes":""},"categories":[5,26],"tags":[],"class_list":["post-53234","post","type-post","status-publish","format-standard","category-cronaca","category-prima-pagina"],"yoast_head":"<!-- This site is optimized with the Yoast SEO plugin v28.4 - https:\/\/yoast.com\/product\/yoast-seo-wordpress\/ -->\n<title>&quot;Benvenuti a Longarone&quot;. Il discorso del sindaco Roberto Padrin al Consiglio regionale del Veneto - Bellunopress - Dolomiti<\/title>\n<meta name=\"robots\" content=\"index, follow, max-snippet:-1, max-image-preview:large, max-video-preview:-1\" \/>\n<link rel=\"canonical\" href=\"https:\/\/www.bellunopress.it\/fr\/2013\/10\/07\/benvenuti-a-longarone-il-discorso-del-sindaco-roberto-padrin-al-consiglio-regionale-veneto\/\" \/>\n<meta property=\"og:locale\" content=\"fr_FR\" \/>\n<meta property=\"og:type\" content=\"article\" \/>\n<meta property=\"og:title\" content=\"&quot;Benvenuti a Longarone&quot;. Il discorso del sindaco Roberto Padrin al Consiglio regionale del Veneto - Bellunopress - Dolomiti\" \/>\n<meta property=\"og:description\" content=\"&#8220;L&#8217;idea di svolgere una seduta del Consiglio Regionale a Longarone in occasione delle celebrazioni del cinquantesimo anniversario del disastro del Vajont \u00e8 stata accolta da questa comunit\u00e0 con spirito di gratitudine.\u00a0Per questo \u00e8 doveroso porgere un atto di ringraziamento sincero ai consiglieri regionali che hanno inteso dedicarvi questa seduta. Di gratitudine, perch\u00e9 attesta l&#8217;attenzione delle [&hellip;]\" \/>\n<meta property=\"og:url\" content=\"https:\/\/www.bellunopress.it\/fr\/2013\/10\/07\/benvenuti-a-longarone-il-discorso-del-sindaco-roberto-padrin-al-consiglio-regionale-veneto\/\" \/>\n<meta property=\"og:site_name\" content=\"Bellunopress - Dolomiti\" \/>\n<meta property=\"article:publisher\" content=\"https:\/\/www.facebook.com\/profile.php?id=100008943462799\" \/>\n<meta property=\"article:published_time\" content=\"2013-10-07T18:28:07+00:00\" \/>\n<meta property=\"article:modified_time\" content=\"2013-10-07T18:29:07+00:00\" \/>\n<meta property=\"og:image\" content=\"http:\/\/www.bellunopress.it\/wp-content\/uploads\/2012\/10\/roberto-padrin-2.jpg\" \/>\n<meta name=\"author\" content=\"redazione\" \/>\n<meta name=\"twitter:card\" content=\"summary_large_image\" \/>\n<meta name=\"twitter:creator\" content=\"@bellunopress\" \/>\n<meta name=\"twitter:site\" content=\"@bellunopress\" \/>\n<meta name=\"twitter:label1\" content=\"\u00c9crit par\" \/>\n\t<meta name=\"twitter:data1\" content=\"redazione\" \/>\n\t<meta name=\"twitter:label2\" content=\"Dur\u00e9e de lecture estim\u00e9e\" \/>\n\t<meta name=\"twitter:data2\" content=\"2 minutes\" \/>\n<script type=\"application\/ld+json\" class=\"yoast-schema-graph\">{\"@context\":\"https:\\\/\\\/schema.org\",\"@graph\":[{\"@type\":\"Article\",\"@id\":\"https:\\\/\\\/www.bellunopress.it\\\/2013\\\/10\\\/07\\\/benvenuti-a-longarone-il-discorso-del-sindaco-roberto-padrin-al-consiglio-regionale-veneto\\\/#article\",\"isPartOf\":{\"@id\":\"https:\\\/\\\/www.bellunopress.it\\\/2013\\\/10\\\/07\\\/benvenuti-a-longarone-il-discorso-del-sindaco-roberto-padrin-al-consiglio-regionale-veneto\\\/\"},\"author\":{\"name\":\"redazione\",\"@id\":\"https:\\\/\\\/www.bellunopress.it\\\/#\\\/schema\\\/person\\\/79bb06722b37ece1c03d3e94beb30d73\"},\"headline\":\"&#8220;Benvenuti a Longarone&#8221;. Il discorso del sindaco Roberto Padrin al Consiglio regionale del Veneto\",\"datePublished\":\"2013-10-07T18:28:07+00:00\",\"dateModified\":\"2013-10-07T18:29:07+00:00\",\"mainEntityOfPage\":{\"@id\":\"https:\\\/\\\/www.bellunopress.it\\\/2013\\\/10\\\/07\\\/benvenuti-a-longarone-il-discorso-del-sindaco-roberto-padrin-al-consiglio-regionale-veneto\\\/\"},\"wordCount\":504,\"publisher\":{\"@id\":\"https:\\\/\\\/www.bellunopress.it\\\/#organization\"},\"image\":{\"@id\":\"https:\\\/\\\/www.bellunopress.it\\\/2013\\\/10\\\/07\\\/benvenuti-a-longarone-il-discorso-del-sindaco-roberto-padrin-al-consiglio-regionale-veneto\\\/#primaryimage\"},\"thumbnailUrl\":\"http:\\\/\\\/www.bellunopress.it\\\/wp-content\\\/uploads\\\/2012\\\/10\\\/roberto-padrin-2.jpg\",\"articleSection\":[\"Cronaca\\\/Politica\",\"Prima Pagina\"],\"inLanguage\":\"fr-FR\"},{\"@type\":\"WebPage\",\"@id\":\"https:\\\/\\\/www.bellunopress.it\\\/2013\\\/10\\\/07\\\/benvenuti-a-longarone-il-discorso-del-sindaco-roberto-padrin-al-consiglio-regionale-veneto\\\/\",\"url\":\"https:\\\/\\\/www.bellunopress.it\\\/2013\\\/10\\\/07\\\/benvenuti-a-longarone-il-discorso-del-sindaco-roberto-padrin-al-consiglio-regionale-veneto\\\/\",\"name\":\"\\\"Benvenuti a Longarone\\\". Il discorso del sindaco Roberto Padrin al Consiglio regionale del Veneto - Bellunopress - Dolomiti\",\"isPartOf\":{\"@id\":\"https:\\\/\\\/www.bellunopress.it\\\/#website\"},\"primaryImageOfPage\":{\"@id\":\"https:\\\/\\\/www.bellunopress.it\\\/2013\\\/10\\\/07\\\/benvenuti-a-longarone-il-discorso-del-sindaco-roberto-padrin-al-consiglio-regionale-veneto\\\/#primaryimage\"},\"image\":{\"@id\":\"https:\\\/\\\/www.bellunopress.it\\\/2013\\\/10\\\/07\\\/benvenuti-a-longarone-il-discorso-del-sindaco-roberto-padrin-al-consiglio-regionale-veneto\\\/#primaryimage\"},\"thumbnailUrl\":\"http:\\\/\\\/www.bellunopress.it\\\/wp-content\\\/uploads\\\/2012\\\/10\\\/roberto-padrin-2.jpg\",\"datePublished\":\"2013-10-07T18:28:07+00:00\",\"dateModified\":\"2013-10-07T18:29:07+00:00\",\"breadcrumb\":{\"@id\":\"https:\\\/\\\/www.bellunopress.it\\\/2013\\\/10\\\/07\\\/benvenuti-a-longarone-il-discorso-del-sindaco-roberto-padrin-al-consiglio-regionale-veneto\\\/#breadcrumb\"},\"inLanguage\":\"fr-FR\",\"potentialAction\":[{\"@type\":\"ReadAction\",\"target\":[\"https:\\\/\\\/www.bellunopress.it\\\/2013\\\/10\\\/07\\\/benvenuti-a-longarone-il-discorso-del-sindaco-roberto-padrin-al-consiglio-regionale-veneto\\\/\"]}]},{\"@type\":\"ImageObject\",\"inLanguage\":\"fr-FR\",\"@id\":\"https:\\\/\\\/www.bellunopress.it\\\/2013\\\/10\\\/07\\\/benvenuti-a-longarone-il-discorso-del-sindaco-roberto-padrin-al-consiglio-regionale-veneto\\\/#primaryimage\",\"url\":\"http:\\\/\\\/www.bellunopress.it\\\/wp-content\\\/uploads\\\/2012\\\/10\\\/roberto-padrin-2.jpg\",\"contentUrl\":\"http:\\\/\\\/www.bellunopress.it\\\/wp-content\\\/uploads\\\/2012\\\/10\\\/roberto-padrin-2.jpg\"},{\"@type\":\"BreadcrumbList\",\"@id\":\"https:\\\/\\\/www.bellunopress.it\\\/2013\\\/10\\\/07\\\/benvenuti-a-longarone-il-discorso-del-sindaco-roberto-padrin-al-consiglio-regionale-veneto\\\/#breadcrumb\",\"itemListElement\":[{\"@type\":\"ListItem\",\"position\":1,\"name\":\"Home\",\"item\":\"https:\\\/\\\/www.bellunopress.it\\\/\"},{\"@type\":\"ListItem\",\"position\":2,\"name\":\"&#8220;Benvenuti a Longarone&#8221;. Il discorso del sindaco Roberto Padrin al Consiglio regionale del Veneto\"}]},{\"@type\":\"WebSite\",\"@id\":\"https:\\\/\\\/www.bellunopress.it\\\/#website\",\"url\":\"https:\\\/\\\/www.bellunopress.it\\\/\",\"name\":\"Bellunopress - Dolomiti\",\"description\":\"e-mail: redazione@bellunopress.it\",\"publisher\":{\"@id\":\"https:\\\/\\\/www.bellunopress.it\\\/#organization\"},\"potentialAction\":[{\"@type\":\"SearchAction\",\"target\":{\"@type\":\"EntryPoint\",\"urlTemplate\":\"https:\\\/\\\/www.bellunopress.it\\\/?s={search_term_string}\"},\"query-input\":{\"@type\":\"PropertyValueSpecification\",\"valueRequired\":true,\"valueName\":\"search_term_string\"}}],\"inLanguage\":\"fr-FR\"},{\"@type\":\"Organization\",\"@id\":\"https:\\\/\\\/www.bellunopress.it\\\/#organization\",\"name\":\"Bellunopress\",\"url\":\"https:\\\/\\\/www.bellunopress.it\\\/\",\"logo\":{\"@type\":\"ImageObject\",\"inLanguage\":\"fr-FR\",\"@id\":\"https:\\\/\\\/www.bellunopress.it\\\/#\\\/schema\\\/logo\\\/image\\\/\",\"url\":\"https:\\\/\\\/www.bellunopress.it\\\/wp-content\\\/uploads\\\/2011\\\/05\\\/cropped-logo-bellunopress-.jpg\",\"contentUrl\":\"https:\\\/\\\/www.bellunopress.it\\\/wp-content\\\/uploads\\\/2011\\\/05\\\/cropped-logo-bellunopress-.jpg\",\"width\":512,\"height\":512,\"caption\":\"Bellunopress\"},\"image\":{\"@id\":\"https:\\\/\\\/www.bellunopress.it\\\/#\\\/schema\\\/logo\\\/image\\\/\"},\"sameAs\":[\"https:\\\/\\\/www.facebook.com\\\/profile.php?id=100008943462799\",\"https:\\\/\\\/x.com\\\/bellunopress\",\"https:\\\/\\\/www.linkedin.com\\\/hp\\\/?dnr=JBzUWaJfMUw8vbXJJ2tVW5-I3jZKvC4wsoxE&amp;amp;amp;amp;amp;amp;trk=nav_responsive_tab_home\",\"https:\\\/\\\/www.youtube.com\\\/channel\\\/UCxL0wu1uN0_3_7hGG0306cw\"]},{\"@type\":\"Person\",\"@id\":\"https:\\\/\\\/www.bellunopress.it\\\/#\\\/schema\\\/person\\\/79bb06722b37ece1c03d3e94beb30d73\",\"name\":\"redazione\",\"image\":{\"@type\":\"ImageObject\",\"inLanguage\":\"fr-FR\",\"@id\":\"https:\\\/\\\/secure.gravatar.com\\\/avatar\\\/37d968a2e67a6fd04c169c4bdef102d0bc5d31b2546345219e348575eb80e9a0?s=96&d=mm&r=g\",\"url\":\"https:\\\/\\\/secure.gravatar.com\\\/avatar\\\/37d968a2e67a6fd04c169c4bdef102d0bc5d31b2546345219e348575eb80e9a0?s=96&d=mm&r=g\",\"contentUrl\":\"https:\\\/\\\/secure.gravatar.com\\\/avatar\\\/37d968a2e67a6fd04c169c4bdef102d0bc5d31b2546345219e348575eb80e9a0?s=96&d=mm&r=g\",\"caption\":\"redazione\"},\"sameAs\":[\"http:\\\/\\\/www.bellunopress.it\",\"https:\\\/\\\/x.com\\\/bellunopress\"],\"url\":\"https:\\\/\\\/www.bellunopress.it\\\/fr\\\/author\\\/redazione\\\/\"}]}<\/script>\n<!-- \/ Yoast SEO plugin. -->","yoast_head_json":{"title":"\"Benvenuti a Longarone\". Il discorso del sindaco Roberto Padrin al Consiglio regionale del Veneto - Bellunopress - Dolomiti","robots":{"index":"index","follow":"follow","max-snippet":"max-snippet:-1","max-image-preview":"max-image-preview:large","max-video-preview":"max-video-preview:-1"},"canonical":"https:\/\/www.bellunopress.it\/fr\/2013\/10\/07\/benvenuti-a-longarone-il-discorso-del-sindaco-roberto-padrin-al-consiglio-regionale-veneto\/","og_locale":"fr_FR","og_type":"article","og_title":"\"Benvenuti a Longarone\". Il discorso del sindaco Roberto Padrin al Consiglio regionale del Veneto - Bellunopress - Dolomiti","og_description":"&#8220;L&#8217;idea di svolgere una seduta del Consiglio Regionale a Longarone in occasione delle celebrazioni del cinquantesimo anniversario del disastro del Vajont \u00e8 stata accolta da questa comunit\u00e0 con spirito di gratitudine.\u00a0Per questo \u00e8 doveroso porgere un atto di ringraziamento sincero ai consiglieri regionali che hanno inteso dedicarvi questa seduta. Di gratitudine, perch\u00e9 attesta l&#8217;attenzione delle [&hellip;]","og_url":"https:\/\/www.bellunopress.it\/fr\/2013\/10\/07\/benvenuti-a-longarone-il-discorso-del-sindaco-roberto-padrin-al-consiglio-regionale-veneto\/","og_site_name":"Bellunopress - Dolomiti","article_publisher":"https:\/\/www.facebook.com\/profile.php?id=100008943462799","article_published_time":"2013-10-07T18:28:07+00:00","article_modified_time":"2013-10-07T18:29:07+00:00","og_image":[{"url":"http:\/\/www.bellunopress.it\/wp-content\/uploads\/2012\/10\/roberto-padrin-2.jpg","type":"","width":"","height":""}],"author":"redazione","twitter_card":"summary_large_image","twitter_creator":"@bellunopress","twitter_site":"@bellunopress","twitter_misc":{"\u00c9crit par":"redazione","Dur\u00e9e de lecture estim\u00e9e":"2 minutes"},"schema":{"@context":"https:\/\/schema.org","@graph":[{"@type":"Article","@id":"https:\/\/www.bellunopress.it\/2013\/10\/07\/benvenuti-a-longarone-il-discorso-del-sindaco-roberto-padrin-al-consiglio-regionale-veneto\/#article","isPartOf":{"@id":"https:\/\/www.bellunopress.it\/2013\/10\/07\/benvenuti-a-longarone-il-discorso-del-sindaco-roberto-padrin-al-consiglio-regionale-veneto\/"},"author":{"name":"redazione","@id":"https:\/\/www.bellunopress.it\/#\/schema\/person\/79bb06722b37ece1c03d3e94beb30d73"},"headline":"&#8220;Benvenuti a Longarone&#8221;. Il discorso del sindaco Roberto Padrin al Consiglio regionale del Veneto","datePublished":"2013-10-07T18:28:07+00:00","dateModified":"2013-10-07T18:29:07+00:00","mainEntityOfPage":{"@id":"https:\/\/www.bellunopress.it\/2013\/10\/07\/benvenuti-a-longarone-il-discorso-del-sindaco-roberto-padrin-al-consiglio-regionale-veneto\/"},"wordCount":504,"publisher":{"@id":"https:\/\/www.bellunopress.it\/#organization"},"image":{"@id":"https:\/\/www.bellunopress.it\/2013\/10\/07\/benvenuti-a-longarone-il-discorso-del-sindaco-roberto-padrin-al-consiglio-regionale-veneto\/#primaryimage"},"thumbnailUrl":"http:\/\/www.bellunopress.it\/wp-content\/uploads\/2012\/10\/roberto-padrin-2.jpg","articleSection":["Cronaca\/Politica","Prima Pagina"],"inLanguage":"fr-FR"},{"@type":"WebPage","@id":"https:\/\/www.bellunopress.it\/2013\/10\/07\/benvenuti-a-longarone-il-discorso-del-sindaco-roberto-padrin-al-consiglio-regionale-veneto\/","url":"https:\/\/www.bellunopress.it\/2013\/10\/07\/benvenuti-a-longarone-il-discorso-del-sindaco-roberto-padrin-al-consiglio-regionale-veneto\/","name":"\"Benvenuti a Longarone\". Il discorso del sindaco Roberto Padrin al Consiglio regionale del Veneto - Bellunopress - Dolomiti","isPartOf":{"@id":"https:\/\/www.bellunopress.it\/#website"},"primaryImageOfPage":{"@id":"https:\/\/www.bellunopress.it\/2013\/10\/07\/benvenuti-a-longarone-il-discorso-del-sindaco-roberto-padrin-al-consiglio-regionale-veneto\/#primaryimage"},"image":{"@id":"https:\/\/www.bellunopress.it\/2013\/10\/07\/benvenuti-a-longarone-il-discorso-del-sindaco-roberto-padrin-al-consiglio-regionale-veneto\/#primaryimage"},"thumbnailUrl":"http:\/\/www.bellunopress.it\/wp-content\/uploads\/2012\/10\/roberto-padrin-2.jpg","datePublished":"2013-10-07T18:28:07+00:00","dateModified":"2013-10-07T18:29:07+00:00","breadcrumb":{"@id":"https:\/\/www.bellunopress.it\/2013\/10\/07\/benvenuti-a-longarone-il-discorso-del-sindaco-roberto-padrin-al-consiglio-regionale-veneto\/#breadcrumb"},"inLanguage":"fr-FR","potentialAction":[{"@type":"ReadAction","target":["https:\/\/www.bellunopress.it\/2013\/10\/07\/benvenuti-a-longarone-il-discorso-del-sindaco-roberto-padrin-al-consiglio-regionale-veneto\/"]}]},{"@type":"ImageObject","inLanguage":"fr-FR","@id":"https:\/\/www.bellunopress.it\/2013\/10\/07\/benvenuti-a-longarone-il-discorso-del-sindaco-roberto-padrin-al-consiglio-regionale-veneto\/#primaryimage","url":"http:\/\/www.bellunopress.it\/wp-content\/uploads\/2012\/10\/roberto-padrin-2.jpg","contentUrl":"http:\/\/www.bellunopress.it\/wp-content\/uploads\/2012\/10\/roberto-padrin-2.jpg"},{"@type":"BreadcrumbList","@id":"https:\/\/www.bellunopress.it\/2013\/10\/07\/benvenuti-a-longarone-il-discorso-del-sindaco-roberto-padrin-al-consiglio-regionale-veneto\/#breadcrumb","itemListElement":[{"@type":"ListItem","position":1,"name":"Home","item":"https:\/\/www.bellunopress.it\/"},{"@type":"ListItem","position":2,"name":"&#8220;Benvenuti a Longarone&#8221;. Il discorso del sindaco Roberto Padrin al Consiglio regionale del Veneto"}]},{"@type":"WebSite","@id":"https:\/\/www.bellunopress.it\/#website","url":"https:\/\/www.bellunopress.it\/","name":"Bellunopress - Dolomiti","description":"e-mail: redazione@bellunopress.it","publisher":{"@id":"https:\/\/www.bellunopress.it\/#organization"},"potentialAction":[{"@type":"SearchAction","target":{"@type":"EntryPoint","urlTemplate":"https:\/\/www.bellunopress.it\/?s={search_term_string}"},"query-input":{"@type":"PropertyValueSpecification","valueRequired":true,"valueName":"search_term_string"}}],"inLanguage":"fr-FR"},{"@type":"Organization","@id":"https:\/\/www.bellunopress.it\/#organization","name":"Bellunopress","url":"https:\/\/www.bellunopress.it\/","logo":{"@type":"ImageObject","inLanguage":"fr-FR","@id":"https:\/\/www.bellunopress.it\/#\/schema\/logo\/image\/","url":"https:\/\/www.bellunopress.it\/wp-content\/uploads\/2011\/05\/cropped-logo-bellunopress-.jpg","contentUrl":"https:\/\/www.bellunopress.it\/wp-content\/uploads\/2011\/05\/cropped-logo-bellunopress-.jpg","width":512,"height":512,"caption":"Bellunopress"},"image":{"@id":"https:\/\/www.bellunopress.it\/#\/schema\/logo\/image\/"},"sameAs":["https:\/\/www.facebook.com\/profile.php?id=100008943462799","https:\/\/x.com\/bellunopress","https:\/\/www.linkedin.com\/hp\/?dnr=JBzUWaJfMUw8vbXJJ2tVW5-I3jZKvC4wsoxE&amp;amp;amp;amp;amp;amp;trk=nav_responsive_tab_home","https:\/\/www.youtube.com\/channel\/UCxL0wu1uN0_3_7hGG0306cw"]},{"@type":"Person","@id":"https:\/\/www.bellunopress.it\/#\/schema\/person\/79bb06722b37ece1c03d3e94beb30d73","name":"r\u00e9daction","image":{"@type":"ImageObject","inLanguage":"fr-FR","@id":"https:\/\/secure.gravatar.com\/avatar\/37d968a2e67a6fd04c169c4bdef102d0bc5d31b2546345219e348575eb80e9a0?s=96&d=mm&r=g","url":"https:\/\/secure.gravatar.com\/avatar\/37d968a2e67a6fd04c169c4bdef102d0bc5d31b2546345219e348575eb80e9a0?s=96&d=mm&r=g","contentUrl":"https:\/\/secure.gravatar.com\/avatar\/37d968a2e67a6fd04c169c4bdef102d0bc5d31b2546345219e348575eb80e9a0?s=96&d=mm&r=g","caption":"redazione"},"sameAs":["http:\/\/www.bellunopress.it","https:\/\/x.com\/bellunopress"],"url":"https:\/\/www.bellunopress.it\/fr\/author\/redazione\/"}]}},"_links":{"self":[{"href":"https:\/\/www.bellunopress.it\/fr\/wp-json\/wp\/v2\/posts\/53234","targetHints":{"allow":["GET"]}}],"collection":[{"href":"https:\/\/www.bellunopress.it\/fr\/wp-json\/wp\/v2\/posts"}],"about":[{"href":"https:\/\/www.bellunopress.it\/fr\/wp-json\/wp\/v2\/types\/post"}],"author":[{"embeddable":true,"href":"https:\/\/www.bellunopress.it\/fr\/wp-json\/wp\/v2\/users\/2"}],"replies":[{"embeddable":true,"href":"https:\/\/www.bellunopress.it\/fr\/wp-json\/wp\/v2\/comments?post=53234"}],"version-history":[{"count":2,"href":"https:\/\/www.bellunopress.it\/fr\/wp-json\/wp\/v2\/posts\/53234\/revisions"}],"predecessor-version":[{"id":53237,"href":"https:\/\/www.bellunopress.it\/fr\/wp-json\/wp\/v2\/posts\/53234\/revisions\/53237"}],"wp:attachment":[{"href":"https:\/\/www.bellunopress.it\/fr\/wp-json\/wp\/v2\/media?parent=53234"}],"wp:term":[{"taxonomy":"category","embeddable":true,"href":"https:\/\/www.bellunopress.it\/fr\/wp-json\/wp\/v2\/categories?post=53234"},{"taxonomy":"post_tag","embeddable":true,"href":"https:\/\/www.bellunopress.it\/fr\/wp-json\/wp\/v2\/tags?post=53234"}],"curies":[{"name":"wp","href":"https:\/\/api.w.org\/{rel}","templated":true}]}}