{"id":5323,"date":"2009-06-24T09:24:18","date_gmt":"2009-06-24T08:24:18","guid":{"rendered":"http:\/\/www.bellunopress.it\/?p=5323"},"modified":"2009-06-24T09:24:18","modified_gmt":"2009-06-24T08:24:18","slug":"gli-insegnanti-di-religione-a-convegno-in-sala-muccin","status":"publish","type":"post","link":"https:\/\/www.bellunopress.it\/fr\/2009\/06\/24\/gli-insegnanti-di-religione-a-convegno-in-sala-muccin\/","title":{"rendered":"Gli insegnanti di religione a convegno in sala Muccin"},"content":{"rendered":"<p><a href=\"http:\/\/www.bellunopress.it\/wp-content\/uploads\/2009\/06\/ins-religione-leggera.jpg\"><img loading=\"lazy\" decoding=\"async\" class=\"alignleft size-medium wp-image-5324\" title=\"ins-religione-leggera\" src=\"http:\/\/www.bellunopress.it\/wp-content\/uploads\/2009\/06\/ins-religione-leggera.jpg\" alt=\"\" width=\"270\" height=\"203\" \/><\/a>Quasi 90 gli iscritti al convegno per gli insegnanti di religione cattolica (Irc) in corso da questa mattina al Centro \u201cGiovanni XXIII\u201d di Belluno. Organizzato dall\u2019Ufficio per l\u2019educazione, la scuola e l\u2019universit\u00e0 della diocesi di Belluno-Feltre, il convegno \u00e8 stato introdotto nella sala \u201cMuccin\u201d del plesso di piazza Piloni da don Graziano Dalla Caneva, direttore dell\u2019Ufficio, che ha lasciato la parola a don Chino Biscontin, teologo e sacerdote della diocesi di Concordia-Pordenone, per lo svolgimento del tema \u201cGes\u00f9 Cristo uomo e Dio, nel suo e nel nostro tempo\u201d. \u201cGli studi su Ges\u00f9 \u2013 ha detto don Biscontin \u2013 conoscono una rinnovata fioritura e, a livello divulgativo, la figura dell\u2019Uomo di Nazareth conosce una serie di riproposte, pi\u00f9 o meno felici\u201d. Nella prima parte della mattinata don Biscontin ha riassunto la situazione degli studi su Ges\u00f9, che dagli anni \u201980 del secolo scorso in ambito accademico assume il nome di Third quest (terza fase della ricerca, dopo la Leben-Jesu Forschung e la New quest), una fase che per definire esattamente i contorni della figura del Ges\u00f9 storico stima moltissimo gli studi sul contesto giudaico ed esseno del I secolo e le fonti extrabibliche. Nella seconda parte della mattinata e nel pomeriggio le relazioni di don Biscontin hanno spostato l\u2019attenzione dei presenti sul versante teologico della tematica: \u201cEssendo stato reso simile a noi in tutto, eccetto il peccato\u201d, una frase di san Paolo, \u00e8 il titolo della seconda relazione, mentre la terza ha per tema un approfondimento di quella branca della teologia che \u00e8 la soteriologia. Il Convegno proseguir\u00e0 oggi con Daniela Panero, piemontese, docente di religione e autrice di testi per l\u2019Irc nelle scuole, con una giornata dedicata alla letteratura e alle proposte didattiche circa il tema del convegno. Gioved\u00ec mattina, a concludere i lavori \u2013 che avranno un\u2019appendice pomeridiana con la visita dei docenti di religione a palazzo Crepadona per la mostra del Brustolon \u2013 \u00e8 stato invitato il sociologo Alessandro Castegnaro, direttore dell\u2019Osservatorio socio-religioso del Triveneto, che descriver\u00e0 la recente indagine sull\u2019alfabetizzazione religiosa dei giovani.<\/p>","protected":false},"excerpt":{"rendered":"<p>Quasi 90 gli iscritti al convegno per gli insegnanti di religione cattolica (Irc) in corso da questa mattina al Centro \u201cGiovanni XXIII\u201d di Belluno. Organizzato dall\u2019Ufficio per l\u2019educazione, la scuola e l\u2019universit\u00e0 della diocesi di Belluno-Feltre, il convegno \u00e8 stato introdotto nella sala \u201cMuccin\u201d del plesso di piazza Piloni da don Graziano Dalla Caneva, direttore [&hellip;]<\/p>\n","protected":false},"author":2,"featured_media":0,"comment_status":"closed","ping_status":"open","sticky":false,"template":"","format":"standard","meta":{"footnotes":""},"categories":[15],"tags":[139,302],"class_list":["post-5323","post","type-post","status-publish","format-standard","category-scuola","tag-belluno","tag-feltre"],"yoast_head":"<!-- This site is optimized with the Yoast SEO plugin v28.4 - https:\/\/yoast.com\/product\/yoast-seo-wordpress\/ -->\n<title>Gli insegnanti di religione a convegno in sala Muccin - Bellunopress - Dolomiti<\/title>\n<meta name=\"robots\" content=\"index, follow, max-snippet:-1, max-image-preview:large, max-video-preview:-1\" \/>\n<link rel=\"canonical\" href=\"https:\/\/www.bellunopress.it\/fr\/2009\/06\/24\/gli-insegnanti-di-religione-a-convegno-in-sala-muccin\/\" \/>\n<meta property=\"og:locale\" content=\"fr_FR\" \/>\n<meta property=\"og:type\" content=\"article\" \/>\n<meta property=\"og:title\" content=\"Gli insegnanti di religione a convegno in sala Muccin - Bellunopress - Dolomiti\" \/>\n<meta property=\"og:description\" content=\"Quasi 90 gli iscritti al convegno per gli insegnanti di religione cattolica (Irc) in corso da questa mattina al Centro \u201cGiovanni XXIII\u201d di Belluno. Organizzato dall\u2019Ufficio per l\u2019educazione, la scuola e l\u2019universit\u00e0 della diocesi di Belluno-Feltre, il convegno \u00e8 stato introdotto nella sala \u201cMuccin\u201d del plesso di piazza Piloni da don Graziano Dalla Caneva, direttore [&hellip;]\" \/>\n<meta property=\"og:url\" content=\"https:\/\/www.bellunopress.it\/fr\/2009\/06\/24\/gli-insegnanti-di-religione-a-convegno-in-sala-muccin\/\" \/>\n<meta property=\"og:site_name\" content=\"Bellunopress - Dolomiti\" \/>\n<meta property=\"article:publisher\" content=\"https:\/\/www.facebook.com\/profile.php?id=100008943462799\" \/>\n<meta property=\"article:published_time\" content=\"2009-06-24T08:24:18+00:00\" \/>\n<meta property=\"og:image\" content=\"http:\/\/www.bellunopress.it\/wp-content\/uploads\/2009\/06\/ins-religione-leggera.jpg\" \/>\n<meta name=\"author\" content=\"redazione\" \/>\n<meta name=\"twitter:card\" content=\"summary_large_image\" \/>\n<meta name=\"twitter:creator\" content=\"@bellunopress\" \/>\n<meta name=\"twitter:site\" content=\"@bellunopress\" \/>\n<meta name=\"twitter:label1\" content=\"Written by\" \/>\n\t<meta name=\"twitter:data1\" content=\"redazione\" \/>\n\t<meta name=\"twitter:label2\" content=\"Est. reading time\" \/>\n\t<meta name=\"twitter:data2\" content=\"2 minutes\" \/>\n<script type=\"application\/ld+json\" class=\"yoast-schema-graph\">{\"@context\":\"https:\\\/\\\/schema.org\",\"@graph\":[{\"@type\":\"Article\",\"@id\":\"https:\\\/\\\/www.bellunopress.it\\\/2009\\\/06\\\/24\\\/gli-insegnanti-di-religione-a-convegno-in-sala-muccin\\\/#article\",\"isPartOf\":{\"@id\":\"https:\\\/\\\/www.bellunopress.it\\\/2009\\\/06\\\/24\\\/gli-insegnanti-di-religione-a-convegno-in-sala-muccin\\\/\"},\"author\":{\"name\":\"redazione\",\"@id\":\"https:\\\/\\\/www.bellunopress.it\\\/#\\\/schema\\\/person\\\/79bb06722b37ece1c03d3e94beb30d73\"},\"headline\":\"Gli insegnanti di religione a convegno in sala Muccin\",\"datePublished\":\"2009-06-24T08:24:18+00:00\",\"mainEntityOfPage\":{\"@id\":\"https:\\\/\\\/www.bellunopress.it\\\/2009\\\/06\\\/24\\\/gli-insegnanti-di-religione-a-convegno-in-sala-muccin\\\/\"},\"wordCount\":345,\"publisher\":{\"@id\":\"https:\\\/\\\/www.bellunopress.it\\\/#organization\"},\"image\":{\"@id\":\"https:\\\/\\\/www.bellunopress.it\\\/2009\\\/06\\\/24\\\/gli-insegnanti-di-religione-a-convegno-in-sala-muccin\\\/#primaryimage\"},\"thumbnailUrl\":\"http:\\\/\\\/www.bellunopress.it\\\/wp-content\\\/uploads\\\/2009\\\/06\\\/ins-religione-leggera.jpg\",\"keywords\":[\"Belluno\",\"Feltre\"],\"articleSection\":[\"Scuola\"],\"inLanguage\":\"fr-FR\"},{\"@type\":\"WebPage\",\"@id\":\"https:\\\/\\\/www.bellunopress.it\\\/2009\\\/06\\\/24\\\/gli-insegnanti-di-religione-a-convegno-in-sala-muccin\\\/\",\"url\":\"https:\\\/\\\/www.bellunopress.it\\\/2009\\\/06\\\/24\\\/gli-insegnanti-di-religione-a-convegno-in-sala-muccin\\\/\",\"name\":\"Gli insegnanti di religione a convegno in sala Muccin - Bellunopress - Dolomiti\",\"isPartOf\":{\"@id\":\"https:\\\/\\\/www.bellunopress.it\\\/#website\"},\"primaryImageOfPage\":{\"@id\":\"https:\\\/\\\/www.bellunopress.it\\\/2009\\\/06\\\/24\\\/gli-insegnanti-di-religione-a-convegno-in-sala-muccin\\\/#primaryimage\"},\"image\":{\"@id\":\"https:\\\/\\\/www.bellunopress.it\\\/2009\\\/06\\\/24\\\/gli-insegnanti-di-religione-a-convegno-in-sala-muccin\\\/#primaryimage\"},\"thumbnailUrl\":\"http:\\\/\\\/www.bellunopress.it\\\/wp-content\\\/uploads\\\/2009\\\/06\\\/ins-religione-leggera.jpg\",\"datePublished\":\"2009-06-24T08:24:18+00:00\",\"breadcrumb\":{\"@id\":\"https:\\\/\\\/www.bellunopress.it\\\/2009\\\/06\\\/24\\\/gli-insegnanti-di-religione-a-convegno-in-sala-muccin\\\/#breadcrumb\"},\"inLanguage\":\"fr-FR\",\"potentialAction\":[{\"@type\":\"ReadAction\",\"target\":[\"https:\\\/\\\/www.bellunopress.it\\\/2009\\\/06\\\/24\\\/gli-insegnanti-di-religione-a-convegno-in-sala-muccin\\\/\"]}]},{\"@type\":\"ImageObject\",\"inLanguage\":\"fr-FR\",\"@id\":\"https:\\\/\\\/www.bellunopress.it\\\/2009\\\/06\\\/24\\\/gli-insegnanti-di-religione-a-convegno-in-sala-muccin\\\/#primaryimage\",\"url\":\"http:\\\/\\\/www.bellunopress.it\\\/wp-content\\\/uploads\\\/2009\\\/06\\\/ins-religione-leggera.jpg\",\"contentUrl\":\"http:\\\/\\\/www.bellunopress.it\\\/wp-content\\\/uploads\\\/2009\\\/06\\\/ins-religione-leggera.jpg\"},{\"@type\":\"BreadcrumbList\",\"@id\":\"https:\\\/\\\/www.bellunopress.it\\\/2009\\\/06\\\/24\\\/gli-insegnanti-di-religione-a-convegno-in-sala-muccin\\\/#breadcrumb\",\"itemListElement\":[{\"@type\":\"ListItem\",\"position\":1,\"name\":\"Home\",\"item\":\"https:\\\/\\\/www.bellunopress.it\\\/\"},{\"@type\":\"ListItem\",\"position\":2,\"name\":\"Gli insegnanti di religione a convegno in sala Muccin\"}]},{\"@type\":\"WebSite\",\"@id\":\"https:\\\/\\\/www.bellunopress.it\\\/#website\",\"url\":\"https:\\\/\\\/www.bellunopress.it\\\/\",\"name\":\"Bellunopress - Dolomiti\",\"description\":\"e-mail: redazione@bellunopress.it\",\"publisher\":{\"@id\":\"https:\\\/\\\/www.bellunopress.it\\\/#organization\"},\"potentialAction\":[{\"@type\":\"SearchAction\",\"target\":{\"@type\":\"EntryPoint\",\"urlTemplate\":\"https:\\\/\\\/www.bellunopress.it\\\/?s={search_term_string}\"},\"query-input\":{\"@type\":\"PropertyValueSpecification\",\"valueRequired\":true,\"valueName\":\"search_term_string\"}}],\"inLanguage\":\"fr-FR\"},{\"@type\":\"Organization\",\"@id\":\"https:\\\/\\\/www.bellunopress.it\\\/#organization\",\"name\":\"Bellunopress\",\"url\":\"https:\\\/\\\/www.bellunopress.it\\\/\",\"logo\":{\"@type\":\"ImageObject\",\"inLanguage\":\"fr-FR\",\"@id\":\"https:\\\/\\\/www.bellunopress.it\\\/#\\\/schema\\\/logo\\\/image\\\/\",\"url\":\"https:\\\/\\\/www.bellunopress.it\\\/wp-content\\\/uploads\\\/2011\\\/05\\\/cropped-logo-bellunopress-.jpg\",\"contentUrl\":\"https:\\\/\\\/www.bellunopress.it\\\/wp-content\\\/uploads\\\/2011\\\/05\\\/cropped-logo-bellunopress-.jpg\",\"width\":512,\"height\":512,\"caption\":\"Bellunopress\"},\"image\":{\"@id\":\"https:\\\/\\\/www.bellunopress.it\\\/#\\\/schema\\\/logo\\\/image\\\/\"},\"sameAs\":[\"https:\\\/\\\/www.facebook.com\\\/profile.php?id=100008943462799\",\"https:\\\/\\\/x.com\\\/bellunopress\",\"https:\\\/\\\/www.linkedin.com\\\/hp\\\/?dnr=JBzUWaJfMUw8vbXJJ2tVW5-I3jZKvC4wsoxE&amp;amp;amp;amp;amp;amp;trk=nav_responsive_tab_home\",\"https:\\\/\\\/www.youtube.com\\\/channel\\\/UCxL0wu1uN0_3_7hGG0306cw\"]},{\"@type\":\"Person\",\"@id\":\"https:\\\/\\\/www.bellunopress.it\\\/#\\\/schema\\\/person\\\/79bb06722b37ece1c03d3e94beb30d73\",\"name\":\"redazione\",\"image\":{\"@type\":\"ImageObject\",\"inLanguage\":\"fr-FR\",\"@id\":\"https:\\\/\\\/secure.gravatar.com\\\/avatar\\\/37d968a2e67a6fd04c169c4bdef102d0bc5d31b2546345219e348575eb80e9a0?s=96&d=mm&r=g\",\"url\":\"https:\\\/\\\/secure.gravatar.com\\\/avatar\\\/37d968a2e67a6fd04c169c4bdef102d0bc5d31b2546345219e348575eb80e9a0?s=96&d=mm&r=g\",\"contentUrl\":\"https:\\\/\\\/secure.gravatar.com\\\/avatar\\\/37d968a2e67a6fd04c169c4bdef102d0bc5d31b2546345219e348575eb80e9a0?s=96&d=mm&r=g\",\"caption\":\"redazione\"},\"sameAs\":[\"http:\\\/\\\/www.bellunopress.it\",\"https:\\\/\\\/x.com\\\/bellunopress\"],\"url\":\"https:\\\/\\\/www.bellunopress.it\\\/fr\\\/author\\\/redazione\\\/\"}]}<\/script>\n<!-- \/ Yoast SEO plugin. -->","yoast_head_json":{"title":"Gli insegnanti di religione a convegno in sala Muccin - Bellunopress - Dolomiti","robots":{"index":"index","follow":"follow","max-snippet":"max-snippet:-1","max-image-preview":"max-image-preview:large","max-video-preview":"max-video-preview:-1"},"canonical":"https:\/\/www.bellunopress.it\/fr\/2009\/06\/24\/gli-insegnanti-di-religione-a-convegno-in-sala-muccin\/","og_locale":"fr_FR","og_type":"article","og_title":"Gli insegnanti di religione a convegno in sala Muccin - Bellunopress - Dolomiti","og_description":"Quasi 90 gli iscritti al convegno per gli insegnanti di religione cattolica (Irc) in corso da questa mattina al Centro \u201cGiovanni XXIII\u201d di Belluno. Organizzato dall\u2019Ufficio per l\u2019educazione, la scuola e l\u2019universit\u00e0 della diocesi di Belluno-Feltre, il convegno \u00e8 stato introdotto nella sala \u201cMuccin\u201d del plesso di piazza Piloni da don Graziano Dalla Caneva, direttore [&hellip;]","og_url":"https:\/\/www.bellunopress.it\/fr\/2009\/06\/24\/gli-insegnanti-di-religione-a-convegno-in-sala-muccin\/","og_site_name":"Bellunopress - Dolomiti","article_publisher":"https:\/\/www.facebook.com\/profile.php?id=100008943462799","article_published_time":"2009-06-24T08:24:18+00:00","og_image":[{"url":"http:\/\/www.bellunopress.it\/wp-content\/uploads\/2009\/06\/ins-religione-leggera.jpg","type":"","width":"","height":""}],"author":"redazione","twitter_card":"summary_large_image","twitter_creator":"@bellunopress","twitter_site":"@bellunopress","twitter_misc":{"Written by":"redazione","Est. reading time":"2 minutes"},"schema":{"@context":"https:\/\/schema.org","@graph":[{"@type":"Article","@id":"https:\/\/www.bellunopress.it\/2009\/06\/24\/gli-insegnanti-di-religione-a-convegno-in-sala-muccin\/#article","isPartOf":{"@id":"https:\/\/www.bellunopress.it\/2009\/06\/24\/gli-insegnanti-di-religione-a-convegno-in-sala-muccin\/"},"author":{"name":"redazione","@id":"https:\/\/www.bellunopress.it\/#\/schema\/person\/79bb06722b37ece1c03d3e94beb30d73"},"headline":"Gli insegnanti di religione a convegno in sala Muccin","datePublished":"2009-06-24T08:24:18+00:00","mainEntityOfPage":{"@id":"https:\/\/www.bellunopress.it\/2009\/06\/24\/gli-insegnanti-di-religione-a-convegno-in-sala-muccin\/"},"wordCount":345,"publisher":{"@id":"https:\/\/www.bellunopress.it\/#organization"},"image":{"@id":"https:\/\/www.bellunopress.it\/2009\/06\/24\/gli-insegnanti-di-religione-a-convegno-in-sala-muccin\/#primaryimage"},"thumbnailUrl":"http:\/\/www.bellunopress.it\/wp-content\/uploads\/2009\/06\/ins-religione-leggera.jpg","keywords":["Belluno","Feltre"],"articleSection":["Scuola"],"inLanguage":"fr-FR"},{"@type":"WebPage","@id":"https:\/\/www.bellunopress.it\/2009\/06\/24\/gli-insegnanti-di-religione-a-convegno-in-sala-muccin\/","url":"https:\/\/www.bellunopress.it\/2009\/06\/24\/gli-insegnanti-di-religione-a-convegno-in-sala-muccin\/","name":"Gli insegnanti di religione a convegno in sala Muccin - Bellunopress - Dolomiti","isPartOf":{"@id":"https:\/\/www.bellunopress.it\/#website"},"primaryImageOfPage":{"@id":"https:\/\/www.bellunopress.it\/2009\/06\/24\/gli-insegnanti-di-religione-a-convegno-in-sala-muccin\/#primaryimage"},"image":{"@id":"https:\/\/www.bellunopress.it\/2009\/06\/24\/gli-insegnanti-di-religione-a-convegno-in-sala-muccin\/#primaryimage"},"thumbnailUrl":"http:\/\/www.bellunopress.it\/wp-content\/uploads\/2009\/06\/ins-religione-leggera.jpg","datePublished":"2009-06-24T08:24:18+00:00","breadcrumb":{"@id":"https:\/\/www.bellunopress.it\/2009\/06\/24\/gli-insegnanti-di-religione-a-convegno-in-sala-muccin\/#breadcrumb"},"inLanguage":"fr-FR","potentialAction":[{"@type":"ReadAction","target":["https:\/\/www.bellunopress.it\/2009\/06\/24\/gli-insegnanti-di-religione-a-convegno-in-sala-muccin\/"]}]},{"@type":"ImageObject","inLanguage":"fr-FR","@id":"https:\/\/www.bellunopress.it\/2009\/06\/24\/gli-insegnanti-di-religione-a-convegno-in-sala-muccin\/#primaryimage","url":"http:\/\/www.bellunopress.it\/wp-content\/uploads\/2009\/06\/ins-religione-leggera.jpg","contentUrl":"http:\/\/www.bellunopress.it\/wp-content\/uploads\/2009\/06\/ins-religione-leggera.jpg"},{"@type":"BreadcrumbList","@id":"https:\/\/www.bellunopress.it\/2009\/06\/24\/gli-insegnanti-di-religione-a-convegno-in-sala-muccin\/#breadcrumb","itemListElement":[{"@type":"ListItem","position":1,"name":"Home","item":"https:\/\/www.bellunopress.it\/"},{"@type":"ListItem","position":2,"name":"Gli insegnanti di religione a convegno in sala Muccin"}]},{"@type":"WebSite","@id":"https:\/\/www.bellunopress.it\/#website","url":"https:\/\/www.bellunopress.it\/","name":"Bellunopress - Dolomiti","description":"e-mail: redazione@bellunopress.it","publisher":{"@id":"https:\/\/www.bellunopress.it\/#organization"},"potentialAction":[{"@type":"SearchAction","target":{"@type":"EntryPoint","urlTemplate":"https:\/\/www.bellunopress.it\/?s={search_term_string}"},"query-input":{"@type":"PropertyValueSpecification","valueRequired":true,"valueName":"search_term_string"}}],"inLanguage":"fr-FR"},{"@type":"Organization","@id":"https:\/\/www.bellunopress.it\/#organization","name":"Bellunopress","url":"https:\/\/www.bellunopress.it\/","logo":{"@type":"ImageObject","inLanguage":"fr-FR","@id":"https:\/\/www.bellunopress.it\/#\/schema\/logo\/image\/","url":"https:\/\/www.bellunopress.it\/wp-content\/uploads\/2011\/05\/cropped-logo-bellunopress-.jpg","contentUrl":"https:\/\/www.bellunopress.it\/wp-content\/uploads\/2011\/05\/cropped-logo-bellunopress-.jpg","width":512,"height":512,"caption":"Bellunopress"},"image":{"@id":"https:\/\/www.bellunopress.it\/#\/schema\/logo\/image\/"},"sameAs":["https:\/\/www.facebook.com\/profile.php?id=100008943462799","https:\/\/x.com\/bellunopress","https:\/\/www.linkedin.com\/hp\/?dnr=JBzUWaJfMUw8vbXJJ2tVW5-I3jZKvC4wsoxE&amp;amp;amp;amp;amp;amp;trk=nav_responsive_tab_home","https:\/\/www.youtube.com\/channel\/UCxL0wu1uN0_3_7hGG0306cw"]},{"@type":"Person","@id":"https:\/\/www.bellunopress.it\/#\/schema\/person\/79bb06722b37ece1c03d3e94beb30d73","name":"r\u00e9daction","image":{"@type":"ImageObject","inLanguage":"fr-FR","@id":"https:\/\/secure.gravatar.com\/avatar\/37d968a2e67a6fd04c169c4bdef102d0bc5d31b2546345219e348575eb80e9a0?s=96&d=mm&r=g","url":"https:\/\/secure.gravatar.com\/avatar\/37d968a2e67a6fd04c169c4bdef102d0bc5d31b2546345219e348575eb80e9a0?s=96&d=mm&r=g","contentUrl":"https:\/\/secure.gravatar.com\/avatar\/37d968a2e67a6fd04c169c4bdef102d0bc5d31b2546345219e348575eb80e9a0?s=96&d=mm&r=g","caption":"redazione"},"sameAs":["http:\/\/www.bellunopress.it","https:\/\/x.com\/bellunopress"],"url":"https:\/\/www.bellunopress.it\/fr\/author\/redazione\/"}]}},"_links":{"self":[{"href":"https:\/\/www.bellunopress.it\/fr\/wp-json\/wp\/v2\/posts\/5323","targetHints":{"allow":["GET"]}}],"collection":[{"href":"https:\/\/www.bellunopress.it\/fr\/wp-json\/wp\/v2\/posts"}],"about":[{"href":"https:\/\/www.bellunopress.it\/fr\/wp-json\/wp\/v2\/types\/post"}],"author":[{"embeddable":true,"href":"https:\/\/www.bellunopress.it\/fr\/wp-json\/wp\/v2\/users\/2"}],"replies":[{"embeddable":true,"href":"https:\/\/www.bellunopress.it\/fr\/wp-json\/wp\/v2\/comments?post=5323"}],"version-history":[{"count":1,"href":"https:\/\/www.bellunopress.it\/fr\/wp-json\/wp\/v2\/posts\/5323\/revisions"}],"predecessor-version":[{"id":5325,"href":"https:\/\/www.bellunopress.it\/fr\/wp-json\/wp\/v2\/posts\/5323\/revisions\/5325"}],"wp:attachment":[{"href":"https:\/\/www.bellunopress.it\/fr\/wp-json\/wp\/v2\/media?parent=5323"}],"wp:term":[{"taxonomy":"category","embeddable":true,"href":"https:\/\/www.bellunopress.it\/fr\/wp-json\/wp\/v2\/categories?post=5323"},{"taxonomy":"post_tag","embeddable":true,"href":"https:\/\/www.bellunopress.it\/fr\/wp-json\/wp\/v2\/tags?post=5323"}],"curies":[{"name":"wp","href":"https:\/\/api.w.org\/{rel}","templated":true}]}}