{"id":53223,"date":"2013-10-08T07:54:36","date_gmt":"2013-10-08T06:54:36","guid":{"rendered":"http:\/\/www.bellunopress.it\/?p=53223"},"modified":"2013-10-07T19:10:57","modified_gmt":"2013-10-07T18:10:57","slug":"53223","status":"publish","type":"post","link":"https:\/\/www.bellunopress.it\/fr\/2013\/10\/08\/53223\/","title":{"rendered":"Si attende il certificato di collaudo per aprire il nuovo ponte sul torrente Runal a Farra d&#8217;Alpago"},"content":{"rendered":"<p>\u201cIl nuovo ponte sul torrente Runal sar\u00e0 inaugurato a breve, non appena arriver\u00e0 in Comune il certificato di collaudo\u201d. Floriano De Pra, sindaco di Farra d\u2019Alpago, risponde cos\u00ec alle perplessit\u00e0 e alle proteste sollevate da alcuni residenti nella zona dove il nuovo ponte veicolare, gi\u00e0 installato a fianco della vecchia passerella e collaudato staticamente alcuni mesi fa, non \u00e8 ancora entrato in funzione. Il nuovo ponte, collocato a fianco della vecchia e stretta passerella ora adibita solo a passaggio ciclopedonale, congiunge la zona della palestra, in prossimit\u00e0 della provinciale 423 e della nuova rotonda, con la frazione Villaggio Riviera. Gli abitanti della medesima frazione attualmente si immettono sulla strada provinciale per raggiungere in auto il centro di Farra. Con l\u2019apertura di questo ponte, che verr\u00e0 dotato di un impianto di illuminazione, il problema dovrebbe essere finalmente risolto. Il finanziamento regionale copre pi\u00f9 o meno il settanta per cento dell\u2019opera. Altri finanziamenti per lavori in quella zona sono stati stanziati dalla Regione per interventi d\u2019urgenza gestiti dal Genio civile che ha eretto un argine sul Runal in prossimit\u00e0 della rotonda che conduce a Villaggio Riviera attraverso il ponte che sta per essere sostituito. \u201cLe prove di carico sono gi\u00e0 avvenute con successo\u201d, spiega De Pra, \u201cora per aprirlo attendiamo dal Genio civile il certificato completo che prende in considerazione anche l\u2019esito delle analisi sui materiali impiegati per la sua costruzione come il cemento e l\u2019acciaio e avvenute dopo. E\u2019un\u2019opera che abbiamo voluto, che riteniamo importante e che inaugureremo appena otteremo quel documento. Rimango comunque come sempre a disposizione dei cittadini per qualsiasi chiarimento in merito\u201d.<\/p>","protected":false},"excerpt":{"rendered":"<p>\u201cIl nuovo ponte sul torrente Runal sar\u00e0 inaugurato a breve, non appena arriver\u00e0 in Comune il certificato di collaudo\u201d. Floriano De Pra, sindaco di Farra d\u2019Alpago, risponde cos\u00ec alle perplessit\u00e0 e alle proteste sollevate da alcuni residenti nella zona dove il nuovo ponte veicolare, gi\u00e0 installato a fianco della vecchia passerella e collaudato staticamente alcuni [&hellip;]<\/p>\n","protected":false},"author":2,"featured_media":0,"comment_status":"closed","ping_status":"open","sticky":false,"template":"","format":"standard","meta":{"footnotes":""},"categories":[5,26],"tags":[],"class_list":["post-53223","post","type-post","status-publish","format-standard","category-cronaca","category-prima-pagina"],"yoast_head":"<!-- This site is optimized with the Yoast SEO plugin v28.4 - https:\/\/yoast.com\/product\/yoast-seo-wordpress\/ -->\n<title>Si attende il certificato di collaudo per aprire il nuovo ponte sul torrente Runal a Farra d&#039;Alpago - Bellunopress - Dolomiti<\/title>\n<meta name=\"robots\" content=\"index, follow, max-snippet:-1, max-image-preview:large, max-video-preview:-1\" \/>\n<link rel=\"canonical\" href=\"https:\/\/www.bellunopress.it\/fr\/2013\/10\/08\/53223\/\" \/>\n<meta property=\"og:locale\" content=\"fr_FR\" \/>\n<meta property=\"og:type\" content=\"article\" \/>\n<meta property=\"og:title\" content=\"Si attende il certificato di collaudo per aprire il nuovo ponte sul torrente Runal a Farra d&#039;Alpago - Bellunopress - Dolomiti\" \/>\n<meta property=\"og:description\" content=\"\u201cIl nuovo ponte sul torrente Runal sar\u00e0 inaugurato a breve, non appena arriver\u00e0 in Comune il certificato di collaudo\u201d. Floriano De Pra, sindaco di Farra d\u2019Alpago, risponde cos\u00ec alle perplessit\u00e0 e alle proteste sollevate da alcuni residenti nella zona dove il nuovo ponte veicolare, gi\u00e0 installato a fianco della vecchia passerella e collaudato staticamente alcuni [&hellip;]\" \/>\n<meta property=\"og:url\" content=\"https:\/\/www.bellunopress.it\/fr\/2013\/10\/08\/53223\/\" \/>\n<meta property=\"og:site_name\" content=\"Bellunopress - Dolomiti\" \/>\n<meta property=\"article:publisher\" content=\"https:\/\/www.facebook.com\/profile.php?id=100008943462799\" \/>\n<meta property=\"article:published_time\" content=\"2013-10-08T06:54:36+00:00\" \/>\n<meta property=\"og:image\" content=\"http:\/\/www.bellunopress.it\/wp-content\/uploads\/2012\/07\/logo-bellunopress-250x250-2012.jpg\" \/>\n<meta name=\"author\" content=\"redazione\" \/>\n<meta name=\"twitter:card\" content=\"summary_large_image\" \/>\n<meta name=\"twitter:creator\" content=\"@bellunopress\" \/>\n<meta name=\"twitter:site\" content=\"@bellunopress\" \/>\n<meta name=\"twitter:label1\" content=\"\u00c9crit par\" \/>\n\t<meta name=\"twitter:data1\" content=\"redazione\" \/>\n\t<meta name=\"twitter:label2\" content=\"Dur\u00e9e de lecture estim\u00e9e\" \/>\n\t<meta name=\"twitter:data2\" content=\"1 minute\" \/>\n<script type=\"application\/ld+json\" class=\"yoast-schema-graph\">{\"@context\":\"https:\\\/\\\/schema.org\",\"@graph\":[{\"@type\":\"Article\",\"@id\":\"https:\\\/\\\/www.bellunopress.it\\\/2013\\\/10\\\/08\\\/53223\\\/#article\",\"isPartOf\":{\"@id\":\"https:\\\/\\\/www.bellunopress.it\\\/2013\\\/10\\\/08\\\/53223\\\/\"},\"author\":{\"name\":\"redazione\",\"@id\":\"https:\\\/\\\/www.bellunopress.it\\\/#\\\/schema\\\/person\\\/79bb06722b37ece1c03d3e94beb30d73\"},\"headline\":\"Si attende il certificato di collaudo per aprire il nuovo ponte sul torrente Runal a Farra d&#8217;Alpago\",\"datePublished\":\"2013-10-08T06:54:36+00:00\",\"mainEntityOfPage\":{\"@id\":\"https:\\\/\\\/www.bellunopress.it\\\/2013\\\/10\\\/08\\\/53223\\\/\"},\"wordCount\":288,\"publisher\":{\"@id\":\"https:\\\/\\\/www.bellunopress.it\\\/#organization\"},\"articleSection\":[\"Cronaca\\\/Politica\",\"Prima Pagina\"],\"inLanguage\":\"fr-FR\"},{\"@type\":\"WebPage\",\"@id\":\"https:\\\/\\\/www.bellunopress.it\\\/2013\\\/10\\\/08\\\/53223\\\/\",\"url\":\"https:\\\/\\\/www.bellunopress.it\\\/2013\\\/10\\\/08\\\/53223\\\/\",\"name\":\"Si attende il certificato di collaudo per aprire il nuovo ponte sul torrente Runal a Farra d'Alpago - Bellunopress - Dolomiti\",\"isPartOf\":{\"@id\":\"https:\\\/\\\/www.bellunopress.it\\\/#website\"},\"datePublished\":\"2013-10-08T06:54:36+00:00\",\"breadcrumb\":{\"@id\":\"https:\\\/\\\/www.bellunopress.it\\\/2013\\\/10\\\/08\\\/53223\\\/#breadcrumb\"},\"inLanguage\":\"fr-FR\",\"potentialAction\":[{\"@type\":\"ReadAction\",\"target\":[\"https:\\\/\\\/www.bellunopress.it\\\/2013\\\/10\\\/08\\\/53223\\\/\"]}]},{\"@type\":\"BreadcrumbList\",\"@id\":\"https:\\\/\\\/www.bellunopress.it\\\/2013\\\/10\\\/08\\\/53223\\\/#breadcrumb\",\"itemListElement\":[{\"@type\":\"ListItem\",\"position\":1,\"name\":\"Home\",\"item\":\"https:\\\/\\\/www.bellunopress.it\\\/\"},{\"@type\":\"ListItem\",\"position\":2,\"name\":\"Si attende il certificato di collaudo per aprire il nuovo ponte sul torrente Runal a Farra d&#8217;Alpago\"}]},{\"@type\":\"WebSite\",\"@id\":\"https:\\\/\\\/www.bellunopress.it\\\/#website\",\"url\":\"https:\\\/\\\/www.bellunopress.it\\\/\",\"name\":\"Bellunopress - Dolomiti\",\"description\":\"e-mail: redazione@bellunopress.it\",\"publisher\":{\"@id\":\"https:\\\/\\\/www.bellunopress.it\\\/#organization\"},\"potentialAction\":[{\"@type\":\"SearchAction\",\"target\":{\"@type\":\"EntryPoint\",\"urlTemplate\":\"https:\\\/\\\/www.bellunopress.it\\\/?s={search_term_string}\"},\"query-input\":{\"@type\":\"PropertyValueSpecification\",\"valueRequired\":true,\"valueName\":\"search_term_string\"}}],\"inLanguage\":\"fr-FR\"},{\"@type\":\"Organization\",\"@id\":\"https:\\\/\\\/www.bellunopress.it\\\/#organization\",\"name\":\"Bellunopress\",\"url\":\"https:\\\/\\\/www.bellunopress.it\\\/\",\"logo\":{\"@type\":\"ImageObject\",\"inLanguage\":\"fr-FR\",\"@id\":\"https:\\\/\\\/www.bellunopress.it\\\/#\\\/schema\\\/logo\\\/image\\\/\",\"url\":\"https:\\\/\\\/www.bellunopress.it\\\/wp-content\\\/uploads\\\/2011\\\/05\\\/cropped-logo-bellunopress-.jpg\",\"contentUrl\":\"https:\\\/\\\/www.bellunopress.it\\\/wp-content\\\/uploads\\\/2011\\\/05\\\/cropped-logo-bellunopress-.jpg\",\"width\":512,\"height\":512,\"caption\":\"Bellunopress\"},\"image\":{\"@id\":\"https:\\\/\\\/www.bellunopress.it\\\/#\\\/schema\\\/logo\\\/image\\\/\"},\"sameAs\":[\"https:\\\/\\\/www.facebook.com\\\/profile.php?id=100008943462799\",\"https:\\\/\\\/x.com\\\/bellunopress\",\"https:\\\/\\\/www.linkedin.com\\\/hp\\\/?dnr=JBzUWaJfMUw8vbXJJ2tVW5-I3jZKvC4wsoxE&amp;amp;amp;amp;amp;amp;trk=nav_responsive_tab_home\",\"https:\\\/\\\/www.youtube.com\\\/channel\\\/UCxL0wu1uN0_3_7hGG0306cw\"]},{\"@type\":\"Person\",\"@id\":\"https:\\\/\\\/www.bellunopress.it\\\/#\\\/schema\\\/person\\\/79bb06722b37ece1c03d3e94beb30d73\",\"name\":\"redazione\",\"image\":{\"@type\":\"ImageObject\",\"inLanguage\":\"fr-FR\",\"@id\":\"https:\\\/\\\/secure.gravatar.com\\\/avatar\\\/37d968a2e67a6fd04c169c4bdef102d0bc5d31b2546345219e348575eb80e9a0?s=96&d=mm&r=g\",\"url\":\"https:\\\/\\\/secure.gravatar.com\\\/avatar\\\/37d968a2e67a6fd04c169c4bdef102d0bc5d31b2546345219e348575eb80e9a0?s=96&d=mm&r=g\",\"contentUrl\":\"https:\\\/\\\/secure.gravatar.com\\\/avatar\\\/37d968a2e67a6fd04c169c4bdef102d0bc5d31b2546345219e348575eb80e9a0?s=96&d=mm&r=g\",\"caption\":\"redazione\"},\"sameAs\":[\"http:\\\/\\\/www.bellunopress.it\",\"https:\\\/\\\/x.com\\\/bellunopress\"],\"url\":\"https:\\\/\\\/www.bellunopress.it\\\/fr\\\/author\\\/redazione\\\/\"}]}<\/script>\n<!-- \/ Yoast SEO plugin. -->","yoast_head_json":{"title":"Si attende il certificato di collaudo per aprire il nuovo ponte sul torrente Runal a Farra d'Alpago - Bellunopress - Dolomiti","robots":{"index":"index","follow":"follow","max-snippet":"max-snippet:-1","max-image-preview":"max-image-preview:large","max-video-preview":"max-video-preview:-1"},"canonical":"https:\/\/www.bellunopress.it\/fr\/2013\/10\/08\/53223\/","og_locale":"fr_FR","og_type":"article","og_title":"Si attende il certificato di collaudo per aprire il nuovo ponte sul torrente Runal a Farra d'Alpago - Bellunopress - Dolomiti","og_description":"\u201cIl nuovo ponte sul torrente Runal sar\u00e0 inaugurato a breve, non appena arriver\u00e0 in Comune il certificato di collaudo\u201d. Floriano De Pra, sindaco di Farra d\u2019Alpago, risponde cos\u00ec alle perplessit\u00e0 e alle proteste sollevate da alcuni residenti nella zona dove il nuovo ponte veicolare, gi\u00e0 installato a fianco della vecchia passerella e collaudato staticamente alcuni [&hellip;]","og_url":"https:\/\/www.bellunopress.it\/fr\/2013\/10\/08\/53223\/","og_site_name":"Bellunopress - Dolomiti","article_publisher":"https:\/\/www.facebook.com\/profile.php?id=100008943462799","article_published_time":"2013-10-08T06:54:36+00:00","og_image":[{"url":"http:\/\/www.bellunopress.it\/wp-content\/uploads\/2012\/07\/logo-bellunopress-250x250-2012.jpg","type":"","width":"","height":""}],"author":"redazione","twitter_card":"summary_large_image","twitter_creator":"@bellunopress","twitter_site":"@bellunopress","twitter_misc":{"\u00c9crit par":"redazione","Dur\u00e9e de lecture estim\u00e9e":"1 minute"},"schema":{"@context":"https:\/\/schema.org","@graph":[{"@type":"Article","@id":"https:\/\/www.bellunopress.it\/2013\/10\/08\/53223\/#article","isPartOf":{"@id":"https:\/\/www.bellunopress.it\/2013\/10\/08\/53223\/"},"author":{"name":"redazione","@id":"https:\/\/www.bellunopress.it\/#\/schema\/person\/79bb06722b37ece1c03d3e94beb30d73"},"headline":"Si attende il certificato di collaudo per aprire il nuovo ponte sul torrente Runal a Farra d&#8217;Alpago","datePublished":"2013-10-08T06:54:36+00:00","mainEntityOfPage":{"@id":"https:\/\/www.bellunopress.it\/2013\/10\/08\/53223\/"},"wordCount":288,"publisher":{"@id":"https:\/\/www.bellunopress.it\/#organization"},"articleSection":["Cronaca\/Politica","Prima Pagina"],"inLanguage":"fr-FR"},{"@type":"WebPage","@id":"https:\/\/www.bellunopress.it\/2013\/10\/08\/53223\/","url":"https:\/\/www.bellunopress.it\/2013\/10\/08\/53223\/","name":"Si attende il certificato di collaudo per aprire il nuovo ponte sul torrente Runal a Farra d'Alpago - Bellunopress - Dolomiti","isPartOf":{"@id":"https:\/\/www.bellunopress.it\/#website"},"datePublished":"2013-10-08T06:54:36+00:00","breadcrumb":{"@id":"https:\/\/www.bellunopress.it\/2013\/10\/08\/53223\/#breadcrumb"},"inLanguage":"fr-FR","potentialAction":[{"@type":"ReadAction","target":["https:\/\/www.bellunopress.it\/2013\/10\/08\/53223\/"]}]},{"@type":"BreadcrumbList","@id":"https:\/\/www.bellunopress.it\/2013\/10\/08\/53223\/#breadcrumb","itemListElement":[{"@type":"ListItem","position":1,"name":"Home","item":"https:\/\/www.bellunopress.it\/"},{"@type":"ListItem","position":2,"name":"Si attende il certificato di collaudo per aprire il nuovo ponte sul torrente Runal a Farra d&#8217;Alpago"}]},{"@type":"WebSite","@id":"https:\/\/www.bellunopress.it\/#website","url":"https:\/\/www.bellunopress.it\/","name":"Bellunopress - Dolomiti","description":"e-mail: redazione@bellunopress.it","publisher":{"@id":"https:\/\/www.bellunopress.it\/#organization"},"potentialAction":[{"@type":"SearchAction","target":{"@type":"EntryPoint","urlTemplate":"https:\/\/www.bellunopress.it\/?s={search_term_string}"},"query-input":{"@type":"PropertyValueSpecification","valueRequired":true,"valueName":"search_term_string"}}],"inLanguage":"fr-FR"},{"@type":"Organization","@id":"https:\/\/www.bellunopress.it\/#organization","name":"Bellunopress","url":"https:\/\/www.bellunopress.it\/","logo":{"@type":"ImageObject","inLanguage":"fr-FR","@id":"https:\/\/www.bellunopress.it\/#\/schema\/logo\/image\/","url":"https:\/\/www.bellunopress.it\/wp-content\/uploads\/2011\/05\/cropped-logo-bellunopress-.jpg","contentUrl":"https:\/\/www.bellunopress.it\/wp-content\/uploads\/2011\/05\/cropped-logo-bellunopress-.jpg","width":512,"height":512,"caption":"Bellunopress"},"image":{"@id":"https:\/\/www.bellunopress.it\/#\/schema\/logo\/image\/"},"sameAs":["https:\/\/www.facebook.com\/profile.php?id=100008943462799","https:\/\/x.com\/bellunopress","https:\/\/www.linkedin.com\/hp\/?dnr=JBzUWaJfMUw8vbXJJ2tVW5-I3jZKvC4wsoxE&amp;amp;amp;amp;amp;amp;trk=nav_responsive_tab_home","https:\/\/www.youtube.com\/channel\/UCxL0wu1uN0_3_7hGG0306cw"]},{"@type":"Person","@id":"https:\/\/www.bellunopress.it\/#\/schema\/person\/79bb06722b37ece1c03d3e94beb30d73","name":"r\u00e9daction","image":{"@type":"ImageObject","inLanguage":"fr-FR","@id":"https:\/\/secure.gravatar.com\/avatar\/37d968a2e67a6fd04c169c4bdef102d0bc5d31b2546345219e348575eb80e9a0?s=96&d=mm&r=g","url":"https:\/\/secure.gravatar.com\/avatar\/37d968a2e67a6fd04c169c4bdef102d0bc5d31b2546345219e348575eb80e9a0?s=96&d=mm&r=g","contentUrl":"https:\/\/secure.gravatar.com\/avatar\/37d968a2e67a6fd04c169c4bdef102d0bc5d31b2546345219e348575eb80e9a0?s=96&d=mm&r=g","caption":"redazione"},"sameAs":["http:\/\/www.bellunopress.it","https:\/\/x.com\/bellunopress"],"url":"https:\/\/www.bellunopress.it\/fr\/author\/redazione\/"}]}},"_links":{"self":[{"href":"https:\/\/www.bellunopress.it\/fr\/wp-json\/wp\/v2\/posts\/53223","targetHints":{"allow":["GET"]}}],"collection":[{"href":"https:\/\/www.bellunopress.it\/fr\/wp-json\/wp\/v2\/posts"}],"about":[{"href":"https:\/\/www.bellunopress.it\/fr\/wp-json\/wp\/v2\/types\/post"}],"author":[{"embeddable":true,"href":"https:\/\/www.bellunopress.it\/fr\/wp-json\/wp\/v2\/users\/2"}],"replies":[{"embeddable":true,"href":"https:\/\/www.bellunopress.it\/fr\/wp-json\/wp\/v2\/comments?post=53223"}],"version-history":[{"count":2,"href":"https:\/\/www.bellunopress.it\/fr\/wp-json\/wp\/v2\/posts\/53223\/revisions"}],"predecessor-version":[{"id":53230,"href":"https:\/\/www.bellunopress.it\/fr\/wp-json\/wp\/v2\/posts\/53223\/revisions\/53230"}],"wp:attachment":[{"href":"https:\/\/www.bellunopress.it\/fr\/wp-json\/wp\/v2\/media?parent=53223"}],"wp:term":[{"taxonomy":"category","embeddable":true,"href":"https:\/\/www.bellunopress.it\/fr\/wp-json\/wp\/v2\/categories?post=53223"},{"taxonomy":"post_tag","embeddable":true,"href":"https:\/\/www.bellunopress.it\/fr\/wp-json\/wp\/v2\/tags?post=53223"}],"curies":[{"name":"wp","href":"https:\/\/api.w.org\/{rel}","templated":true}]}}