{"id":5321,"date":"2009-06-24T09:21:33","date_gmt":"2009-06-24T08:21:33","guid":{"rendered":"http:\/\/www.bellunopress.it\/?p=5321"},"modified":"2009-06-24T19:56:16","modified_gmt":"2009-06-24T18:56:16","slug":"inizia-il-26-giugno-il-corso-per-la-sicurezza-delle-organizzazioni-di-volontariato","status":"publish","type":"post","link":"https:\/\/www.bellunopress.it\/fr\/2009\/06\/24\/inizia-il-26-giugno-il-corso-per-la-sicurezza-delle-organizzazioni-di-volontariato\/","title":{"rendered":"Inizia il 26 giugno il corso per la sicurezza delle organizzazioni di volontariato"},"content":{"rendered":"<p>Lo organizza il Csv di Belluno. Ancora pochi posti per le iscrizioni. Inizia venerd\u00ec il corso di formazione per Responsabile del servizio di prevenzione e protezione delle Organizzazioni di volontariato organizzato dal Centro di servizio per il volontariato di Belluno. Un corso pensato per rispondere alle normative in materia di sicurezza nei luoghi di lavoro, (D.Lsg. 81\/2008) e per dare una mano alle organizzazioni di volontariato alle prese con la conoscenza e con l\u2019 applicazione di queste normative. Le lezioni, da venerd\u00ec 26 giugno a sabato 4 luglio, verteranno sul quadro normativo, sicurezza aziendale, organi di vigilanza, tipi di rischio, piani di emergenza, primo soccorso. Il Csv di Belluno si avvarr\u00e0 dei consulenti dello \u201cSportello Sicurezza\u201d e potr\u00e0 contare sulla collaborazione degli Spisal delle due Ulss provinciali. Docenti del corso saranno Stefano Antonetti, tecnico della prevenzione negli ambienti e nei luoghi di lavoro, Carmelo Dinoto, Giuseppe Fascina e i collaboratori del suo studio, i tecnici della prevenzione Spisal delle Ulss provinciali.<br \/>\nLe lezioni saranno tenute in 16 ore, suddivise in moduli di 4 ore, presso la Casa del Volontariato in via del Piave, 5 a Belluno. Il primo modulo inizier\u00e0 quindi venerd\u00ec prossimo 26 giugno, dalle 15 alle 19, seguito dagli altri tre moduli, sabato 27 dalle 9 alle 13,\u00a0 venerd\u00ec 3 luglio dalle 15 alle 19 e sabato 4 dalle 9 alle 13. .<br \/>\nPer questa prima edizione saranno ammesse al massimo 45 persone, ma nel caso ci fossero ulteriori richieste verranno organizzate altre sessioni in futuro.<br \/>\nMaggiori dettagli possono essere richiesti alla segreteria del Csv di Belluno, via del Piave 5 a Belluno, telefono 0437 950374, e-mail info@csvbelluno.it.<br \/>\nSCADONO IL 30 GIUGNO GLI ADEMPIMENTI DELLE ASSOCIAZIONI PER L\u2019ISCRIZIONE AL \u201cCINQUE PER MILLE\u201d.<br \/>\nSono interessate anche le associazioni di volontariato della provincia di\u00a0 Belluno.<br \/>\nUltimo adempimento per le associazioni di volontariato che intendono usufruire del \u201cCinque per mille\u201d.\u00a0 I legali rappresentanti delle associazioni iscritte nell\u2019elenco degli enti beneficiari per il 2009 dovranno, a pena di decadenza, entro il prossimo 30 giugno, spedire a mezzo raccomandata con ricevuta di ritorno alla Direzione Regionale dell\u2019Agenzia delle Entrate competente per territorio, una dichiarazione sostitutiva di atto di notoriet\u00e0 attestante la persistenza dei requisiti che danno diritto all\u2019iscrizione.<br \/>\nL\u2019indirizzo per le organizzazioni di volontariato che operano in Veneto \u00e8 la Direzione Regionale<br \/>\ndelle Entrate del Veneto,\u00a0 Palazzo Erizzo, Cannaregio 2139, 30121 Venezia.<br \/>\nAlla dichiarazione deve essere allegata, come prevede l\u2019articolo 47 del Dpr 28 dicembre 2000, n\u00b0 445, una copia fotostatica non autenticata di un documento di identit\u00e0 del sottoscrittore.<br \/>\nL\u2019adempimento \u00e8 fondamentale, ricorda il direttore del Centro di servizio per il volontariato di Belluno Nevio Meneguz, che ha seguito per molte associazioni bellunesi le pratiche per entrare tra i beneficiari del Cinque per mille.\u00a0 Il mancato rispetto del termine del 30 giugno e la mancata allegazione del documento di identit\u00e0 alla dichiarazione sostitutiva, costituiscono causa di decadenza dal beneficio.<br \/>\nPer avere maggiori informazioni \u00e8 ancora possibile rivolgersi agli uffici del Csv di Belluno.<br \/>\nIl fac-simile dell\u2019autocertificazione \u00e8 anche scaricabile dal sito dell\u2019Agenzia delle Entrate,\u00a0 http:\/\/www.agenziaentrate.gov.it o dal portale del Csv,\u00a0 www.csvbelluno.it<\/p>","protected":false},"excerpt":{"rendered":"<p>Lo organizza il Csv di Belluno. Ancora pochi posti per le iscrizioni. Inizia venerd\u00ec il corso di formazione per Responsabile del servizio di prevenzione e protezione delle Organizzazioni di volontariato organizzato dal Centro di servizio per il volontariato di Belluno. Un corso pensato per rispondere alle normative in materia di sicurezza nei luoghi di lavoro, [&hellip;]<\/p>\n","protected":false},"author":2,"featured_media":0,"comment_status":"closed","ping_status":"open","sticky":false,"template":"","format":"standard","meta":{"footnotes":""},"categories":[1],"tags":[139],"class_list":["post-5321","post","type-post","status-publish","format-standard","category-leo","tag-belluno"],"yoast_head":"<!-- This site is optimized with the Yoast SEO plugin v28.4 - https:\/\/yoast.com\/product\/yoast-seo-wordpress\/ -->\n<title>Inizia il 26 giugno il corso per la sicurezza delle organizzazioni di volontariato - Bellunopress - Dolomiti<\/title>\n<meta name=\"robots\" content=\"index, follow, max-snippet:-1, max-image-preview:large, max-video-preview:-1\" \/>\n<link rel=\"canonical\" href=\"https:\/\/www.bellunopress.it\/fr\/2009\/06\/24\/inizia-il-26-giugno-il-corso-per-la-sicurezza-delle-organizzazioni-di-volontariato\/\" \/>\n<meta property=\"og:locale\" content=\"fr_FR\" \/>\n<meta property=\"og:type\" content=\"article\" \/>\n<meta property=\"og:title\" content=\"Inizia il 26 giugno il corso per la sicurezza delle organizzazioni di volontariato - Bellunopress - Dolomiti\" \/>\n<meta property=\"og:description\" content=\"Lo organizza il Csv di Belluno. Ancora pochi posti per le iscrizioni. Inizia venerd\u00ec il corso di formazione per Responsabile del servizio di prevenzione e protezione delle Organizzazioni di volontariato organizzato dal Centro di servizio per il volontariato di Belluno. Un corso pensato per rispondere alle normative in materia di sicurezza nei luoghi di lavoro, [&hellip;]\" \/>\n<meta property=\"og:url\" content=\"https:\/\/www.bellunopress.it\/fr\/2009\/06\/24\/inizia-il-26-giugno-il-corso-per-la-sicurezza-delle-organizzazioni-di-volontariato\/\" \/>\n<meta property=\"og:site_name\" content=\"Bellunopress - Dolomiti\" \/>\n<meta property=\"article:publisher\" content=\"https:\/\/www.facebook.com\/profile.php?id=100008943462799\" \/>\n<meta property=\"article:published_time\" content=\"2009-06-24T08:21:33+00:00\" \/>\n<meta property=\"article:modified_time\" content=\"2009-06-24T18:56:16+00:00\" \/>\n<meta property=\"og:image\" content=\"http:\/\/www.bellunopress.it\/wp-content\/uploads\/2012\/07\/logo-bellunopress-250x250-2012.jpg\" \/>\n<meta name=\"author\" content=\"redazione\" \/>\n<meta name=\"twitter:card\" content=\"summary_large_image\" \/>\n<meta name=\"twitter:creator\" content=\"@bellunopress\" \/>\n<meta name=\"twitter:site\" content=\"@bellunopress\" \/>\n<meta name=\"twitter:label1\" content=\"\u00c9crit par\" \/>\n\t<meta name=\"twitter:data1\" content=\"redazione\" \/>\n\t<meta name=\"twitter:label2\" content=\"Dur\u00e9e de lecture estim\u00e9e\" \/>\n\t<meta name=\"twitter:data2\" content=\"2 minutes\" \/>\n<script type=\"application\/ld+json\" class=\"yoast-schema-graph\">{\"@context\":\"https:\\\/\\\/schema.org\",\"@graph\":[{\"@type\":\"Article\",\"@id\":\"https:\\\/\\\/www.bellunopress.it\\\/2009\\\/06\\\/24\\\/inizia-il-26-giugno-il-corso-per-la-sicurezza-delle-organizzazioni-di-volontariato\\\/#article\",\"isPartOf\":{\"@id\":\"https:\\\/\\\/www.bellunopress.it\\\/2009\\\/06\\\/24\\\/inizia-il-26-giugno-il-corso-per-la-sicurezza-delle-organizzazioni-di-volontariato\\\/\"},\"author\":{\"name\":\"redazione\",\"@id\":\"https:\\\/\\\/www.bellunopress.it\\\/#\\\/schema\\\/person\\\/79bb06722b37ece1c03d3e94beb30d73\"},\"headline\":\"Inizia il 26 giugno il corso per la sicurezza delle organizzazioni di volontariato\",\"datePublished\":\"2009-06-24T08:21:33+00:00\",\"dateModified\":\"2009-06-24T18:56:16+00:00\",\"mainEntityOfPage\":{\"@id\":\"https:\\\/\\\/www.bellunopress.it\\\/2009\\\/06\\\/24\\\/inizia-il-26-giugno-il-corso-per-la-sicurezza-delle-organizzazioni-di-volontariato\\\/\"},\"wordCount\":502,\"publisher\":{\"@id\":\"https:\\\/\\\/www.bellunopress.it\\\/#organization\"},\"keywords\":[\"Belluno\"],\"articleSection\":[\"Lettere Opinioni\"],\"inLanguage\":\"fr-FR\"},{\"@type\":\"WebPage\",\"@id\":\"https:\\\/\\\/www.bellunopress.it\\\/2009\\\/06\\\/24\\\/inizia-il-26-giugno-il-corso-per-la-sicurezza-delle-organizzazioni-di-volontariato\\\/\",\"url\":\"https:\\\/\\\/www.bellunopress.it\\\/2009\\\/06\\\/24\\\/inizia-il-26-giugno-il-corso-per-la-sicurezza-delle-organizzazioni-di-volontariato\\\/\",\"name\":\"Inizia il 26 giugno il corso per la sicurezza delle organizzazioni di volontariato - Bellunopress - Dolomiti\",\"isPartOf\":{\"@id\":\"https:\\\/\\\/www.bellunopress.it\\\/#website\"},\"datePublished\":\"2009-06-24T08:21:33+00:00\",\"dateModified\":\"2009-06-24T18:56:16+00:00\",\"breadcrumb\":{\"@id\":\"https:\\\/\\\/www.bellunopress.it\\\/2009\\\/06\\\/24\\\/inizia-il-26-giugno-il-corso-per-la-sicurezza-delle-organizzazioni-di-volontariato\\\/#breadcrumb\"},\"inLanguage\":\"fr-FR\",\"potentialAction\":[{\"@type\":\"ReadAction\",\"target\":[\"https:\\\/\\\/www.bellunopress.it\\\/2009\\\/06\\\/24\\\/inizia-il-26-giugno-il-corso-per-la-sicurezza-delle-organizzazioni-di-volontariato\\\/\"]}]},{\"@type\":\"BreadcrumbList\",\"@id\":\"https:\\\/\\\/www.bellunopress.it\\\/2009\\\/06\\\/24\\\/inizia-il-26-giugno-il-corso-per-la-sicurezza-delle-organizzazioni-di-volontariato\\\/#breadcrumb\",\"itemListElement\":[{\"@type\":\"ListItem\",\"position\":1,\"name\":\"Home\",\"item\":\"https:\\\/\\\/www.bellunopress.it\\\/\"},{\"@type\":\"ListItem\",\"position\":2,\"name\":\"Inizia il 26 giugno il corso per la sicurezza delle organizzazioni di volontariato\"}]},{\"@type\":\"WebSite\",\"@id\":\"https:\\\/\\\/www.bellunopress.it\\\/#website\",\"url\":\"https:\\\/\\\/www.bellunopress.it\\\/\",\"name\":\"Bellunopress - Dolomiti\",\"description\":\"e-mail: redazione@bellunopress.it\",\"publisher\":{\"@id\":\"https:\\\/\\\/www.bellunopress.it\\\/#organization\"},\"potentialAction\":[{\"@type\":\"SearchAction\",\"target\":{\"@type\":\"EntryPoint\",\"urlTemplate\":\"https:\\\/\\\/www.bellunopress.it\\\/?s={search_term_string}\"},\"query-input\":{\"@type\":\"PropertyValueSpecification\",\"valueRequired\":true,\"valueName\":\"search_term_string\"}}],\"inLanguage\":\"fr-FR\"},{\"@type\":\"Organization\",\"@id\":\"https:\\\/\\\/www.bellunopress.it\\\/#organization\",\"name\":\"Bellunopress\",\"url\":\"https:\\\/\\\/www.bellunopress.it\\\/\",\"logo\":{\"@type\":\"ImageObject\",\"inLanguage\":\"fr-FR\",\"@id\":\"https:\\\/\\\/www.bellunopress.it\\\/#\\\/schema\\\/logo\\\/image\\\/\",\"url\":\"https:\\\/\\\/www.bellunopress.it\\\/wp-content\\\/uploads\\\/2011\\\/05\\\/cropped-logo-bellunopress-.jpg\",\"contentUrl\":\"https:\\\/\\\/www.bellunopress.it\\\/wp-content\\\/uploads\\\/2011\\\/05\\\/cropped-logo-bellunopress-.jpg\",\"width\":512,\"height\":512,\"caption\":\"Bellunopress\"},\"image\":{\"@id\":\"https:\\\/\\\/www.bellunopress.it\\\/#\\\/schema\\\/logo\\\/image\\\/\"},\"sameAs\":[\"https:\\\/\\\/www.facebook.com\\\/profile.php?id=100008943462799\",\"https:\\\/\\\/x.com\\\/bellunopress\",\"https:\\\/\\\/www.linkedin.com\\\/hp\\\/?dnr=JBzUWaJfMUw8vbXJJ2tVW5-I3jZKvC4wsoxE&amp;amp;amp;amp;amp;amp;trk=nav_responsive_tab_home\",\"https:\\\/\\\/www.youtube.com\\\/channel\\\/UCxL0wu1uN0_3_7hGG0306cw\"]},{\"@type\":\"Person\",\"@id\":\"https:\\\/\\\/www.bellunopress.it\\\/#\\\/schema\\\/person\\\/79bb06722b37ece1c03d3e94beb30d73\",\"name\":\"redazione\",\"image\":{\"@type\":\"ImageObject\",\"inLanguage\":\"fr-FR\",\"@id\":\"https:\\\/\\\/secure.gravatar.com\\\/avatar\\\/37d968a2e67a6fd04c169c4bdef102d0bc5d31b2546345219e348575eb80e9a0?s=96&d=mm&r=g\",\"url\":\"https:\\\/\\\/secure.gravatar.com\\\/avatar\\\/37d968a2e67a6fd04c169c4bdef102d0bc5d31b2546345219e348575eb80e9a0?s=96&d=mm&r=g\",\"contentUrl\":\"https:\\\/\\\/secure.gravatar.com\\\/avatar\\\/37d968a2e67a6fd04c169c4bdef102d0bc5d31b2546345219e348575eb80e9a0?s=96&d=mm&r=g\",\"caption\":\"redazione\"},\"sameAs\":[\"http:\\\/\\\/www.bellunopress.it\",\"https:\\\/\\\/x.com\\\/bellunopress\"],\"url\":\"https:\\\/\\\/www.bellunopress.it\\\/fr\\\/author\\\/redazione\\\/\"}]}<\/script>\n<!-- \/ Yoast SEO plugin. -->","yoast_head_json":{"title":"Inizia il 26 giugno il corso per la sicurezza delle organizzazioni di volontariato - Bellunopress - Dolomiti","robots":{"index":"index","follow":"follow","max-snippet":"max-snippet:-1","max-image-preview":"max-image-preview:large","max-video-preview":"max-video-preview:-1"},"canonical":"https:\/\/www.bellunopress.it\/fr\/2009\/06\/24\/inizia-il-26-giugno-il-corso-per-la-sicurezza-delle-organizzazioni-di-volontariato\/","og_locale":"fr_FR","og_type":"article","og_title":"Inizia il 26 giugno il corso per la sicurezza delle organizzazioni di volontariato - Bellunopress - Dolomiti","og_description":"Lo organizza il Csv di Belluno. Ancora pochi posti per le iscrizioni. Inizia venerd\u00ec il corso di formazione per Responsabile del servizio di prevenzione e protezione delle Organizzazioni di volontariato organizzato dal Centro di servizio per il volontariato di Belluno. Un corso pensato per rispondere alle normative in materia di sicurezza nei luoghi di lavoro, [&hellip;]","og_url":"https:\/\/www.bellunopress.it\/fr\/2009\/06\/24\/inizia-il-26-giugno-il-corso-per-la-sicurezza-delle-organizzazioni-di-volontariato\/","og_site_name":"Bellunopress - Dolomiti","article_publisher":"https:\/\/www.facebook.com\/profile.php?id=100008943462799","article_published_time":"2009-06-24T08:21:33+00:00","article_modified_time":"2009-06-24T18:56:16+00:00","og_image":[{"url":"http:\/\/www.bellunopress.it\/wp-content\/uploads\/2012\/07\/logo-bellunopress-250x250-2012.jpg","type":"","width":"","height":""}],"author":"redazione","twitter_card":"summary_large_image","twitter_creator":"@bellunopress","twitter_site":"@bellunopress","twitter_misc":{"\u00c9crit par":"redazione","Dur\u00e9e de lecture estim\u00e9e":"2 minutes"},"schema":{"@context":"https:\/\/schema.org","@graph":[{"@type":"Article","@id":"https:\/\/www.bellunopress.it\/2009\/06\/24\/inizia-il-26-giugno-il-corso-per-la-sicurezza-delle-organizzazioni-di-volontariato\/#article","isPartOf":{"@id":"https:\/\/www.bellunopress.it\/2009\/06\/24\/inizia-il-26-giugno-il-corso-per-la-sicurezza-delle-organizzazioni-di-volontariato\/"},"author":{"name":"redazione","@id":"https:\/\/www.bellunopress.it\/#\/schema\/person\/79bb06722b37ece1c03d3e94beb30d73"},"headline":"Inizia il 26 giugno il corso per la sicurezza delle organizzazioni di volontariato","datePublished":"2009-06-24T08:21:33+00:00","dateModified":"2009-06-24T18:56:16+00:00","mainEntityOfPage":{"@id":"https:\/\/www.bellunopress.it\/2009\/06\/24\/inizia-il-26-giugno-il-corso-per-la-sicurezza-delle-organizzazioni-di-volontariato\/"},"wordCount":502,"publisher":{"@id":"https:\/\/www.bellunopress.it\/#organization"},"keywords":["Belluno"],"articleSection":["Lettere Opinioni"],"inLanguage":"fr-FR"},{"@type":"WebPage","@id":"https:\/\/www.bellunopress.it\/2009\/06\/24\/inizia-il-26-giugno-il-corso-per-la-sicurezza-delle-organizzazioni-di-volontariato\/","url":"https:\/\/www.bellunopress.it\/2009\/06\/24\/inizia-il-26-giugno-il-corso-per-la-sicurezza-delle-organizzazioni-di-volontariato\/","name":"Inizia il 26 giugno il corso per la sicurezza delle organizzazioni di volontariato - Bellunopress - Dolomiti","isPartOf":{"@id":"https:\/\/www.bellunopress.it\/#website"},"datePublished":"2009-06-24T08:21:33+00:00","dateModified":"2009-06-24T18:56:16+00:00","breadcrumb":{"@id":"https:\/\/www.bellunopress.it\/2009\/06\/24\/inizia-il-26-giugno-il-corso-per-la-sicurezza-delle-organizzazioni-di-volontariato\/#breadcrumb"},"inLanguage":"fr-FR","potentialAction":[{"@type":"ReadAction","target":["https:\/\/www.bellunopress.it\/2009\/06\/24\/inizia-il-26-giugno-il-corso-per-la-sicurezza-delle-organizzazioni-di-volontariato\/"]}]},{"@type":"BreadcrumbList","@id":"https:\/\/www.bellunopress.it\/2009\/06\/24\/inizia-il-26-giugno-il-corso-per-la-sicurezza-delle-organizzazioni-di-volontariato\/#breadcrumb","itemListElement":[{"@type":"ListItem","position":1,"name":"Home","item":"https:\/\/www.bellunopress.it\/"},{"@type":"ListItem","position":2,"name":"Inizia il 26 giugno il corso per la sicurezza delle organizzazioni di volontariato"}]},{"@type":"WebSite","@id":"https:\/\/www.bellunopress.it\/#website","url":"https:\/\/www.bellunopress.it\/","name":"Bellunopress - Dolomiti","description":"e-mail: redazione@bellunopress.it","publisher":{"@id":"https:\/\/www.bellunopress.it\/#organization"},"potentialAction":[{"@type":"SearchAction","target":{"@type":"EntryPoint","urlTemplate":"https:\/\/www.bellunopress.it\/?s={search_term_string}"},"query-input":{"@type":"PropertyValueSpecification","valueRequired":true,"valueName":"search_term_string"}}],"inLanguage":"fr-FR"},{"@type":"Organization","@id":"https:\/\/www.bellunopress.it\/#organization","name":"Bellunopress","url":"https:\/\/www.bellunopress.it\/","logo":{"@type":"ImageObject","inLanguage":"fr-FR","@id":"https:\/\/www.bellunopress.it\/#\/schema\/logo\/image\/","url":"https:\/\/www.bellunopress.it\/wp-content\/uploads\/2011\/05\/cropped-logo-bellunopress-.jpg","contentUrl":"https:\/\/www.bellunopress.it\/wp-content\/uploads\/2011\/05\/cropped-logo-bellunopress-.jpg","width":512,"height":512,"caption":"Bellunopress"},"image":{"@id":"https:\/\/www.bellunopress.it\/#\/schema\/logo\/image\/"},"sameAs":["https:\/\/www.facebook.com\/profile.php?id=100008943462799","https:\/\/x.com\/bellunopress","https:\/\/www.linkedin.com\/hp\/?dnr=JBzUWaJfMUw8vbXJJ2tVW5-I3jZKvC4wsoxE&amp;amp;amp;amp;amp;amp;trk=nav_responsive_tab_home","https:\/\/www.youtube.com\/channel\/UCxL0wu1uN0_3_7hGG0306cw"]},{"@type":"Person","@id":"https:\/\/www.bellunopress.it\/#\/schema\/person\/79bb06722b37ece1c03d3e94beb30d73","name":"r\u00e9daction","image":{"@type":"ImageObject","inLanguage":"fr-FR","@id":"https:\/\/secure.gravatar.com\/avatar\/37d968a2e67a6fd04c169c4bdef102d0bc5d31b2546345219e348575eb80e9a0?s=96&d=mm&r=g","url":"https:\/\/secure.gravatar.com\/avatar\/37d968a2e67a6fd04c169c4bdef102d0bc5d31b2546345219e348575eb80e9a0?s=96&d=mm&r=g","contentUrl":"https:\/\/secure.gravatar.com\/avatar\/37d968a2e67a6fd04c169c4bdef102d0bc5d31b2546345219e348575eb80e9a0?s=96&d=mm&r=g","caption":"redazione"},"sameAs":["http:\/\/www.bellunopress.it","https:\/\/x.com\/bellunopress"],"url":"https:\/\/www.bellunopress.it\/fr\/author\/redazione\/"}]}},"_links":{"self":[{"href":"https:\/\/www.bellunopress.it\/fr\/wp-json\/wp\/v2\/posts\/5321","targetHints":{"allow":["GET"]}}],"collection":[{"href":"https:\/\/www.bellunopress.it\/fr\/wp-json\/wp\/v2\/posts"}],"about":[{"href":"https:\/\/www.bellunopress.it\/fr\/wp-json\/wp\/v2\/types\/post"}],"author":[{"embeddable":true,"href":"https:\/\/www.bellunopress.it\/fr\/wp-json\/wp\/v2\/users\/2"}],"replies":[{"embeddable":true,"href":"https:\/\/www.bellunopress.it\/fr\/wp-json\/wp\/v2\/comments?post=5321"}],"version-history":[{"count":2,"href":"https:\/\/www.bellunopress.it\/fr\/wp-json\/wp\/v2\/posts\/5321\/revisions"}],"predecessor-version":[{"id":5362,"href":"https:\/\/www.bellunopress.it\/fr\/wp-json\/wp\/v2\/posts\/5321\/revisions\/5362"}],"wp:attachment":[{"href":"https:\/\/www.bellunopress.it\/fr\/wp-json\/wp\/v2\/media?parent=5321"}],"wp:term":[{"taxonomy":"category","embeddable":true,"href":"https:\/\/www.bellunopress.it\/fr\/wp-json\/wp\/v2\/categories?post=5321"},{"taxonomy":"post_tag","embeddable":true,"href":"https:\/\/www.bellunopress.it\/fr\/wp-json\/wp\/v2\/tags?post=5321"}],"curies":[{"name":"wp","href":"https:\/\/api.w.org\/{rel}","templated":true}]}}