{"id":53181,"date":"2013-10-08T12:00:07","date_gmt":"2013-10-08T11:00:07","guid":{"rendered":"http:\/\/www.bellunopress.it\/?p=53181"},"modified":"2013-10-08T12:31:44","modified_gmt":"2013-10-08T11:31:44","slug":"la-mostra-concorso-tracce-di-pittura-a-33-giri-premia-lartista-lucia-bezzegato","status":"publish","type":"post","link":"https:\/\/www.bellunopress.it\/fr\/2013\/10\/08\/la-mostra-concorso-tracce-di-pittura-a-33-giri-premia-lartista-lucia-bezzegato\/","title":{"rendered":"La mostra-concorso \u201cTracce di pittura a 33 giri\u201d premia l&#8217;artista Lucia Bezzegato"},"content":{"rendered":"<p><!--[if gte mso 9]><xml>\n<w:worddocument>\n<w:view>Normal<\/w:view>\n<w:zoom>0<\/w:zoom>\n<w:hyphenationzone>14<\/w:hyphenationzone>\n<w:compatibility>\n<w:breakwrappedtables><\/w:breakwrappedtables>\n<w:snaptogridincell><\/w:snaptogridincell>\n<w:applybreakingrules><\/w:applybreakingrules>\n<w:wraptextwithpunct><\/w:wraptextwithpunct>\n<w:useasianbreakrules><\/w:useasianbreakrules>\n<w:usefelayout><\/w:usefelayout>\n<\/w:compatibility>\n<w:browserlevel>MicrosoftInternetExplorer4<\/w:browserlevel>\n<\/w:worddocument>\n<\/xml>< ![endif]--><\/p>\n<p><!--[if !mso]><object classid=\"clsid:38481807-CA0E-42D2-BF39-B33AF135CC4D\" id=ieooui><\/object>\n\n\n\n<style>\nst1\\:*{behavior:url(#ieooui) }\n<\/style>\n\n< ![endif]--><!--[if gte mso 10]>\n\n\n\n<style>\n \/* Style Definitions *\/\n table.MsoNormalTable\n\t{mso-style-name:\"Tabella normale\";\n\tmso-tstyle-rowband-size:0;\n\tmso-tstyle-colband-size:0;\n\tmso-style-noshow:yes;\n\tmso-style-parent:\"\";\n\tmso-padding-alt:0in 5.4pt 0in 5.4pt;\n\tmso-para-margin:0in;\n\tmso-para-margin-bottom:.0001pt;\n\tmso-pagination:widow-orphan;\n\tfont-size:10.0pt;\n\tfont-family:\"Times New Roman\";}\n<\/style>\n\n< ![endif]--><\/p>\n<p class=\"MsoNormal\"><span style=\"font-size: 12.0pt; mso-bidi-font-size: 10.0pt; font-family: 'Times New Roman';\">Oltre una cinquantina di artisti da mezza Italia, professionisti e non, hanno partecipato sabato e domenica alla mostra concorso \u201cTracce di pittura a 33 giri\u201d organizzata dal B&amp;B Villa Francesca e da Cortivo Ristopub in una delle pi\u00f9 antiche ville friulane a Camino al Tagliamento (Udine). Un\u2019idea, quella di dipingere i vecchi long playing rendendoli delle vere e proprie opere d\u2019arte, di Maurizio De Lazzari, gi\u00e0 patron della music room Porto Aperto, un&#8217;idea che ha riscontrato un immediato successo sia per la grande partecipazione di artisti (ne sono arrivati anche da Mantova, da Bologna e dalla Sicilia) che per la qualit\u00e0 delle opere selezionate e votate da una qualificata giuria di pittori e critici d\u2019arte. <a href=\"http:\/\/www.bellunopress.it\/wp-content\/uploads\/2013\/10\/premiazione-vincitrice-leggera.jpg\"><img loading=\"lazy\" decoding=\"async\" class=\"alignleft size-full wp-image-53183\" alt=\"premiazione vincitrice leggera\" src=\"http:\/\/www.bellunopress.it\/wp-content\/uploads\/2013\/10\/premiazione-vincitrice-leggera.jpg\" width=\"280\" height=\"215\" \/><\/a>Ad aggiudicarsi il primo premio, deciso all\u2019unanimit\u00e0, \u00e8 stata Lucia Bezzegato, una giovane grafica di Camposanpiero (Padova) con l\u2019opera intitolata \u201cInterno su metropoli\u201d (nella foto). La veduta di una sala da ballo con una sequenza di passi di tango si affaccia sui grattacieli che si intravedono dietro a grandi tende bianche, un disegno che sembra materializzarsi dalle tracce del vinile, comprendendo cos\u00ec anche lo stesso supporto nello svolgersi della scena.<a href=\"http:\/\/www.bellunopress.it\/wp-content\/uploads\/2013\/10\/Lopera-vincitrice-leggera.jpg\"><img loading=\"lazy\" decoding=\"async\" class=\"alignright size-full wp-image-53184\" alt=\"L'opera vincitrice leggera\" src=\"http:\/\/www.bellunopress.it\/wp-content\/uploads\/2013\/10\/Lopera-vincitrice-leggera.jpg\" width=\"240\" height=\"238\" srcset=\"https:\/\/www.bellunopress.it\/wp-content\/uploads\/2013\/10\/Lopera-vincitrice-leggera.jpg 240w, https:\/\/www.bellunopress.it\/wp-content\/uploads\/2013\/10\/Lopera-vincitrice-leggera-150x150.jpg 150w\" sizes=\"auto, (max-width: 240px) 100vw, 240px\" \/><\/a> Al secondo posto Luciano Grappeggia con \u201cSuggestioni caminesi\u201d, dove l\u2019atmosfera del luogo si coniuga efficacemente con la vocazione musicale del suo pi\u00f9 illustre musicista nel decennale della sua scomparsa: Davide Liani. Terzo classificato Doriano Tosarelli con \u201cCromie gotiche\u201d, dove lo slancio architettonico si avvia a una fuga verso l\u2019alto con un effetto grandangolare e distorto. Il quarto premio \u00e8 stato assegnato ad Alberto Finco, il quinto a Marinella Falcomer, il sesto a Beppino Tosolini e il settimo a Monica Stievano. La giuria, composta da Sergio Gavin, Lucio Trabucco, Claudio Pigozzo, Paolo Berlasso (pittore e critico molto noto nel Caminese e dintorni) e Maurizio De Lazzari, ha inoltre deciso una segnalazione speciale per le opere di Roberto Vettoretti e Claudio Guattieri. <a href=\"http:\/\/www.bellunopress.it\/wp-content\/uploads\/2013\/10\/foto-di-gruppo-Tracce-di-pittura-a-33-giri-leggera.jpg\"><img loading=\"lazy\" decoding=\"async\" class=\"alignleft size-full wp-image-53185\" alt=\"foto di gruppo Tracce di pittura a 33 giri leggera\" src=\"http:\/\/www.bellunopress.it\/wp-content\/uploads\/2013\/10\/foto-di-gruppo-Tracce-di-pittura-a-33-giri-leggera.jpg\" width=\"280\" height=\"207\" \/><\/a>Altre performance segnalate quelle di Aldo Pagnache, Ottavio Melato, Livio Martini ed Elena Ferro. Le premiazioni di \u201cTracce di pittura a 33 giri\u201d sono avvenute al B&amp;B Villa Francesca nel corso del week end, dove la mostra, sostenuta da alcune note produzioni locali di vino e salumi, \u00e8 rimasta aperta al pubblico fino a domenica sera. A Camino al Tagliamento continuano quindi gli appuntamenti musicali e culturali nella barchessa e nel giardino della bella villa del 500, dove nel corso dell\u2019estate si sono svolti diversi eventi come la straordinaria mostra fotografica di Alex Ruffini intitolata \u201cMonster of rock\u201d, presentata ad hoc dal batterista degli ACDC Chris Slade, numerosi concerti, tra cui <span class=\"usercontent\">due di \u201cThe Mothers Reinvented\u201d, la storica band di Frank Zappa,<\/span> eventi mondani come la finale regionale di Miss Mondo 2013, ed esperienze insolite come \u201cRomantic Gong\u201d e \u201cTamburi di guarigione\u201d, quest\u2019ultima con lo sciamano Attila Heffner. <a href=\"http:\/\/www.bellunopress.it\/wp-content\/uploads\/2013\/10\/Paola-Ferrin-con-Alberto-Finco-uno-dei-premiati-leggera.jpg\"><img loading=\"lazy\" decoding=\"async\" class=\"alignright size-full wp-image-53186\" alt=\"Paola Ferrin con Alberto Finco uno dei premiati leggera\" src=\"http:\/\/www.bellunopress.it\/wp-content\/uploads\/2013\/10\/Paola-Ferrin-con-Alberto-Finco-uno-dei-premiati-leggera.jpg\" width=\"200\" height=\"284\" \/><\/a>Una valenza non solo culturale quella di questi avvenimenti, ma che guarda anche alla promozione di una terra ricca di bellezze e itinerari naturalistici e artistici e di produzioni locali di eccellenza, come il vino e gli insaccati. La scommessa di chi gestisce questa realt\u00e0 \u00e8 infatti quella di riuscire a coniugare gli slanci e le attivit\u00e0 artistiche e creative con la valorizzazione delle realt\u00e0 produttive locali a beneficio di tutto il territorio con marchi di prestigio come Ferrin, Sbaiz e Karpinska per i vini e Michele Zanin e Valentino Zanin per i salumi.<br \/>\n<\/span><\/p>\n<p class=\"MsoNormal\"><span style=\"font-size: 12.0pt; mso-bidi-font-size: 10.0pt; font-family: 'Times New Roman';\">\u00a0<a href=\"http:\/\/www.bellunopress.it\/wp-content\/uploads\/2013\/10\/Un-momento-della-premiazione-leggera.jpg\"><img loading=\"lazy\" decoding=\"async\" class=\"alignleft size-full wp-image-53188\" alt=\"Un momento della premiazione leggera\" src=\"http:\/\/www.bellunopress.it\/wp-content\/uploads\/2013\/10\/Un-momento-della-premiazione-leggera.jpg\" width=\"280\" height=\"169\" \/><\/a><\/span><\/p>\n<p class=\"MsoNormal\"><span style=\"font-size: 12.0pt; mso-bidi-font-size: 10.0pt; font-family: 'Times New Roman';\">Il <strong>Bed &amp; Breakfast Villa Francesca<\/strong> fa\u00a0 parte\u00a0 del complesso di <strong>Villa Savorgan\u00a0 Minciotti\u00a0 risalente\u00a0 al XVI sec.<\/strong> , situato\u00a0 nel borgo rurale di <strong>Camino al Tagliamento<\/strong>. Il borgo si trova\u00a0 sulla sponda\u00a0 sinistra\u00a0 dell&#8217;omonimo\u00a0 fiume, al limite inferiore della media pianura friulana, in corrispondenza\u00a0 della \u201clinea\u00a0 delle\u00a0 Risorgive\u201d. La <strong>villa<\/strong>, in origine di propriet\u00e0 dei Savorgnan, antica famiglia veneziana, passa nel <em>XVII <\/em>secolo alla\u00a0 famiglia Minciotti. Gli attuali proprietari hanno riportato\u00a0 alla luce gli originali fregi\u00a0 presenti\u00a0 in uno dei saloni centrali e ripristinato l\u2019antica\u00a0 pavimentazione\u00a0 veneta. Le <strong>camere<\/strong>, spaziose e confortevoli, si trovano in un ala appena ristrutturata del complesso, al centro del quale un ampio e tranquillo giardino regala completo relax e dove, nella bella stagione, \u00e8 possibile consumare la prima colazione. La villa \u00e8 immersa nel verde del piccolo borgo che offre agli ospiti un maneggio, campi da tennis, percorsi ciclabili e gustosi itinerari enogastronomici. A poca distanza sorge <strong>Villa Manin<\/strong> di Passariano, ultima residenza dei Dogi di Venezia, sede di importanti mostre e manifestazioni culturali. La favorevole\u00a0 posizione geografica della villa consente inoltre di visitare le spiagge di\u00a0 Lignano e\u00a0 Bibione\u00a0 e di raggiungere agevolmente, anche in treno, le citt\u00e0 di Venezia, Udine, Trieste e Pordenone. Altre notizie sulla pagina Facebook dedicata al B&amp;B Villa Francesca di Camino al Tagliamento. Per informazioni: <a href=\"mailto:info@villafrancesca.org\"><span style=\"color: windowtext; text-decoration: none; text-underline: none;\">info@villafrancesca.org<\/span><\/a>; <\/span><span style=\"font-size: 12.0pt; mso-bidi-font-size: 10.0pt; font-family: 'Times New Roman';\">+39 0432 919369<\/span><span style=\"font-size: 12.0pt; mso-bidi-font-size: 10.0pt; font-family: 'Times New Roman';\">; <\/span><span style=\"font-size: 12.0pt; mso-bidi-font-size: 10.0pt; font-family: 'Times New Roman';\">+39 337 540185<\/span><span style=\"font-size: 12.0pt; mso-bidi-font-size: 10.0pt; font-family: 'Times New Roman';\">; <\/span><span style=\"font-size: 12.0pt; mso-bidi-font-size: 10.0pt; font-family: 'Times New Roman';\">+39 339 1550310<\/span><span style=\"font-size: 12.0pt; mso-bidi-font-size: 10.0pt; font-family: 'Times New Roman';\">.<a href=\"http:\/\/www.bellunopress.it\/wp-content\/uploads\/2013\/10\/BB-Villa-Francesca-a-Camino-leggera.jpg\"><img loading=\"lazy\" decoding=\"async\" class=\"aligncenter size-full wp-image-53190\" alt=\"OLYMPUS DIGITAL CAMERA\" src=\"http:\/\/www.bellunopress.it\/wp-content\/uploads\/2013\/10\/BB-Villa-Francesca-a-Camino-leggera.jpg\" width=\"280\" height=\"193\" \/><\/a><\/span><\/p>\n<p class=\"MsoNormal\"><span style=\"font-size: 12.0pt; mso-bidi-font-size: 10.0pt; font-family: 'Times New Roman';\">\u00a0<\/span><\/p>\n","protected":false},"excerpt":{"rendered":"<p>Oltre una cinquantina di artisti da mezza Italia, professionisti e non, hanno partecipato sabato e domenica alla mostra concorso \u201cTracce di pittura a 33 giri\u201d organizzata dal B&amp;B Villa Francesca e da Cortivo Ristopub in una delle pi\u00f9 antiche ville friulane a Camino al Tagliamento (Udine). Un\u2019idea, quella di dipingere i vecchi long playing rendendoli [&hellip;]<\/p>\n","protected":false},"author":2,"featured_media":0,"comment_status":"closed","ping_status":"open","sticky":false,"template":"","format":"standard","meta":{"footnotes":""},"categories":[3,26,50],"tags":[],"class_list":["post-53181","post","type-post","status-publish","format-standard","category-arte-cultura-spettacoli-scienza-archivi","category-prima-pagina","category-pubbliredazionali"],"yoast_head":"<!-- This site is optimized with the Yoast SEO plugin v28.4 - https:\/\/yoast.com\/product\/yoast-seo-wordpress\/ -->\n<title>La mostra-concorso \u201cTracce di pittura a 33 giri\u201d premia l&#039;artista Lucia Bezzegato - Bellunopress - Dolomiti<\/title>\n<meta name=\"robots\" content=\"index, follow, max-snippet:-1, max-image-preview:large, max-video-preview:-1\" \/>\n<link rel=\"canonical\" href=\"https:\/\/www.bellunopress.it\/fr\/2013\/10\/08\/la-mostra-concorso-tracce-di-pittura-a-33-giri-premia-lartista-lucia-bezzegato\/\" \/>\n<meta property=\"og:locale\" content=\"fr_FR\" \/>\n<meta property=\"og:type\" content=\"article\" \/>\n<meta property=\"og:title\" content=\"La mostra-concorso \u201cTracce di pittura a 33 giri\u201d premia l&#039;artista Lucia Bezzegato - Bellunopress - Dolomiti\" \/>\n<meta property=\"og:description\" content=\"Oltre una cinquantina di artisti da mezza Italia, professionisti e non, hanno partecipato sabato e domenica alla mostra concorso \u201cTracce di pittura a 33 giri\u201d organizzata dal B&amp;B Villa Francesca e da Cortivo Ristopub in una delle pi\u00f9 antiche ville friulane a Camino al Tagliamento (Udine). Un\u2019idea, quella di dipingere i vecchi long playing rendendoli [&hellip;]\" \/>\n<meta property=\"og:url\" content=\"https:\/\/www.bellunopress.it\/fr\/2013\/10\/08\/la-mostra-concorso-tracce-di-pittura-a-33-giri-premia-lartista-lucia-bezzegato\/\" \/>\n<meta property=\"og:site_name\" content=\"Bellunopress - Dolomiti\" \/>\n<meta property=\"article:publisher\" content=\"https:\/\/www.facebook.com\/profile.php?id=100008943462799\" \/>\n<meta property=\"article:published_time\" content=\"2013-10-08T11:00:07+00:00\" \/>\n<meta property=\"article:modified_time\" content=\"2013-10-08T11:31:44+00:00\" \/>\n<meta property=\"og:image\" content=\"http:\/\/www.bellunopress.it\/wp-content\/uploads\/2013\/10\/premiazione-vincitrice-leggera.jpg\" \/>\n<meta name=\"author\" content=\"redazione\" \/>\n<meta name=\"twitter:card\" content=\"summary_large_image\" \/>\n<meta name=\"twitter:creator\" content=\"@bellunopress\" \/>\n<meta name=\"twitter:site\" content=\"@bellunopress\" \/>\n<meta name=\"twitter:label1\" content=\"\u00c9crit par\" \/>\n\t<meta name=\"twitter:data1\" content=\"redazione\" \/>\n\t<meta name=\"twitter:label2\" content=\"Dur\u00e9e de lecture estim\u00e9e\" \/>\n\t<meta name=\"twitter:data2\" content=\"4 minutes\" \/>\n<script type=\"application\/ld+json\" class=\"yoast-schema-graph\">{\"@context\":\"https:\\\/\\\/schema.org\",\"@graph\":[{\"@type\":\"Article\",\"@id\":\"https:\\\/\\\/www.bellunopress.it\\\/2013\\\/10\\\/08\\\/la-mostra-concorso-tracce-di-pittura-a-33-giri-premia-lartista-lucia-bezzegato\\\/#article\",\"isPartOf\":{\"@id\":\"https:\\\/\\\/www.bellunopress.it\\\/2013\\\/10\\\/08\\\/la-mostra-concorso-tracce-di-pittura-a-33-giri-premia-lartista-lucia-bezzegato\\\/\"},\"author\":{\"name\":\"redazione\",\"@id\":\"https:\\\/\\\/www.bellunopress.it\\\/#\\\/schema\\\/person\\\/79bb06722b37ece1c03d3e94beb30d73\"},\"headline\":\"La mostra-concorso \u201cTracce di pittura a 33 giri\u201d premia l&#8217;artista Lucia Bezzegato\",\"datePublished\":\"2013-10-08T11:00:07+00:00\",\"dateModified\":\"2013-10-08T11:31:44+00:00\",\"mainEntityOfPage\":{\"@id\":\"https:\\\/\\\/www.bellunopress.it\\\/2013\\\/10\\\/08\\\/la-mostra-concorso-tracce-di-pittura-a-33-giri-premia-lartista-lucia-bezzegato\\\/\"},\"wordCount\":786,\"publisher\":{\"@id\":\"https:\\\/\\\/www.bellunopress.it\\\/#organization\"},\"image\":{\"@id\":\"https:\\\/\\\/www.bellunopress.it\\\/2013\\\/10\\\/08\\\/la-mostra-concorso-tracce-di-pittura-a-33-giri-premia-lartista-lucia-bezzegato\\\/#primaryimage\"},\"thumbnailUrl\":\"http:\\\/\\\/www.bellunopress.it\\\/wp-content\\\/uploads\\\/2013\\\/10\\\/premiazione-vincitrice-leggera.jpg\",\"articleSection\":[\"Arte, Cultura, Spettacoli, Scienza\",\"Prima Pagina\",\"Pubbliredazionali\"],\"inLanguage\":\"fr-FR\"},{\"@type\":\"WebPage\",\"@id\":\"https:\\\/\\\/www.bellunopress.it\\\/2013\\\/10\\\/08\\\/la-mostra-concorso-tracce-di-pittura-a-33-giri-premia-lartista-lucia-bezzegato\\\/\",\"url\":\"https:\\\/\\\/www.bellunopress.it\\\/2013\\\/10\\\/08\\\/la-mostra-concorso-tracce-di-pittura-a-33-giri-premia-lartista-lucia-bezzegato\\\/\",\"name\":\"La mostra-concorso \u201cTracce di pittura a 33 giri\u201d premia l'artista Lucia Bezzegato - Bellunopress - Dolomiti\",\"isPartOf\":{\"@id\":\"https:\\\/\\\/www.bellunopress.it\\\/#website\"},\"primaryImageOfPage\":{\"@id\":\"https:\\\/\\\/www.bellunopress.it\\\/2013\\\/10\\\/08\\\/la-mostra-concorso-tracce-di-pittura-a-33-giri-premia-lartista-lucia-bezzegato\\\/#primaryimage\"},\"image\":{\"@id\":\"https:\\\/\\\/www.bellunopress.it\\\/2013\\\/10\\\/08\\\/la-mostra-concorso-tracce-di-pittura-a-33-giri-premia-lartista-lucia-bezzegato\\\/#primaryimage\"},\"thumbnailUrl\":\"http:\\\/\\\/www.bellunopress.it\\\/wp-content\\\/uploads\\\/2013\\\/10\\\/premiazione-vincitrice-leggera.jpg\",\"datePublished\":\"2013-10-08T11:00:07+00:00\",\"dateModified\":\"2013-10-08T11:31:44+00:00\",\"breadcrumb\":{\"@id\":\"https:\\\/\\\/www.bellunopress.it\\\/2013\\\/10\\\/08\\\/la-mostra-concorso-tracce-di-pittura-a-33-giri-premia-lartista-lucia-bezzegato\\\/#breadcrumb\"},\"inLanguage\":\"fr-FR\",\"potentialAction\":[{\"@type\":\"ReadAction\",\"target\":[\"https:\\\/\\\/www.bellunopress.it\\\/2013\\\/10\\\/08\\\/la-mostra-concorso-tracce-di-pittura-a-33-giri-premia-lartista-lucia-bezzegato\\\/\"]}]},{\"@type\":\"ImageObject\",\"inLanguage\":\"fr-FR\",\"@id\":\"https:\\\/\\\/www.bellunopress.it\\\/2013\\\/10\\\/08\\\/la-mostra-concorso-tracce-di-pittura-a-33-giri-premia-lartista-lucia-bezzegato\\\/#primaryimage\",\"url\":\"http:\\\/\\\/www.bellunopress.it\\\/wp-content\\\/uploads\\\/2013\\\/10\\\/premiazione-vincitrice-leggera.jpg\",\"contentUrl\":\"http:\\\/\\\/www.bellunopress.it\\\/wp-content\\\/uploads\\\/2013\\\/10\\\/premiazione-vincitrice-leggera.jpg\"},{\"@type\":\"BreadcrumbList\",\"@id\":\"https:\\\/\\\/www.bellunopress.it\\\/2013\\\/10\\\/08\\\/la-mostra-concorso-tracce-di-pittura-a-33-giri-premia-lartista-lucia-bezzegato\\\/#breadcrumb\",\"itemListElement\":[{\"@type\":\"ListItem\",\"position\":1,\"name\":\"Home\",\"item\":\"https:\\\/\\\/www.bellunopress.it\\\/\"},{\"@type\":\"ListItem\",\"position\":2,\"name\":\"La mostra-concorso \u201cTracce di pittura a 33 giri\u201d premia l&#8217;artista Lucia Bezzegato\"}]},{\"@type\":\"WebSite\",\"@id\":\"https:\\\/\\\/www.bellunopress.it\\\/#website\",\"url\":\"https:\\\/\\\/www.bellunopress.it\\\/\",\"name\":\"Bellunopress - Dolomiti\",\"description\":\"e-mail: redazione@bellunopress.it\",\"publisher\":{\"@id\":\"https:\\\/\\\/www.bellunopress.it\\\/#organization\"},\"potentialAction\":[{\"@type\":\"SearchAction\",\"target\":{\"@type\":\"EntryPoint\",\"urlTemplate\":\"https:\\\/\\\/www.bellunopress.it\\\/?s={search_term_string}\"},\"query-input\":{\"@type\":\"PropertyValueSpecification\",\"valueRequired\":true,\"valueName\":\"search_term_string\"}}],\"inLanguage\":\"fr-FR\"},{\"@type\":\"Organization\",\"@id\":\"https:\\\/\\\/www.bellunopress.it\\\/#organization\",\"name\":\"Bellunopress\",\"url\":\"https:\\\/\\\/www.bellunopress.it\\\/\",\"logo\":{\"@type\":\"ImageObject\",\"inLanguage\":\"fr-FR\",\"@id\":\"https:\\\/\\\/www.bellunopress.it\\\/#\\\/schema\\\/logo\\\/image\\\/\",\"url\":\"https:\\\/\\\/www.bellunopress.it\\\/wp-content\\\/uploads\\\/2011\\\/05\\\/cropped-logo-bellunopress-.jpg\",\"contentUrl\":\"https:\\\/\\\/www.bellunopress.it\\\/wp-content\\\/uploads\\\/2011\\\/05\\\/cropped-logo-bellunopress-.jpg\",\"width\":512,\"height\":512,\"caption\":\"Bellunopress\"},\"image\":{\"@id\":\"https:\\\/\\\/www.bellunopress.it\\\/#\\\/schema\\\/logo\\\/image\\\/\"},\"sameAs\":[\"https:\\\/\\\/www.facebook.com\\\/profile.php?id=100008943462799\",\"https:\\\/\\\/x.com\\\/bellunopress\",\"https:\\\/\\\/www.linkedin.com\\\/hp\\\/?dnr=JBzUWaJfMUw8vbXJJ2tVW5-I3jZKvC4wsoxE&amp;amp;amp;amp;amp;amp;trk=nav_responsive_tab_home\",\"https:\\\/\\\/www.youtube.com\\\/channel\\\/UCxL0wu1uN0_3_7hGG0306cw\"]},{\"@type\":\"Person\",\"@id\":\"https:\\\/\\\/www.bellunopress.it\\\/#\\\/schema\\\/person\\\/79bb06722b37ece1c03d3e94beb30d73\",\"name\":\"redazione\",\"image\":{\"@type\":\"ImageObject\",\"inLanguage\":\"fr-FR\",\"@id\":\"https:\\\/\\\/secure.gravatar.com\\\/avatar\\\/37d968a2e67a6fd04c169c4bdef102d0bc5d31b2546345219e348575eb80e9a0?s=96&d=mm&r=g\",\"url\":\"https:\\\/\\\/secure.gravatar.com\\\/avatar\\\/37d968a2e67a6fd04c169c4bdef102d0bc5d31b2546345219e348575eb80e9a0?s=96&d=mm&r=g\",\"contentUrl\":\"https:\\\/\\\/secure.gravatar.com\\\/avatar\\\/37d968a2e67a6fd04c169c4bdef102d0bc5d31b2546345219e348575eb80e9a0?s=96&d=mm&r=g\",\"caption\":\"redazione\"},\"sameAs\":[\"http:\\\/\\\/www.bellunopress.it\",\"https:\\\/\\\/x.com\\\/bellunopress\"],\"url\":\"https:\\\/\\\/www.bellunopress.it\\\/fr\\\/author\\\/redazione\\\/\"}]}<\/script>\n<!-- \/ Yoast SEO plugin. -->","yoast_head_json":{"title":"La mostra-concorso \u201cTracce di pittura a 33 giri\u201d premia l'artista Lucia Bezzegato - Bellunopress - Dolomiti","robots":{"index":"index","follow":"follow","max-snippet":"max-snippet:-1","max-image-preview":"max-image-preview:large","max-video-preview":"max-video-preview:-1"},"canonical":"https:\/\/www.bellunopress.it\/fr\/2013\/10\/08\/la-mostra-concorso-tracce-di-pittura-a-33-giri-premia-lartista-lucia-bezzegato\/","og_locale":"fr_FR","og_type":"article","og_title":"La mostra-concorso \u201cTracce di pittura a 33 giri\u201d premia l'artista Lucia Bezzegato - Bellunopress - Dolomiti","og_description":"Oltre una cinquantina di artisti da mezza Italia, professionisti e non, hanno partecipato sabato e domenica alla mostra concorso \u201cTracce di pittura a 33 giri\u201d organizzata dal B&amp;B Villa Francesca e da Cortivo Ristopub in una delle pi\u00f9 antiche ville friulane a Camino al Tagliamento (Udine). Un\u2019idea, quella di dipingere i vecchi long playing rendendoli [&hellip;]","og_url":"https:\/\/www.bellunopress.it\/fr\/2013\/10\/08\/la-mostra-concorso-tracce-di-pittura-a-33-giri-premia-lartista-lucia-bezzegato\/","og_site_name":"Bellunopress - Dolomiti","article_publisher":"https:\/\/www.facebook.com\/profile.php?id=100008943462799","article_published_time":"2013-10-08T11:00:07+00:00","article_modified_time":"2013-10-08T11:31:44+00:00","og_image":[{"url":"http:\/\/www.bellunopress.it\/wp-content\/uploads\/2013\/10\/premiazione-vincitrice-leggera.jpg","type":"","width":"","height":""}],"author":"redazione","twitter_card":"summary_large_image","twitter_creator":"@bellunopress","twitter_site":"@bellunopress","twitter_misc":{"\u00c9crit par":"redazione","Dur\u00e9e de lecture estim\u00e9e":"4 minutes"},"schema":{"@context":"https:\/\/schema.org","@graph":[{"@type":"Article","@id":"https:\/\/www.bellunopress.it\/2013\/10\/08\/la-mostra-concorso-tracce-di-pittura-a-33-giri-premia-lartista-lucia-bezzegato\/#article","isPartOf":{"@id":"https:\/\/www.bellunopress.it\/2013\/10\/08\/la-mostra-concorso-tracce-di-pittura-a-33-giri-premia-lartista-lucia-bezzegato\/"},"author":{"name":"redazione","@id":"https:\/\/www.bellunopress.it\/#\/schema\/person\/79bb06722b37ece1c03d3e94beb30d73"},"headline":"La mostra-concorso \u201cTracce di pittura a 33 giri\u201d premia l&#8217;artista Lucia Bezzegato","datePublished":"2013-10-08T11:00:07+00:00","dateModified":"2013-10-08T11:31:44+00:00","mainEntityOfPage":{"@id":"https:\/\/www.bellunopress.it\/2013\/10\/08\/la-mostra-concorso-tracce-di-pittura-a-33-giri-premia-lartista-lucia-bezzegato\/"},"wordCount":786,"publisher":{"@id":"https:\/\/www.bellunopress.it\/#organization"},"image":{"@id":"https:\/\/www.bellunopress.it\/2013\/10\/08\/la-mostra-concorso-tracce-di-pittura-a-33-giri-premia-lartista-lucia-bezzegato\/#primaryimage"},"thumbnailUrl":"http:\/\/www.bellunopress.it\/wp-content\/uploads\/2013\/10\/premiazione-vincitrice-leggera.jpg","articleSection":["Arte, Cultura, Spettacoli, Scienza","Prima Pagina","Pubbliredazionali"],"inLanguage":"fr-FR"},{"@type":"WebPage","@id":"https:\/\/www.bellunopress.it\/2013\/10\/08\/la-mostra-concorso-tracce-di-pittura-a-33-giri-premia-lartista-lucia-bezzegato\/","url":"https:\/\/www.bellunopress.it\/2013\/10\/08\/la-mostra-concorso-tracce-di-pittura-a-33-giri-premia-lartista-lucia-bezzegato\/","name":"La mostra-concorso \u201cTracce di pittura a 33 giri\u201d premia l'artista Lucia Bezzegato - Bellunopress - Dolomiti","isPartOf":{"@id":"https:\/\/www.bellunopress.it\/#website"},"primaryImageOfPage":{"@id":"https:\/\/www.bellunopress.it\/2013\/10\/08\/la-mostra-concorso-tracce-di-pittura-a-33-giri-premia-lartista-lucia-bezzegato\/#primaryimage"},"image":{"@id":"https:\/\/www.bellunopress.it\/2013\/10\/08\/la-mostra-concorso-tracce-di-pittura-a-33-giri-premia-lartista-lucia-bezzegato\/#primaryimage"},"thumbnailUrl":"http:\/\/www.bellunopress.it\/wp-content\/uploads\/2013\/10\/premiazione-vincitrice-leggera.jpg","datePublished":"2013-10-08T11:00:07+00:00","dateModified":"2013-10-08T11:31:44+00:00","breadcrumb":{"@id":"https:\/\/www.bellunopress.it\/2013\/10\/08\/la-mostra-concorso-tracce-di-pittura-a-33-giri-premia-lartista-lucia-bezzegato\/#breadcrumb"},"inLanguage":"fr-FR","potentialAction":[{"@type":"ReadAction","target":["https:\/\/www.bellunopress.it\/2013\/10\/08\/la-mostra-concorso-tracce-di-pittura-a-33-giri-premia-lartista-lucia-bezzegato\/"]}]},{"@type":"ImageObject","inLanguage":"fr-FR","@id":"https:\/\/www.bellunopress.it\/2013\/10\/08\/la-mostra-concorso-tracce-di-pittura-a-33-giri-premia-lartista-lucia-bezzegato\/#primaryimage","url":"http:\/\/www.bellunopress.it\/wp-content\/uploads\/2013\/10\/premiazione-vincitrice-leggera.jpg","contentUrl":"http:\/\/www.bellunopress.it\/wp-content\/uploads\/2013\/10\/premiazione-vincitrice-leggera.jpg"},{"@type":"BreadcrumbList","@id":"https:\/\/www.bellunopress.it\/2013\/10\/08\/la-mostra-concorso-tracce-di-pittura-a-33-giri-premia-lartista-lucia-bezzegato\/#breadcrumb","itemListElement":[{"@type":"ListItem","position":1,"name":"Home","item":"https:\/\/www.bellunopress.it\/"},{"@type":"ListItem","position":2,"name":"La mostra-concorso \u201cTracce di pittura a 33 giri\u201d premia l&#8217;artista Lucia Bezzegato"}]},{"@type":"WebSite","@id":"https:\/\/www.bellunopress.it\/#website","url":"https:\/\/www.bellunopress.it\/","name":"Bellunopress - Dolomiti","description":"e-mail: redazione@bellunopress.it","publisher":{"@id":"https:\/\/www.bellunopress.it\/#organization"},"potentialAction":[{"@type":"SearchAction","target":{"@type":"EntryPoint","urlTemplate":"https:\/\/www.bellunopress.it\/?s={search_term_string}"},"query-input":{"@type":"PropertyValueSpecification","valueRequired":true,"valueName":"search_term_string"}}],"inLanguage":"fr-FR"},{"@type":"Organization","@id":"https:\/\/www.bellunopress.it\/#organization","name":"Bellunopress","url":"https:\/\/www.bellunopress.it\/","logo":{"@type":"ImageObject","inLanguage":"fr-FR","@id":"https:\/\/www.bellunopress.it\/#\/schema\/logo\/image\/","url":"https:\/\/www.bellunopress.it\/wp-content\/uploads\/2011\/05\/cropped-logo-bellunopress-.jpg","contentUrl":"https:\/\/www.bellunopress.it\/wp-content\/uploads\/2011\/05\/cropped-logo-bellunopress-.jpg","width":512,"height":512,"caption":"Bellunopress"},"image":{"@id":"https:\/\/www.bellunopress.it\/#\/schema\/logo\/image\/"},"sameAs":["https:\/\/www.facebook.com\/profile.php?id=100008943462799","https:\/\/x.com\/bellunopress","https:\/\/www.linkedin.com\/hp\/?dnr=JBzUWaJfMUw8vbXJJ2tVW5-I3jZKvC4wsoxE&amp;amp;amp;amp;amp;amp;trk=nav_responsive_tab_home","https:\/\/www.youtube.com\/channel\/UCxL0wu1uN0_3_7hGG0306cw"]},{"@type":"Person","@id":"https:\/\/www.bellunopress.it\/#\/schema\/person\/79bb06722b37ece1c03d3e94beb30d73","name":"r\u00e9daction","image":{"@type":"ImageObject","inLanguage":"fr-FR","@id":"https:\/\/secure.gravatar.com\/avatar\/37d968a2e67a6fd04c169c4bdef102d0bc5d31b2546345219e348575eb80e9a0?s=96&d=mm&r=g","url":"https:\/\/secure.gravatar.com\/avatar\/37d968a2e67a6fd04c169c4bdef102d0bc5d31b2546345219e348575eb80e9a0?s=96&d=mm&r=g","contentUrl":"https:\/\/secure.gravatar.com\/avatar\/37d968a2e67a6fd04c169c4bdef102d0bc5d31b2546345219e348575eb80e9a0?s=96&d=mm&r=g","caption":"redazione"},"sameAs":["http:\/\/www.bellunopress.it","https:\/\/x.com\/bellunopress"],"url":"https:\/\/www.bellunopress.it\/fr\/author\/redazione\/"}]}},"_links":{"self":[{"href":"https:\/\/www.bellunopress.it\/fr\/wp-json\/wp\/v2\/posts\/53181","targetHints":{"allow":["GET"]}}],"collection":[{"href":"https:\/\/www.bellunopress.it\/fr\/wp-json\/wp\/v2\/posts"}],"about":[{"href":"https:\/\/www.bellunopress.it\/fr\/wp-json\/wp\/v2\/types\/post"}],"author":[{"embeddable":true,"href":"https:\/\/www.bellunopress.it\/fr\/wp-json\/wp\/v2\/users\/2"}],"replies":[{"embeddable":true,"href":"https:\/\/www.bellunopress.it\/fr\/wp-json\/wp\/v2\/comments?post=53181"}],"version-history":[{"count":5,"href":"https:\/\/www.bellunopress.it\/fr\/wp-json\/wp\/v2\/posts\/53181\/revisions"}],"predecessor-version":[{"id":53242,"href":"https:\/\/www.bellunopress.it\/fr\/wp-json\/wp\/v2\/posts\/53181\/revisions\/53242"}],"wp:attachment":[{"href":"https:\/\/www.bellunopress.it\/fr\/wp-json\/wp\/v2\/media?parent=53181"}],"wp:term":[{"taxonomy":"category","embeddable":true,"href":"https:\/\/www.bellunopress.it\/fr\/wp-json\/wp\/v2\/categories?post=53181"},{"taxonomy":"post_tag","embeddable":true,"href":"https:\/\/www.bellunopress.it\/fr\/wp-json\/wp\/v2\/tags?post=53181"}],"curies":[{"name":"wp","href":"https:\/\/api.w.org\/{rel}","templated":true}]}}