{"id":5315,"date":"2009-06-24T09:07:43","date_gmt":"2009-06-24T08:07:43","guid":{"rendered":"http:\/\/www.bellunopress.it\/?p=5315"},"modified":"2009-06-24T09:07:43","modified_gmt":"2009-06-24T08:07:43","slug":"forum-provinciale-dei-gruppi-e-delle-associazioni-giovanili-di-belluno","status":"publish","type":"post","link":"https:\/\/www.bellunopress.it\/fr\/2009\/06\/24\/forum-provinciale-dei-gruppi-e-delle-associazioni-giovanili-di-belluno\/","title":{"rendered":"Forum Provinciale dei Gruppi e delle Associazioni Giovanili di Belluno"},"content":{"rendered":"<p>Il Forum provinciale \u00e8 organo di rappresentanza e di dialogo dell&#8217;associazionismo giovanile nei confronti degli enti locali. Dopo la costituzione formale ed ufficiale avvenuta lo scorso marzo, l&#8217;ufficio di presidenza del Forum Provinciale dei Gruppi e delle Associazioni Giovanili ha designato all&#8217;unanimit\u00e0 Davide Perin quale presidente dell&#8217;organo di rappresentanza dell&#8217;associazionismo giovanile provinciale.<br \/>\nIl Forum Provinciale dei Gruppi e delle Associazioni Giovanili \u00e8 nato dopo un lungo e proficuo lavoro di incontro e coordinamento portato avanti da alcuni gruppi, consulte e associazioni giovanili del territorio provinciale di concerto ed in accordo con l&#8217;Amministrazione Provinciale di Belluno e che negli ultimi anni ha portato anche alla realizzazione di tre edizioni del \u201cPalio dei Giovani\u201d.<br \/>\nIl Forum si \u00e8 costituito formalmente il 20 marzo con l&#8217;adesione di quattordici associazioni: Consulta Giovani Alpago, Consulta Giovani di Feltre-Pedavena-Seren del Grappa; Consulta Provinciale Studentesca, Associazione Giovani Per di Belluno, Associazione Aleator, Gruppo Gi\u00f2 di Mel, Scout Agesci Belluno, Pastorale Giovanile Diocesana, Associazione RockBLive, Associazione Bellunolanotte, Gruppo Giovani Trichiana, Punto Giovani- Progetto Colla di Quero e Alano, Azione Cattolica di Belluno, Sport nazionale \u201cCasa Durden\u201d.<\/p>\n<p>Il Forum, la cui idea progetto era emersa nel primo seminario provinciale sulle politiche giovanili del 2007 e recepito dal Piano Strategico Provinciale e dai Piani di Zona delle Conferenze dei Sindaci di Belluno e Feltre, ricalca quanto previsto dalla nuova legge regionale sui giovani (LR n. 17 del 14 novembre 2008) e vuole essere uno strumento di conoscenza, rappresentanza e di concertazione della realt\u00e0 giovanile del territorio della provincia di Belluno nei confronti degli Enti Locali ed in particolare della Provincia.<br \/>\nNella riunione del 20 marzo scorso \u00e8 stato anche designato l&#8217;ufficio di presidenza che \u00e8 composto da: Fabio Lavina della Consulta Giovani Alpago, Luca Trivellato presidente della Consulta Provinciale Studentesca, Davide Perin gi\u00e0 presidente della Consulta Giovani di Feltre-Pedavena-Seren del Grappa, Giuseppe Da Pian dell&#8217;Associazione RockBLive e Noemi d&#8217;Inc\u00e0 di Sport Nazionale \u201cCasa Durden\u201d.<br \/>\nA sua volta, gioved\u00ec 28 maggio scorso, l&#8217;ufficio di presidenza ha nominato all&#8217;unanimit\u00e0 Davide Perin presidente del Forum per i prossimi due anni.<\/p>\n<p>Alla ricerca attiva del lavoro<br \/>\n&#8220;Area Giovani&#8221;, lo sportello rivolto agli under 30 dei Centri per l&#8217;Impiego e il Forum Provinciale, propongono sei workshop rivolti ai giovani per aiutarli nella ricerca del lavoro. Entro il 10 luglio le iscrizioni.<\/p>\n<p>La ricerca attiva del lavoro, di particolare necessit\u00e0 nell\u2019attuale contesto socioeconomico, richiede la conoscenza di specifiche informazioni e competenze preziose per coloro che sono alla ricerca del primo impiego o necessitano di un ricollocamento.<br \/>\nA tale proposito, gli operatori dell\u2019 Area Giovani dei Centri per l\u2019Impiego della Provincia di Belluno, oltre ad erogare la consueta consulenza su base individuale presso gli sportelli dei CPI, stanno organizzando una serie di \u201cworkshops\u201d dove affrontare in gruppo alcuni aspetti fondamentali e fornire strumenti efficaci per chi cerca lavoro.<br \/>\nI workshops, pur trattando tematiche estremamente interconnesse, sono strutturati a \u201cmoduli\u201d indipendenti, dando quindi la massima libert\u00e0 di frequentare l&#8217;intero ciclo o solo uno o pi\u00f9 di essi secondo le esigenze e gli specifici interessi.<br \/>\nLa frequenza ai workshops \u00e8 assolutamente gratuita e riservata a giovani sotto i 30 anni di et\u00e0. Gli incontri hanno una durata di 2 ore circa e sono destinati a gruppi di un minimo di 8 a un massimo di 15 persone. Tra fasi di docenza, presentazioni, lavori di gruppo, giochi di ruolo e tutto ci\u00f2 che favorisce l&#8217;interazione con il gruppo, cercheremo di trovare assieme soluzioni individuali.<\/p>\n<p><strong>Workshops tematici proposti <\/strong><br \/>\n<strong>Workshop 1<\/strong>: La ricerca del lavoro &#8211; Gli strumenti per la ricerca del lavoro (l\u2019importanza del \u201cdefinire\u201d la propria figura professionale, il CV, la lettera di presentazione); I Luoghi per la ricerca del lavoro (cosa sono e cosa fanno i CPI, le Agenzie per il Lavoro, pro e contro di Internet e degli altri media, come accedere al pubblico impiego).<\/p>\n<p><strong>Workshop 2 : <\/strong>Scrivere il Curriculum e la lettera di presentazione &#8211; Pro e contro delle diverse tipologie di Curriculum (cronologico, funzionale, europeo) e stesura di almeno una versione di curriculum per ogni partecipante. Tecniche per realizzare una lettera di presentazione efficace e stesura di almeno una lettera personalizzata per ogni partecipante.<br \/>\n<strong>Workshop 3:<\/strong> Il Curriculum in Inglese &#8211; Fornire termini, frasi e indicazioni linguistiche generali utili per scrivere un CV in inglese e stesura di un CV per ogni partecipante. Cenni su servizi e siti preposti alla ricerca del lavoro all\u2019estero.<br \/>\n<strong>Workshop 4: <\/strong>I colloqui di lavoro &#8211; Indicazioni su come si svolgono i colloqui individuali o di gruppo. Come capire chi \u00e8 e cosa vuole il selezionatore. Suggerimenti pratici in generale e personali su come proporsi al meglio e rispondere alle domande comunemente trattate nei colloqui.<br \/>\n<strong>Workshops 5:<\/strong> Tipologie di contratto e lettura delle buste paga &#8211; Cenni sulle diverse tipologie di contratto e approfondimenti su come leggere la propria busta paga.<br \/>\n<strong>Workshops 6: <\/strong>Il nuovo mercato del lavoro<strong> <\/strong>&#8211; Permettere la costruzione e il rinforzo di una nuova concezione e visione del rapporto tra i partecipanti e la sfera lavorativa attraverso l&#8217;analisi di quei fattori intervenienti all&#8217;interno di tale dinamica. L&#8217;attenzione \u00e8 rivolta, attraverso la strutturazione di metodologie attive, a permettere una costruzione di una nuova modalit\u00e0 di intendere se stessi in rapporto al nuovo mercato del lavoro. Ai fini di ottimizzare la programmazione degli incontri, stiamo raccogliendo le adesioni a questa iniziativa. Ti chiediamo dunque di esprimere la tua preferenza sulle tematiche, le fasce orarie, e i luoghi di attuazione compilando il coupon di partecipazione allegato che potrai ritagliare e consegnare al CPI pi\u00f9 vicino a te entro il 10 luglio 2009. Tutte le info sulle attivita del Forum\u00a0nel sito della Provincia di Belluno<\/p>","protected":false},"excerpt":{"rendered":"<p>Il Forum provinciale \u00e8 organo di rappresentanza e di dialogo dell&#8217;associazionismo giovanile nei confronti degli enti locali. Dopo la costituzione formale ed ufficiale avvenuta lo scorso marzo, l&#8217;ufficio di presidenza del Forum Provinciale dei Gruppi e delle Associazioni Giovanili ha designato all&#8217;unanimit\u00e0 Davide Perin quale presidente dell&#8217;organo di rappresentanza dell&#8217;associazionismo giovanile provinciale. Il Forum Provinciale [&hellip;]<\/p>\n","protected":false},"author":2,"featured_media":0,"comment_status":"closed","ping_status":"open","sticky":false,"template":"","format":"standard","meta":{"footnotes":""},"categories":[36,8],"tags":[139,302],"class_list":["post-5315","post","type-post","status-publish","format-standard","category-lavoro-economia","category-societa-istituzioni","tag-belluno","tag-feltre"],"yoast_head":"<!-- This site is optimized with the Yoast SEO plugin v28.4 - https:\/\/yoast.com\/product\/yoast-seo-wordpress\/ -->\n<title>Forum Provinciale dei Gruppi e delle Associazioni Giovanili di Belluno - Bellunopress - Dolomiti<\/title>\n<meta name=\"robots\" content=\"index, follow, max-snippet:-1, max-image-preview:large, max-video-preview:-1\" \/>\n<link rel=\"canonical\" href=\"https:\/\/www.bellunopress.it\/fr\/2009\/06\/24\/forum-provinciale-dei-gruppi-e-delle-associazioni-giovanili-di-belluno\/\" \/>\n<meta property=\"og:locale\" content=\"fr_FR\" \/>\n<meta property=\"og:type\" content=\"article\" \/>\n<meta property=\"og:title\" content=\"Forum Provinciale dei Gruppi e delle Associazioni Giovanili di Belluno - Bellunopress - Dolomiti\" \/>\n<meta property=\"og:description\" content=\"Il Forum provinciale \u00e8 organo di rappresentanza e di dialogo dell&#8217;associazionismo giovanile nei confronti degli enti locali. Dopo la costituzione formale ed ufficiale avvenuta lo scorso marzo, l&#8217;ufficio di presidenza del Forum Provinciale dei Gruppi e delle Associazioni Giovanili ha designato all&#8217;unanimit\u00e0 Davide Perin quale presidente dell&#8217;organo di rappresentanza dell&#8217;associazionismo giovanile provinciale. Il Forum Provinciale [&hellip;]\" \/>\n<meta property=\"og:url\" content=\"https:\/\/www.bellunopress.it\/fr\/2009\/06\/24\/forum-provinciale-dei-gruppi-e-delle-associazioni-giovanili-di-belluno\/\" \/>\n<meta property=\"og:site_name\" content=\"Bellunopress - Dolomiti\" \/>\n<meta property=\"article:publisher\" content=\"https:\/\/www.facebook.com\/profile.php?id=100008943462799\" \/>\n<meta property=\"article:published_time\" content=\"2009-06-24T08:07:43+00:00\" \/>\n<meta property=\"og:image\" content=\"http:\/\/www.bellunopress.it\/wp-content\/uploads\/2012\/07\/logo-bellunopress-250x250-2012.jpg\" \/>\n<meta name=\"author\" content=\"redazione\" \/>\n<meta name=\"twitter:card\" content=\"summary_large_image\" \/>\n<meta name=\"twitter:creator\" content=\"@bellunopress\" \/>\n<meta name=\"twitter:site\" content=\"@bellunopress\" \/>\n<meta name=\"twitter:label1\" content=\"\u00c9crit par\" \/>\n\t<meta name=\"twitter:data1\" content=\"redazione\" \/>\n\t<meta name=\"twitter:label2\" content=\"Dur\u00e9e de lecture estim\u00e9e\" \/>\n\t<meta name=\"twitter:data2\" content=\"5 minutes\" \/>\n<script type=\"application\/ld+json\" class=\"yoast-schema-graph\">{\"@context\":\"https:\\\/\\\/schema.org\",\"@graph\":[{\"@type\":\"Article\",\"@id\":\"https:\\\/\\\/www.bellunopress.it\\\/2009\\\/06\\\/24\\\/forum-provinciale-dei-gruppi-e-delle-associazioni-giovanili-di-belluno\\\/#article\",\"isPartOf\":{\"@id\":\"https:\\\/\\\/www.bellunopress.it\\\/2009\\\/06\\\/24\\\/forum-provinciale-dei-gruppi-e-delle-associazioni-giovanili-di-belluno\\\/\"},\"author\":{\"name\":\"redazione\",\"@id\":\"https:\\\/\\\/www.bellunopress.it\\\/#\\\/schema\\\/person\\\/79bb06722b37ece1c03d3e94beb30d73\"},\"headline\":\"Forum Provinciale dei Gruppi e delle Associazioni Giovanili di Belluno\",\"datePublished\":\"2009-06-24T08:07:43+00:00\",\"mainEntityOfPage\":{\"@id\":\"https:\\\/\\\/www.bellunopress.it\\\/2009\\\/06\\\/24\\\/forum-provinciale-dei-gruppi-e-delle-associazioni-giovanili-di-belluno\\\/\"},\"wordCount\":928,\"publisher\":{\"@id\":\"https:\\\/\\\/www.bellunopress.it\\\/#organization\"},\"keywords\":[\"Belluno\",\"Feltre\"],\"articleSection\":[\"Lavoro, Economia, Turismo\",\"Societ\u00e0, Associazioni, Istituzioni\"],\"inLanguage\":\"fr-FR\"},{\"@type\":\"WebPage\",\"@id\":\"https:\\\/\\\/www.bellunopress.it\\\/2009\\\/06\\\/24\\\/forum-provinciale-dei-gruppi-e-delle-associazioni-giovanili-di-belluno\\\/\",\"url\":\"https:\\\/\\\/www.bellunopress.it\\\/2009\\\/06\\\/24\\\/forum-provinciale-dei-gruppi-e-delle-associazioni-giovanili-di-belluno\\\/\",\"name\":\"Forum Provinciale dei Gruppi e delle Associazioni Giovanili di Belluno - Bellunopress - Dolomiti\",\"isPartOf\":{\"@id\":\"https:\\\/\\\/www.bellunopress.it\\\/#website\"},\"datePublished\":\"2009-06-24T08:07:43+00:00\",\"breadcrumb\":{\"@id\":\"https:\\\/\\\/www.bellunopress.it\\\/2009\\\/06\\\/24\\\/forum-provinciale-dei-gruppi-e-delle-associazioni-giovanili-di-belluno\\\/#breadcrumb\"},\"inLanguage\":\"fr-FR\",\"potentialAction\":[{\"@type\":\"ReadAction\",\"target\":[\"https:\\\/\\\/www.bellunopress.it\\\/2009\\\/06\\\/24\\\/forum-provinciale-dei-gruppi-e-delle-associazioni-giovanili-di-belluno\\\/\"]}]},{\"@type\":\"BreadcrumbList\",\"@id\":\"https:\\\/\\\/www.bellunopress.it\\\/2009\\\/06\\\/24\\\/forum-provinciale-dei-gruppi-e-delle-associazioni-giovanili-di-belluno\\\/#breadcrumb\",\"itemListElement\":[{\"@type\":\"ListItem\",\"position\":1,\"name\":\"Home\",\"item\":\"https:\\\/\\\/www.bellunopress.it\\\/\"},{\"@type\":\"ListItem\",\"position\":2,\"name\":\"Forum Provinciale dei Gruppi e delle Associazioni Giovanili di Belluno\"}]},{\"@type\":\"WebSite\",\"@id\":\"https:\\\/\\\/www.bellunopress.it\\\/#website\",\"url\":\"https:\\\/\\\/www.bellunopress.it\\\/\",\"name\":\"Bellunopress - Dolomiti\",\"description\":\"e-mail: redazione@bellunopress.it\",\"publisher\":{\"@id\":\"https:\\\/\\\/www.bellunopress.it\\\/#organization\"},\"potentialAction\":[{\"@type\":\"SearchAction\",\"target\":{\"@type\":\"EntryPoint\",\"urlTemplate\":\"https:\\\/\\\/www.bellunopress.it\\\/?s={search_term_string}\"},\"query-input\":{\"@type\":\"PropertyValueSpecification\",\"valueRequired\":true,\"valueName\":\"search_term_string\"}}],\"inLanguage\":\"fr-FR\"},{\"@type\":\"Organization\",\"@id\":\"https:\\\/\\\/www.bellunopress.it\\\/#organization\",\"name\":\"Bellunopress\",\"url\":\"https:\\\/\\\/www.bellunopress.it\\\/\",\"logo\":{\"@type\":\"ImageObject\",\"inLanguage\":\"fr-FR\",\"@id\":\"https:\\\/\\\/www.bellunopress.it\\\/#\\\/schema\\\/logo\\\/image\\\/\",\"url\":\"https:\\\/\\\/www.bellunopress.it\\\/wp-content\\\/uploads\\\/2011\\\/05\\\/cropped-logo-bellunopress-.jpg\",\"contentUrl\":\"https:\\\/\\\/www.bellunopress.it\\\/wp-content\\\/uploads\\\/2011\\\/05\\\/cropped-logo-bellunopress-.jpg\",\"width\":512,\"height\":512,\"caption\":\"Bellunopress\"},\"image\":{\"@id\":\"https:\\\/\\\/www.bellunopress.it\\\/#\\\/schema\\\/logo\\\/image\\\/\"},\"sameAs\":[\"https:\\\/\\\/www.facebook.com\\\/profile.php?id=100008943462799\",\"https:\\\/\\\/x.com\\\/bellunopress\",\"https:\\\/\\\/www.linkedin.com\\\/hp\\\/?dnr=JBzUWaJfMUw8vbXJJ2tVW5-I3jZKvC4wsoxE&amp;amp;amp;amp;amp;amp;trk=nav_responsive_tab_home\",\"https:\\\/\\\/www.youtube.com\\\/channel\\\/UCxL0wu1uN0_3_7hGG0306cw\"]},{\"@type\":\"Person\",\"@id\":\"https:\\\/\\\/www.bellunopress.it\\\/#\\\/schema\\\/person\\\/79bb06722b37ece1c03d3e94beb30d73\",\"name\":\"redazione\",\"image\":{\"@type\":\"ImageObject\",\"inLanguage\":\"fr-FR\",\"@id\":\"https:\\\/\\\/secure.gravatar.com\\\/avatar\\\/37d968a2e67a6fd04c169c4bdef102d0bc5d31b2546345219e348575eb80e9a0?s=96&d=mm&r=g\",\"url\":\"https:\\\/\\\/secure.gravatar.com\\\/avatar\\\/37d968a2e67a6fd04c169c4bdef102d0bc5d31b2546345219e348575eb80e9a0?s=96&d=mm&r=g\",\"contentUrl\":\"https:\\\/\\\/secure.gravatar.com\\\/avatar\\\/37d968a2e67a6fd04c169c4bdef102d0bc5d31b2546345219e348575eb80e9a0?s=96&d=mm&r=g\",\"caption\":\"redazione\"},\"sameAs\":[\"http:\\\/\\\/www.bellunopress.it\",\"https:\\\/\\\/x.com\\\/bellunopress\"],\"url\":\"https:\\\/\\\/www.bellunopress.it\\\/fr\\\/author\\\/redazione\\\/\"}]}<\/script>\n<!-- \/ Yoast SEO plugin. -->","yoast_head_json":{"title":"Forum Provinciale dei Gruppi e delle Associazioni Giovanili di Belluno - Bellunopress - Dolomiti","robots":{"index":"index","follow":"follow","max-snippet":"max-snippet:-1","max-image-preview":"max-image-preview:large","max-video-preview":"max-video-preview:-1"},"canonical":"https:\/\/www.bellunopress.it\/fr\/2009\/06\/24\/forum-provinciale-dei-gruppi-e-delle-associazioni-giovanili-di-belluno\/","og_locale":"fr_FR","og_type":"article","og_title":"Forum Provinciale dei Gruppi e delle Associazioni Giovanili di Belluno - Bellunopress - Dolomiti","og_description":"Il Forum provinciale \u00e8 organo di rappresentanza e di dialogo dell&#8217;associazionismo giovanile nei confronti degli enti locali. Dopo la costituzione formale ed ufficiale avvenuta lo scorso marzo, l&#8217;ufficio di presidenza del Forum Provinciale dei Gruppi e delle Associazioni Giovanili ha designato all&#8217;unanimit\u00e0 Davide Perin quale presidente dell&#8217;organo di rappresentanza dell&#8217;associazionismo giovanile provinciale. Il Forum Provinciale [&hellip;]","og_url":"https:\/\/www.bellunopress.it\/fr\/2009\/06\/24\/forum-provinciale-dei-gruppi-e-delle-associazioni-giovanili-di-belluno\/","og_site_name":"Bellunopress - Dolomiti","article_publisher":"https:\/\/www.facebook.com\/profile.php?id=100008943462799","article_published_time":"2009-06-24T08:07:43+00:00","og_image":[{"url":"http:\/\/www.bellunopress.it\/wp-content\/uploads\/2012\/07\/logo-bellunopress-250x250-2012.jpg","type":"","width":"","height":""}],"author":"redazione","twitter_card":"summary_large_image","twitter_creator":"@bellunopress","twitter_site":"@bellunopress","twitter_misc":{"\u00c9crit par":"redazione","Dur\u00e9e de lecture estim\u00e9e":"5 minutes"},"schema":{"@context":"https:\/\/schema.org","@graph":[{"@type":"Article","@id":"https:\/\/www.bellunopress.it\/2009\/06\/24\/forum-provinciale-dei-gruppi-e-delle-associazioni-giovanili-di-belluno\/#article","isPartOf":{"@id":"https:\/\/www.bellunopress.it\/2009\/06\/24\/forum-provinciale-dei-gruppi-e-delle-associazioni-giovanili-di-belluno\/"},"author":{"name":"redazione","@id":"https:\/\/www.bellunopress.it\/#\/schema\/person\/79bb06722b37ece1c03d3e94beb30d73"},"headline":"Forum Provinciale dei Gruppi e delle Associazioni Giovanili di Belluno","datePublished":"2009-06-24T08:07:43+00:00","mainEntityOfPage":{"@id":"https:\/\/www.bellunopress.it\/2009\/06\/24\/forum-provinciale-dei-gruppi-e-delle-associazioni-giovanili-di-belluno\/"},"wordCount":928,"publisher":{"@id":"https:\/\/www.bellunopress.it\/#organization"},"keywords":["Belluno","Feltre"],"articleSection":["Lavoro, Economia, Turismo","Societ\u00e0, Associazioni, Istituzioni"],"inLanguage":"fr-FR"},{"@type":"WebPage","@id":"https:\/\/www.bellunopress.it\/2009\/06\/24\/forum-provinciale-dei-gruppi-e-delle-associazioni-giovanili-di-belluno\/","url":"https:\/\/www.bellunopress.it\/2009\/06\/24\/forum-provinciale-dei-gruppi-e-delle-associazioni-giovanili-di-belluno\/","name":"Forum Provinciale dei Gruppi e delle Associazioni Giovanili di Belluno - Bellunopress - Dolomiti","isPartOf":{"@id":"https:\/\/www.bellunopress.it\/#website"},"datePublished":"2009-06-24T08:07:43+00:00","breadcrumb":{"@id":"https:\/\/www.bellunopress.it\/2009\/06\/24\/forum-provinciale-dei-gruppi-e-delle-associazioni-giovanili-di-belluno\/#breadcrumb"},"inLanguage":"fr-FR","potentialAction":[{"@type":"ReadAction","target":["https:\/\/www.bellunopress.it\/2009\/06\/24\/forum-provinciale-dei-gruppi-e-delle-associazioni-giovanili-di-belluno\/"]}]},{"@type":"BreadcrumbList","@id":"https:\/\/www.bellunopress.it\/2009\/06\/24\/forum-provinciale-dei-gruppi-e-delle-associazioni-giovanili-di-belluno\/#breadcrumb","itemListElement":[{"@type":"ListItem","position":1,"name":"Home","item":"https:\/\/www.bellunopress.it\/"},{"@type":"ListItem","position":2,"name":"Forum Provinciale dei Gruppi e delle Associazioni Giovanili di Belluno"}]},{"@type":"WebSite","@id":"https:\/\/www.bellunopress.it\/#website","url":"https:\/\/www.bellunopress.it\/","name":"Bellunopress - Dolomiti","description":"e-mail: redazione@bellunopress.it","publisher":{"@id":"https:\/\/www.bellunopress.it\/#organization"},"potentialAction":[{"@type":"SearchAction","target":{"@type":"EntryPoint","urlTemplate":"https:\/\/www.bellunopress.it\/?s={search_term_string}"},"query-input":{"@type":"PropertyValueSpecification","valueRequired":true,"valueName":"search_term_string"}}],"inLanguage":"fr-FR"},{"@type":"Organization","@id":"https:\/\/www.bellunopress.it\/#organization","name":"Bellunopress","url":"https:\/\/www.bellunopress.it\/","logo":{"@type":"ImageObject","inLanguage":"fr-FR","@id":"https:\/\/www.bellunopress.it\/#\/schema\/logo\/image\/","url":"https:\/\/www.bellunopress.it\/wp-content\/uploads\/2011\/05\/cropped-logo-bellunopress-.jpg","contentUrl":"https:\/\/www.bellunopress.it\/wp-content\/uploads\/2011\/05\/cropped-logo-bellunopress-.jpg","width":512,"height":512,"caption":"Bellunopress"},"image":{"@id":"https:\/\/www.bellunopress.it\/#\/schema\/logo\/image\/"},"sameAs":["https:\/\/www.facebook.com\/profile.php?id=100008943462799","https:\/\/x.com\/bellunopress","https:\/\/www.linkedin.com\/hp\/?dnr=JBzUWaJfMUw8vbXJJ2tVW5-I3jZKvC4wsoxE&amp;amp;amp;amp;amp;amp;trk=nav_responsive_tab_home","https:\/\/www.youtube.com\/channel\/UCxL0wu1uN0_3_7hGG0306cw"]},{"@type":"Person","@id":"https:\/\/www.bellunopress.it\/#\/schema\/person\/79bb06722b37ece1c03d3e94beb30d73","name":"r\u00e9daction","image":{"@type":"ImageObject","inLanguage":"fr-FR","@id":"https:\/\/secure.gravatar.com\/avatar\/37d968a2e67a6fd04c169c4bdef102d0bc5d31b2546345219e348575eb80e9a0?s=96&d=mm&r=g","url":"https:\/\/secure.gravatar.com\/avatar\/37d968a2e67a6fd04c169c4bdef102d0bc5d31b2546345219e348575eb80e9a0?s=96&d=mm&r=g","contentUrl":"https:\/\/secure.gravatar.com\/avatar\/37d968a2e67a6fd04c169c4bdef102d0bc5d31b2546345219e348575eb80e9a0?s=96&d=mm&r=g","caption":"redazione"},"sameAs":["http:\/\/www.bellunopress.it","https:\/\/x.com\/bellunopress"],"url":"https:\/\/www.bellunopress.it\/fr\/author\/redazione\/"}]}},"_links":{"self":[{"href":"https:\/\/www.bellunopress.it\/fr\/wp-json\/wp\/v2\/posts\/5315","targetHints":{"allow":["GET"]}}],"collection":[{"href":"https:\/\/www.bellunopress.it\/fr\/wp-json\/wp\/v2\/posts"}],"about":[{"href":"https:\/\/www.bellunopress.it\/fr\/wp-json\/wp\/v2\/types\/post"}],"author":[{"embeddable":true,"href":"https:\/\/www.bellunopress.it\/fr\/wp-json\/wp\/v2\/users\/2"}],"replies":[{"embeddable":true,"href":"https:\/\/www.bellunopress.it\/fr\/wp-json\/wp\/v2\/comments?post=5315"}],"version-history":[{"count":1,"href":"https:\/\/www.bellunopress.it\/fr\/wp-json\/wp\/v2\/posts\/5315\/revisions"}],"predecessor-version":[{"id":5316,"href":"https:\/\/www.bellunopress.it\/fr\/wp-json\/wp\/v2\/posts\/5315\/revisions\/5316"}],"wp:attachment":[{"href":"https:\/\/www.bellunopress.it\/fr\/wp-json\/wp\/v2\/media?parent=5315"}],"wp:term":[{"taxonomy":"category","embeddable":true,"href":"https:\/\/www.bellunopress.it\/fr\/wp-json\/wp\/v2\/categories?post=5315"},{"taxonomy":"post_tag","embeddable":true,"href":"https:\/\/www.bellunopress.it\/fr\/wp-json\/wp\/v2\/tags?post=5315"}],"curies":[{"name":"wp","href":"https:\/\/api.w.org\/{rel}","templated":true}]}}