{"id":5307,"date":"2009-06-24T08:52:46","date_gmt":"2009-06-24T07:52:46","guid":{"rendered":"http:\/\/www.bellunopress.it\/?p=5307"},"modified":"2009-06-24T09:13:02","modified_gmt":"2009-06-24T08:13:02","slug":"le-pallavoliste-premiano-i-campioni-del-prosecco","status":"publish","type":"post","link":"https:\/\/www.bellunopress.it\/fr\/2009\/06\/24\/le-pallavoliste-premiano-i-campioni-del-prosecco\/","title":{"rendered":"Le pallavoliste premiano i campioni del prosecco"},"content":{"rendered":"<p><a href=\"http:\/\/www.bellunopress.it\/wp-content\/uploads\/2009\/03\/zoppas_foppapedretti_foto_bolgan_280x210.jpg\"><img loading=\"lazy\" decoding=\"async\" class=\"alignleft size-medium wp-image-1891\" title=\"zoppas_foppapedretti_foto_bolgan_280x210\" src=\"http:\/\/www.bellunopress.it\/wp-content\/uploads\/2009\/03\/zoppas_foppapedretti_foto_bolgan_280x210.jpg\" alt=\"\" width=\"280\" height=\"186\" \/><\/a>Le pallavoliste premiano i vini campioni. Le atlete della Zoppas Industries Conegliano venerd\u00ec incoroneranno i vincitori del Gran Premio Primavera Prosecco DOC. Cornice della serata sar\u00e0 l&#8217;enoteca della Scuola Enologica di Conegliano, luogo simbolo del frutto della terra coneglianese pi\u00f9 famoso nel mondo. Dopo la presentazione dell&#8217;evento enoturistico durante le partite di campionato delle gialloblu giocate alla Zoppas Arena, quella di venerd\u00ec sar\u00e0 un&#8217;ulteriore occasione di sinergia tra il volley e il prosecco. &#8220;Il prosecco \u00e8 un campione della nostra terra &#8211; spiega Giovanni Lucchetta, presidente della Spes Volley Conegliano &#8211; quindi diventa naturale il binomio tra la rassegna che lo promuove nelle colline dove viene prodotto e lo sport di alto livello che rappresenta Conegliano in tutta Italia&#8221;. \u201cIl Gran Premio Primavera Prosecco Doc \u2013 conclude Giovanni Follador, coordinatore del Comitato Organizzatore &#8211;\u00a0 non \u00e8 solo l\u2019atto conclusivo di un evento che oramai annovera 17 mostre al suo interno, ma continua ad essere il momento principe della stagione produttiva vitivinicola, premiando i vini che supereranno il severo giudizio tecnico delle commissioni d\u2019assaggio dell\u2019Assoenologi Veneto C.O. con un punteggio superiore agli 85 centesimi. La commissione d\u2019assaggio si \u00e8 riunita gioved\u00ec 18 giugno e ha decretato i Vini Campione 2009 che verranno svelati venerd\u00ec.\u201d Anche quest\u2019anno i vini a partecipare sono numerosi (181 vini appartenenti a 60 aziende) divisi in diverse categorie: il Colli di Conegliano si divide in bianco e rosso, passito di Refrontolo e Torchiato di Fregona, c\u2019\u00e8 poi il Colli Trevigiani IGT Verdiso. Nella categoria del Prosecco le suddivisioni sono le seguenti: tranquillo, frizzante e spumante, tra i vini spumanti si distinguono: il Brut, il Dry, l\u2019Extra Dry e il superiore Cartizze. Chiude il Prosecco Veneto IGT passito. Occhio alle qualificazioni per i mondiali dal 17 al 19 luglio clicca su <a href=\"http:\/\/www.bellunopress.it\/wp-content\/uploads\/2009\/06\/banner_mondiale_invio.swf\">banner_mondiale_invio<\/a><\/p>","protected":false},"excerpt":{"rendered":"<p>Le pallavoliste premiano i vini campioni. Le atlete della Zoppas Industries Conegliano venerd\u00ec incoroneranno i vincitori del Gran Premio Primavera Prosecco DOC. Cornice della serata sar\u00e0 l&#8217;enoteca della Scuola Enologica di Conegliano, luogo simbolo del frutto della terra coneglianese pi\u00f9 famoso nel mondo. Dopo la presentazione dell&#8217;evento enoturistico durante le partite di campionato delle gialloblu [&hellip;]<\/p>\n","protected":false},"author":2,"featured_media":0,"comment_status":"closed","ping_status":"open","sticky":false,"template":"","format":"standard","meta":{"footnotes":""},"categories":[4],"tags":[139],"class_list":["post-5307","post","type-post","status-publish","format-standard","category-sport","tag-belluno"],"yoast_head":"<!-- This site is optimized with the Yoast SEO plugin v28.4 - https:\/\/yoast.com\/product\/yoast-seo-wordpress\/ -->\n<title>Le pallavoliste premiano i campioni del prosecco - Bellunopress - Dolomiti<\/title>\n<meta name=\"robots\" content=\"index, follow, max-snippet:-1, max-image-preview:large, max-video-preview:-1\" \/>\n<link rel=\"canonical\" href=\"https:\/\/www.bellunopress.it\/fr\/2009\/06\/24\/le-pallavoliste-premiano-i-campioni-del-prosecco\/\" \/>\n<meta property=\"og:locale\" content=\"fr_FR\" \/>\n<meta property=\"og:type\" content=\"article\" \/>\n<meta property=\"og:title\" content=\"Le pallavoliste premiano i campioni del prosecco - Bellunopress - Dolomiti\" \/>\n<meta property=\"og:description\" content=\"Le pallavoliste premiano i vini campioni. Le atlete della Zoppas Industries Conegliano venerd\u00ec incoroneranno i vincitori del Gran Premio Primavera Prosecco DOC. Cornice della serata sar\u00e0 l&#8217;enoteca della Scuola Enologica di Conegliano, luogo simbolo del frutto della terra coneglianese pi\u00f9 famoso nel mondo. Dopo la presentazione dell&#8217;evento enoturistico durante le partite di campionato delle gialloblu [&hellip;]\" \/>\n<meta property=\"og:url\" content=\"https:\/\/www.bellunopress.it\/fr\/2009\/06\/24\/le-pallavoliste-premiano-i-campioni-del-prosecco\/\" \/>\n<meta property=\"og:site_name\" content=\"Bellunopress - Dolomiti\" \/>\n<meta property=\"article:publisher\" content=\"https:\/\/www.facebook.com\/profile.php?id=100008943462799\" \/>\n<meta property=\"article:published_time\" content=\"2009-06-24T07:52:46+00:00\" \/>\n<meta property=\"article:modified_time\" content=\"2009-06-24T08:13:02+00:00\" \/>\n<meta property=\"og:image\" content=\"http:\/\/www.bellunopress.it\/wp-content\/uploads\/2009\/03\/zoppas_foppapedretti_foto_bolgan_280x210.jpg\" \/>\n<meta name=\"author\" content=\"redazione\" \/>\n<meta name=\"twitter:card\" content=\"summary_large_image\" \/>\n<meta name=\"twitter:creator\" content=\"@bellunopress\" \/>\n<meta name=\"twitter:site\" content=\"@bellunopress\" \/>\n<meta name=\"twitter:label1\" content=\"Written by\" \/>\n\t<meta name=\"twitter:data1\" content=\"redazione\" \/>\n\t<meta name=\"twitter:label2\" content=\"Est. reading time\" \/>\n\t<meta name=\"twitter:data2\" content=\"1 minute\" \/>\n<script type=\"application\/ld+json\" class=\"yoast-schema-graph\">{\"@context\":\"https:\\\/\\\/schema.org\",\"@graph\":[{\"@type\":\"Article\",\"@id\":\"https:\\\/\\\/www.bellunopress.it\\\/2009\\\/06\\\/24\\\/le-pallavoliste-premiano-i-campioni-del-prosecco\\\/#article\",\"isPartOf\":{\"@id\":\"https:\\\/\\\/www.bellunopress.it\\\/2009\\\/06\\\/24\\\/le-pallavoliste-premiano-i-campioni-del-prosecco\\\/\"},\"author\":{\"name\":\"redazione\",\"@id\":\"https:\\\/\\\/www.bellunopress.it\\\/#\\\/schema\\\/person\\\/79bb06722b37ece1c03d3e94beb30d73\"},\"headline\":\"Le pallavoliste premiano i campioni del prosecco\",\"datePublished\":\"2009-06-24T07:52:46+00:00\",\"dateModified\":\"2009-06-24T08:13:02+00:00\",\"mainEntityOfPage\":{\"@id\":\"https:\\\/\\\/www.bellunopress.it\\\/2009\\\/06\\\/24\\\/le-pallavoliste-premiano-i-campioni-del-prosecco\\\/\"},\"wordCount\":301,\"publisher\":{\"@id\":\"https:\\\/\\\/www.bellunopress.it\\\/#organization\"},\"image\":{\"@id\":\"https:\\\/\\\/www.bellunopress.it\\\/2009\\\/06\\\/24\\\/le-pallavoliste-premiano-i-campioni-del-prosecco\\\/#primaryimage\"},\"thumbnailUrl\":\"http:\\\/\\\/www.bellunopress.it\\\/wp-content\\\/uploads\\\/2009\\\/03\\\/zoppas_foppapedretti_foto_bolgan_280x210.jpg\",\"keywords\":[\"Belluno\"],\"articleSection\":[\"Sport, tempo libero\"],\"inLanguage\":\"fr-FR\"},{\"@type\":\"WebPage\",\"@id\":\"https:\\\/\\\/www.bellunopress.it\\\/2009\\\/06\\\/24\\\/le-pallavoliste-premiano-i-campioni-del-prosecco\\\/\",\"url\":\"https:\\\/\\\/www.bellunopress.it\\\/2009\\\/06\\\/24\\\/le-pallavoliste-premiano-i-campioni-del-prosecco\\\/\",\"name\":\"Le pallavoliste premiano i campioni del prosecco - Bellunopress - Dolomiti\",\"isPartOf\":{\"@id\":\"https:\\\/\\\/www.bellunopress.it\\\/#website\"},\"primaryImageOfPage\":{\"@id\":\"https:\\\/\\\/www.bellunopress.it\\\/2009\\\/06\\\/24\\\/le-pallavoliste-premiano-i-campioni-del-prosecco\\\/#primaryimage\"},\"image\":{\"@id\":\"https:\\\/\\\/www.bellunopress.it\\\/2009\\\/06\\\/24\\\/le-pallavoliste-premiano-i-campioni-del-prosecco\\\/#primaryimage\"},\"thumbnailUrl\":\"http:\\\/\\\/www.bellunopress.it\\\/wp-content\\\/uploads\\\/2009\\\/03\\\/zoppas_foppapedretti_foto_bolgan_280x210.jpg\",\"datePublished\":\"2009-06-24T07:52:46+00:00\",\"dateModified\":\"2009-06-24T08:13:02+00:00\",\"breadcrumb\":{\"@id\":\"https:\\\/\\\/www.bellunopress.it\\\/2009\\\/06\\\/24\\\/le-pallavoliste-premiano-i-campioni-del-prosecco\\\/#breadcrumb\"},\"inLanguage\":\"fr-FR\",\"potentialAction\":[{\"@type\":\"ReadAction\",\"target\":[\"https:\\\/\\\/www.bellunopress.it\\\/2009\\\/06\\\/24\\\/le-pallavoliste-premiano-i-campioni-del-prosecco\\\/\"]}]},{\"@type\":\"ImageObject\",\"inLanguage\":\"fr-FR\",\"@id\":\"https:\\\/\\\/www.bellunopress.it\\\/2009\\\/06\\\/24\\\/le-pallavoliste-premiano-i-campioni-del-prosecco\\\/#primaryimage\",\"url\":\"http:\\\/\\\/www.bellunopress.it\\\/wp-content\\\/uploads\\\/2009\\\/03\\\/zoppas_foppapedretti_foto_bolgan_280x210.jpg\",\"contentUrl\":\"http:\\\/\\\/www.bellunopress.it\\\/wp-content\\\/uploads\\\/2009\\\/03\\\/zoppas_foppapedretti_foto_bolgan_280x210.jpg\"},{\"@type\":\"BreadcrumbList\",\"@id\":\"https:\\\/\\\/www.bellunopress.it\\\/2009\\\/06\\\/24\\\/le-pallavoliste-premiano-i-campioni-del-prosecco\\\/#breadcrumb\",\"itemListElement\":[{\"@type\":\"ListItem\",\"position\":1,\"name\":\"Home\",\"item\":\"https:\\\/\\\/www.bellunopress.it\\\/\"},{\"@type\":\"ListItem\",\"position\":2,\"name\":\"Le pallavoliste premiano i campioni del prosecco\"}]},{\"@type\":\"WebSite\",\"@id\":\"https:\\\/\\\/www.bellunopress.it\\\/#website\",\"url\":\"https:\\\/\\\/www.bellunopress.it\\\/\",\"name\":\"Bellunopress - Dolomiti\",\"description\":\"e-mail: redazione@bellunopress.it\",\"publisher\":{\"@id\":\"https:\\\/\\\/www.bellunopress.it\\\/#organization\"},\"potentialAction\":[{\"@type\":\"SearchAction\",\"target\":{\"@type\":\"EntryPoint\",\"urlTemplate\":\"https:\\\/\\\/www.bellunopress.it\\\/?s={search_term_string}\"},\"query-input\":{\"@type\":\"PropertyValueSpecification\",\"valueRequired\":true,\"valueName\":\"search_term_string\"}}],\"inLanguage\":\"fr-FR\"},{\"@type\":\"Organization\",\"@id\":\"https:\\\/\\\/www.bellunopress.it\\\/#organization\",\"name\":\"Bellunopress\",\"url\":\"https:\\\/\\\/www.bellunopress.it\\\/\",\"logo\":{\"@type\":\"ImageObject\",\"inLanguage\":\"fr-FR\",\"@id\":\"https:\\\/\\\/www.bellunopress.it\\\/#\\\/schema\\\/logo\\\/image\\\/\",\"url\":\"https:\\\/\\\/www.bellunopress.it\\\/wp-content\\\/uploads\\\/2011\\\/05\\\/cropped-logo-bellunopress-.jpg\",\"contentUrl\":\"https:\\\/\\\/www.bellunopress.it\\\/wp-content\\\/uploads\\\/2011\\\/05\\\/cropped-logo-bellunopress-.jpg\",\"width\":512,\"height\":512,\"caption\":\"Bellunopress\"},\"image\":{\"@id\":\"https:\\\/\\\/www.bellunopress.it\\\/#\\\/schema\\\/logo\\\/image\\\/\"},\"sameAs\":[\"https:\\\/\\\/www.facebook.com\\\/profile.php?id=100008943462799\",\"https:\\\/\\\/x.com\\\/bellunopress\",\"https:\\\/\\\/www.linkedin.com\\\/hp\\\/?dnr=JBzUWaJfMUw8vbXJJ2tVW5-I3jZKvC4wsoxE&amp;amp;amp;amp;amp;amp;trk=nav_responsive_tab_home\",\"https:\\\/\\\/www.youtube.com\\\/channel\\\/UCxL0wu1uN0_3_7hGG0306cw\"]},{\"@type\":\"Person\",\"@id\":\"https:\\\/\\\/www.bellunopress.it\\\/#\\\/schema\\\/person\\\/79bb06722b37ece1c03d3e94beb30d73\",\"name\":\"redazione\",\"image\":{\"@type\":\"ImageObject\",\"inLanguage\":\"fr-FR\",\"@id\":\"https:\\\/\\\/secure.gravatar.com\\\/avatar\\\/37d968a2e67a6fd04c169c4bdef102d0bc5d31b2546345219e348575eb80e9a0?s=96&d=mm&r=g\",\"url\":\"https:\\\/\\\/secure.gravatar.com\\\/avatar\\\/37d968a2e67a6fd04c169c4bdef102d0bc5d31b2546345219e348575eb80e9a0?s=96&d=mm&r=g\",\"contentUrl\":\"https:\\\/\\\/secure.gravatar.com\\\/avatar\\\/37d968a2e67a6fd04c169c4bdef102d0bc5d31b2546345219e348575eb80e9a0?s=96&d=mm&r=g\",\"caption\":\"redazione\"},\"sameAs\":[\"http:\\\/\\\/www.bellunopress.it\",\"https:\\\/\\\/x.com\\\/bellunopress\"],\"url\":\"https:\\\/\\\/www.bellunopress.it\\\/fr\\\/author\\\/redazione\\\/\"}]}<\/script>\n<!-- \/ Yoast SEO plugin. -->","yoast_head_json":{"title":"Le pallavoliste premiano i campioni del prosecco - Bellunopress - Dolomiti","robots":{"index":"index","follow":"follow","max-snippet":"max-snippet:-1","max-image-preview":"max-image-preview:large","max-video-preview":"max-video-preview:-1"},"canonical":"https:\/\/www.bellunopress.it\/fr\/2009\/06\/24\/le-pallavoliste-premiano-i-campioni-del-prosecco\/","og_locale":"fr_FR","og_type":"article","og_title":"Le pallavoliste premiano i campioni del prosecco - Bellunopress - Dolomiti","og_description":"Le pallavoliste premiano i vini campioni. Le atlete della Zoppas Industries Conegliano venerd\u00ec incoroneranno i vincitori del Gran Premio Primavera Prosecco DOC. Cornice della serata sar\u00e0 l&#8217;enoteca della Scuola Enologica di Conegliano, luogo simbolo del frutto della terra coneglianese pi\u00f9 famoso nel mondo. Dopo la presentazione dell&#8217;evento enoturistico durante le partite di campionato delle gialloblu [&hellip;]","og_url":"https:\/\/www.bellunopress.it\/fr\/2009\/06\/24\/le-pallavoliste-premiano-i-campioni-del-prosecco\/","og_site_name":"Bellunopress - Dolomiti","article_publisher":"https:\/\/www.facebook.com\/profile.php?id=100008943462799","article_published_time":"2009-06-24T07:52:46+00:00","article_modified_time":"2009-06-24T08:13:02+00:00","og_image":[{"url":"http:\/\/www.bellunopress.it\/wp-content\/uploads\/2009\/03\/zoppas_foppapedretti_foto_bolgan_280x210.jpg","type":"","width":"","height":""}],"author":"redazione","twitter_card":"summary_large_image","twitter_creator":"@bellunopress","twitter_site":"@bellunopress","twitter_misc":{"Written by":"redazione","Est. reading time":"1 minute"},"schema":{"@context":"https:\/\/schema.org","@graph":[{"@type":"Article","@id":"https:\/\/www.bellunopress.it\/2009\/06\/24\/le-pallavoliste-premiano-i-campioni-del-prosecco\/#article","isPartOf":{"@id":"https:\/\/www.bellunopress.it\/2009\/06\/24\/le-pallavoliste-premiano-i-campioni-del-prosecco\/"},"author":{"name":"redazione","@id":"https:\/\/www.bellunopress.it\/#\/schema\/person\/79bb06722b37ece1c03d3e94beb30d73"},"headline":"Le pallavoliste premiano i campioni del prosecco","datePublished":"2009-06-24T07:52:46+00:00","dateModified":"2009-06-24T08:13:02+00:00","mainEntityOfPage":{"@id":"https:\/\/www.bellunopress.it\/2009\/06\/24\/le-pallavoliste-premiano-i-campioni-del-prosecco\/"},"wordCount":301,"publisher":{"@id":"https:\/\/www.bellunopress.it\/#organization"},"image":{"@id":"https:\/\/www.bellunopress.it\/2009\/06\/24\/le-pallavoliste-premiano-i-campioni-del-prosecco\/#primaryimage"},"thumbnailUrl":"http:\/\/www.bellunopress.it\/wp-content\/uploads\/2009\/03\/zoppas_foppapedretti_foto_bolgan_280x210.jpg","keywords":["Belluno"],"articleSection":["Sport, tempo libero"],"inLanguage":"fr-FR"},{"@type":"WebPage","@id":"https:\/\/www.bellunopress.it\/2009\/06\/24\/le-pallavoliste-premiano-i-campioni-del-prosecco\/","url":"https:\/\/www.bellunopress.it\/2009\/06\/24\/le-pallavoliste-premiano-i-campioni-del-prosecco\/","name":"Le pallavoliste premiano i campioni del prosecco - Bellunopress - Dolomiti","isPartOf":{"@id":"https:\/\/www.bellunopress.it\/#website"},"primaryImageOfPage":{"@id":"https:\/\/www.bellunopress.it\/2009\/06\/24\/le-pallavoliste-premiano-i-campioni-del-prosecco\/#primaryimage"},"image":{"@id":"https:\/\/www.bellunopress.it\/2009\/06\/24\/le-pallavoliste-premiano-i-campioni-del-prosecco\/#primaryimage"},"thumbnailUrl":"http:\/\/www.bellunopress.it\/wp-content\/uploads\/2009\/03\/zoppas_foppapedretti_foto_bolgan_280x210.jpg","datePublished":"2009-06-24T07:52:46+00:00","dateModified":"2009-06-24T08:13:02+00:00","breadcrumb":{"@id":"https:\/\/www.bellunopress.it\/2009\/06\/24\/le-pallavoliste-premiano-i-campioni-del-prosecco\/#breadcrumb"},"inLanguage":"fr-FR","potentialAction":[{"@type":"ReadAction","target":["https:\/\/www.bellunopress.it\/2009\/06\/24\/le-pallavoliste-premiano-i-campioni-del-prosecco\/"]}]},{"@type":"ImageObject","inLanguage":"fr-FR","@id":"https:\/\/www.bellunopress.it\/2009\/06\/24\/le-pallavoliste-premiano-i-campioni-del-prosecco\/#primaryimage","url":"http:\/\/www.bellunopress.it\/wp-content\/uploads\/2009\/03\/zoppas_foppapedretti_foto_bolgan_280x210.jpg","contentUrl":"http:\/\/www.bellunopress.it\/wp-content\/uploads\/2009\/03\/zoppas_foppapedretti_foto_bolgan_280x210.jpg"},{"@type":"BreadcrumbList","@id":"https:\/\/www.bellunopress.it\/2009\/06\/24\/le-pallavoliste-premiano-i-campioni-del-prosecco\/#breadcrumb","itemListElement":[{"@type":"ListItem","position":1,"name":"Home","item":"https:\/\/www.bellunopress.it\/"},{"@type":"ListItem","position":2,"name":"Le pallavoliste premiano i campioni del prosecco"}]},{"@type":"WebSite","@id":"https:\/\/www.bellunopress.it\/#website","url":"https:\/\/www.bellunopress.it\/","name":"Bellunopress - Dolomiti","description":"e-mail: redazione@bellunopress.it","publisher":{"@id":"https:\/\/www.bellunopress.it\/#organization"},"potentialAction":[{"@type":"SearchAction","target":{"@type":"EntryPoint","urlTemplate":"https:\/\/www.bellunopress.it\/?s={search_term_string}"},"query-input":{"@type":"PropertyValueSpecification","valueRequired":true,"valueName":"search_term_string"}}],"inLanguage":"fr-FR"},{"@type":"Organization","@id":"https:\/\/www.bellunopress.it\/#organization","name":"Bellunopress","url":"https:\/\/www.bellunopress.it\/","logo":{"@type":"ImageObject","inLanguage":"fr-FR","@id":"https:\/\/www.bellunopress.it\/#\/schema\/logo\/image\/","url":"https:\/\/www.bellunopress.it\/wp-content\/uploads\/2011\/05\/cropped-logo-bellunopress-.jpg","contentUrl":"https:\/\/www.bellunopress.it\/wp-content\/uploads\/2011\/05\/cropped-logo-bellunopress-.jpg","width":512,"height":512,"caption":"Bellunopress"},"image":{"@id":"https:\/\/www.bellunopress.it\/#\/schema\/logo\/image\/"},"sameAs":["https:\/\/www.facebook.com\/profile.php?id=100008943462799","https:\/\/x.com\/bellunopress","https:\/\/www.linkedin.com\/hp\/?dnr=JBzUWaJfMUw8vbXJJ2tVW5-I3jZKvC4wsoxE&amp;amp;amp;amp;amp;amp;trk=nav_responsive_tab_home","https:\/\/www.youtube.com\/channel\/UCxL0wu1uN0_3_7hGG0306cw"]},{"@type":"Person","@id":"https:\/\/www.bellunopress.it\/#\/schema\/person\/79bb06722b37ece1c03d3e94beb30d73","name":"r\u00e9daction","image":{"@type":"ImageObject","inLanguage":"fr-FR","@id":"https:\/\/secure.gravatar.com\/avatar\/37d968a2e67a6fd04c169c4bdef102d0bc5d31b2546345219e348575eb80e9a0?s=96&d=mm&r=g","url":"https:\/\/secure.gravatar.com\/avatar\/37d968a2e67a6fd04c169c4bdef102d0bc5d31b2546345219e348575eb80e9a0?s=96&d=mm&r=g","contentUrl":"https:\/\/secure.gravatar.com\/avatar\/37d968a2e67a6fd04c169c4bdef102d0bc5d31b2546345219e348575eb80e9a0?s=96&d=mm&r=g","caption":"redazione"},"sameAs":["http:\/\/www.bellunopress.it","https:\/\/x.com\/bellunopress"],"url":"https:\/\/www.bellunopress.it\/fr\/author\/redazione\/"}]}},"_links":{"self":[{"href":"https:\/\/www.bellunopress.it\/fr\/wp-json\/wp\/v2\/posts\/5307","targetHints":{"allow":["GET"]}}],"collection":[{"href":"https:\/\/www.bellunopress.it\/fr\/wp-json\/wp\/v2\/posts"}],"about":[{"href":"https:\/\/www.bellunopress.it\/fr\/wp-json\/wp\/v2\/types\/post"}],"author":[{"embeddable":true,"href":"https:\/\/www.bellunopress.it\/fr\/wp-json\/wp\/v2\/users\/2"}],"replies":[{"embeddable":true,"href":"https:\/\/www.bellunopress.it\/fr\/wp-json\/wp\/v2\/comments?post=5307"}],"version-history":[{"count":4,"href":"https:\/\/www.bellunopress.it\/fr\/wp-json\/wp\/v2\/posts\/5307\/revisions"}],"predecessor-version":[{"id":5318,"href":"https:\/\/www.bellunopress.it\/fr\/wp-json\/wp\/v2\/posts\/5307\/revisions\/5318"}],"wp:attachment":[{"href":"https:\/\/www.bellunopress.it\/fr\/wp-json\/wp\/v2\/media?parent=5307"}],"wp:term":[{"taxonomy":"category","embeddable":true,"href":"https:\/\/www.bellunopress.it\/fr\/wp-json\/wp\/v2\/categories?post=5307"},{"taxonomy":"post_tag","embeddable":true,"href":"https:\/\/www.bellunopress.it\/fr\/wp-json\/wp\/v2\/tags?post=5307"}],"curies":[{"name":"wp","href":"https:\/\/api.w.org\/{rel}","templated":true}]}}