{"id":5286,"date":"2009-06-23T15:05:45","date_gmt":"2009-06-23T14:05:45","guid":{"rendered":"http:\/\/www.bellunopress.it\/?p=5286"},"modified":"2009-06-23T15:06:45","modified_gmt":"2009-06-23T14:06:45","slug":"per-chi-vuole-diventare-un-dipendente-pubblico-gli-ultimi-concorsi-banditi-da-enti-locali-e-usl","status":"publish","type":"post","link":"https:\/\/www.bellunopress.it\/fr\/2009\/06\/23\/per-chi-vuole-diventare-un-dipendente-pubblico-gli-ultimi-concorsi-banditi-da-enti-locali-e-usl\/","title":{"rendered":"Per chi vuole diventare un dipendente pubblico, gli ultimi concorsi banditi da enti locali e Usl"},"content":{"rendered":"<p><a href=\"http:\/\/www.bellunopress.it\/wp-content\/uploads\/2009\/05\/informagiovani-100x80.jpg\"><img loading=\"lazy\" decoding=\"async\" class=\"alignleft size-medium wp-image-3870\" title=\"informagiovani-100x80\" src=\"http:\/\/www.bellunopress.it\/wp-content\/uploads\/2009\/05\/informagiovani-100x80.jpg\" alt=\"\" width=\"100\" height=\"80\" \/><\/a>In collaborazione con Informagiovani del Comune di Belluno (Tel. +39 0437913255 &#8211; Fax. +39 0437913284), pubblichiamo i concorsi pubblici banditi in Provincia di Belluno e nel Veneto\u00a0<\/p>\n<p>COMUNE DI PUOS D&#8217;ALPAGO<br \/>\nConcorso pubblico per esami per la copertura di n. 1\u00a0 posto a tempo indeterminato &#8211; part-time 18 ore settimanali di n. 1\u00a0 Istruttore Direttivo Tecnico\u00a0 Categoria D \u2013 Posizione economica D1 \u2013 Area\u00a0 Tecnica\u00a0 Lavori Pubblici.<br \/>\nRequisiti specifici:<br \/>\ntitolo di studio:: Diplomi di laurea nelle seguenti classi di laurea:<br \/>\n\u00a0laurea specialistica:<br \/>\nClasse LS4: lauree specialistiche in architettura e ingegneria edile<br \/>\nClasse LS28: lauree specialistiche in ingegneria civile<br \/>\nClasse LS38 lauree specialistiche in ingegneria per l\u2019ambiente e per il territorio<br \/>\n\u00a0laurea magistrale:<br \/>\nClasse LM4: lauree magistrali in architettura e ingegneria edile-architettura<br \/>\nClasse LM23: lauree magistrali in ingegneria civile<br \/>\nClasse LM24: lauree magistrali in ingegneria dei sistemi edilizi<br \/>\nClasse LM35 lauree magistrali in ingegneria per l\u2019ambiente e il territorio<br \/>\n\u00a0diploma di laurea del vecchio ordinamento:<br \/>\nArchitettura<br \/>\nIngegneria civile<br \/>\nIngegneria edile<br \/>\nIngegneria per l\u2019ambiente e il territorio<br \/>\npatente di guida di tipo B.<br \/>\nScadenza:\u00a0 entro il giorno 20 luglio 2009<\/p>\n<p>COMUNE DI BELLUNO<br \/>\nAvviso di selezione per\u00a0 1 Responsabile Ufficio di Piano ULSS n. 1 di Belluno da svolgersi presso l&#8217;Ufficio di Piano messo a disposizione dal Comune di Belluno e nel territorio della ULSS 1 di Belluno al fine di assicurare lo svolgimento di attivit\u00e0<br \/>\npreviste nell&#8217;ambito del Piano di Zona della ULSS n.. 1 di Belluno per il conferimento di incarichi di collaborazione coordinata e continuativa:<br \/>\nRequisiti specifici:<br \/>\n&#8211; titolo di studio:: Diploma di laurea nelle seguenti classi di laurea:<br \/>\nLaurea specialistica di secondo livello;<br \/>\nLaurea secondo il vecchio ordinamento;<br \/>\n&#8211; esperienza di partecipazione: alla raccolta dei dati al fine di realizzare un sistema di monitoraggio, alla elaborazione della relazione valutativa di una annualit\u00e0 di un Piano di Zona della Regione Veneto;<br \/>\nI requisiti relativi al titoli, alle esperienze professionali ed alle attivit\u00e0 svolte saranno evidenziate in<br \/>\n\u00a0un curriculum dettagliato da inviare al Comune di Belluno con le modalit\u00e0 sotto indicate.<br \/>\nIl Comune provvede alla selezione dei canditati sulla base di titoli e curriculum<br \/>\nScadenza: entro il 24 giugno 2009<\/p>\n<p>COMUNE DI CORTINA D&#8217;AMPEZZO<br \/>\nSelezione pubblica per esami per la formazione di una graduatoria per assunzione a tempo determinato di \u201cIstruttore Amministrativo\u201d \u2013 Cat. C \u2013 posizione economica C1.<br \/>\nRequisiti specifici:<br \/>\nDiploma di scuola media superiore quinquennale.<br \/>\nScadenza: entro il 26 giugno 2009.<br \/>\nCOMUNITA&#8217; MONTANA FELTRINA \u2013 COMUNE DI LAMON<br \/>\nSelezione pubblica per la costituzione di un rapporto di lavoro a tempo determinato, profilo: Istruttore tecnico &#8211; categoria C, posizione economica C1 &#8211; presso il Comune di Lamon.<br \/>\nRequisiti specifici:<br \/>\nMaturit\u00e0 professionale, ovvero di geometra o perito industriale.<br \/>\nPatente di guida di tipo B<br \/>\nScadenza: entro le ore 12.00 del giorno 26 giugno 2009<\/p>\n<p>GRADUATORIE DI CIRCOLO\/ISTITUTO PERSONALE DOCENTE<br \/>\nBiennio 2009\/10 \u2013 2010\/11-<br \/>\n(DM n. 56 del 28.05.09)<br \/>\nCosa sono: Queste graduatorie di circolo e di istituto vengono istituite per ogni posto d&#8217;insegnamento, classe di concorso o posto di personale educativo per l&#8217;attribuzione delle supplenze.<br \/>\nSono suddivise in 3 fasce:<br \/>\n1^ fascia: per coloro che sono gi\u00e0 inseriti in precedenti graduatorie che verranno integralmente sostituite da queste.<br \/>\n2^ fascia: per coloro che non sono inseriti nelle precedenti graduatorie ma sono in possesso delle ablitazioni all&#8217;insegnamento (SSIS, COBASLID&#8230;)<br \/>\n3^ fascia: per chi, in possesso del titolo di studio richiesto, non \u00e8 inserito nelle precedenti graduatorie.<br \/>\nChi pu\u00f2 accedere: tutti coloro che sono in possesso del titolo di studio valido per l&#8217;accesso all&#8217;insegnamento richiesto di cui sopra.<br \/>\nCome e quando si inoltra la domanda: il modulo compilato in tutte le sue parti, va inviato alla prima delle scuole prescelte nell&#8217;ambito di una sola provincia o con raccomandata con ricevuta di ritorno o consegnata a mano entro il 30 giugno 2009. La scelta delle scuole nelle cui graduatorie si chiede di essere inseriti deve essere confermata da tutti gli aspiranti dal 1^ al 31 luglio 2009 (pena l&#8217;esclusione della domanda) utilizzando il Modello B, ESCLUSIVAMENTE CON MODALITA&#8217; WEB.<br \/>\nIl testo completo del bando \u00e8 reperibile all&#8217;indirizzo\u00a0 <a href=\"http:\/\/www.pubblica.istruzione.it\/reclutamento\/grad_istituto_09.shtml\">http:\/\/www.pubblica.istruzione.it\/reclutamento\/grad_istituto_09.shtml<\/a> oppure potete richiederlo <a href=\"mailto:informagiovani@comune.belluno.it\">informagiovani@comune.belluno.it<\/a>.<\/p>\n<p>\u00a0Bollettino Ufficiale N. 50 del 19\/06\/2009<br \/>\nConcorsi<br \/>\nCONCORSO \/ AZIENDA DI PROMOZIONE TURISTICA DELLA PROVINCIA DI VENEZIA, VENEZIA<br \/>\nSelezione pubblica per titoli ed esami per il reclutamento di n. 1 posto di funzionario amministrativo &#8211; contabile categoria d profilo professionale economico d1, a tempo pieno e indeterminato.<br \/>\nCONCORSO \/ AZIENDA OSPEDALIERA DI PADOVA, PADOVA<br \/>\nConcorso pubblico, per titoli ed esami, per la copertura a tempo indeterminato di n. 1 posto di dirigente psicologo disciplina: psicoterapia &#8211; area di psicologia.<br \/>\nCONCORSO \/ COMUNE DI BASSANO DEL GRAPPA<br \/>\nBando di concorso pubblico per n. 1 posto di &#8220;istruttore educatore professionale &#8211; animatore&#8221; cat. c.<br \/>\nCONCORSO \/ COMUNE DI CHIOGGIA<br \/>\nConcorso pubblico per la copertura di nr. 2 posti a tempo pieno ed indeterminato di istruttore amministrativo contabile (cat. c1).<br \/>\nCONCORSO \/ COMUNE DI CISMON DEL GRAPPA<br \/>\nConcorso pubblico per esami, per la copertura, a tempo pieno ed indeterminato, di n. 1 posto di operaio specializzato: autista-scuolabus, necroforo, conduttore di macchine operatrici complesse &#8211; cat. b &#8211; posizione b3 &#8211; area tecnico-manutentiva.<br \/>\nCONCORSO \/ IPAB CASA DI RIPOSO &#8220;SAN BIAGIO&#8221;, BOVOLONE (VERONA)<br \/>\nBando di concorso pubblico per esami per la copertura di n. 1 posto a tempo pieno ed indeterminato di infermiere professionale (cat. c &#8211; posizione economica c1 &#8211; ccnl dei dipendenti delle regioni e delle aa.ll.)<br \/>\nCONCORSO \/ ISTITUTO ONCOLOGICO VENETO &#8211; PADOVA<br \/>\nErrata corrige concorso pubblico n. 1 posto dirigente fisico.<br \/>\nCONCORSO \/ ULSS N.01 &#8211; BELLUNO<br \/>\nDelibera n. 608 del 28.5.2009. Pubblicazione BURV avviso pubblico, per titoli e colloquio, per l&#8217;assunzione a tempo determinato di n. 1 collaboratore professionale sanitario (fisioterapista).<br \/>\nCONCORSO \/ ULSS N.04 &#8211; THIENE (VI)<br \/>\nAvviso pubblico per il conferimento di n. 1 posto di dirigente sanitario (profilo prof.le: medici &#8211; disciplina: radiodiagnostica).<br \/>\nCONCORSO \/ ULSS N.06 &#8211; VICENZA<br \/>\nConcorso pubblico, per titoli ed esami, per l&#8217;assunzione a tempo indeterminato di n. 1 collaboratore professionale di categoria &#8220;d&#8221; &#8211; assistente sociale. bando di concorso pubblico n. 152.<br \/>\nCONCORSO \/ ULSS N.06 &#8211; VICENZA<br \/>\nConcorso pubblico, per titoli ed esami, per l&#8217;assunzione a tempo indeterminato di n. 1 collaboratore professionale sanitario di categoria &#8220;d&#8221; &#8211; tecnico di neurofisiopatologia. Bando di concorso pubblico n. 150.<br \/>\nCONCORSO \/ ULSS N.06 &#8211; VICENZA<br \/>\nConcorso pubblico, per titoli ed esami, per l&#8217;assunzione a tempo indeterminato di n. 1 dirigente psicologo, disciplina di psicoterapia, da assegnare alle strutture territoriali. Bando di concorso pubblico n. 154.<br \/>\nCONCORSO \/ ULSS N.06 &#8211; VICENZA<br \/>\nConcorso pubblico, per titoli ed esami, per l&#8217;assunzione a tempo indeterminato di n. 1 collaboratore professionale sanitario di categoria &#8220;d&#8221; &#8211; dietista. bando di concorso pubblico n. 153.<br \/>\nCONCORSO \/ ULSS N.06 &#8211; VICENZA<br \/>\nConcorso pubblico, per titoli ed esami, per l&#8217;assunzione a tempo indeterminato di n. 1 collaboratore professionale sanitario di categoria &#8220;d&#8221; &#8211; assistente sanitario.bando di concorso pubblico n. 151.<br \/>\nCONCORSO \/ ULSS N.08 &#8211; ASOLO (TV)<br \/>\nBando per l&#8217;anno 2009 per la disponibilit\u00e0 alla coprogettazione e all&#8217;affidamento in partnership del &#8220;club alcolisti in trattamento&#8221; e del &#8220;servizio di integrazione sociale e scolastica disabili&#8221;.<br \/>\nCONCORSO \/ ULSS N.09 &#8211; TREVISO<br \/>\nGraduatoria di merito del pubblico concorso, per titoli ed esami, per l&#8217;assunzione a tempo indeterminato di un collaboratore professionale sanitario &#8211; tecnico sanitario di radiologia medica &#8211; categoria d.<br \/>\nCONCORSO \/ ULSS N.09 &#8211; TREVISO<br \/>\nAvviso pubblico n. 14\/2009 per titoli e colloquio per l&#8217;assunzione a tempo determinato di un dirigente medico di ginecologia e ostetricia<br \/>\nCONCORSO \/ ULSS N.09 &#8211; TREVISO<br \/>\nAvviso di revoca dell&#8217;avviso pubblico per l&#8217;attribuzione dell&#8217;incarico di direzione di struttura complessa per il servizio veterinario area &#8220;a&#8221;: sanit\u00e0 animale.<br \/>\nCONCORSO \/ ULSS N.09 &#8211; TREVISO<br \/>\nGraduatoria di merito del pubblico avviso, per titoli e colloquio, per la formazione di una graduatoria per assunzioni a tempo determinato nel profilo di collaboratore professionale sanitario &#8211; ortottista &#8211; categoria d.<br \/>\nCONCORSO \/ ULSS N.09 &#8211; TREVISO<br \/>\nGraduatoria di merito del pubblico concorso riservato al personale precario in possesso dei requisiti per partecipare alla procedura di stabilizzazione, per titoli ed esami, per l&#8217;assunzione a tempo indeterminato di un operatore tecnico &#8211; categoria b<br \/>\nCONCORSO \/ ULSS N.09 &#8211; TREVISO<br \/>\nGraduatoria di merito di pubblico avviso, per titoli e colloquio, per la formazione di una graduatoria per assunzioni a tempo determinato nel profilo di collaboratore professionale sanitario &#8211; fisioterapista &#8211; categoria d.<br \/>\nCONCORSO \/ ULSS N.09 &#8211; TREVISO<br \/>\nConcorso pubblico per titoli ed esami per l&#8217;assunzione a tempo indeterminato di un dirigente medico &#8211; disciplina: chirurgia generale.<br \/>\nCONCORSO \/ ULSS N.09 &#8211; TREVISO<br \/>\nAvviso pubblico n. 6\/q per l&#8217;attribuzione di un incarico a tempo determinato di direzione di struttura complessa per il centro di salute mentale &#8211; unit\u00e0 operativa autonoma n. 1 di Treviso &#8211; disciplina: psichiatria.<br \/>\nCONCORSO \/ ULSS N.15 &#8211; CITTADELLA (PD)<br \/>\nAvviso pubblico per l&#8217;eventuale assunzione di personale, con profilo professionale di dirigente medico nella disciplina di malattie metaboliche e diabetologia, con rapporto di lavoro subordinato a tempo determinato. (deliberazione n. 349 del 09.04.2009).<br \/>\nBollettino Ufficiale della Regione del Veneto n. 50 del 19 giugno 2009 57<br \/>\nCONCORSI IN SCADENZA PER POSTI A TEMPO INDETERMINATO<br \/>\nLa presente rubrica comprende una selezione dei concorsi gi\u00e0 pubblicati nel Bollettino Ufficiale, per i quali non sono ancora<br \/>\nscaduti i termini di presentazione delle domande.<br \/>\nAllorch\u00e9 il termine di scadenza per la presentazione delle domande \u00e8 fissato con riferimento ad altra data (ad esempio: entro 30<br \/>\ngiorni dalla pubblicazione nel Bur), \u00e8 indicata quale termine di scadenza la data che si ottiene sommando i giorni di calendario,<br \/>\nsenza considerare se si tratti di giorno feriale o festivo.<br \/>\nI dati riportati, privi di carattere ufficiale, hanno il solo fine di agevolare la ricerca da parte dei lettori, per cui si declina ogni<br \/>\nresponsabilit\u00e0 derivante da eventuali errori od omissioni.<br \/>\nEnte Posti numero e qualifica Titolo di studio Scadenza Bollett. Uff.<br \/>\nCOMUNE<br \/>\nBassano del Grappa (VI)<br \/>\n1 istruttore educatore \u2013 animatore diploma di educatore profess.le animatore e altro 20 luglio 2009 19 giugno 2009, n. 50<br \/>\nChioggia (VE)<br \/>\n2 istruttore amministrativo contabile diploma di maturit\u00e0 06 luglio 2009 19 giugno 2009, n. 50<br \/>\nCismon del Grappa (VI)<br \/>\n1 operaio specializzato autista-scuolabus diploma di qualifica e altro 13 luglio 2009 19 giugno 2009, n. 50<br \/>\nMonselice (PD)<br \/>\n1 istruttore tecnico geometra diploma di geometra o altro 25 giugno 2009 22 maggio 2009, n. 42<br \/>\nNegrar (VR)<br \/>\n1 istrutture direttivo tecnico ____________ 14 luglio 2009 12 giugno 2009, n. 48<br \/>\nPROVINCIA<br \/>\nPadova<br \/>\n1 dirigente tecnico diploma di laurea in ingegneria civile o altro 13 luglio 2009 12 giugno 2009, n. 48<br \/>\n2 istruttore direttivo tecnico diploma di laurea in architettura o altro 13 luglio 2009 12 giugno 2009, n. 48<br \/>\nAZIENDA OSPEDALIERA<br \/>\nPadova<br \/>\n1 dirigente anestesia e rianimazione laurea in medicina e chirurgia e altro 30^ giorno pub. g.u. 20 marzo 2009, n. 24<br \/>\n1 dirigente di pediatria laurea in medicina e chirurgia e altro 30^ giorno pub. g.u. 20 marzo 2009, n. 24<br \/>\n1 dirigente biologo laurea in scienze biologiche e altro 30^ giorno pub. g.u. 01 maggio 2009, n. 36<br \/>\n1 dirigente psicologo diploma di laurea in psicologia e altro 30^ giorno pub. g.u. 19 giugno 2009, n. 50<br \/>\nUNIT\u00c0 LOCALE SOCIO SANITARIA N.<br \/>\n1, Belluno<br \/>\n1 dirigente medicina interna laurea in medicina e chirurgia e altro 22 giugno 2009 01 maggio 2009, n. 36<br \/>\n2, Feltre (BL)<br \/>\n1 dirigente di otorinolaringoiatria diploma di laurea in medicina e chirurgia e altro 30^ giorno pub. g.u. 29 maggio 2009, n. 44<br \/>\n1 coadiutore amministrativo esperto diploma di istruzione secondaria di primo grado 30^ giorno pub. g.u. 29 maggio 2009, n. 44<br \/>\n1 dirigente di nefrologia diploma di laurea in medicina e chirurgia e altro 30^ giorno pub. g.u. 29 maggio 2009, n. 44<br \/>\n3 infermiere riservato a militari volontari congedati laurea di 1\u00b0 livello di infermiere e altro 30^ giorno pub. g.u. 29 maggio 2009, n. 44<br \/>\n1 dirigente di patologia clinica diploma di laurea in medicina e chirurgia 30^ giorno pub. g.u. 29 maggio 2009, n. 44<br \/>\n1 tecnico di radiologia laurea di 1\u00b0 livello di tecnico di radiologia e altro 30^ giorno pub. g.u. 29 maggio 2009, n. 44<br \/>\n3, Bassano del Grappa (VI)<br \/>\n1 dirigente di anatomia patologica laurea in medicina e chirurgia e altro 30^ giorno pub. g.u. 06 marzo 2009, n. 20<br \/>\n1 dirigente di neuropsichiatria laurea in medicina e chirurgia e altro 30^ giorno pub. g.u. 03 aprile 2009, n. 28<br \/>\n1 dirigente di nefrologia laurea in medicina e chirurgia e altro 30^ giorno pub. g.u. 24 aprile 2009, n. 34<br \/>\n58 Bollettino Ufficiale della Regione del Veneto n. 50 del 19 giugno 2009<br \/>\nEnte Posti numero e qualifica Titolo di studio Scadenza Bollett. Uff.<br \/>\n4, Thiene (VI)<br \/>\n1 coadiutore amministrativo esperto dipl. di istruz. secondaria di primo grado e altro 30^ giorno pub. g.u. 05 giugno 2009, n. 46<br \/>\n5, Arzignano (VI)<br \/>\n1 tecnico sanitario di laboratorio biomedico diploma tecnico laboratorio biomedico e altro 30^ giorno pub. g.u. 08 maggio 2009, n. 38<br \/>\n1 dirigente di medicina fisica e riabilitazione laurea in medicina e chirurgia e altro 30^ giorno pub. g.u. 22 maggio 2009, n. 42<br \/>\n1 dirigente di neurologia laurea in medicina e chirurgia e altro 30^ giorno pub. g.u. 29 maggio 2009, n. 44<br \/>\n6, Vicenza<br \/>\n1 dirigente di neuroradiologia laurea in medicina e chirurgia e altro 30^ giorno pub. g.u. 03 aprile 2009, n. 28<br \/>\n1 collaboratore tecnico ingegnere laurea in ingegneria elettronica o altro 30^ giorni pub. g.u. 15 maggio 2009, n. 40<br \/>\n1 dirigente di cardiologia laurea in medicina e chirurgia e altro 30^ giorni pub. g.u. 15 maggio 2009, n. 40<br \/>\n1 assistente amministrativo diploma di istruzione secondaria di secondo grado 30^ giorno pub. g.u. 22 maggio 2009, n. 42<br \/>\n1 collaboratore tecnico di neuro fisiopatologia ____________ 30^ giorno pub. g.u. 19 giugno 2009, n. 50<br \/>\n1 collaboratore assistente sanitario laurea e altro 30^ giorno pub. g.u. 19 giugno 2009, n. 50<br \/>\n1 collaboratore professionale assistente sociale laurea in servizio sociale e altro 30^ giorno pub. g.u. 19 giugno 2009, n. 50<br \/>\n1 collaboratore professionale laurea 30^ giorno pub. g.u. 19 giugno 2009, n. 50<br \/>\n1 dirigente psicologo diploma di laurea in psicologia e altro 30^ giorno pub. g.u. 19 giugno 2009, n. 50<br \/>\n7, Pieve di Soligo (TV)<br \/>\n2 dirigente veterinario laurea in medicina veterinaria 30^ giorno pub. g.u. 15 maggio 2009, n. 40<br \/>\n1 dirigente di nefrologia laurea in medicina e chirurgia e altro 30^ giorno pub. g.u. 22 maggio 2009, n. 42<br \/>\n1 dirigente farmacista laurea in farmacia o altro 30^ giorno pub. g.u. 29 maggio 2009, n. 44<br \/>\n8, Asolo (TV)<br \/>\n1 terapista occupazionale dipl. di laurea di 1\u00b0 liv. di terapista occupaz.le e altro 30^ giorno pub. g.u. 05 giugno 2009, n. 46<br \/>\n9, Treviso<br \/>\ndirigente di neonatologia diploma di laurea in medicina e chirurgia e altro 30^ giorno pub. g.u. 23 gennaio 2009, n. 8<br \/>\n1 dirigente di chirurgia generale diploma di laurea in medicina e chirurgia e altro 30^ giorno pub. g.u. 19 giugno 2009, n. 50<br \/>\n10, San Don\u00e0 di Piave (VE)<br \/>\n1 collab. tecnico della riabilitazione psichiatrica diploma di laurea di 1\u00b0 livello di tecnico 29 giugno 2009 15 maggio 2009, n. 40<br \/>\ndella riabilitazione psichiatrica o altro<br \/>\n3 assistente amministrativo diploma di istruzione secondaria di secondo grado 30^ giorno pub. g.u. 15 maggio 2009, n. 40<br \/>\n12, Veneziana<br \/>\n1 dirigente ingegnere informatico laurea specialistica in ingegneria informat. e\/o altro 29 giugno 2009 13 marzo 2009, n. 22<br \/>\n1 dirigente di medicina e chirurgia d\u2019accettazione laurea in medicina e chirurgia e altro 30^ giorno pub. g.u. 22 maggio 2009, n. 42<br \/>\n1 dirigente di pediatria laurea in medicina e chirurgia e altro 30^ giorno pub. g.u. 12 giugno 2009, n. 48<br \/>\n17, Este (PD)<br \/>\n1 dirigente di ortopedia e traumatologia diploma di laurea in medicina e chirurgia e altro 30^ giorno pub. g.u. 23 gennaio 2009, n. 8<br \/>\n19, Adria (RO)<br \/>\n2 dirigente di medicina e chirurgia laurea in medicina e chirurgia e altro 29 giugno 2009 15 maggio 2009, n. 40<br \/>\nd\u2019accettazione e d\u2019urgenza<br \/>\n20, Verona<br \/>\n2 tecnici radiologia medica laurea tecniche in radiologia medica e altro 22 giugno 2009 01 maggio 2009, n. 36<br \/>\nALTRI ENTI<br \/>\nAzienda di promozione turistica della provincia di Venezia, Venezia<br \/>\n1 funzionario amministrativo \u2013 contabile ____________ 19 luglio 2009 19 giugno 2009, n. 50<br \/>\nIPAB Casa di riposo, Noventa Padovana (PD)<br \/>\n1 istruttore infermiere professionale diploma di laurea in scienze infermieristiche o altro10 luglio 2009 05 giugno 2009, n. 46<br \/>\nBollettino Ufficiale della Regione del Veneto n. 50 del 19 giugno 2009 59<br \/>\nEnte Posti numero e qualifica Titolo di studio Scadenza Bollett. Uff.<br \/>\nIPAB Casa di riposo \u201cDomenico Cardo\u201d, Cologna Veneta (VR)<br \/>\n1 educatore professionale animatore diploma di educatore profes.le animatore o altro 21 giugno 2009 15 maggio 2009, n. 40<br \/>\nIPAB Casa di riposo \u201cSan Biagio\u201d, Bovolone (VR)<br \/>\n1 infermiere professionale diploma di infermiere professionale o altro 19 luglio 2009 19 giugno 2009, n. 50<br \/>\nIPAB Casa di soggiorno e pensionato della citt\u00e0 murata, Montagnana (PD)<br \/>\n6 infermiere professionale diploma universitario di infermiere e altro 29 giugno 2009 29 maggio 2009, n. 44<br \/>\n2 terapista della riabilitazione diploma universitario di fisioterapista o altro 29 giugno 2009 29 maggio 2009, n. 44<br \/>\nIPAB Opera pia casa paterna, San Don\u00e0 di Piave (VE)<br \/>\n1 operatore \u2013 educatore laurea in psicologia e altro 12 luglio 2009 12 giugno 2009, n. 48<br \/>\nIstituto \u201cCesana Malanotti\u201d, Vittorio Veneto (TV)<br \/>\n1 logopedista dipl. universitario di tecnico di logopedia o altro 14 settembre 2009 05 giugno 2009, n. 46<br \/>\nIstituto oncologico veneto, Padova<br \/>\n1 dirigente fisico diploma di laurea in fisica e altro 30^ giorno pub. g.u. 29 maggio 2009, n. 44<br \/>\nIstituzione di ricovero e di educazione (IRE), Venezia<br \/>\n2 infermiere diploma di laurea in scienze infermieristiche o altro20 giugno 2009 05 giugno 2009, n. 46<br \/>\nCONCORSI IN SCADENZA PER POSTI A TEMPO DETERMINATO<br \/>\nEnte Posti numero e qualifica Titolo di studio Scadenza Bollett. Uff.<br \/>\nAZIENDA OSPEDALIERA<br \/>\nPadova<br \/>\ncollaboratore professionale fisioterapista ____________ 25 giugno 2009 05 giugno 2009, n. 46<br \/>\nUNIT\u00c0 LOCALE SOCIO SANITARIA N.<br \/>\n1, Belluno<br \/>\ndirettore u.o. medicina generale ____________ 22 giugno 2009 01 maggio 2009, n. 36<br \/>\n1 dirigente di organizzazione dei servizi di base ____________ 25 giugno 2009 05 giugno 2009, n. 46<br \/>\n1 dirigente per le UU.OO di accettazione ____________ 25 giugno 2009 05 giugno 2009, n. 46<br \/>\ne pronto soccorso<br \/>\n1 dirigente di cardiologia ____________ 02 luglio 2009 12 giugno 2009, n. 48<br \/>\n1 collaboratore prof. fisioterapista ____________ 11 luglio 2009 19 giugno 2009, n. 50<br \/>\n2, Feltre (BL)<br \/>\n1 tecnico di laboratorio biomedico ____________ 27 giugno 2009 12 giugno 2009, n. 48<br \/>\n3, Bassano del Grappa (VI)<br \/>\n1 dirigente per la struttura complessa ____________ 02 luglio 2009 12 giugno 2009, n. 48<br \/>\ndi pronto soccorso<br \/>\n4, Thiene (VI)<br \/>\n1 collaboratore professionale ____________ 28 giugno 2009 29 maggio 2009, n. 44<br \/>\n1 dirigente di geriatria ____________ 28 giugno 2009 29 maggio 2009, n. 44<br \/>\ndirigente di anatomia patologica ____________ 28 giugno 2009 29 maggio 2009, n. 44<br \/>\n1 dirigente di radiodiagnostica ____________ 16 luglio 2009 19 giugno 2009, n. 50<br \/>\n5, Arzignano (VI)<br \/>\n1 dirigente di cardiologia ____________ 30^ giorno pub. g.u. 29 maggio 2009, n. 44<br \/>\n60 Bollettino Ufficiale della Regione del Veneto n. 50 del 19 giugno 2009<br \/>\nEnte Posti numero e qualifica Titolo di studio Scadenza Bollett. Uff.<br \/>\n6, Vicenza<br \/>\ndirigente di chirurgia ____________ 25 giugno 2009 05 giugno 2009, n. 46<br \/>\n8, Asolo (TV)<br \/>\ndirigente veterinario ____________ 29 giugno 2009 12 giugno 2009, n. 48<br \/>\ndirigente farmacista ____________ 29 giugno 2009 12 giugno 2009, n. 48<br \/>\n9, Treviso<br \/>\ndirezione di struttura complessa ____________ 30^ giorno pub. g.u. 19 giugno 2009, n. 50<br \/>\nper il centro di salute mentale<br \/>\ndirigente di ginecologia e ostetricia ____________ 09 luglio 2009 19 giugno 2009, n. 50<br \/>\n10, San Don\u00e0 di Piave (VE)<br \/>\ndirigente di pediatria ____________ 12 luglio 2009 12 giugno 2009, n. 48<br \/>\n12, Veneziana<br \/>\ndirettore struttura complessa anestesia e rianimaz. ____________ 25 giugno 2009 01 maggio 2009, n. 36<br \/>\n13, Mirano (VE)<br \/>\ndirettore di radiologia ____________ 30^ giorno pub. g.u. 05 giugno 2009, n. 46<br \/>\n15, Cittadella (PD)<br \/>\ndirigente di ortopedia e traumatologia ____________ 20 giugno 2009 05 giugno 2009, n. 46<br \/>\ndirigente di medicina trasfusionale ____________ 20 giugno 2009 05 giugno 2009, n. 46<br \/>\ndirigente di malattie metaboliche e diabetologia ____________ 04 luglio 2009 19 giugno 2009, n. 50<br \/>\n17, Este (PD)<br \/>\ndirigente amministrativo ____________ 25 giugno 2009 05 giugno 2009, n. 46<br \/>\n18, Rovigo<br \/>\n1 dirigente per la sac centrale operativa 118 laurea in medicina e chirurgia e altro 26 giugno 2009 12 giugno 2009, n. 48<br \/>\n21, Legnago (VR)<br \/>\n1 dirigente di anestesia e rianimazione ____________ 02 luglio 2009 12 giugno 2009, n. 48<br \/>\n1 dirigente di nefrologia ____________ 02 luglio 2009 12 giugno 2009, n. 48<br \/>\ncollaboratori professionali infermieri ____________ 02 luglio 2009 12 giugno 2009, n. 48<br \/>\nALTRI ENTI<br \/>\nIstituto di ricovero e cura a carattere scientifico \u201c(IRCCS) Eugenio Medea\u201d, Conegliano (TV)<br \/>\nprimario dell\u2019unit\u00e0 U.R.N.A. ____________ 18 luglio 2009 22 maggio 2009, n. 42<br \/>\nmedico specializzato in neurologia ____________ 31 luglio 2009 05 giugno 2009, n. 46<br \/>\nScuola dell\u2019infanzia \u201cDon D. Giarolo\u201d, Montebello Vicentino (VI)<br \/>\ndocente per la scuola dellinfanzia diploma di scuola magistrale o altro 20 giugno 2009 05 giugno 2009, n. 46<\/p>","protected":false},"excerpt":{"rendered":"<p>In collaborazione con Informagiovani del Comune di Belluno (Tel. +39 0437913255 &#8211; Fax. +39 0437913284), pubblichiamo i concorsi pubblici banditi in Provincia di Belluno e nel Veneto\u00a0 COMUNE DI PUOS D&#8217;ALPAGO Concorso pubblico per esami per la copertura di n. 1\u00a0 posto a tempo indeterminato &#8211; part-time 18 ore settimanali di n. 1\u00a0 Istruttore Direttivo [&hellip;]<\/p>\n","protected":false},"author":2,"featured_media":0,"comment_status":"closed","ping_status":"open","sticky":false,"template":"","format":"standard","meta":{"footnotes":""},"categories":[36,26],"tags":[139,302],"class_list":["post-5286","post","type-post","status-publish","format-standard","category-lavoro-economia","category-prima-pagina","tag-belluno","tag-feltre"],"yoast_head":"<!-- This site is optimized with the Yoast SEO plugin v28.4 - https:\/\/yoast.com\/product\/yoast-seo-wordpress\/ -->\n<title>Per chi vuole diventare un dipendente pubblico, gli ultimi concorsi banditi da enti locali e Usl - Bellunopress - Dolomiti<\/title>\n<meta name=\"robots\" content=\"index, follow, max-snippet:-1, max-image-preview:large, max-video-preview:-1\" \/>\n<link rel=\"canonical\" href=\"https:\/\/www.bellunopress.it\/fr\/2009\/06\/23\/per-chi-vuole-diventare-un-dipendente-pubblico-gli-ultimi-concorsi-banditi-da-enti-locali-e-usl\/\" \/>\n<meta property=\"og:locale\" content=\"fr_FR\" \/>\n<meta property=\"og:type\" content=\"article\" \/>\n<meta property=\"og:title\" content=\"Per chi vuole diventare un dipendente pubblico, gli ultimi concorsi banditi da enti locali e Usl - Bellunopress - Dolomiti\" \/>\n<meta property=\"og:description\" content=\"In collaborazione con Informagiovani del Comune di Belluno (Tel. +39 0437913255 &#8211; Fax. +39 0437913284), pubblichiamo i concorsi pubblici banditi in Provincia di Belluno e nel Veneto\u00a0 COMUNE DI PUOS D&#8217;ALPAGO Concorso pubblico per esami per la copertura di n. 1\u00a0 posto a tempo indeterminato &#8211; part-time 18 ore settimanali di n. 1\u00a0 Istruttore Direttivo [&hellip;]\" \/>\n<meta property=\"og:url\" content=\"https:\/\/www.bellunopress.it\/fr\/2009\/06\/23\/per-chi-vuole-diventare-un-dipendente-pubblico-gli-ultimi-concorsi-banditi-da-enti-locali-e-usl\/\" \/>\n<meta property=\"og:site_name\" content=\"Bellunopress - Dolomiti\" \/>\n<meta property=\"article:publisher\" content=\"https:\/\/www.facebook.com\/profile.php?id=100008943462799\" \/>\n<meta property=\"article:published_time\" content=\"2009-06-23T14:05:45+00:00\" \/>\n<meta property=\"article:modified_time\" content=\"2009-06-23T14:06:45+00:00\" \/>\n<meta property=\"og:image\" content=\"http:\/\/www.bellunopress.it\/wp-content\/uploads\/2009\/05\/informagiovani-100x80.jpg\" \/>\n<meta name=\"author\" content=\"redazione\" \/>\n<meta name=\"twitter:card\" content=\"summary_large_image\" \/>\n<meta name=\"twitter:creator\" content=\"@bellunopress\" \/>\n<meta name=\"twitter:site\" content=\"@bellunopress\" \/>\n<meta name=\"twitter:label1\" content=\"\u00c9crit par\" \/>\n\t<meta name=\"twitter:data1\" content=\"redazione\" \/>\n\t<meta name=\"twitter:label2\" content=\"Dur\u00e9e de lecture estim\u00e9e\" \/>\n\t<meta name=\"twitter:data2\" content=\"15 minutes\" \/>\n<script type=\"application\/ld+json\" class=\"yoast-schema-graph\">{\"@context\":\"https:\\\/\\\/schema.org\",\"@graph\":[{\"@type\":\"Article\",\"@id\":\"https:\\\/\\\/www.bellunopress.it\\\/2009\\\/06\\\/23\\\/per-chi-vuole-diventare-un-dipendente-pubblico-gli-ultimi-concorsi-banditi-da-enti-locali-e-usl\\\/#article\",\"isPartOf\":{\"@id\":\"https:\\\/\\\/www.bellunopress.it\\\/2009\\\/06\\\/23\\\/per-chi-vuole-diventare-un-dipendente-pubblico-gli-ultimi-concorsi-banditi-da-enti-locali-e-usl\\\/\"},\"author\":{\"name\":\"redazione\",\"@id\":\"https:\\\/\\\/www.bellunopress.it\\\/#\\\/schema\\\/person\\\/79bb06722b37ece1c03d3e94beb30d73\"},\"headline\":\"Per chi vuole diventare un dipendente pubblico, gli ultimi concorsi banditi da enti locali e Usl\",\"datePublished\":\"2009-06-23T14:05:45+00:00\",\"dateModified\":\"2009-06-23T14:06:45+00:00\",\"mainEntityOfPage\":{\"@id\":\"https:\\\/\\\/www.bellunopress.it\\\/2009\\\/06\\\/23\\\/per-chi-vuole-diventare-un-dipendente-pubblico-gli-ultimi-concorsi-banditi-da-enti-locali-e-usl\\\/\"},\"wordCount\":2964,\"publisher\":{\"@id\":\"https:\\\/\\\/www.bellunopress.it\\\/#organization\"},\"image\":{\"@id\":\"https:\\\/\\\/www.bellunopress.it\\\/2009\\\/06\\\/23\\\/per-chi-vuole-diventare-un-dipendente-pubblico-gli-ultimi-concorsi-banditi-da-enti-locali-e-usl\\\/#primaryimage\"},\"thumbnailUrl\":\"http:\\\/\\\/www.bellunopress.it\\\/wp-content\\\/uploads\\\/2009\\\/05\\\/informagiovani-100x80.jpg\",\"keywords\":[\"Belluno\",\"Feltre\"],\"articleSection\":[\"Lavoro, Economia, Turismo\",\"Prima Pagina\"],\"inLanguage\":\"fr-FR\"},{\"@type\":\"WebPage\",\"@id\":\"https:\\\/\\\/www.bellunopress.it\\\/2009\\\/06\\\/23\\\/per-chi-vuole-diventare-un-dipendente-pubblico-gli-ultimi-concorsi-banditi-da-enti-locali-e-usl\\\/\",\"url\":\"https:\\\/\\\/www.bellunopress.it\\\/2009\\\/06\\\/23\\\/per-chi-vuole-diventare-un-dipendente-pubblico-gli-ultimi-concorsi-banditi-da-enti-locali-e-usl\\\/\",\"name\":\"Per chi vuole diventare un dipendente pubblico, gli ultimi concorsi banditi da enti locali e Usl - Bellunopress - Dolomiti\",\"isPartOf\":{\"@id\":\"https:\\\/\\\/www.bellunopress.it\\\/#website\"},\"primaryImageOfPage\":{\"@id\":\"https:\\\/\\\/www.bellunopress.it\\\/2009\\\/06\\\/23\\\/per-chi-vuole-diventare-un-dipendente-pubblico-gli-ultimi-concorsi-banditi-da-enti-locali-e-usl\\\/#primaryimage\"},\"image\":{\"@id\":\"https:\\\/\\\/www.bellunopress.it\\\/2009\\\/06\\\/23\\\/per-chi-vuole-diventare-un-dipendente-pubblico-gli-ultimi-concorsi-banditi-da-enti-locali-e-usl\\\/#primaryimage\"},\"thumbnailUrl\":\"http:\\\/\\\/www.bellunopress.it\\\/wp-content\\\/uploads\\\/2009\\\/05\\\/informagiovani-100x80.jpg\",\"datePublished\":\"2009-06-23T14:05:45+00:00\",\"dateModified\":\"2009-06-23T14:06:45+00:00\",\"breadcrumb\":{\"@id\":\"https:\\\/\\\/www.bellunopress.it\\\/2009\\\/06\\\/23\\\/per-chi-vuole-diventare-un-dipendente-pubblico-gli-ultimi-concorsi-banditi-da-enti-locali-e-usl\\\/#breadcrumb\"},\"inLanguage\":\"fr-FR\",\"potentialAction\":[{\"@type\":\"ReadAction\",\"target\":[\"https:\\\/\\\/www.bellunopress.it\\\/2009\\\/06\\\/23\\\/per-chi-vuole-diventare-un-dipendente-pubblico-gli-ultimi-concorsi-banditi-da-enti-locali-e-usl\\\/\"]}]},{\"@type\":\"ImageObject\",\"inLanguage\":\"fr-FR\",\"@id\":\"https:\\\/\\\/www.bellunopress.it\\\/2009\\\/06\\\/23\\\/per-chi-vuole-diventare-un-dipendente-pubblico-gli-ultimi-concorsi-banditi-da-enti-locali-e-usl\\\/#primaryimage\",\"url\":\"http:\\\/\\\/www.bellunopress.it\\\/wp-content\\\/uploads\\\/2009\\\/05\\\/informagiovani-100x80.jpg\",\"contentUrl\":\"http:\\\/\\\/www.bellunopress.it\\\/wp-content\\\/uploads\\\/2009\\\/05\\\/informagiovani-100x80.jpg\"},{\"@type\":\"BreadcrumbList\",\"@id\":\"https:\\\/\\\/www.bellunopress.it\\\/2009\\\/06\\\/23\\\/per-chi-vuole-diventare-un-dipendente-pubblico-gli-ultimi-concorsi-banditi-da-enti-locali-e-usl\\\/#breadcrumb\",\"itemListElement\":[{\"@type\":\"ListItem\",\"position\":1,\"name\":\"Home\",\"item\":\"https:\\\/\\\/www.bellunopress.it\\\/\"},{\"@type\":\"ListItem\",\"position\":2,\"name\":\"Per chi vuole diventare un dipendente pubblico, gli ultimi concorsi banditi da enti locali e Usl\"}]},{\"@type\":\"WebSite\",\"@id\":\"https:\\\/\\\/www.bellunopress.it\\\/#website\",\"url\":\"https:\\\/\\\/www.bellunopress.it\\\/\",\"name\":\"Bellunopress - Dolomiti\",\"description\":\"e-mail: redazione@bellunopress.it\",\"publisher\":{\"@id\":\"https:\\\/\\\/www.bellunopress.it\\\/#organization\"},\"potentialAction\":[{\"@type\":\"SearchAction\",\"target\":{\"@type\":\"EntryPoint\",\"urlTemplate\":\"https:\\\/\\\/www.bellunopress.it\\\/?s={search_term_string}\"},\"query-input\":{\"@type\":\"PropertyValueSpecification\",\"valueRequired\":true,\"valueName\":\"search_term_string\"}}],\"inLanguage\":\"fr-FR\"},{\"@type\":\"Organization\",\"@id\":\"https:\\\/\\\/www.bellunopress.it\\\/#organization\",\"name\":\"Bellunopress\",\"url\":\"https:\\\/\\\/www.bellunopress.it\\\/\",\"logo\":{\"@type\":\"ImageObject\",\"inLanguage\":\"fr-FR\",\"@id\":\"https:\\\/\\\/www.bellunopress.it\\\/#\\\/schema\\\/logo\\\/image\\\/\",\"url\":\"https:\\\/\\\/www.bellunopress.it\\\/wp-content\\\/uploads\\\/2011\\\/05\\\/cropped-logo-bellunopress-.jpg\",\"contentUrl\":\"https:\\\/\\\/www.bellunopress.it\\\/wp-content\\\/uploads\\\/2011\\\/05\\\/cropped-logo-bellunopress-.jpg\",\"width\":512,\"height\":512,\"caption\":\"Bellunopress\"},\"image\":{\"@id\":\"https:\\\/\\\/www.bellunopress.it\\\/#\\\/schema\\\/logo\\\/image\\\/\"},\"sameAs\":[\"https:\\\/\\\/www.facebook.com\\\/profile.php?id=100008943462799\",\"https:\\\/\\\/x.com\\\/bellunopress\",\"https:\\\/\\\/www.linkedin.com\\\/hp\\\/?dnr=JBzUWaJfMUw8vbXJJ2tVW5-I3jZKvC4wsoxE&amp;amp;amp;amp;amp;amp;trk=nav_responsive_tab_home\",\"https:\\\/\\\/www.youtube.com\\\/channel\\\/UCxL0wu1uN0_3_7hGG0306cw\"]},{\"@type\":\"Person\",\"@id\":\"https:\\\/\\\/www.bellunopress.it\\\/#\\\/schema\\\/person\\\/79bb06722b37ece1c03d3e94beb30d73\",\"name\":\"redazione\",\"image\":{\"@type\":\"ImageObject\",\"inLanguage\":\"fr-FR\",\"@id\":\"https:\\\/\\\/secure.gravatar.com\\\/avatar\\\/37d968a2e67a6fd04c169c4bdef102d0bc5d31b2546345219e348575eb80e9a0?s=96&d=mm&r=g\",\"url\":\"https:\\\/\\\/secure.gravatar.com\\\/avatar\\\/37d968a2e67a6fd04c169c4bdef102d0bc5d31b2546345219e348575eb80e9a0?s=96&d=mm&r=g\",\"contentUrl\":\"https:\\\/\\\/secure.gravatar.com\\\/avatar\\\/37d968a2e67a6fd04c169c4bdef102d0bc5d31b2546345219e348575eb80e9a0?s=96&d=mm&r=g\",\"caption\":\"redazione\"},\"sameAs\":[\"http:\\\/\\\/www.bellunopress.it\",\"https:\\\/\\\/x.com\\\/bellunopress\"],\"url\":\"https:\\\/\\\/www.bellunopress.it\\\/fr\\\/author\\\/redazione\\\/\"}]}<\/script>\n<!-- \/ Yoast SEO plugin. -->","yoast_head_json":{"title":"Per chi vuole diventare un dipendente pubblico, gli ultimi concorsi banditi da enti locali e Usl - Bellunopress - Dolomiti","robots":{"index":"index","follow":"follow","max-snippet":"max-snippet:-1","max-image-preview":"max-image-preview:large","max-video-preview":"max-video-preview:-1"},"canonical":"https:\/\/www.bellunopress.it\/fr\/2009\/06\/23\/per-chi-vuole-diventare-un-dipendente-pubblico-gli-ultimi-concorsi-banditi-da-enti-locali-e-usl\/","og_locale":"fr_FR","og_type":"article","og_title":"Per chi vuole diventare un dipendente pubblico, gli ultimi concorsi banditi da enti locali e Usl - Bellunopress - Dolomiti","og_description":"In collaborazione con Informagiovani del Comune di Belluno (Tel. +39 0437913255 &#8211; Fax. +39 0437913284), pubblichiamo i concorsi pubblici banditi in Provincia di Belluno e nel Veneto\u00a0 COMUNE DI PUOS D&#8217;ALPAGO Concorso pubblico per esami per la copertura di n. 1\u00a0 posto a tempo indeterminato &#8211; part-time 18 ore settimanali di n. 1\u00a0 Istruttore Direttivo [&hellip;]","og_url":"https:\/\/www.bellunopress.it\/fr\/2009\/06\/23\/per-chi-vuole-diventare-un-dipendente-pubblico-gli-ultimi-concorsi-banditi-da-enti-locali-e-usl\/","og_site_name":"Bellunopress - Dolomiti","article_publisher":"https:\/\/www.facebook.com\/profile.php?id=100008943462799","article_published_time":"2009-06-23T14:05:45+00:00","article_modified_time":"2009-06-23T14:06:45+00:00","og_image":[{"url":"http:\/\/www.bellunopress.it\/wp-content\/uploads\/2009\/05\/informagiovani-100x80.jpg","type":"","width":"","height":""}],"author":"redazione","twitter_card":"summary_large_image","twitter_creator":"@bellunopress","twitter_site":"@bellunopress","twitter_misc":{"\u00c9crit par":"redazione","Dur\u00e9e de lecture estim\u00e9e":"15 minutes"},"schema":{"@context":"https:\/\/schema.org","@graph":[{"@type":"Article","@id":"https:\/\/www.bellunopress.it\/2009\/06\/23\/per-chi-vuole-diventare-un-dipendente-pubblico-gli-ultimi-concorsi-banditi-da-enti-locali-e-usl\/#article","isPartOf":{"@id":"https:\/\/www.bellunopress.it\/2009\/06\/23\/per-chi-vuole-diventare-un-dipendente-pubblico-gli-ultimi-concorsi-banditi-da-enti-locali-e-usl\/"},"author":{"name":"redazione","@id":"https:\/\/www.bellunopress.it\/#\/schema\/person\/79bb06722b37ece1c03d3e94beb30d73"},"headline":"Per chi vuole diventare un dipendente pubblico, gli ultimi concorsi banditi da enti locali e Usl","datePublished":"2009-06-23T14:05:45+00:00","dateModified":"2009-06-23T14:06:45+00:00","mainEntityOfPage":{"@id":"https:\/\/www.bellunopress.it\/2009\/06\/23\/per-chi-vuole-diventare-un-dipendente-pubblico-gli-ultimi-concorsi-banditi-da-enti-locali-e-usl\/"},"wordCount":2964,"publisher":{"@id":"https:\/\/www.bellunopress.it\/#organization"},"image":{"@id":"https:\/\/www.bellunopress.it\/2009\/06\/23\/per-chi-vuole-diventare-un-dipendente-pubblico-gli-ultimi-concorsi-banditi-da-enti-locali-e-usl\/#primaryimage"},"thumbnailUrl":"http:\/\/www.bellunopress.it\/wp-content\/uploads\/2009\/05\/informagiovani-100x80.jpg","keywords":["Belluno","Feltre"],"articleSection":["Lavoro, Economia, Turismo","Prima Pagina"],"inLanguage":"fr-FR"},{"@type":"WebPage","@id":"https:\/\/www.bellunopress.it\/2009\/06\/23\/per-chi-vuole-diventare-un-dipendente-pubblico-gli-ultimi-concorsi-banditi-da-enti-locali-e-usl\/","url":"https:\/\/www.bellunopress.it\/2009\/06\/23\/per-chi-vuole-diventare-un-dipendente-pubblico-gli-ultimi-concorsi-banditi-da-enti-locali-e-usl\/","name":"Per chi vuole diventare un dipendente pubblico, gli ultimi concorsi banditi da enti locali e Usl - Bellunopress - Dolomiti","isPartOf":{"@id":"https:\/\/www.bellunopress.it\/#website"},"primaryImageOfPage":{"@id":"https:\/\/www.bellunopress.it\/2009\/06\/23\/per-chi-vuole-diventare-un-dipendente-pubblico-gli-ultimi-concorsi-banditi-da-enti-locali-e-usl\/#primaryimage"},"image":{"@id":"https:\/\/www.bellunopress.it\/2009\/06\/23\/per-chi-vuole-diventare-un-dipendente-pubblico-gli-ultimi-concorsi-banditi-da-enti-locali-e-usl\/#primaryimage"},"thumbnailUrl":"http:\/\/www.bellunopress.it\/wp-content\/uploads\/2009\/05\/informagiovani-100x80.jpg","datePublished":"2009-06-23T14:05:45+00:00","dateModified":"2009-06-23T14:06:45+00:00","breadcrumb":{"@id":"https:\/\/www.bellunopress.it\/2009\/06\/23\/per-chi-vuole-diventare-un-dipendente-pubblico-gli-ultimi-concorsi-banditi-da-enti-locali-e-usl\/#breadcrumb"},"inLanguage":"fr-FR","potentialAction":[{"@type":"ReadAction","target":["https:\/\/www.bellunopress.it\/2009\/06\/23\/per-chi-vuole-diventare-un-dipendente-pubblico-gli-ultimi-concorsi-banditi-da-enti-locali-e-usl\/"]}]},{"@type":"ImageObject","inLanguage":"fr-FR","@id":"https:\/\/www.bellunopress.it\/2009\/06\/23\/per-chi-vuole-diventare-un-dipendente-pubblico-gli-ultimi-concorsi-banditi-da-enti-locali-e-usl\/#primaryimage","url":"http:\/\/www.bellunopress.it\/wp-content\/uploads\/2009\/05\/informagiovani-100x80.jpg","contentUrl":"http:\/\/www.bellunopress.it\/wp-content\/uploads\/2009\/05\/informagiovani-100x80.jpg"},{"@type":"BreadcrumbList","@id":"https:\/\/www.bellunopress.it\/2009\/06\/23\/per-chi-vuole-diventare-un-dipendente-pubblico-gli-ultimi-concorsi-banditi-da-enti-locali-e-usl\/#breadcrumb","itemListElement":[{"@type":"ListItem","position":1,"name":"Home","item":"https:\/\/www.bellunopress.it\/"},{"@type":"ListItem","position":2,"name":"Per chi vuole diventare un dipendente pubblico, gli ultimi concorsi banditi da enti locali e Usl"}]},{"@type":"WebSite","@id":"https:\/\/www.bellunopress.it\/#website","url":"https:\/\/www.bellunopress.it\/","name":"Bellunopress - Dolomiti","description":"e-mail: redazione@bellunopress.it","publisher":{"@id":"https:\/\/www.bellunopress.it\/#organization"},"potentialAction":[{"@type":"SearchAction","target":{"@type":"EntryPoint","urlTemplate":"https:\/\/www.bellunopress.it\/?s={search_term_string}"},"query-input":{"@type":"PropertyValueSpecification","valueRequired":true,"valueName":"search_term_string"}}],"inLanguage":"fr-FR"},{"@type":"Organization","@id":"https:\/\/www.bellunopress.it\/#organization","name":"Bellunopress","url":"https:\/\/www.bellunopress.it\/","logo":{"@type":"ImageObject","inLanguage":"fr-FR","@id":"https:\/\/www.bellunopress.it\/#\/schema\/logo\/image\/","url":"https:\/\/www.bellunopress.it\/wp-content\/uploads\/2011\/05\/cropped-logo-bellunopress-.jpg","contentUrl":"https:\/\/www.bellunopress.it\/wp-content\/uploads\/2011\/05\/cropped-logo-bellunopress-.jpg","width":512,"height":512,"caption":"Bellunopress"},"image":{"@id":"https:\/\/www.bellunopress.it\/#\/schema\/logo\/image\/"},"sameAs":["https:\/\/www.facebook.com\/profile.php?id=100008943462799","https:\/\/x.com\/bellunopress","https:\/\/www.linkedin.com\/hp\/?dnr=JBzUWaJfMUw8vbXJJ2tVW5-I3jZKvC4wsoxE&amp;amp;amp;amp;amp;amp;trk=nav_responsive_tab_home","https:\/\/www.youtube.com\/channel\/UCxL0wu1uN0_3_7hGG0306cw"]},{"@type":"Person","@id":"https:\/\/www.bellunopress.it\/#\/schema\/person\/79bb06722b37ece1c03d3e94beb30d73","name":"r\u00e9daction","image":{"@type":"ImageObject","inLanguage":"fr-FR","@id":"https:\/\/secure.gravatar.com\/avatar\/37d968a2e67a6fd04c169c4bdef102d0bc5d31b2546345219e348575eb80e9a0?s=96&d=mm&r=g","url":"https:\/\/secure.gravatar.com\/avatar\/37d968a2e67a6fd04c169c4bdef102d0bc5d31b2546345219e348575eb80e9a0?s=96&d=mm&r=g","contentUrl":"https:\/\/secure.gravatar.com\/avatar\/37d968a2e67a6fd04c169c4bdef102d0bc5d31b2546345219e348575eb80e9a0?s=96&d=mm&r=g","caption":"redazione"},"sameAs":["http:\/\/www.bellunopress.it","https:\/\/x.com\/bellunopress"],"url":"https:\/\/www.bellunopress.it\/fr\/author\/redazione\/"}]}},"_links":{"self":[{"href":"https:\/\/www.bellunopress.it\/fr\/wp-json\/wp\/v2\/posts\/5286","targetHints":{"allow":["GET"]}}],"collection":[{"href":"https:\/\/www.bellunopress.it\/fr\/wp-json\/wp\/v2\/posts"}],"about":[{"href":"https:\/\/www.bellunopress.it\/fr\/wp-json\/wp\/v2\/types\/post"}],"author":[{"embeddable":true,"href":"https:\/\/www.bellunopress.it\/fr\/wp-json\/wp\/v2\/users\/2"}],"replies":[{"embeddable":true,"href":"https:\/\/www.bellunopress.it\/fr\/wp-json\/wp\/v2\/comments?post=5286"}],"version-history":[{"count":2,"href":"https:\/\/www.bellunopress.it\/fr\/wp-json\/wp\/v2\/posts\/5286\/revisions"}],"predecessor-version":[{"id":5288,"href":"https:\/\/www.bellunopress.it\/fr\/wp-json\/wp\/v2\/posts\/5286\/revisions\/5288"}],"wp:attachment":[{"href":"https:\/\/www.bellunopress.it\/fr\/wp-json\/wp\/v2\/media?parent=5286"}],"wp:term":[{"taxonomy":"category","embeddable":true,"href":"https:\/\/www.bellunopress.it\/fr\/wp-json\/wp\/v2\/categories?post=5286"},{"taxonomy":"post_tag","embeddable":true,"href":"https:\/\/www.bellunopress.it\/fr\/wp-json\/wp\/v2\/tags?post=5286"}],"curies":[{"name":"wp","href":"https:\/\/api.w.org\/{rel}","templated":true}]}}