{"id":5282,"date":"2009-06-23T13:48:29","date_gmt":"2009-06-23T12:48:29","guid":{"rendered":"http:\/\/www.bellunopress.it\/2009\/06\/23\/banche-nuovi-costi-dopo-labolizione-del-massimo-scoperto-la-preoccupazione-di-confindustria-belluno-dolomiti\/"},"modified":"2009-06-23T13:48:29","modified_gmt":"2009-06-23T12:48:29","slug":"banche-nuovi-costi-dopo-labolizione-del-massimo-scoperto-la-preoccupazione-di-confindustria-belluno-dolomiti","status":"publish","type":"post","link":"https:\/\/www.bellunopress.it\/fr\/2009\/06\/23\/banche-nuovi-costi-dopo-labolizione-del-massimo-scoperto-la-preoccupazione-di-confindustria-belluno-dolomiti\/","title":{"rendered":"Banche: nuovi costi dopo l&#8217;abolizione del massimo scoperto. La preoccupazione di Confindustria Belluno Dolomiti"},"content":{"rendered":"<p><a href=\"http:\/\/www.bellunopress.it\/wp-content\/uploads\/2009\/06\/valentino-vascellari-pres-assindustria-270x180.jpg\"><img loading=\"lazy\" decoding=\"async\" class=\"alignleft size-medium wp-image-5281\" title=\"valentino-vascellari-pres-assindustria-270x180\" src=\"http:\/\/www.bellunopress.it\/wp-content\/uploads\/2009\/06\/valentino-vascellari-pres-assindustria-270x180.jpg\" alt=\"\" width=\"180\" height=\"270\" \/><\/a>&#8220;In una fase economica che sta chiedendo alle imprese nuovi investimenti e sacrifici considerevoli, le banche devono essere ancora di pi\u00f9 partner certi e affidabili\u201d \u2013 afferma Valentino Vascellari presidente di Confindustria Belluno Dolomiti, che aggiunge: \u201cnon posso giudicare irrilevante l\u2019introduzione di nuovi costi che molti istituti hanno applicato alle imprese in queste ultime settimane, a seguito dell\u2019abolizione di massimo scoperto prevista dal Decreto Anticrisi. D\u2019altra parte, sono certo che sostenere le imprese oggi in difficolt\u00e0 affinch\u00e8 riescano con successo a superare la crisi, si riveler\u00e0 un\u2019ottima opportunit\u00e0 di sviluppo per le banche che sapranno fissare delle strategie a medio termine. Infatti, quegli istituti che si distingueranno per trasparenza, lealt\u00e0 e anche per la capacit\u00e0 di investire credendo fortemente nella bont\u00e0 delle attivit\u00e0 economiche locali, saranno ripagati dalla medesima fiducia nei mesi a venire.\u201dDa una rilevazione che Confindutria Belluno Dolomiti sta conducendo proprio in questi giorni nei confronti delle imprese associate, infatti, emerge la preoccupazione per nuovi costi che gli istituti bancari stanno applicando anche a livello locale, spesso attraverso patti o clausole di difficile interpretazione. \u201cCos\u00ec come abbiamo fatto in passato, porteremo le nostre considerazioni al tavolo di confronto di Confindustria Veneto con ABI, al quale abbiamo gi\u00e0 insistentemente proposto che la modulistica utilizzata per le comunicazioni con l\u2019utenza venga unificata per tutto il sistema creditizio, e faremo di questo nostro ulteriore apporto una delle basi per contrattare nuove e pi\u00f9 virtuose relazioni di partnership con gli istituti di credito\u201d \u2013\u00a0 conclude il presidente Vascellari.<\/p>","protected":false},"excerpt":{"rendered":"<p>&#8220;In una fase economica che sta chiedendo alle imprese nuovi investimenti e sacrifici considerevoli, le banche devono essere ancora di pi\u00f9 partner certi e affidabili\u201d \u2013 afferma Valentino Vascellari presidente di Confindustria Belluno Dolomiti, che aggiunge: \u201cnon posso giudicare irrilevante l\u2019introduzione di nuovi costi che molti istituti hanno applicato alle imprese in queste ultime settimane, [&hellip;]<\/p>\n","protected":false},"author":2,"featured_media":0,"comment_status":"closed","ping_status":"open","sticky":false,"template":"","format":"standard","meta":{"footnotes":""},"categories":[36,26],"tags":[139,63],"class_list":["post-5282","post","type-post","status-publish","format-standard","category-lavoro-economia","category-prima-pagina","tag-belluno","tag-dolomiti"],"yoast_head":"<!-- This site is optimized with the Yoast SEO plugin v28.4 - https:\/\/yoast.com\/product\/yoast-seo-wordpress\/ -->\n<title>Banche: nuovi costi dopo l&#039;abolizione del massimo scoperto. La preoccupazione di Confindustria Belluno Dolomiti - Bellunopress - Dolomiti<\/title>\n<meta name=\"robots\" content=\"index, follow, max-snippet:-1, max-image-preview:large, max-video-preview:-1\" \/>\n<link rel=\"canonical\" href=\"https:\/\/www.bellunopress.it\/fr\/2009\/06\/23\/banche-nuovi-costi-dopo-labolizione-del-massimo-scoperto-la-preoccupazione-di-confindustria-belluno-dolomiti\/\" \/>\n<meta property=\"og:locale\" content=\"fr_FR\" \/>\n<meta property=\"og:type\" content=\"article\" \/>\n<meta property=\"og:title\" content=\"Banche: nuovi costi dopo l&#039;abolizione del massimo scoperto. La preoccupazione di Confindustria Belluno Dolomiti - Bellunopress - Dolomiti\" \/>\n<meta property=\"og:description\" content=\"&#8220;In una fase economica che sta chiedendo alle imprese nuovi investimenti e sacrifici considerevoli, le banche devono essere ancora di pi\u00f9 partner certi e affidabili\u201d \u2013 afferma Valentino Vascellari presidente di Confindustria Belluno Dolomiti, che aggiunge: \u201cnon posso giudicare irrilevante l\u2019introduzione di nuovi costi che molti istituti hanno applicato alle imprese in queste ultime settimane, [&hellip;]\" \/>\n<meta property=\"og:url\" content=\"https:\/\/www.bellunopress.it\/fr\/2009\/06\/23\/banche-nuovi-costi-dopo-labolizione-del-massimo-scoperto-la-preoccupazione-di-confindustria-belluno-dolomiti\/\" \/>\n<meta property=\"og:site_name\" content=\"Bellunopress - Dolomiti\" \/>\n<meta property=\"article:publisher\" content=\"https:\/\/www.facebook.com\/profile.php?id=100008943462799\" \/>\n<meta property=\"article:published_time\" content=\"2009-06-23T12:48:29+00:00\" \/>\n<meta property=\"og:image\" content=\"http:\/\/www.bellunopress.it\/wp-content\/uploads\/2009\/06\/valentino-vascellari-pres-assindustria-270x180.jpg\" \/>\n<meta name=\"author\" content=\"redazione\" \/>\n<meta name=\"twitter:card\" content=\"summary_large_image\" \/>\n<meta name=\"twitter:creator\" content=\"@bellunopress\" \/>\n<meta name=\"twitter:site\" content=\"@bellunopress\" \/>\n<meta name=\"twitter:label1\" content=\"\u00c9crit par\" \/>\n\t<meta name=\"twitter:data1\" content=\"redazione\" \/>\n\t<meta name=\"twitter:label2\" content=\"Dur\u00e9e de lecture estim\u00e9e\" \/>\n\t<meta name=\"twitter:data2\" content=\"1 minute\" \/>\n<script type=\"application\/ld+json\" class=\"yoast-schema-graph\">{\"@context\":\"https:\\\/\\\/schema.org\",\"@graph\":[{\"@type\":\"Article\",\"@id\":\"https:\\\/\\\/www.bellunopress.it\\\/2009\\\/06\\\/23\\\/banche-nuovi-costi-dopo-labolizione-del-massimo-scoperto-la-preoccupazione-di-confindustria-belluno-dolomiti\\\/#article\",\"isPartOf\":{\"@id\":\"https:\\\/\\\/www.bellunopress.it\\\/2009\\\/06\\\/23\\\/banche-nuovi-costi-dopo-labolizione-del-massimo-scoperto-la-preoccupazione-di-confindustria-belluno-dolomiti\\\/\"},\"author\":{\"name\":\"redazione\",\"@id\":\"https:\\\/\\\/www.bellunopress.it\\\/#\\\/schema\\\/person\\\/79bb06722b37ece1c03d3e94beb30d73\"},\"headline\":\"Banche: nuovi costi dopo l&#8217;abolizione del massimo scoperto. La preoccupazione di Confindustria Belluno Dolomiti\",\"datePublished\":\"2009-06-23T12:48:29+00:00\",\"mainEntityOfPage\":{\"@id\":\"https:\\\/\\\/www.bellunopress.it\\\/2009\\\/06\\\/23\\\/banche-nuovi-costi-dopo-labolizione-del-massimo-scoperto-la-preoccupazione-di-confindustria-belluno-dolomiti\\\/\"},\"wordCount\":265,\"publisher\":{\"@id\":\"https:\\\/\\\/www.bellunopress.it\\\/#organization\"},\"image\":{\"@id\":\"https:\\\/\\\/www.bellunopress.it\\\/2009\\\/06\\\/23\\\/banche-nuovi-costi-dopo-labolizione-del-massimo-scoperto-la-preoccupazione-di-confindustria-belluno-dolomiti\\\/#primaryimage\"},\"thumbnailUrl\":\"http:\\\/\\\/www.bellunopress.it\\\/wp-content\\\/uploads\\\/2009\\\/06\\\/valentino-vascellari-pres-assindustria-270x180.jpg\",\"keywords\":[\"Belluno\",\"Dolomiti\"],\"articleSection\":[\"Lavoro, Economia, Turismo\",\"Prima Pagina\"],\"inLanguage\":\"fr-FR\"},{\"@type\":\"WebPage\",\"@id\":\"https:\\\/\\\/www.bellunopress.it\\\/2009\\\/06\\\/23\\\/banche-nuovi-costi-dopo-labolizione-del-massimo-scoperto-la-preoccupazione-di-confindustria-belluno-dolomiti\\\/\",\"url\":\"https:\\\/\\\/www.bellunopress.it\\\/2009\\\/06\\\/23\\\/banche-nuovi-costi-dopo-labolizione-del-massimo-scoperto-la-preoccupazione-di-confindustria-belluno-dolomiti\\\/\",\"name\":\"Banche: nuovi costi dopo l'abolizione del massimo scoperto. La preoccupazione di Confindustria Belluno Dolomiti - Bellunopress - Dolomiti\",\"isPartOf\":{\"@id\":\"https:\\\/\\\/www.bellunopress.it\\\/#website\"},\"primaryImageOfPage\":{\"@id\":\"https:\\\/\\\/www.bellunopress.it\\\/2009\\\/06\\\/23\\\/banche-nuovi-costi-dopo-labolizione-del-massimo-scoperto-la-preoccupazione-di-confindustria-belluno-dolomiti\\\/#primaryimage\"},\"image\":{\"@id\":\"https:\\\/\\\/www.bellunopress.it\\\/2009\\\/06\\\/23\\\/banche-nuovi-costi-dopo-labolizione-del-massimo-scoperto-la-preoccupazione-di-confindustria-belluno-dolomiti\\\/#primaryimage\"},\"thumbnailUrl\":\"http:\\\/\\\/www.bellunopress.it\\\/wp-content\\\/uploads\\\/2009\\\/06\\\/valentino-vascellari-pres-assindustria-270x180.jpg\",\"datePublished\":\"2009-06-23T12:48:29+00:00\",\"breadcrumb\":{\"@id\":\"https:\\\/\\\/www.bellunopress.it\\\/2009\\\/06\\\/23\\\/banche-nuovi-costi-dopo-labolizione-del-massimo-scoperto-la-preoccupazione-di-confindustria-belluno-dolomiti\\\/#breadcrumb\"},\"inLanguage\":\"fr-FR\",\"potentialAction\":[{\"@type\":\"ReadAction\",\"target\":[\"https:\\\/\\\/www.bellunopress.it\\\/2009\\\/06\\\/23\\\/banche-nuovi-costi-dopo-labolizione-del-massimo-scoperto-la-preoccupazione-di-confindustria-belluno-dolomiti\\\/\"]}]},{\"@type\":\"ImageObject\",\"inLanguage\":\"fr-FR\",\"@id\":\"https:\\\/\\\/www.bellunopress.it\\\/2009\\\/06\\\/23\\\/banche-nuovi-costi-dopo-labolizione-del-massimo-scoperto-la-preoccupazione-di-confindustria-belluno-dolomiti\\\/#primaryimage\",\"url\":\"http:\\\/\\\/www.bellunopress.it\\\/wp-content\\\/uploads\\\/2009\\\/06\\\/valentino-vascellari-pres-assindustria-270x180.jpg\",\"contentUrl\":\"http:\\\/\\\/www.bellunopress.it\\\/wp-content\\\/uploads\\\/2009\\\/06\\\/valentino-vascellari-pres-assindustria-270x180.jpg\"},{\"@type\":\"BreadcrumbList\",\"@id\":\"https:\\\/\\\/www.bellunopress.it\\\/2009\\\/06\\\/23\\\/banche-nuovi-costi-dopo-labolizione-del-massimo-scoperto-la-preoccupazione-di-confindustria-belluno-dolomiti\\\/#breadcrumb\",\"itemListElement\":[{\"@type\":\"ListItem\",\"position\":1,\"name\":\"Home\",\"item\":\"https:\\\/\\\/www.bellunopress.it\\\/\"},{\"@type\":\"ListItem\",\"position\":2,\"name\":\"Banche: nuovi costi dopo l&#8217;abolizione del massimo scoperto. La preoccupazione di Confindustria Belluno Dolomiti\"}]},{\"@type\":\"WebSite\",\"@id\":\"https:\\\/\\\/www.bellunopress.it\\\/#website\",\"url\":\"https:\\\/\\\/www.bellunopress.it\\\/\",\"name\":\"Bellunopress - Dolomiti\",\"description\":\"e-mail: redazione@bellunopress.it\",\"publisher\":{\"@id\":\"https:\\\/\\\/www.bellunopress.it\\\/#organization\"},\"potentialAction\":[{\"@type\":\"SearchAction\",\"target\":{\"@type\":\"EntryPoint\",\"urlTemplate\":\"https:\\\/\\\/www.bellunopress.it\\\/?s={search_term_string}\"},\"query-input\":{\"@type\":\"PropertyValueSpecification\",\"valueRequired\":true,\"valueName\":\"search_term_string\"}}],\"inLanguage\":\"fr-FR\"},{\"@type\":\"Organization\",\"@id\":\"https:\\\/\\\/www.bellunopress.it\\\/#organization\",\"name\":\"Bellunopress\",\"url\":\"https:\\\/\\\/www.bellunopress.it\\\/\",\"logo\":{\"@type\":\"ImageObject\",\"inLanguage\":\"fr-FR\",\"@id\":\"https:\\\/\\\/www.bellunopress.it\\\/#\\\/schema\\\/logo\\\/image\\\/\",\"url\":\"https:\\\/\\\/www.bellunopress.it\\\/wp-content\\\/uploads\\\/2011\\\/05\\\/cropped-logo-bellunopress-.jpg\",\"contentUrl\":\"https:\\\/\\\/www.bellunopress.it\\\/wp-content\\\/uploads\\\/2011\\\/05\\\/cropped-logo-bellunopress-.jpg\",\"width\":512,\"height\":512,\"caption\":\"Bellunopress\"},\"image\":{\"@id\":\"https:\\\/\\\/www.bellunopress.it\\\/#\\\/schema\\\/logo\\\/image\\\/\"},\"sameAs\":[\"https:\\\/\\\/www.facebook.com\\\/profile.php?id=100008943462799\",\"https:\\\/\\\/x.com\\\/bellunopress\",\"https:\\\/\\\/www.linkedin.com\\\/hp\\\/?dnr=JBzUWaJfMUw8vbXJJ2tVW5-I3jZKvC4wsoxE&amp;amp;amp;amp;amp;amp;trk=nav_responsive_tab_home\",\"https:\\\/\\\/www.youtube.com\\\/channel\\\/UCxL0wu1uN0_3_7hGG0306cw\"]},{\"@type\":\"Person\",\"@id\":\"https:\\\/\\\/www.bellunopress.it\\\/#\\\/schema\\\/person\\\/79bb06722b37ece1c03d3e94beb30d73\",\"name\":\"redazione\",\"image\":{\"@type\":\"ImageObject\",\"inLanguage\":\"fr-FR\",\"@id\":\"https:\\\/\\\/secure.gravatar.com\\\/avatar\\\/37d968a2e67a6fd04c169c4bdef102d0bc5d31b2546345219e348575eb80e9a0?s=96&d=mm&r=g\",\"url\":\"https:\\\/\\\/secure.gravatar.com\\\/avatar\\\/37d968a2e67a6fd04c169c4bdef102d0bc5d31b2546345219e348575eb80e9a0?s=96&d=mm&r=g\",\"contentUrl\":\"https:\\\/\\\/secure.gravatar.com\\\/avatar\\\/37d968a2e67a6fd04c169c4bdef102d0bc5d31b2546345219e348575eb80e9a0?s=96&d=mm&r=g\",\"caption\":\"redazione\"},\"sameAs\":[\"http:\\\/\\\/www.bellunopress.it\",\"https:\\\/\\\/x.com\\\/bellunopress\"],\"url\":\"https:\\\/\\\/www.bellunopress.it\\\/fr\\\/author\\\/redazione\\\/\"}]}<\/script>\n<!-- \/ Yoast SEO plugin. -->","yoast_head_json":{"title":"Banche: nuovi costi dopo l'abolizione del massimo scoperto. La preoccupazione di Confindustria Belluno Dolomiti - Bellunopress - Dolomiti","robots":{"index":"index","follow":"follow","max-snippet":"max-snippet:-1","max-image-preview":"max-image-preview:large","max-video-preview":"max-video-preview:-1"},"canonical":"https:\/\/www.bellunopress.it\/fr\/2009\/06\/23\/banche-nuovi-costi-dopo-labolizione-del-massimo-scoperto-la-preoccupazione-di-confindustria-belluno-dolomiti\/","og_locale":"fr_FR","og_type":"article","og_title":"Banche: nuovi costi dopo l'abolizione del massimo scoperto. La preoccupazione di Confindustria Belluno Dolomiti - Bellunopress - Dolomiti","og_description":"&#8220;In una fase economica che sta chiedendo alle imprese nuovi investimenti e sacrifici considerevoli, le banche devono essere ancora di pi\u00f9 partner certi e affidabili\u201d \u2013 afferma Valentino Vascellari presidente di Confindustria Belluno Dolomiti, che aggiunge: \u201cnon posso giudicare irrilevante l\u2019introduzione di nuovi costi che molti istituti hanno applicato alle imprese in queste ultime settimane, [&hellip;]","og_url":"https:\/\/www.bellunopress.it\/fr\/2009\/06\/23\/banche-nuovi-costi-dopo-labolizione-del-massimo-scoperto-la-preoccupazione-di-confindustria-belluno-dolomiti\/","og_site_name":"Bellunopress - Dolomiti","article_publisher":"https:\/\/www.facebook.com\/profile.php?id=100008943462799","article_published_time":"2009-06-23T12:48:29+00:00","og_image":[{"url":"http:\/\/www.bellunopress.it\/wp-content\/uploads\/2009\/06\/valentino-vascellari-pres-assindustria-270x180.jpg","type":"","width":"","height":""}],"author":"redazione","twitter_card":"summary_large_image","twitter_creator":"@bellunopress","twitter_site":"@bellunopress","twitter_misc":{"\u00c9crit par":"redazione","Dur\u00e9e de lecture estim\u00e9e":"1 minute"},"schema":{"@context":"https:\/\/schema.org","@graph":[{"@type":"Article","@id":"https:\/\/www.bellunopress.it\/2009\/06\/23\/banche-nuovi-costi-dopo-labolizione-del-massimo-scoperto-la-preoccupazione-di-confindustria-belluno-dolomiti\/#article","isPartOf":{"@id":"https:\/\/www.bellunopress.it\/2009\/06\/23\/banche-nuovi-costi-dopo-labolizione-del-massimo-scoperto-la-preoccupazione-di-confindustria-belluno-dolomiti\/"},"author":{"name":"redazione","@id":"https:\/\/www.bellunopress.it\/#\/schema\/person\/79bb06722b37ece1c03d3e94beb30d73"},"headline":"Banche: nuovi costi dopo l&#8217;abolizione del massimo scoperto. La preoccupazione di Confindustria Belluno Dolomiti","datePublished":"2009-06-23T12:48:29+00:00","mainEntityOfPage":{"@id":"https:\/\/www.bellunopress.it\/2009\/06\/23\/banche-nuovi-costi-dopo-labolizione-del-massimo-scoperto-la-preoccupazione-di-confindustria-belluno-dolomiti\/"},"wordCount":265,"publisher":{"@id":"https:\/\/www.bellunopress.it\/#organization"},"image":{"@id":"https:\/\/www.bellunopress.it\/2009\/06\/23\/banche-nuovi-costi-dopo-labolizione-del-massimo-scoperto-la-preoccupazione-di-confindustria-belluno-dolomiti\/#primaryimage"},"thumbnailUrl":"http:\/\/www.bellunopress.it\/wp-content\/uploads\/2009\/06\/valentino-vascellari-pres-assindustria-270x180.jpg","keywords":["Belluno","Dolomiti"],"articleSection":["Lavoro, Economia, Turismo","Prima Pagina"],"inLanguage":"fr-FR"},{"@type":"WebPage","@id":"https:\/\/www.bellunopress.it\/2009\/06\/23\/banche-nuovi-costi-dopo-labolizione-del-massimo-scoperto-la-preoccupazione-di-confindustria-belluno-dolomiti\/","url":"https:\/\/www.bellunopress.it\/2009\/06\/23\/banche-nuovi-costi-dopo-labolizione-del-massimo-scoperto-la-preoccupazione-di-confindustria-belluno-dolomiti\/","name":"Banche: nuovi costi dopo l'abolizione del massimo scoperto. La preoccupazione di Confindustria Belluno Dolomiti - Bellunopress - Dolomiti","isPartOf":{"@id":"https:\/\/www.bellunopress.it\/#website"},"primaryImageOfPage":{"@id":"https:\/\/www.bellunopress.it\/2009\/06\/23\/banche-nuovi-costi-dopo-labolizione-del-massimo-scoperto-la-preoccupazione-di-confindustria-belluno-dolomiti\/#primaryimage"},"image":{"@id":"https:\/\/www.bellunopress.it\/2009\/06\/23\/banche-nuovi-costi-dopo-labolizione-del-massimo-scoperto-la-preoccupazione-di-confindustria-belluno-dolomiti\/#primaryimage"},"thumbnailUrl":"http:\/\/www.bellunopress.it\/wp-content\/uploads\/2009\/06\/valentino-vascellari-pres-assindustria-270x180.jpg","datePublished":"2009-06-23T12:48:29+00:00","breadcrumb":{"@id":"https:\/\/www.bellunopress.it\/2009\/06\/23\/banche-nuovi-costi-dopo-labolizione-del-massimo-scoperto-la-preoccupazione-di-confindustria-belluno-dolomiti\/#breadcrumb"},"inLanguage":"fr-FR","potentialAction":[{"@type":"ReadAction","target":["https:\/\/www.bellunopress.it\/2009\/06\/23\/banche-nuovi-costi-dopo-labolizione-del-massimo-scoperto-la-preoccupazione-di-confindustria-belluno-dolomiti\/"]}]},{"@type":"ImageObject","inLanguage":"fr-FR","@id":"https:\/\/www.bellunopress.it\/2009\/06\/23\/banche-nuovi-costi-dopo-labolizione-del-massimo-scoperto-la-preoccupazione-di-confindustria-belluno-dolomiti\/#primaryimage","url":"http:\/\/www.bellunopress.it\/wp-content\/uploads\/2009\/06\/valentino-vascellari-pres-assindustria-270x180.jpg","contentUrl":"http:\/\/www.bellunopress.it\/wp-content\/uploads\/2009\/06\/valentino-vascellari-pres-assindustria-270x180.jpg"},{"@type":"BreadcrumbList","@id":"https:\/\/www.bellunopress.it\/2009\/06\/23\/banche-nuovi-costi-dopo-labolizione-del-massimo-scoperto-la-preoccupazione-di-confindustria-belluno-dolomiti\/#breadcrumb","itemListElement":[{"@type":"ListItem","position":1,"name":"Home","item":"https:\/\/www.bellunopress.it\/"},{"@type":"ListItem","position":2,"name":"Banche: nuovi costi dopo l&#8217;abolizione del massimo scoperto. La preoccupazione di Confindustria Belluno Dolomiti"}]},{"@type":"WebSite","@id":"https:\/\/www.bellunopress.it\/#website","url":"https:\/\/www.bellunopress.it\/","name":"Bellunopress - Dolomiti","description":"e-mail: redazione@bellunopress.it","publisher":{"@id":"https:\/\/www.bellunopress.it\/#organization"},"potentialAction":[{"@type":"SearchAction","target":{"@type":"EntryPoint","urlTemplate":"https:\/\/www.bellunopress.it\/?s={search_term_string}"},"query-input":{"@type":"PropertyValueSpecification","valueRequired":true,"valueName":"search_term_string"}}],"inLanguage":"fr-FR"},{"@type":"Organization","@id":"https:\/\/www.bellunopress.it\/#organization","name":"Bellunopress","url":"https:\/\/www.bellunopress.it\/","logo":{"@type":"ImageObject","inLanguage":"fr-FR","@id":"https:\/\/www.bellunopress.it\/#\/schema\/logo\/image\/","url":"https:\/\/www.bellunopress.it\/wp-content\/uploads\/2011\/05\/cropped-logo-bellunopress-.jpg","contentUrl":"https:\/\/www.bellunopress.it\/wp-content\/uploads\/2011\/05\/cropped-logo-bellunopress-.jpg","width":512,"height":512,"caption":"Bellunopress"},"image":{"@id":"https:\/\/www.bellunopress.it\/#\/schema\/logo\/image\/"},"sameAs":["https:\/\/www.facebook.com\/profile.php?id=100008943462799","https:\/\/x.com\/bellunopress","https:\/\/www.linkedin.com\/hp\/?dnr=JBzUWaJfMUw8vbXJJ2tVW5-I3jZKvC4wsoxE&amp;amp;amp;amp;amp;amp;trk=nav_responsive_tab_home","https:\/\/www.youtube.com\/channel\/UCxL0wu1uN0_3_7hGG0306cw"]},{"@type":"Person","@id":"https:\/\/www.bellunopress.it\/#\/schema\/person\/79bb06722b37ece1c03d3e94beb30d73","name":"r\u00e9daction","image":{"@type":"ImageObject","inLanguage":"fr-FR","@id":"https:\/\/secure.gravatar.com\/avatar\/37d968a2e67a6fd04c169c4bdef102d0bc5d31b2546345219e348575eb80e9a0?s=96&d=mm&r=g","url":"https:\/\/secure.gravatar.com\/avatar\/37d968a2e67a6fd04c169c4bdef102d0bc5d31b2546345219e348575eb80e9a0?s=96&d=mm&r=g","contentUrl":"https:\/\/secure.gravatar.com\/avatar\/37d968a2e67a6fd04c169c4bdef102d0bc5d31b2546345219e348575eb80e9a0?s=96&d=mm&r=g","caption":"redazione"},"sameAs":["http:\/\/www.bellunopress.it","https:\/\/x.com\/bellunopress"],"url":"https:\/\/www.bellunopress.it\/fr\/author\/redazione\/"}]}},"_links":{"self":[{"href":"https:\/\/www.bellunopress.it\/fr\/wp-json\/wp\/v2\/posts\/5282","targetHints":{"allow":["GET"]}}],"collection":[{"href":"https:\/\/www.bellunopress.it\/fr\/wp-json\/wp\/v2\/posts"}],"about":[{"href":"https:\/\/www.bellunopress.it\/fr\/wp-json\/wp\/v2\/types\/post"}],"author":[{"embeddable":true,"href":"https:\/\/www.bellunopress.it\/fr\/wp-json\/wp\/v2\/users\/2"}],"replies":[{"embeddable":true,"href":"https:\/\/www.bellunopress.it\/fr\/wp-json\/wp\/v2\/comments?post=5282"}],"version-history":[{"count":0,"href":"https:\/\/www.bellunopress.it\/fr\/wp-json\/wp\/v2\/posts\/5282\/revisions"}],"wp:attachment":[{"href":"https:\/\/www.bellunopress.it\/fr\/wp-json\/wp\/v2\/media?parent=5282"}],"wp:term":[{"taxonomy":"category","embeddable":true,"href":"https:\/\/www.bellunopress.it\/fr\/wp-json\/wp\/v2\/categories?post=5282"},{"taxonomy":"post_tag","embeddable":true,"href":"https:\/\/www.bellunopress.it\/fr\/wp-json\/wp\/v2\/tags?post=5282"}],"curies":[{"name":"wp","href":"https:\/\/api.w.org\/{rel}","templated":true}]}}