{"id":5275,"date":"2009-06-23T02:02:23","date_gmt":"2009-06-23T01:02:23","guid":{"rendered":"http:\/\/www.bellunopress.it\/?p=5275"},"modified":"2009-06-23T02:02:23","modified_gmt":"2009-06-23T01:02:23","slug":"workshop-confindustria-belluno-%e2%80%9cla-gestione-ambientale-strategica-dei-processi-aziendali%e2%80%9d","status":"publish","type":"post","link":"https:\/\/www.bellunopress.it\/fr\/2009\/06\/23\/workshop-confindustria-belluno-%e2%80%9cla-gestione-ambientale-strategica-dei-processi-aziendali%e2%80%9d\/","title":{"rendered":"Workshop Confindustria Belluno: \u201cLa gestione ambientale strategica dei processi aziendali\u201d"},"content":{"rendered":"<p>Gioved\u00ec 25 giugno 2009, ore 16.00 a Villa Doglioni Dalmas \u2013 sede Confindustria Belluno Dolomiti. Come fare della gestione ambientale un tassello di sviluppo strategico dell\u2019azienda? Gli imprenditori bellunesi sono consapevoli che svolgere un\u2019attivit\u00e0 industriale in un territorio unico e particolare come quello della nostra provincia richiede una particolare attenzione, nella convinzione che sviluppo economico e rispetto per l\u2019ambiente debbano procedere di pari passo e che la corretta gestione delle tematiche ambientali contribuisca a favorire la competitivit\u00e0 e il successo dell\u2019impresa. Ecco perch\u00e9 la Sezione delle Industrie Chimiche di Confindustria Belluno Dolomiti ha organizzato, in collaborazione con il Centro Studi Qualit\u00e0 Ambiente (CESQA) dell\u2019Universit\u00e0 degli Studi di Padova (Dipartimento di Processi Chimici dell\u2019Ingegneria), uno fra gli Organismi pi\u00f9 autorevoli a livello nazionale su questi temi, il \u201cWorkshop sulla gestione ambientale strategica dei processi aziendali\u201d per il prossimo gioved\u00ec 25 giugno, alle ore 16.00, presso Villa Doglioni Dalmas. L\u2019iniziativa \u00e8 rivolta a tutte le imprese associate a Confindustria Belluno Dolomiti che vedono nei temi dell\u2019ambiente, del cambiamento climatico e dell\u2019uso sostenibile delle fonti di energia una questione centrale per lo sviluppo futuro degli Stati e delle imprese.<\/p>\n<p>PROGRAMMA<\/p>\n<p>Saluto:\u00a0\u00a0 \u00a0Presidente<br \/>\nM. SLAVIERO<\/p>\n<p>Introduzione:\u00a0\u00a0 \u00a0Presentazione dell\u2019incontro e breve sintesi dell\u2019indagine CESQA-SINCERT<br \/>\nA. SCIPIONI<\/p>\n<p>Intervento\u00a0\u00a0 \u00a0Il Bilancio Ambientale e il Bilancio di Sostenibilit\u00e0 per la valutazione delle performance ambientali<br \/>\nGli strumenti di comunicazione ambientale<br \/>\nA. MORELLI<br \/>\nA. ARCHETTI<\/p>\n<p>Intervento\u00a0\u00a0 \u00a0La Diagnosi energetica e le soluzioni per una gestione sostenibile dell\u2019energia<br \/>\nC. MARANGONI<\/p>\n<p>Intervento\u00a0\u00a0 \u00a0Il valore strategico del Life Cycle Assessment per il miglioramento delle performance ambientali d\u2019impresa<br \/>\nF. ZULIANI<\/p>\n<p>Intervento\u00a0\u00a0 \u00a0Il Carbon Footprint e gli strumenti di gestione degli impatti ambientali associati al cambiamento climatico<br \/>\nA. MANZARDO<\/p>\n<p>Conclusioni e domande<\/p>\n<p>Info e adesioni:<br \/>\nConfindustria Belluno Dolomiti, Segreteria Sezione Industrie Chimiche e affini (Daniela Da Ronch, ddaronch@ssind.bl.it, fax. 0437\/951326).<\/p>","protected":false},"excerpt":{"rendered":"<p>Gioved\u00ec 25 giugno 2009, ore 16.00 a Villa Doglioni Dalmas \u2013 sede Confindustria Belluno Dolomiti. Come fare della gestione ambientale un tassello di sviluppo strategico dell\u2019azienda? Gli imprenditori bellunesi sono consapevoli che svolgere un\u2019attivit\u00e0 industriale in un territorio unico e particolare come quello della nostra provincia richiede una particolare attenzione, nella convinzione che sviluppo economico [&hellip;]<\/p>\n","protected":false},"author":2,"featured_media":0,"comment_status":"closed","ping_status":"open","sticky":false,"template":"","format":"standard","meta":{"footnotes":""},"categories":[36,26],"tags":[139,63],"class_list":["post-5275","post","type-post","status-publish","format-standard","category-lavoro-economia","category-prima-pagina","tag-belluno","tag-dolomiti"],"yoast_head":"<!-- This site is optimized with the Yoast SEO plugin v28.4 - https:\/\/yoast.com\/product\/yoast-seo-wordpress\/ -->\n<title>Workshop Confindustria Belluno: \u201cLa gestione ambientale strategica dei processi aziendali\u201d - Bellunopress - Dolomiti<\/title>\n<meta name=\"robots\" content=\"index, follow, max-snippet:-1, max-image-preview:large, max-video-preview:-1\" \/>\n<link rel=\"canonical\" href=\"https:\/\/www.bellunopress.it\/fr\/2009\/06\/23\/workshop-confindustria-belluno-\u201cla-gestione-ambientale-strategica-dei-processi-aziendali\u201d\/\" \/>\n<meta property=\"og:locale\" content=\"fr_FR\" \/>\n<meta property=\"og:type\" content=\"article\" \/>\n<meta property=\"og:title\" content=\"Workshop Confindustria Belluno: \u201cLa gestione ambientale strategica dei processi aziendali\u201d - Bellunopress - Dolomiti\" \/>\n<meta property=\"og:description\" content=\"Gioved\u00ec 25 giugno 2009, ore 16.00 a Villa Doglioni Dalmas \u2013 sede Confindustria Belluno Dolomiti. Come fare della gestione ambientale un tassello di sviluppo strategico dell\u2019azienda? Gli imprenditori bellunesi sono consapevoli che svolgere un\u2019attivit\u00e0 industriale in un territorio unico e particolare come quello della nostra provincia richiede una particolare attenzione, nella convinzione che sviluppo economico [&hellip;]\" \/>\n<meta property=\"og:url\" content=\"https:\/\/www.bellunopress.it\/fr\/2009\/06\/23\/workshop-confindustria-belluno-\u201cla-gestione-ambientale-strategica-dei-processi-aziendali\u201d\/\" \/>\n<meta property=\"og:site_name\" content=\"Bellunopress - Dolomiti\" \/>\n<meta property=\"article:publisher\" content=\"https:\/\/www.facebook.com\/profile.php?id=100008943462799\" \/>\n<meta property=\"article:published_time\" content=\"2009-06-23T01:02:23+00:00\" \/>\n<meta property=\"og:image\" content=\"http:\/\/www.bellunopress.it\/wp-content\/uploads\/2012\/07\/logo-bellunopress-250x250-2012.jpg\" \/>\n<meta name=\"author\" content=\"redazione\" \/>\n<meta name=\"twitter:card\" content=\"summary_large_image\" \/>\n<meta name=\"twitter:creator\" content=\"@bellunopress\" \/>\n<meta name=\"twitter:site\" content=\"@bellunopress\" \/>\n<meta name=\"twitter:label1\" content=\"\u00c9crit par\" \/>\n\t<meta name=\"twitter:data1\" content=\"redazione\" \/>\n\t<meta name=\"twitter:label2\" content=\"Dur\u00e9e de lecture estim\u00e9e\" \/>\n\t<meta name=\"twitter:data2\" content=\"2 minutes\" \/>\n<script type=\"application\/ld+json\" class=\"yoast-schema-graph\">{\"@context\":\"https:\\\/\\\/schema.org\",\"@graph\":[{\"@type\":\"Article\",\"@id\":\"https:\\\/\\\/www.bellunopress.it\\\/2009\\\/06\\\/23\\\/workshop-confindustria-belluno-%e2%80%9cla-gestione-ambientale-strategica-dei-processi-aziendali%e2%80%9d\\\/#article\",\"isPartOf\":{\"@id\":\"https:\\\/\\\/www.bellunopress.it\\\/2009\\\/06\\\/23\\\/workshop-confindustria-belluno-%e2%80%9cla-gestione-ambientale-strategica-dei-processi-aziendali%e2%80%9d\\\/\"},\"author\":{\"name\":\"redazione\",\"@id\":\"https:\\\/\\\/www.bellunopress.it\\\/#\\\/schema\\\/person\\\/79bb06722b37ece1c03d3e94beb30d73\"},\"headline\":\"Workshop Confindustria Belluno: \u201cLa gestione ambientale strategica dei processi aziendali\u201d\",\"datePublished\":\"2009-06-23T01:02:23+00:00\",\"mainEntityOfPage\":{\"@id\":\"https:\\\/\\\/www.bellunopress.it\\\/2009\\\/06\\\/23\\\/workshop-confindustria-belluno-%e2%80%9cla-gestione-ambientale-strategica-dei-processi-aziendali%e2%80%9d\\\/\"},\"wordCount\":313,\"publisher\":{\"@id\":\"https:\\\/\\\/www.bellunopress.it\\\/#organization\"},\"keywords\":[\"Belluno\",\"Dolomiti\"],\"articleSection\":[\"Lavoro, Economia, Turismo\",\"Prima Pagina\"],\"inLanguage\":\"fr-FR\"},{\"@type\":\"WebPage\",\"@id\":\"https:\\\/\\\/www.bellunopress.it\\\/2009\\\/06\\\/23\\\/workshop-confindustria-belluno-%e2%80%9cla-gestione-ambientale-strategica-dei-processi-aziendali%e2%80%9d\\\/\",\"url\":\"https:\\\/\\\/www.bellunopress.it\\\/2009\\\/06\\\/23\\\/workshop-confindustria-belluno-%e2%80%9cla-gestione-ambientale-strategica-dei-processi-aziendali%e2%80%9d\\\/\",\"name\":\"Workshop Confindustria Belluno: \u201cLa gestione ambientale strategica dei processi aziendali\u201d - Bellunopress - Dolomiti\",\"isPartOf\":{\"@id\":\"https:\\\/\\\/www.bellunopress.it\\\/#website\"},\"datePublished\":\"2009-06-23T01:02:23+00:00\",\"breadcrumb\":{\"@id\":\"https:\\\/\\\/www.bellunopress.it\\\/2009\\\/06\\\/23\\\/workshop-confindustria-belluno-%e2%80%9cla-gestione-ambientale-strategica-dei-processi-aziendali%e2%80%9d\\\/#breadcrumb\"},\"inLanguage\":\"fr-FR\",\"potentialAction\":[{\"@type\":\"ReadAction\",\"target\":[\"https:\\\/\\\/www.bellunopress.it\\\/2009\\\/06\\\/23\\\/workshop-confindustria-belluno-%e2%80%9cla-gestione-ambientale-strategica-dei-processi-aziendali%e2%80%9d\\\/\"]}]},{\"@type\":\"BreadcrumbList\",\"@id\":\"https:\\\/\\\/www.bellunopress.it\\\/2009\\\/06\\\/23\\\/workshop-confindustria-belluno-%e2%80%9cla-gestione-ambientale-strategica-dei-processi-aziendali%e2%80%9d\\\/#breadcrumb\",\"itemListElement\":[{\"@type\":\"ListItem\",\"position\":1,\"name\":\"Home\",\"item\":\"https:\\\/\\\/www.bellunopress.it\\\/\"},{\"@type\":\"ListItem\",\"position\":2,\"name\":\"Workshop Confindustria Belluno: \u201cLa gestione ambientale strategica dei processi aziendali\u201d\"}]},{\"@type\":\"WebSite\",\"@id\":\"https:\\\/\\\/www.bellunopress.it\\\/#website\",\"url\":\"https:\\\/\\\/www.bellunopress.it\\\/\",\"name\":\"Bellunopress - Dolomiti\",\"description\":\"e-mail: redazione@bellunopress.it\",\"publisher\":{\"@id\":\"https:\\\/\\\/www.bellunopress.it\\\/#organization\"},\"potentialAction\":[{\"@type\":\"SearchAction\",\"target\":{\"@type\":\"EntryPoint\",\"urlTemplate\":\"https:\\\/\\\/www.bellunopress.it\\\/?s={search_term_string}\"},\"query-input\":{\"@type\":\"PropertyValueSpecification\",\"valueRequired\":true,\"valueName\":\"search_term_string\"}}],\"inLanguage\":\"fr-FR\"},{\"@type\":\"Organization\",\"@id\":\"https:\\\/\\\/www.bellunopress.it\\\/#organization\",\"name\":\"Bellunopress\",\"url\":\"https:\\\/\\\/www.bellunopress.it\\\/\",\"logo\":{\"@type\":\"ImageObject\",\"inLanguage\":\"fr-FR\",\"@id\":\"https:\\\/\\\/www.bellunopress.it\\\/#\\\/schema\\\/logo\\\/image\\\/\",\"url\":\"https:\\\/\\\/www.bellunopress.it\\\/wp-content\\\/uploads\\\/2011\\\/05\\\/cropped-logo-bellunopress-.jpg\",\"contentUrl\":\"https:\\\/\\\/www.bellunopress.it\\\/wp-content\\\/uploads\\\/2011\\\/05\\\/cropped-logo-bellunopress-.jpg\",\"width\":512,\"height\":512,\"caption\":\"Bellunopress\"},\"image\":{\"@id\":\"https:\\\/\\\/www.bellunopress.it\\\/#\\\/schema\\\/logo\\\/image\\\/\"},\"sameAs\":[\"https:\\\/\\\/www.facebook.com\\\/profile.php?id=100008943462799\",\"https:\\\/\\\/x.com\\\/bellunopress\",\"https:\\\/\\\/www.linkedin.com\\\/hp\\\/?dnr=JBzUWaJfMUw8vbXJJ2tVW5-I3jZKvC4wsoxE&amp;amp;amp;amp;amp;amp;trk=nav_responsive_tab_home\",\"https:\\\/\\\/www.youtube.com\\\/channel\\\/UCxL0wu1uN0_3_7hGG0306cw\"]},{\"@type\":\"Person\",\"@id\":\"https:\\\/\\\/www.bellunopress.it\\\/#\\\/schema\\\/person\\\/79bb06722b37ece1c03d3e94beb30d73\",\"name\":\"redazione\",\"image\":{\"@type\":\"ImageObject\",\"inLanguage\":\"fr-FR\",\"@id\":\"https:\\\/\\\/secure.gravatar.com\\\/avatar\\\/37d968a2e67a6fd04c169c4bdef102d0bc5d31b2546345219e348575eb80e9a0?s=96&d=mm&r=g\",\"url\":\"https:\\\/\\\/secure.gravatar.com\\\/avatar\\\/37d968a2e67a6fd04c169c4bdef102d0bc5d31b2546345219e348575eb80e9a0?s=96&d=mm&r=g\",\"contentUrl\":\"https:\\\/\\\/secure.gravatar.com\\\/avatar\\\/37d968a2e67a6fd04c169c4bdef102d0bc5d31b2546345219e348575eb80e9a0?s=96&d=mm&r=g\",\"caption\":\"redazione\"},\"sameAs\":[\"http:\\\/\\\/www.bellunopress.it\",\"https:\\\/\\\/x.com\\\/bellunopress\"],\"url\":\"https:\\\/\\\/www.bellunopress.it\\\/fr\\\/author\\\/redazione\\\/\"}]}<\/script>\n<!-- \/ Yoast SEO plugin. -->","yoast_head_json":{"title":"Workshop Confindustria Belluno: \u201cLa gestione ambientale strategica dei processi aziendali\u201d - Bellunopress - Dolomiti","robots":{"index":"index","follow":"follow","max-snippet":"max-snippet:-1","max-image-preview":"max-image-preview:large","max-video-preview":"max-video-preview:-1"},"canonical":"https:\/\/www.bellunopress.it\/fr\/2009\/06\/23\/workshop-confindustria-belluno-\u201cla-gestione-ambientale-strategica-dei-processi-aziendali\u201d\/","og_locale":"fr_FR","og_type":"article","og_title":"Workshop Confindustria Belluno: \u201cLa gestione ambientale strategica dei processi aziendali\u201d - Bellunopress - Dolomiti","og_description":"Gioved\u00ec 25 giugno 2009, ore 16.00 a Villa Doglioni Dalmas \u2013 sede Confindustria Belluno Dolomiti. Come fare della gestione ambientale un tassello di sviluppo strategico dell\u2019azienda? Gli imprenditori bellunesi sono consapevoli che svolgere un\u2019attivit\u00e0 industriale in un territorio unico e particolare come quello della nostra provincia richiede una particolare attenzione, nella convinzione che sviluppo economico [&hellip;]","og_url":"https:\/\/www.bellunopress.it\/fr\/2009\/06\/23\/workshop-confindustria-belluno-\u201cla-gestione-ambientale-strategica-dei-processi-aziendali\u201d\/","og_site_name":"Bellunopress - Dolomiti","article_publisher":"https:\/\/www.facebook.com\/profile.php?id=100008943462799","article_published_time":"2009-06-23T01:02:23+00:00","og_image":[{"url":"http:\/\/www.bellunopress.it\/wp-content\/uploads\/2012\/07\/logo-bellunopress-250x250-2012.jpg","type":"","width":"","height":""}],"author":"redazione","twitter_card":"summary_large_image","twitter_creator":"@bellunopress","twitter_site":"@bellunopress","twitter_misc":{"\u00c9crit par":"redazione","Dur\u00e9e de lecture estim\u00e9e":"2 minutes"},"schema":{"@context":"https:\/\/schema.org","@graph":[{"@type":"Article","@id":"https:\/\/www.bellunopress.it\/2009\/06\/23\/workshop-confindustria-belluno-%e2%80%9cla-gestione-ambientale-strategica-dei-processi-aziendali%e2%80%9d\/#article","isPartOf":{"@id":"https:\/\/www.bellunopress.it\/2009\/06\/23\/workshop-confindustria-belluno-%e2%80%9cla-gestione-ambientale-strategica-dei-processi-aziendali%e2%80%9d\/"},"author":{"name":"redazione","@id":"https:\/\/www.bellunopress.it\/#\/schema\/person\/79bb06722b37ece1c03d3e94beb30d73"},"headline":"Workshop Confindustria Belluno: \u201cLa gestione ambientale strategica dei processi aziendali\u201d","datePublished":"2009-06-23T01:02:23+00:00","mainEntityOfPage":{"@id":"https:\/\/www.bellunopress.it\/2009\/06\/23\/workshop-confindustria-belluno-%e2%80%9cla-gestione-ambientale-strategica-dei-processi-aziendali%e2%80%9d\/"},"wordCount":313,"publisher":{"@id":"https:\/\/www.bellunopress.it\/#organization"},"keywords":["Belluno","Dolomiti"],"articleSection":["Lavoro, Economia, Turismo","Prima Pagina"],"inLanguage":"fr-FR"},{"@type":"WebPage","@id":"https:\/\/www.bellunopress.it\/2009\/06\/23\/workshop-confindustria-belluno-%e2%80%9cla-gestione-ambientale-strategica-dei-processi-aziendali%e2%80%9d\/","url":"https:\/\/www.bellunopress.it\/2009\/06\/23\/workshop-confindustria-belluno-%e2%80%9cla-gestione-ambientale-strategica-dei-processi-aziendali%e2%80%9d\/","name":"Workshop Confindustria Belluno: \u201cLa gestione ambientale strategica dei processi aziendali\u201d - Bellunopress - Dolomiti","isPartOf":{"@id":"https:\/\/www.bellunopress.it\/#website"},"datePublished":"2009-06-23T01:02:23+00:00","breadcrumb":{"@id":"https:\/\/www.bellunopress.it\/2009\/06\/23\/workshop-confindustria-belluno-%e2%80%9cla-gestione-ambientale-strategica-dei-processi-aziendali%e2%80%9d\/#breadcrumb"},"inLanguage":"fr-FR","potentialAction":[{"@type":"ReadAction","target":["https:\/\/www.bellunopress.it\/2009\/06\/23\/workshop-confindustria-belluno-%e2%80%9cla-gestione-ambientale-strategica-dei-processi-aziendali%e2%80%9d\/"]}]},{"@type":"BreadcrumbList","@id":"https:\/\/www.bellunopress.it\/2009\/06\/23\/workshop-confindustria-belluno-%e2%80%9cla-gestione-ambientale-strategica-dei-processi-aziendali%e2%80%9d\/#breadcrumb","itemListElement":[{"@type":"ListItem","position":1,"name":"Home","item":"https:\/\/www.bellunopress.it\/"},{"@type":"ListItem","position":2,"name":"Workshop Confindustria Belluno: \u201cLa gestione ambientale strategica dei processi aziendali\u201d"}]},{"@type":"WebSite","@id":"https:\/\/www.bellunopress.it\/#website","url":"https:\/\/www.bellunopress.it\/","name":"Bellunopress - Dolomiti","description":"e-mail: redazione@bellunopress.it","publisher":{"@id":"https:\/\/www.bellunopress.it\/#organization"},"potentialAction":[{"@type":"SearchAction","target":{"@type":"EntryPoint","urlTemplate":"https:\/\/www.bellunopress.it\/?s={search_term_string}"},"query-input":{"@type":"PropertyValueSpecification","valueRequired":true,"valueName":"search_term_string"}}],"inLanguage":"fr-FR"},{"@type":"Organization","@id":"https:\/\/www.bellunopress.it\/#organization","name":"Bellunopress","url":"https:\/\/www.bellunopress.it\/","logo":{"@type":"ImageObject","inLanguage":"fr-FR","@id":"https:\/\/www.bellunopress.it\/#\/schema\/logo\/image\/","url":"https:\/\/www.bellunopress.it\/wp-content\/uploads\/2011\/05\/cropped-logo-bellunopress-.jpg","contentUrl":"https:\/\/www.bellunopress.it\/wp-content\/uploads\/2011\/05\/cropped-logo-bellunopress-.jpg","width":512,"height":512,"caption":"Bellunopress"},"image":{"@id":"https:\/\/www.bellunopress.it\/#\/schema\/logo\/image\/"},"sameAs":["https:\/\/www.facebook.com\/profile.php?id=100008943462799","https:\/\/x.com\/bellunopress","https:\/\/www.linkedin.com\/hp\/?dnr=JBzUWaJfMUw8vbXJJ2tVW5-I3jZKvC4wsoxE&amp;amp;amp;amp;amp;amp;trk=nav_responsive_tab_home","https:\/\/www.youtube.com\/channel\/UCxL0wu1uN0_3_7hGG0306cw"]},{"@type":"Person","@id":"https:\/\/www.bellunopress.it\/#\/schema\/person\/79bb06722b37ece1c03d3e94beb30d73","name":"r\u00e9daction","image":{"@type":"ImageObject","inLanguage":"fr-FR","@id":"https:\/\/secure.gravatar.com\/avatar\/37d968a2e67a6fd04c169c4bdef102d0bc5d31b2546345219e348575eb80e9a0?s=96&d=mm&r=g","url":"https:\/\/secure.gravatar.com\/avatar\/37d968a2e67a6fd04c169c4bdef102d0bc5d31b2546345219e348575eb80e9a0?s=96&d=mm&r=g","contentUrl":"https:\/\/secure.gravatar.com\/avatar\/37d968a2e67a6fd04c169c4bdef102d0bc5d31b2546345219e348575eb80e9a0?s=96&d=mm&r=g","caption":"redazione"},"sameAs":["http:\/\/www.bellunopress.it","https:\/\/x.com\/bellunopress"],"url":"https:\/\/www.bellunopress.it\/fr\/author\/redazione\/"}]}},"_links":{"self":[{"href":"https:\/\/www.bellunopress.it\/fr\/wp-json\/wp\/v2\/posts\/5275","targetHints":{"allow":["GET"]}}],"collection":[{"href":"https:\/\/www.bellunopress.it\/fr\/wp-json\/wp\/v2\/posts"}],"about":[{"href":"https:\/\/www.bellunopress.it\/fr\/wp-json\/wp\/v2\/types\/post"}],"author":[{"embeddable":true,"href":"https:\/\/www.bellunopress.it\/fr\/wp-json\/wp\/v2\/users\/2"}],"replies":[{"embeddable":true,"href":"https:\/\/www.bellunopress.it\/fr\/wp-json\/wp\/v2\/comments?post=5275"}],"version-history":[{"count":1,"href":"https:\/\/www.bellunopress.it\/fr\/wp-json\/wp\/v2\/posts\/5275\/revisions"}],"predecessor-version":[{"id":5276,"href":"https:\/\/www.bellunopress.it\/fr\/wp-json\/wp\/v2\/posts\/5275\/revisions\/5276"}],"wp:attachment":[{"href":"https:\/\/www.bellunopress.it\/fr\/wp-json\/wp\/v2\/media?parent=5275"}],"wp:term":[{"taxonomy":"category","embeddable":true,"href":"https:\/\/www.bellunopress.it\/fr\/wp-json\/wp\/v2\/categories?post=5275"},{"taxonomy":"post_tag","embeddable":true,"href":"https:\/\/www.bellunopress.it\/fr\/wp-json\/wp\/v2\/tags?post=5275"}],"curies":[{"name":"wp","href":"https:\/\/api.w.org\/{rel}","templated":true}]}}