{"id":5264,"date":"2009-06-23T01:31:15","date_gmt":"2009-06-23T00:31:15","guid":{"rendered":"http:\/\/www.bellunopress.it\/?p=5264"},"modified":"2009-06-23T01:56:45","modified_gmt":"2009-06-23T00:56:45","slug":"bottacin-la-spunta-su-reolon-e-la-provincia-di-belluno-va-al-centrodestra-al-voto-per-il-ballottaggio-meno-di-meta-degli-elettori-bellunesi-cassato-il-referendum","status":"publish","type":"post","link":"https:\/\/www.bellunopress.it\/fr\/2009\/06\/23\/bottacin-la-spunta-su-reolon-e-la-provincia-di-belluno-va-al-centrodestra-al-voto-per-il-ballottaggio-meno-di-meta-degli-elettori-bellunesi-cassato-il-referendum\/","title":{"rendered":"Bottacin la spunta su Reolon e la Provincia di Belluno va al centrodestra. Al voto per il ballottaggio meno di met\u00e0 degli elettori bellunesi. Cassato il referendum"},"content":{"rendered":"<p>Gianpaolo Bottacin (Lega Nord) \u00e8 il nuovo presidente della Provincia di Belluno. Una vittoria profilatasi con un <a href=\"http:\/\/www.bellunopress.it\/wp-content\/uploads\/2009\/06\/vela-bottacin-leggera.jpg\"><img loading=\"lazy\" decoding=\"async\" class=\"alignleft size-medium wp-image-5266\" title=\"vela-bottacin-leggera\" src=\"http:\/\/www.bellunopress.it\/wp-content\/uploads\/2009\/06\/vela-bottacin-leggera.jpg\" alt=\"\" width=\"270\" height=\"180\" \/><\/a>vantaggio iniziale abbastanza netto, che si \u00e8 ridotto man mano che giungevano i risultati delle pi\u00f9 numerose sezioni di Belluno, Feltre e di qualche Comune della sinistra Piave. Alla fine meno di 1.800 voti hanno fatto la differenza tra i due schieramenti, quanto \u00e8 bastato comunque per far impazzire di gioia il popolo leghista (una trentina di persone) radunato sotto il palazzo della prefettura, dove tra sventolii di bandiere e colpi di clacson \u00e8 iniziata la festa. E in serata arrivano anche le congratiulazione del segretario provinciale della Lega, Gianvittore Vaccari: \u201cci apprestiamo subito a ringraziare gli elettori per la fiducia che ci hanno confermato con questo voto.\u00a0 La Provincia di Belluno \u00e8 stata finalmente liberata dall\u2019isolamento a cui era stata relegata. Gianpaolo Bottacin nuovo Presidente, con la coalizione che lo appoggiato si appresta a ridare un nuovo volto alla Provincia di Belluno\u201d.<br \/>\nUna soddisfazione resa maggiore dalla difficolt\u00e0 di battere un avversario come Sergio Reolon, che finito sotto il primo turno di circa 7.000 voti, \u00e8 riuscito a ridurre notevolmente il distacco. \u201cUn osso duro\u201d lo ha definito Bottacin, che ieri sera ha ringraziato gli alleati del centrodestra e dichiarato di voler iniziare subito a lavorare per il cambiamento annunciato in campagna elettorale: \u201csentiamo la responsabilit\u00e0 del compito che ci attende. Ringrazio Reolon per la telefonata che mi ha fatto, l\u2019ho apprezzata soprattutto dal punto di vista umano\u201d. A giorni, a Siviglia, Bottacin firmer\u00e0 l\u2019entrata delle Dolomiti nell\u2019Unesco, un progetto fortemente voluto da Reolon e dall\u2019amministrazione provinciale uscente. Cosa dir\u00e0 Bottacin all\u2019Unesco si sapr\u00e0 tra qualche giorno: \u201cDomani chiamo Sergio che si \u00e8 reso disponibile, oggi non parliamo di questo\u201d. Reolon non nasconde \u201cuna grande amarezza. In questi 5 anni abbiamo fatto un lavoro formidabile e lasciamo un\u2019eredit\u00e0 importante. Spero che Bottacin sappia valutarlo e dargli continuit\u00e0, anche se il cambiamento di strada sembra probabile. Io in ogni caso continuer\u00f2 a lavorare per la mia provincia\u201d.<a href=\"http:\/\/www.bellunopress.it\/wp-content\/uploads\/2009\/06\/gruppo-lega-leggera.jpg\"><img loading=\"lazy\" decoding=\"async\" class=\"alignright size-medium wp-image-5270\" title=\"gruppo-lega-leggera\" src=\"http:\/\/www.bellunopress.it\/wp-content\/uploads\/2009\/06\/gruppo-lega-leggera.jpg\" alt=\"\" width=\"270\" height=\"180\" \/><\/a><br \/>\n<strong>La mappa della vittoria<\/strong> di Bottacin e del centrodestra punta sul Cadore, che tranne rari esempi, ha fatto la differenza, a iniziare da Cortina d\u2019Ampezzo e fermandosi alle porte di Longarone. Ma un po\u2019 tutta l\u2019alta montagna\u00a0 ha visto prevalere il candidato leghista, da Forno di Zoldo e Zopp\u00e8 di Cadore a Colle S. Lucia, Livinallongo, Rocca Pietore e Selva di Cadore. Alleghe continua a cantare fuori dal coro, come la maggior parte dei paesi del basso Agordino che hanno votato di pi\u00f9 Reolon insieme a Belluno, Feltre, sinistra Piave e ai paesi della provincia di mezzo, dall\u2019Alpago al Feltrino. A sud, nel complesso, \u00e8 toccato ancora a Bottacin raccogliere i maggiori consensi, con gli en plein di Alano e Quero dove si registra il maggior numero di immigrati soprattutto in relazione allo scarso numero di residenti bellunesi. Una sottolineatura, poco felice, riguarda la bassa affluenza alle urne in una domenica nemmeno troppo soleggiata e in un luned\u00ec come gli altri. Evidente che la politica ha stufato e deluso, ma anche che la grande maggioranza dei bellunesi, come degli italiani del resto, preferisce cha a decidere di loro siano gli altri. E a proposito del referendum \u201cporcellum anycase\u201d, il quorum ovviamente non \u00e8 stato raggiunto pressoch\u00e8 ovunque e quindi \u00e8 saltato.<br \/>\n<strong><\/strong><\/p>\n<p><strong>I risultati delle votazioni per il ballottagio alle provinciali:<\/strong><br \/>\n<strong><\/strong><\/p>\n<p><strong>Gianpaolo Bottacin:<\/strong><br \/>\nVoti: 41.072 (51, 10%)<br \/>\n<strong><\/strong><\/p>\n<p><strong>Sergio Reolon:<\/strong><br \/>\n<strong>Voti:<\/strong> 39.301 (48,90%)<br \/>\n<strong><\/strong><\/p>\n<p><strong>Elettori<\/strong>: 204.017<br \/>\n<strong>Votanti:<\/strong> 80.373<\/p>\n<p>Gianpaolo Bottacin rinuncia alla carica di consigliere regionale del Carroccio, incompatibile con la presidenza di Palazzo Piloni.<\/p>","protected":false},"excerpt":{"rendered":"<p>Gianpaolo Bottacin (Lega Nord) \u00e8 il nuovo presidente della Provincia di Belluno. Una vittoria profilatasi con un vantaggio iniziale abbastanza netto, che si \u00e8 ridotto man mano che giungevano i risultati delle pi\u00f9 numerose sezioni di Belluno, Feltre e di qualche Comune della sinistra Piave. Alla fine meno di 1.800 voti hanno fatto la differenza [&hellip;]<\/p>\n","protected":false},"author":2,"featured_media":0,"comment_status":"closed","ping_status":"open","sticky":false,"template":"","format":"standard","meta":{"footnotes":""},"categories":[5],"tags":[139,151,63,302,2261,2262],"class_list":["post-5264","post","type-post","status-publish","format-standard","category-cronaca","tag-belluno","tag-cadore","tag-dolomiti","tag-feltre","tag-feltrino","tag-zoldo"],"yoast_head":"<!-- This site is optimized with the Yoast SEO plugin v28.4 - https:\/\/yoast.com\/product\/yoast-seo-wordpress\/ -->\n<title>Bottacin la spunta su Reolon e la Provincia di Belluno va al centrodestra. Al voto per il ballottaggio meno di met\u00e0 degli elettori bellunesi. Cassato il referendum - Bellunopress - Dolomiti<\/title>\n<meta name=\"robots\" content=\"index, follow, max-snippet:-1, max-image-preview:large, max-video-preview:-1\" \/>\n<link rel=\"canonical\" href=\"https:\/\/www.bellunopress.it\/fr\/2009\/06\/23\/bottacin-la-spunta-su-reolon-e-la-provincia-di-belluno-va-al-centrodestra-al-voto-per-il-ballottaggio-meno-di-meta-degli-elettori-bellunesi-cassato-il-referendum\/\" \/>\n<meta property=\"og:locale\" content=\"fr_FR\" \/>\n<meta property=\"og:type\" content=\"article\" \/>\n<meta property=\"og:title\" content=\"Bottacin la spunta su Reolon e la Provincia di Belluno va al centrodestra. Al voto per il ballottaggio meno di met\u00e0 degli elettori bellunesi. Cassato il referendum - Bellunopress - Dolomiti\" \/>\n<meta property=\"og:description\" content=\"Gianpaolo Bottacin (Lega Nord) \u00e8 il nuovo presidente della Provincia di Belluno. Una vittoria profilatasi con un vantaggio iniziale abbastanza netto, che si \u00e8 ridotto man mano che giungevano i risultati delle pi\u00f9 numerose sezioni di Belluno, Feltre e di qualche Comune della sinistra Piave. Alla fine meno di 1.800 voti hanno fatto la differenza [&hellip;]\" \/>\n<meta property=\"og:url\" content=\"https:\/\/www.bellunopress.it\/fr\/2009\/06\/23\/bottacin-la-spunta-su-reolon-e-la-provincia-di-belluno-va-al-centrodestra-al-voto-per-il-ballottaggio-meno-di-meta-degli-elettori-bellunesi-cassato-il-referendum\/\" \/>\n<meta property=\"og:site_name\" content=\"Bellunopress - Dolomiti\" \/>\n<meta property=\"article:publisher\" content=\"https:\/\/www.facebook.com\/profile.php?id=100008943462799\" \/>\n<meta property=\"article:published_time\" content=\"2009-06-23T00:31:15+00:00\" \/>\n<meta property=\"article:modified_time\" content=\"2009-06-23T00:56:45+00:00\" \/>\n<meta property=\"og:image\" content=\"http:\/\/www.bellunopress.it\/wp-content\/uploads\/2009\/06\/vela-bottacin-leggera.jpg\" \/>\n<meta name=\"author\" content=\"redazione\" \/>\n<meta name=\"twitter:card\" content=\"summary_large_image\" \/>\n<meta name=\"twitter:creator\" content=\"@bellunopress\" \/>\n<meta name=\"twitter:site\" content=\"@bellunopress\" \/>\n<meta name=\"twitter:label1\" content=\"\u00c9crit par\" \/>\n\t<meta name=\"twitter:data1\" content=\"redazione\" \/>\n\t<meta name=\"twitter:label2\" content=\"Dur\u00e9e de lecture estim\u00e9e\" \/>\n\t<meta name=\"twitter:data2\" content=\"3 minutes\" \/>\n<script type=\"application\/ld+json\" class=\"yoast-schema-graph\">{\"@context\":\"https:\\\/\\\/schema.org\",\"@graph\":[{\"@type\":\"Article\",\"@id\":\"https:\\\/\\\/www.bellunopress.it\\\/2009\\\/06\\\/23\\\/bottacin-la-spunta-su-reolon-e-la-provincia-di-belluno-va-al-centrodestra-al-voto-per-il-ballottaggio-meno-di-meta-degli-elettori-bellunesi-cassato-il-referendum\\\/#article\",\"isPartOf\":{\"@id\":\"https:\\\/\\\/www.bellunopress.it\\\/2009\\\/06\\\/23\\\/bottacin-la-spunta-su-reolon-e-la-provincia-di-belluno-va-al-centrodestra-al-voto-per-il-ballottaggio-meno-di-meta-degli-elettori-bellunesi-cassato-il-referendum\\\/\"},\"author\":{\"name\":\"redazione\",\"@id\":\"https:\\\/\\\/www.bellunopress.it\\\/#\\\/schema\\\/person\\\/79bb06722b37ece1c03d3e94beb30d73\"},\"headline\":\"Bottacin la spunta su Reolon e la Provincia di Belluno va al centrodestra. Al voto per il ballottaggio meno di met\u00e0 degli elettori bellunesi. Cassato il referendum\",\"datePublished\":\"2009-06-23T00:31:15+00:00\",\"dateModified\":\"2009-06-23T00:56:45+00:00\",\"mainEntityOfPage\":{\"@id\":\"https:\\\/\\\/www.bellunopress.it\\\/2009\\\/06\\\/23\\\/bottacin-la-spunta-su-reolon-e-la-provincia-di-belluno-va-al-centrodestra-al-voto-per-il-ballottaggio-meno-di-meta-degli-elettori-bellunesi-cassato-il-referendum\\\/\"},\"wordCount\":603,\"publisher\":{\"@id\":\"https:\\\/\\\/www.bellunopress.it\\\/#organization\"},\"image\":{\"@id\":\"https:\\\/\\\/www.bellunopress.it\\\/2009\\\/06\\\/23\\\/bottacin-la-spunta-su-reolon-e-la-provincia-di-belluno-va-al-centrodestra-al-voto-per-il-ballottaggio-meno-di-meta-degli-elettori-bellunesi-cassato-il-referendum\\\/#primaryimage\"},\"thumbnailUrl\":\"http:\\\/\\\/www.bellunopress.it\\\/wp-content\\\/uploads\\\/2009\\\/06\\\/vela-bottacin-leggera.jpg\",\"keywords\":[\"Belluno\",\"Cadore\",\"Dolomiti\",\"Feltre\",\"feltrino\",\"zoldo\"],\"articleSection\":[\"Cronaca\\\/Politica\"],\"inLanguage\":\"fr-FR\"},{\"@type\":\"WebPage\",\"@id\":\"https:\\\/\\\/www.bellunopress.it\\\/2009\\\/06\\\/23\\\/bottacin-la-spunta-su-reolon-e-la-provincia-di-belluno-va-al-centrodestra-al-voto-per-il-ballottaggio-meno-di-meta-degli-elettori-bellunesi-cassato-il-referendum\\\/\",\"url\":\"https:\\\/\\\/www.bellunopress.it\\\/2009\\\/06\\\/23\\\/bottacin-la-spunta-su-reolon-e-la-provincia-di-belluno-va-al-centrodestra-al-voto-per-il-ballottaggio-meno-di-meta-degli-elettori-bellunesi-cassato-il-referendum\\\/\",\"name\":\"Bottacin la spunta su Reolon e la Provincia di Belluno va al centrodestra. Al voto per il ballottaggio meno di met\u00e0 degli elettori bellunesi. Cassato il referendum - Bellunopress - Dolomiti\",\"isPartOf\":{\"@id\":\"https:\\\/\\\/www.bellunopress.it\\\/#website\"},\"primaryImageOfPage\":{\"@id\":\"https:\\\/\\\/www.bellunopress.it\\\/2009\\\/06\\\/23\\\/bottacin-la-spunta-su-reolon-e-la-provincia-di-belluno-va-al-centrodestra-al-voto-per-il-ballottaggio-meno-di-meta-degli-elettori-bellunesi-cassato-il-referendum\\\/#primaryimage\"},\"image\":{\"@id\":\"https:\\\/\\\/www.bellunopress.it\\\/2009\\\/06\\\/23\\\/bottacin-la-spunta-su-reolon-e-la-provincia-di-belluno-va-al-centrodestra-al-voto-per-il-ballottaggio-meno-di-meta-degli-elettori-bellunesi-cassato-il-referendum\\\/#primaryimage\"},\"thumbnailUrl\":\"http:\\\/\\\/www.bellunopress.it\\\/wp-content\\\/uploads\\\/2009\\\/06\\\/vela-bottacin-leggera.jpg\",\"datePublished\":\"2009-06-23T00:31:15+00:00\",\"dateModified\":\"2009-06-23T00:56:45+00:00\",\"breadcrumb\":{\"@id\":\"https:\\\/\\\/www.bellunopress.it\\\/2009\\\/06\\\/23\\\/bottacin-la-spunta-su-reolon-e-la-provincia-di-belluno-va-al-centrodestra-al-voto-per-il-ballottaggio-meno-di-meta-degli-elettori-bellunesi-cassato-il-referendum\\\/#breadcrumb\"},\"inLanguage\":\"fr-FR\",\"potentialAction\":[{\"@type\":\"ReadAction\",\"target\":[\"https:\\\/\\\/www.bellunopress.it\\\/2009\\\/06\\\/23\\\/bottacin-la-spunta-su-reolon-e-la-provincia-di-belluno-va-al-centrodestra-al-voto-per-il-ballottaggio-meno-di-meta-degli-elettori-bellunesi-cassato-il-referendum\\\/\"]}]},{\"@type\":\"ImageObject\",\"inLanguage\":\"fr-FR\",\"@id\":\"https:\\\/\\\/www.bellunopress.it\\\/2009\\\/06\\\/23\\\/bottacin-la-spunta-su-reolon-e-la-provincia-di-belluno-va-al-centrodestra-al-voto-per-il-ballottaggio-meno-di-meta-degli-elettori-bellunesi-cassato-il-referendum\\\/#primaryimage\",\"url\":\"http:\\\/\\\/www.bellunopress.it\\\/wp-content\\\/uploads\\\/2009\\\/06\\\/vela-bottacin-leggera.jpg\",\"contentUrl\":\"http:\\\/\\\/www.bellunopress.it\\\/wp-content\\\/uploads\\\/2009\\\/06\\\/vela-bottacin-leggera.jpg\"},{\"@type\":\"BreadcrumbList\",\"@id\":\"https:\\\/\\\/www.bellunopress.it\\\/2009\\\/06\\\/23\\\/bottacin-la-spunta-su-reolon-e-la-provincia-di-belluno-va-al-centrodestra-al-voto-per-il-ballottaggio-meno-di-meta-degli-elettori-bellunesi-cassato-il-referendum\\\/#breadcrumb\",\"itemListElement\":[{\"@type\":\"ListItem\",\"position\":1,\"name\":\"Home\",\"item\":\"https:\\\/\\\/www.bellunopress.it\\\/\"},{\"@type\":\"ListItem\",\"position\":2,\"name\":\"Bottacin la spunta su Reolon e la Provincia di Belluno va al centrodestra. Al voto per il ballottaggio meno di met\u00e0 degli elettori bellunesi. Cassato il referendum\"}]},{\"@type\":\"WebSite\",\"@id\":\"https:\\\/\\\/www.bellunopress.it\\\/#website\",\"url\":\"https:\\\/\\\/www.bellunopress.it\\\/\",\"name\":\"Bellunopress - Dolomiti\",\"description\":\"e-mail: redazione@bellunopress.it\",\"publisher\":{\"@id\":\"https:\\\/\\\/www.bellunopress.it\\\/#organization\"},\"potentialAction\":[{\"@type\":\"SearchAction\",\"target\":{\"@type\":\"EntryPoint\",\"urlTemplate\":\"https:\\\/\\\/www.bellunopress.it\\\/?s={search_term_string}\"},\"query-input\":{\"@type\":\"PropertyValueSpecification\",\"valueRequired\":true,\"valueName\":\"search_term_string\"}}],\"inLanguage\":\"fr-FR\"},{\"@type\":\"Organization\",\"@id\":\"https:\\\/\\\/www.bellunopress.it\\\/#organization\",\"name\":\"Bellunopress\",\"url\":\"https:\\\/\\\/www.bellunopress.it\\\/\",\"logo\":{\"@type\":\"ImageObject\",\"inLanguage\":\"fr-FR\",\"@id\":\"https:\\\/\\\/www.bellunopress.it\\\/#\\\/schema\\\/logo\\\/image\\\/\",\"url\":\"https:\\\/\\\/www.bellunopress.it\\\/wp-content\\\/uploads\\\/2011\\\/05\\\/cropped-logo-bellunopress-.jpg\",\"contentUrl\":\"https:\\\/\\\/www.bellunopress.it\\\/wp-content\\\/uploads\\\/2011\\\/05\\\/cropped-logo-bellunopress-.jpg\",\"width\":512,\"height\":512,\"caption\":\"Bellunopress\"},\"image\":{\"@id\":\"https:\\\/\\\/www.bellunopress.it\\\/#\\\/schema\\\/logo\\\/image\\\/\"},\"sameAs\":[\"https:\\\/\\\/www.facebook.com\\\/profile.php?id=100008943462799\",\"https:\\\/\\\/x.com\\\/bellunopress\",\"https:\\\/\\\/www.linkedin.com\\\/hp\\\/?dnr=JBzUWaJfMUw8vbXJJ2tVW5-I3jZKvC4wsoxE&amp;amp;amp;amp;amp;amp;trk=nav_responsive_tab_home\",\"https:\\\/\\\/www.youtube.com\\\/channel\\\/UCxL0wu1uN0_3_7hGG0306cw\"]},{\"@type\":\"Person\",\"@id\":\"https:\\\/\\\/www.bellunopress.it\\\/#\\\/schema\\\/person\\\/79bb06722b37ece1c03d3e94beb30d73\",\"name\":\"redazione\",\"image\":{\"@type\":\"ImageObject\",\"inLanguage\":\"fr-FR\",\"@id\":\"https:\\\/\\\/secure.gravatar.com\\\/avatar\\\/37d968a2e67a6fd04c169c4bdef102d0bc5d31b2546345219e348575eb80e9a0?s=96&d=mm&r=g\",\"url\":\"https:\\\/\\\/secure.gravatar.com\\\/avatar\\\/37d968a2e67a6fd04c169c4bdef102d0bc5d31b2546345219e348575eb80e9a0?s=96&d=mm&r=g\",\"contentUrl\":\"https:\\\/\\\/secure.gravatar.com\\\/avatar\\\/37d968a2e67a6fd04c169c4bdef102d0bc5d31b2546345219e348575eb80e9a0?s=96&d=mm&r=g\",\"caption\":\"redazione\"},\"sameAs\":[\"http:\\\/\\\/www.bellunopress.it\",\"https:\\\/\\\/x.com\\\/bellunopress\"],\"url\":\"https:\\\/\\\/www.bellunopress.it\\\/fr\\\/author\\\/redazione\\\/\"}]}<\/script>\n<!-- \/ Yoast SEO plugin. -->","yoast_head_json":{"title":"Bottacin la spunta su Reolon e la Provincia di Belluno va al centrodestra. Al voto per il ballottaggio meno di met\u00e0 degli elettori bellunesi. Cassato il referendum - Bellunopress - Dolomiti","robots":{"index":"index","follow":"follow","max-snippet":"max-snippet:-1","max-image-preview":"max-image-preview:large","max-video-preview":"max-video-preview:-1"},"canonical":"https:\/\/www.bellunopress.it\/fr\/2009\/06\/23\/bottacin-la-spunta-su-reolon-e-la-provincia-di-belluno-va-al-centrodestra-al-voto-per-il-ballottaggio-meno-di-meta-degli-elettori-bellunesi-cassato-il-referendum\/","og_locale":"fr_FR","og_type":"article","og_title":"Bottacin la spunta su Reolon e la Provincia di Belluno va al centrodestra. Al voto per il ballottaggio meno di met\u00e0 degli elettori bellunesi. Cassato il referendum - Bellunopress - Dolomiti","og_description":"Gianpaolo Bottacin (Lega Nord) \u00e8 il nuovo presidente della Provincia di Belluno. Una vittoria profilatasi con un vantaggio iniziale abbastanza netto, che si \u00e8 ridotto man mano che giungevano i risultati delle pi\u00f9 numerose sezioni di Belluno, Feltre e di qualche Comune della sinistra Piave. Alla fine meno di 1.800 voti hanno fatto la differenza [&hellip;]","og_url":"https:\/\/www.bellunopress.it\/fr\/2009\/06\/23\/bottacin-la-spunta-su-reolon-e-la-provincia-di-belluno-va-al-centrodestra-al-voto-per-il-ballottaggio-meno-di-meta-degli-elettori-bellunesi-cassato-il-referendum\/","og_site_name":"Bellunopress - Dolomiti","article_publisher":"https:\/\/www.facebook.com\/profile.php?id=100008943462799","article_published_time":"2009-06-23T00:31:15+00:00","article_modified_time":"2009-06-23T00:56:45+00:00","og_image":[{"url":"http:\/\/www.bellunopress.it\/wp-content\/uploads\/2009\/06\/vela-bottacin-leggera.jpg","type":"","width":"","height":""}],"author":"redazione","twitter_card":"summary_large_image","twitter_creator":"@bellunopress","twitter_site":"@bellunopress","twitter_misc":{"\u00c9crit par":"redazione","Dur\u00e9e de lecture estim\u00e9e":"3 minutes"},"schema":{"@context":"https:\/\/schema.org","@graph":[{"@type":"Article","@id":"https:\/\/www.bellunopress.it\/2009\/06\/23\/bottacin-la-spunta-su-reolon-e-la-provincia-di-belluno-va-al-centrodestra-al-voto-per-il-ballottaggio-meno-di-meta-degli-elettori-bellunesi-cassato-il-referendum\/#article","isPartOf":{"@id":"https:\/\/www.bellunopress.it\/2009\/06\/23\/bottacin-la-spunta-su-reolon-e-la-provincia-di-belluno-va-al-centrodestra-al-voto-per-il-ballottaggio-meno-di-meta-degli-elettori-bellunesi-cassato-il-referendum\/"},"author":{"name":"redazione","@id":"https:\/\/www.bellunopress.it\/#\/schema\/person\/79bb06722b37ece1c03d3e94beb30d73"},"headline":"Bottacin la spunta su Reolon e la Provincia di Belluno va al centrodestra. Al voto per il ballottaggio meno di met\u00e0 degli elettori bellunesi. Cassato il referendum","datePublished":"2009-06-23T00:31:15+00:00","dateModified":"2009-06-23T00:56:45+00:00","mainEntityOfPage":{"@id":"https:\/\/www.bellunopress.it\/2009\/06\/23\/bottacin-la-spunta-su-reolon-e-la-provincia-di-belluno-va-al-centrodestra-al-voto-per-il-ballottaggio-meno-di-meta-degli-elettori-bellunesi-cassato-il-referendum\/"},"wordCount":603,"publisher":{"@id":"https:\/\/www.bellunopress.it\/#organization"},"image":{"@id":"https:\/\/www.bellunopress.it\/2009\/06\/23\/bottacin-la-spunta-su-reolon-e-la-provincia-di-belluno-va-al-centrodestra-al-voto-per-il-ballottaggio-meno-di-meta-degli-elettori-bellunesi-cassato-il-referendum\/#primaryimage"},"thumbnailUrl":"http:\/\/www.bellunopress.it\/wp-content\/uploads\/2009\/06\/vela-bottacin-leggera.jpg","keywords":["Belluno","Cadore","Dolomiti","Feltre","feltrino","zoldo"],"articleSection":["Cronaca\/Politica"],"inLanguage":"fr-FR"},{"@type":"WebPage","@id":"https:\/\/www.bellunopress.it\/2009\/06\/23\/bottacin-la-spunta-su-reolon-e-la-provincia-di-belluno-va-al-centrodestra-al-voto-per-il-ballottaggio-meno-di-meta-degli-elettori-bellunesi-cassato-il-referendum\/","url":"https:\/\/www.bellunopress.it\/2009\/06\/23\/bottacin-la-spunta-su-reolon-e-la-provincia-di-belluno-va-al-centrodestra-al-voto-per-il-ballottaggio-meno-di-meta-degli-elettori-bellunesi-cassato-il-referendum\/","name":"Bottacin la spunta su Reolon e la Provincia di Belluno va al centrodestra. Al voto per il ballottaggio meno di met\u00e0 degli elettori bellunesi. Cassato il referendum - Bellunopress - Dolomiti","isPartOf":{"@id":"https:\/\/www.bellunopress.it\/#website"},"primaryImageOfPage":{"@id":"https:\/\/www.bellunopress.it\/2009\/06\/23\/bottacin-la-spunta-su-reolon-e-la-provincia-di-belluno-va-al-centrodestra-al-voto-per-il-ballottaggio-meno-di-meta-degli-elettori-bellunesi-cassato-il-referendum\/#primaryimage"},"image":{"@id":"https:\/\/www.bellunopress.it\/2009\/06\/23\/bottacin-la-spunta-su-reolon-e-la-provincia-di-belluno-va-al-centrodestra-al-voto-per-il-ballottaggio-meno-di-meta-degli-elettori-bellunesi-cassato-il-referendum\/#primaryimage"},"thumbnailUrl":"http:\/\/www.bellunopress.it\/wp-content\/uploads\/2009\/06\/vela-bottacin-leggera.jpg","datePublished":"2009-06-23T00:31:15+00:00","dateModified":"2009-06-23T00:56:45+00:00","breadcrumb":{"@id":"https:\/\/www.bellunopress.it\/2009\/06\/23\/bottacin-la-spunta-su-reolon-e-la-provincia-di-belluno-va-al-centrodestra-al-voto-per-il-ballottaggio-meno-di-meta-degli-elettori-bellunesi-cassato-il-referendum\/#breadcrumb"},"inLanguage":"fr-FR","potentialAction":[{"@type":"ReadAction","target":["https:\/\/www.bellunopress.it\/2009\/06\/23\/bottacin-la-spunta-su-reolon-e-la-provincia-di-belluno-va-al-centrodestra-al-voto-per-il-ballottaggio-meno-di-meta-degli-elettori-bellunesi-cassato-il-referendum\/"]}]},{"@type":"ImageObject","inLanguage":"fr-FR","@id":"https:\/\/www.bellunopress.it\/2009\/06\/23\/bottacin-la-spunta-su-reolon-e-la-provincia-di-belluno-va-al-centrodestra-al-voto-per-il-ballottaggio-meno-di-meta-degli-elettori-bellunesi-cassato-il-referendum\/#primaryimage","url":"http:\/\/www.bellunopress.it\/wp-content\/uploads\/2009\/06\/vela-bottacin-leggera.jpg","contentUrl":"http:\/\/www.bellunopress.it\/wp-content\/uploads\/2009\/06\/vela-bottacin-leggera.jpg"},{"@type":"BreadcrumbList","@id":"https:\/\/www.bellunopress.it\/2009\/06\/23\/bottacin-la-spunta-su-reolon-e-la-provincia-di-belluno-va-al-centrodestra-al-voto-per-il-ballottaggio-meno-di-meta-degli-elettori-bellunesi-cassato-il-referendum\/#breadcrumb","itemListElement":[{"@type":"ListItem","position":1,"name":"Home","item":"https:\/\/www.bellunopress.it\/"},{"@type":"ListItem","position":2,"name":"Bottacin la spunta su Reolon e la Provincia di Belluno va al centrodestra. Al voto per il ballottaggio meno di met\u00e0 degli elettori bellunesi. Cassato il referendum"}]},{"@type":"WebSite","@id":"https:\/\/www.bellunopress.it\/#website","url":"https:\/\/www.bellunopress.it\/","name":"Bellunopress - Dolomiti","description":"e-mail: redazione@bellunopress.it","publisher":{"@id":"https:\/\/www.bellunopress.it\/#organization"},"potentialAction":[{"@type":"SearchAction","target":{"@type":"EntryPoint","urlTemplate":"https:\/\/www.bellunopress.it\/?s={search_term_string}"},"query-input":{"@type":"PropertyValueSpecification","valueRequired":true,"valueName":"search_term_string"}}],"inLanguage":"fr-FR"},{"@type":"Organization","@id":"https:\/\/www.bellunopress.it\/#organization","name":"Bellunopress","url":"https:\/\/www.bellunopress.it\/","logo":{"@type":"ImageObject","inLanguage":"fr-FR","@id":"https:\/\/www.bellunopress.it\/#\/schema\/logo\/image\/","url":"https:\/\/www.bellunopress.it\/wp-content\/uploads\/2011\/05\/cropped-logo-bellunopress-.jpg","contentUrl":"https:\/\/www.bellunopress.it\/wp-content\/uploads\/2011\/05\/cropped-logo-bellunopress-.jpg","width":512,"height":512,"caption":"Bellunopress"},"image":{"@id":"https:\/\/www.bellunopress.it\/#\/schema\/logo\/image\/"},"sameAs":["https:\/\/www.facebook.com\/profile.php?id=100008943462799","https:\/\/x.com\/bellunopress","https:\/\/www.linkedin.com\/hp\/?dnr=JBzUWaJfMUw8vbXJJ2tVW5-I3jZKvC4wsoxE&amp;amp;amp;amp;amp;amp;trk=nav_responsive_tab_home","https:\/\/www.youtube.com\/channel\/UCxL0wu1uN0_3_7hGG0306cw"]},{"@type":"Person","@id":"https:\/\/www.bellunopress.it\/#\/schema\/person\/79bb06722b37ece1c03d3e94beb30d73","name":"r\u00e9daction","image":{"@type":"ImageObject","inLanguage":"fr-FR","@id":"https:\/\/secure.gravatar.com\/avatar\/37d968a2e67a6fd04c169c4bdef102d0bc5d31b2546345219e348575eb80e9a0?s=96&d=mm&r=g","url":"https:\/\/secure.gravatar.com\/avatar\/37d968a2e67a6fd04c169c4bdef102d0bc5d31b2546345219e348575eb80e9a0?s=96&d=mm&r=g","contentUrl":"https:\/\/secure.gravatar.com\/avatar\/37d968a2e67a6fd04c169c4bdef102d0bc5d31b2546345219e348575eb80e9a0?s=96&d=mm&r=g","caption":"redazione"},"sameAs":["http:\/\/www.bellunopress.it","https:\/\/x.com\/bellunopress"],"url":"https:\/\/www.bellunopress.it\/fr\/author\/redazione\/"}]}},"_links":{"self":[{"href":"https:\/\/www.bellunopress.it\/fr\/wp-json\/wp\/v2\/posts\/5264","targetHints":{"allow":["GET"]}}],"collection":[{"href":"https:\/\/www.bellunopress.it\/fr\/wp-json\/wp\/v2\/posts"}],"about":[{"href":"https:\/\/www.bellunopress.it\/fr\/wp-json\/wp\/v2\/types\/post"}],"author":[{"embeddable":true,"href":"https:\/\/www.bellunopress.it\/fr\/wp-json\/wp\/v2\/users\/2"}],"replies":[{"embeddable":true,"href":"https:\/\/www.bellunopress.it\/fr\/wp-json\/wp\/v2\/comments?post=5264"}],"version-history":[{"count":7,"href":"https:\/\/www.bellunopress.it\/fr\/wp-json\/wp\/v2\/posts\/5264\/revisions"}],"predecessor-version":[{"id":5274,"href":"https:\/\/www.bellunopress.it\/fr\/wp-json\/wp\/v2\/posts\/5264\/revisions\/5274"}],"wp:attachment":[{"href":"https:\/\/www.bellunopress.it\/fr\/wp-json\/wp\/v2\/media?parent=5264"}],"wp:term":[{"taxonomy":"category","embeddable":true,"href":"https:\/\/www.bellunopress.it\/fr\/wp-json\/wp\/v2\/categories?post=5264"},{"taxonomy":"post_tag","embeddable":true,"href":"https:\/\/www.bellunopress.it\/fr\/wp-json\/wp\/v2\/tags?post=5264"}],"curies":[{"name":"wp","href":"https:\/\/api.w.org\/{rel}","templated":true}]}}