{"id":5252,"date":"2009-06-22T17:59:20","date_gmt":"2009-06-22T16:59:20","guid":{"rendered":"http:\/\/www.bellunopress.it\/?p=5252"},"modified":"2009-06-22T18:00:56","modified_gmt":"2009-06-22T17:00:56","slug":"la-transpelmo-slitta-al-6-settembre-a-causa-della-neve","status":"publish","type":"post","link":"https:\/\/www.bellunopress.it\/fr\/2009\/06\/22\/la-transpelmo-slitta-al-6-settembre-a-causa-della-neve\/","title":{"rendered":"La Transpelmo &#8220;slitta&#8221; al 6 settembre a causa della neve"},"content":{"rendered":"<p>La seconda edizione della &#8220;Transpelmo Palafavera &#8211; Pecol di Zoldo&#8221;, in programma il 28 giugno, \u00e8 stata spostata a domenica 6 settembre. La Transpelmo, dopo l&#8217;ultimo controllo da parte dei responsabili del percorso, a causa della neve ancora presente sulla parte alta del tracciato, \u00e8 stata rinviata al 6 settembre 2009.<br \/>\nPer quanto riguarda le iscrizioni, proseguono sul sito www.sportis.it.<br \/>\nSul sito www.transpelmo.it si possono trovare tutte le informazioni per la partecipazione alla gara. Inoltre ci si pu\u00f2 iscrivere compilando i moduli on line sul sito www.sportis.it. E&#8217; stato attivato il pagamento tramite carta di credito attraverso il circuito PayPal.<\/p>","protected":false},"excerpt":{"rendered":"<p>La seconda edizione della &#8220;Transpelmo Palafavera &#8211; Pecol di Zoldo&#8221;, in programma il 28 giugno, \u00e8 stata spostata a domenica 6 settembre. La Transpelmo, dopo l&#8217;ultimo controllo da parte dei responsabili del percorso, a causa della neve ancora presente sulla parte alta del tracciato, \u00e8 stata rinviata al 6 settembre 2009. Per quanto riguarda le [&hellip;]<\/p>\n","protected":false},"author":2,"featured_media":0,"comment_status":"closed","ping_status":"open","sticky":false,"template":"","format":"standard","meta":{"footnotes":""},"categories":[25,4],"tags":[2262],"class_list":["post-5252","post","type-post","status-publish","format-standard","category-pausa-caffe","category-sport","tag-zoldo"],"yoast_head":"<!-- This site is optimized with the Yoast SEO plugin v28.4 - https:\/\/yoast.com\/product\/yoast-seo-wordpress\/ -->\n<title>La Transpelmo &quot;slitta&quot; al 6 settembre a causa della neve - Bellunopress - Dolomiti<\/title>\n<meta name=\"robots\" content=\"index, follow, max-snippet:-1, max-image-preview:large, max-video-preview:-1\" \/>\n<link rel=\"canonical\" href=\"https:\/\/www.bellunopress.it\/fr\/2009\/06\/22\/la-transpelmo-slitta-al-6-settembre-a-causa-della-neve\/\" \/>\n<meta property=\"og:locale\" content=\"fr_FR\" \/>\n<meta property=\"og:type\" content=\"article\" \/>\n<meta property=\"og:title\" content=\"La Transpelmo &quot;slitta&quot; al 6 settembre a causa della neve - Bellunopress - Dolomiti\" \/>\n<meta property=\"og:description\" content=\"La seconda edizione della &#8220;Transpelmo Palafavera &#8211; Pecol di Zoldo&#8221;, in programma il 28 giugno, \u00e8 stata spostata a domenica 6 settembre. La Transpelmo, dopo l&#8217;ultimo controllo da parte dei responsabili del percorso, a causa della neve ancora presente sulla parte alta del tracciato, \u00e8 stata rinviata al 6 settembre 2009. Per quanto riguarda le [&hellip;]\" \/>\n<meta property=\"og:url\" content=\"https:\/\/www.bellunopress.it\/fr\/2009\/06\/22\/la-transpelmo-slitta-al-6-settembre-a-causa-della-neve\/\" \/>\n<meta property=\"og:site_name\" content=\"Bellunopress - Dolomiti\" \/>\n<meta property=\"article:publisher\" content=\"https:\/\/www.facebook.com\/profile.php?id=100008943462799\" \/>\n<meta property=\"article:published_time\" content=\"2009-06-22T16:59:20+00:00\" \/>\n<meta property=\"article:modified_time\" content=\"2009-06-22T17:00:56+00:00\" \/>\n<meta property=\"og:image\" content=\"http:\/\/www.bellunopress.it\/wp-content\/uploads\/2012\/07\/logo-bellunopress-250x250-2012.jpg\" \/>\n<meta name=\"author\" content=\"redazione\" \/>\n<meta name=\"twitter:card\" content=\"summary_large_image\" \/>\n<meta name=\"twitter:creator\" content=\"@bellunopress\" \/>\n<meta name=\"twitter:site\" content=\"@bellunopress\" \/>\n<meta name=\"twitter:label1\" content=\"\u00c9crit par\" \/>\n\t<meta name=\"twitter:data1\" content=\"redazione\" \/>\n\t<meta name=\"twitter:label2\" content=\"Dur\u00e9e de lecture estim\u00e9e\" \/>\n\t<meta name=\"twitter:data2\" content=\"1 minute\" \/>\n<script type=\"application\/ld+json\" class=\"yoast-schema-graph\">{\"@context\":\"https:\\\/\\\/schema.org\",\"@graph\":[{\"@type\":\"Article\",\"@id\":\"https:\\\/\\\/www.bellunopress.it\\\/2009\\\/06\\\/22\\\/la-transpelmo-slitta-al-6-settembre-a-causa-della-neve\\\/#article\",\"isPartOf\":{\"@id\":\"https:\\\/\\\/www.bellunopress.it\\\/2009\\\/06\\\/22\\\/la-transpelmo-slitta-al-6-settembre-a-causa-della-neve\\\/\"},\"author\":{\"name\":\"redazione\",\"@id\":\"https:\\\/\\\/www.bellunopress.it\\\/#\\\/schema\\\/person\\\/79bb06722b37ece1c03d3e94beb30d73\"},\"headline\":\"La Transpelmo &#8220;slitta&#8221; al 6 settembre a causa della neve\",\"datePublished\":\"2009-06-22T16:59:20+00:00\",\"dateModified\":\"2009-06-22T17:00:56+00:00\",\"mainEntityOfPage\":{\"@id\":\"https:\\\/\\\/www.bellunopress.it\\\/2009\\\/06\\\/22\\\/la-transpelmo-slitta-al-6-settembre-a-causa-della-neve\\\/\"},\"wordCount\":110,\"publisher\":{\"@id\":\"https:\\\/\\\/www.bellunopress.it\\\/#organization\"},\"keywords\":[\"zoldo\"],\"articleSection\":[\"Pausa Caff\u00e8\",\"Sport, tempo libero\"],\"inLanguage\":\"fr-FR\"},{\"@type\":\"WebPage\",\"@id\":\"https:\\\/\\\/www.bellunopress.it\\\/2009\\\/06\\\/22\\\/la-transpelmo-slitta-al-6-settembre-a-causa-della-neve\\\/\",\"url\":\"https:\\\/\\\/www.bellunopress.it\\\/2009\\\/06\\\/22\\\/la-transpelmo-slitta-al-6-settembre-a-causa-della-neve\\\/\",\"name\":\"La Transpelmo \\\"slitta\\\" al 6 settembre a causa della neve - Bellunopress - Dolomiti\",\"isPartOf\":{\"@id\":\"https:\\\/\\\/www.bellunopress.it\\\/#website\"},\"datePublished\":\"2009-06-22T16:59:20+00:00\",\"dateModified\":\"2009-06-22T17:00:56+00:00\",\"breadcrumb\":{\"@id\":\"https:\\\/\\\/www.bellunopress.it\\\/2009\\\/06\\\/22\\\/la-transpelmo-slitta-al-6-settembre-a-causa-della-neve\\\/#breadcrumb\"},\"inLanguage\":\"fr-FR\",\"potentialAction\":[{\"@type\":\"ReadAction\",\"target\":[\"https:\\\/\\\/www.bellunopress.it\\\/2009\\\/06\\\/22\\\/la-transpelmo-slitta-al-6-settembre-a-causa-della-neve\\\/\"]}]},{\"@type\":\"BreadcrumbList\",\"@id\":\"https:\\\/\\\/www.bellunopress.it\\\/2009\\\/06\\\/22\\\/la-transpelmo-slitta-al-6-settembre-a-causa-della-neve\\\/#breadcrumb\",\"itemListElement\":[{\"@type\":\"ListItem\",\"position\":1,\"name\":\"Home\",\"item\":\"https:\\\/\\\/www.bellunopress.it\\\/\"},{\"@type\":\"ListItem\",\"position\":2,\"name\":\"La Transpelmo &#8220;slitta&#8221; al 6 settembre a causa della neve\"}]},{\"@type\":\"WebSite\",\"@id\":\"https:\\\/\\\/www.bellunopress.it\\\/#website\",\"url\":\"https:\\\/\\\/www.bellunopress.it\\\/\",\"name\":\"Bellunopress - Dolomiti\",\"description\":\"e-mail: redazione@bellunopress.it\",\"publisher\":{\"@id\":\"https:\\\/\\\/www.bellunopress.it\\\/#organization\"},\"potentialAction\":[{\"@type\":\"SearchAction\",\"target\":{\"@type\":\"EntryPoint\",\"urlTemplate\":\"https:\\\/\\\/www.bellunopress.it\\\/?s={search_term_string}\"},\"query-input\":{\"@type\":\"PropertyValueSpecification\",\"valueRequired\":true,\"valueName\":\"search_term_string\"}}],\"inLanguage\":\"fr-FR\"},{\"@type\":\"Organization\",\"@id\":\"https:\\\/\\\/www.bellunopress.it\\\/#organization\",\"name\":\"Bellunopress\",\"url\":\"https:\\\/\\\/www.bellunopress.it\\\/\",\"logo\":{\"@type\":\"ImageObject\",\"inLanguage\":\"fr-FR\",\"@id\":\"https:\\\/\\\/www.bellunopress.it\\\/#\\\/schema\\\/logo\\\/image\\\/\",\"url\":\"https:\\\/\\\/www.bellunopress.it\\\/wp-content\\\/uploads\\\/2011\\\/05\\\/cropped-logo-bellunopress-.jpg\",\"contentUrl\":\"https:\\\/\\\/www.bellunopress.it\\\/wp-content\\\/uploads\\\/2011\\\/05\\\/cropped-logo-bellunopress-.jpg\",\"width\":512,\"height\":512,\"caption\":\"Bellunopress\"},\"image\":{\"@id\":\"https:\\\/\\\/www.bellunopress.it\\\/#\\\/schema\\\/logo\\\/image\\\/\"},\"sameAs\":[\"https:\\\/\\\/www.facebook.com\\\/profile.php?id=100008943462799\",\"https:\\\/\\\/x.com\\\/bellunopress\",\"https:\\\/\\\/www.linkedin.com\\\/hp\\\/?dnr=JBzUWaJfMUw8vbXJJ2tVW5-I3jZKvC4wsoxE&amp;amp;amp;amp;amp;amp;trk=nav_responsive_tab_home\",\"https:\\\/\\\/www.youtube.com\\\/channel\\\/UCxL0wu1uN0_3_7hGG0306cw\"]},{\"@type\":\"Person\",\"@id\":\"https:\\\/\\\/www.bellunopress.it\\\/#\\\/schema\\\/person\\\/79bb06722b37ece1c03d3e94beb30d73\",\"name\":\"redazione\",\"image\":{\"@type\":\"ImageObject\",\"inLanguage\":\"fr-FR\",\"@id\":\"https:\\\/\\\/secure.gravatar.com\\\/avatar\\\/37d968a2e67a6fd04c169c4bdef102d0bc5d31b2546345219e348575eb80e9a0?s=96&d=mm&r=g\",\"url\":\"https:\\\/\\\/secure.gravatar.com\\\/avatar\\\/37d968a2e67a6fd04c169c4bdef102d0bc5d31b2546345219e348575eb80e9a0?s=96&d=mm&r=g\",\"contentUrl\":\"https:\\\/\\\/secure.gravatar.com\\\/avatar\\\/37d968a2e67a6fd04c169c4bdef102d0bc5d31b2546345219e348575eb80e9a0?s=96&d=mm&r=g\",\"caption\":\"redazione\"},\"sameAs\":[\"http:\\\/\\\/www.bellunopress.it\",\"https:\\\/\\\/x.com\\\/bellunopress\"],\"url\":\"https:\\\/\\\/www.bellunopress.it\\\/fr\\\/author\\\/redazione\\\/\"}]}<\/script>\n<!-- \/ Yoast SEO plugin. -->","yoast_head_json":{"title":"La Transpelmo \"slitta\" al 6 settembre a causa della neve - Bellunopress - Dolomiti","robots":{"index":"index","follow":"follow","max-snippet":"max-snippet:-1","max-image-preview":"max-image-preview:large","max-video-preview":"max-video-preview:-1"},"canonical":"https:\/\/www.bellunopress.it\/fr\/2009\/06\/22\/la-transpelmo-slitta-al-6-settembre-a-causa-della-neve\/","og_locale":"fr_FR","og_type":"article","og_title":"La Transpelmo \"slitta\" al 6 settembre a causa della neve - Bellunopress - Dolomiti","og_description":"La seconda edizione della &#8220;Transpelmo Palafavera &#8211; Pecol di Zoldo&#8221;, in programma il 28 giugno, \u00e8 stata spostata a domenica 6 settembre. La Transpelmo, dopo l&#8217;ultimo controllo da parte dei responsabili del percorso, a causa della neve ancora presente sulla parte alta del tracciato, \u00e8 stata rinviata al 6 settembre 2009. Per quanto riguarda le [&hellip;]","og_url":"https:\/\/www.bellunopress.it\/fr\/2009\/06\/22\/la-transpelmo-slitta-al-6-settembre-a-causa-della-neve\/","og_site_name":"Bellunopress - Dolomiti","article_publisher":"https:\/\/www.facebook.com\/profile.php?id=100008943462799","article_published_time":"2009-06-22T16:59:20+00:00","article_modified_time":"2009-06-22T17:00:56+00:00","og_image":[{"url":"http:\/\/www.bellunopress.it\/wp-content\/uploads\/2012\/07\/logo-bellunopress-250x250-2012.jpg","type":"","width":"","height":""}],"author":"redazione","twitter_card":"summary_large_image","twitter_creator":"@bellunopress","twitter_site":"@bellunopress","twitter_misc":{"\u00c9crit par":"redazione","Dur\u00e9e de lecture estim\u00e9e":"1 minute"},"schema":{"@context":"https:\/\/schema.org","@graph":[{"@type":"Article","@id":"https:\/\/www.bellunopress.it\/2009\/06\/22\/la-transpelmo-slitta-al-6-settembre-a-causa-della-neve\/#article","isPartOf":{"@id":"https:\/\/www.bellunopress.it\/2009\/06\/22\/la-transpelmo-slitta-al-6-settembre-a-causa-della-neve\/"},"author":{"name":"redazione","@id":"https:\/\/www.bellunopress.it\/#\/schema\/person\/79bb06722b37ece1c03d3e94beb30d73"},"headline":"La Transpelmo &#8220;slitta&#8221; al 6 settembre a causa della neve","datePublished":"2009-06-22T16:59:20+00:00","dateModified":"2009-06-22T17:00:56+00:00","mainEntityOfPage":{"@id":"https:\/\/www.bellunopress.it\/2009\/06\/22\/la-transpelmo-slitta-al-6-settembre-a-causa-della-neve\/"},"wordCount":110,"publisher":{"@id":"https:\/\/www.bellunopress.it\/#organization"},"keywords":["zoldo"],"articleSection":["Pausa Caff\u00e8","Sport, tempo libero"],"inLanguage":"fr-FR"},{"@type":"WebPage","@id":"https:\/\/www.bellunopress.it\/2009\/06\/22\/la-transpelmo-slitta-al-6-settembre-a-causa-della-neve\/","url":"https:\/\/www.bellunopress.it\/2009\/06\/22\/la-transpelmo-slitta-al-6-settembre-a-causa-della-neve\/","name":"La Transpelmo \"slitta\" al 6 settembre a causa della neve - Bellunopress - Dolomiti","isPartOf":{"@id":"https:\/\/www.bellunopress.it\/#website"},"datePublished":"2009-06-22T16:59:20+00:00","dateModified":"2009-06-22T17:00:56+00:00","breadcrumb":{"@id":"https:\/\/www.bellunopress.it\/2009\/06\/22\/la-transpelmo-slitta-al-6-settembre-a-causa-della-neve\/#breadcrumb"},"inLanguage":"fr-FR","potentialAction":[{"@type":"ReadAction","target":["https:\/\/www.bellunopress.it\/2009\/06\/22\/la-transpelmo-slitta-al-6-settembre-a-causa-della-neve\/"]}]},{"@type":"BreadcrumbList","@id":"https:\/\/www.bellunopress.it\/2009\/06\/22\/la-transpelmo-slitta-al-6-settembre-a-causa-della-neve\/#breadcrumb","itemListElement":[{"@type":"ListItem","position":1,"name":"Home","item":"https:\/\/www.bellunopress.it\/"},{"@type":"ListItem","position":2,"name":"La Transpelmo &#8220;slitta&#8221; al 6 settembre a causa della neve"}]},{"@type":"WebSite","@id":"https:\/\/www.bellunopress.it\/#website","url":"https:\/\/www.bellunopress.it\/","name":"Bellunopress - Dolomiti","description":"e-mail: redazione@bellunopress.it","publisher":{"@id":"https:\/\/www.bellunopress.it\/#organization"},"potentialAction":[{"@type":"SearchAction","target":{"@type":"EntryPoint","urlTemplate":"https:\/\/www.bellunopress.it\/?s={search_term_string}"},"query-input":{"@type":"PropertyValueSpecification","valueRequired":true,"valueName":"search_term_string"}}],"inLanguage":"fr-FR"},{"@type":"Organization","@id":"https:\/\/www.bellunopress.it\/#organization","name":"Bellunopress","url":"https:\/\/www.bellunopress.it\/","logo":{"@type":"ImageObject","inLanguage":"fr-FR","@id":"https:\/\/www.bellunopress.it\/#\/schema\/logo\/image\/","url":"https:\/\/www.bellunopress.it\/wp-content\/uploads\/2011\/05\/cropped-logo-bellunopress-.jpg","contentUrl":"https:\/\/www.bellunopress.it\/wp-content\/uploads\/2011\/05\/cropped-logo-bellunopress-.jpg","width":512,"height":512,"caption":"Bellunopress"},"image":{"@id":"https:\/\/www.bellunopress.it\/#\/schema\/logo\/image\/"},"sameAs":["https:\/\/www.facebook.com\/profile.php?id=100008943462799","https:\/\/x.com\/bellunopress","https:\/\/www.linkedin.com\/hp\/?dnr=JBzUWaJfMUw8vbXJJ2tVW5-I3jZKvC4wsoxE&amp;amp;amp;amp;amp;amp;trk=nav_responsive_tab_home","https:\/\/www.youtube.com\/channel\/UCxL0wu1uN0_3_7hGG0306cw"]},{"@type":"Person","@id":"https:\/\/www.bellunopress.it\/#\/schema\/person\/79bb06722b37ece1c03d3e94beb30d73","name":"r\u00e9daction","image":{"@type":"ImageObject","inLanguage":"fr-FR","@id":"https:\/\/secure.gravatar.com\/avatar\/37d968a2e67a6fd04c169c4bdef102d0bc5d31b2546345219e348575eb80e9a0?s=96&d=mm&r=g","url":"https:\/\/secure.gravatar.com\/avatar\/37d968a2e67a6fd04c169c4bdef102d0bc5d31b2546345219e348575eb80e9a0?s=96&d=mm&r=g","contentUrl":"https:\/\/secure.gravatar.com\/avatar\/37d968a2e67a6fd04c169c4bdef102d0bc5d31b2546345219e348575eb80e9a0?s=96&d=mm&r=g","caption":"redazione"},"sameAs":["http:\/\/www.bellunopress.it","https:\/\/x.com\/bellunopress"],"url":"https:\/\/www.bellunopress.it\/fr\/author\/redazione\/"}]}},"_links":{"self":[{"href":"https:\/\/www.bellunopress.it\/fr\/wp-json\/wp\/v2\/posts\/5252","targetHints":{"allow":["GET"]}}],"collection":[{"href":"https:\/\/www.bellunopress.it\/fr\/wp-json\/wp\/v2\/posts"}],"about":[{"href":"https:\/\/www.bellunopress.it\/fr\/wp-json\/wp\/v2\/types\/post"}],"author":[{"embeddable":true,"href":"https:\/\/www.bellunopress.it\/fr\/wp-json\/wp\/v2\/users\/2"}],"replies":[{"embeddable":true,"href":"https:\/\/www.bellunopress.it\/fr\/wp-json\/wp\/v2\/comments?post=5252"}],"version-history":[{"count":3,"href":"https:\/\/www.bellunopress.it\/fr\/wp-json\/wp\/v2\/posts\/5252\/revisions"}],"predecessor-version":[{"id":5255,"href":"https:\/\/www.bellunopress.it\/fr\/wp-json\/wp\/v2\/posts\/5252\/revisions\/5255"}],"wp:attachment":[{"href":"https:\/\/www.bellunopress.it\/fr\/wp-json\/wp\/v2\/media?parent=5252"}],"wp:term":[{"taxonomy":"category","embeddable":true,"href":"https:\/\/www.bellunopress.it\/fr\/wp-json\/wp\/v2\/categories?post=5252"},{"taxonomy":"post_tag","embeddable":true,"href":"https:\/\/www.bellunopress.it\/fr\/wp-json\/wp\/v2\/tags?post=5252"}],"curies":[{"name":"wp","href":"https:\/\/api.w.org\/{rel}","templated":true}]}}