{"id":5229,"date":"2009-06-21T22:07:46","date_gmt":"2009-06-21T21:07:46","guid":{"rendered":"http:\/\/www.bellunopress.it\/?p=5229"},"modified":"2009-06-21T22:07:46","modified_gmt":"2009-06-21T21:07:46","slug":"dopo-il-voto-ma-da-leggere-prima-dell%e2%80%99esito-definitivo","status":"publish","type":"post","link":"https:\/\/www.bellunopress.it\/fr\/2009\/06\/21\/dopo-il-voto-ma-da-leggere-prima-dell%e2%80%99esito-definitivo\/","title":{"rendered":"Dopo il voto (ma da leggere prima dell\u2019esito definitivo)"},"content":{"rendered":"<p>DOPO IL VOTO MI ASPETTO RISPETTO DA ENTRAMBI LE PARTI:NIENTE TRIONFALISMI(IN FONDO META\u2019 DELLA POPOLAZIONE AL PRIMO COLPO NON HA SCELTO IL CANDIDATO CHE ORA RISULTERA\u2019 VINCENTE),NIENTE UMILIAZIONI VERSO IL SECONDO ARRIVATO,NE\u2019 DA PARTE DI QUESTO ANALISI DEL VOTO CHE SCARICHINO LE RESPONSABILITA\u2019 SU NEMICI O AMICI, CHE NON L\u2019HANNO SOSTENUTO.<br \/>\nIL VOTO DEGLI ELETTORI VA RISPETTATO,PERCHE\u2019 GLI ELETTORI VANNO RISPETTATI. RICORDO DI AVER CHIESTO AD UNA CONOSCENTE CHE UN\u2019ANNO FA NON E\u2019 ENTRATA IN CONSIGLIO PROVINCIALE NEL TRENTINO,SE ERA DISPIACIUTA.CON SERENITA\u2019 MI HA RISPOSTO\u201dIL POPOLO E\u2019 SOVRANO,SE IL POPOPO TI ELEGGE GOVERNI,ALTRIMENTI NO\u201d.PENSO COMUNQUE ALLA DELUSIONE DI UN ELETTORE CHE NON HA IL \u201cSUO\u201d CANDIDATO A RAPPRESENTARLO E SI SENTE MAGARI RINFACCIARE \u201cE\u2019COLPA DI \u2026SE NON HO VINTO\u201d:RISPARMIATECI QUESTE MESCHINITA\u2019.<br \/>\nA CHI HA INVITATO ALL\u2019ASTENSIONE DAL VOTO PER LA PRESIDENZA DELLA PROVINCIA,CHIEDEREI L\u2019ONESTA\u2019 DI NON ATTRIBUIRSI IL \u201cMERITO\u201d DEL NUMERO DEI NON VOTANTI(ALTRIMENTI ORA AL BALLOTTAGGIO CI SAREBBE LUI)MA SAPPIA RICONOSCERE CHE BEN ALTRI SONO I MOTIVI, DA QUELLI OGGETTIVI DELLA PARTENZA PER LE FERIE A QUELLI DELLA DISAFFEZIONE GENERALE VERSO LE CONSULTAZIONI ELETTORALI.<br \/>\nIN QUESTA TERRA DOBBIAMO VIVERCI INSIEME PUR CON IDEE DIVERSE:COMINCIAMO DA SUBITO LE MANOVRE DI RIAPPACIFICAZIONE CON L\u2019ELETTORATO E CON L\u2019OPPOSIZIONE PER UNA RICERCA SINCERA,DISINTERESSATA E DURATURA DEL BENE COMUNE.<br \/>\nCRISTINA DE DONA\u2019<\/p>","protected":false},"excerpt":{"rendered":"<p>DOPO IL VOTO MI ASPETTO RISPETTO DA ENTRAMBI LE PARTI:NIENTE TRIONFALISMI(IN FONDO META\u2019 DELLA POPOLAZIONE AL PRIMO COLPO NON HA SCELTO IL CANDIDATO CHE ORA RISULTERA\u2019 VINCENTE),NIENTE UMILIAZIONI VERSO IL SECONDO ARRIVATO,NE\u2019 DA PARTE DI QUESTO ANALISI DEL VOTO CHE SCARICHINO LE RESPONSABILITA\u2019 SU NEMICI O AMICI, CHE NON L\u2019HANNO SOSTENUTO. IL VOTO DEGLI ELETTORI [&hellip;]<\/p>\n","protected":false},"author":2,"featured_media":0,"comment_status":"closed","ping_status":"open","sticky":false,"template":"","format":"standard","meta":{"footnotes":""},"categories":[1],"tags":[],"class_list":["post-5229","post","type-post","status-publish","format-standard","category-leo"],"yoast_head":"<!-- This site is optimized with the Yoast SEO plugin v28.4 - https:\/\/yoast.com\/product\/yoast-seo-wordpress\/ -->\n<title>Dopo il voto (ma da leggere prima dell\u2019esito definitivo) - Bellunopress - Dolomiti<\/title>\n<meta name=\"robots\" content=\"index, follow, max-snippet:-1, max-image-preview:large, max-video-preview:-1\" \/>\n<link rel=\"canonical\" href=\"https:\/\/www.bellunopress.it\/fr\/2009\/06\/21\/dopo-il-voto-ma-da-leggere-prima-dell\u2019esito-definitivo\/\" \/>\n<meta property=\"og:locale\" content=\"fr_FR\" \/>\n<meta property=\"og:type\" content=\"article\" \/>\n<meta property=\"og:title\" content=\"Dopo il voto (ma da leggere prima dell\u2019esito definitivo) - Bellunopress - Dolomiti\" \/>\n<meta property=\"og:description\" content=\"DOPO IL VOTO MI ASPETTO RISPETTO DA ENTRAMBI LE PARTI:NIENTE TRIONFALISMI(IN FONDO META\u2019 DELLA POPOLAZIONE AL PRIMO COLPO NON HA SCELTO IL CANDIDATO CHE ORA RISULTERA\u2019 VINCENTE),NIENTE UMILIAZIONI VERSO IL SECONDO ARRIVATO,NE\u2019 DA PARTE DI QUESTO ANALISI DEL VOTO CHE SCARICHINO LE RESPONSABILITA\u2019 SU NEMICI O AMICI, CHE NON L\u2019HANNO SOSTENUTO. IL VOTO DEGLI ELETTORI [&hellip;]\" \/>\n<meta property=\"og:url\" content=\"https:\/\/www.bellunopress.it\/fr\/2009\/06\/21\/dopo-il-voto-ma-da-leggere-prima-dell\u2019esito-definitivo\/\" \/>\n<meta property=\"og:site_name\" content=\"Bellunopress - Dolomiti\" \/>\n<meta property=\"article:publisher\" content=\"https:\/\/www.facebook.com\/profile.php?id=100008943462799\" \/>\n<meta property=\"article:published_time\" content=\"2009-06-21T21:07:46+00:00\" \/>\n<meta property=\"og:image\" content=\"http:\/\/www.bellunopress.it\/wp-content\/uploads\/2012\/07\/logo-bellunopress-250x250-2012.jpg\" \/>\n<meta name=\"author\" content=\"redazione\" \/>\n<meta name=\"twitter:card\" content=\"summary_large_image\" \/>\n<meta name=\"twitter:creator\" content=\"@bellunopress\" \/>\n<meta name=\"twitter:site\" content=\"@bellunopress\" \/>\n<meta name=\"twitter:label1\" content=\"\u00c9crit par\" \/>\n\t<meta name=\"twitter:data1\" content=\"redazione\" \/>\n\t<meta name=\"twitter:label2\" content=\"Dur\u00e9e de lecture estim\u00e9e\" \/>\n\t<meta name=\"twitter:data2\" content=\"1 minute\" \/>\n<script type=\"application\/ld+json\" class=\"yoast-schema-graph\">{\"@context\":\"https:\\\/\\\/schema.org\",\"@graph\":[{\"@type\":\"Article\",\"@id\":\"https:\\\/\\\/www.bellunopress.it\\\/2009\\\/06\\\/21\\\/dopo-il-voto-ma-da-leggere-prima-dell%e2%80%99esito-definitivo\\\/#article\",\"isPartOf\":{\"@id\":\"https:\\\/\\\/www.bellunopress.it\\\/2009\\\/06\\\/21\\\/dopo-il-voto-ma-da-leggere-prima-dell%e2%80%99esito-definitivo\\\/\"},\"author\":{\"name\":\"redazione\",\"@id\":\"https:\\\/\\\/www.bellunopress.it\\\/#\\\/schema\\\/person\\\/79bb06722b37ece1c03d3e94beb30d73\"},\"headline\":\"Dopo il voto (ma da leggere prima dell\u2019esito definitivo)\",\"datePublished\":\"2009-06-21T21:07:46+00:00\",\"mainEntityOfPage\":{\"@id\":\"https:\\\/\\\/www.bellunopress.it\\\/2009\\\/06\\\/21\\\/dopo-il-voto-ma-da-leggere-prima-dell%e2%80%99esito-definitivo\\\/\"},\"wordCount\":242,\"publisher\":{\"@id\":\"https:\\\/\\\/www.bellunopress.it\\\/#organization\"},\"articleSection\":[\"Lettere Opinioni\"],\"inLanguage\":\"fr-FR\"},{\"@type\":\"WebPage\",\"@id\":\"https:\\\/\\\/www.bellunopress.it\\\/2009\\\/06\\\/21\\\/dopo-il-voto-ma-da-leggere-prima-dell%e2%80%99esito-definitivo\\\/\",\"url\":\"https:\\\/\\\/www.bellunopress.it\\\/2009\\\/06\\\/21\\\/dopo-il-voto-ma-da-leggere-prima-dell%e2%80%99esito-definitivo\\\/\",\"name\":\"Dopo il voto (ma da leggere prima dell\u2019esito definitivo) - Bellunopress - Dolomiti\",\"isPartOf\":{\"@id\":\"https:\\\/\\\/www.bellunopress.it\\\/#website\"},\"datePublished\":\"2009-06-21T21:07:46+00:00\",\"breadcrumb\":{\"@id\":\"https:\\\/\\\/www.bellunopress.it\\\/2009\\\/06\\\/21\\\/dopo-il-voto-ma-da-leggere-prima-dell%e2%80%99esito-definitivo\\\/#breadcrumb\"},\"inLanguage\":\"fr-FR\",\"potentialAction\":[{\"@type\":\"ReadAction\",\"target\":[\"https:\\\/\\\/www.bellunopress.it\\\/2009\\\/06\\\/21\\\/dopo-il-voto-ma-da-leggere-prima-dell%e2%80%99esito-definitivo\\\/\"]}]},{\"@type\":\"BreadcrumbList\",\"@id\":\"https:\\\/\\\/www.bellunopress.it\\\/2009\\\/06\\\/21\\\/dopo-il-voto-ma-da-leggere-prima-dell%e2%80%99esito-definitivo\\\/#breadcrumb\",\"itemListElement\":[{\"@type\":\"ListItem\",\"position\":1,\"name\":\"Home\",\"item\":\"https:\\\/\\\/www.bellunopress.it\\\/\"},{\"@type\":\"ListItem\",\"position\":2,\"name\":\"Dopo il voto (ma da leggere prima dell\u2019esito definitivo)\"}]},{\"@type\":\"WebSite\",\"@id\":\"https:\\\/\\\/www.bellunopress.it\\\/#website\",\"url\":\"https:\\\/\\\/www.bellunopress.it\\\/\",\"name\":\"Bellunopress - Dolomiti\",\"description\":\"e-mail: redazione@bellunopress.it\",\"publisher\":{\"@id\":\"https:\\\/\\\/www.bellunopress.it\\\/#organization\"},\"potentialAction\":[{\"@type\":\"SearchAction\",\"target\":{\"@type\":\"EntryPoint\",\"urlTemplate\":\"https:\\\/\\\/www.bellunopress.it\\\/?s={search_term_string}\"},\"query-input\":{\"@type\":\"PropertyValueSpecification\",\"valueRequired\":true,\"valueName\":\"search_term_string\"}}],\"inLanguage\":\"fr-FR\"},{\"@type\":\"Organization\",\"@id\":\"https:\\\/\\\/www.bellunopress.it\\\/#organization\",\"name\":\"Bellunopress\",\"url\":\"https:\\\/\\\/www.bellunopress.it\\\/\",\"logo\":{\"@type\":\"ImageObject\",\"inLanguage\":\"fr-FR\",\"@id\":\"https:\\\/\\\/www.bellunopress.it\\\/#\\\/schema\\\/logo\\\/image\\\/\",\"url\":\"https:\\\/\\\/www.bellunopress.it\\\/wp-content\\\/uploads\\\/2011\\\/05\\\/cropped-logo-bellunopress-.jpg\",\"contentUrl\":\"https:\\\/\\\/www.bellunopress.it\\\/wp-content\\\/uploads\\\/2011\\\/05\\\/cropped-logo-bellunopress-.jpg\",\"width\":512,\"height\":512,\"caption\":\"Bellunopress\"},\"image\":{\"@id\":\"https:\\\/\\\/www.bellunopress.it\\\/#\\\/schema\\\/logo\\\/image\\\/\"},\"sameAs\":[\"https:\\\/\\\/www.facebook.com\\\/profile.php?id=100008943462799\",\"https:\\\/\\\/x.com\\\/bellunopress\",\"https:\\\/\\\/www.linkedin.com\\\/hp\\\/?dnr=JBzUWaJfMUw8vbXJJ2tVW5-I3jZKvC4wsoxE&amp;amp;amp;amp;amp;amp;trk=nav_responsive_tab_home\",\"https:\\\/\\\/www.youtube.com\\\/channel\\\/UCxL0wu1uN0_3_7hGG0306cw\"]},{\"@type\":\"Person\",\"@id\":\"https:\\\/\\\/www.bellunopress.it\\\/#\\\/schema\\\/person\\\/79bb06722b37ece1c03d3e94beb30d73\",\"name\":\"redazione\",\"image\":{\"@type\":\"ImageObject\",\"inLanguage\":\"fr-FR\",\"@id\":\"https:\\\/\\\/secure.gravatar.com\\\/avatar\\\/37d968a2e67a6fd04c169c4bdef102d0bc5d31b2546345219e348575eb80e9a0?s=96&d=mm&r=g\",\"url\":\"https:\\\/\\\/secure.gravatar.com\\\/avatar\\\/37d968a2e67a6fd04c169c4bdef102d0bc5d31b2546345219e348575eb80e9a0?s=96&d=mm&r=g\",\"contentUrl\":\"https:\\\/\\\/secure.gravatar.com\\\/avatar\\\/37d968a2e67a6fd04c169c4bdef102d0bc5d31b2546345219e348575eb80e9a0?s=96&d=mm&r=g\",\"caption\":\"redazione\"},\"sameAs\":[\"http:\\\/\\\/www.bellunopress.it\",\"https:\\\/\\\/x.com\\\/bellunopress\"],\"url\":\"https:\\\/\\\/www.bellunopress.it\\\/fr\\\/author\\\/redazione\\\/\"}]}<\/script>\n<!-- \/ Yoast SEO plugin. -->","yoast_head_json":{"title":"Dopo il voto (ma da leggere prima dell\u2019esito definitivo) - Bellunopress - Dolomiti","robots":{"index":"index","follow":"follow","max-snippet":"max-snippet:-1","max-image-preview":"max-image-preview:large","max-video-preview":"max-video-preview:-1"},"canonical":"https:\/\/www.bellunopress.it\/fr\/2009\/06\/21\/dopo-il-voto-ma-da-leggere-prima-dell\u2019esito-definitivo\/","og_locale":"fr_FR","og_type":"article","og_title":"Dopo il voto (ma da leggere prima dell\u2019esito definitivo) - Bellunopress - Dolomiti","og_description":"DOPO IL VOTO MI ASPETTO RISPETTO DA ENTRAMBI LE PARTI:NIENTE TRIONFALISMI(IN FONDO META\u2019 DELLA POPOLAZIONE AL PRIMO COLPO NON HA SCELTO IL CANDIDATO CHE ORA RISULTERA\u2019 VINCENTE),NIENTE UMILIAZIONI VERSO IL SECONDO ARRIVATO,NE\u2019 DA PARTE DI QUESTO ANALISI DEL VOTO CHE SCARICHINO LE RESPONSABILITA\u2019 SU NEMICI O AMICI, CHE NON L\u2019HANNO SOSTENUTO. IL VOTO DEGLI ELETTORI [&hellip;]","og_url":"https:\/\/www.bellunopress.it\/fr\/2009\/06\/21\/dopo-il-voto-ma-da-leggere-prima-dell\u2019esito-definitivo\/","og_site_name":"Bellunopress - Dolomiti","article_publisher":"https:\/\/www.facebook.com\/profile.php?id=100008943462799","article_published_time":"2009-06-21T21:07:46+00:00","og_image":[{"url":"http:\/\/www.bellunopress.it\/wp-content\/uploads\/2012\/07\/logo-bellunopress-250x250-2012.jpg","type":"","width":"","height":""}],"author":"redazione","twitter_card":"summary_large_image","twitter_creator":"@bellunopress","twitter_site":"@bellunopress","twitter_misc":{"\u00c9crit par":"redazione","Dur\u00e9e de lecture estim\u00e9e":"1 minute"},"schema":{"@context":"https:\/\/schema.org","@graph":[{"@type":"Article","@id":"https:\/\/www.bellunopress.it\/2009\/06\/21\/dopo-il-voto-ma-da-leggere-prima-dell%e2%80%99esito-definitivo\/#article","isPartOf":{"@id":"https:\/\/www.bellunopress.it\/2009\/06\/21\/dopo-il-voto-ma-da-leggere-prima-dell%e2%80%99esito-definitivo\/"},"author":{"name":"redazione","@id":"https:\/\/www.bellunopress.it\/#\/schema\/person\/79bb06722b37ece1c03d3e94beb30d73"},"headline":"Dopo il voto (ma da leggere prima dell\u2019esito definitivo)","datePublished":"2009-06-21T21:07:46+00:00","mainEntityOfPage":{"@id":"https:\/\/www.bellunopress.it\/2009\/06\/21\/dopo-il-voto-ma-da-leggere-prima-dell%e2%80%99esito-definitivo\/"},"wordCount":242,"publisher":{"@id":"https:\/\/www.bellunopress.it\/#organization"},"articleSection":["Lettere Opinioni"],"inLanguage":"fr-FR"},{"@type":"WebPage","@id":"https:\/\/www.bellunopress.it\/2009\/06\/21\/dopo-il-voto-ma-da-leggere-prima-dell%e2%80%99esito-definitivo\/","url":"https:\/\/www.bellunopress.it\/2009\/06\/21\/dopo-il-voto-ma-da-leggere-prima-dell%e2%80%99esito-definitivo\/","name":"Dopo il voto (ma da leggere prima dell\u2019esito definitivo) - Bellunopress - Dolomiti","isPartOf":{"@id":"https:\/\/www.bellunopress.it\/#website"},"datePublished":"2009-06-21T21:07:46+00:00","breadcrumb":{"@id":"https:\/\/www.bellunopress.it\/2009\/06\/21\/dopo-il-voto-ma-da-leggere-prima-dell%e2%80%99esito-definitivo\/#breadcrumb"},"inLanguage":"fr-FR","potentialAction":[{"@type":"ReadAction","target":["https:\/\/www.bellunopress.it\/2009\/06\/21\/dopo-il-voto-ma-da-leggere-prima-dell%e2%80%99esito-definitivo\/"]}]},{"@type":"BreadcrumbList","@id":"https:\/\/www.bellunopress.it\/2009\/06\/21\/dopo-il-voto-ma-da-leggere-prima-dell%e2%80%99esito-definitivo\/#breadcrumb","itemListElement":[{"@type":"ListItem","position":1,"name":"Home","item":"https:\/\/www.bellunopress.it\/"},{"@type":"ListItem","position":2,"name":"Dopo il voto (ma da leggere prima dell\u2019esito definitivo)"}]},{"@type":"WebSite","@id":"https:\/\/www.bellunopress.it\/#website","url":"https:\/\/www.bellunopress.it\/","name":"Bellunopress - Dolomiti","description":"e-mail: redazione@bellunopress.it","publisher":{"@id":"https:\/\/www.bellunopress.it\/#organization"},"potentialAction":[{"@type":"SearchAction","target":{"@type":"EntryPoint","urlTemplate":"https:\/\/www.bellunopress.it\/?s={search_term_string}"},"query-input":{"@type":"PropertyValueSpecification","valueRequired":true,"valueName":"search_term_string"}}],"inLanguage":"fr-FR"},{"@type":"Organization","@id":"https:\/\/www.bellunopress.it\/#organization","name":"Bellunopress","url":"https:\/\/www.bellunopress.it\/","logo":{"@type":"ImageObject","inLanguage":"fr-FR","@id":"https:\/\/www.bellunopress.it\/#\/schema\/logo\/image\/","url":"https:\/\/www.bellunopress.it\/wp-content\/uploads\/2011\/05\/cropped-logo-bellunopress-.jpg","contentUrl":"https:\/\/www.bellunopress.it\/wp-content\/uploads\/2011\/05\/cropped-logo-bellunopress-.jpg","width":512,"height":512,"caption":"Bellunopress"},"image":{"@id":"https:\/\/www.bellunopress.it\/#\/schema\/logo\/image\/"},"sameAs":["https:\/\/www.facebook.com\/profile.php?id=100008943462799","https:\/\/x.com\/bellunopress","https:\/\/www.linkedin.com\/hp\/?dnr=JBzUWaJfMUw8vbXJJ2tVW5-I3jZKvC4wsoxE&amp;amp;amp;amp;amp;amp;trk=nav_responsive_tab_home","https:\/\/www.youtube.com\/channel\/UCxL0wu1uN0_3_7hGG0306cw"]},{"@type":"Person","@id":"https:\/\/www.bellunopress.it\/#\/schema\/person\/79bb06722b37ece1c03d3e94beb30d73","name":"r\u00e9daction","image":{"@type":"ImageObject","inLanguage":"fr-FR","@id":"https:\/\/secure.gravatar.com\/avatar\/37d968a2e67a6fd04c169c4bdef102d0bc5d31b2546345219e348575eb80e9a0?s=96&d=mm&r=g","url":"https:\/\/secure.gravatar.com\/avatar\/37d968a2e67a6fd04c169c4bdef102d0bc5d31b2546345219e348575eb80e9a0?s=96&d=mm&r=g","contentUrl":"https:\/\/secure.gravatar.com\/avatar\/37d968a2e67a6fd04c169c4bdef102d0bc5d31b2546345219e348575eb80e9a0?s=96&d=mm&r=g","caption":"redazione"},"sameAs":["http:\/\/www.bellunopress.it","https:\/\/x.com\/bellunopress"],"url":"https:\/\/www.bellunopress.it\/fr\/author\/redazione\/"}]}},"_links":{"self":[{"href":"https:\/\/www.bellunopress.it\/fr\/wp-json\/wp\/v2\/posts\/5229","targetHints":{"allow":["GET"]}}],"collection":[{"href":"https:\/\/www.bellunopress.it\/fr\/wp-json\/wp\/v2\/posts"}],"about":[{"href":"https:\/\/www.bellunopress.it\/fr\/wp-json\/wp\/v2\/types\/post"}],"author":[{"embeddable":true,"href":"https:\/\/www.bellunopress.it\/fr\/wp-json\/wp\/v2\/users\/2"}],"replies":[{"embeddable":true,"href":"https:\/\/www.bellunopress.it\/fr\/wp-json\/wp\/v2\/comments?post=5229"}],"version-history":[{"count":1,"href":"https:\/\/www.bellunopress.it\/fr\/wp-json\/wp\/v2\/posts\/5229\/revisions"}],"predecessor-version":[{"id":5230,"href":"https:\/\/www.bellunopress.it\/fr\/wp-json\/wp\/v2\/posts\/5229\/revisions\/5230"}],"wp:attachment":[{"href":"https:\/\/www.bellunopress.it\/fr\/wp-json\/wp\/v2\/media?parent=5229"}],"wp:term":[{"taxonomy":"category","embeddable":true,"href":"https:\/\/www.bellunopress.it\/fr\/wp-json\/wp\/v2\/categories?post=5229"},{"taxonomy":"post_tag","embeddable":true,"href":"https:\/\/www.bellunopress.it\/fr\/wp-json\/wp\/v2\/tags?post=5229"}],"curies":[{"name":"wp","href":"https:\/\/api.w.org\/{rel}","templated":true}]}}