{"id":52164,"date":"2013-08-31T11:58:54","date_gmt":"2013-08-31T10:58:54","guid":{"rendered":"http:\/\/www.bellunopress.it\/?p=52164"},"modified":"2013-08-31T11:58:54","modified_gmt":"2013-08-31T10:58:54","slug":"coppa-doro-delle-dolomiti-giuliano-cane-il-professionista-del-cronometro-in-testa-dopo-la-prima-tappa","status":"publish","type":"post","link":"https:\/\/www.bellunopress.it\/fr\/2013\/08\/31\/coppa-doro-delle-dolomiti-giuliano-cane-il-professionista-del-cronometro-in-testa-dopo-la-prima-tappa\/","title":{"rendered":"Coppa d\u2019Oro delle Dolomiti. Giuliano Can\u00e8, il professionista del cronometro, in testa dopo la prima tappa"},"content":{"rendered":"<p><a href=\"http:\/\/www.bellunopress.it\/wp-content\/uploads\/2012\/09\/Coppa-dOro-i-vincitori-Can\u00e8-e-Galliani-con-il-trofeo.jpg\"><img loading=\"lazy\" decoding=\"async\" class=\"alignleft size-full wp-image-41636\" alt=\"Coppa d'Oro i vincitori Can\u00e8 e Galliani con il trofeo\" src=\"http:\/\/www.bellunopress.it\/wp-content\/uploads\/2012\/09\/Coppa-dOro-i-vincitori-Can\u00e8-e-Galliani-con-il-trofeo.jpg\" width=\"223\" height=\"290\" \/><\/a>Sono ripartite questa mattina da Merano le auto della Coppa d\u2019Oro delle Dolomiti.\u00a0Al termine dell\u2019ultima tappa, che si \u00e8 conclusa venerd\u00ec sera, risultano in testa Giuliano Can\u00e8, autentico professionista del cronometro, vincitore di 10 edizioni della Millemiglia e 7 della Coppa d\u2019Oro, al volante di una Lancia Aprilia del \u201838.<\/p>\n<p>Al secondo posto l\u2019equipaggio numero 2 composto dal pilota Andrea Vesco e dal co-pilota Andrea Guerini su una Fiat 508 S Balilla sport del \u201934. Al terzo posto della classifica provvisoria Massimo Raimondi e Giovanni Adorni che gareggiano con una Porsche 356 Roadster del 1959.<\/p>\n<p>Gli equipaggi in gara si stanno cimentando con le prove cronometrate,\u00a0tra le quali quelle a Passo Palade, Monte San Pietro, passo Costa Lunga e Passo San Pellegrino.<\/p>\n<p>Dopo la breve sosta pranzo, a Falcade, le auto faranno ritorno a Cortina d\u2019Ampezzo per la tappa finale, che decreter\u00e0 il vincitore dell\u2019edizione 2013.<\/p>\n<p>&nbsp;<\/p>","protected":false},"excerpt":{"rendered":"<p>Sono ripartite questa mattina da Merano le auto della Coppa d\u2019Oro delle Dolomiti.\u00a0Al termine dell\u2019ultima tappa, che si \u00e8 conclusa venerd\u00ec sera, risultano in testa Giuliano Can\u00e8, autentico professionista del cronometro, vincitore di 10 edizioni della Millemiglia e 7 della Coppa d\u2019Oro, al volante di una Lancia Aprilia del \u201838. Al secondo posto l\u2019equipaggio numero [&hellip;]<\/p>\n","protected":false},"author":2,"featured_media":0,"comment_status":"closed","ping_status":"open","sticky":false,"template":"","format":"standard","meta":{"footnotes":""},"categories":[26,4],"tags":[],"class_list":["post-52164","post","type-post","status-publish","format-standard","category-prima-pagina","category-sport"],"yoast_head":"<!-- This site is optimized with the Yoast SEO plugin v28.4 - https:\/\/yoast.com\/product\/yoast-seo-wordpress\/ -->\n<title>Coppa d\u2019Oro delle Dolomiti. Giuliano Can\u00e8, il professionista del cronometro, in testa dopo la prima tappa - Bellunopress - Dolomiti<\/title>\n<meta name=\"robots\" content=\"index, follow, max-snippet:-1, max-image-preview:large, max-video-preview:-1\" \/>\n<link rel=\"canonical\" href=\"https:\/\/www.bellunopress.it\/fr\/2013\/08\/31\/coppa-doro-delle-dolomiti-giuliano-cane-il-professionista-del-cronometro-in-testa-dopo-la-prima-tappa\/\" \/>\n<meta property=\"og:locale\" content=\"fr_FR\" \/>\n<meta property=\"og:type\" content=\"article\" \/>\n<meta property=\"og:title\" content=\"Coppa d\u2019Oro delle Dolomiti. Giuliano Can\u00e8, il professionista del cronometro, in testa dopo la prima tappa - Bellunopress - Dolomiti\" \/>\n<meta property=\"og:description\" content=\"Sono ripartite questa mattina da Merano le auto della Coppa d\u2019Oro delle Dolomiti.\u00a0Al termine dell\u2019ultima tappa, che si \u00e8 conclusa venerd\u00ec sera, risultano in testa Giuliano Can\u00e8, autentico professionista del cronometro, vincitore di 10 edizioni della Millemiglia e 7 della Coppa d\u2019Oro, al volante di una Lancia Aprilia del \u201838. Al secondo posto l\u2019equipaggio numero [&hellip;]\" \/>\n<meta property=\"og:url\" content=\"https:\/\/www.bellunopress.it\/fr\/2013\/08\/31\/coppa-doro-delle-dolomiti-giuliano-cane-il-professionista-del-cronometro-in-testa-dopo-la-prima-tappa\/\" \/>\n<meta property=\"og:site_name\" content=\"Bellunopress - Dolomiti\" \/>\n<meta property=\"article:publisher\" content=\"https:\/\/www.facebook.com\/profile.php?id=100008943462799\" \/>\n<meta property=\"article:published_time\" content=\"2013-08-31T10:58:54+00:00\" \/>\n<meta property=\"og:image\" content=\"http:\/\/www.bellunopress.it\/wp-content\/uploads\/2012\/09\/Coppa-dOro-i-vincitori-Can\u00e8-e-Galliani-con-il-trofeo.jpg\" \/>\n<meta name=\"author\" content=\"redazione\" \/>\n<meta name=\"twitter:card\" content=\"summary_large_image\" \/>\n<meta name=\"twitter:creator\" content=\"@bellunopress\" \/>\n<meta name=\"twitter:site\" content=\"@bellunopress\" \/>\n<meta name=\"twitter:label1\" content=\"\u00c9crit par\" \/>\n\t<meta name=\"twitter:data1\" content=\"redazione\" \/>\n\t<meta name=\"twitter:label2\" content=\"Dur\u00e9e de lecture estim\u00e9e\" \/>\n\t<meta name=\"twitter:data2\" content=\"1 minute\" \/>\n<script type=\"application\/ld+json\" class=\"yoast-schema-graph\">{\"@context\":\"https:\\\/\\\/schema.org\",\"@graph\":[{\"@type\":\"Article\",\"@id\":\"https:\\\/\\\/www.bellunopress.it\\\/2013\\\/08\\\/31\\\/coppa-doro-delle-dolomiti-giuliano-cane-il-professionista-del-cronometro-in-testa-dopo-la-prima-tappa\\\/#article\",\"isPartOf\":{\"@id\":\"https:\\\/\\\/www.bellunopress.it\\\/2013\\\/08\\\/31\\\/coppa-doro-delle-dolomiti-giuliano-cane-il-professionista-del-cronometro-in-testa-dopo-la-prima-tappa\\\/\"},\"author\":{\"name\":\"redazione\",\"@id\":\"https:\\\/\\\/www.bellunopress.it\\\/#\\\/schema\\\/person\\\/79bb06722b37ece1c03d3e94beb30d73\"},\"headline\":\"Coppa d\u2019Oro delle Dolomiti. Giuliano Can\u00e8, il professionista del cronometro, in testa dopo la prima tappa\",\"datePublished\":\"2013-08-31T10:58:54+00:00\",\"mainEntityOfPage\":{\"@id\":\"https:\\\/\\\/www.bellunopress.it\\\/2013\\\/08\\\/31\\\/coppa-doro-delle-dolomiti-giuliano-cane-il-professionista-del-cronometro-in-testa-dopo-la-prima-tappa\\\/\"},\"wordCount\":162,\"publisher\":{\"@id\":\"https:\\\/\\\/www.bellunopress.it\\\/#organization\"},\"articleSection\":[\"Prima Pagina\",\"Sport, tempo libero\"],\"inLanguage\":\"fr-FR\"},{\"@type\":\"WebPage\",\"@id\":\"https:\\\/\\\/www.bellunopress.it\\\/2013\\\/08\\\/31\\\/coppa-doro-delle-dolomiti-giuliano-cane-il-professionista-del-cronometro-in-testa-dopo-la-prima-tappa\\\/\",\"url\":\"https:\\\/\\\/www.bellunopress.it\\\/2013\\\/08\\\/31\\\/coppa-doro-delle-dolomiti-giuliano-cane-il-professionista-del-cronometro-in-testa-dopo-la-prima-tappa\\\/\",\"name\":\"Coppa d\u2019Oro delle Dolomiti. Giuliano Can\u00e8, il professionista del cronometro, in testa dopo la prima tappa - Bellunopress - Dolomiti\",\"isPartOf\":{\"@id\":\"https:\\\/\\\/www.bellunopress.it\\\/#website\"},\"datePublished\":\"2013-08-31T10:58:54+00:00\",\"breadcrumb\":{\"@id\":\"https:\\\/\\\/www.bellunopress.it\\\/2013\\\/08\\\/31\\\/coppa-doro-delle-dolomiti-giuliano-cane-il-professionista-del-cronometro-in-testa-dopo-la-prima-tappa\\\/#breadcrumb\"},\"inLanguage\":\"fr-FR\",\"potentialAction\":[{\"@type\":\"ReadAction\",\"target\":[\"https:\\\/\\\/www.bellunopress.it\\\/2013\\\/08\\\/31\\\/coppa-doro-delle-dolomiti-giuliano-cane-il-professionista-del-cronometro-in-testa-dopo-la-prima-tappa\\\/\"]}]},{\"@type\":\"BreadcrumbList\",\"@id\":\"https:\\\/\\\/www.bellunopress.it\\\/2013\\\/08\\\/31\\\/coppa-doro-delle-dolomiti-giuliano-cane-il-professionista-del-cronometro-in-testa-dopo-la-prima-tappa\\\/#breadcrumb\",\"itemListElement\":[{\"@type\":\"ListItem\",\"position\":1,\"name\":\"Home\",\"item\":\"https:\\\/\\\/www.bellunopress.it\\\/\"},{\"@type\":\"ListItem\",\"position\":2,\"name\":\"Coppa d\u2019Oro delle Dolomiti. Giuliano Can\u00e8, il professionista del cronometro, in testa dopo la prima tappa\"}]},{\"@type\":\"WebSite\",\"@id\":\"https:\\\/\\\/www.bellunopress.it\\\/#website\",\"url\":\"https:\\\/\\\/www.bellunopress.it\\\/\",\"name\":\"Bellunopress - Dolomiti\",\"description\":\"e-mail: redazione@bellunopress.it\",\"publisher\":{\"@id\":\"https:\\\/\\\/www.bellunopress.it\\\/#organization\"},\"potentialAction\":[{\"@type\":\"SearchAction\",\"target\":{\"@type\":\"EntryPoint\",\"urlTemplate\":\"https:\\\/\\\/www.bellunopress.it\\\/?s={search_term_string}\"},\"query-input\":{\"@type\":\"PropertyValueSpecification\",\"valueRequired\":true,\"valueName\":\"search_term_string\"}}],\"inLanguage\":\"fr-FR\"},{\"@type\":\"Organization\",\"@id\":\"https:\\\/\\\/www.bellunopress.it\\\/#organization\",\"name\":\"Bellunopress\",\"url\":\"https:\\\/\\\/www.bellunopress.it\\\/\",\"logo\":{\"@type\":\"ImageObject\",\"inLanguage\":\"fr-FR\",\"@id\":\"https:\\\/\\\/www.bellunopress.it\\\/#\\\/schema\\\/logo\\\/image\\\/\",\"url\":\"https:\\\/\\\/www.bellunopress.it\\\/wp-content\\\/uploads\\\/2011\\\/05\\\/cropped-logo-bellunopress-.jpg\",\"contentUrl\":\"https:\\\/\\\/www.bellunopress.it\\\/wp-content\\\/uploads\\\/2011\\\/05\\\/cropped-logo-bellunopress-.jpg\",\"width\":512,\"height\":512,\"caption\":\"Bellunopress\"},\"image\":{\"@id\":\"https:\\\/\\\/www.bellunopress.it\\\/#\\\/schema\\\/logo\\\/image\\\/\"},\"sameAs\":[\"https:\\\/\\\/www.facebook.com\\\/profile.php?id=100008943462799\",\"https:\\\/\\\/x.com\\\/bellunopress\",\"https:\\\/\\\/www.linkedin.com\\\/hp\\\/?dnr=JBzUWaJfMUw8vbXJJ2tVW5-I3jZKvC4wsoxE&amp;amp;amp;amp;amp;amp;trk=nav_responsive_tab_home\",\"https:\\\/\\\/www.youtube.com\\\/channel\\\/UCxL0wu1uN0_3_7hGG0306cw\"]},{\"@type\":\"Person\",\"@id\":\"https:\\\/\\\/www.bellunopress.it\\\/#\\\/schema\\\/person\\\/79bb06722b37ece1c03d3e94beb30d73\",\"name\":\"redazione\",\"image\":{\"@type\":\"ImageObject\",\"inLanguage\":\"fr-FR\",\"@id\":\"https:\\\/\\\/secure.gravatar.com\\\/avatar\\\/37d968a2e67a6fd04c169c4bdef102d0bc5d31b2546345219e348575eb80e9a0?s=96&d=mm&r=g\",\"url\":\"https:\\\/\\\/secure.gravatar.com\\\/avatar\\\/37d968a2e67a6fd04c169c4bdef102d0bc5d31b2546345219e348575eb80e9a0?s=96&d=mm&r=g\",\"contentUrl\":\"https:\\\/\\\/secure.gravatar.com\\\/avatar\\\/37d968a2e67a6fd04c169c4bdef102d0bc5d31b2546345219e348575eb80e9a0?s=96&d=mm&r=g\",\"caption\":\"redazione\"},\"sameAs\":[\"http:\\\/\\\/www.bellunopress.it\",\"https:\\\/\\\/x.com\\\/bellunopress\"],\"url\":\"https:\\\/\\\/www.bellunopress.it\\\/fr\\\/author\\\/redazione\\\/\"}]}<\/script>\n<!-- \/ Yoast SEO plugin. -->","yoast_head_json":{"title":"Coppa d\u2019Oro delle Dolomiti. Giuliano Can\u00e8, il professionista del cronometro, in testa dopo la prima tappa - Bellunopress - Dolomiti","robots":{"index":"index","follow":"follow","max-snippet":"max-snippet:-1","max-image-preview":"max-image-preview:large","max-video-preview":"max-video-preview:-1"},"canonical":"https:\/\/www.bellunopress.it\/fr\/2013\/08\/31\/coppa-doro-delle-dolomiti-giuliano-cane-il-professionista-del-cronometro-in-testa-dopo-la-prima-tappa\/","og_locale":"fr_FR","og_type":"article","og_title":"Coppa d\u2019Oro delle Dolomiti. Giuliano Can\u00e8, il professionista del cronometro, in testa dopo la prima tappa - Bellunopress - Dolomiti","og_description":"Sono ripartite questa mattina da Merano le auto della Coppa d\u2019Oro delle Dolomiti.\u00a0Al termine dell\u2019ultima tappa, che si \u00e8 conclusa venerd\u00ec sera, risultano in testa Giuliano Can\u00e8, autentico professionista del cronometro, vincitore di 10 edizioni della Millemiglia e 7 della Coppa d\u2019Oro, al volante di una Lancia Aprilia del \u201838. Al secondo posto l\u2019equipaggio numero [&hellip;]","og_url":"https:\/\/www.bellunopress.it\/fr\/2013\/08\/31\/coppa-doro-delle-dolomiti-giuliano-cane-il-professionista-del-cronometro-in-testa-dopo-la-prima-tappa\/","og_site_name":"Bellunopress - Dolomiti","article_publisher":"https:\/\/www.facebook.com\/profile.php?id=100008943462799","article_published_time":"2013-08-31T10:58:54+00:00","og_image":[{"url":"http:\/\/www.bellunopress.it\/wp-content\/uploads\/2012\/09\/Coppa-dOro-i-vincitori-Can\u00e8-e-Galliani-con-il-trofeo.jpg","type":"","width":"","height":""}],"author":"redazione","twitter_card":"summary_large_image","twitter_creator":"@bellunopress","twitter_site":"@bellunopress","twitter_misc":{"\u00c9crit par":"redazione","Dur\u00e9e de lecture estim\u00e9e":"1 minute"},"schema":{"@context":"https:\/\/schema.org","@graph":[{"@type":"Article","@id":"https:\/\/www.bellunopress.it\/2013\/08\/31\/coppa-doro-delle-dolomiti-giuliano-cane-il-professionista-del-cronometro-in-testa-dopo-la-prima-tappa\/#article","isPartOf":{"@id":"https:\/\/www.bellunopress.it\/2013\/08\/31\/coppa-doro-delle-dolomiti-giuliano-cane-il-professionista-del-cronometro-in-testa-dopo-la-prima-tappa\/"},"author":{"name":"redazione","@id":"https:\/\/www.bellunopress.it\/#\/schema\/person\/79bb06722b37ece1c03d3e94beb30d73"},"headline":"Coppa d\u2019Oro delle Dolomiti. Giuliano Can\u00e8, il professionista del cronometro, in testa dopo la prima tappa","datePublished":"2013-08-31T10:58:54+00:00","mainEntityOfPage":{"@id":"https:\/\/www.bellunopress.it\/2013\/08\/31\/coppa-doro-delle-dolomiti-giuliano-cane-il-professionista-del-cronometro-in-testa-dopo-la-prima-tappa\/"},"wordCount":162,"publisher":{"@id":"https:\/\/www.bellunopress.it\/#organization"},"articleSection":["Prima Pagina","Sport, tempo libero"],"inLanguage":"fr-FR"},{"@type":"WebPage","@id":"https:\/\/www.bellunopress.it\/2013\/08\/31\/coppa-doro-delle-dolomiti-giuliano-cane-il-professionista-del-cronometro-in-testa-dopo-la-prima-tappa\/","url":"https:\/\/www.bellunopress.it\/2013\/08\/31\/coppa-doro-delle-dolomiti-giuliano-cane-il-professionista-del-cronometro-in-testa-dopo-la-prima-tappa\/","name":"Coppa d\u2019Oro delle Dolomiti. Giuliano Can\u00e8, il professionista del cronometro, in testa dopo la prima tappa - Bellunopress - Dolomiti","isPartOf":{"@id":"https:\/\/www.bellunopress.it\/#website"},"datePublished":"2013-08-31T10:58:54+00:00","breadcrumb":{"@id":"https:\/\/www.bellunopress.it\/2013\/08\/31\/coppa-doro-delle-dolomiti-giuliano-cane-il-professionista-del-cronometro-in-testa-dopo-la-prima-tappa\/#breadcrumb"},"inLanguage":"fr-FR","potentialAction":[{"@type":"ReadAction","target":["https:\/\/www.bellunopress.it\/2013\/08\/31\/coppa-doro-delle-dolomiti-giuliano-cane-il-professionista-del-cronometro-in-testa-dopo-la-prima-tappa\/"]}]},{"@type":"BreadcrumbList","@id":"https:\/\/www.bellunopress.it\/2013\/08\/31\/coppa-doro-delle-dolomiti-giuliano-cane-il-professionista-del-cronometro-in-testa-dopo-la-prima-tappa\/#breadcrumb","itemListElement":[{"@type":"ListItem","position":1,"name":"Home","item":"https:\/\/www.bellunopress.it\/"},{"@type":"ListItem","position":2,"name":"Coppa d\u2019Oro delle Dolomiti. Giuliano Can\u00e8, il professionista del cronometro, in testa dopo la prima tappa"}]},{"@type":"WebSite","@id":"https:\/\/www.bellunopress.it\/#website","url":"https:\/\/www.bellunopress.it\/","name":"Bellunopress - Dolomiti","description":"e-mail: redazione@bellunopress.it","publisher":{"@id":"https:\/\/www.bellunopress.it\/#organization"},"potentialAction":[{"@type":"SearchAction","target":{"@type":"EntryPoint","urlTemplate":"https:\/\/www.bellunopress.it\/?s={search_term_string}"},"query-input":{"@type":"PropertyValueSpecification","valueRequired":true,"valueName":"search_term_string"}}],"inLanguage":"fr-FR"},{"@type":"Organization","@id":"https:\/\/www.bellunopress.it\/#organization","name":"Bellunopress","url":"https:\/\/www.bellunopress.it\/","logo":{"@type":"ImageObject","inLanguage":"fr-FR","@id":"https:\/\/www.bellunopress.it\/#\/schema\/logo\/image\/","url":"https:\/\/www.bellunopress.it\/wp-content\/uploads\/2011\/05\/cropped-logo-bellunopress-.jpg","contentUrl":"https:\/\/www.bellunopress.it\/wp-content\/uploads\/2011\/05\/cropped-logo-bellunopress-.jpg","width":512,"height":512,"caption":"Bellunopress"},"image":{"@id":"https:\/\/www.bellunopress.it\/#\/schema\/logo\/image\/"},"sameAs":["https:\/\/www.facebook.com\/profile.php?id=100008943462799","https:\/\/x.com\/bellunopress","https:\/\/www.linkedin.com\/hp\/?dnr=JBzUWaJfMUw8vbXJJ2tVW5-I3jZKvC4wsoxE&amp;amp;amp;amp;amp;amp;trk=nav_responsive_tab_home","https:\/\/www.youtube.com\/channel\/UCxL0wu1uN0_3_7hGG0306cw"]},{"@type":"Person","@id":"https:\/\/www.bellunopress.it\/#\/schema\/person\/79bb06722b37ece1c03d3e94beb30d73","name":"r\u00e9daction","image":{"@type":"ImageObject","inLanguage":"fr-FR","@id":"https:\/\/secure.gravatar.com\/avatar\/37d968a2e67a6fd04c169c4bdef102d0bc5d31b2546345219e348575eb80e9a0?s=96&d=mm&r=g","url":"https:\/\/secure.gravatar.com\/avatar\/37d968a2e67a6fd04c169c4bdef102d0bc5d31b2546345219e348575eb80e9a0?s=96&d=mm&r=g","contentUrl":"https:\/\/secure.gravatar.com\/avatar\/37d968a2e67a6fd04c169c4bdef102d0bc5d31b2546345219e348575eb80e9a0?s=96&d=mm&r=g","caption":"redazione"},"sameAs":["http:\/\/www.bellunopress.it","https:\/\/x.com\/bellunopress"],"url":"https:\/\/www.bellunopress.it\/fr\/author\/redazione\/"}]}},"_links":{"self":[{"href":"https:\/\/www.bellunopress.it\/fr\/wp-json\/wp\/v2\/posts\/52164","targetHints":{"allow":["GET"]}}],"collection":[{"href":"https:\/\/www.bellunopress.it\/fr\/wp-json\/wp\/v2\/posts"}],"about":[{"href":"https:\/\/www.bellunopress.it\/fr\/wp-json\/wp\/v2\/types\/post"}],"author":[{"embeddable":true,"href":"https:\/\/www.bellunopress.it\/fr\/wp-json\/wp\/v2\/users\/2"}],"replies":[{"embeddable":true,"href":"https:\/\/www.bellunopress.it\/fr\/wp-json\/wp\/v2\/comments?post=52164"}],"version-history":[{"count":1,"href":"https:\/\/www.bellunopress.it\/fr\/wp-json\/wp\/v2\/posts\/52164\/revisions"}],"predecessor-version":[{"id":52165,"href":"https:\/\/www.bellunopress.it\/fr\/wp-json\/wp\/v2\/posts\/52164\/revisions\/52165"}],"wp:attachment":[{"href":"https:\/\/www.bellunopress.it\/fr\/wp-json\/wp\/v2\/media?parent=52164"}],"wp:term":[{"taxonomy":"category","embeddable":true,"href":"https:\/\/www.bellunopress.it\/fr\/wp-json\/wp\/v2\/categories?post=52164"},{"taxonomy":"post_tag","embeddable":true,"href":"https:\/\/www.bellunopress.it\/fr\/wp-json\/wp\/v2\/tags?post=52164"}],"curies":[{"name":"wp","href":"https:\/\/api.w.org\/{rel}","templated":true}]}}