{"id":5216,"date":"2009-06-21T12:09:53","date_gmt":"2009-06-21T11:09:53","guid":{"rendered":"http:\/\/www.bellunopress.it\/?p=5216"},"modified":"2009-06-21T12:11:44","modified_gmt":"2009-06-21T11:11:44","slug":"le-dolomiti-abbracciano-lafrica-anche-bono-vox-e-gianfranco-fini-attesi-sulle-tre-cime-di-lavaredo","status":"publish","type":"post","link":"https:\/\/www.bellunopress.it\/fr\/2009\/06\/21\/le-dolomiti-abbracciano-lafrica-anche-bono-vox-e-gianfranco-fini-attesi-sulle-tre-cime-di-lavaredo\/","title":{"rendered":"Le Dolomiti abbracciano l&#8217;Africa: anche Bono vox e Gianfranco Fini attesi sulle Tre Cime di Lavaredo"},"content":{"rendered":"<p><a href=\"http:\/\/www.bellunopress.it\/wp-content\/uploads\/2009\/06\/tre-cime-tramontp.jpg\"><img loading=\"lazy\" decoding=\"async\" class=\"alignleft size-medium wp-image-5217\" title=\"tre-cime-tramontp\" src=\"http:\/\/www.bellunopress.it\/wp-content\/uploads\/2009\/06\/tre-cime-tramontp-300x219.jpg\" alt=\"\" width=\"300\" height=\"219\" srcset=\"https:\/\/www.bellunopress.it\/wp-content\/uploads\/2009\/06\/tre-cime-tramontp-300x219.jpg 300w, https:\/\/www.bellunopress.it\/wp-content\/uploads\/2009\/06\/tre-cime-tramontp.jpg 500w\" sizes=\"auto, (max-width: 300px) 100vw, 300px\" \/><\/a>12.000 strette di mano per lanciare un forte messaggio al prossimo G8 dell\u2019Aquila.\u00a0 Domenica 5 luglio 6.000 persone si prenderanno per mano fino a formare una lunga catena umana attorno alle Tre Cime di Lavaredo, le cime emerse dall\u2019incontro tra Africa ed Europa.\u00a0 Tra gli invitati pi\u00f9 noti il Presidente della Camera Gianfranco Fini e il cantante degli U2 Bono. Una catena umana che abbraccia le Tre Cime di Lavaredo per sensibilizzare l\u2019opinione pubblica e ricordare al mondo l\u2019estrema condizione di povert\u00e0 del continente africano. Questo il grande evento del prossimo 5 luglio che \u00e8 stato presentato ieri mattina in conferenza stampa presso la sala consigliare del municipio del comune di Auronzo. Presenti le amministrazioni dei tre comuni che hanno abbracciato il progetto: Auronzo, Dobbiaco e Cortina d\u2019Ampezzo. \u201cUn primo obiettivo \u00e8 gi\u00e0 stato raggiunto\u201d \u2013 ha esordito il sindaco di Auronzo Bruno Zandegiacomo \u2013 \u201ci comuni si sono uniti per collaborare a un\u2019iniziativa che mette al centro il territorio, lasciando da parte campanilismi e confini geografici, per abbracciare un evento dal grande valore simbolico e lanciare un messaggio di solidariet\u00e0\u201d.\u00a0 \u201cLa trasversalit\u00e0 dell\u2019iniziativa e la condivisione \u00e8 indispensabile per garantire il successo dell\u2019evento e portare alle Tre Cime di Lavaredo il 5 luglio oltre 6.000 persone.\u201d \u2013 ha proseguito Guido Bocher, Assessore alla Cultura del Comune di Dobbiaco. Della stessa opinione anche il sindaco di cortina Andrea Franceschi: \u201cCortina ha accolto con entusiasmo l\u2019evento: un\u2019iniziativa forte, dal grande valore simbolico che unisce le zone delle Dolomiti, aprendo la strada alla collaborazione tra Comuni, Associazioni e Aziende per raggiungere obiettivi che sono di tutti\u201d. L\u2019iniziativa, promossa dall\u2019Ong \u201cInsieme si pu\u00f2\u201d si propone di coinvolgere Associazioni, enti, gruppi, movimenti e persone singole a quello che \u00e8 stato definito un evento \u2018storico\u2019 di impegno, solidariet\u00e0 e mobilitazione per una responsabilit\u00e0 condivisa. 12.000 mani si stringeranno per ricordare ai governi del G8, che si riuniranno dall\u20198 al 10 luglio, di mantenere fede alle promesse e agli impegni sottoscritti nei confronti del Sud del Mondo e in particolare verso il continente africano dove, ogni giorno, 30.000 esseri umani muoiono di fame.<br \/>\n\u201cLe Dolomiti sono nate grazie all\u2019incontro tra Europa e Africa: queste le motivazioni alla base della scelta delle Tre Cime di Lavaredo come location dell\u2019evento\u201d \u2013 ha spiegato Daniele Giuffredo, responsabile per Insieme si Pu\u00f2 dell\u2019iniziativa &#8211;\u00a0 \u201cLa montagna diventa cos\u00ec simbolo di unione e non, come solitamente viene interpretata, di divisione. L\u2019obiettivo \u00e8 quello di parlare al mondo e lanciare un grido di pace corale. Tante sono le iniziative collaterali a contorno dell\u2019evento: gli Scout di Auronzo divideranno un grande masso in tanti piccoli sassolini che verranno consegnati a ogni partecipante, testimonianza concreta di un messaggio da portare sempre appresso e diffondere. E\u2019 nostra intenzione inoltre raccogliere le voci dei 6.000 partecipanti che verranno in seguito condensate in dei CD da consegnare ai Rappresentanti di Stato e di Governo del G8, per ricordare ai grandi del mondo la necessit\u00e0 di un impegno concreto verso l\u2019Africa. Insieme si pu\u00f2 sta lavorando anche \u2013 ha concluso Giuffredo \u2013 per sensibilizzare tutti i comuni ha spegnere per una notte le luci di tutti i monumenti pubblici. Un\u2019azione di forte impatto simbolico: ogni luce spenta rappresenta una vita persa nel terzo mondo a causa della povert\u00e0\u201d.<br \/>\nIrma Visalli, Assessore provinciale, ha ricordato lo stretto legame tra natura e umanit\u00e0: \u201cL\u2019etica, la responsabilit\u00e0 e la solidariet\u00e0 sono valori umani che contribuiscano a valorizzare il nostro patrimonio naturale. E\u2019 anche grazie al rapporto uomo\/natura e alla costante interazione tra questi due elementi che le Dolomiti sono oggi candidate a diventare Patrimonio dell\u2019Unesco. Anche per questo l\u2019Amministrazione Provinciale sostiene questo evento che porta sul territorio umanit\u00e0\u201d. L\u2019appuntamento del 5 luglio ha incontrato anche il supporto dell\u2019artista Fabio Vettori che ha realizzato l\u2019immagine di poster e volantini: le Tre Cime di Lavaredo in primo piano, abbracciate da 6.000 formichine: punto di unione e collegamento tra i disegni sullo sfondo, l\u2019Africa da una parte e il G8 dall\u2019altra.<br \/>\nUn primo aggiornamento sar\u00e0 dato in conferenza stampa luned\u00ec 22 giugno a Belluno. A seguire la conferenza di Roma di mercoled\u00ec 24 giugno con un collegamento con la Fondazione Rita Levi di Montalcini. Tra i partecipanti pi\u00f9 noti che dovrebbero arrivare sulle Dolomiti anche Gianfranco Fini e il cantante degli U2 Bono. Evento patrocinato da: Camera dei Deputati della Repubblica Italia, Regione del Veneto, Provincia di Belluno, Provincia di Bolzano, Comune di Dobbiaco, Comune di Cortina d\u2019Ampezzo, CAI, UNCEM, Comunit\u00e0 Montana del Centro Cadore.\u00a0 Info: www.dolomitiafricag8.it \/ org o nella pagina di Facebook \u201cG8-Le Dolomiti abbracciano l\u2019Africa\u201d.<\/p>","protected":false},"excerpt":{"rendered":"<p>12.000 strette di mano per lanciare un forte messaggio al prossimo G8 dell\u2019Aquila.\u00a0 Domenica 5 luglio 6.000 persone si prenderanno per mano fino a formare una lunga catena umana attorno alle Tre Cime di Lavaredo, le cime emerse dall\u2019incontro tra Africa ed Europa.\u00a0 Tra gli invitati pi\u00f9 noti il Presidente della Camera Gianfranco Fini e [&hellip;]<\/p>\n","protected":false},"author":2,"featured_media":0,"comment_status":"closed","ping_status":"open","sticky":false,"template":"","format":"standard","meta":{"footnotes":""},"categories":[5,26,8],"tags":[139,151,63],"class_list":["post-5216","post","type-post","status-publish","format-standard","category-cronaca","category-prima-pagina","category-societa-istituzioni","tag-belluno","tag-cadore","tag-dolomiti"],"yoast_head":"<!-- This site is optimized with the Yoast SEO plugin v28.4 - https:\/\/yoast.com\/product\/yoast-seo-wordpress\/ -->\n<title>Le Dolomiti abbracciano l&#039;Africa: anche Bono vox e Gianfranco Fini attesi sulle Tre Cime di Lavaredo - Bellunopress - Dolomiti<\/title>\n<meta name=\"robots\" content=\"index, follow, max-snippet:-1, max-image-preview:large, max-video-preview:-1\" \/>\n<link rel=\"canonical\" href=\"https:\/\/www.bellunopress.it\/fr\/2009\/06\/21\/le-dolomiti-abbracciano-lafrica-anche-bono-vox-e-gianfranco-fini-attesi-sulle-tre-cime-di-lavaredo\/\" \/>\n<meta property=\"og:locale\" content=\"fr_FR\" \/>\n<meta property=\"og:type\" content=\"article\" \/>\n<meta property=\"og:title\" content=\"Le Dolomiti abbracciano l&#039;Africa: anche Bono vox e Gianfranco Fini attesi sulle Tre Cime di Lavaredo - Bellunopress - Dolomiti\" \/>\n<meta property=\"og:description\" content=\"12.000 strette di mano per lanciare un forte messaggio al prossimo G8 dell\u2019Aquila.\u00a0 Domenica 5 luglio 6.000 persone si prenderanno per mano fino a formare una lunga catena umana attorno alle Tre Cime di Lavaredo, le cime emerse dall\u2019incontro tra Africa ed Europa.\u00a0 Tra gli invitati pi\u00f9 noti il Presidente della Camera Gianfranco Fini e [&hellip;]\" \/>\n<meta property=\"og:url\" content=\"https:\/\/www.bellunopress.it\/fr\/2009\/06\/21\/le-dolomiti-abbracciano-lafrica-anche-bono-vox-e-gianfranco-fini-attesi-sulle-tre-cime-di-lavaredo\/\" \/>\n<meta property=\"og:site_name\" content=\"Bellunopress - Dolomiti\" \/>\n<meta property=\"article:publisher\" content=\"https:\/\/www.facebook.com\/profile.php?id=100008943462799\" \/>\n<meta property=\"article:published_time\" content=\"2009-06-21T11:09:53+00:00\" \/>\n<meta property=\"article:modified_time\" content=\"2009-06-21T11:11:44+00:00\" \/>\n<meta property=\"og:image\" content=\"http:\/\/www.bellunopress.it\/wp-content\/uploads\/2009\/06\/tre-cime-tramontp-300x219.jpg\" \/>\n<meta name=\"author\" content=\"redazione\" \/>\n<meta name=\"twitter:card\" content=\"summary_large_image\" \/>\n<meta name=\"twitter:creator\" content=\"@bellunopress\" \/>\n<meta name=\"twitter:site\" content=\"@bellunopress\" \/>\n<meta name=\"twitter:label1\" content=\"Written by\" \/>\n\t<meta name=\"twitter:data1\" content=\"redazione\" \/>\n\t<meta name=\"twitter:label2\" content=\"Est. reading time\" \/>\n\t<meta name=\"twitter:data2\" content=\"4 minutes\" \/>\n<script type=\"application\/ld+json\" class=\"yoast-schema-graph\">{\"@context\":\"https:\\\/\\\/schema.org\",\"@graph\":[{\"@type\":\"Article\",\"@id\":\"https:\\\/\\\/www.bellunopress.it\\\/2009\\\/06\\\/21\\\/le-dolomiti-abbracciano-lafrica-anche-bono-vox-e-gianfranco-fini-attesi-sulle-tre-cime-di-lavaredo\\\/#article\",\"isPartOf\":{\"@id\":\"https:\\\/\\\/www.bellunopress.it\\\/2009\\\/06\\\/21\\\/le-dolomiti-abbracciano-lafrica-anche-bono-vox-e-gianfranco-fini-attesi-sulle-tre-cime-di-lavaredo\\\/\"},\"author\":{\"name\":\"redazione\",\"@id\":\"https:\\\/\\\/www.bellunopress.it\\\/#\\\/schema\\\/person\\\/79bb06722b37ece1c03d3e94beb30d73\"},\"headline\":\"Le Dolomiti abbracciano l&#8217;Africa: anche Bono vox e Gianfranco Fini attesi sulle Tre Cime di Lavaredo\",\"datePublished\":\"2009-06-21T11:09:53+00:00\",\"dateModified\":\"2009-06-21T11:11:44+00:00\",\"mainEntityOfPage\":{\"@id\":\"https:\\\/\\\/www.bellunopress.it\\\/2009\\\/06\\\/21\\\/le-dolomiti-abbracciano-lafrica-anche-bono-vox-e-gianfranco-fini-attesi-sulle-tre-cime-di-lavaredo\\\/\"},\"wordCount\":778,\"publisher\":{\"@id\":\"https:\\\/\\\/www.bellunopress.it\\\/#organization\"},\"image\":{\"@id\":\"https:\\\/\\\/www.bellunopress.it\\\/2009\\\/06\\\/21\\\/le-dolomiti-abbracciano-lafrica-anche-bono-vox-e-gianfranco-fini-attesi-sulle-tre-cime-di-lavaredo\\\/#primaryimage\"},\"thumbnailUrl\":\"http:\\\/\\\/www.bellunopress.it\\\/wp-content\\\/uploads\\\/2009\\\/06\\\/tre-cime-tramontp-300x219.jpg\",\"keywords\":[\"Belluno\",\"Cadore\",\"Dolomiti\"],\"articleSection\":[\"Cronaca\\\/Politica\",\"Prima Pagina\",\"Societ\u00e0, Associazioni, Istituzioni\"],\"inLanguage\":\"fr-FR\"},{\"@type\":\"WebPage\",\"@id\":\"https:\\\/\\\/www.bellunopress.it\\\/2009\\\/06\\\/21\\\/le-dolomiti-abbracciano-lafrica-anche-bono-vox-e-gianfranco-fini-attesi-sulle-tre-cime-di-lavaredo\\\/\",\"url\":\"https:\\\/\\\/www.bellunopress.it\\\/2009\\\/06\\\/21\\\/le-dolomiti-abbracciano-lafrica-anche-bono-vox-e-gianfranco-fini-attesi-sulle-tre-cime-di-lavaredo\\\/\",\"name\":\"Le Dolomiti abbracciano l'Africa: anche Bono vox e Gianfranco Fini attesi sulle Tre Cime di Lavaredo - Bellunopress - Dolomiti\",\"isPartOf\":{\"@id\":\"https:\\\/\\\/www.bellunopress.it\\\/#website\"},\"primaryImageOfPage\":{\"@id\":\"https:\\\/\\\/www.bellunopress.it\\\/2009\\\/06\\\/21\\\/le-dolomiti-abbracciano-lafrica-anche-bono-vox-e-gianfranco-fini-attesi-sulle-tre-cime-di-lavaredo\\\/#primaryimage\"},\"image\":{\"@id\":\"https:\\\/\\\/www.bellunopress.it\\\/2009\\\/06\\\/21\\\/le-dolomiti-abbracciano-lafrica-anche-bono-vox-e-gianfranco-fini-attesi-sulle-tre-cime-di-lavaredo\\\/#primaryimage\"},\"thumbnailUrl\":\"http:\\\/\\\/www.bellunopress.it\\\/wp-content\\\/uploads\\\/2009\\\/06\\\/tre-cime-tramontp-300x219.jpg\",\"datePublished\":\"2009-06-21T11:09:53+00:00\",\"dateModified\":\"2009-06-21T11:11:44+00:00\",\"breadcrumb\":{\"@id\":\"https:\\\/\\\/www.bellunopress.it\\\/2009\\\/06\\\/21\\\/le-dolomiti-abbracciano-lafrica-anche-bono-vox-e-gianfranco-fini-attesi-sulle-tre-cime-di-lavaredo\\\/#breadcrumb\"},\"inLanguage\":\"fr-FR\",\"potentialAction\":[{\"@type\":\"ReadAction\",\"target\":[\"https:\\\/\\\/www.bellunopress.it\\\/2009\\\/06\\\/21\\\/le-dolomiti-abbracciano-lafrica-anche-bono-vox-e-gianfranco-fini-attesi-sulle-tre-cime-di-lavaredo\\\/\"]}]},{\"@type\":\"ImageObject\",\"inLanguage\":\"fr-FR\",\"@id\":\"https:\\\/\\\/www.bellunopress.it\\\/2009\\\/06\\\/21\\\/le-dolomiti-abbracciano-lafrica-anche-bono-vox-e-gianfranco-fini-attesi-sulle-tre-cime-di-lavaredo\\\/#primaryimage\",\"url\":\"http:\\\/\\\/www.bellunopress.it\\\/wp-content\\\/uploads\\\/2009\\\/06\\\/tre-cime-tramontp-300x219.jpg\",\"contentUrl\":\"http:\\\/\\\/www.bellunopress.it\\\/wp-content\\\/uploads\\\/2009\\\/06\\\/tre-cime-tramontp-300x219.jpg\"},{\"@type\":\"BreadcrumbList\",\"@id\":\"https:\\\/\\\/www.bellunopress.it\\\/2009\\\/06\\\/21\\\/le-dolomiti-abbracciano-lafrica-anche-bono-vox-e-gianfranco-fini-attesi-sulle-tre-cime-di-lavaredo\\\/#breadcrumb\",\"itemListElement\":[{\"@type\":\"ListItem\",\"position\":1,\"name\":\"Home\",\"item\":\"https:\\\/\\\/www.bellunopress.it\\\/\"},{\"@type\":\"ListItem\",\"position\":2,\"name\":\"Le Dolomiti abbracciano l&#8217;Africa: anche Bono vox e Gianfranco Fini attesi sulle Tre Cime di Lavaredo\"}]},{\"@type\":\"WebSite\",\"@id\":\"https:\\\/\\\/www.bellunopress.it\\\/#website\",\"url\":\"https:\\\/\\\/www.bellunopress.it\\\/\",\"name\":\"Bellunopress - Dolomiti\",\"description\":\"e-mail: redazione@bellunopress.it\",\"publisher\":{\"@id\":\"https:\\\/\\\/www.bellunopress.it\\\/#organization\"},\"potentialAction\":[{\"@type\":\"SearchAction\",\"target\":{\"@type\":\"EntryPoint\",\"urlTemplate\":\"https:\\\/\\\/www.bellunopress.it\\\/?s={search_term_string}\"},\"query-input\":{\"@type\":\"PropertyValueSpecification\",\"valueRequired\":true,\"valueName\":\"search_term_string\"}}],\"inLanguage\":\"fr-FR\"},{\"@type\":\"Organization\",\"@id\":\"https:\\\/\\\/www.bellunopress.it\\\/#organization\",\"name\":\"Bellunopress\",\"url\":\"https:\\\/\\\/www.bellunopress.it\\\/\",\"logo\":{\"@type\":\"ImageObject\",\"inLanguage\":\"fr-FR\",\"@id\":\"https:\\\/\\\/www.bellunopress.it\\\/#\\\/schema\\\/logo\\\/image\\\/\",\"url\":\"https:\\\/\\\/www.bellunopress.it\\\/wp-content\\\/uploads\\\/2011\\\/05\\\/cropped-logo-bellunopress-.jpg\",\"contentUrl\":\"https:\\\/\\\/www.bellunopress.it\\\/wp-content\\\/uploads\\\/2011\\\/05\\\/cropped-logo-bellunopress-.jpg\",\"width\":512,\"height\":512,\"caption\":\"Bellunopress\"},\"image\":{\"@id\":\"https:\\\/\\\/www.bellunopress.it\\\/#\\\/schema\\\/logo\\\/image\\\/\"},\"sameAs\":[\"https:\\\/\\\/www.facebook.com\\\/profile.php?id=100008943462799\",\"https:\\\/\\\/x.com\\\/bellunopress\",\"https:\\\/\\\/www.linkedin.com\\\/hp\\\/?dnr=JBzUWaJfMUw8vbXJJ2tVW5-I3jZKvC4wsoxE&amp;amp;amp;amp;amp;amp;trk=nav_responsive_tab_home\",\"https:\\\/\\\/www.youtube.com\\\/channel\\\/UCxL0wu1uN0_3_7hGG0306cw\"]},{\"@type\":\"Person\",\"@id\":\"https:\\\/\\\/www.bellunopress.it\\\/#\\\/schema\\\/person\\\/79bb06722b37ece1c03d3e94beb30d73\",\"name\":\"redazione\",\"image\":{\"@type\":\"ImageObject\",\"inLanguage\":\"fr-FR\",\"@id\":\"https:\\\/\\\/secure.gravatar.com\\\/avatar\\\/37d968a2e67a6fd04c169c4bdef102d0bc5d31b2546345219e348575eb80e9a0?s=96&d=mm&r=g\",\"url\":\"https:\\\/\\\/secure.gravatar.com\\\/avatar\\\/37d968a2e67a6fd04c169c4bdef102d0bc5d31b2546345219e348575eb80e9a0?s=96&d=mm&r=g\",\"contentUrl\":\"https:\\\/\\\/secure.gravatar.com\\\/avatar\\\/37d968a2e67a6fd04c169c4bdef102d0bc5d31b2546345219e348575eb80e9a0?s=96&d=mm&r=g\",\"caption\":\"redazione\"},\"sameAs\":[\"http:\\\/\\\/www.bellunopress.it\",\"https:\\\/\\\/x.com\\\/bellunopress\"],\"url\":\"https:\\\/\\\/www.bellunopress.it\\\/fr\\\/author\\\/redazione\\\/\"}]}<\/script>\n<!-- \/ Yoast SEO plugin. -->","yoast_head_json":{"title":"Le Dolomiti abbracciano l'Africa: anche Bono vox e Gianfranco Fini attesi sulle Tre Cime di Lavaredo - Bellunopress - Dolomiti","robots":{"index":"index","follow":"follow","max-snippet":"max-snippet:-1","max-image-preview":"max-image-preview:large","max-video-preview":"max-video-preview:-1"},"canonical":"https:\/\/www.bellunopress.it\/fr\/2009\/06\/21\/le-dolomiti-abbracciano-lafrica-anche-bono-vox-e-gianfranco-fini-attesi-sulle-tre-cime-di-lavaredo\/","og_locale":"fr_FR","og_type":"article","og_title":"Le Dolomiti abbracciano l'Africa: anche Bono vox e Gianfranco Fini attesi sulle Tre Cime di Lavaredo - Bellunopress - Dolomiti","og_description":"12.000 strette di mano per lanciare un forte messaggio al prossimo G8 dell\u2019Aquila.\u00a0 Domenica 5 luglio 6.000 persone si prenderanno per mano fino a formare una lunga catena umana attorno alle Tre Cime di Lavaredo, le cime emerse dall\u2019incontro tra Africa ed Europa.\u00a0 Tra gli invitati pi\u00f9 noti il Presidente della Camera Gianfranco Fini e [&hellip;]","og_url":"https:\/\/www.bellunopress.it\/fr\/2009\/06\/21\/le-dolomiti-abbracciano-lafrica-anche-bono-vox-e-gianfranco-fini-attesi-sulle-tre-cime-di-lavaredo\/","og_site_name":"Bellunopress - Dolomiti","article_publisher":"https:\/\/www.facebook.com\/profile.php?id=100008943462799","article_published_time":"2009-06-21T11:09:53+00:00","article_modified_time":"2009-06-21T11:11:44+00:00","og_image":[{"url":"http:\/\/www.bellunopress.it\/wp-content\/uploads\/2009\/06\/tre-cime-tramontp-300x219.jpg","type":"","width":"","height":""}],"author":"redazione","twitter_card":"summary_large_image","twitter_creator":"@bellunopress","twitter_site":"@bellunopress","twitter_misc":{"Written by":"redazione","Est. reading time":"4 minutes"},"schema":{"@context":"https:\/\/schema.org","@graph":[{"@type":"Article","@id":"https:\/\/www.bellunopress.it\/2009\/06\/21\/le-dolomiti-abbracciano-lafrica-anche-bono-vox-e-gianfranco-fini-attesi-sulle-tre-cime-di-lavaredo\/#article","isPartOf":{"@id":"https:\/\/www.bellunopress.it\/2009\/06\/21\/le-dolomiti-abbracciano-lafrica-anche-bono-vox-e-gianfranco-fini-attesi-sulle-tre-cime-di-lavaredo\/"},"author":{"name":"redazione","@id":"https:\/\/www.bellunopress.it\/#\/schema\/person\/79bb06722b37ece1c03d3e94beb30d73"},"headline":"Le Dolomiti abbracciano l&#8217;Africa: anche Bono vox e Gianfranco Fini attesi sulle Tre Cime di Lavaredo","datePublished":"2009-06-21T11:09:53+00:00","dateModified":"2009-06-21T11:11:44+00:00","mainEntityOfPage":{"@id":"https:\/\/www.bellunopress.it\/2009\/06\/21\/le-dolomiti-abbracciano-lafrica-anche-bono-vox-e-gianfranco-fini-attesi-sulle-tre-cime-di-lavaredo\/"},"wordCount":778,"publisher":{"@id":"https:\/\/www.bellunopress.it\/#organization"},"image":{"@id":"https:\/\/www.bellunopress.it\/2009\/06\/21\/le-dolomiti-abbracciano-lafrica-anche-bono-vox-e-gianfranco-fini-attesi-sulle-tre-cime-di-lavaredo\/#primaryimage"},"thumbnailUrl":"http:\/\/www.bellunopress.it\/wp-content\/uploads\/2009\/06\/tre-cime-tramontp-300x219.jpg","keywords":["Belluno","Cadore","Dolomiti"],"articleSection":["Cronaca\/Politica","Prima Pagina","Societ\u00e0, Associazioni, Istituzioni"],"inLanguage":"fr-FR"},{"@type":"WebPage","@id":"https:\/\/www.bellunopress.it\/2009\/06\/21\/le-dolomiti-abbracciano-lafrica-anche-bono-vox-e-gianfranco-fini-attesi-sulle-tre-cime-di-lavaredo\/","url":"https:\/\/www.bellunopress.it\/2009\/06\/21\/le-dolomiti-abbracciano-lafrica-anche-bono-vox-e-gianfranco-fini-attesi-sulle-tre-cime-di-lavaredo\/","name":"Le Dolomiti abbracciano l'Africa: anche Bono vox e Gianfranco Fini attesi sulle Tre Cime di Lavaredo - Bellunopress - Dolomiti","isPartOf":{"@id":"https:\/\/www.bellunopress.it\/#website"},"primaryImageOfPage":{"@id":"https:\/\/www.bellunopress.it\/2009\/06\/21\/le-dolomiti-abbracciano-lafrica-anche-bono-vox-e-gianfranco-fini-attesi-sulle-tre-cime-di-lavaredo\/#primaryimage"},"image":{"@id":"https:\/\/www.bellunopress.it\/2009\/06\/21\/le-dolomiti-abbracciano-lafrica-anche-bono-vox-e-gianfranco-fini-attesi-sulle-tre-cime-di-lavaredo\/#primaryimage"},"thumbnailUrl":"http:\/\/www.bellunopress.it\/wp-content\/uploads\/2009\/06\/tre-cime-tramontp-300x219.jpg","datePublished":"2009-06-21T11:09:53+00:00","dateModified":"2009-06-21T11:11:44+00:00","breadcrumb":{"@id":"https:\/\/www.bellunopress.it\/2009\/06\/21\/le-dolomiti-abbracciano-lafrica-anche-bono-vox-e-gianfranco-fini-attesi-sulle-tre-cime-di-lavaredo\/#breadcrumb"},"inLanguage":"fr-FR","potentialAction":[{"@type":"ReadAction","target":["https:\/\/www.bellunopress.it\/2009\/06\/21\/le-dolomiti-abbracciano-lafrica-anche-bono-vox-e-gianfranco-fini-attesi-sulle-tre-cime-di-lavaredo\/"]}]},{"@type":"ImageObject","inLanguage":"fr-FR","@id":"https:\/\/www.bellunopress.it\/2009\/06\/21\/le-dolomiti-abbracciano-lafrica-anche-bono-vox-e-gianfranco-fini-attesi-sulle-tre-cime-di-lavaredo\/#primaryimage","url":"http:\/\/www.bellunopress.it\/wp-content\/uploads\/2009\/06\/tre-cime-tramontp-300x219.jpg","contentUrl":"http:\/\/www.bellunopress.it\/wp-content\/uploads\/2009\/06\/tre-cime-tramontp-300x219.jpg"},{"@type":"BreadcrumbList","@id":"https:\/\/www.bellunopress.it\/2009\/06\/21\/le-dolomiti-abbracciano-lafrica-anche-bono-vox-e-gianfranco-fini-attesi-sulle-tre-cime-di-lavaredo\/#breadcrumb","itemListElement":[{"@type":"ListItem","position":1,"name":"Home","item":"https:\/\/www.bellunopress.it\/"},{"@type":"ListItem","position":2,"name":"Le Dolomiti abbracciano l&#8217;Africa: anche Bono vox e Gianfranco Fini attesi sulle Tre Cime di Lavaredo"}]},{"@type":"WebSite","@id":"https:\/\/www.bellunopress.it\/#website","url":"https:\/\/www.bellunopress.it\/","name":"Bellunopress - Dolomiti","description":"e-mail: redazione@bellunopress.it","publisher":{"@id":"https:\/\/www.bellunopress.it\/#organization"},"potentialAction":[{"@type":"SearchAction","target":{"@type":"EntryPoint","urlTemplate":"https:\/\/www.bellunopress.it\/?s={search_term_string}"},"query-input":{"@type":"PropertyValueSpecification","valueRequired":true,"valueName":"search_term_string"}}],"inLanguage":"fr-FR"},{"@type":"Organization","@id":"https:\/\/www.bellunopress.it\/#organization","name":"Bellunopress","url":"https:\/\/www.bellunopress.it\/","logo":{"@type":"ImageObject","inLanguage":"fr-FR","@id":"https:\/\/www.bellunopress.it\/#\/schema\/logo\/image\/","url":"https:\/\/www.bellunopress.it\/wp-content\/uploads\/2011\/05\/cropped-logo-bellunopress-.jpg","contentUrl":"https:\/\/www.bellunopress.it\/wp-content\/uploads\/2011\/05\/cropped-logo-bellunopress-.jpg","width":512,"height":512,"caption":"Bellunopress"},"image":{"@id":"https:\/\/www.bellunopress.it\/#\/schema\/logo\/image\/"},"sameAs":["https:\/\/www.facebook.com\/profile.php?id=100008943462799","https:\/\/x.com\/bellunopress","https:\/\/www.linkedin.com\/hp\/?dnr=JBzUWaJfMUw8vbXJJ2tVW5-I3jZKvC4wsoxE&amp;amp;amp;amp;amp;amp;trk=nav_responsive_tab_home","https:\/\/www.youtube.com\/channel\/UCxL0wu1uN0_3_7hGG0306cw"]},{"@type":"Person","@id":"https:\/\/www.bellunopress.it\/#\/schema\/person\/79bb06722b37ece1c03d3e94beb30d73","name":"r\u00e9daction","image":{"@type":"ImageObject","inLanguage":"fr-FR","@id":"https:\/\/secure.gravatar.com\/avatar\/37d968a2e67a6fd04c169c4bdef102d0bc5d31b2546345219e348575eb80e9a0?s=96&d=mm&r=g","url":"https:\/\/secure.gravatar.com\/avatar\/37d968a2e67a6fd04c169c4bdef102d0bc5d31b2546345219e348575eb80e9a0?s=96&d=mm&r=g","contentUrl":"https:\/\/secure.gravatar.com\/avatar\/37d968a2e67a6fd04c169c4bdef102d0bc5d31b2546345219e348575eb80e9a0?s=96&d=mm&r=g","caption":"redazione"},"sameAs":["http:\/\/www.bellunopress.it","https:\/\/x.com\/bellunopress"],"url":"https:\/\/www.bellunopress.it\/fr\/author\/redazione\/"}]}},"_links":{"self":[{"href":"https:\/\/www.bellunopress.it\/fr\/wp-json\/wp\/v2\/posts\/5216","targetHints":{"allow":["GET"]}}],"collection":[{"href":"https:\/\/www.bellunopress.it\/fr\/wp-json\/wp\/v2\/posts"}],"about":[{"href":"https:\/\/www.bellunopress.it\/fr\/wp-json\/wp\/v2\/types\/post"}],"author":[{"embeddable":true,"href":"https:\/\/www.bellunopress.it\/fr\/wp-json\/wp\/v2\/users\/2"}],"replies":[{"embeddable":true,"href":"https:\/\/www.bellunopress.it\/fr\/wp-json\/wp\/v2\/comments?post=5216"}],"version-history":[{"count":2,"href":"https:\/\/www.bellunopress.it\/fr\/wp-json\/wp\/v2\/posts\/5216\/revisions"}],"predecessor-version":[{"id":5220,"href":"https:\/\/www.bellunopress.it\/fr\/wp-json\/wp\/v2\/posts\/5216\/revisions\/5220"}],"wp:attachment":[{"href":"https:\/\/www.bellunopress.it\/fr\/wp-json\/wp\/v2\/media?parent=5216"}],"wp:term":[{"taxonomy":"category","embeddable":true,"href":"https:\/\/www.bellunopress.it\/fr\/wp-json\/wp\/v2\/categories?post=5216"},{"taxonomy":"post_tag","embeddable":true,"href":"https:\/\/www.bellunopress.it\/fr\/wp-json\/wp\/v2\/tags?post=5216"}],"curies":[{"name":"wp","href":"https:\/\/api.w.org\/{rel}","templated":true}]}}