{"id":521,"date":"2009-02-12T12:19:29","date_gmt":"2009-02-12T11:19:29","guid":{"rendered":"http:\/\/www.bellunopress.it\/?p=521"},"modified":"2009-02-12T18:26:17","modified_gmt":"2009-02-12T17:26:17","slug":"de-bona-sollecita-i-sindaci-a-presentare-i-danni","status":"publish","type":"post","link":"https:\/\/www.bellunopress.it\/fr\/2009\/02\/12\/de-bona-sollecita-i-sindaci-a-presentare-i-danni\/","title":{"rendered":"De Bona sollecita i sindaci a presentare i danni"},"content":{"rendered":"<p><a href=\"http:\/\/www.bellunopress.it\/wp-content\/uploads\/2009\/02\/oscar-de-bona-80x80.jpg\"><img loading=\"lazy\" decoding=\"async\" class=\"alignleft size-medium wp-image-536\" title=\"oscar-de-bona-80x80\" src=\"http:\/\/www.bellunopress.it\/wp-content\/uploads\/2009\/02\/oscar-de-bona-80x80.jpg\" alt=\"\" width=\"81\" height=\"81\" \/><\/a>Il servizio di Protezione civile del Veneto ha inviato alla Provincia di Belluno, alle Comunit\u00e0 montane e ai Comuni, sul cui territorio sono cadute ingenti nevicate, la modulistica da compilare per segnalare le spese sostenute da enti e privati per fronteggiare i danni subiti dall\u2019ondata di maltempo. Si tratta di un provvedimento della Giunta regionale che va ad integrare l\u2019ordinanza con la quale il presidente del Consiglio dei ministri ha dichiarato lo stato di emergenza a seguito appunto delle eccezionali avversit\u00e0 atmosferiche che hanno investito la Penisola nei mesi scorsi. L\u2019assessore Oscar De Bona, anche a\u00a0 seguito delle sollecitazioni pervenutegli dai Comuni colpiti, ha informato i sindaci che nell\u2019ultima seduta di giunta l\u2019assessore alla Protezione civile, Elena Donazzan, ha comunicato che sta predisponendo un provvedimento per far fronte all\u2019emergenza, cos\u00ec come sollecitato anche dai consiglieri regionali bellunesi. De Bona ha quindi invitato i primi cittadini a compilare con urgenza le schede predisposte in modo da fornire alla Regione la documentazione dettagliata dei danni subiti dall\u2019ente pubblico, pregandoli di sollecitare anche i cittadini colpiti\u00a0 a produrre\u00a0 gli incartamenti necessari al fine di aver titolo per l\u2019ammissione al contributo. \u00abLe nevicate di questo inverno \u2013 \u00e8 il commento di De Bona &#8211; hanno provocato notevoli ed imprevedibili danni alla viabilit\u00e0, spesso con l\u2019interruzione della circolazione. Tali fenomeni hanno danneggiato soprattutto strutture pubbliche ma anche fabbricati privati e in alcuni casi il peso della neve ha provocato crolli di coperture di edifici o lesionandoli gravemente. Si tratta di costi molto alti ai quali vanno aggiunti anche quelli per lo sgombero della neve che hanno richiesto risorse impreviste. Per fortuna non si lamentano vittime, ma questo rigido inverno ha tenuto tutta la nostra montagna in stato di allerta in quanto \u00e8 stata incombente una preoccupante situazione di pericolo per l&#8217;incolumit\u00e0 delle persone\u00bb.<\/p>","protected":false},"excerpt":{"rendered":"<p>Il servizio di Protezione civile del Veneto ha inviato alla Provincia di Belluno, alle Comunit\u00e0 montane e ai Comuni, sul cui territorio sono cadute ingenti nevicate, la modulistica da compilare per segnalare le spese sostenute da enti e privati per fronteggiare i danni subiti dall\u2019ondata di maltempo. Si tratta di un provvedimento della Giunta regionale [&hellip;]<\/p>\n","protected":false},"author":2,"featured_media":0,"comment_status":"closed","ping_status":"open","sticky":false,"template":"","format":"standard","meta":{"footnotes":""},"categories":[26],"tags":[139],"class_list":["post-521","post","type-post","status-publish","format-standard","category-prima-pagina","tag-belluno"],"yoast_head":"<!-- This site is optimized with the Yoast SEO plugin v28.4 - https:\/\/yoast.com\/product\/yoast-seo-wordpress\/ -->\n<title>De Bona sollecita i sindaci a presentare i danni - Bellunopress - Dolomiti<\/title>\n<meta name=\"robots\" content=\"index, follow, max-snippet:-1, max-image-preview:large, max-video-preview:-1\" \/>\n<link rel=\"canonical\" href=\"https:\/\/www.bellunopress.it\/fr\/2009\/02\/12\/de-bona-sollecita-i-sindaci-a-presentare-i-danni\/\" \/>\n<meta property=\"og:locale\" content=\"fr_FR\" \/>\n<meta property=\"og:type\" content=\"article\" \/>\n<meta property=\"og:title\" content=\"De Bona sollecita i sindaci a presentare i danni - Bellunopress - Dolomiti\" \/>\n<meta property=\"og:description\" content=\"Il servizio di Protezione civile del Veneto ha inviato alla Provincia di Belluno, alle Comunit\u00e0 montane e ai Comuni, sul cui territorio sono cadute ingenti nevicate, la modulistica da compilare per segnalare le spese sostenute da enti e privati per fronteggiare i danni subiti dall\u2019ondata di maltempo. Si tratta di un provvedimento della Giunta regionale [&hellip;]\" \/>\n<meta property=\"og:url\" content=\"https:\/\/www.bellunopress.it\/fr\/2009\/02\/12\/de-bona-sollecita-i-sindaci-a-presentare-i-danni\/\" \/>\n<meta property=\"og:site_name\" content=\"Bellunopress - Dolomiti\" \/>\n<meta property=\"article:publisher\" content=\"https:\/\/www.facebook.com\/profile.php?id=100008943462799\" \/>\n<meta property=\"article:published_time\" content=\"2009-02-12T11:19:29+00:00\" \/>\n<meta property=\"article:modified_time\" content=\"2009-02-12T17:26:17+00:00\" \/>\n<meta property=\"og:image\" content=\"http:\/\/www.bellunopress.it\/wp-content\/uploads\/2009\/02\/oscar-de-bona-80x80.jpg\" \/>\n<meta name=\"author\" content=\"redazione\" \/>\n<meta name=\"twitter:card\" content=\"summary_large_image\" \/>\n<meta name=\"twitter:creator\" content=\"@bellunopress\" \/>\n<meta name=\"twitter:site\" content=\"@bellunopress\" \/>\n<meta name=\"twitter:label1\" content=\"\u00c9crit par\" \/>\n\t<meta name=\"twitter:data1\" content=\"redazione\" \/>\n\t<meta name=\"twitter:label2\" content=\"Dur\u00e9e de lecture estim\u00e9e\" \/>\n\t<meta name=\"twitter:data2\" content=\"2 minutes\" \/>\n<script type=\"application\/ld+json\" class=\"yoast-schema-graph\">{\"@context\":\"https:\\\/\\\/schema.org\",\"@graph\":[{\"@type\":\"Article\",\"@id\":\"https:\\\/\\\/www.bellunopress.it\\\/2009\\\/02\\\/12\\\/de-bona-sollecita-i-sindaci-a-presentare-i-danni\\\/#article\",\"isPartOf\":{\"@id\":\"https:\\\/\\\/www.bellunopress.it\\\/2009\\\/02\\\/12\\\/de-bona-sollecita-i-sindaci-a-presentare-i-danni\\\/\"},\"author\":{\"name\":\"redazione\",\"@id\":\"https:\\\/\\\/www.bellunopress.it\\\/#\\\/schema\\\/person\\\/79bb06722b37ece1c03d3e94beb30d73\"},\"headline\":\"De Bona sollecita i sindaci a presentare i danni\",\"datePublished\":\"2009-02-12T11:19:29+00:00\",\"dateModified\":\"2009-02-12T17:26:17+00:00\",\"mainEntityOfPage\":{\"@id\":\"https:\\\/\\\/www.bellunopress.it\\\/2009\\\/02\\\/12\\\/de-bona-sollecita-i-sindaci-a-presentare-i-danni\\\/\"},\"wordCount\":314,\"publisher\":{\"@id\":\"https:\\\/\\\/www.bellunopress.it\\\/#organization\"},\"image\":{\"@id\":\"https:\\\/\\\/www.bellunopress.it\\\/2009\\\/02\\\/12\\\/de-bona-sollecita-i-sindaci-a-presentare-i-danni\\\/#primaryimage\"},\"thumbnailUrl\":\"http:\\\/\\\/www.bellunopress.it\\\/wp-content\\\/uploads\\\/2009\\\/02\\\/oscar-de-bona-80x80.jpg\",\"keywords\":[\"Belluno\"],\"articleSection\":[\"Prima Pagina\"],\"inLanguage\":\"fr-FR\"},{\"@type\":\"WebPage\",\"@id\":\"https:\\\/\\\/www.bellunopress.it\\\/2009\\\/02\\\/12\\\/de-bona-sollecita-i-sindaci-a-presentare-i-danni\\\/\",\"url\":\"https:\\\/\\\/www.bellunopress.it\\\/2009\\\/02\\\/12\\\/de-bona-sollecita-i-sindaci-a-presentare-i-danni\\\/\",\"name\":\"De Bona sollecita i sindaci a presentare i danni - Bellunopress - Dolomiti\",\"isPartOf\":{\"@id\":\"https:\\\/\\\/www.bellunopress.it\\\/#website\"},\"primaryImageOfPage\":{\"@id\":\"https:\\\/\\\/www.bellunopress.it\\\/2009\\\/02\\\/12\\\/de-bona-sollecita-i-sindaci-a-presentare-i-danni\\\/#primaryimage\"},\"image\":{\"@id\":\"https:\\\/\\\/www.bellunopress.it\\\/2009\\\/02\\\/12\\\/de-bona-sollecita-i-sindaci-a-presentare-i-danni\\\/#primaryimage\"},\"thumbnailUrl\":\"http:\\\/\\\/www.bellunopress.it\\\/wp-content\\\/uploads\\\/2009\\\/02\\\/oscar-de-bona-80x80.jpg\",\"datePublished\":\"2009-02-12T11:19:29+00:00\",\"dateModified\":\"2009-02-12T17:26:17+00:00\",\"breadcrumb\":{\"@id\":\"https:\\\/\\\/www.bellunopress.it\\\/2009\\\/02\\\/12\\\/de-bona-sollecita-i-sindaci-a-presentare-i-danni\\\/#breadcrumb\"},\"inLanguage\":\"fr-FR\",\"potentialAction\":[{\"@type\":\"ReadAction\",\"target\":[\"https:\\\/\\\/www.bellunopress.it\\\/2009\\\/02\\\/12\\\/de-bona-sollecita-i-sindaci-a-presentare-i-danni\\\/\"]}]},{\"@type\":\"ImageObject\",\"inLanguage\":\"fr-FR\",\"@id\":\"https:\\\/\\\/www.bellunopress.it\\\/2009\\\/02\\\/12\\\/de-bona-sollecita-i-sindaci-a-presentare-i-danni\\\/#primaryimage\",\"url\":\"http:\\\/\\\/www.bellunopress.it\\\/wp-content\\\/uploads\\\/2009\\\/02\\\/oscar-de-bona-80x80.jpg\",\"contentUrl\":\"http:\\\/\\\/www.bellunopress.it\\\/wp-content\\\/uploads\\\/2009\\\/02\\\/oscar-de-bona-80x80.jpg\"},{\"@type\":\"BreadcrumbList\",\"@id\":\"https:\\\/\\\/www.bellunopress.it\\\/2009\\\/02\\\/12\\\/de-bona-sollecita-i-sindaci-a-presentare-i-danni\\\/#breadcrumb\",\"itemListElement\":[{\"@type\":\"ListItem\",\"position\":1,\"name\":\"Home\",\"item\":\"https:\\\/\\\/www.bellunopress.it\\\/\"},{\"@type\":\"ListItem\",\"position\":2,\"name\":\"De Bona sollecita i sindaci a presentare i danni\"}]},{\"@type\":\"WebSite\",\"@id\":\"https:\\\/\\\/www.bellunopress.it\\\/#website\",\"url\":\"https:\\\/\\\/www.bellunopress.it\\\/\",\"name\":\"Bellunopress - Dolomiti\",\"description\":\"e-mail: redazione@bellunopress.it\",\"publisher\":{\"@id\":\"https:\\\/\\\/www.bellunopress.it\\\/#organization\"},\"potentialAction\":[{\"@type\":\"SearchAction\",\"target\":{\"@type\":\"EntryPoint\",\"urlTemplate\":\"https:\\\/\\\/www.bellunopress.it\\\/?s={search_term_string}\"},\"query-input\":{\"@type\":\"PropertyValueSpecification\",\"valueRequired\":true,\"valueName\":\"search_term_string\"}}],\"inLanguage\":\"fr-FR\"},{\"@type\":\"Organization\",\"@id\":\"https:\\\/\\\/www.bellunopress.it\\\/#organization\",\"name\":\"Bellunopress\",\"url\":\"https:\\\/\\\/www.bellunopress.it\\\/\",\"logo\":{\"@type\":\"ImageObject\",\"inLanguage\":\"fr-FR\",\"@id\":\"https:\\\/\\\/www.bellunopress.it\\\/#\\\/schema\\\/logo\\\/image\\\/\",\"url\":\"https:\\\/\\\/www.bellunopress.it\\\/wp-content\\\/uploads\\\/2011\\\/05\\\/cropped-logo-bellunopress-.jpg\",\"contentUrl\":\"https:\\\/\\\/www.bellunopress.it\\\/wp-content\\\/uploads\\\/2011\\\/05\\\/cropped-logo-bellunopress-.jpg\",\"width\":512,\"height\":512,\"caption\":\"Bellunopress\"},\"image\":{\"@id\":\"https:\\\/\\\/www.bellunopress.it\\\/#\\\/schema\\\/logo\\\/image\\\/\"},\"sameAs\":[\"https:\\\/\\\/www.facebook.com\\\/profile.php?id=100008943462799\",\"https:\\\/\\\/x.com\\\/bellunopress\",\"https:\\\/\\\/www.linkedin.com\\\/hp\\\/?dnr=JBzUWaJfMUw8vbXJJ2tVW5-I3jZKvC4wsoxE&amp;amp;amp;amp;amp;amp;trk=nav_responsive_tab_home\",\"https:\\\/\\\/www.youtube.com\\\/channel\\\/UCxL0wu1uN0_3_7hGG0306cw\"]},{\"@type\":\"Person\",\"@id\":\"https:\\\/\\\/www.bellunopress.it\\\/#\\\/schema\\\/person\\\/79bb06722b37ece1c03d3e94beb30d73\",\"name\":\"redazione\",\"image\":{\"@type\":\"ImageObject\",\"inLanguage\":\"fr-FR\",\"@id\":\"https:\\\/\\\/secure.gravatar.com\\\/avatar\\\/37d968a2e67a6fd04c169c4bdef102d0bc5d31b2546345219e348575eb80e9a0?s=96&d=mm&r=g\",\"url\":\"https:\\\/\\\/secure.gravatar.com\\\/avatar\\\/37d968a2e67a6fd04c169c4bdef102d0bc5d31b2546345219e348575eb80e9a0?s=96&d=mm&r=g\",\"contentUrl\":\"https:\\\/\\\/secure.gravatar.com\\\/avatar\\\/37d968a2e67a6fd04c169c4bdef102d0bc5d31b2546345219e348575eb80e9a0?s=96&d=mm&r=g\",\"caption\":\"redazione\"},\"sameAs\":[\"http:\\\/\\\/www.bellunopress.it\",\"https:\\\/\\\/x.com\\\/bellunopress\"],\"url\":\"https:\\\/\\\/www.bellunopress.it\\\/fr\\\/author\\\/redazione\\\/\"}]}<\/script>\n<!-- \/ Yoast SEO plugin. -->","yoast_head_json":{"title":"De Bona sollecita i sindaci a presentare i danni - Bellunopress - Dolomiti","robots":{"index":"index","follow":"follow","max-snippet":"max-snippet:-1","max-image-preview":"max-image-preview:large","max-video-preview":"max-video-preview:-1"},"canonical":"https:\/\/www.bellunopress.it\/fr\/2009\/02\/12\/de-bona-sollecita-i-sindaci-a-presentare-i-danni\/","og_locale":"fr_FR","og_type":"article","og_title":"De Bona sollecita i sindaci a presentare i danni - Bellunopress - Dolomiti","og_description":"Il servizio di Protezione civile del Veneto ha inviato alla Provincia di Belluno, alle Comunit\u00e0 montane e ai Comuni, sul cui territorio sono cadute ingenti nevicate, la modulistica da compilare per segnalare le spese sostenute da enti e privati per fronteggiare i danni subiti dall\u2019ondata di maltempo. Si tratta di un provvedimento della Giunta regionale [&hellip;]","og_url":"https:\/\/www.bellunopress.it\/fr\/2009\/02\/12\/de-bona-sollecita-i-sindaci-a-presentare-i-danni\/","og_site_name":"Bellunopress - Dolomiti","article_publisher":"https:\/\/www.facebook.com\/profile.php?id=100008943462799","article_published_time":"2009-02-12T11:19:29+00:00","article_modified_time":"2009-02-12T17:26:17+00:00","og_image":[{"url":"http:\/\/www.bellunopress.it\/wp-content\/uploads\/2009\/02\/oscar-de-bona-80x80.jpg","type":"","width":"","height":""}],"author":"redazione","twitter_card":"summary_large_image","twitter_creator":"@bellunopress","twitter_site":"@bellunopress","twitter_misc":{"\u00c9crit par":"redazione","Dur\u00e9e de lecture estim\u00e9e":"2 minutes"},"schema":{"@context":"https:\/\/schema.org","@graph":[{"@type":"Article","@id":"https:\/\/www.bellunopress.it\/2009\/02\/12\/de-bona-sollecita-i-sindaci-a-presentare-i-danni\/#article","isPartOf":{"@id":"https:\/\/www.bellunopress.it\/2009\/02\/12\/de-bona-sollecita-i-sindaci-a-presentare-i-danni\/"},"author":{"name":"redazione","@id":"https:\/\/www.bellunopress.it\/#\/schema\/person\/79bb06722b37ece1c03d3e94beb30d73"},"headline":"De Bona sollecita i sindaci a presentare i danni","datePublished":"2009-02-12T11:19:29+00:00","dateModified":"2009-02-12T17:26:17+00:00","mainEntityOfPage":{"@id":"https:\/\/www.bellunopress.it\/2009\/02\/12\/de-bona-sollecita-i-sindaci-a-presentare-i-danni\/"},"wordCount":314,"publisher":{"@id":"https:\/\/www.bellunopress.it\/#organization"},"image":{"@id":"https:\/\/www.bellunopress.it\/2009\/02\/12\/de-bona-sollecita-i-sindaci-a-presentare-i-danni\/#primaryimage"},"thumbnailUrl":"http:\/\/www.bellunopress.it\/wp-content\/uploads\/2009\/02\/oscar-de-bona-80x80.jpg","keywords":["Belluno"],"articleSection":["Prima Pagina"],"inLanguage":"fr-FR"},{"@type":"WebPage","@id":"https:\/\/www.bellunopress.it\/2009\/02\/12\/de-bona-sollecita-i-sindaci-a-presentare-i-danni\/","url":"https:\/\/www.bellunopress.it\/2009\/02\/12\/de-bona-sollecita-i-sindaci-a-presentare-i-danni\/","name":"De Bona sollecita i sindaci a presentare i danni - Bellunopress - Dolomiti","isPartOf":{"@id":"https:\/\/www.bellunopress.it\/#website"},"primaryImageOfPage":{"@id":"https:\/\/www.bellunopress.it\/2009\/02\/12\/de-bona-sollecita-i-sindaci-a-presentare-i-danni\/#primaryimage"},"image":{"@id":"https:\/\/www.bellunopress.it\/2009\/02\/12\/de-bona-sollecita-i-sindaci-a-presentare-i-danni\/#primaryimage"},"thumbnailUrl":"http:\/\/www.bellunopress.it\/wp-content\/uploads\/2009\/02\/oscar-de-bona-80x80.jpg","datePublished":"2009-02-12T11:19:29+00:00","dateModified":"2009-02-12T17:26:17+00:00","breadcrumb":{"@id":"https:\/\/www.bellunopress.it\/2009\/02\/12\/de-bona-sollecita-i-sindaci-a-presentare-i-danni\/#breadcrumb"},"inLanguage":"fr-FR","potentialAction":[{"@type":"ReadAction","target":["https:\/\/www.bellunopress.it\/2009\/02\/12\/de-bona-sollecita-i-sindaci-a-presentare-i-danni\/"]}]},{"@type":"ImageObject","inLanguage":"fr-FR","@id":"https:\/\/www.bellunopress.it\/2009\/02\/12\/de-bona-sollecita-i-sindaci-a-presentare-i-danni\/#primaryimage","url":"http:\/\/www.bellunopress.it\/wp-content\/uploads\/2009\/02\/oscar-de-bona-80x80.jpg","contentUrl":"http:\/\/www.bellunopress.it\/wp-content\/uploads\/2009\/02\/oscar-de-bona-80x80.jpg"},{"@type":"BreadcrumbList","@id":"https:\/\/www.bellunopress.it\/2009\/02\/12\/de-bona-sollecita-i-sindaci-a-presentare-i-danni\/#breadcrumb","itemListElement":[{"@type":"ListItem","position":1,"name":"Home","item":"https:\/\/www.bellunopress.it\/"},{"@type":"ListItem","position":2,"name":"De Bona sollecita i sindaci a presentare i danni"}]},{"@type":"WebSite","@id":"https:\/\/www.bellunopress.it\/#website","url":"https:\/\/www.bellunopress.it\/","name":"Bellunopress - Dolomiti","description":"e-mail: redazione@bellunopress.it","publisher":{"@id":"https:\/\/www.bellunopress.it\/#organization"},"potentialAction":[{"@type":"SearchAction","target":{"@type":"EntryPoint","urlTemplate":"https:\/\/www.bellunopress.it\/?s={search_term_string}"},"query-input":{"@type":"PropertyValueSpecification","valueRequired":true,"valueName":"search_term_string"}}],"inLanguage":"fr-FR"},{"@type":"Organization","@id":"https:\/\/www.bellunopress.it\/#organization","name":"Bellunopress","url":"https:\/\/www.bellunopress.it\/","logo":{"@type":"ImageObject","inLanguage":"fr-FR","@id":"https:\/\/www.bellunopress.it\/#\/schema\/logo\/image\/","url":"https:\/\/www.bellunopress.it\/wp-content\/uploads\/2011\/05\/cropped-logo-bellunopress-.jpg","contentUrl":"https:\/\/www.bellunopress.it\/wp-content\/uploads\/2011\/05\/cropped-logo-bellunopress-.jpg","width":512,"height":512,"caption":"Bellunopress"},"image":{"@id":"https:\/\/www.bellunopress.it\/#\/schema\/logo\/image\/"},"sameAs":["https:\/\/www.facebook.com\/profile.php?id=100008943462799","https:\/\/x.com\/bellunopress","https:\/\/www.linkedin.com\/hp\/?dnr=JBzUWaJfMUw8vbXJJ2tVW5-I3jZKvC4wsoxE&amp;amp;amp;amp;amp;amp;trk=nav_responsive_tab_home","https:\/\/www.youtube.com\/channel\/UCxL0wu1uN0_3_7hGG0306cw"]},{"@type":"Person","@id":"https:\/\/www.bellunopress.it\/#\/schema\/person\/79bb06722b37ece1c03d3e94beb30d73","name":"r\u00e9daction","image":{"@type":"ImageObject","inLanguage":"fr-FR","@id":"https:\/\/secure.gravatar.com\/avatar\/37d968a2e67a6fd04c169c4bdef102d0bc5d31b2546345219e348575eb80e9a0?s=96&d=mm&r=g","url":"https:\/\/secure.gravatar.com\/avatar\/37d968a2e67a6fd04c169c4bdef102d0bc5d31b2546345219e348575eb80e9a0?s=96&d=mm&r=g","contentUrl":"https:\/\/secure.gravatar.com\/avatar\/37d968a2e67a6fd04c169c4bdef102d0bc5d31b2546345219e348575eb80e9a0?s=96&d=mm&r=g","caption":"redazione"},"sameAs":["http:\/\/www.bellunopress.it","https:\/\/x.com\/bellunopress"],"url":"https:\/\/www.bellunopress.it\/fr\/author\/redazione\/"}]}},"_links":{"self":[{"href":"https:\/\/www.bellunopress.it\/fr\/wp-json\/wp\/v2\/posts\/521","targetHints":{"allow":["GET"]}}],"collection":[{"href":"https:\/\/www.bellunopress.it\/fr\/wp-json\/wp\/v2\/posts"}],"about":[{"href":"https:\/\/www.bellunopress.it\/fr\/wp-json\/wp\/v2\/types\/post"}],"author":[{"embeddable":true,"href":"https:\/\/www.bellunopress.it\/fr\/wp-json\/wp\/v2\/users\/2"}],"replies":[{"embeddable":true,"href":"https:\/\/www.bellunopress.it\/fr\/wp-json\/wp\/v2\/comments?post=521"}],"version-history":[{"count":3,"href":"https:\/\/www.bellunopress.it\/fr\/wp-json\/wp\/v2\/posts\/521\/revisions"}],"predecessor-version":[{"id":537,"href":"https:\/\/www.bellunopress.it\/fr\/wp-json\/wp\/v2\/posts\/521\/revisions\/537"}],"wp:attachment":[{"href":"https:\/\/www.bellunopress.it\/fr\/wp-json\/wp\/v2\/media?parent=521"}],"wp:term":[{"taxonomy":"category","embeddable":true,"href":"https:\/\/www.bellunopress.it\/fr\/wp-json\/wp\/v2\/categories?post=521"},{"taxonomy":"post_tag","embeddable":true,"href":"https:\/\/www.bellunopress.it\/fr\/wp-json\/wp\/v2\/tags?post=521"}],"curies":[{"name":"wp","href":"https:\/\/api.w.org\/{rel}","templated":true}]}}