{"id":51958,"date":"2013-08-22T21:09:54","date_gmt":"2013-08-22T20:09:54","guid":{"rendered":"http:\/\/www.bellunopress.it\/?p=51958"},"modified":"2013-08-22T21:09:54","modified_gmt":"2013-08-22T20:09:54","slug":"appuntamenti-in-breve-a-cortina-fino-a-sabato-24-agosto","status":"publish","type":"post","link":"https:\/\/www.bellunopress.it\/fr\/2013\/08\/22\/appuntamenti-in-breve-a-cortina-fino-a-sabato-24-agosto\/","title":{"rendered":"Appuntamenti in breve a Cortina fino a sabato 24 agosto"},"content":{"rendered":"<p><span style=\"font-size: 13px;\">VENERD\u00cc 23 AGOSTO<\/span><\/p>\n<p>Ore 17.30 Andrea Illy parler\u00e0 del tema Un\u2019azienda per l\u2019arte contemporanea nell\u2019ambito della rassegna Arte d\u2019Agosto al Museo d\u2019Arte Moderna Mario Rimoldi di Cortina d&#8217;Ampezzo.<\/p>\n<p>Ore 18.00 Gerri presenta il I\u00b0 prosecco della Valbelluna. Testimonial dell&#8217;evento Laila Zardini. Inaugurazione della mostra fotografica di Dario Dall&#8217;Olio.<\/p>\n<p>Ore 18.00, Anemos 5. Metropoli, anima e visione. Roma-New York-Venezia: la mostra fotografica con immagini di Stefano Zardini inaugurer\u00e0 presso Ikonos Art Gallery di Cortina d&#8217;Ampezzo con uno speciale cocktail in presenza dell\u2019autore.<\/p>\n<p>Ore 18.00 il terzo incontro di You Cortina al Grand Hotel Savoia: Cesare De Michelis, Massimo Don\u00e0 e Gianni Ephrikian affronteranno l\u2019argomento Il Futuro della Cultura.<\/p>\n<p>Ore 20.15 nell\u2019ambito degli eventi Colortaste. La cucina si fa arte, cena a quattro mani con lo chef stellato Stefano Baiocco presso il Ristorante Il Campanile della Club House del Cortina Golf di Cortina d\u2019Ampezzo.<\/p>\n<p>Ore 21.00, Cortina InCroda Show all&#8217;Alexander Girardi Hall: Cortina InCroda presenter\u00e0 la Compagnia Amor Y Flamenco che metter\u00e0 in scena &#8211; per la prima volta a Cortina &#8211; Luna Gitana, un travolgente spettacolo di danza, musica e canto flamenco tradizionale.<\/p>\n<p>Ore 21.30 al Miramonti Majestic G.H. di Cortina, Una Montagna di Libri presenter\u00e0 Valerio Massimo Manfredi, narratore che ha affascinato l\u2019Italia con le storie di Alessandro, Ulisse, Roma e che legger\u00e0 alcune celebri pagine dei suoi libri sullo sfondo delle montagne ampezzane.<\/p>\n<p>&nbsp;<\/p>\n<p>SABATO 24 AGOSTO<\/p>\n<p>Ore 11.00 presso il Cinema Eden di Cortina d\u2019Ampezzo, Il Festival e Accademia Dino Ciani in collaborazione con Una Montagna di Libri avr\u00e0 il piacere di ospitare Uto Ughi, uno dei pi\u00f9 celebri violinisti di tutti i tempi, che presenter\u00e0 la sua autobiografia Quel diavolo di un trillo (Einaudi). Sul palco, accanto al Maestro, interverr\u00e0 il compositore, musicologo, pianista Carlo Boccadoro, volto noto di Sky Classica con la sua trasmissione d\u2019approfondimento Contrappunti. Ad arricchire la presentazione del libro, la proiezione del video Uto Ughi. Una vita in musica, realizzato dall\u2019Associazione culturale Arturo Toscanini con filmati dell\u2019Archivio Teche Rai.<\/p>\n<p>Ore 17.30 Costantino D\u2019Orazio riveler\u00e0 le ultime scoperte sull\u2019opera del Merisi nell\u2019ambito della rassegna Arte d\u2019Agosto al Museo d\u2019Arte Moderna Mario Rimoldi di Cortina d&#8217;Ampezzo.<\/p>\n<p>Ore18.00 presso l\u2019Alexander Girardi Hall, concerto di chiusura del Festival Lo spirito della musica di Venezia a Cortina d\u2019Ampezzo: il concerto diretto dal Maestro Carlo Rebeschini, eccezionalmente eseguito dagli Ottoni del Teatro La Fenice di Venezia.<\/p>\n<p>Ore18.00 imperdibile appuntamento Colortaste. La Cucina si fa Arte al Cristallo Hotel Spa &amp; Golf di Cortina d\u2019Ampezzo: l\u2019Accademico Maestro Pasticcere Francesco Elmi omagger\u00e0 la Regina delle Dolomiti con il dolce Ape Regina. Allo speciale Aperitivo in Terrazza saranno presenti Margherita Buy e Fabrizia Sacchi, protagoniste del pluripremiato film &#8211; commedia italiana dell&#8217;anno ai Nastri d\u2019Argento 2013 &#8211; Viaggio sola.<\/p>\n<p><span style=\"font-size: 13px;\">Ore 21.30 Una Montagna di Libri ospiter\u00e0 Giulio Giorello, che parler\u00e0 de La filosofia di Topolino (Guanda) al Miramonti Majestic G.H. di Cortina d\u2019Ampezzo.<\/span><\/p>","protected":false},"excerpt":{"rendered":"<p>VENERD\u00cc 23 AGOSTO Ore 17.30 Andrea Illy parler\u00e0 del tema Un\u2019azienda per l\u2019arte contemporanea nell\u2019ambito della rassegna Arte d\u2019Agosto al Museo d\u2019Arte Moderna Mario Rimoldi di Cortina d&#8217;Ampezzo. Ore 18.00 Gerri presenta il I\u00b0 prosecco della Valbelluna. Testimonial dell&#8217;evento Laila Zardini. Inaugurazione della mostra fotografica di Dario Dall&#8217;Olio. Ore 18.00, Anemos 5. Metropoli, anima e [&hellip;]<\/p>\n","protected":false},"author":2,"featured_media":0,"comment_status":"closed","ping_status":"open","sticky":false,"template":"","format":"standard","meta":{"footnotes":""},"categories":[27,25],"tags":[],"class_list":["post-51958","post","type-post","status-publish","format-standard","category-appuntamenti","category-pausa-caffe"],"yoast_head":"<!-- This site is optimized with the Yoast SEO plugin v28.4 - https:\/\/yoast.com\/product\/yoast-seo-wordpress\/ -->\n<title>Appuntamenti in breve a Cortina fino a sabato 24 agosto - Bellunopress - Dolomiti<\/title>\n<meta name=\"robots\" content=\"index, follow, max-snippet:-1, max-image-preview:large, max-video-preview:-1\" \/>\n<link rel=\"canonical\" href=\"https:\/\/www.bellunopress.it\/fr\/2013\/08\/22\/appuntamenti-in-breve-a-cortina-fino-a-sabato-24-agosto\/\" \/>\n<meta property=\"og:locale\" content=\"fr_FR\" \/>\n<meta property=\"og:type\" content=\"article\" \/>\n<meta property=\"og:title\" content=\"Appuntamenti in breve a Cortina fino a sabato 24 agosto - Bellunopress - Dolomiti\" \/>\n<meta property=\"og:description\" content=\"VENERD\u00cc 23 AGOSTO Ore 17.30 Andrea Illy parler\u00e0 del tema Un\u2019azienda per l\u2019arte contemporanea nell\u2019ambito della rassegna Arte d\u2019Agosto al Museo d\u2019Arte Moderna Mario Rimoldi di Cortina d&#8217;Ampezzo. Ore 18.00 Gerri presenta il I\u00b0 prosecco della Valbelluna. Testimonial dell&#8217;evento Laila Zardini. Inaugurazione della mostra fotografica di Dario Dall&#8217;Olio. Ore 18.00, Anemos 5. Metropoli, anima e [&hellip;]\" \/>\n<meta property=\"og:url\" content=\"https:\/\/www.bellunopress.it\/fr\/2013\/08\/22\/appuntamenti-in-breve-a-cortina-fino-a-sabato-24-agosto\/\" \/>\n<meta property=\"og:site_name\" content=\"Bellunopress - Dolomiti\" \/>\n<meta property=\"article:publisher\" content=\"https:\/\/www.facebook.com\/profile.php?id=100008943462799\" \/>\n<meta property=\"article:published_time\" content=\"2013-08-22T20:09:54+00:00\" \/>\n<meta property=\"og:image\" content=\"http:\/\/www.bellunopress.it\/wp-content\/uploads\/2012\/07\/logo-bellunopress-250x250-2012.jpg\" \/>\n<meta name=\"author\" content=\"redazione\" \/>\n<meta name=\"twitter:card\" content=\"summary_large_image\" \/>\n<meta name=\"twitter:creator\" content=\"@bellunopress\" \/>\n<meta name=\"twitter:site\" content=\"@bellunopress\" \/>\n<meta name=\"twitter:label1\" content=\"\u00c9crit par\" \/>\n\t<meta name=\"twitter:data1\" content=\"redazione\" \/>\n\t<meta name=\"twitter:label2\" content=\"Dur\u00e9e de lecture estim\u00e9e\" \/>\n\t<meta name=\"twitter:data2\" content=\"2 minutes\" \/>\n<script type=\"application\/ld+json\" class=\"yoast-schema-graph\">{\"@context\":\"https:\\\/\\\/schema.org\",\"@graph\":[{\"@type\":\"Article\",\"@id\":\"https:\\\/\\\/www.bellunopress.it\\\/2013\\\/08\\\/22\\\/appuntamenti-in-breve-a-cortina-fino-a-sabato-24-agosto\\\/#article\",\"isPartOf\":{\"@id\":\"https:\\\/\\\/www.bellunopress.it\\\/2013\\\/08\\\/22\\\/appuntamenti-in-breve-a-cortina-fino-a-sabato-24-agosto\\\/\"},\"author\":{\"name\":\"redazione\",\"@id\":\"https:\\\/\\\/www.bellunopress.it\\\/#\\\/schema\\\/person\\\/79bb06722b37ece1c03d3e94beb30d73\"},\"headline\":\"Appuntamenti in breve a Cortina fino a sabato 24 agosto\",\"datePublished\":\"2013-08-22T20:09:54+00:00\",\"mainEntityOfPage\":{\"@id\":\"https:\\\/\\\/www.bellunopress.it\\\/2013\\\/08\\\/22\\\/appuntamenti-in-breve-a-cortina-fino-a-sabato-24-agosto\\\/\"},\"wordCount\":500,\"publisher\":{\"@id\":\"https:\\\/\\\/www.bellunopress.it\\\/#organization\"},\"articleSection\":[\"Appuntamenti, Eventi\",\"Pausa Caff\u00e8\"],\"inLanguage\":\"fr-FR\"},{\"@type\":\"WebPage\",\"@id\":\"https:\\\/\\\/www.bellunopress.it\\\/2013\\\/08\\\/22\\\/appuntamenti-in-breve-a-cortina-fino-a-sabato-24-agosto\\\/\",\"url\":\"https:\\\/\\\/www.bellunopress.it\\\/2013\\\/08\\\/22\\\/appuntamenti-in-breve-a-cortina-fino-a-sabato-24-agosto\\\/\",\"name\":\"Appuntamenti in breve a Cortina fino a sabato 24 agosto - Bellunopress - Dolomiti\",\"isPartOf\":{\"@id\":\"https:\\\/\\\/www.bellunopress.it\\\/#website\"},\"datePublished\":\"2013-08-22T20:09:54+00:00\",\"breadcrumb\":{\"@id\":\"https:\\\/\\\/www.bellunopress.it\\\/2013\\\/08\\\/22\\\/appuntamenti-in-breve-a-cortina-fino-a-sabato-24-agosto\\\/#breadcrumb\"},\"inLanguage\":\"fr-FR\",\"potentialAction\":[{\"@type\":\"ReadAction\",\"target\":[\"https:\\\/\\\/www.bellunopress.it\\\/2013\\\/08\\\/22\\\/appuntamenti-in-breve-a-cortina-fino-a-sabato-24-agosto\\\/\"]}]},{\"@type\":\"BreadcrumbList\",\"@id\":\"https:\\\/\\\/www.bellunopress.it\\\/2013\\\/08\\\/22\\\/appuntamenti-in-breve-a-cortina-fino-a-sabato-24-agosto\\\/#breadcrumb\",\"itemListElement\":[{\"@type\":\"ListItem\",\"position\":1,\"name\":\"Home\",\"item\":\"https:\\\/\\\/www.bellunopress.it\\\/\"},{\"@type\":\"ListItem\",\"position\":2,\"name\":\"Appuntamenti in breve a Cortina fino a sabato 24 agosto\"}]},{\"@type\":\"WebSite\",\"@id\":\"https:\\\/\\\/www.bellunopress.it\\\/#website\",\"url\":\"https:\\\/\\\/www.bellunopress.it\\\/\",\"name\":\"Bellunopress - Dolomiti\",\"description\":\"e-mail: redazione@bellunopress.it\",\"publisher\":{\"@id\":\"https:\\\/\\\/www.bellunopress.it\\\/#organization\"},\"potentialAction\":[{\"@type\":\"SearchAction\",\"target\":{\"@type\":\"EntryPoint\",\"urlTemplate\":\"https:\\\/\\\/www.bellunopress.it\\\/?s={search_term_string}\"},\"query-input\":{\"@type\":\"PropertyValueSpecification\",\"valueRequired\":true,\"valueName\":\"search_term_string\"}}],\"inLanguage\":\"fr-FR\"},{\"@type\":\"Organization\",\"@id\":\"https:\\\/\\\/www.bellunopress.it\\\/#organization\",\"name\":\"Bellunopress\",\"url\":\"https:\\\/\\\/www.bellunopress.it\\\/\",\"logo\":{\"@type\":\"ImageObject\",\"inLanguage\":\"fr-FR\",\"@id\":\"https:\\\/\\\/www.bellunopress.it\\\/#\\\/schema\\\/logo\\\/image\\\/\",\"url\":\"https:\\\/\\\/www.bellunopress.it\\\/wp-content\\\/uploads\\\/2011\\\/05\\\/cropped-logo-bellunopress-.jpg\",\"contentUrl\":\"https:\\\/\\\/www.bellunopress.it\\\/wp-content\\\/uploads\\\/2011\\\/05\\\/cropped-logo-bellunopress-.jpg\",\"width\":512,\"height\":512,\"caption\":\"Bellunopress\"},\"image\":{\"@id\":\"https:\\\/\\\/www.bellunopress.it\\\/#\\\/schema\\\/logo\\\/image\\\/\"},\"sameAs\":[\"https:\\\/\\\/www.facebook.com\\\/profile.php?id=100008943462799\",\"https:\\\/\\\/x.com\\\/bellunopress\",\"https:\\\/\\\/www.linkedin.com\\\/hp\\\/?dnr=JBzUWaJfMUw8vbXJJ2tVW5-I3jZKvC4wsoxE&amp;amp;amp;amp;amp;amp;trk=nav_responsive_tab_home\",\"https:\\\/\\\/www.youtube.com\\\/channel\\\/UCxL0wu1uN0_3_7hGG0306cw\"]},{\"@type\":\"Person\",\"@id\":\"https:\\\/\\\/www.bellunopress.it\\\/#\\\/schema\\\/person\\\/79bb06722b37ece1c03d3e94beb30d73\",\"name\":\"redazione\",\"image\":{\"@type\":\"ImageObject\",\"inLanguage\":\"fr-FR\",\"@id\":\"https:\\\/\\\/secure.gravatar.com\\\/avatar\\\/37d968a2e67a6fd04c169c4bdef102d0bc5d31b2546345219e348575eb80e9a0?s=96&d=mm&r=g\",\"url\":\"https:\\\/\\\/secure.gravatar.com\\\/avatar\\\/37d968a2e67a6fd04c169c4bdef102d0bc5d31b2546345219e348575eb80e9a0?s=96&d=mm&r=g\",\"contentUrl\":\"https:\\\/\\\/secure.gravatar.com\\\/avatar\\\/37d968a2e67a6fd04c169c4bdef102d0bc5d31b2546345219e348575eb80e9a0?s=96&d=mm&r=g\",\"caption\":\"redazione\"},\"sameAs\":[\"http:\\\/\\\/www.bellunopress.it\",\"https:\\\/\\\/x.com\\\/bellunopress\"],\"url\":\"https:\\\/\\\/www.bellunopress.it\\\/fr\\\/author\\\/redazione\\\/\"}]}<\/script>\n<!-- \/ Yoast SEO plugin. -->","yoast_head_json":{"title":"Appuntamenti in breve a Cortina fino a sabato 24 agosto - Bellunopress - Dolomiti","robots":{"index":"index","follow":"follow","max-snippet":"max-snippet:-1","max-image-preview":"max-image-preview:large","max-video-preview":"max-video-preview:-1"},"canonical":"https:\/\/www.bellunopress.it\/fr\/2013\/08\/22\/appuntamenti-in-breve-a-cortina-fino-a-sabato-24-agosto\/","og_locale":"fr_FR","og_type":"article","og_title":"Appuntamenti in breve a Cortina fino a sabato 24 agosto - Bellunopress - Dolomiti","og_description":"VENERD\u00cc 23 AGOSTO Ore 17.30 Andrea Illy parler\u00e0 del tema Un\u2019azienda per l\u2019arte contemporanea nell\u2019ambito della rassegna Arte d\u2019Agosto al Museo d\u2019Arte Moderna Mario Rimoldi di Cortina d&#8217;Ampezzo. Ore 18.00 Gerri presenta il I\u00b0 prosecco della Valbelluna. Testimonial dell&#8217;evento Laila Zardini. Inaugurazione della mostra fotografica di Dario Dall&#8217;Olio. Ore 18.00, Anemos 5. Metropoli, anima e [&hellip;]","og_url":"https:\/\/www.bellunopress.it\/fr\/2013\/08\/22\/appuntamenti-in-breve-a-cortina-fino-a-sabato-24-agosto\/","og_site_name":"Bellunopress - Dolomiti","article_publisher":"https:\/\/www.facebook.com\/profile.php?id=100008943462799","article_published_time":"2013-08-22T20:09:54+00:00","og_image":[{"url":"http:\/\/www.bellunopress.it\/wp-content\/uploads\/2012\/07\/logo-bellunopress-250x250-2012.jpg","type":"","width":"","height":""}],"author":"redazione","twitter_card":"summary_large_image","twitter_creator":"@bellunopress","twitter_site":"@bellunopress","twitter_misc":{"\u00c9crit par":"redazione","Dur\u00e9e de lecture estim\u00e9e":"2 minutes"},"schema":{"@context":"https:\/\/schema.org","@graph":[{"@type":"Article","@id":"https:\/\/www.bellunopress.it\/2013\/08\/22\/appuntamenti-in-breve-a-cortina-fino-a-sabato-24-agosto\/#article","isPartOf":{"@id":"https:\/\/www.bellunopress.it\/2013\/08\/22\/appuntamenti-in-breve-a-cortina-fino-a-sabato-24-agosto\/"},"author":{"name":"redazione","@id":"https:\/\/www.bellunopress.it\/#\/schema\/person\/79bb06722b37ece1c03d3e94beb30d73"},"headline":"Appuntamenti in breve a Cortina fino a sabato 24 agosto","datePublished":"2013-08-22T20:09:54+00:00","mainEntityOfPage":{"@id":"https:\/\/www.bellunopress.it\/2013\/08\/22\/appuntamenti-in-breve-a-cortina-fino-a-sabato-24-agosto\/"},"wordCount":500,"publisher":{"@id":"https:\/\/www.bellunopress.it\/#organization"},"articleSection":["Appuntamenti, Eventi","Pausa Caff\u00e8"],"inLanguage":"fr-FR"},{"@type":"WebPage","@id":"https:\/\/www.bellunopress.it\/2013\/08\/22\/appuntamenti-in-breve-a-cortina-fino-a-sabato-24-agosto\/","url":"https:\/\/www.bellunopress.it\/2013\/08\/22\/appuntamenti-in-breve-a-cortina-fino-a-sabato-24-agosto\/","name":"Appuntamenti in breve a Cortina fino a sabato 24 agosto - Bellunopress - Dolomiti","isPartOf":{"@id":"https:\/\/www.bellunopress.it\/#website"},"datePublished":"2013-08-22T20:09:54+00:00","breadcrumb":{"@id":"https:\/\/www.bellunopress.it\/2013\/08\/22\/appuntamenti-in-breve-a-cortina-fino-a-sabato-24-agosto\/#breadcrumb"},"inLanguage":"fr-FR","potentialAction":[{"@type":"ReadAction","target":["https:\/\/www.bellunopress.it\/2013\/08\/22\/appuntamenti-in-breve-a-cortina-fino-a-sabato-24-agosto\/"]}]},{"@type":"BreadcrumbList","@id":"https:\/\/www.bellunopress.it\/2013\/08\/22\/appuntamenti-in-breve-a-cortina-fino-a-sabato-24-agosto\/#breadcrumb","itemListElement":[{"@type":"ListItem","position":1,"name":"Home","item":"https:\/\/www.bellunopress.it\/"},{"@type":"ListItem","position":2,"name":"Appuntamenti in breve a Cortina fino a sabato 24 agosto"}]},{"@type":"WebSite","@id":"https:\/\/www.bellunopress.it\/#website","url":"https:\/\/www.bellunopress.it\/","name":"Bellunopress - Dolomiti","description":"e-mail: redazione@bellunopress.it","publisher":{"@id":"https:\/\/www.bellunopress.it\/#organization"},"potentialAction":[{"@type":"SearchAction","target":{"@type":"EntryPoint","urlTemplate":"https:\/\/www.bellunopress.it\/?s={search_term_string}"},"query-input":{"@type":"PropertyValueSpecification","valueRequired":true,"valueName":"search_term_string"}}],"inLanguage":"fr-FR"},{"@type":"Organization","@id":"https:\/\/www.bellunopress.it\/#organization","name":"Bellunopress","url":"https:\/\/www.bellunopress.it\/","logo":{"@type":"ImageObject","inLanguage":"fr-FR","@id":"https:\/\/www.bellunopress.it\/#\/schema\/logo\/image\/","url":"https:\/\/www.bellunopress.it\/wp-content\/uploads\/2011\/05\/cropped-logo-bellunopress-.jpg","contentUrl":"https:\/\/www.bellunopress.it\/wp-content\/uploads\/2011\/05\/cropped-logo-bellunopress-.jpg","width":512,"height":512,"caption":"Bellunopress"},"image":{"@id":"https:\/\/www.bellunopress.it\/#\/schema\/logo\/image\/"},"sameAs":["https:\/\/www.facebook.com\/profile.php?id=100008943462799","https:\/\/x.com\/bellunopress","https:\/\/www.linkedin.com\/hp\/?dnr=JBzUWaJfMUw8vbXJJ2tVW5-I3jZKvC4wsoxE&amp;amp;amp;amp;amp;amp;trk=nav_responsive_tab_home","https:\/\/www.youtube.com\/channel\/UCxL0wu1uN0_3_7hGG0306cw"]},{"@type":"Person","@id":"https:\/\/www.bellunopress.it\/#\/schema\/person\/79bb06722b37ece1c03d3e94beb30d73","name":"r\u00e9daction","image":{"@type":"ImageObject","inLanguage":"fr-FR","@id":"https:\/\/secure.gravatar.com\/avatar\/37d968a2e67a6fd04c169c4bdef102d0bc5d31b2546345219e348575eb80e9a0?s=96&d=mm&r=g","url":"https:\/\/secure.gravatar.com\/avatar\/37d968a2e67a6fd04c169c4bdef102d0bc5d31b2546345219e348575eb80e9a0?s=96&d=mm&r=g","contentUrl":"https:\/\/secure.gravatar.com\/avatar\/37d968a2e67a6fd04c169c4bdef102d0bc5d31b2546345219e348575eb80e9a0?s=96&d=mm&r=g","caption":"redazione"},"sameAs":["http:\/\/www.bellunopress.it","https:\/\/x.com\/bellunopress"],"url":"https:\/\/www.bellunopress.it\/fr\/author\/redazione\/"}]}},"_links":{"self":[{"href":"https:\/\/www.bellunopress.it\/fr\/wp-json\/wp\/v2\/posts\/51958","targetHints":{"allow":["GET"]}}],"collection":[{"href":"https:\/\/www.bellunopress.it\/fr\/wp-json\/wp\/v2\/posts"}],"about":[{"href":"https:\/\/www.bellunopress.it\/fr\/wp-json\/wp\/v2\/types\/post"}],"author":[{"embeddable":true,"href":"https:\/\/www.bellunopress.it\/fr\/wp-json\/wp\/v2\/users\/2"}],"replies":[{"embeddable":true,"href":"https:\/\/www.bellunopress.it\/fr\/wp-json\/wp\/v2\/comments?post=51958"}],"version-history":[{"count":1,"href":"https:\/\/www.bellunopress.it\/fr\/wp-json\/wp\/v2\/posts\/51958\/revisions"}],"predecessor-version":[{"id":51959,"href":"https:\/\/www.bellunopress.it\/fr\/wp-json\/wp\/v2\/posts\/51958\/revisions\/51959"}],"wp:attachment":[{"href":"https:\/\/www.bellunopress.it\/fr\/wp-json\/wp\/v2\/media?parent=51958"}],"wp:term":[{"taxonomy":"category","embeddable":true,"href":"https:\/\/www.bellunopress.it\/fr\/wp-json\/wp\/v2\/categories?post=51958"},{"taxonomy":"post_tag","embeddable":true,"href":"https:\/\/www.bellunopress.it\/fr\/wp-json\/wp\/v2\/tags?post=51958"}],"curies":[{"name":"wp","href":"https:\/\/api.w.org\/{rel}","templated":true}]}}