{"id":51946,"date":"2013-08-22T19:37:22","date_gmt":"2013-08-22T18:37:22","guid":{"rendered":"http:\/\/www.bellunopress.it\/?p=51946"},"modified":"2013-08-22T19:37:22","modified_gmt":"2013-08-22T18:37:22","slug":"coppa-doro-delle-dolomiti-le-veterane-scaldano-i-motori-per-quella-che-nuvolari-chiamo-la-mille-miglia-delle-dolomiti","status":"publish","type":"post","link":"https:\/\/www.bellunopress.it\/fr\/2013\/08\/22\/coppa-doro-delle-dolomiti-le-veterane-scaldano-i-motori-per-quella-che-nuvolari-chiamo-la-mille-miglia-delle-dolomiti\/","title":{"rendered":"Coppa d&#8217;Oro delle Dolomiti: le veterane scaldano i motori per quella che Nuvolari chiam\u00f2 &#8220;La Mille miglia delle Dolomiti&#8221;"},"content":{"rendered":"<figure id=\"attachment_41619\" aria-describedby=\"caption-attachment-41619\" style=\"width: 300px\" class=\"wp-caption alignleft\"><a href=\"http:\/\/www.bellunopress.it\/wp-content\/uploads\/2012\/09\/Coppa-doro-Can\u00e8_Galliani-Lancia-Aprilia.jpg\"><img loading=\"lazy\" decoding=\"async\" class=\"size-full wp-image-41619\" alt=\"Lancia Aprilia di Can\u00e8 e Galliani vincitori dell'edizione 2012\" src=\"http:\/\/www.bellunopress.it\/wp-content\/uploads\/2012\/09\/Coppa-doro-Can\u00e8_Galliani-Lancia-Aprilia.jpg\" width=\"300\" height=\"200\" \/><\/a><figcaption id=\"caption-attachment-41619\" class=\"wp-caption-text\">Lancia Aprilia di Can\u00e8 e Galliani vincitori dell&#8217;edizione 2012<\/figcaption><\/figure>\n<p>La Coppa d\u2019Oro delle Dolomiti \u00e8 ai nastri di partenza: come da tradizione il primo weekend di settembre Cortina d\u2019Ampezzo sar\u00e0 palcoscenico di una delle pi\u00f9 spettacolari corse d\u2019auto d\u2019epoca al mondo, quella che Tazio Nuvolari defin\u00ec: \u201cla Mille Miglia delle Dolomiti\u201d.<\/p>\n<p>Infatti la corsa organizzata nella splendida cornice delle Dolomiti e riservata alle vetture costruite dal 1919 al 1961 lungo un percorso di circa 500 km che quest\u2019anno, oltre il Veneto, toccher\u00e0 anche alcune localit\u00e0 del Trentino e dell\u2019Alto Adige attraversando paesaggi che faranno da spettacolare quinta per quello che vuole essere un grande appuntamento per tutti gli appassionati delle auto, della montagna, delle sfide.<\/p>\n<p>&nbsp;<\/p>\n<p>In Veneto le localit\u00e0 pi\u00f9 significative attraversate dalla Coppa d\u2019Oro delle Dolomiti saranno:<\/p>\n<p>\u00b7 CORTINA D\u2019AMPEZZO<\/p>\n<p>\u00b7 LAGO DI MISURINA<\/p>\n<p>\u00b7 PASSO FALZAREGO<\/p>\n<p>\u00b7 ARABBA<\/p>\n<p>\u00b7 DIGONERA<\/p>\n<p>\u00b7 MALGA CIAPELA (SOSTA PRANZO 30 AGO)<\/p>\n<p>\u00b7 FALCADE (SOSTA PRANZO 31 AGO)<\/p>\n<p>\u00b7 AGORDO<\/p>\n<p>\u00b7 SELVA DI CADORE<\/p>\n<p>\u00b7 PASSO GIAU<\/p>\n<p>&nbsp;<\/p>","protected":false},"excerpt":{"rendered":"<p>La Coppa d\u2019Oro delle Dolomiti \u00e8 ai nastri di partenza: come da tradizione il primo weekend di settembre Cortina d\u2019Ampezzo sar\u00e0 palcoscenico di una delle pi\u00f9 spettacolari corse d\u2019auto d\u2019epoca al mondo, quella che Tazio Nuvolari defin\u00ec: \u201cla Mille Miglia delle Dolomiti\u201d. Infatti la corsa organizzata nella splendida cornice delle Dolomiti e riservata alle vetture [&hellip;]<\/p>\n","protected":false},"author":2,"featured_media":0,"comment_status":"closed","ping_status":"open","sticky":false,"template":"","format":"standard","meta":{"footnotes":""},"categories":[26,4],"tags":[],"class_list":["post-51946","post","type-post","status-publish","format-standard","category-prima-pagina","category-sport"],"yoast_head":"<!-- This site is optimized with the Yoast SEO plugin v28.4 - https:\/\/yoast.com\/product\/yoast-seo-wordpress\/ -->\n<title>Coppa d&#039;Oro delle Dolomiti: le veterane scaldano i motori per quella che Nuvolari chiam\u00f2 &quot;La Mille miglia delle Dolomiti&quot; - Bellunopress - Dolomiti<\/title>\n<meta name=\"robots\" content=\"index, follow, max-snippet:-1, max-image-preview:large, max-video-preview:-1\" \/>\n<link rel=\"canonical\" href=\"https:\/\/www.bellunopress.it\/fr\/2013\/08\/22\/coppa-doro-delle-dolomiti-le-veterane-scaldano-i-motori-per-quella-che-nuvolari-chiamo-la-mille-miglia-delle-dolomiti\/\" \/>\n<meta property=\"og:locale\" content=\"fr_FR\" \/>\n<meta property=\"og:type\" content=\"article\" \/>\n<meta property=\"og:title\" content=\"Coppa d&#039;Oro delle Dolomiti: le veterane scaldano i motori per quella che Nuvolari chiam\u00f2 &quot;La Mille miglia delle Dolomiti&quot; - Bellunopress - Dolomiti\" \/>\n<meta property=\"og:description\" content=\"La Coppa d\u2019Oro delle Dolomiti \u00e8 ai nastri di partenza: come da tradizione il primo weekend di settembre Cortina d\u2019Ampezzo sar\u00e0 palcoscenico di una delle pi\u00f9 spettacolari corse d\u2019auto d\u2019epoca al mondo, quella che Tazio Nuvolari defin\u00ec: \u201cla Mille Miglia delle Dolomiti\u201d. Infatti la corsa organizzata nella splendida cornice delle Dolomiti e riservata alle vetture [&hellip;]\" \/>\n<meta property=\"og:url\" content=\"https:\/\/www.bellunopress.it\/fr\/2013\/08\/22\/coppa-doro-delle-dolomiti-le-veterane-scaldano-i-motori-per-quella-che-nuvolari-chiamo-la-mille-miglia-delle-dolomiti\/\" \/>\n<meta property=\"og:site_name\" content=\"Bellunopress - Dolomiti\" \/>\n<meta property=\"article:publisher\" content=\"https:\/\/www.facebook.com\/profile.php?id=100008943462799\" \/>\n<meta property=\"article:published_time\" content=\"2013-08-22T18:37:22+00:00\" \/>\n<meta property=\"og:image\" content=\"http:\/\/www.bellunopress.it\/wp-content\/uploads\/2012\/09\/Coppa-doro-Can\u00e8_Galliani-Lancia-Aprilia.jpg\" \/>\n<meta name=\"author\" content=\"redazione\" \/>\n<meta name=\"twitter:card\" content=\"summary_large_image\" \/>\n<meta name=\"twitter:creator\" content=\"@bellunopress\" \/>\n<meta name=\"twitter:site\" content=\"@bellunopress\" \/>\n<meta name=\"twitter:label1\" content=\"\u00c9crit par\" \/>\n\t<meta name=\"twitter:data1\" content=\"redazione\" \/>\n\t<meta name=\"twitter:label2\" content=\"Dur\u00e9e de lecture estim\u00e9e\" \/>\n\t<meta name=\"twitter:data2\" content=\"1 minute\" \/>\n<script type=\"application\/ld+json\" class=\"yoast-schema-graph\">{\"@context\":\"https:\\\/\\\/schema.org\",\"@graph\":[{\"@type\":\"Article\",\"@id\":\"https:\\\/\\\/www.bellunopress.it\\\/2013\\\/08\\\/22\\\/coppa-doro-delle-dolomiti-le-veterane-scaldano-i-motori-per-quella-che-nuvolari-chiamo-la-mille-miglia-delle-dolomiti\\\/#article\",\"isPartOf\":{\"@id\":\"https:\\\/\\\/www.bellunopress.it\\\/2013\\\/08\\\/22\\\/coppa-doro-delle-dolomiti-le-veterane-scaldano-i-motori-per-quella-che-nuvolari-chiamo-la-mille-miglia-delle-dolomiti\\\/\"},\"author\":{\"name\":\"redazione\",\"@id\":\"https:\\\/\\\/www.bellunopress.it\\\/#\\\/schema\\\/person\\\/79bb06722b37ece1c03d3e94beb30d73\"},\"headline\":\"Coppa d&#8217;Oro delle Dolomiti: le veterane scaldano i motori per quella che Nuvolari chiam\u00f2 &#8220;La Mille miglia delle Dolomiti&#8221;\",\"datePublished\":\"2013-08-22T18:37:22+00:00\",\"mainEntityOfPage\":{\"@id\":\"https:\\\/\\\/www.bellunopress.it\\\/2013\\\/08\\\/22\\\/coppa-doro-delle-dolomiti-le-veterane-scaldano-i-motori-per-quella-che-nuvolari-chiamo-la-mille-miglia-delle-dolomiti\\\/\"},\"wordCount\":185,\"publisher\":{\"@id\":\"https:\\\/\\\/www.bellunopress.it\\\/#organization\"},\"articleSection\":[\"Prima Pagina\",\"Sport, tempo libero\"],\"inLanguage\":\"fr-FR\"},{\"@type\":\"WebPage\",\"@id\":\"https:\\\/\\\/www.bellunopress.it\\\/2013\\\/08\\\/22\\\/coppa-doro-delle-dolomiti-le-veterane-scaldano-i-motori-per-quella-che-nuvolari-chiamo-la-mille-miglia-delle-dolomiti\\\/\",\"url\":\"https:\\\/\\\/www.bellunopress.it\\\/2013\\\/08\\\/22\\\/coppa-doro-delle-dolomiti-le-veterane-scaldano-i-motori-per-quella-che-nuvolari-chiamo-la-mille-miglia-delle-dolomiti\\\/\",\"name\":\"Coppa d'Oro delle Dolomiti: le veterane scaldano i motori per quella che Nuvolari chiam\u00f2 \\\"La Mille miglia delle Dolomiti\\\" - Bellunopress - Dolomiti\",\"isPartOf\":{\"@id\":\"https:\\\/\\\/www.bellunopress.it\\\/#website\"},\"datePublished\":\"2013-08-22T18:37:22+00:00\",\"breadcrumb\":{\"@id\":\"https:\\\/\\\/www.bellunopress.it\\\/2013\\\/08\\\/22\\\/coppa-doro-delle-dolomiti-le-veterane-scaldano-i-motori-per-quella-che-nuvolari-chiamo-la-mille-miglia-delle-dolomiti\\\/#breadcrumb\"},\"inLanguage\":\"fr-FR\",\"potentialAction\":[{\"@type\":\"ReadAction\",\"target\":[\"https:\\\/\\\/www.bellunopress.it\\\/2013\\\/08\\\/22\\\/coppa-doro-delle-dolomiti-le-veterane-scaldano-i-motori-per-quella-che-nuvolari-chiamo-la-mille-miglia-delle-dolomiti\\\/\"]}]},{\"@type\":\"BreadcrumbList\",\"@id\":\"https:\\\/\\\/www.bellunopress.it\\\/2013\\\/08\\\/22\\\/coppa-doro-delle-dolomiti-le-veterane-scaldano-i-motori-per-quella-che-nuvolari-chiamo-la-mille-miglia-delle-dolomiti\\\/#breadcrumb\",\"itemListElement\":[{\"@type\":\"ListItem\",\"position\":1,\"name\":\"Home\",\"item\":\"https:\\\/\\\/www.bellunopress.it\\\/\"},{\"@type\":\"ListItem\",\"position\":2,\"name\":\"Coppa d&#8217;Oro delle Dolomiti: le veterane scaldano i motori per quella che Nuvolari chiam\u00f2 &#8220;La Mille miglia delle Dolomiti&#8221;\"}]},{\"@type\":\"WebSite\",\"@id\":\"https:\\\/\\\/www.bellunopress.it\\\/#website\",\"url\":\"https:\\\/\\\/www.bellunopress.it\\\/\",\"name\":\"Bellunopress - Dolomiti\",\"description\":\"e-mail: redazione@bellunopress.it\",\"publisher\":{\"@id\":\"https:\\\/\\\/www.bellunopress.it\\\/#organization\"},\"potentialAction\":[{\"@type\":\"SearchAction\",\"target\":{\"@type\":\"EntryPoint\",\"urlTemplate\":\"https:\\\/\\\/www.bellunopress.it\\\/?s={search_term_string}\"},\"query-input\":{\"@type\":\"PropertyValueSpecification\",\"valueRequired\":true,\"valueName\":\"search_term_string\"}}],\"inLanguage\":\"fr-FR\"},{\"@type\":\"Organization\",\"@id\":\"https:\\\/\\\/www.bellunopress.it\\\/#organization\",\"name\":\"Bellunopress\",\"url\":\"https:\\\/\\\/www.bellunopress.it\\\/\",\"logo\":{\"@type\":\"ImageObject\",\"inLanguage\":\"fr-FR\",\"@id\":\"https:\\\/\\\/www.bellunopress.it\\\/#\\\/schema\\\/logo\\\/image\\\/\",\"url\":\"https:\\\/\\\/www.bellunopress.it\\\/wp-content\\\/uploads\\\/2011\\\/05\\\/cropped-logo-bellunopress-.jpg\",\"contentUrl\":\"https:\\\/\\\/www.bellunopress.it\\\/wp-content\\\/uploads\\\/2011\\\/05\\\/cropped-logo-bellunopress-.jpg\",\"width\":512,\"height\":512,\"caption\":\"Bellunopress\"},\"image\":{\"@id\":\"https:\\\/\\\/www.bellunopress.it\\\/#\\\/schema\\\/logo\\\/image\\\/\"},\"sameAs\":[\"https:\\\/\\\/www.facebook.com\\\/profile.php?id=100008943462799\",\"https:\\\/\\\/x.com\\\/bellunopress\",\"https:\\\/\\\/www.linkedin.com\\\/hp\\\/?dnr=JBzUWaJfMUw8vbXJJ2tVW5-I3jZKvC4wsoxE&amp;amp;amp;amp;amp;amp;trk=nav_responsive_tab_home\",\"https:\\\/\\\/www.youtube.com\\\/channel\\\/UCxL0wu1uN0_3_7hGG0306cw\"]},{\"@type\":\"Person\",\"@id\":\"https:\\\/\\\/www.bellunopress.it\\\/#\\\/schema\\\/person\\\/79bb06722b37ece1c03d3e94beb30d73\",\"name\":\"redazione\",\"image\":{\"@type\":\"ImageObject\",\"inLanguage\":\"fr-FR\",\"@id\":\"https:\\\/\\\/secure.gravatar.com\\\/avatar\\\/37d968a2e67a6fd04c169c4bdef102d0bc5d31b2546345219e348575eb80e9a0?s=96&d=mm&r=g\",\"url\":\"https:\\\/\\\/secure.gravatar.com\\\/avatar\\\/37d968a2e67a6fd04c169c4bdef102d0bc5d31b2546345219e348575eb80e9a0?s=96&d=mm&r=g\",\"contentUrl\":\"https:\\\/\\\/secure.gravatar.com\\\/avatar\\\/37d968a2e67a6fd04c169c4bdef102d0bc5d31b2546345219e348575eb80e9a0?s=96&d=mm&r=g\",\"caption\":\"redazione\"},\"sameAs\":[\"http:\\\/\\\/www.bellunopress.it\",\"https:\\\/\\\/x.com\\\/bellunopress\"],\"url\":\"https:\\\/\\\/www.bellunopress.it\\\/fr\\\/author\\\/redazione\\\/\"}]}<\/script>\n<!-- \/ Yoast SEO plugin. -->","yoast_head_json":{"title":"Coppa d'Oro delle Dolomiti: le veterane scaldano i motori per quella che Nuvolari chiam\u00f2 \"La Mille miglia delle Dolomiti\" - Bellunopress - Dolomiti","robots":{"index":"index","follow":"follow","max-snippet":"max-snippet:-1","max-image-preview":"max-image-preview:large","max-video-preview":"max-video-preview:-1"},"canonical":"https:\/\/www.bellunopress.it\/fr\/2013\/08\/22\/coppa-doro-delle-dolomiti-le-veterane-scaldano-i-motori-per-quella-che-nuvolari-chiamo-la-mille-miglia-delle-dolomiti\/","og_locale":"fr_FR","og_type":"article","og_title":"Coppa d'Oro delle Dolomiti: le veterane scaldano i motori per quella che Nuvolari chiam\u00f2 \"La Mille miglia delle Dolomiti\" - Bellunopress - Dolomiti","og_description":"La Coppa d\u2019Oro delle Dolomiti \u00e8 ai nastri di partenza: come da tradizione il primo weekend di settembre Cortina d\u2019Ampezzo sar\u00e0 palcoscenico di una delle pi\u00f9 spettacolari corse d\u2019auto d\u2019epoca al mondo, quella che Tazio Nuvolari defin\u00ec: \u201cla Mille Miglia delle Dolomiti\u201d. Infatti la corsa organizzata nella splendida cornice delle Dolomiti e riservata alle vetture [&hellip;]","og_url":"https:\/\/www.bellunopress.it\/fr\/2013\/08\/22\/coppa-doro-delle-dolomiti-le-veterane-scaldano-i-motori-per-quella-che-nuvolari-chiamo-la-mille-miglia-delle-dolomiti\/","og_site_name":"Bellunopress - Dolomiti","article_publisher":"https:\/\/www.facebook.com\/profile.php?id=100008943462799","article_published_time":"2013-08-22T18:37:22+00:00","og_image":[{"url":"http:\/\/www.bellunopress.it\/wp-content\/uploads\/2012\/09\/Coppa-doro-Can\u00e8_Galliani-Lancia-Aprilia.jpg","type":"","width":"","height":""}],"author":"redazione","twitter_card":"summary_large_image","twitter_creator":"@bellunopress","twitter_site":"@bellunopress","twitter_misc":{"\u00c9crit par":"redazione","Dur\u00e9e de lecture estim\u00e9e":"1 minute"},"schema":{"@context":"https:\/\/schema.org","@graph":[{"@type":"Article","@id":"https:\/\/www.bellunopress.it\/2013\/08\/22\/coppa-doro-delle-dolomiti-le-veterane-scaldano-i-motori-per-quella-che-nuvolari-chiamo-la-mille-miglia-delle-dolomiti\/#article","isPartOf":{"@id":"https:\/\/www.bellunopress.it\/2013\/08\/22\/coppa-doro-delle-dolomiti-le-veterane-scaldano-i-motori-per-quella-che-nuvolari-chiamo-la-mille-miglia-delle-dolomiti\/"},"author":{"name":"redazione","@id":"https:\/\/www.bellunopress.it\/#\/schema\/person\/79bb06722b37ece1c03d3e94beb30d73"},"headline":"Coppa d&#8217;Oro delle Dolomiti: le veterane scaldano i motori per quella che Nuvolari chiam\u00f2 &#8220;La Mille miglia delle Dolomiti&#8221;","datePublished":"2013-08-22T18:37:22+00:00","mainEntityOfPage":{"@id":"https:\/\/www.bellunopress.it\/2013\/08\/22\/coppa-doro-delle-dolomiti-le-veterane-scaldano-i-motori-per-quella-che-nuvolari-chiamo-la-mille-miglia-delle-dolomiti\/"},"wordCount":185,"publisher":{"@id":"https:\/\/www.bellunopress.it\/#organization"},"articleSection":["Prima Pagina","Sport, tempo libero"],"inLanguage":"fr-FR"},{"@type":"WebPage","@id":"https:\/\/www.bellunopress.it\/2013\/08\/22\/coppa-doro-delle-dolomiti-le-veterane-scaldano-i-motori-per-quella-che-nuvolari-chiamo-la-mille-miglia-delle-dolomiti\/","url":"https:\/\/www.bellunopress.it\/2013\/08\/22\/coppa-doro-delle-dolomiti-le-veterane-scaldano-i-motori-per-quella-che-nuvolari-chiamo-la-mille-miglia-delle-dolomiti\/","name":"Coppa d'Oro delle Dolomiti: le veterane scaldano i motori per quella che Nuvolari chiam\u00f2 \"La Mille miglia delle Dolomiti\" - Bellunopress - Dolomiti","isPartOf":{"@id":"https:\/\/www.bellunopress.it\/#website"},"datePublished":"2013-08-22T18:37:22+00:00","breadcrumb":{"@id":"https:\/\/www.bellunopress.it\/2013\/08\/22\/coppa-doro-delle-dolomiti-le-veterane-scaldano-i-motori-per-quella-che-nuvolari-chiamo-la-mille-miglia-delle-dolomiti\/#breadcrumb"},"inLanguage":"fr-FR","potentialAction":[{"@type":"ReadAction","target":["https:\/\/www.bellunopress.it\/2013\/08\/22\/coppa-doro-delle-dolomiti-le-veterane-scaldano-i-motori-per-quella-che-nuvolari-chiamo-la-mille-miglia-delle-dolomiti\/"]}]},{"@type":"BreadcrumbList","@id":"https:\/\/www.bellunopress.it\/2013\/08\/22\/coppa-doro-delle-dolomiti-le-veterane-scaldano-i-motori-per-quella-che-nuvolari-chiamo-la-mille-miglia-delle-dolomiti\/#breadcrumb","itemListElement":[{"@type":"ListItem","position":1,"name":"Home","item":"https:\/\/www.bellunopress.it\/"},{"@type":"ListItem","position":2,"name":"Coppa d&#8217;Oro delle Dolomiti: le veterane scaldano i motori per quella che Nuvolari chiam\u00f2 &#8220;La Mille miglia delle Dolomiti&#8221;"}]},{"@type":"WebSite","@id":"https:\/\/www.bellunopress.it\/#website","url":"https:\/\/www.bellunopress.it\/","name":"Bellunopress - Dolomiti","description":"e-mail: redazione@bellunopress.it","publisher":{"@id":"https:\/\/www.bellunopress.it\/#organization"},"potentialAction":[{"@type":"SearchAction","target":{"@type":"EntryPoint","urlTemplate":"https:\/\/www.bellunopress.it\/?s={search_term_string}"},"query-input":{"@type":"PropertyValueSpecification","valueRequired":true,"valueName":"search_term_string"}}],"inLanguage":"fr-FR"},{"@type":"Organization","@id":"https:\/\/www.bellunopress.it\/#organization","name":"Bellunopress","url":"https:\/\/www.bellunopress.it\/","logo":{"@type":"ImageObject","inLanguage":"fr-FR","@id":"https:\/\/www.bellunopress.it\/#\/schema\/logo\/image\/","url":"https:\/\/www.bellunopress.it\/wp-content\/uploads\/2011\/05\/cropped-logo-bellunopress-.jpg","contentUrl":"https:\/\/www.bellunopress.it\/wp-content\/uploads\/2011\/05\/cropped-logo-bellunopress-.jpg","width":512,"height":512,"caption":"Bellunopress"},"image":{"@id":"https:\/\/www.bellunopress.it\/#\/schema\/logo\/image\/"},"sameAs":["https:\/\/www.facebook.com\/profile.php?id=100008943462799","https:\/\/x.com\/bellunopress","https:\/\/www.linkedin.com\/hp\/?dnr=JBzUWaJfMUw8vbXJJ2tVW5-I3jZKvC4wsoxE&amp;amp;amp;amp;amp;amp;trk=nav_responsive_tab_home","https:\/\/www.youtube.com\/channel\/UCxL0wu1uN0_3_7hGG0306cw"]},{"@type":"Person","@id":"https:\/\/www.bellunopress.it\/#\/schema\/person\/79bb06722b37ece1c03d3e94beb30d73","name":"r\u00e9daction","image":{"@type":"ImageObject","inLanguage":"fr-FR","@id":"https:\/\/secure.gravatar.com\/avatar\/37d968a2e67a6fd04c169c4bdef102d0bc5d31b2546345219e348575eb80e9a0?s=96&d=mm&r=g","url":"https:\/\/secure.gravatar.com\/avatar\/37d968a2e67a6fd04c169c4bdef102d0bc5d31b2546345219e348575eb80e9a0?s=96&d=mm&r=g","contentUrl":"https:\/\/secure.gravatar.com\/avatar\/37d968a2e67a6fd04c169c4bdef102d0bc5d31b2546345219e348575eb80e9a0?s=96&d=mm&r=g","caption":"redazione"},"sameAs":["http:\/\/www.bellunopress.it","https:\/\/x.com\/bellunopress"],"url":"https:\/\/www.bellunopress.it\/fr\/author\/redazione\/"}]}},"_links":{"self":[{"href":"https:\/\/www.bellunopress.it\/fr\/wp-json\/wp\/v2\/posts\/51946","targetHints":{"allow":["GET"]}}],"collection":[{"href":"https:\/\/www.bellunopress.it\/fr\/wp-json\/wp\/v2\/posts"}],"about":[{"href":"https:\/\/www.bellunopress.it\/fr\/wp-json\/wp\/v2\/types\/post"}],"author":[{"embeddable":true,"href":"https:\/\/www.bellunopress.it\/fr\/wp-json\/wp\/v2\/users\/2"}],"replies":[{"embeddable":true,"href":"https:\/\/www.bellunopress.it\/fr\/wp-json\/wp\/v2\/comments?post=51946"}],"version-history":[{"count":1,"href":"https:\/\/www.bellunopress.it\/fr\/wp-json\/wp\/v2\/posts\/51946\/revisions"}],"predecessor-version":[{"id":51947,"href":"https:\/\/www.bellunopress.it\/fr\/wp-json\/wp\/v2\/posts\/51946\/revisions\/51947"}],"wp:attachment":[{"href":"https:\/\/www.bellunopress.it\/fr\/wp-json\/wp\/v2\/media?parent=51946"}],"wp:term":[{"taxonomy":"category","embeddable":true,"href":"https:\/\/www.bellunopress.it\/fr\/wp-json\/wp\/v2\/categories?post=51946"},{"taxonomy":"post_tag","embeddable":true,"href":"https:\/\/www.bellunopress.it\/fr\/wp-json\/wp\/v2\/tags?post=51946"}],"curies":[{"name":"wp","href":"https:\/\/api.w.org\/{rel}","templated":true}]}}