{"id":5167,"date":"2009-06-20T14:01:39","date_gmt":"2009-06-20T13:01:39","guid":{"rendered":"http:\/\/www.bellunopress.it\/?p=5167"},"modified":"2009-06-23T02:04:04","modified_gmt":"2009-06-23T01:04:04","slug":"il-pd-denuncia-la-lega-e-il-centrodestra-all%e2%80%99autorita-giudiziaria","status":"publish","type":"post","link":"https:\/\/www.bellunopress.it\/fr\/2009\/06\/20\/il-pd-denuncia-la-lega-e-il-centrodestra-all%e2%80%99autorita-giudiziaria\/","title":{"rendered":"Falsi volantini: Il PD denuncia l&#8217;atto in Procura e attacca la Lega. Sergio Reolon: &#8220;Continuer\u00f2 ad essere il presidente di tutti&#8221;"},"content":{"rendered":"<p>Minacce, intimidazioni, trucchi da baraccone, imbrogli e menzogne. La campagna elettorale del centrodestra di Gianpaolo Bottacin si conclude in <a href=\"http:\/\/www.bellunopress.it\/wp-content\/uploads\/2009\/06\/denuncia-reolon-leggera1.jpg\"><img loading=\"lazy\" decoding=\"async\" class=\"alignleft size-medium wp-image-5170\" title=\"denuncia-reolon-leggera1\" src=\"http:\/\/www.bellunopress.it\/wp-content\/uploads\/2009\/06\/denuncia-reolon-leggera1.jpg\" alt=\"\" width=\"270\" height=\"180\" \/><\/a>gloria. L\u2019ultimo atto di arroganza e di presa in giro delle istituzioni si consuma in queste ore, con falsi volantini siglati Pd che invitano i cittadini a non votare per Reolon. Il Pd ha riunito d\u2019urgenza una conferenza stampa per rendere pubblica la denuncia dei fatti alla magistratura. Intanto anche in questa redazione continuano a giungere numerose le lettere di cittadini indignati per le bassezze messe in campo dagli avversari politici e che manifestano preoccupazione per i futuro di questo territorio. Dopo i manifesti killer, le svastiche sull\u2019immagine dei candidati del centrosinistra, le violenze ai fotografi dei quotidiani e il danneggiamento dei vetri di una scuola coperti di adesivi leghisti,\u00a0 i teppisti della politica fanno l\u2019en plein di stoltezza facendosi beffe dei cittadini bellunesi (di tutti) e delle regole democratiche, fino all\u2019ultimo secondo, e oltre.\u00a0 &#8220;C&#8217;\u00e8 gente disposta a tutto per il potere, ma io continuer\u00f2 a essere presidente di tutti&#8221;, ha detto Reolon costernato per i falsi volantini firmati Pd contro di lui. I volantini sono apparsi nei parcheggi di Belluno il giorno di silenzio\u00a0 elettorale. Il candidato ha ricevuto la solidariet\u00e0 di tutto il partito. E&#8217; stato presentato un esposto in questura e ora gli uomini della Digos\u00a0 ora sono impegnati nella caccia agli autori. &#8220;Questo \u00e8 il loro stile&#8221;, ha detto Reolon nella conferenza stampa convocata oggi pomeriggio alle 15.30. Affiancato dai dirigenti provinciali del Pd, dai presidenti dei circoli arrivati da tutta la provincia, dal senatore Maurizio Fistarol e da numerosi militanti, Reolon ha evidenziato le differenze di stile di questa campagna\u00a0 elettorale. &#8220;Evidentemente c&#8217;\u00e8 chi \u00e8 disposto a tutto pur di vincere: picchia i fotografi del Gazzettino e del Corriere delle Alpi in una manifestazione pubblica, insulta il competitore &#8211; considerato non un legittimo avversario, ma un nemico da uccidere &#8211; denigra, mette in\u00a0 giro dicerie e racconta falsit\u00e0 sul nostro conto&#8221;. C&#8217;\u00e8 da rimanere allibiti, ha concluso Reolon, &#8220;da questo clima di inutile\u00a0 contrapposizione alimentato dalla fame di potere di certe persone, ma\u00a0 non mi lascio certo intimidire. Continuer\u00f2 a essere presidente di tutti&#8221;. Secondo il senatore Maurizio Fistarol questo volantino falso &#8220;\u00e8 il segno della paura che regna nella Lega. Emerge con chiarezza che l&#8217;unica cosa che li lega \u00e8 la voglia di occupare posti di potere&#8221;. Alla conferenza stampa hanno partecipato venti dirigenti provinciali e\u00a0 locali del Partito Democratico. Il coordinatore provinciale Valerio Tabacchi ha presentato un esposto alla Questura di Belluno e sta\u00a0 collaborando con gli uomini della Digos per cercare di individuare gli autori del volantinaggio. L&#8217;esponente del Pd Luciano Dal Molin \u00e8 &#8220;indignato dalla prepotenza e dal disprezzo delle regole che esprimono i nostri avversari.\u00a0 Soprattutto perch\u00e9 si richiamano sempre pi\u00f9 spesso ai valori cristiani e cattolici. Ebbene, io sono cattolico, lavoro da oltre 20 anni nelle parrocchie e nel volontariato e di queste persone non ne ho vista nemmeno una&#8221;.<\/p>","protected":false},"excerpt":{"rendered":"<p>Minacce, intimidazioni, trucchi da baraccone, imbrogli e menzogne. La campagna elettorale del centrodestra di Gianpaolo Bottacin si conclude in gloria. L\u2019ultimo atto di arroganza e di presa in giro delle istituzioni si consuma in queste ore, con falsi volantini siglati Pd che invitano i cittadini a non votare per Reolon. Il Pd ha riunito d\u2019urgenza [&hellip;]<\/p>\n","protected":false},"author":2,"featured_media":0,"comment_status":"closed","ping_status":"open","sticky":false,"template":"","format":"standard","meta":{"footnotes":""},"categories":[5],"tags":[139],"class_list":["post-5167","post","type-post","status-publish","format-standard","category-cronaca","tag-belluno"],"yoast_head":"<!-- This site is optimized with the Yoast SEO plugin v28.4 - https:\/\/yoast.com\/product\/yoast-seo-wordpress\/ -->\n<title>Falsi volantini: Il PD denuncia l&#039;atto in Procura e attacca la Lega. Sergio Reolon: &quot;Continuer\u00f2 ad essere il presidente di tutti&quot; - Bellunopress - Dolomiti<\/title>\n<meta name=\"robots\" content=\"index, follow, max-snippet:-1, max-image-preview:large, max-video-preview:-1\" \/>\n<link rel=\"canonical\" href=\"https:\/\/www.bellunopress.it\/fr\/2009\/06\/20\/il-pd-denuncia-la-lega-e-il-centrodestra-all\u2019autorita-giudiziaria\/\" \/>\n<meta property=\"og:locale\" content=\"fr_FR\" \/>\n<meta property=\"og:type\" content=\"article\" \/>\n<meta property=\"og:title\" content=\"Falsi volantini: Il PD denuncia l&#039;atto in Procura e attacca la Lega. Sergio Reolon: &quot;Continuer\u00f2 ad essere il presidente di tutti&quot; - Bellunopress - Dolomiti\" \/>\n<meta property=\"og:description\" content=\"Minacce, intimidazioni, trucchi da baraccone, imbrogli e menzogne. La campagna elettorale del centrodestra di Gianpaolo Bottacin si conclude in gloria. L\u2019ultimo atto di arroganza e di presa in giro delle istituzioni si consuma in queste ore, con falsi volantini siglati Pd che invitano i cittadini a non votare per Reolon. Il Pd ha riunito d\u2019urgenza [&hellip;]\" \/>\n<meta property=\"og:url\" content=\"https:\/\/www.bellunopress.it\/fr\/2009\/06\/20\/il-pd-denuncia-la-lega-e-il-centrodestra-all\u2019autorita-giudiziaria\/\" \/>\n<meta property=\"og:site_name\" content=\"Bellunopress - Dolomiti\" \/>\n<meta property=\"article:publisher\" content=\"https:\/\/www.facebook.com\/profile.php?id=100008943462799\" \/>\n<meta property=\"article:published_time\" content=\"2009-06-20T13:01:39+00:00\" \/>\n<meta property=\"article:modified_time\" content=\"2009-06-23T01:04:04+00:00\" \/>\n<meta property=\"og:image\" content=\"http:\/\/www.bellunopress.it\/wp-content\/uploads\/2009\/06\/denuncia-reolon-leggera1.jpg\" \/>\n<meta name=\"author\" content=\"redazione\" \/>\n<meta name=\"twitter:card\" content=\"summary_large_image\" \/>\n<meta name=\"twitter:creator\" content=\"@bellunopress\" \/>\n<meta name=\"twitter:site\" content=\"@bellunopress\" \/>\n<meta name=\"twitter:label1\" content=\"\u00c9crit par\" \/>\n\t<meta name=\"twitter:data1\" content=\"redazione\" \/>\n\t<meta name=\"twitter:label2\" content=\"Dur\u00e9e de lecture estim\u00e9e\" \/>\n\t<meta name=\"twitter:data2\" content=\"2 minutes\" \/>\n<script type=\"application\/ld+json\" class=\"yoast-schema-graph\">{\"@context\":\"https:\\\/\\\/schema.org\",\"@graph\":[{\"@type\":\"Article\",\"@id\":\"https:\\\/\\\/www.bellunopress.it\\\/2009\\\/06\\\/20\\\/il-pd-denuncia-la-lega-e-il-centrodestra-all%e2%80%99autorita-giudiziaria\\\/#article\",\"isPartOf\":{\"@id\":\"https:\\\/\\\/www.bellunopress.it\\\/2009\\\/06\\\/20\\\/il-pd-denuncia-la-lega-e-il-centrodestra-all%e2%80%99autorita-giudiziaria\\\/\"},\"author\":{\"name\":\"redazione\",\"@id\":\"https:\\\/\\\/www.bellunopress.it\\\/#\\\/schema\\\/person\\\/79bb06722b37ece1c03d3e94beb30d73\"},\"headline\":\"Falsi volantini: Il PD denuncia l&#8217;atto in Procura e attacca la Lega. Sergio Reolon: &#8220;Continuer\u00f2 ad essere il presidente di tutti&#8221;\",\"datePublished\":\"2009-06-20T13:01:39+00:00\",\"dateModified\":\"2009-06-23T01:04:04+00:00\",\"mainEntityOfPage\":{\"@id\":\"https:\\\/\\\/www.bellunopress.it\\\/2009\\\/06\\\/20\\\/il-pd-denuncia-la-lega-e-il-centrodestra-all%e2%80%99autorita-giudiziaria\\\/\"},\"wordCount\":513,\"publisher\":{\"@id\":\"https:\\\/\\\/www.bellunopress.it\\\/#organization\"},\"image\":{\"@id\":\"https:\\\/\\\/www.bellunopress.it\\\/2009\\\/06\\\/20\\\/il-pd-denuncia-la-lega-e-il-centrodestra-all%e2%80%99autorita-giudiziaria\\\/#primaryimage\"},\"thumbnailUrl\":\"http:\\\/\\\/www.bellunopress.it\\\/wp-content\\\/uploads\\\/2009\\\/06\\\/denuncia-reolon-leggera1.jpg\",\"keywords\":[\"Belluno\"],\"articleSection\":[\"Cronaca\\\/Politica\"],\"inLanguage\":\"fr-FR\"},{\"@type\":\"WebPage\",\"@id\":\"https:\\\/\\\/www.bellunopress.it\\\/2009\\\/06\\\/20\\\/il-pd-denuncia-la-lega-e-il-centrodestra-all%e2%80%99autorita-giudiziaria\\\/\",\"url\":\"https:\\\/\\\/www.bellunopress.it\\\/2009\\\/06\\\/20\\\/il-pd-denuncia-la-lega-e-il-centrodestra-all%e2%80%99autorita-giudiziaria\\\/\",\"name\":\"Falsi volantini: Il PD denuncia l'atto in Procura e attacca la Lega. Sergio Reolon: \\\"Continuer\u00f2 ad essere il presidente di tutti\\\" - Bellunopress - Dolomiti\",\"isPartOf\":{\"@id\":\"https:\\\/\\\/www.bellunopress.it\\\/#website\"},\"primaryImageOfPage\":{\"@id\":\"https:\\\/\\\/www.bellunopress.it\\\/2009\\\/06\\\/20\\\/il-pd-denuncia-la-lega-e-il-centrodestra-all%e2%80%99autorita-giudiziaria\\\/#primaryimage\"},\"image\":{\"@id\":\"https:\\\/\\\/www.bellunopress.it\\\/2009\\\/06\\\/20\\\/il-pd-denuncia-la-lega-e-il-centrodestra-all%e2%80%99autorita-giudiziaria\\\/#primaryimage\"},\"thumbnailUrl\":\"http:\\\/\\\/www.bellunopress.it\\\/wp-content\\\/uploads\\\/2009\\\/06\\\/denuncia-reolon-leggera1.jpg\",\"datePublished\":\"2009-06-20T13:01:39+00:00\",\"dateModified\":\"2009-06-23T01:04:04+00:00\",\"breadcrumb\":{\"@id\":\"https:\\\/\\\/www.bellunopress.it\\\/2009\\\/06\\\/20\\\/il-pd-denuncia-la-lega-e-il-centrodestra-all%e2%80%99autorita-giudiziaria\\\/#breadcrumb\"},\"inLanguage\":\"fr-FR\",\"potentialAction\":[{\"@type\":\"ReadAction\",\"target\":[\"https:\\\/\\\/www.bellunopress.it\\\/2009\\\/06\\\/20\\\/il-pd-denuncia-la-lega-e-il-centrodestra-all%e2%80%99autorita-giudiziaria\\\/\"]}]},{\"@type\":\"ImageObject\",\"inLanguage\":\"fr-FR\",\"@id\":\"https:\\\/\\\/www.bellunopress.it\\\/2009\\\/06\\\/20\\\/il-pd-denuncia-la-lega-e-il-centrodestra-all%e2%80%99autorita-giudiziaria\\\/#primaryimage\",\"url\":\"http:\\\/\\\/www.bellunopress.it\\\/wp-content\\\/uploads\\\/2009\\\/06\\\/denuncia-reolon-leggera1.jpg\",\"contentUrl\":\"http:\\\/\\\/www.bellunopress.it\\\/wp-content\\\/uploads\\\/2009\\\/06\\\/denuncia-reolon-leggera1.jpg\"},{\"@type\":\"BreadcrumbList\",\"@id\":\"https:\\\/\\\/www.bellunopress.it\\\/2009\\\/06\\\/20\\\/il-pd-denuncia-la-lega-e-il-centrodestra-all%e2%80%99autorita-giudiziaria\\\/#breadcrumb\",\"itemListElement\":[{\"@type\":\"ListItem\",\"position\":1,\"name\":\"Home\",\"item\":\"https:\\\/\\\/www.bellunopress.it\\\/\"},{\"@type\":\"ListItem\",\"position\":2,\"name\":\"Falsi volantini: Il PD denuncia l&#8217;atto in Procura e attacca la Lega. Sergio Reolon: &#8220;Continuer\u00f2 ad essere il presidente di tutti&#8221;\"}]},{\"@type\":\"WebSite\",\"@id\":\"https:\\\/\\\/www.bellunopress.it\\\/#website\",\"url\":\"https:\\\/\\\/www.bellunopress.it\\\/\",\"name\":\"Bellunopress - Dolomiti\",\"description\":\"e-mail: redazione@bellunopress.it\",\"publisher\":{\"@id\":\"https:\\\/\\\/www.bellunopress.it\\\/#organization\"},\"potentialAction\":[{\"@type\":\"SearchAction\",\"target\":{\"@type\":\"EntryPoint\",\"urlTemplate\":\"https:\\\/\\\/www.bellunopress.it\\\/?s={search_term_string}\"},\"query-input\":{\"@type\":\"PropertyValueSpecification\",\"valueRequired\":true,\"valueName\":\"search_term_string\"}}],\"inLanguage\":\"fr-FR\"},{\"@type\":\"Organization\",\"@id\":\"https:\\\/\\\/www.bellunopress.it\\\/#organization\",\"name\":\"Bellunopress\",\"url\":\"https:\\\/\\\/www.bellunopress.it\\\/\",\"logo\":{\"@type\":\"ImageObject\",\"inLanguage\":\"fr-FR\",\"@id\":\"https:\\\/\\\/www.bellunopress.it\\\/#\\\/schema\\\/logo\\\/image\\\/\",\"url\":\"https:\\\/\\\/www.bellunopress.it\\\/wp-content\\\/uploads\\\/2011\\\/05\\\/cropped-logo-bellunopress-.jpg\",\"contentUrl\":\"https:\\\/\\\/www.bellunopress.it\\\/wp-content\\\/uploads\\\/2011\\\/05\\\/cropped-logo-bellunopress-.jpg\",\"width\":512,\"height\":512,\"caption\":\"Bellunopress\"},\"image\":{\"@id\":\"https:\\\/\\\/www.bellunopress.it\\\/#\\\/schema\\\/logo\\\/image\\\/\"},\"sameAs\":[\"https:\\\/\\\/www.facebook.com\\\/profile.php?id=100008943462799\",\"https:\\\/\\\/x.com\\\/bellunopress\",\"https:\\\/\\\/www.linkedin.com\\\/hp\\\/?dnr=JBzUWaJfMUw8vbXJJ2tVW5-I3jZKvC4wsoxE&amp;amp;amp;amp;amp;amp;trk=nav_responsive_tab_home\",\"https:\\\/\\\/www.youtube.com\\\/channel\\\/UCxL0wu1uN0_3_7hGG0306cw\"]},{\"@type\":\"Person\",\"@id\":\"https:\\\/\\\/www.bellunopress.it\\\/#\\\/schema\\\/person\\\/79bb06722b37ece1c03d3e94beb30d73\",\"name\":\"redazione\",\"image\":{\"@type\":\"ImageObject\",\"inLanguage\":\"fr-FR\",\"@id\":\"https:\\\/\\\/secure.gravatar.com\\\/avatar\\\/37d968a2e67a6fd04c169c4bdef102d0bc5d31b2546345219e348575eb80e9a0?s=96&d=mm&r=g\",\"url\":\"https:\\\/\\\/secure.gravatar.com\\\/avatar\\\/37d968a2e67a6fd04c169c4bdef102d0bc5d31b2546345219e348575eb80e9a0?s=96&d=mm&r=g\",\"contentUrl\":\"https:\\\/\\\/secure.gravatar.com\\\/avatar\\\/37d968a2e67a6fd04c169c4bdef102d0bc5d31b2546345219e348575eb80e9a0?s=96&d=mm&r=g\",\"caption\":\"redazione\"},\"sameAs\":[\"http:\\\/\\\/www.bellunopress.it\",\"https:\\\/\\\/x.com\\\/bellunopress\"],\"url\":\"https:\\\/\\\/www.bellunopress.it\\\/fr\\\/author\\\/redazione\\\/\"}]}<\/script>\n<!-- \/ Yoast SEO plugin. -->","yoast_head_json":{"title":"Falsi volantini: Il PD denuncia l'atto in Procura e attacca la Lega. Sergio Reolon: \"Continuer\u00f2 ad essere il presidente di tutti\" - Bellunopress - Dolomiti","robots":{"index":"index","follow":"follow","max-snippet":"max-snippet:-1","max-image-preview":"max-image-preview:large","max-video-preview":"max-video-preview:-1"},"canonical":"https:\/\/www.bellunopress.it\/fr\/2009\/06\/20\/il-pd-denuncia-la-lega-e-il-centrodestra-all\u2019autorita-giudiziaria\/","og_locale":"fr_FR","og_type":"article","og_title":"Falsi volantini: Il PD denuncia l'atto in Procura e attacca la Lega. Sergio Reolon: \"Continuer\u00f2 ad essere il presidente di tutti\" - Bellunopress - Dolomiti","og_description":"Minacce, intimidazioni, trucchi da baraccone, imbrogli e menzogne. La campagna elettorale del centrodestra di Gianpaolo Bottacin si conclude in gloria. L\u2019ultimo atto di arroganza e di presa in giro delle istituzioni si consuma in queste ore, con falsi volantini siglati Pd che invitano i cittadini a non votare per Reolon. Il Pd ha riunito d\u2019urgenza [&hellip;]","og_url":"https:\/\/www.bellunopress.it\/fr\/2009\/06\/20\/il-pd-denuncia-la-lega-e-il-centrodestra-all\u2019autorita-giudiziaria\/","og_site_name":"Bellunopress - Dolomiti","article_publisher":"https:\/\/www.facebook.com\/profile.php?id=100008943462799","article_published_time":"2009-06-20T13:01:39+00:00","article_modified_time":"2009-06-23T01:04:04+00:00","og_image":[{"url":"http:\/\/www.bellunopress.it\/wp-content\/uploads\/2009\/06\/denuncia-reolon-leggera1.jpg","type":"","width":"","height":""}],"author":"redazione","twitter_card":"summary_large_image","twitter_creator":"@bellunopress","twitter_site":"@bellunopress","twitter_misc":{"\u00c9crit par":"redazione","Dur\u00e9e de lecture estim\u00e9e":"2 minutes"},"schema":{"@context":"https:\/\/schema.org","@graph":[{"@type":"Article","@id":"https:\/\/www.bellunopress.it\/2009\/06\/20\/il-pd-denuncia-la-lega-e-il-centrodestra-all%e2%80%99autorita-giudiziaria\/#article","isPartOf":{"@id":"https:\/\/www.bellunopress.it\/2009\/06\/20\/il-pd-denuncia-la-lega-e-il-centrodestra-all%e2%80%99autorita-giudiziaria\/"},"author":{"name":"redazione","@id":"https:\/\/www.bellunopress.it\/#\/schema\/person\/79bb06722b37ece1c03d3e94beb30d73"},"headline":"Falsi volantini: Il PD denuncia l&#8217;atto in Procura e attacca la Lega. Sergio Reolon: &#8220;Continuer\u00f2 ad essere il presidente di tutti&#8221;","datePublished":"2009-06-20T13:01:39+00:00","dateModified":"2009-06-23T01:04:04+00:00","mainEntityOfPage":{"@id":"https:\/\/www.bellunopress.it\/2009\/06\/20\/il-pd-denuncia-la-lega-e-il-centrodestra-all%e2%80%99autorita-giudiziaria\/"},"wordCount":513,"publisher":{"@id":"https:\/\/www.bellunopress.it\/#organization"},"image":{"@id":"https:\/\/www.bellunopress.it\/2009\/06\/20\/il-pd-denuncia-la-lega-e-il-centrodestra-all%e2%80%99autorita-giudiziaria\/#primaryimage"},"thumbnailUrl":"http:\/\/www.bellunopress.it\/wp-content\/uploads\/2009\/06\/denuncia-reolon-leggera1.jpg","keywords":["Belluno"],"articleSection":["Cronaca\/Politica"],"inLanguage":"fr-FR"},{"@type":"WebPage","@id":"https:\/\/www.bellunopress.it\/2009\/06\/20\/il-pd-denuncia-la-lega-e-il-centrodestra-all%e2%80%99autorita-giudiziaria\/","url":"https:\/\/www.bellunopress.it\/2009\/06\/20\/il-pd-denuncia-la-lega-e-il-centrodestra-all%e2%80%99autorita-giudiziaria\/","name":"Falsi volantini: Il PD denuncia l'atto in Procura e attacca la Lega. Sergio Reolon: \"Continuer\u00f2 ad essere il presidente di tutti\" - Bellunopress - Dolomiti","isPartOf":{"@id":"https:\/\/www.bellunopress.it\/#website"},"primaryImageOfPage":{"@id":"https:\/\/www.bellunopress.it\/2009\/06\/20\/il-pd-denuncia-la-lega-e-il-centrodestra-all%e2%80%99autorita-giudiziaria\/#primaryimage"},"image":{"@id":"https:\/\/www.bellunopress.it\/2009\/06\/20\/il-pd-denuncia-la-lega-e-il-centrodestra-all%e2%80%99autorita-giudiziaria\/#primaryimage"},"thumbnailUrl":"http:\/\/www.bellunopress.it\/wp-content\/uploads\/2009\/06\/denuncia-reolon-leggera1.jpg","datePublished":"2009-06-20T13:01:39+00:00","dateModified":"2009-06-23T01:04:04+00:00","breadcrumb":{"@id":"https:\/\/www.bellunopress.it\/2009\/06\/20\/il-pd-denuncia-la-lega-e-il-centrodestra-all%e2%80%99autorita-giudiziaria\/#breadcrumb"},"inLanguage":"fr-FR","potentialAction":[{"@type":"ReadAction","target":["https:\/\/www.bellunopress.it\/2009\/06\/20\/il-pd-denuncia-la-lega-e-il-centrodestra-all%e2%80%99autorita-giudiziaria\/"]}]},{"@type":"ImageObject","inLanguage":"fr-FR","@id":"https:\/\/www.bellunopress.it\/2009\/06\/20\/il-pd-denuncia-la-lega-e-il-centrodestra-all%e2%80%99autorita-giudiziaria\/#primaryimage","url":"http:\/\/www.bellunopress.it\/wp-content\/uploads\/2009\/06\/denuncia-reolon-leggera1.jpg","contentUrl":"http:\/\/www.bellunopress.it\/wp-content\/uploads\/2009\/06\/denuncia-reolon-leggera1.jpg"},{"@type":"BreadcrumbList","@id":"https:\/\/www.bellunopress.it\/2009\/06\/20\/il-pd-denuncia-la-lega-e-il-centrodestra-all%e2%80%99autorita-giudiziaria\/#breadcrumb","itemListElement":[{"@type":"ListItem","position":1,"name":"Home","item":"https:\/\/www.bellunopress.it\/"},{"@type":"ListItem","position":2,"name":"Falsi volantini: Il PD denuncia l&#8217;atto in Procura e attacca la Lega. Sergio Reolon: &#8220;Continuer\u00f2 ad essere il presidente di tutti&#8221;"}]},{"@type":"WebSite","@id":"https:\/\/www.bellunopress.it\/#website","url":"https:\/\/www.bellunopress.it\/","name":"Bellunopress - Dolomiti","description":"e-mail: redazione@bellunopress.it","publisher":{"@id":"https:\/\/www.bellunopress.it\/#organization"},"potentialAction":[{"@type":"SearchAction","target":{"@type":"EntryPoint","urlTemplate":"https:\/\/www.bellunopress.it\/?s={search_term_string}"},"query-input":{"@type":"PropertyValueSpecification","valueRequired":true,"valueName":"search_term_string"}}],"inLanguage":"fr-FR"},{"@type":"Organization","@id":"https:\/\/www.bellunopress.it\/#organization","name":"Bellunopress","url":"https:\/\/www.bellunopress.it\/","logo":{"@type":"ImageObject","inLanguage":"fr-FR","@id":"https:\/\/www.bellunopress.it\/#\/schema\/logo\/image\/","url":"https:\/\/www.bellunopress.it\/wp-content\/uploads\/2011\/05\/cropped-logo-bellunopress-.jpg","contentUrl":"https:\/\/www.bellunopress.it\/wp-content\/uploads\/2011\/05\/cropped-logo-bellunopress-.jpg","width":512,"height":512,"caption":"Bellunopress"},"image":{"@id":"https:\/\/www.bellunopress.it\/#\/schema\/logo\/image\/"},"sameAs":["https:\/\/www.facebook.com\/profile.php?id=100008943462799","https:\/\/x.com\/bellunopress","https:\/\/www.linkedin.com\/hp\/?dnr=JBzUWaJfMUw8vbXJJ2tVW5-I3jZKvC4wsoxE&amp;amp;amp;amp;amp;amp;trk=nav_responsive_tab_home","https:\/\/www.youtube.com\/channel\/UCxL0wu1uN0_3_7hGG0306cw"]},{"@type":"Person","@id":"https:\/\/www.bellunopress.it\/#\/schema\/person\/79bb06722b37ece1c03d3e94beb30d73","name":"r\u00e9daction","image":{"@type":"ImageObject","inLanguage":"fr-FR","@id":"https:\/\/secure.gravatar.com\/avatar\/37d968a2e67a6fd04c169c4bdef102d0bc5d31b2546345219e348575eb80e9a0?s=96&d=mm&r=g","url":"https:\/\/secure.gravatar.com\/avatar\/37d968a2e67a6fd04c169c4bdef102d0bc5d31b2546345219e348575eb80e9a0?s=96&d=mm&r=g","contentUrl":"https:\/\/secure.gravatar.com\/avatar\/37d968a2e67a6fd04c169c4bdef102d0bc5d31b2546345219e348575eb80e9a0?s=96&d=mm&r=g","caption":"redazione"},"sameAs":["http:\/\/www.bellunopress.it","https:\/\/x.com\/bellunopress"],"url":"https:\/\/www.bellunopress.it\/fr\/author\/redazione\/"}]}},"_links":{"self":[{"href":"https:\/\/www.bellunopress.it\/fr\/wp-json\/wp\/v2\/posts\/5167","targetHints":{"allow":["GET"]}}],"collection":[{"href":"https:\/\/www.bellunopress.it\/fr\/wp-json\/wp\/v2\/posts"}],"about":[{"href":"https:\/\/www.bellunopress.it\/fr\/wp-json\/wp\/v2\/types\/post"}],"author":[{"embeddable":true,"href":"https:\/\/www.bellunopress.it\/fr\/wp-json\/wp\/v2\/users\/2"}],"replies":[{"embeddable":true,"href":"https:\/\/www.bellunopress.it\/fr\/wp-json\/wp\/v2\/comments?post=5167"}],"version-history":[{"count":11,"href":"https:\/\/www.bellunopress.it\/fr\/wp-json\/wp\/v2\/posts\/5167\/revisions"}],"predecessor-version":[{"id":5277,"href":"https:\/\/www.bellunopress.it\/fr\/wp-json\/wp\/v2\/posts\/5167\/revisions\/5277"}],"wp:attachment":[{"href":"https:\/\/www.bellunopress.it\/fr\/wp-json\/wp\/v2\/media?parent=5167"}],"wp:term":[{"taxonomy":"category","embeddable":true,"href":"https:\/\/www.bellunopress.it\/fr\/wp-json\/wp\/v2\/categories?post=5167"},{"taxonomy":"post_tag","embeddable":true,"href":"https:\/\/www.bellunopress.it\/fr\/wp-json\/wp\/v2\/tags?post=5167"}],"curies":[{"name":"wp","href":"https:\/\/api.w.org\/{rel}","templated":true}]}}