{"id":51625,"date":"2013-08-09T18:58:23","date_gmt":"2013-08-09T17:58:23","guid":{"rendered":"http:\/\/www.bellunopress.it\/?p=51625"},"modified":"2013-08-09T18:58:23","modified_gmt":"2013-08-09T17:58:23","slug":"tnt-belluno-la-senatrice-bellot-a-zanonato-salvi-i-lavoratori","status":"publish","type":"post","link":"https:\/\/www.bellunopress.it\/fr\/2013\/08\/09\/tnt-belluno-la-senatrice-bellot-a-zanonato-salvi-i-lavoratori\/","title":{"rendered":"Tnt Belluno. La senatrice Bellot a Zanonato: &#8220;Salvi i lavoratori&#8221;"},"content":{"rendered":"<figure id=\"attachment_45887\" aria-describedby=\"caption-attachment-45887\" style=\"width: 114px\" class=\"wp-caption alignleft\"><a href=\"http:\/\/www.bellunopress.it\/wp-content\/uploads\/2013\/01\/raffaela-bellot.jpg\"><img loading=\"lazy\" decoding=\"async\" class=\"size-full wp-image-45887\" alt=\"Raffaela Bellot, senatrice \" src=\"http:\/\/www.bellunopress.it\/wp-content\/uploads\/2013\/01\/raffaela-bellot.jpg\" width=\"114\" height=\"160\" \/><\/a><figcaption id=\"caption-attachment-45887\" class=\"wp-caption-text\">Raffaela Bellot, senatrice<\/figcaption><\/figure>\n<p><span style=\"font-size: 13px; line-height: 19px;\">\u201cIl Governo del non fare parla di ripresa, ma in Veneto si vedono solo imprese che chiudono e nuovi disoccupati. Degli 854 dipendenti della TNT per i quali \u00e8 stata avviata la procedura di licenziamento collettivo, sette sono bellunesi, impiegati nella sede locale. Oltre al danno per i lavoratori a rischio e per le loro famiglie, la beffa: le organizzazioni sindacali ribadiscono la necessit\u00e0 di impedire che la societ\u00e0 TNT diventi, nel corso del tempo, terreno di conquista da parte di cooperative spurie che gi\u00e0 seguono la parte dei trasporti e applicano condizioni peggiorative per i dipendenti\u201d.<\/span><\/p>\n<p>Lo dichiara la senatrice leghista Raffaela Bellot, che ha presentato un&#8217;interrogazione parlamentare per i ministri dello Sviluppo economico Zanonato e del Lavoro Giovannini.<\/p>\n<p>\u201c In sede di convocazione presso il Ministero del Lavoro \u00e8 stata confermata l\u2019intenzione di chiudere la filiale di Belluno e utilizzare la cig in deroga a zero ore fino al 31 Dicembre 2013. Ad oggi non c&#8217;\u00e8 per\u00f2 alcuna certezza rispetto ad una possibile ricollocazione del personale, se non presso la filiale di Treviso. Ci attendiamo che su questo punto Zanonato e Giovannini facciano chiarezza in aula\u201d.<\/p>","protected":false},"excerpt":{"rendered":"<p>\u201cIl Governo del non fare parla di ripresa, ma in Veneto si vedono solo imprese che chiudono e nuovi disoccupati. Degli 854 dipendenti della TNT per i quali \u00e8 stata avviata la procedura di licenziamento collettivo, sette sono bellunesi, impiegati nella sede locale. Oltre al danno per i lavoratori a rischio e per le loro [&hellip;]<\/p>\n","protected":false},"author":2,"featured_media":0,"comment_status":"closed","ping_status":"open","sticky":false,"template":"","format":"standard","meta":{"footnotes":""},"categories":[5,36,26],"tags":[],"class_list":["post-51625","post","type-post","status-publish","format-standard","category-cronaca","category-lavoro-economia","category-prima-pagina"],"yoast_head":"<!-- This site is optimized with the Yoast SEO plugin v28.4 - https:\/\/yoast.com\/product\/yoast-seo-wordpress\/ -->\n<title>Tnt Belluno. La senatrice Bellot a Zanonato: &quot;Salvi i lavoratori&quot; - Bellunopress - Dolomiti<\/title>\n<meta name=\"robots\" content=\"index, follow, max-snippet:-1, max-image-preview:large, max-video-preview:-1\" \/>\n<link rel=\"canonical\" href=\"https:\/\/www.bellunopress.it\/fr\/2013\/08\/09\/tnt-belluno-la-senatrice-bellot-a-zanonato-salvi-i-lavoratori\/\" \/>\n<meta property=\"og:locale\" content=\"fr_FR\" \/>\n<meta property=\"og:type\" content=\"article\" \/>\n<meta property=\"og:title\" content=\"Tnt Belluno. La senatrice Bellot a Zanonato: &quot;Salvi i lavoratori&quot; - Bellunopress - Dolomiti\" \/>\n<meta property=\"og:description\" content=\"\u201cIl Governo del non fare parla di ripresa, ma in Veneto si vedono solo imprese che chiudono e nuovi disoccupati. Degli 854 dipendenti della TNT per i quali \u00e8 stata avviata la procedura di licenziamento collettivo, sette sono bellunesi, impiegati nella sede locale. Oltre al danno per i lavoratori a rischio e per le loro [&hellip;]\" \/>\n<meta property=\"og:url\" content=\"https:\/\/www.bellunopress.it\/fr\/2013\/08\/09\/tnt-belluno-la-senatrice-bellot-a-zanonato-salvi-i-lavoratori\/\" \/>\n<meta property=\"og:site_name\" content=\"Bellunopress - Dolomiti\" \/>\n<meta property=\"article:publisher\" content=\"https:\/\/www.facebook.com\/profile.php?id=100008943462799\" \/>\n<meta property=\"article:published_time\" content=\"2013-08-09T17:58:23+00:00\" \/>\n<meta property=\"og:image\" content=\"http:\/\/www.bellunopress.it\/wp-content\/uploads\/2013\/01\/raffaela-bellot.jpg\" \/>\n<meta name=\"author\" content=\"redazione\" \/>\n<meta name=\"twitter:card\" content=\"summary_large_image\" \/>\n<meta name=\"twitter:creator\" content=\"@bellunopress\" \/>\n<meta name=\"twitter:site\" content=\"@bellunopress\" \/>\n<meta name=\"twitter:label1\" content=\"\u00c9crit par\" \/>\n\t<meta name=\"twitter:data1\" content=\"redazione\" \/>\n\t<meta name=\"twitter:label2\" content=\"Dur\u00e9e de lecture estim\u00e9e\" \/>\n\t<meta name=\"twitter:data2\" content=\"1 minute\" \/>\n<script type=\"application\/ld+json\" class=\"yoast-schema-graph\">{\"@context\":\"https:\\\/\\\/schema.org\",\"@graph\":[{\"@type\":\"Article\",\"@id\":\"https:\\\/\\\/www.bellunopress.it\\\/2013\\\/08\\\/09\\\/tnt-belluno-la-senatrice-bellot-a-zanonato-salvi-i-lavoratori\\\/#article\",\"isPartOf\":{\"@id\":\"https:\\\/\\\/www.bellunopress.it\\\/2013\\\/08\\\/09\\\/tnt-belluno-la-senatrice-bellot-a-zanonato-salvi-i-lavoratori\\\/\"},\"author\":{\"name\":\"redazione\",\"@id\":\"https:\\\/\\\/www.bellunopress.it\\\/#\\\/schema\\\/person\\\/79bb06722b37ece1c03d3e94beb30d73\"},\"headline\":\"Tnt Belluno. La senatrice Bellot a Zanonato: &#8220;Salvi i lavoratori&#8221;\",\"datePublished\":\"2013-08-09T17:58:23+00:00\",\"mainEntityOfPage\":{\"@id\":\"https:\\\/\\\/www.bellunopress.it\\\/2013\\\/08\\\/09\\\/tnt-belluno-la-senatrice-bellot-a-zanonato-salvi-i-lavoratori\\\/\"},\"wordCount\":204,\"publisher\":{\"@id\":\"https:\\\/\\\/www.bellunopress.it\\\/#organization\"},\"image\":{\"@id\":\"https:\\\/\\\/www.bellunopress.it\\\/2013\\\/08\\\/09\\\/tnt-belluno-la-senatrice-bellot-a-zanonato-salvi-i-lavoratori\\\/#primaryimage\"},\"thumbnailUrl\":\"http:\\\/\\\/www.bellunopress.it\\\/wp-content\\\/uploads\\\/2013\\\/01\\\/raffaela-bellot.jpg\",\"articleSection\":[\"Cronaca\\\/Politica\",\"Lavoro, Economia, Turismo\",\"Prima Pagina\"],\"inLanguage\":\"fr-FR\"},{\"@type\":\"WebPage\",\"@id\":\"https:\\\/\\\/www.bellunopress.it\\\/2013\\\/08\\\/09\\\/tnt-belluno-la-senatrice-bellot-a-zanonato-salvi-i-lavoratori\\\/\",\"url\":\"https:\\\/\\\/www.bellunopress.it\\\/2013\\\/08\\\/09\\\/tnt-belluno-la-senatrice-bellot-a-zanonato-salvi-i-lavoratori\\\/\",\"name\":\"Tnt Belluno. La senatrice Bellot a Zanonato: \\\"Salvi i lavoratori\\\" - Bellunopress - Dolomiti\",\"isPartOf\":{\"@id\":\"https:\\\/\\\/www.bellunopress.it\\\/#website\"},\"primaryImageOfPage\":{\"@id\":\"https:\\\/\\\/www.bellunopress.it\\\/2013\\\/08\\\/09\\\/tnt-belluno-la-senatrice-bellot-a-zanonato-salvi-i-lavoratori\\\/#primaryimage\"},\"image\":{\"@id\":\"https:\\\/\\\/www.bellunopress.it\\\/2013\\\/08\\\/09\\\/tnt-belluno-la-senatrice-bellot-a-zanonato-salvi-i-lavoratori\\\/#primaryimage\"},\"thumbnailUrl\":\"http:\\\/\\\/www.bellunopress.it\\\/wp-content\\\/uploads\\\/2013\\\/01\\\/raffaela-bellot.jpg\",\"datePublished\":\"2013-08-09T17:58:23+00:00\",\"breadcrumb\":{\"@id\":\"https:\\\/\\\/www.bellunopress.it\\\/2013\\\/08\\\/09\\\/tnt-belluno-la-senatrice-bellot-a-zanonato-salvi-i-lavoratori\\\/#breadcrumb\"},\"inLanguage\":\"fr-FR\",\"potentialAction\":[{\"@type\":\"ReadAction\",\"target\":[\"https:\\\/\\\/www.bellunopress.it\\\/2013\\\/08\\\/09\\\/tnt-belluno-la-senatrice-bellot-a-zanonato-salvi-i-lavoratori\\\/\"]}]},{\"@type\":\"ImageObject\",\"inLanguage\":\"fr-FR\",\"@id\":\"https:\\\/\\\/www.bellunopress.it\\\/2013\\\/08\\\/09\\\/tnt-belluno-la-senatrice-bellot-a-zanonato-salvi-i-lavoratori\\\/#primaryimage\",\"url\":\"http:\\\/\\\/www.bellunopress.it\\\/wp-content\\\/uploads\\\/2013\\\/01\\\/raffaela-bellot.jpg\",\"contentUrl\":\"http:\\\/\\\/www.bellunopress.it\\\/wp-content\\\/uploads\\\/2013\\\/01\\\/raffaela-bellot.jpg\"},{\"@type\":\"BreadcrumbList\",\"@id\":\"https:\\\/\\\/www.bellunopress.it\\\/2013\\\/08\\\/09\\\/tnt-belluno-la-senatrice-bellot-a-zanonato-salvi-i-lavoratori\\\/#breadcrumb\",\"itemListElement\":[{\"@type\":\"ListItem\",\"position\":1,\"name\":\"Home\",\"item\":\"https:\\\/\\\/www.bellunopress.it\\\/\"},{\"@type\":\"ListItem\",\"position\":2,\"name\":\"Tnt Belluno. La senatrice Bellot a Zanonato: &#8220;Salvi i lavoratori&#8221;\"}]},{\"@type\":\"WebSite\",\"@id\":\"https:\\\/\\\/www.bellunopress.it\\\/#website\",\"url\":\"https:\\\/\\\/www.bellunopress.it\\\/\",\"name\":\"Bellunopress - Dolomiti\",\"description\":\"e-mail: redazione@bellunopress.it\",\"publisher\":{\"@id\":\"https:\\\/\\\/www.bellunopress.it\\\/#organization\"},\"potentialAction\":[{\"@type\":\"SearchAction\",\"target\":{\"@type\":\"EntryPoint\",\"urlTemplate\":\"https:\\\/\\\/www.bellunopress.it\\\/?s={search_term_string}\"},\"query-input\":{\"@type\":\"PropertyValueSpecification\",\"valueRequired\":true,\"valueName\":\"search_term_string\"}}],\"inLanguage\":\"fr-FR\"},{\"@type\":\"Organization\",\"@id\":\"https:\\\/\\\/www.bellunopress.it\\\/#organization\",\"name\":\"Bellunopress\",\"url\":\"https:\\\/\\\/www.bellunopress.it\\\/\",\"logo\":{\"@type\":\"ImageObject\",\"inLanguage\":\"fr-FR\",\"@id\":\"https:\\\/\\\/www.bellunopress.it\\\/#\\\/schema\\\/logo\\\/image\\\/\",\"url\":\"https:\\\/\\\/www.bellunopress.it\\\/wp-content\\\/uploads\\\/2011\\\/05\\\/cropped-logo-bellunopress-.jpg\",\"contentUrl\":\"https:\\\/\\\/www.bellunopress.it\\\/wp-content\\\/uploads\\\/2011\\\/05\\\/cropped-logo-bellunopress-.jpg\",\"width\":512,\"height\":512,\"caption\":\"Bellunopress\"},\"image\":{\"@id\":\"https:\\\/\\\/www.bellunopress.it\\\/#\\\/schema\\\/logo\\\/image\\\/\"},\"sameAs\":[\"https:\\\/\\\/www.facebook.com\\\/profile.php?id=100008943462799\",\"https:\\\/\\\/x.com\\\/bellunopress\",\"https:\\\/\\\/www.linkedin.com\\\/hp\\\/?dnr=JBzUWaJfMUw8vbXJJ2tVW5-I3jZKvC4wsoxE&amp;amp;amp;amp;amp;amp;trk=nav_responsive_tab_home\",\"https:\\\/\\\/www.youtube.com\\\/channel\\\/UCxL0wu1uN0_3_7hGG0306cw\"]},{\"@type\":\"Person\",\"@id\":\"https:\\\/\\\/www.bellunopress.it\\\/#\\\/schema\\\/person\\\/79bb06722b37ece1c03d3e94beb30d73\",\"name\":\"redazione\",\"image\":{\"@type\":\"ImageObject\",\"inLanguage\":\"fr-FR\",\"@id\":\"https:\\\/\\\/secure.gravatar.com\\\/avatar\\\/37d968a2e67a6fd04c169c4bdef102d0bc5d31b2546345219e348575eb80e9a0?s=96&d=mm&r=g\",\"url\":\"https:\\\/\\\/secure.gravatar.com\\\/avatar\\\/37d968a2e67a6fd04c169c4bdef102d0bc5d31b2546345219e348575eb80e9a0?s=96&d=mm&r=g\",\"contentUrl\":\"https:\\\/\\\/secure.gravatar.com\\\/avatar\\\/37d968a2e67a6fd04c169c4bdef102d0bc5d31b2546345219e348575eb80e9a0?s=96&d=mm&r=g\",\"caption\":\"redazione\"},\"sameAs\":[\"http:\\\/\\\/www.bellunopress.it\",\"https:\\\/\\\/x.com\\\/bellunopress\"],\"url\":\"https:\\\/\\\/www.bellunopress.it\\\/fr\\\/author\\\/redazione\\\/\"}]}<\/script>\n<!-- \/ Yoast SEO plugin. -->","yoast_head_json":{"title":"Tnt Belluno. La senatrice Bellot a Zanonato: \"Salvi i lavoratori\" - Bellunopress - Dolomiti","robots":{"index":"index","follow":"follow","max-snippet":"max-snippet:-1","max-image-preview":"max-image-preview:large","max-video-preview":"max-video-preview:-1"},"canonical":"https:\/\/www.bellunopress.it\/fr\/2013\/08\/09\/tnt-belluno-la-senatrice-bellot-a-zanonato-salvi-i-lavoratori\/","og_locale":"fr_FR","og_type":"article","og_title":"Tnt Belluno. La senatrice Bellot a Zanonato: \"Salvi i lavoratori\" - Bellunopress - Dolomiti","og_description":"\u201cIl Governo del non fare parla di ripresa, ma in Veneto si vedono solo imprese che chiudono e nuovi disoccupati. Degli 854 dipendenti della TNT per i quali \u00e8 stata avviata la procedura di licenziamento collettivo, sette sono bellunesi, impiegati nella sede locale. Oltre al danno per i lavoratori a rischio e per le loro [&hellip;]","og_url":"https:\/\/www.bellunopress.it\/fr\/2013\/08\/09\/tnt-belluno-la-senatrice-bellot-a-zanonato-salvi-i-lavoratori\/","og_site_name":"Bellunopress - Dolomiti","article_publisher":"https:\/\/www.facebook.com\/profile.php?id=100008943462799","article_published_time":"2013-08-09T17:58:23+00:00","og_image":[{"url":"http:\/\/www.bellunopress.it\/wp-content\/uploads\/2013\/01\/raffaela-bellot.jpg","type":"","width":"","height":""}],"author":"redazione","twitter_card":"summary_large_image","twitter_creator":"@bellunopress","twitter_site":"@bellunopress","twitter_misc":{"\u00c9crit par":"redazione","Dur\u00e9e de lecture estim\u00e9e":"1 minute"},"schema":{"@context":"https:\/\/schema.org","@graph":[{"@type":"Article","@id":"https:\/\/www.bellunopress.it\/2013\/08\/09\/tnt-belluno-la-senatrice-bellot-a-zanonato-salvi-i-lavoratori\/#article","isPartOf":{"@id":"https:\/\/www.bellunopress.it\/2013\/08\/09\/tnt-belluno-la-senatrice-bellot-a-zanonato-salvi-i-lavoratori\/"},"author":{"name":"redazione","@id":"https:\/\/www.bellunopress.it\/#\/schema\/person\/79bb06722b37ece1c03d3e94beb30d73"},"headline":"Tnt Belluno. La senatrice Bellot a Zanonato: &#8220;Salvi i lavoratori&#8221;","datePublished":"2013-08-09T17:58:23+00:00","mainEntityOfPage":{"@id":"https:\/\/www.bellunopress.it\/2013\/08\/09\/tnt-belluno-la-senatrice-bellot-a-zanonato-salvi-i-lavoratori\/"},"wordCount":204,"publisher":{"@id":"https:\/\/www.bellunopress.it\/#organization"},"image":{"@id":"https:\/\/www.bellunopress.it\/2013\/08\/09\/tnt-belluno-la-senatrice-bellot-a-zanonato-salvi-i-lavoratori\/#primaryimage"},"thumbnailUrl":"http:\/\/www.bellunopress.it\/wp-content\/uploads\/2013\/01\/raffaela-bellot.jpg","articleSection":["Cronaca\/Politica","Lavoro, Economia, Turismo","Prima Pagina"],"inLanguage":"fr-FR"},{"@type":"WebPage","@id":"https:\/\/www.bellunopress.it\/2013\/08\/09\/tnt-belluno-la-senatrice-bellot-a-zanonato-salvi-i-lavoratori\/","url":"https:\/\/www.bellunopress.it\/2013\/08\/09\/tnt-belluno-la-senatrice-bellot-a-zanonato-salvi-i-lavoratori\/","name":"Tnt Belluno. La senatrice Bellot a Zanonato: \"Salvi i lavoratori\" - Bellunopress - Dolomiti","isPartOf":{"@id":"https:\/\/www.bellunopress.it\/#website"},"primaryImageOfPage":{"@id":"https:\/\/www.bellunopress.it\/2013\/08\/09\/tnt-belluno-la-senatrice-bellot-a-zanonato-salvi-i-lavoratori\/#primaryimage"},"image":{"@id":"https:\/\/www.bellunopress.it\/2013\/08\/09\/tnt-belluno-la-senatrice-bellot-a-zanonato-salvi-i-lavoratori\/#primaryimage"},"thumbnailUrl":"http:\/\/www.bellunopress.it\/wp-content\/uploads\/2013\/01\/raffaela-bellot.jpg","datePublished":"2013-08-09T17:58:23+00:00","breadcrumb":{"@id":"https:\/\/www.bellunopress.it\/2013\/08\/09\/tnt-belluno-la-senatrice-bellot-a-zanonato-salvi-i-lavoratori\/#breadcrumb"},"inLanguage":"fr-FR","potentialAction":[{"@type":"ReadAction","target":["https:\/\/www.bellunopress.it\/2013\/08\/09\/tnt-belluno-la-senatrice-bellot-a-zanonato-salvi-i-lavoratori\/"]}]},{"@type":"ImageObject","inLanguage":"fr-FR","@id":"https:\/\/www.bellunopress.it\/2013\/08\/09\/tnt-belluno-la-senatrice-bellot-a-zanonato-salvi-i-lavoratori\/#primaryimage","url":"http:\/\/www.bellunopress.it\/wp-content\/uploads\/2013\/01\/raffaela-bellot.jpg","contentUrl":"http:\/\/www.bellunopress.it\/wp-content\/uploads\/2013\/01\/raffaela-bellot.jpg"},{"@type":"BreadcrumbList","@id":"https:\/\/www.bellunopress.it\/2013\/08\/09\/tnt-belluno-la-senatrice-bellot-a-zanonato-salvi-i-lavoratori\/#breadcrumb","itemListElement":[{"@type":"ListItem","position":1,"name":"Home","item":"https:\/\/www.bellunopress.it\/"},{"@type":"ListItem","position":2,"name":"Tnt Belluno. La senatrice Bellot a Zanonato: &#8220;Salvi i lavoratori&#8221;"}]},{"@type":"WebSite","@id":"https:\/\/www.bellunopress.it\/#website","url":"https:\/\/www.bellunopress.it\/","name":"Bellunopress - Dolomiti","description":"e-mail: redazione@bellunopress.it","publisher":{"@id":"https:\/\/www.bellunopress.it\/#organization"},"potentialAction":[{"@type":"SearchAction","target":{"@type":"EntryPoint","urlTemplate":"https:\/\/www.bellunopress.it\/?s={search_term_string}"},"query-input":{"@type":"PropertyValueSpecification","valueRequired":true,"valueName":"search_term_string"}}],"inLanguage":"fr-FR"},{"@type":"Organization","@id":"https:\/\/www.bellunopress.it\/#organization","name":"Bellunopress","url":"https:\/\/www.bellunopress.it\/","logo":{"@type":"ImageObject","inLanguage":"fr-FR","@id":"https:\/\/www.bellunopress.it\/#\/schema\/logo\/image\/","url":"https:\/\/www.bellunopress.it\/wp-content\/uploads\/2011\/05\/cropped-logo-bellunopress-.jpg","contentUrl":"https:\/\/www.bellunopress.it\/wp-content\/uploads\/2011\/05\/cropped-logo-bellunopress-.jpg","width":512,"height":512,"caption":"Bellunopress"},"image":{"@id":"https:\/\/www.bellunopress.it\/#\/schema\/logo\/image\/"},"sameAs":["https:\/\/www.facebook.com\/profile.php?id=100008943462799","https:\/\/x.com\/bellunopress","https:\/\/www.linkedin.com\/hp\/?dnr=JBzUWaJfMUw8vbXJJ2tVW5-I3jZKvC4wsoxE&amp;amp;amp;amp;amp;amp;trk=nav_responsive_tab_home","https:\/\/www.youtube.com\/channel\/UCxL0wu1uN0_3_7hGG0306cw"]},{"@type":"Person","@id":"https:\/\/www.bellunopress.it\/#\/schema\/person\/79bb06722b37ece1c03d3e94beb30d73","name":"r\u00e9daction","image":{"@type":"ImageObject","inLanguage":"fr-FR","@id":"https:\/\/secure.gravatar.com\/avatar\/37d968a2e67a6fd04c169c4bdef102d0bc5d31b2546345219e348575eb80e9a0?s=96&d=mm&r=g","url":"https:\/\/secure.gravatar.com\/avatar\/37d968a2e67a6fd04c169c4bdef102d0bc5d31b2546345219e348575eb80e9a0?s=96&d=mm&r=g","contentUrl":"https:\/\/secure.gravatar.com\/avatar\/37d968a2e67a6fd04c169c4bdef102d0bc5d31b2546345219e348575eb80e9a0?s=96&d=mm&r=g","caption":"redazione"},"sameAs":["http:\/\/www.bellunopress.it","https:\/\/x.com\/bellunopress"],"url":"https:\/\/www.bellunopress.it\/fr\/author\/redazione\/"}]}},"_links":{"self":[{"href":"https:\/\/www.bellunopress.it\/fr\/wp-json\/wp\/v2\/posts\/51625","targetHints":{"allow":["GET"]}}],"collection":[{"href":"https:\/\/www.bellunopress.it\/fr\/wp-json\/wp\/v2\/posts"}],"about":[{"href":"https:\/\/www.bellunopress.it\/fr\/wp-json\/wp\/v2\/types\/post"}],"author":[{"embeddable":true,"href":"https:\/\/www.bellunopress.it\/fr\/wp-json\/wp\/v2\/users\/2"}],"replies":[{"embeddable":true,"href":"https:\/\/www.bellunopress.it\/fr\/wp-json\/wp\/v2\/comments?post=51625"}],"version-history":[{"count":1,"href":"https:\/\/www.bellunopress.it\/fr\/wp-json\/wp\/v2\/posts\/51625\/revisions"}],"predecessor-version":[{"id":51626,"href":"https:\/\/www.bellunopress.it\/fr\/wp-json\/wp\/v2\/posts\/51625\/revisions\/51626"}],"wp:attachment":[{"href":"https:\/\/www.bellunopress.it\/fr\/wp-json\/wp\/v2\/media?parent=51625"}],"wp:term":[{"taxonomy":"category","embeddable":true,"href":"https:\/\/www.bellunopress.it\/fr\/wp-json\/wp\/v2\/categories?post=51625"},{"taxonomy":"post_tag","embeddable":true,"href":"https:\/\/www.bellunopress.it\/fr\/wp-json\/wp\/v2\/tags?post=51625"}],"curies":[{"name":"wp","href":"https:\/\/api.w.org\/{rel}","templated":true}]}}