{"id":51621,"date":"2013-08-09T15:17:33","date_gmt":"2013-08-09T14:17:33","guid":{"rendered":"http:\/\/www.bellunopress.it\/?p=51621"},"modified":"2013-08-09T15:17:33","modified_gmt":"2013-08-09T14:17:33","slug":"intervista-a-gianni-de-bastiani-nuovo-presidente-di-dolomiti-bus-spa","status":"publish","type":"post","link":"https:\/\/www.bellunopress.it\/fr\/2013\/08\/09\/intervista-a-gianni-de-bastiani-nuovo-presidente-di-dolomiti-bus-spa\/","title":{"rendered":"Intervista a Gianni De Bastiani, nuovo presidente di Dolomiti Bus spa"},"content":{"rendered":"<figure id=\"attachment_31530\" aria-describedby=\"caption-attachment-31530\" style=\"width: 150px\" class=\"wp-caption alignleft\"><a href=\"http:\/\/www.bellunopress.it\/wp-content\/uploads\/2011\/10\/gianni-de-bastiani.jpg\"><img loading=\"lazy\" decoding=\"async\" class=\"size-full wp-image-31530\" alt=\"Gianni De Bastiani \" src=\"http:\/\/www.bellunopress.it\/wp-content\/uploads\/2011\/10\/gianni-de-bastiani.jpg\" width=\"150\" height=\"200\" \/><\/a><figcaption id=\"caption-attachment-31530\" class=\"wp-caption-text\">Gianni De Bastiani<\/figcaption><\/figure>\n<p>Dal 2 luglio scorso Gianni De Bastiani \u00e8 il nuovo presidente di Dolomiti Bus spa, nominato insieme ai consiglieri di amministrazione Luca Soppelsa e Martina Dal Pont dall\u2019Amministrazione provinciale di Belluno, socio proprietario del 60% del capitale sociale.<\/p>\n<p><strong>Qual \u00e8 stata la presa di contatto con l&#8217;azienda dalla sua nomina?<\/strong><\/p>\n<p>&#8220;Ho voluto innanzitutto conoscere come funziona la complessa macchina della societ\u00e0. Ed ho\u00a0iniziato incontrando i lavoratori attraverso le loro rappresentanze sindacali, RSU e RSA, per comprendere, proprio da chi lavora in prima linea nei servizi, quali sono le problematiche del trasporto pubblico nella nostra provincia&#8221;.<\/p>\n<p><strong>Che impressione ne ha avuto?<\/strong><\/p>\n<p>&#8220;Ho particolarmente apprezzato l\u2019attuale sistema di relazioni interne in cui le maestranze condividono le strategie della societ\u00e0 e lavorano per il raggiungimento degli obiettivi aziendali senza rigidi formalismi di mansionario&#8221;.<\/p>\n<p><strong>Cosa pu\u00f2 dirci sulla situazione economica dell\u2019azienda?<\/strong><\/p>\n<p>&#8220;Nelle societ\u00e0 pubbliche capita che le linee di azione siano influenzate da scelte politiche, che a volte possono comportare effetti negativi sulla gestione economica, per questo negli ultimi anni il legislatore ha introdotto controlli pi\u00f9 stringenti sull\u2019operato di queste societ\u00e0.\u00a0In alcuni casi \u00e8 anche successo che, nonostante i dati del bilancio non evidenziassero perdite, le reali condizioni economiche fossero ben diverse da come apparivano e celassero situazioni di dissesto e grave crisi finanziaria.<\/p>\n<p>Quindi \u00e8 importante capire se i fondamentali economici dell\u2019azienda siano in ordine controllando i dati contabili pi\u00f9 importanti, come ad esempio i crediti iscritti a bilancio, la situazione della liquidit\u00e0, l\u2019indebitamento e gli accantonamenti necessari.<\/p>\n<p>Sicuramente Dolomiti Bus \u00e8 amministrata bene, con avvedutezza e attenzione al rispetto degli equilibri economici.\u00a0Uno dei fattori di successo che ho riscontrato \u00e8 proprio la disponibilit\u00e0 e l\u2019attaccamento aziendale dei lavoratori, i primi a voler spingere la societ\u00e0 verso obiettivi qualificanti e di buona gestione&#8221;.<\/p>\n<p><strong>Quali sono le prospettive di Dolomiti Bus?<\/strong><\/p>\n<p>&#8220;Ora si pongono sicuramente dei traguardi importanti per la societ\u00e0. Di fronte vi sono scenari nazionali e internazionali che premono per l\u2019integrazione della rete complessiva dei trasporti.\u00a0E\u2019 di poco tempo fa l\u2019incontro degli amministratori locali con l\u2019assessore regionale Chisso. In tale sede \u00e8 emersa con forza l\u2019esigenza di mantenere nella nostra provincia livelli accettabili nel trasporto ferroviario e di combinare meglio gli orari dei treni con quelli degli autobus.<\/p>\n<p>Ora il rafforzamento della Provincia nella compagine societaria \u00e8 una garanzia ulteriore che vi sia maggiore attenzione al servizio pubblico, quello che soddisfa i bisogni primari della popolazione che vive in zone disagiate e dei pendolari che devono recarsi al lavoro o a scuola.<\/p>\n<p>Io, insieme agli altri consiglieri di amministrazione, cercheremo di lavorare per mantenere Dolomiti Bus come protagonista del trasporto pubblico bellunese e per preparare il terreno a rendere la societ\u00e0 capace di competere per la futura gestione unica del trasporto ferro-gomma&#8221;.<\/p>\n<p>&nbsp;<\/p>\n<p>&nbsp;<\/p>","protected":false},"excerpt":{"rendered":"<p>Dal 2 luglio scorso Gianni De Bastiani \u00e8 il nuovo presidente di Dolomiti Bus spa, nominato insieme ai consiglieri di amministrazione Luca Soppelsa e Martina Dal Pont dall\u2019Amministrazione provinciale di Belluno, socio proprietario del 60% del capitale sociale. Qual \u00e8 stata la presa di contatto con l&#8217;azienda dalla sua nomina? &#8220;Ho voluto innanzitutto conoscere come [&hellip;]<\/p>\n","protected":false},"author":2,"featured_media":0,"comment_status":"closed","ping_status":"open","sticky":false,"template":"","format":"standard","meta":{"footnotes":""},"categories":[5,36],"tags":[],"class_list":["post-51621","post","type-post","status-publish","format-standard","category-cronaca","category-lavoro-economia"],"yoast_head":"<!-- This site is optimized with the Yoast SEO plugin v28.4 - https:\/\/yoast.com\/product\/yoast-seo-wordpress\/ -->\n<title>Intervista a Gianni De Bastiani, nuovo presidente di Dolomiti Bus spa  - Bellunopress - Dolomiti<\/title>\n<meta name=\"robots\" content=\"index, follow, max-snippet:-1, max-image-preview:large, max-video-preview:-1\" \/>\n<link rel=\"canonical\" href=\"https:\/\/www.bellunopress.it\/fr\/2013\/08\/09\/intervista-a-gianni-de-bastiani-nuovo-presidente-di-dolomiti-bus-spa\/\" \/>\n<meta property=\"og:locale\" content=\"fr_FR\" \/>\n<meta property=\"og:type\" content=\"article\" \/>\n<meta property=\"og:title\" content=\"Intervista a Gianni De Bastiani, nuovo presidente di Dolomiti Bus spa  - Bellunopress - Dolomiti\" \/>\n<meta property=\"og:description\" content=\"Dal 2 luglio scorso Gianni De Bastiani \u00e8 il nuovo presidente di Dolomiti Bus spa, nominato insieme ai consiglieri di amministrazione Luca Soppelsa e Martina Dal Pont dall\u2019Amministrazione provinciale di Belluno, socio proprietario del 60% del capitale sociale. Qual \u00e8 stata la presa di contatto con l&#8217;azienda dalla sua nomina? &#8220;Ho voluto innanzitutto conoscere come [&hellip;]\" \/>\n<meta property=\"og:url\" content=\"https:\/\/www.bellunopress.it\/fr\/2013\/08\/09\/intervista-a-gianni-de-bastiani-nuovo-presidente-di-dolomiti-bus-spa\/\" \/>\n<meta property=\"og:site_name\" content=\"Bellunopress - Dolomiti\" \/>\n<meta property=\"article:publisher\" content=\"https:\/\/www.facebook.com\/profile.php?id=100008943462799\" \/>\n<meta property=\"article:published_time\" content=\"2013-08-09T14:17:33+00:00\" \/>\n<meta property=\"og:image\" content=\"http:\/\/www.bellunopress.it\/wp-content\/uploads\/2011\/10\/gianni-de-bastiani.jpg\" \/>\n<meta name=\"author\" content=\"redazione\" \/>\n<meta name=\"twitter:card\" content=\"summary_large_image\" \/>\n<meta name=\"twitter:creator\" content=\"@bellunopress\" \/>\n<meta name=\"twitter:site\" content=\"@bellunopress\" \/>\n<meta name=\"twitter:label1\" content=\"\u00c9crit par\" \/>\n\t<meta name=\"twitter:data1\" content=\"redazione\" \/>\n\t<meta name=\"twitter:label2\" content=\"Dur\u00e9e de lecture estim\u00e9e\" \/>\n\t<meta name=\"twitter:data2\" content=\"2 minutes\" \/>\n<script type=\"application\/ld+json\" class=\"yoast-schema-graph\">{\"@context\":\"https:\\\/\\\/schema.org\",\"@graph\":[{\"@type\":\"Article\",\"@id\":\"https:\\\/\\\/www.bellunopress.it\\\/2013\\\/08\\\/09\\\/intervista-a-gianni-de-bastiani-nuovo-presidente-di-dolomiti-bus-spa\\\/#article\",\"isPartOf\":{\"@id\":\"https:\\\/\\\/www.bellunopress.it\\\/2013\\\/08\\\/09\\\/intervista-a-gianni-de-bastiani-nuovo-presidente-di-dolomiti-bus-spa\\\/\"},\"author\":{\"name\":\"redazione\",\"@id\":\"https:\\\/\\\/www.bellunopress.it\\\/#\\\/schema\\\/person\\\/79bb06722b37ece1c03d3e94beb30d73\"},\"headline\":\"Intervista a Gianni De Bastiani, nuovo presidente di Dolomiti Bus spa\",\"datePublished\":\"2013-08-09T14:17:33+00:00\",\"mainEntityOfPage\":{\"@id\":\"https:\\\/\\\/www.bellunopress.it\\\/2013\\\/08\\\/09\\\/intervista-a-gianni-de-bastiani-nuovo-presidente-di-dolomiti-bus-spa\\\/\"},\"wordCount\":479,\"publisher\":{\"@id\":\"https:\\\/\\\/www.bellunopress.it\\\/#organization\"},\"image\":{\"@id\":\"https:\\\/\\\/www.bellunopress.it\\\/2013\\\/08\\\/09\\\/intervista-a-gianni-de-bastiani-nuovo-presidente-di-dolomiti-bus-spa\\\/#primaryimage\"},\"thumbnailUrl\":\"http:\\\/\\\/www.bellunopress.it\\\/wp-content\\\/uploads\\\/2011\\\/10\\\/gianni-de-bastiani.jpg\",\"articleSection\":[\"Cronaca\\\/Politica\",\"Lavoro, Economia, Turismo\"],\"inLanguage\":\"fr-FR\"},{\"@type\":\"WebPage\",\"@id\":\"https:\\\/\\\/www.bellunopress.it\\\/2013\\\/08\\\/09\\\/intervista-a-gianni-de-bastiani-nuovo-presidente-di-dolomiti-bus-spa\\\/\",\"url\":\"https:\\\/\\\/www.bellunopress.it\\\/2013\\\/08\\\/09\\\/intervista-a-gianni-de-bastiani-nuovo-presidente-di-dolomiti-bus-spa\\\/\",\"name\":\"Intervista a Gianni De Bastiani, nuovo presidente di Dolomiti Bus spa - Bellunopress - Dolomiti\",\"isPartOf\":{\"@id\":\"https:\\\/\\\/www.bellunopress.it\\\/#website\"},\"primaryImageOfPage\":{\"@id\":\"https:\\\/\\\/www.bellunopress.it\\\/2013\\\/08\\\/09\\\/intervista-a-gianni-de-bastiani-nuovo-presidente-di-dolomiti-bus-spa\\\/#primaryimage\"},\"image\":{\"@id\":\"https:\\\/\\\/www.bellunopress.it\\\/2013\\\/08\\\/09\\\/intervista-a-gianni-de-bastiani-nuovo-presidente-di-dolomiti-bus-spa\\\/#primaryimage\"},\"thumbnailUrl\":\"http:\\\/\\\/www.bellunopress.it\\\/wp-content\\\/uploads\\\/2011\\\/10\\\/gianni-de-bastiani.jpg\",\"datePublished\":\"2013-08-09T14:17:33+00:00\",\"breadcrumb\":{\"@id\":\"https:\\\/\\\/www.bellunopress.it\\\/2013\\\/08\\\/09\\\/intervista-a-gianni-de-bastiani-nuovo-presidente-di-dolomiti-bus-spa\\\/#breadcrumb\"},\"inLanguage\":\"fr-FR\",\"potentialAction\":[{\"@type\":\"ReadAction\",\"target\":[\"https:\\\/\\\/www.bellunopress.it\\\/2013\\\/08\\\/09\\\/intervista-a-gianni-de-bastiani-nuovo-presidente-di-dolomiti-bus-spa\\\/\"]}]},{\"@type\":\"ImageObject\",\"inLanguage\":\"fr-FR\",\"@id\":\"https:\\\/\\\/www.bellunopress.it\\\/2013\\\/08\\\/09\\\/intervista-a-gianni-de-bastiani-nuovo-presidente-di-dolomiti-bus-spa\\\/#primaryimage\",\"url\":\"http:\\\/\\\/www.bellunopress.it\\\/wp-content\\\/uploads\\\/2011\\\/10\\\/gianni-de-bastiani.jpg\",\"contentUrl\":\"http:\\\/\\\/www.bellunopress.it\\\/wp-content\\\/uploads\\\/2011\\\/10\\\/gianni-de-bastiani.jpg\"},{\"@type\":\"BreadcrumbList\",\"@id\":\"https:\\\/\\\/www.bellunopress.it\\\/2013\\\/08\\\/09\\\/intervista-a-gianni-de-bastiani-nuovo-presidente-di-dolomiti-bus-spa\\\/#breadcrumb\",\"itemListElement\":[{\"@type\":\"ListItem\",\"position\":1,\"name\":\"Home\",\"item\":\"https:\\\/\\\/www.bellunopress.it\\\/\"},{\"@type\":\"ListItem\",\"position\":2,\"name\":\"Intervista a Gianni De Bastiani, nuovo presidente di Dolomiti Bus spa\"}]},{\"@type\":\"WebSite\",\"@id\":\"https:\\\/\\\/www.bellunopress.it\\\/#website\",\"url\":\"https:\\\/\\\/www.bellunopress.it\\\/\",\"name\":\"Bellunopress - Dolomiti\",\"description\":\"e-mail: redazione@bellunopress.it\",\"publisher\":{\"@id\":\"https:\\\/\\\/www.bellunopress.it\\\/#organization\"},\"potentialAction\":[{\"@type\":\"SearchAction\",\"target\":{\"@type\":\"EntryPoint\",\"urlTemplate\":\"https:\\\/\\\/www.bellunopress.it\\\/?s={search_term_string}\"},\"query-input\":{\"@type\":\"PropertyValueSpecification\",\"valueRequired\":true,\"valueName\":\"search_term_string\"}}],\"inLanguage\":\"fr-FR\"},{\"@type\":\"Organization\",\"@id\":\"https:\\\/\\\/www.bellunopress.it\\\/#organization\",\"name\":\"Bellunopress\",\"url\":\"https:\\\/\\\/www.bellunopress.it\\\/\",\"logo\":{\"@type\":\"ImageObject\",\"inLanguage\":\"fr-FR\",\"@id\":\"https:\\\/\\\/www.bellunopress.it\\\/#\\\/schema\\\/logo\\\/image\\\/\",\"url\":\"https:\\\/\\\/www.bellunopress.it\\\/wp-content\\\/uploads\\\/2011\\\/05\\\/cropped-logo-bellunopress-.jpg\",\"contentUrl\":\"https:\\\/\\\/www.bellunopress.it\\\/wp-content\\\/uploads\\\/2011\\\/05\\\/cropped-logo-bellunopress-.jpg\",\"width\":512,\"height\":512,\"caption\":\"Bellunopress\"},\"image\":{\"@id\":\"https:\\\/\\\/www.bellunopress.it\\\/#\\\/schema\\\/logo\\\/image\\\/\"},\"sameAs\":[\"https:\\\/\\\/www.facebook.com\\\/profile.php?id=100008943462799\",\"https:\\\/\\\/x.com\\\/bellunopress\",\"https:\\\/\\\/www.linkedin.com\\\/hp\\\/?dnr=JBzUWaJfMUw8vbXJJ2tVW5-I3jZKvC4wsoxE&amp;amp;amp;amp;amp;amp;trk=nav_responsive_tab_home\",\"https:\\\/\\\/www.youtube.com\\\/channel\\\/UCxL0wu1uN0_3_7hGG0306cw\"]},{\"@type\":\"Person\",\"@id\":\"https:\\\/\\\/www.bellunopress.it\\\/#\\\/schema\\\/person\\\/79bb06722b37ece1c03d3e94beb30d73\",\"name\":\"redazione\",\"image\":{\"@type\":\"ImageObject\",\"inLanguage\":\"fr-FR\",\"@id\":\"https:\\\/\\\/secure.gravatar.com\\\/avatar\\\/37d968a2e67a6fd04c169c4bdef102d0bc5d31b2546345219e348575eb80e9a0?s=96&d=mm&r=g\",\"url\":\"https:\\\/\\\/secure.gravatar.com\\\/avatar\\\/37d968a2e67a6fd04c169c4bdef102d0bc5d31b2546345219e348575eb80e9a0?s=96&d=mm&r=g\",\"contentUrl\":\"https:\\\/\\\/secure.gravatar.com\\\/avatar\\\/37d968a2e67a6fd04c169c4bdef102d0bc5d31b2546345219e348575eb80e9a0?s=96&d=mm&r=g\",\"caption\":\"redazione\"},\"sameAs\":[\"http:\\\/\\\/www.bellunopress.it\",\"https:\\\/\\\/x.com\\\/bellunopress\"],\"url\":\"https:\\\/\\\/www.bellunopress.it\\\/fr\\\/author\\\/redazione\\\/\"}]}<\/script>\n<!-- \/ Yoast SEO plugin. -->","yoast_head_json":{"title":"Intervista a Gianni De Bastiani, nuovo presidente di Dolomiti Bus spa  - Bellunopress - Dolomiti","robots":{"index":"index","follow":"follow","max-snippet":"max-snippet:-1","max-image-preview":"max-image-preview:large","max-video-preview":"max-video-preview:-1"},"canonical":"https:\/\/www.bellunopress.it\/fr\/2013\/08\/09\/intervista-a-gianni-de-bastiani-nuovo-presidente-di-dolomiti-bus-spa\/","og_locale":"fr_FR","og_type":"article","og_title":"Intervista a Gianni De Bastiani, nuovo presidente di Dolomiti Bus spa  - Bellunopress - Dolomiti","og_description":"Dal 2 luglio scorso Gianni De Bastiani \u00e8 il nuovo presidente di Dolomiti Bus spa, nominato insieme ai consiglieri di amministrazione Luca Soppelsa e Martina Dal Pont dall\u2019Amministrazione provinciale di Belluno, socio proprietario del 60% del capitale sociale. Qual \u00e8 stata la presa di contatto con l&#8217;azienda dalla sua nomina? &#8220;Ho voluto innanzitutto conoscere come [&hellip;]","og_url":"https:\/\/www.bellunopress.it\/fr\/2013\/08\/09\/intervista-a-gianni-de-bastiani-nuovo-presidente-di-dolomiti-bus-spa\/","og_site_name":"Bellunopress - Dolomiti","article_publisher":"https:\/\/www.facebook.com\/profile.php?id=100008943462799","article_published_time":"2013-08-09T14:17:33+00:00","og_image":[{"url":"http:\/\/www.bellunopress.it\/wp-content\/uploads\/2011\/10\/gianni-de-bastiani.jpg","type":"","width":"","height":""}],"author":"redazione","twitter_card":"summary_large_image","twitter_creator":"@bellunopress","twitter_site":"@bellunopress","twitter_misc":{"\u00c9crit par":"redazione","Dur\u00e9e de lecture estim\u00e9e":"2 minutes"},"schema":{"@context":"https:\/\/schema.org","@graph":[{"@type":"Article","@id":"https:\/\/www.bellunopress.it\/2013\/08\/09\/intervista-a-gianni-de-bastiani-nuovo-presidente-di-dolomiti-bus-spa\/#article","isPartOf":{"@id":"https:\/\/www.bellunopress.it\/2013\/08\/09\/intervista-a-gianni-de-bastiani-nuovo-presidente-di-dolomiti-bus-spa\/"},"author":{"name":"redazione","@id":"https:\/\/www.bellunopress.it\/#\/schema\/person\/79bb06722b37ece1c03d3e94beb30d73"},"headline":"Intervista a Gianni De Bastiani, nuovo presidente di Dolomiti Bus spa","datePublished":"2013-08-09T14:17:33+00:00","mainEntityOfPage":{"@id":"https:\/\/www.bellunopress.it\/2013\/08\/09\/intervista-a-gianni-de-bastiani-nuovo-presidente-di-dolomiti-bus-spa\/"},"wordCount":479,"publisher":{"@id":"https:\/\/www.bellunopress.it\/#organization"},"image":{"@id":"https:\/\/www.bellunopress.it\/2013\/08\/09\/intervista-a-gianni-de-bastiani-nuovo-presidente-di-dolomiti-bus-spa\/#primaryimage"},"thumbnailUrl":"http:\/\/www.bellunopress.it\/wp-content\/uploads\/2011\/10\/gianni-de-bastiani.jpg","articleSection":["Cronaca\/Politica","Lavoro, Economia, Turismo"],"inLanguage":"fr-FR"},{"@type":"WebPage","@id":"https:\/\/www.bellunopress.it\/2013\/08\/09\/intervista-a-gianni-de-bastiani-nuovo-presidente-di-dolomiti-bus-spa\/","url":"https:\/\/www.bellunopress.it\/2013\/08\/09\/intervista-a-gianni-de-bastiani-nuovo-presidente-di-dolomiti-bus-spa\/","name":"Intervista a Gianni De Bastiani, nuovo presidente di Dolomiti Bus spa - Bellunopress - Dolomiti","isPartOf":{"@id":"https:\/\/www.bellunopress.it\/#website"},"primaryImageOfPage":{"@id":"https:\/\/www.bellunopress.it\/2013\/08\/09\/intervista-a-gianni-de-bastiani-nuovo-presidente-di-dolomiti-bus-spa\/#primaryimage"},"image":{"@id":"https:\/\/www.bellunopress.it\/2013\/08\/09\/intervista-a-gianni-de-bastiani-nuovo-presidente-di-dolomiti-bus-spa\/#primaryimage"},"thumbnailUrl":"http:\/\/www.bellunopress.it\/wp-content\/uploads\/2011\/10\/gianni-de-bastiani.jpg","datePublished":"2013-08-09T14:17:33+00:00","breadcrumb":{"@id":"https:\/\/www.bellunopress.it\/2013\/08\/09\/intervista-a-gianni-de-bastiani-nuovo-presidente-di-dolomiti-bus-spa\/#breadcrumb"},"inLanguage":"fr-FR","potentialAction":[{"@type":"ReadAction","target":["https:\/\/www.bellunopress.it\/2013\/08\/09\/intervista-a-gianni-de-bastiani-nuovo-presidente-di-dolomiti-bus-spa\/"]}]},{"@type":"ImageObject","inLanguage":"fr-FR","@id":"https:\/\/www.bellunopress.it\/2013\/08\/09\/intervista-a-gianni-de-bastiani-nuovo-presidente-di-dolomiti-bus-spa\/#primaryimage","url":"http:\/\/www.bellunopress.it\/wp-content\/uploads\/2011\/10\/gianni-de-bastiani.jpg","contentUrl":"http:\/\/www.bellunopress.it\/wp-content\/uploads\/2011\/10\/gianni-de-bastiani.jpg"},{"@type":"BreadcrumbList","@id":"https:\/\/www.bellunopress.it\/2013\/08\/09\/intervista-a-gianni-de-bastiani-nuovo-presidente-di-dolomiti-bus-spa\/#breadcrumb","itemListElement":[{"@type":"ListItem","position":1,"name":"Home","item":"https:\/\/www.bellunopress.it\/"},{"@type":"ListItem","position":2,"name":"Intervista a Gianni De Bastiani, nuovo presidente di Dolomiti Bus spa"}]},{"@type":"WebSite","@id":"https:\/\/www.bellunopress.it\/#website","url":"https:\/\/www.bellunopress.it\/","name":"Bellunopress - Dolomiti","description":"e-mail: redazione@bellunopress.it","publisher":{"@id":"https:\/\/www.bellunopress.it\/#organization"},"potentialAction":[{"@type":"SearchAction","target":{"@type":"EntryPoint","urlTemplate":"https:\/\/www.bellunopress.it\/?s={search_term_string}"},"query-input":{"@type":"PropertyValueSpecification","valueRequired":true,"valueName":"search_term_string"}}],"inLanguage":"fr-FR"},{"@type":"Organization","@id":"https:\/\/www.bellunopress.it\/#organization","name":"Bellunopress","url":"https:\/\/www.bellunopress.it\/","logo":{"@type":"ImageObject","inLanguage":"fr-FR","@id":"https:\/\/www.bellunopress.it\/#\/schema\/logo\/image\/","url":"https:\/\/www.bellunopress.it\/wp-content\/uploads\/2011\/05\/cropped-logo-bellunopress-.jpg","contentUrl":"https:\/\/www.bellunopress.it\/wp-content\/uploads\/2011\/05\/cropped-logo-bellunopress-.jpg","width":512,"height":512,"caption":"Bellunopress"},"image":{"@id":"https:\/\/www.bellunopress.it\/#\/schema\/logo\/image\/"},"sameAs":["https:\/\/www.facebook.com\/profile.php?id=100008943462799","https:\/\/x.com\/bellunopress","https:\/\/www.linkedin.com\/hp\/?dnr=JBzUWaJfMUw8vbXJJ2tVW5-I3jZKvC4wsoxE&amp;amp;amp;amp;amp;amp;trk=nav_responsive_tab_home","https:\/\/www.youtube.com\/channel\/UCxL0wu1uN0_3_7hGG0306cw"]},{"@type":"Person","@id":"https:\/\/www.bellunopress.it\/#\/schema\/person\/79bb06722b37ece1c03d3e94beb30d73","name":"r\u00e9daction","image":{"@type":"ImageObject","inLanguage":"fr-FR","@id":"https:\/\/secure.gravatar.com\/avatar\/37d968a2e67a6fd04c169c4bdef102d0bc5d31b2546345219e348575eb80e9a0?s=96&d=mm&r=g","url":"https:\/\/secure.gravatar.com\/avatar\/37d968a2e67a6fd04c169c4bdef102d0bc5d31b2546345219e348575eb80e9a0?s=96&d=mm&r=g","contentUrl":"https:\/\/secure.gravatar.com\/avatar\/37d968a2e67a6fd04c169c4bdef102d0bc5d31b2546345219e348575eb80e9a0?s=96&d=mm&r=g","caption":"redazione"},"sameAs":["http:\/\/www.bellunopress.it","https:\/\/x.com\/bellunopress"],"url":"https:\/\/www.bellunopress.it\/fr\/author\/redazione\/"}]}},"_links":{"self":[{"href":"https:\/\/www.bellunopress.it\/fr\/wp-json\/wp\/v2\/posts\/51621","targetHints":{"allow":["GET"]}}],"collection":[{"href":"https:\/\/www.bellunopress.it\/fr\/wp-json\/wp\/v2\/posts"}],"about":[{"href":"https:\/\/www.bellunopress.it\/fr\/wp-json\/wp\/v2\/types\/post"}],"author":[{"embeddable":true,"href":"https:\/\/www.bellunopress.it\/fr\/wp-json\/wp\/v2\/users\/2"}],"replies":[{"embeddable":true,"href":"https:\/\/www.bellunopress.it\/fr\/wp-json\/wp\/v2\/comments?post=51621"}],"version-history":[{"count":1,"href":"https:\/\/www.bellunopress.it\/fr\/wp-json\/wp\/v2\/posts\/51621\/revisions"}],"predecessor-version":[{"id":51622,"href":"https:\/\/www.bellunopress.it\/fr\/wp-json\/wp\/v2\/posts\/51621\/revisions\/51622"}],"wp:attachment":[{"href":"https:\/\/www.bellunopress.it\/fr\/wp-json\/wp\/v2\/media?parent=51621"}],"wp:term":[{"taxonomy":"category","embeddable":true,"href":"https:\/\/www.bellunopress.it\/fr\/wp-json\/wp\/v2\/categories?post=51621"},{"taxonomy":"post_tag","embeddable":true,"href":"https:\/\/www.bellunopress.it\/fr\/wp-json\/wp\/v2\/tags?post=51621"}],"curies":[{"name":"wp","href":"https:\/\/api.w.org\/{rel}","templated":true}]}}