{"id":51617,"date":"2013-08-08T23:15:22","date_gmt":"2013-08-08T22:15:22","guid":{"rendered":"http:\/\/www.bellunopress.it\/?p=51617"},"modified":"2013-08-08T23:15:22","modified_gmt":"2013-08-08T22:15:22","slug":"nuovo-look-e-nuove-motorizzazioni-per-lopel-insignia-e-il-fuoristrada-country-tourer-alla-concessionaria-rova-di-belluno","status":"publish","type":"post","link":"https:\/\/www.bellunopress.it\/fr\/2013\/08\/08\/nuovo-look-e-nuove-motorizzazioni-per-lopel-insignia-e-il-fuoristrada-country-tourer-alla-concessionaria-rova-di-belluno\/","title":{"rendered":"Nuovo look e nuove motorizzazioni per l&#8217;Opel Insignia e il fuoristrada Country Tourer alla Concessionaria Rova di Belluno"},"content":{"rendered":"<p><span style=\"font-size: 13px; line-height: 19px;\">Nuovo design esterni e interni, nuova gamma motori al vertice della categoria per emissioni e prestazioni, ulteriore upgrade tecnologico con cruscotto HMI e sicurezza attiva, e un nuovo modello Country Tourer. E&#8217; il biglietto da visita della nuova Opel Insignia e della Country Tourer, in arrivo alla Concessionaria Rova di Belluno, che saranno presentate ufficialmente al Salone Internazionale di Francoforte dal 12 al 22 settembre.<\/span><\/p>\n<p><a href=\"http:\/\/www.bellunopress.it\/wp-content\/uploads\/2013\/08\/opel-insignia.png\"><img loading=\"lazy\" decoding=\"async\" class=\"alignleft size-full wp-image-51618\" alt=\"opel insignia\" src=\"http:\/\/www.bellunopress.it\/wp-content\/uploads\/2013\/08\/opel-insignia.png\" width=\"300\" height=\"144\" \/><\/a>Il nuovo design dell&#8217;Insignia evidenzia dinamismo e una presenza su strada pi\u00f9 forte e decisa. La griglia cromata ora \u00e8 pi\u00f9 larga e bassa, la barra che ospita il logo Opel \u00e8 pi\u00f9 snella e anche i gruppi ottici hanno un nuovo design. La parte posteriore ha un design di proporzioni pi\u00f9 ampie. La barra cromata e lucida del marchio \u00e8 stata posizionata pi\u00f9 in basso, comprende il logo, e termina nei fari posteriori, con le slanciate luci di retromarcia.<\/p>\n<p>Motori al vertice per potenze, emissioni e consumi, che rappresentano l&#8217;eccellenza di serie. Un turbodiesel 2.0 litri 140 cv ecopower, ad emissioni di CO2 pari a soli 99 g\/km (SportsTourer 104 g\/km di CO2), trasmissione manuale a sei velocit\u00e0 e dispositivo Start\/Stop di serie.<\/p>\n<p>Anche i consumi sono da primato, con solo 3,7 litri per 100 km nel ciclo misto (Sports Tourer 3,9 l\/100 km.) Il CDTI 140cv non accetta compromessi, ed offre una coppia che eroga fino a 370 Nm grazie all\u2019overboost automatico.<\/p>\n<p>Fluidit\u00e0 e silenziosit\u00e0 completano le caratteristiche di questo nuovo motore.<\/p>\n<p>Rinnovato il 2.0 CDTI, oggi da 163cv e con Start&amp;Stop di serie. Migliorano le emissioni e i consumi: CO2 di 114 g\/km (ST 119 g\/km di CO2), 4,3 litri per 100 km nel ciclo misto (ST 4,5 l\/100 km).<\/p>\n<p>Nuovo Turbo 1.6 170cv SIDI benzina: la gamma motori si arricchisce del Turbo 1.6 SIDI (SIDI = Spark Ignition Direct Injection) con Start\/Stop della nuova generazione di motori da 125 kW\/170 cv e 260 Nm, in grado di raggiungere i 280 Nm con l\u2019overboost.<\/p>\n<p>Vengono introdotti i nuovi motori d\u2019entrata di gamma, il Turbo 1.4 140cv benzina e GPL-Tech, che rispettano gi\u00e0 le direttive delle future norme Euro 6 sulle emissioni, con coppia massima di 200 Nm.<\/p>\n<p>Equipaggiamenti ancora pi\u00f9 ricchi e nessuna variazione di listino. Insignia Advance avr\u00e0 di serie la nuova Radio R400, con display a colori 4,2\u2019\u2019, 7 altoparlanti, Bluetooth, comandi al volante, CD player, porta USB, aux-in. Inoltre, sar\u00e0 equipaggiata di serie con i nuovi cerchi in lega da 17\u2019\u2019.<\/p>\n<p><a href=\"http:\/\/www.bellunopress.it\/wp-content\/uploads\/2013\/08\/opel-insignia-country-tourer.png\"><img loading=\"lazy\" decoding=\"async\" class=\"alignleft size-full wp-image-51619\" alt=\"opel insignia country tourer\" src=\"http:\/\/www.bellunopress.it\/wp-content\/uploads\/2013\/08\/opel-insignia-country-tourer.png\" width=\"270\" height=\"142\" \/><\/a>Nel segmento fuoristrada arriva la nuova Insignia Country Tourer. Il design \u00e8 caratterizzato dalle protezioni sottoscocca anteriori e posteriori, per i rivestimenti evidenti dei passaruota e della parte inferiore della carrozzeria, per l\u2019assetto rialzato, oltre ai cerchi dedicati da 18\u2019\u2019. La trasmissione integrale all\u2019avanguardia assicura trazione, maneggevolezza e sicurezza in qualunque situazione di guida.<\/p>\n<p>Il sistema di trazione 4&#215;4 a controllo elettronico (eLSD &#8211; electronically-controlled rearaxle Limited Slip Differential) consta di un differenziale elettronico autobloccante che varia la distribuzione della coppia da zero al 100% tra asse anteriore e posteriore e tra le due ruote posteriori. Due le motorizzazioni disponibili: il propulsore diesel BiTurbo CDTI 2.0 da 143 kW\/195 cv AT (doppio scarico) con 400 Nm di potenza, con turbocompressore sequenziale bifase. E il 2.0 CDTI da 120 kW\/163 cv MT\/AT, che eroga 350 Nm di coppia, elevata a 380 Nm con l\u2019overboost.<\/p>\n<p>&nbsp;<\/p>\n<p>&nbsp;<\/p>","protected":false},"excerpt":{"rendered":"<p>Nuovo design esterni e interni, nuova gamma motori al vertice della categoria per emissioni e prestazioni, ulteriore upgrade tecnologico con cruscotto HMI e sicurezza attiva, e un nuovo modello Country Tourer. E&#8217; il biglietto da visita della nuova Opel Insignia e della Country Tourer, in arrivo alla Concessionaria Rova di Belluno, che saranno presentate ufficialmente [&hellip;]<\/p>\n","protected":false},"author":2,"featured_media":0,"comment_status":"closed","ping_status":"open","sticky":false,"template":"","format":"standard","meta":{"footnotes":""},"categories":[25,50],"tags":[],"class_list":["post-51617","post","type-post","status-publish","format-standard","category-pausa-caffe","category-pubbliredazionali"],"yoast_head":"<!-- This site is optimized with the Yoast SEO plugin v28.4 - https:\/\/yoast.com\/product\/yoast-seo-wordpress\/ -->\n<title>Nuovo look e nuove motorizzazioni per l&#039;Opel Insignia e il fuoristrada Country Tourer alla Concessionaria Rova di Belluno   - Bellunopress - Dolomiti<\/title>\n<meta name=\"robots\" content=\"index, follow, max-snippet:-1, max-image-preview:large, max-video-preview:-1\" \/>\n<link rel=\"canonical\" href=\"https:\/\/www.bellunopress.it\/fr\/2013\/08\/08\/nuovo-look-e-nuove-motorizzazioni-per-lopel-insignia-e-il-fuoristrada-country-tourer-alla-concessionaria-rova-di-belluno\/\" \/>\n<meta property=\"og:locale\" content=\"fr_FR\" \/>\n<meta property=\"og:type\" content=\"article\" \/>\n<meta property=\"og:title\" content=\"Nuovo look e nuove motorizzazioni per l&#039;Opel Insignia e il fuoristrada Country Tourer alla Concessionaria Rova di Belluno   - Bellunopress - Dolomiti\" \/>\n<meta property=\"og:description\" content=\"Nuovo design esterni e interni, nuova gamma motori al vertice della categoria per emissioni e prestazioni, ulteriore upgrade tecnologico con cruscotto HMI e sicurezza attiva, e un nuovo modello Country Tourer. E&#8217; il biglietto da visita della nuova Opel Insignia e della Country Tourer, in arrivo alla Concessionaria Rova di Belluno, che saranno presentate ufficialmente [&hellip;]\" \/>\n<meta property=\"og:url\" content=\"https:\/\/www.bellunopress.it\/fr\/2013\/08\/08\/nuovo-look-e-nuove-motorizzazioni-per-lopel-insignia-e-il-fuoristrada-country-tourer-alla-concessionaria-rova-di-belluno\/\" \/>\n<meta property=\"og:site_name\" content=\"Bellunopress - Dolomiti\" \/>\n<meta property=\"article:publisher\" content=\"https:\/\/www.facebook.com\/profile.php?id=100008943462799\" \/>\n<meta property=\"article:published_time\" content=\"2013-08-08T22:15:22+00:00\" \/>\n<meta property=\"og:image\" content=\"http:\/\/www.bellunopress.it\/wp-content\/uploads\/2013\/08\/opel-insignia.png\" \/>\n<meta name=\"author\" content=\"redazione\" \/>\n<meta name=\"twitter:card\" content=\"summary_large_image\" \/>\n<meta name=\"twitter:creator\" content=\"@bellunopress\" \/>\n<meta name=\"twitter:site\" content=\"@bellunopress\" \/>\n<meta name=\"twitter:label1\" content=\"\u00c9crit par\" \/>\n\t<meta name=\"twitter:data1\" content=\"redazione\" \/>\n\t<meta name=\"twitter:label2\" content=\"Dur\u00e9e de lecture estim\u00e9e\" \/>\n\t<meta name=\"twitter:data2\" content=\"3 minutes\" \/>\n<script type=\"application\/ld+json\" class=\"yoast-schema-graph\">{\"@context\":\"https:\\\/\\\/schema.org\",\"@graph\":[{\"@type\":\"Article\",\"@id\":\"https:\\\/\\\/www.bellunopress.it\\\/2013\\\/08\\\/08\\\/nuovo-look-e-nuove-motorizzazioni-per-lopel-insignia-e-il-fuoristrada-country-tourer-alla-concessionaria-rova-di-belluno\\\/#article\",\"isPartOf\":{\"@id\":\"https:\\\/\\\/www.bellunopress.it\\\/2013\\\/08\\\/08\\\/nuovo-look-e-nuove-motorizzazioni-per-lopel-insignia-e-il-fuoristrada-country-tourer-alla-concessionaria-rova-di-belluno\\\/\"},\"author\":{\"name\":\"redazione\",\"@id\":\"https:\\\/\\\/www.bellunopress.it\\\/#\\\/schema\\\/person\\\/79bb06722b37ece1c03d3e94beb30d73\"},\"headline\":\"Nuovo look e nuove motorizzazioni per l&#8217;Opel Insignia e il fuoristrada Country Tourer alla Concessionaria Rova di Belluno\",\"datePublished\":\"2013-08-08T22:15:22+00:00\",\"mainEntityOfPage\":{\"@id\":\"https:\\\/\\\/www.bellunopress.it\\\/2013\\\/08\\\/08\\\/nuovo-look-e-nuove-motorizzazioni-per-lopel-insignia-e-il-fuoristrada-country-tourer-alla-concessionaria-rova-di-belluno\\\/\"},\"wordCount\":542,\"publisher\":{\"@id\":\"https:\\\/\\\/www.bellunopress.it\\\/#organization\"},\"image\":{\"@id\":\"https:\\\/\\\/www.bellunopress.it\\\/2013\\\/08\\\/08\\\/nuovo-look-e-nuove-motorizzazioni-per-lopel-insignia-e-il-fuoristrada-country-tourer-alla-concessionaria-rova-di-belluno\\\/#primaryimage\"},\"thumbnailUrl\":\"http:\\\/\\\/www.bellunopress.it\\\/wp-content\\\/uploads\\\/2013\\\/08\\\/opel-insignia.png\",\"articleSection\":[\"Pausa Caff\u00e8\",\"Pubbliredazionali\"],\"inLanguage\":\"fr-FR\"},{\"@type\":\"WebPage\",\"@id\":\"https:\\\/\\\/www.bellunopress.it\\\/2013\\\/08\\\/08\\\/nuovo-look-e-nuove-motorizzazioni-per-lopel-insignia-e-il-fuoristrada-country-tourer-alla-concessionaria-rova-di-belluno\\\/\",\"url\":\"https:\\\/\\\/www.bellunopress.it\\\/2013\\\/08\\\/08\\\/nuovo-look-e-nuove-motorizzazioni-per-lopel-insignia-e-il-fuoristrada-country-tourer-alla-concessionaria-rova-di-belluno\\\/\",\"name\":\"Nuovo look e nuove motorizzazioni per l'Opel Insignia e il fuoristrada Country Tourer alla Concessionaria Rova di Belluno - Bellunopress - Dolomiti\",\"isPartOf\":{\"@id\":\"https:\\\/\\\/www.bellunopress.it\\\/#website\"},\"primaryImageOfPage\":{\"@id\":\"https:\\\/\\\/www.bellunopress.it\\\/2013\\\/08\\\/08\\\/nuovo-look-e-nuove-motorizzazioni-per-lopel-insignia-e-il-fuoristrada-country-tourer-alla-concessionaria-rova-di-belluno\\\/#primaryimage\"},\"image\":{\"@id\":\"https:\\\/\\\/www.bellunopress.it\\\/2013\\\/08\\\/08\\\/nuovo-look-e-nuove-motorizzazioni-per-lopel-insignia-e-il-fuoristrada-country-tourer-alla-concessionaria-rova-di-belluno\\\/#primaryimage\"},\"thumbnailUrl\":\"http:\\\/\\\/www.bellunopress.it\\\/wp-content\\\/uploads\\\/2013\\\/08\\\/opel-insignia.png\",\"datePublished\":\"2013-08-08T22:15:22+00:00\",\"breadcrumb\":{\"@id\":\"https:\\\/\\\/www.bellunopress.it\\\/2013\\\/08\\\/08\\\/nuovo-look-e-nuove-motorizzazioni-per-lopel-insignia-e-il-fuoristrada-country-tourer-alla-concessionaria-rova-di-belluno\\\/#breadcrumb\"},\"inLanguage\":\"fr-FR\",\"potentialAction\":[{\"@type\":\"ReadAction\",\"target\":[\"https:\\\/\\\/www.bellunopress.it\\\/2013\\\/08\\\/08\\\/nuovo-look-e-nuove-motorizzazioni-per-lopel-insignia-e-il-fuoristrada-country-tourer-alla-concessionaria-rova-di-belluno\\\/\"]}]},{\"@type\":\"ImageObject\",\"inLanguage\":\"fr-FR\",\"@id\":\"https:\\\/\\\/www.bellunopress.it\\\/2013\\\/08\\\/08\\\/nuovo-look-e-nuove-motorizzazioni-per-lopel-insignia-e-il-fuoristrada-country-tourer-alla-concessionaria-rova-di-belluno\\\/#primaryimage\",\"url\":\"http:\\\/\\\/www.bellunopress.it\\\/wp-content\\\/uploads\\\/2013\\\/08\\\/opel-insignia.png\",\"contentUrl\":\"http:\\\/\\\/www.bellunopress.it\\\/wp-content\\\/uploads\\\/2013\\\/08\\\/opel-insignia.png\"},{\"@type\":\"BreadcrumbList\",\"@id\":\"https:\\\/\\\/www.bellunopress.it\\\/2013\\\/08\\\/08\\\/nuovo-look-e-nuove-motorizzazioni-per-lopel-insignia-e-il-fuoristrada-country-tourer-alla-concessionaria-rova-di-belluno\\\/#breadcrumb\",\"itemListElement\":[{\"@type\":\"ListItem\",\"position\":1,\"name\":\"Home\",\"item\":\"https:\\\/\\\/www.bellunopress.it\\\/\"},{\"@type\":\"ListItem\",\"position\":2,\"name\":\"Nuovo look e nuove motorizzazioni per l&#8217;Opel Insignia e il fuoristrada Country Tourer alla Concessionaria Rova di Belluno\"}]},{\"@type\":\"WebSite\",\"@id\":\"https:\\\/\\\/www.bellunopress.it\\\/#website\",\"url\":\"https:\\\/\\\/www.bellunopress.it\\\/\",\"name\":\"Bellunopress - Dolomiti\",\"description\":\"e-mail: redazione@bellunopress.it\",\"publisher\":{\"@id\":\"https:\\\/\\\/www.bellunopress.it\\\/#organization\"},\"potentialAction\":[{\"@type\":\"SearchAction\",\"target\":{\"@type\":\"EntryPoint\",\"urlTemplate\":\"https:\\\/\\\/www.bellunopress.it\\\/?s={search_term_string}\"},\"query-input\":{\"@type\":\"PropertyValueSpecification\",\"valueRequired\":true,\"valueName\":\"search_term_string\"}}],\"inLanguage\":\"fr-FR\"},{\"@type\":\"Organization\",\"@id\":\"https:\\\/\\\/www.bellunopress.it\\\/#organization\",\"name\":\"Bellunopress\",\"url\":\"https:\\\/\\\/www.bellunopress.it\\\/\",\"logo\":{\"@type\":\"ImageObject\",\"inLanguage\":\"fr-FR\",\"@id\":\"https:\\\/\\\/www.bellunopress.it\\\/#\\\/schema\\\/logo\\\/image\\\/\",\"url\":\"https:\\\/\\\/www.bellunopress.it\\\/wp-content\\\/uploads\\\/2011\\\/05\\\/cropped-logo-bellunopress-.jpg\",\"contentUrl\":\"https:\\\/\\\/www.bellunopress.it\\\/wp-content\\\/uploads\\\/2011\\\/05\\\/cropped-logo-bellunopress-.jpg\",\"width\":512,\"height\":512,\"caption\":\"Bellunopress\"},\"image\":{\"@id\":\"https:\\\/\\\/www.bellunopress.it\\\/#\\\/schema\\\/logo\\\/image\\\/\"},\"sameAs\":[\"https:\\\/\\\/www.facebook.com\\\/profile.php?id=100008943462799\",\"https:\\\/\\\/x.com\\\/bellunopress\",\"https:\\\/\\\/www.linkedin.com\\\/hp\\\/?dnr=JBzUWaJfMUw8vbXJJ2tVW5-I3jZKvC4wsoxE&amp;amp;amp;amp;amp;amp;trk=nav_responsive_tab_home\",\"https:\\\/\\\/www.youtube.com\\\/channel\\\/UCxL0wu1uN0_3_7hGG0306cw\"]},{\"@type\":\"Person\",\"@id\":\"https:\\\/\\\/www.bellunopress.it\\\/#\\\/schema\\\/person\\\/79bb06722b37ece1c03d3e94beb30d73\",\"name\":\"redazione\",\"image\":{\"@type\":\"ImageObject\",\"inLanguage\":\"fr-FR\",\"@id\":\"https:\\\/\\\/secure.gravatar.com\\\/avatar\\\/37d968a2e67a6fd04c169c4bdef102d0bc5d31b2546345219e348575eb80e9a0?s=96&d=mm&r=g\",\"url\":\"https:\\\/\\\/secure.gravatar.com\\\/avatar\\\/37d968a2e67a6fd04c169c4bdef102d0bc5d31b2546345219e348575eb80e9a0?s=96&d=mm&r=g\",\"contentUrl\":\"https:\\\/\\\/secure.gravatar.com\\\/avatar\\\/37d968a2e67a6fd04c169c4bdef102d0bc5d31b2546345219e348575eb80e9a0?s=96&d=mm&r=g\",\"caption\":\"redazione\"},\"sameAs\":[\"http:\\\/\\\/www.bellunopress.it\",\"https:\\\/\\\/x.com\\\/bellunopress\"],\"url\":\"https:\\\/\\\/www.bellunopress.it\\\/fr\\\/author\\\/redazione\\\/\"}]}<\/script>\n<!-- \/ Yoast SEO plugin. -->","yoast_head_json":{"title":"Nuovo look e nuove motorizzazioni per l'Opel Insignia e il fuoristrada Country Tourer alla Concessionaria Rova di Belluno   - Bellunopress - Dolomiti","robots":{"index":"index","follow":"follow","max-snippet":"max-snippet:-1","max-image-preview":"max-image-preview:large","max-video-preview":"max-video-preview:-1"},"canonical":"https:\/\/www.bellunopress.it\/fr\/2013\/08\/08\/nuovo-look-e-nuove-motorizzazioni-per-lopel-insignia-e-il-fuoristrada-country-tourer-alla-concessionaria-rova-di-belluno\/","og_locale":"fr_FR","og_type":"article","og_title":"Nuovo look e nuove motorizzazioni per l'Opel Insignia e il fuoristrada Country Tourer alla Concessionaria Rova di Belluno   - Bellunopress - Dolomiti","og_description":"Nuovo design esterni e interni, nuova gamma motori al vertice della categoria per emissioni e prestazioni, ulteriore upgrade tecnologico con cruscotto HMI e sicurezza attiva, e un nuovo modello Country Tourer. E&#8217; il biglietto da visita della nuova Opel Insignia e della Country Tourer, in arrivo alla Concessionaria Rova di Belluno, che saranno presentate ufficialmente [&hellip;]","og_url":"https:\/\/www.bellunopress.it\/fr\/2013\/08\/08\/nuovo-look-e-nuove-motorizzazioni-per-lopel-insignia-e-il-fuoristrada-country-tourer-alla-concessionaria-rova-di-belluno\/","og_site_name":"Bellunopress - Dolomiti","article_publisher":"https:\/\/www.facebook.com\/profile.php?id=100008943462799","article_published_time":"2013-08-08T22:15:22+00:00","og_image":[{"url":"http:\/\/www.bellunopress.it\/wp-content\/uploads\/2013\/08\/opel-insignia.png","type":"","width":"","height":""}],"author":"redazione","twitter_card":"summary_large_image","twitter_creator":"@bellunopress","twitter_site":"@bellunopress","twitter_misc":{"\u00c9crit par":"redazione","Dur\u00e9e de lecture estim\u00e9e":"3 minutes"},"schema":{"@context":"https:\/\/schema.org","@graph":[{"@type":"Article","@id":"https:\/\/www.bellunopress.it\/2013\/08\/08\/nuovo-look-e-nuove-motorizzazioni-per-lopel-insignia-e-il-fuoristrada-country-tourer-alla-concessionaria-rova-di-belluno\/#article","isPartOf":{"@id":"https:\/\/www.bellunopress.it\/2013\/08\/08\/nuovo-look-e-nuove-motorizzazioni-per-lopel-insignia-e-il-fuoristrada-country-tourer-alla-concessionaria-rova-di-belluno\/"},"author":{"name":"redazione","@id":"https:\/\/www.bellunopress.it\/#\/schema\/person\/79bb06722b37ece1c03d3e94beb30d73"},"headline":"Nuovo look e nuove motorizzazioni per l&#8217;Opel Insignia e il fuoristrada Country Tourer alla Concessionaria Rova di Belluno","datePublished":"2013-08-08T22:15:22+00:00","mainEntityOfPage":{"@id":"https:\/\/www.bellunopress.it\/2013\/08\/08\/nuovo-look-e-nuove-motorizzazioni-per-lopel-insignia-e-il-fuoristrada-country-tourer-alla-concessionaria-rova-di-belluno\/"},"wordCount":542,"publisher":{"@id":"https:\/\/www.bellunopress.it\/#organization"},"image":{"@id":"https:\/\/www.bellunopress.it\/2013\/08\/08\/nuovo-look-e-nuove-motorizzazioni-per-lopel-insignia-e-il-fuoristrada-country-tourer-alla-concessionaria-rova-di-belluno\/#primaryimage"},"thumbnailUrl":"http:\/\/www.bellunopress.it\/wp-content\/uploads\/2013\/08\/opel-insignia.png","articleSection":["Pausa Caff\u00e8","Pubbliredazionali"],"inLanguage":"fr-FR"},{"@type":"WebPage","@id":"https:\/\/www.bellunopress.it\/2013\/08\/08\/nuovo-look-e-nuove-motorizzazioni-per-lopel-insignia-e-il-fuoristrada-country-tourer-alla-concessionaria-rova-di-belluno\/","url":"https:\/\/www.bellunopress.it\/2013\/08\/08\/nuovo-look-e-nuove-motorizzazioni-per-lopel-insignia-e-il-fuoristrada-country-tourer-alla-concessionaria-rova-di-belluno\/","name":"Nuovo look e nuove motorizzazioni per l'Opel Insignia e il fuoristrada Country Tourer alla Concessionaria Rova di Belluno - Bellunopress - Dolomiti","isPartOf":{"@id":"https:\/\/www.bellunopress.it\/#website"},"primaryImageOfPage":{"@id":"https:\/\/www.bellunopress.it\/2013\/08\/08\/nuovo-look-e-nuove-motorizzazioni-per-lopel-insignia-e-il-fuoristrada-country-tourer-alla-concessionaria-rova-di-belluno\/#primaryimage"},"image":{"@id":"https:\/\/www.bellunopress.it\/2013\/08\/08\/nuovo-look-e-nuove-motorizzazioni-per-lopel-insignia-e-il-fuoristrada-country-tourer-alla-concessionaria-rova-di-belluno\/#primaryimage"},"thumbnailUrl":"http:\/\/www.bellunopress.it\/wp-content\/uploads\/2013\/08\/opel-insignia.png","datePublished":"2013-08-08T22:15:22+00:00","breadcrumb":{"@id":"https:\/\/www.bellunopress.it\/2013\/08\/08\/nuovo-look-e-nuove-motorizzazioni-per-lopel-insignia-e-il-fuoristrada-country-tourer-alla-concessionaria-rova-di-belluno\/#breadcrumb"},"inLanguage":"fr-FR","potentialAction":[{"@type":"ReadAction","target":["https:\/\/www.bellunopress.it\/2013\/08\/08\/nuovo-look-e-nuove-motorizzazioni-per-lopel-insignia-e-il-fuoristrada-country-tourer-alla-concessionaria-rova-di-belluno\/"]}]},{"@type":"ImageObject","inLanguage":"fr-FR","@id":"https:\/\/www.bellunopress.it\/2013\/08\/08\/nuovo-look-e-nuove-motorizzazioni-per-lopel-insignia-e-il-fuoristrada-country-tourer-alla-concessionaria-rova-di-belluno\/#primaryimage","url":"http:\/\/www.bellunopress.it\/wp-content\/uploads\/2013\/08\/opel-insignia.png","contentUrl":"http:\/\/www.bellunopress.it\/wp-content\/uploads\/2013\/08\/opel-insignia.png"},{"@type":"BreadcrumbList","@id":"https:\/\/www.bellunopress.it\/2013\/08\/08\/nuovo-look-e-nuove-motorizzazioni-per-lopel-insignia-e-il-fuoristrada-country-tourer-alla-concessionaria-rova-di-belluno\/#breadcrumb","itemListElement":[{"@type":"ListItem","position":1,"name":"Home","item":"https:\/\/www.bellunopress.it\/"},{"@type":"ListItem","position":2,"name":"Nuovo look e nuove motorizzazioni per l&#8217;Opel Insignia e il fuoristrada Country Tourer alla Concessionaria Rova di Belluno"}]},{"@type":"WebSite","@id":"https:\/\/www.bellunopress.it\/#website","url":"https:\/\/www.bellunopress.it\/","name":"Bellunopress - Dolomiti","description":"e-mail: redazione@bellunopress.it","publisher":{"@id":"https:\/\/www.bellunopress.it\/#organization"},"potentialAction":[{"@type":"SearchAction","target":{"@type":"EntryPoint","urlTemplate":"https:\/\/www.bellunopress.it\/?s={search_term_string}"},"query-input":{"@type":"PropertyValueSpecification","valueRequired":true,"valueName":"search_term_string"}}],"inLanguage":"fr-FR"},{"@type":"Organization","@id":"https:\/\/www.bellunopress.it\/#organization","name":"Bellunopress","url":"https:\/\/www.bellunopress.it\/","logo":{"@type":"ImageObject","inLanguage":"fr-FR","@id":"https:\/\/www.bellunopress.it\/#\/schema\/logo\/image\/","url":"https:\/\/www.bellunopress.it\/wp-content\/uploads\/2011\/05\/cropped-logo-bellunopress-.jpg","contentUrl":"https:\/\/www.bellunopress.it\/wp-content\/uploads\/2011\/05\/cropped-logo-bellunopress-.jpg","width":512,"height":512,"caption":"Bellunopress"},"image":{"@id":"https:\/\/www.bellunopress.it\/#\/schema\/logo\/image\/"},"sameAs":["https:\/\/www.facebook.com\/profile.php?id=100008943462799","https:\/\/x.com\/bellunopress","https:\/\/www.linkedin.com\/hp\/?dnr=JBzUWaJfMUw8vbXJJ2tVW5-I3jZKvC4wsoxE&amp;amp;amp;amp;amp;amp;trk=nav_responsive_tab_home","https:\/\/www.youtube.com\/channel\/UCxL0wu1uN0_3_7hGG0306cw"]},{"@type":"Person","@id":"https:\/\/www.bellunopress.it\/#\/schema\/person\/79bb06722b37ece1c03d3e94beb30d73","name":"r\u00e9daction","image":{"@type":"ImageObject","inLanguage":"fr-FR","@id":"https:\/\/secure.gravatar.com\/avatar\/37d968a2e67a6fd04c169c4bdef102d0bc5d31b2546345219e348575eb80e9a0?s=96&d=mm&r=g","url":"https:\/\/secure.gravatar.com\/avatar\/37d968a2e67a6fd04c169c4bdef102d0bc5d31b2546345219e348575eb80e9a0?s=96&d=mm&r=g","contentUrl":"https:\/\/secure.gravatar.com\/avatar\/37d968a2e67a6fd04c169c4bdef102d0bc5d31b2546345219e348575eb80e9a0?s=96&d=mm&r=g","caption":"redazione"},"sameAs":["http:\/\/www.bellunopress.it","https:\/\/x.com\/bellunopress"],"url":"https:\/\/www.bellunopress.it\/fr\/author\/redazione\/"}]}},"_links":{"self":[{"href":"https:\/\/www.bellunopress.it\/fr\/wp-json\/wp\/v2\/posts\/51617","targetHints":{"allow":["GET"]}}],"collection":[{"href":"https:\/\/www.bellunopress.it\/fr\/wp-json\/wp\/v2\/posts"}],"about":[{"href":"https:\/\/www.bellunopress.it\/fr\/wp-json\/wp\/v2\/types\/post"}],"author":[{"embeddable":true,"href":"https:\/\/www.bellunopress.it\/fr\/wp-json\/wp\/v2\/users\/2"}],"replies":[{"embeddable":true,"href":"https:\/\/www.bellunopress.it\/fr\/wp-json\/wp\/v2\/comments?post=51617"}],"version-history":[{"count":1,"href":"https:\/\/www.bellunopress.it\/fr\/wp-json\/wp\/v2\/posts\/51617\/revisions"}],"predecessor-version":[{"id":51620,"href":"https:\/\/www.bellunopress.it\/fr\/wp-json\/wp\/v2\/posts\/51617\/revisions\/51620"}],"wp:attachment":[{"href":"https:\/\/www.bellunopress.it\/fr\/wp-json\/wp\/v2\/media?parent=51617"}],"wp:term":[{"taxonomy":"category","embeddable":true,"href":"https:\/\/www.bellunopress.it\/fr\/wp-json\/wp\/v2\/categories?post=51617"},{"taxonomy":"post_tag","embeddable":true,"href":"https:\/\/www.bellunopress.it\/fr\/wp-json\/wp\/v2\/tags?post=51617"}],"curies":[{"name":"wp","href":"https:\/\/api.w.org\/{rel}","templated":true}]}}