{"id":5150,"date":"2009-06-20T13:11:39","date_gmt":"2009-06-20T12:11:39","guid":{"rendered":"http:\/\/www.bellunopress.it\/?p=5150"},"modified":"2009-06-20T13:13:03","modified_gmt":"2009-06-20T12:13:03","slug":"tenta-il-suicidio-dal-parapetto-di-un-ponte-fermato-da-una-coppia","status":"publish","type":"post","link":"https:\/\/www.bellunopress.it\/fr\/2009\/06\/20\/tenta-il-suicidio-dal-parapetto-di-un-ponte-fermato-da-una-coppia\/","title":{"rendered":"Tenta il suicidio dal parapetto di un ponte, fermato da una coppia"},"content":{"rendered":"<p>E\u2019stato trattenuto fino all\u2019arrivo della polizia e di un\u2019ambulanza, ieri sera nei pressi di Rione Santa Caterina a Ponte nelle Alpi, un uomo di 49 anni che stava per gettarsi di sotto dal ponte sul Piave. A farlo desistere dal suo estremo gesto \u00e8 stato un giovane che si trovava nei paraggi, a passeggio con la fidanzata, e che ha trovato anche il modo di avvertire il 113. Grazie all\u2019intervento dei due angeli custodi l\u2019uomo \u00e8 stato cos\u00ec fermato un momento prima di gettarsi nel vuoto quando era gi\u00e0 salito in piedi sul parapetto del ponte. La Polizia \u00e8 giunta sul posto insieme ai sanitari che si sono accertati delle condizioni di salute dell\u2019uomo e gli hanno prestato le prime cure. <a href=\"http:\/\/www.bellunopress.it\/wp-content\/uploads\/2009\/06\/ponte-nelle-alpi-leggera1.jpg\"><img loading=\"lazy\" decoding=\"async\" class=\"aligncenter size-medium wp-image-5153\" title=\"ponte-nelle-alpi-leggera1\" src=\"http:\/\/www.bellunopress.it\/wp-content\/uploads\/2009\/06\/ponte-nelle-alpi-leggera1.jpg\" alt=\"\" width=\"233\" height=\"270\" \/><\/a><\/p>","protected":false},"excerpt":{"rendered":"<p>E\u2019stato trattenuto fino all\u2019arrivo della polizia e di un\u2019ambulanza, ieri sera nei pressi di Rione Santa Caterina a Ponte nelle Alpi, un uomo di 49 anni che stava per gettarsi di sotto dal ponte sul Piave. A farlo desistere dal suo estremo gesto \u00e8 stato un giovane che si trovava nei paraggi, a passeggio con [&hellip;]<\/p>\n","protected":false},"author":2,"featured_media":0,"comment_status":"closed","ping_status":"open","sticky":false,"template":"","format":"standard","meta":{"footnotes":""},"categories":[5,26],"tags":[139],"class_list":["post-5150","post","type-post","status-publish","format-standard","category-cronaca","category-prima-pagina","tag-belluno"],"yoast_head":"<!-- This site is optimized with the Yoast SEO plugin v28.4 - https:\/\/yoast.com\/product\/yoast-seo-wordpress\/ -->\n<title>Tenta il suicidio dal parapetto di un ponte, fermato da una coppia - Bellunopress - Dolomiti<\/title>\n<meta name=\"robots\" content=\"index, follow, max-snippet:-1, max-image-preview:large, max-video-preview:-1\" \/>\n<link rel=\"canonical\" href=\"https:\/\/www.bellunopress.it\/fr\/2009\/06\/20\/tenta-il-suicidio-dal-parapetto-di-un-ponte-fermato-da-una-coppia\/\" \/>\n<meta property=\"og:locale\" content=\"fr_FR\" \/>\n<meta property=\"og:type\" content=\"article\" \/>\n<meta property=\"og:title\" content=\"Tenta il suicidio dal parapetto di un ponte, fermato da una coppia - Bellunopress - Dolomiti\" \/>\n<meta property=\"og:description\" content=\"E\u2019stato trattenuto fino all\u2019arrivo della polizia e di un\u2019ambulanza, ieri sera nei pressi di Rione Santa Caterina a Ponte nelle Alpi, un uomo di 49 anni che stava per gettarsi di sotto dal ponte sul Piave. A farlo desistere dal suo estremo gesto \u00e8 stato un giovane che si trovava nei paraggi, a passeggio con [&hellip;]\" \/>\n<meta property=\"og:url\" content=\"https:\/\/www.bellunopress.it\/fr\/2009\/06\/20\/tenta-il-suicidio-dal-parapetto-di-un-ponte-fermato-da-una-coppia\/\" \/>\n<meta property=\"og:site_name\" content=\"Bellunopress - Dolomiti\" \/>\n<meta property=\"article:publisher\" content=\"https:\/\/www.facebook.com\/profile.php?id=100008943462799\" \/>\n<meta property=\"article:published_time\" content=\"2009-06-20T12:11:39+00:00\" \/>\n<meta property=\"article:modified_time\" content=\"2009-06-20T12:13:03+00:00\" \/>\n<meta property=\"og:image\" content=\"http:\/\/www.bellunopress.it\/wp-content\/uploads\/2009\/06\/ponte-nelle-alpi-leggera1.jpg\" \/>\n<meta name=\"author\" content=\"redazione\" \/>\n<meta name=\"twitter:card\" content=\"summary_large_image\" \/>\n<meta name=\"twitter:creator\" content=\"@bellunopress\" \/>\n<meta name=\"twitter:site\" content=\"@bellunopress\" \/>\n<meta name=\"twitter:label1\" content=\"\u00c9crit par\" \/>\n\t<meta name=\"twitter:data1\" content=\"redazione\" \/>\n\t<meta name=\"twitter:label2\" content=\"Dur\u00e9e de lecture estim\u00e9e\" \/>\n\t<meta name=\"twitter:data2\" content=\"1 minute\" \/>\n<script type=\"application\/ld+json\" class=\"yoast-schema-graph\">{\"@context\":\"https:\\\/\\\/schema.org\",\"@graph\":[{\"@type\":\"Article\",\"@id\":\"https:\\\/\\\/www.bellunopress.it\\\/2009\\\/06\\\/20\\\/tenta-il-suicidio-dal-parapetto-di-un-ponte-fermato-da-una-coppia\\\/#article\",\"isPartOf\":{\"@id\":\"https:\\\/\\\/www.bellunopress.it\\\/2009\\\/06\\\/20\\\/tenta-il-suicidio-dal-parapetto-di-un-ponte-fermato-da-una-coppia\\\/\"},\"author\":{\"name\":\"redazione\",\"@id\":\"https:\\\/\\\/www.bellunopress.it\\\/#\\\/schema\\\/person\\\/79bb06722b37ece1c03d3e94beb30d73\"},\"headline\":\"Tenta il suicidio dal parapetto di un ponte, fermato da una coppia\",\"datePublished\":\"2009-06-20T12:11:39+00:00\",\"dateModified\":\"2009-06-20T12:13:03+00:00\",\"mainEntityOfPage\":{\"@id\":\"https:\\\/\\\/www.bellunopress.it\\\/2009\\\/06\\\/20\\\/tenta-il-suicidio-dal-parapetto-di-un-ponte-fermato-da-una-coppia\\\/\"},\"wordCount\":134,\"publisher\":{\"@id\":\"https:\\\/\\\/www.bellunopress.it\\\/#organization\"},\"image\":{\"@id\":\"https:\\\/\\\/www.bellunopress.it\\\/2009\\\/06\\\/20\\\/tenta-il-suicidio-dal-parapetto-di-un-ponte-fermato-da-una-coppia\\\/#primaryimage\"},\"thumbnailUrl\":\"http:\\\/\\\/www.bellunopress.it\\\/wp-content\\\/uploads\\\/2009\\\/06\\\/ponte-nelle-alpi-leggera1.jpg\",\"keywords\":[\"Belluno\"],\"articleSection\":[\"Cronaca\\\/Politica\",\"Prima Pagina\"],\"inLanguage\":\"fr-FR\"},{\"@type\":\"WebPage\",\"@id\":\"https:\\\/\\\/www.bellunopress.it\\\/2009\\\/06\\\/20\\\/tenta-il-suicidio-dal-parapetto-di-un-ponte-fermato-da-una-coppia\\\/\",\"url\":\"https:\\\/\\\/www.bellunopress.it\\\/2009\\\/06\\\/20\\\/tenta-il-suicidio-dal-parapetto-di-un-ponte-fermato-da-una-coppia\\\/\",\"name\":\"Tenta il suicidio dal parapetto di un ponte, fermato da una coppia - Bellunopress - Dolomiti\",\"isPartOf\":{\"@id\":\"https:\\\/\\\/www.bellunopress.it\\\/#website\"},\"primaryImageOfPage\":{\"@id\":\"https:\\\/\\\/www.bellunopress.it\\\/2009\\\/06\\\/20\\\/tenta-il-suicidio-dal-parapetto-di-un-ponte-fermato-da-una-coppia\\\/#primaryimage\"},\"image\":{\"@id\":\"https:\\\/\\\/www.bellunopress.it\\\/2009\\\/06\\\/20\\\/tenta-il-suicidio-dal-parapetto-di-un-ponte-fermato-da-una-coppia\\\/#primaryimage\"},\"thumbnailUrl\":\"http:\\\/\\\/www.bellunopress.it\\\/wp-content\\\/uploads\\\/2009\\\/06\\\/ponte-nelle-alpi-leggera1.jpg\",\"datePublished\":\"2009-06-20T12:11:39+00:00\",\"dateModified\":\"2009-06-20T12:13:03+00:00\",\"breadcrumb\":{\"@id\":\"https:\\\/\\\/www.bellunopress.it\\\/2009\\\/06\\\/20\\\/tenta-il-suicidio-dal-parapetto-di-un-ponte-fermato-da-una-coppia\\\/#breadcrumb\"},\"inLanguage\":\"fr-FR\",\"potentialAction\":[{\"@type\":\"ReadAction\",\"target\":[\"https:\\\/\\\/www.bellunopress.it\\\/2009\\\/06\\\/20\\\/tenta-il-suicidio-dal-parapetto-di-un-ponte-fermato-da-una-coppia\\\/\"]}]},{\"@type\":\"ImageObject\",\"inLanguage\":\"fr-FR\",\"@id\":\"https:\\\/\\\/www.bellunopress.it\\\/2009\\\/06\\\/20\\\/tenta-il-suicidio-dal-parapetto-di-un-ponte-fermato-da-una-coppia\\\/#primaryimage\",\"url\":\"http:\\\/\\\/www.bellunopress.it\\\/wp-content\\\/uploads\\\/2009\\\/06\\\/ponte-nelle-alpi-leggera1.jpg\",\"contentUrl\":\"http:\\\/\\\/www.bellunopress.it\\\/wp-content\\\/uploads\\\/2009\\\/06\\\/ponte-nelle-alpi-leggera1.jpg\"},{\"@type\":\"BreadcrumbList\",\"@id\":\"https:\\\/\\\/www.bellunopress.it\\\/2009\\\/06\\\/20\\\/tenta-il-suicidio-dal-parapetto-di-un-ponte-fermato-da-una-coppia\\\/#breadcrumb\",\"itemListElement\":[{\"@type\":\"ListItem\",\"position\":1,\"name\":\"Home\",\"item\":\"https:\\\/\\\/www.bellunopress.it\\\/\"},{\"@type\":\"ListItem\",\"position\":2,\"name\":\"Tenta il suicidio dal parapetto di un ponte, fermato da una coppia\"}]},{\"@type\":\"WebSite\",\"@id\":\"https:\\\/\\\/www.bellunopress.it\\\/#website\",\"url\":\"https:\\\/\\\/www.bellunopress.it\\\/\",\"name\":\"Bellunopress - Dolomiti\",\"description\":\"e-mail: redazione@bellunopress.it\",\"publisher\":{\"@id\":\"https:\\\/\\\/www.bellunopress.it\\\/#organization\"},\"potentialAction\":[{\"@type\":\"SearchAction\",\"target\":{\"@type\":\"EntryPoint\",\"urlTemplate\":\"https:\\\/\\\/www.bellunopress.it\\\/?s={search_term_string}\"},\"query-input\":{\"@type\":\"PropertyValueSpecification\",\"valueRequired\":true,\"valueName\":\"search_term_string\"}}],\"inLanguage\":\"fr-FR\"},{\"@type\":\"Organization\",\"@id\":\"https:\\\/\\\/www.bellunopress.it\\\/#organization\",\"name\":\"Bellunopress\",\"url\":\"https:\\\/\\\/www.bellunopress.it\\\/\",\"logo\":{\"@type\":\"ImageObject\",\"inLanguage\":\"fr-FR\",\"@id\":\"https:\\\/\\\/www.bellunopress.it\\\/#\\\/schema\\\/logo\\\/image\\\/\",\"url\":\"https:\\\/\\\/www.bellunopress.it\\\/wp-content\\\/uploads\\\/2011\\\/05\\\/cropped-logo-bellunopress-.jpg\",\"contentUrl\":\"https:\\\/\\\/www.bellunopress.it\\\/wp-content\\\/uploads\\\/2011\\\/05\\\/cropped-logo-bellunopress-.jpg\",\"width\":512,\"height\":512,\"caption\":\"Bellunopress\"},\"image\":{\"@id\":\"https:\\\/\\\/www.bellunopress.it\\\/#\\\/schema\\\/logo\\\/image\\\/\"},\"sameAs\":[\"https:\\\/\\\/www.facebook.com\\\/profile.php?id=100008943462799\",\"https:\\\/\\\/x.com\\\/bellunopress\",\"https:\\\/\\\/www.linkedin.com\\\/hp\\\/?dnr=JBzUWaJfMUw8vbXJJ2tVW5-I3jZKvC4wsoxE&amp;amp;amp;amp;amp;amp;trk=nav_responsive_tab_home\",\"https:\\\/\\\/www.youtube.com\\\/channel\\\/UCxL0wu1uN0_3_7hGG0306cw\"]},{\"@type\":\"Person\",\"@id\":\"https:\\\/\\\/www.bellunopress.it\\\/#\\\/schema\\\/person\\\/79bb06722b37ece1c03d3e94beb30d73\",\"name\":\"redazione\",\"image\":{\"@type\":\"ImageObject\",\"inLanguage\":\"fr-FR\",\"@id\":\"https:\\\/\\\/secure.gravatar.com\\\/avatar\\\/37d968a2e67a6fd04c169c4bdef102d0bc5d31b2546345219e348575eb80e9a0?s=96&d=mm&r=g\",\"url\":\"https:\\\/\\\/secure.gravatar.com\\\/avatar\\\/37d968a2e67a6fd04c169c4bdef102d0bc5d31b2546345219e348575eb80e9a0?s=96&d=mm&r=g\",\"contentUrl\":\"https:\\\/\\\/secure.gravatar.com\\\/avatar\\\/37d968a2e67a6fd04c169c4bdef102d0bc5d31b2546345219e348575eb80e9a0?s=96&d=mm&r=g\",\"caption\":\"redazione\"},\"sameAs\":[\"http:\\\/\\\/www.bellunopress.it\",\"https:\\\/\\\/x.com\\\/bellunopress\"],\"url\":\"https:\\\/\\\/www.bellunopress.it\\\/fr\\\/author\\\/redazione\\\/\"}]}<\/script>\n<!-- \/ Yoast SEO plugin. -->","yoast_head_json":{"title":"Tenta il suicidio dal parapetto di un ponte, fermato da una coppia - Bellunopress - Dolomiti","robots":{"index":"index","follow":"follow","max-snippet":"max-snippet:-1","max-image-preview":"max-image-preview:large","max-video-preview":"max-video-preview:-1"},"canonical":"https:\/\/www.bellunopress.it\/fr\/2009\/06\/20\/tenta-il-suicidio-dal-parapetto-di-un-ponte-fermato-da-una-coppia\/","og_locale":"fr_FR","og_type":"article","og_title":"Tenta il suicidio dal parapetto di un ponte, fermato da una coppia - Bellunopress - Dolomiti","og_description":"E\u2019stato trattenuto fino all\u2019arrivo della polizia e di un\u2019ambulanza, ieri sera nei pressi di Rione Santa Caterina a Ponte nelle Alpi, un uomo di 49 anni che stava per gettarsi di sotto dal ponte sul Piave. A farlo desistere dal suo estremo gesto \u00e8 stato un giovane che si trovava nei paraggi, a passeggio con [&hellip;]","og_url":"https:\/\/www.bellunopress.it\/fr\/2009\/06\/20\/tenta-il-suicidio-dal-parapetto-di-un-ponte-fermato-da-una-coppia\/","og_site_name":"Bellunopress - Dolomiti","article_publisher":"https:\/\/www.facebook.com\/profile.php?id=100008943462799","article_published_time":"2009-06-20T12:11:39+00:00","article_modified_time":"2009-06-20T12:13:03+00:00","og_image":[{"url":"http:\/\/www.bellunopress.it\/wp-content\/uploads\/2009\/06\/ponte-nelle-alpi-leggera1.jpg","type":"","width":"","height":""}],"author":"redazione","twitter_card":"summary_large_image","twitter_creator":"@bellunopress","twitter_site":"@bellunopress","twitter_misc":{"\u00c9crit par":"redazione","Dur\u00e9e de lecture estim\u00e9e":"1 minute"},"schema":{"@context":"https:\/\/schema.org","@graph":[{"@type":"Article","@id":"https:\/\/www.bellunopress.it\/2009\/06\/20\/tenta-il-suicidio-dal-parapetto-di-un-ponte-fermato-da-una-coppia\/#article","isPartOf":{"@id":"https:\/\/www.bellunopress.it\/2009\/06\/20\/tenta-il-suicidio-dal-parapetto-di-un-ponte-fermato-da-una-coppia\/"},"author":{"name":"redazione","@id":"https:\/\/www.bellunopress.it\/#\/schema\/person\/79bb06722b37ece1c03d3e94beb30d73"},"headline":"Tenta il suicidio dal parapetto di un ponte, fermato da una coppia","datePublished":"2009-06-20T12:11:39+00:00","dateModified":"2009-06-20T12:13:03+00:00","mainEntityOfPage":{"@id":"https:\/\/www.bellunopress.it\/2009\/06\/20\/tenta-il-suicidio-dal-parapetto-di-un-ponte-fermato-da-una-coppia\/"},"wordCount":134,"publisher":{"@id":"https:\/\/www.bellunopress.it\/#organization"},"image":{"@id":"https:\/\/www.bellunopress.it\/2009\/06\/20\/tenta-il-suicidio-dal-parapetto-di-un-ponte-fermato-da-una-coppia\/#primaryimage"},"thumbnailUrl":"http:\/\/www.bellunopress.it\/wp-content\/uploads\/2009\/06\/ponte-nelle-alpi-leggera1.jpg","keywords":["Belluno"],"articleSection":["Cronaca\/Politica","Prima Pagina"],"inLanguage":"fr-FR"},{"@type":"WebPage","@id":"https:\/\/www.bellunopress.it\/2009\/06\/20\/tenta-il-suicidio-dal-parapetto-di-un-ponte-fermato-da-una-coppia\/","url":"https:\/\/www.bellunopress.it\/2009\/06\/20\/tenta-il-suicidio-dal-parapetto-di-un-ponte-fermato-da-una-coppia\/","name":"Tenta il suicidio dal parapetto di un ponte, fermato da una coppia - Bellunopress - Dolomiti","isPartOf":{"@id":"https:\/\/www.bellunopress.it\/#website"},"primaryImageOfPage":{"@id":"https:\/\/www.bellunopress.it\/2009\/06\/20\/tenta-il-suicidio-dal-parapetto-di-un-ponte-fermato-da-una-coppia\/#primaryimage"},"image":{"@id":"https:\/\/www.bellunopress.it\/2009\/06\/20\/tenta-il-suicidio-dal-parapetto-di-un-ponte-fermato-da-una-coppia\/#primaryimage"},"thumbnailUrl":"http:\/\/www.bellunopress.it\/wp-content\/uploads\/2009\/06\/ponte-nelle-alpi-leggera1.jpg","datePublished":"2009-06-20T12:11:39+00:00","dateModified":"2009-06-20T12:13:03+00:00","breadcrumb":{"@id":"https:\/\/www.bellunopress.it\/2009\/06\/20\/tenta-il-suicidio-dal-parapetto-di-un-ponte-fermato-da-una-coppia\/#breadcrumb"},"inLanguage":"fr-FR","potentialAction":[{"@type":"ReadAction","target":["https:\/\/www.bellunopress.it\/2009\/06\/20\/tenta-il-suicidio-dal-parapetto-di-un-ponte-fermato-da-una-coppia\/"]}]},{"@type":"ImageObject","inLanguage":"fr-FR","@id":"https:\/\/www.bellunopress.it\/2009\/06\/20\/tenta-il-suicidio-dal-parapetto-di-un-ponte-fermato-da-una-coppia\/#primaryimage","url":"http:\/\/www.bellunopress.it\/wp-content\/uploads\/2009\/06\/ponte-nelle-alpi-leggera1.jpg","contentUrl":"http:\/\/www.bellunopress.it\/wp-content\/uploads\/2009\/06\/ponte-nelle-alpi-leggera1.jpg"},{"@type":"BreadcrumbList","@id":"https:\/\/www.bellunopress.it\/2009\/06\/20\/tenta-il-suicidio-dal-parapetto-di-un-ponte-fermato-da-una-coppia\/#breadcrumb","itemListElement":[{"@type":"ListItem","position":1,"name":"Home","item":"https:\/\/www.bellunopress.it\/"},{"@type":"ListItem","position":2,"name":"Tenta il suicidio dal parapetto di un ponte, fermato da una coppia"}]},{"@type":"WebSite","@id":"https:\/\/www.bellunopress.it\/#website","url":"https:\/\/www.bellunopress.it\/","name":"Bellunopress - Dolomiti","description":"e-mail: redazione@bellunopress.it","publisher":{"@id":"https:\/\/www.bellunopress.it\/#organization"},"potentialAction":[{"@type":"SearchAction","target":{"@type":"EntryPoint","urlTemplate":"https:\/\/www.bellunopress.it\/?s={search_term_string}"},"query-input":{"@type":"PropertyValueSpecification","valueRequired":true,"valueName":"search_term_string"}}],"inLanguage":"fr-FR"},{"@type":"Organization","@id":"https:\/\/www.bellunopress.it\/#organization","name":"Bellunopress","url":"https:\/\/www.bellunopress.it\/","logo":{"@type":"ImageObject","inLanguage":"fr-FR","@id":"https:\/\/www.bellunopress.it\/#\/schema\/logo\/image\/","url":"https:\/\/www.bellunopress.it\/wp-content\/uploads\/2011\/05\/cropped-logo-bellunopress-.jpg","contentUrl":"https:\/\/www.bellunopress.it\/wp-content\/uploads\/2011\/05\/cropped-logo-bellunopress-.jpg","width":512,"height":512,"caption":"Bellunopress"},"image":{"@id":"https:\/\/www.bellunopress.it\/#\/schema\/logo\/image\/"},"sameAs":["https:\/\/www.facebook.com\/profile.php?id=100008943462799","https:\/\/x.com\/bellunopress","https:\/\/www.linkedin.com\/hp\/?dnr=JBzUWaJfMUw8vbXJJ2tVW5-I3jZKvC4wsoxE&amp;amp;amp;amp;amp;amp;trk=nav_responsive_tab_home","https:\/\/www.youtube.com\/channel\/UCxL0wu1uN0_3_7hGG0306cw"]},{"@type":"Person","@id":"https:\/\/www.bellunopress.it\/#\/schema\/person\/79bb06722b37ece1c03d3e94beb30d73","name":"r\u00e9daction","image":{"@type":"ImageObject","inLanguage":"fr-FR","@id":"https:\/\/secure.gravatar.com\/avatar\/37d968a2e67a6fd04c169c4bdef102d0bc5d31b2546345219e348575eb80e9a0?s=96&d=mm&r=g","url":"https:\/\/secure.gravatar.com\/avatar\/37d968a2e67a6fd04c169c4bdef102d0bc5d31b2546345219e348575eb80e9a0?s=96&d=mm&r=g","contentUrl":"https:\/\/secure.gravatar.com\/avatar\/37d968a2e67a6fd04c169c4bdef102d0bc5d31b2546345219e348575eb80e9a0?s=96&d=mm&r=g","caption":"redazione"},"sameAs":["http:\/\/www.bellunopress.it","https:\/\/x.com\/bellunopress"],"url":"https:\/\/www.bellunopress.it\/fr\/author\/redazione\/"}]}},"_links":{"self":[{"href":"https:\/\/www.bellunopress.it\/fr\/wp-json\/wp\/v2\/posts\/5150","targetHints":{"allow":["GET"]}}],"collection":[{"href":"https:\/\/www.bellunopress.it\/fr\/wp-json\/wp\/v2\/posts"}],"about":[{"href":"https:\/\/www.bellunopress.it\/fr\/wp-json\/wp\/v2\/types\/post"}],"author":[{"embeddable":true,"href":"https:\/\/www.bellunopress.it\/fr\/wp-json\/wp\/v2\/users\/2"}],"replies":[{"embeddable":true,"href":"https:\/\/www.bellunopress.it\/fr\/wp-json\/wp\/v2\/comments?post=5150"}],"version-history":[{"count":2,"href":"https:\/\/www.bellunopress.it\/fr\/wp-json\/wp\/v2\/posts\/5150\/revisions"}],"predecessor-version":[{"id":5155,"href":"https:\/\/www.bellunopress.it\/fr\/wp-json\/wp\/v2\/posts\/5150\/revisions\/5155"}],"wp:attachment":[{"href":"https:\/\/www.bellunopress.it\/fr\/wp-json\/wp\/v2\/media?parent=5150"}],"wp:term":[{"taxonomy":"category","embeddable":true,"href":"https:\/\/www.bellunopress.it\/fr\/wp-json\/wp\/v2\/categories?post=5150"},{"taxonomy":"post_tag","embeddable":true,"href":"https:\/\/www.bellunopress.it\/fr\/wp-json\/wp\/v2\/tags?post=5150"}],"curies":[{"name":"wp","href":"https:\/\/api.w.org\/{rel}","templated":true}]}}